{"id":30628,"date":"2023-07-19T16:42:55","date_gmt":"2023-07-19T14:42:55","guid":{"rendered":"https:\/\/progettotouring.it\/radiotouring104\/?p=30628"},"modified":"2023-07-20T11:01:55","modified_gmt":"2023-07-20T09:01:55","slug":"metrocity-stanziati-15-milioni-di-euro-per-la-viabilita","status":"publish","type":"post","link":"https:\/\/progettotouring.it\/radiotouring104\/2023\/07\/19\/metrocity-stanziati-15-milioni-di-euro-per-la-viabilita\/","title":{"rendered":"Metrocity: stanziati 15 milioni di euro per la viabilit\u00e0"},"content":{"rendered":"<p style=\"text-align: justify\">La <strong>Citt\u00e0 Metropolitana di Reggio Calabria<\/strong> rimpingua le risorse da destinare alla manutenzione straordinaria del reticolo viario delle strade di propria competenza. Il Ministero delle Infrastrutture e dei Trasporti ha ritenuto idoneo il programma presentato dal <strong>Settore Viabilit\u00e0 di Palazzo Alvaro<\/strong>, approvando un programma complessivo di trasferimento di nuove risorse per un totale di circa 15,6 milioni di euro per le prossime otto annualit\u00e0.<\/p>\n<p style=\"text-align: justify\">La delibera firmata dal sindaco facente funzioni della<strong> Citt\u00e0 Metropolitana Carmelo Versace,<\/strong> recepisce i nuovi finanziamenti, destinandoli nel piano triennale con una variazione di 4,5 milioni di euro in pi\u00f9 per le annualit\u00e0 2023-2025. Fondi che saranno utilizzati, secondo il cronoprogramma stilato da Palazzo Alvaro, per l&#8217;implementazione delle manutenzioni straordinarie sull&#8217;intera rete viaria, a partire dalle aree con maggiori criticit\u00e0. A queste si aggiungeranno, nelle annualit\u00e0 successive, fino al 2029, altri 11 milioni di euro, fino alla somma complessiva messa a disposizione di 15,6 milioni.<\/p>\n<p style=\"text-align: justify\">Nello specifico i primi interventi, relativi all&#8217;annualit\u00e0 2023, gi\u00e0 pronti a partire prima della fine dell&#8217;anno ed in vista della prossima stagione invernale, riguardano cinque aree del territorio metropolitano, per complessivi 2 milioni di euro. Il dettaglio degli interventi prevede manutenzione straordinaria per<strong> 400 mila euro<\/strong> sulle strade del comprensorio dell&#8217;alto Jonio, 519 mila euro per la zona <strong>Tirrenica 2 sulla SP58, 367 mila euro<\/strong> per un secondo intervento ancora sull&#8217;alto Jonio, 256 mila euro per la zona centro, immediatamente a nord del comprensorio urbano di Reggio Calabria ed infine 387 mila euro per l&#8217;area<strong> Tirrenica 2<\/strong> nel tratto iniziale della <strong>SP4<\/strong>.<\/p>\n<p style=\"text-align: justify\"><em>&#8220;Sono interventi determinanti &#8211; commenta il sindaco facente funzioni della <strong>Citt\u00e0 Metropolitana Carmelo Versace,<\/strong> che detiene la delega alla viabilit\u00e0 &#8211; frutto di un lungo e meticoloso lavoro di programmazione, che affonda le radici nell&#8217;indirizzo gi\u00e0 fornito ad inizio del secondo mandato dal sindaco <strong>Falcomat\u00e0<\/strong>. Grazie alle capacit\u00e0 professionali del settore guidato dal Dirigente Lorenzo Benestare, riusciamo ad ottenere dal <strong>Ministero<\/strong> un finanziamento che fino all&#8217;altro ieri recava una voce di spesa pari a zero. E questo costituir\u00e0 da ora in avanti un apporto davvero decisivo per una pi\u00f9 efficace gestione del comparto delle manutenzioni. Partiamo entro fine anno con i primi cinque interventi, ma gi\u00e0 ne sono in cantiere di nuovi per le annualit\u00e0 2024 e 2025, che si aggiungono a quelli in programma con fondi di altra natura che siamo riusciti ad attrarre. Dal 2026 poi, fino al 2029, ci sar\u00e0 da programmare il prossimo quadriennio, destinando le risorse al completamento delle attivit\u00e0 di manutenzione che nei fatti riguarderanno l&#8217;intero comprensorio. <strong>Credo si sia fatto un buon lavoro in termini di programmazion<\/strong>e. Adesso seguiremo con attenzione, grazie alla preziosa supervisione degli uffici, che i fondi intercettati siano spesi nel modo pi\u00f9 efficace ed adeguato&#8221;.<\/em><\/p>\n<div><\/div>\n","protected":false},"excerpt":{"rendered":"<p>La Citt\u00e0 Metropolitana di Reggio Calabria rimpingua le risorse da destinare alla manutenzione straordinaria del reticolo viario delle strade di propria competenza. Il Ministero delle Infrastrutture e dei Trasporti ha&hellip;<\/p>\n","protected":false},"author":8,"featured_media":5883,"comment_status":"closed","ping_status":"open","sticky":false,"template":"","format":"standard","meta":{"_jetpack_memberships_contains_paid_content":false,"footnotes":"","jetpack_publicize_message":"","jetpack_publicize_feature_enabled":true,"jetpack_social_post_already_shared":false,"jetpack_social_options":{"image_generator_settings":{"template":"highway","default_image_id":0,"font":"","enabled":false},"version":2}},"categories":[921,196,140],"tags":[239,743,739,236,10211,19070,19071],"class_list":["post-30628","post","type-post","status-publish","format-standard","has-post-thumbnail","hentry","category-home","category-news","category-reggio-calabria","tag-carmelo-versace","tag-citta-metropolitana","tag-palazzo-alvaro","tag-reggio-calabria","tag-settore-viabilita","tag-sp4","tag-tirrenica-2"],"yoast_head":"<!-- This site is optimized with the Yoast SEO plugin v27.2 - https:\/\/yoast.com\/product\/yoast-seo-wordpress\/ -->\n<title>Metrocity: stanziati 15 milioni di euro per la viabilit\u00e0<\/title>\n<meta name=\"description\" content=\"Stanziati pi\u00f9 di quindici milioni per i prossimi otto anni per la manutenzione straordinaria delle strade della Citt\u00e0 Metropolitana\" \/>\n<meta name=\"robots\" content=\"index, follow, max-snippet:-1, max-image-preview:large, max-video-preview:-1\" \/>\n<link rel=\"canonical\" href=\"https:\/\/progettotouring.it\/radiotouring104\/2023\/07\/19\/metrocity-stanziati-15-milioni-di-euro-per-la-viabilita\/\" \/>\n<meta property=\"og:locale\" content=\"it_IT\" \/>\n<meta property=\"og:type\" content=\"article\" \/>\n<meta property=\"og:title\" content=\"Metrocity: stanziati 15 milioni di euro per la viabilit\u00e0\" \/>\n<meta property=\"og:description\" content=\"Stanziati pi\u00f9 di quindici milioni per i prossimi otto anni per la manutenzione straordinaria delle strade della Citt\u00e0 Metropolitana\" \/>\n<meta property=\"og:url\" content=\"https:\/\/progettotouring.it\/radiotouring104\/2023\/07\/19\/metrocity-stanziati-15-milioni-di-euro-per-la-viabilita\/\" \/>\n<meta property=\"og:site_name\" content=\"Radio Touring 104\" \/>\n<meta property=\"article:published_time\" content=\"2023-07-19T14:42:55+00:00\" \/>\n<meta property=\"article:modified_time\" content=\"2023-07-20T09:01:55+00:00\" \/>\n<meta property=\"og:image\" content=\"https:\/\/progettotouring.it\/radiotouring104\/wp-content\/uploads\/sites\/6\/2022\/05\/Palazzo-alvaro-metrocity.jpeg\" \/>\n\t<meta property=\"og:image:width\" content=\"1920\" \/>\n\t<meta property=\"og:image:height\" content=\"1080\" \/>\n\t<meta property=\"og:image:type\" content=\"image\/jpeg\" \/>\n<meta name=\"author\" content=\"Filippo Francesco Idone\" \/>\n<meta name=\"twitter:card\" content=\"summary_large_image\" \/>\n<meta name=\"twitter:label1\" content=\"Scritto da\" \/>\n\t<meta name=\"twitter:data1\" content=\"Filippo Francesco Idone\" \/>\n\t<meta name=\"twitter:label2\" content=\"Tempo di lettura stimato\" \/>\n\t<meta name=\"twitter:data2\" content=\"2 minuti\" \/>\n<script type=\"application\/ld+json\" class=\"yoast-schema-graph\">{\"@context\":\"https:\/\/schema.org\",\"@graph\":[{\"@type\":\"Article\",\"@id\":\"https:\/\/progettotouring.it\/radiotouring104\/2023\/07\/19\/metrocity-stanziati-15-milioni-di-euro-per-la-viabilita\/#article\",\"isPartOf\":{\"@id\":\"https:\/\/progettotouring.it\/radiotouring104\/2023\/07\/19\/metrocity-stanziati-15-milioni-di-euro-per-la-viabilita\/\"},\"author\":{\"name\":\"Filippo Francesco Idone\",\"@id\":\"https:\/\/progettotouring.it\/radiotouring104\/#\/schema\/person\/4a82259ca52ac8702ad1a8f9e5a3120b\"},\"headline\":\"Metrocity: stanziati 15 milioni di euro per la viabilit\u00e0\",\"datePublished\":\"2023-07-19T14:42:55+00:00\",\"dateModified\":\"2023-07-20T09:01:55+00:00\",\"mainEntityOfPage\":{\"@id\":\"https:\/\/progettotouring.it\/radiotouring104\/2023\/07\/19\/metrocity-stanziati-15-milioni-di-euro-per-la-viabilita\/\"},\"wordCount\":437,\"publisher\":{\"@id\":\"https:\/\/progettotouring.it\/radiotouring104\/#organization\"},\"image\":{\"@id\":\"https:\/\/progettotouring.it\/radiotouring104\/2023\/07\/19\/metrocity-stanziati-15-milioni-di-euro-per-la-viabilita\/#primaryimage\"},\"thumbnailUrl\":\"https:\/\/progettotouring.it\/radiotouring104\/wp-content\/uploads\/sites\/6\/2022\/05\/Palazzo-alvaro-metrocity.jpeg\",\"keywords\":[\"carmelo versace\",\"Citt\u00e0 metropolitana\",\"Palazzo Alvaro\",\"reggio calabria\",\"settore viabilit\u00e0\",\"SP4\",\"Tirrenica 2\"],\"articleSection\":[\"Home\",\"News\",\"Reggio Calabria\"],\"inLanguage\":\"it-IT\"},{\"@type\":\"WebPage\",\"@id\":\"https:\/\/progettotouring.it\/radiotouring104\/2023\/07\/19\/metrocity-stanziati-15-milioni-di-euro-per-la-viabilita\/\",\"url\":\"https:\/\/progettotouring.it\/radiotouring104\/2023\/07\/19\/metrocity-stanziati-15-milioni-di-euro-per-la-viabilita\/\",\"name\":\"Metrocity: stanziati 15 milioni di euro per la viabilit\u00e0\",\"isPartOf\":{\"@id\":\"https:\/\/progettotouring.it\/radiotouring104\/#website\"},\"primaryImageOfPage\":{\"@id\":\"https:\/\/progettotouring.it\/radiotouring104\/2023\/07\/19\/metrocity-stanziati-15-milioni-di-euro-per-la-viabilita\/#primaryimage\"},\"image\":{\"@id\":\"https:\/\/progettotouring.it\/radiotouring104\/2023\/07\/19\/metrocity-stanziati-15-milioni-di-euro-per-la-viabilita\/#primaryimage\"},\"thumbnailUrl\":\"https:\/\/progettotouring.it\/radiotouring104\/wp-content\/uploads\/sites\/6\/2022\/05\/Palazzo-alvaro-metrocity.jpeg\",\"datePublished\":\"2023-07-19T14:42:55+00:00\",\"dateModified\":\"2023-07-20T09:01:55+00:00\",\"description\":\"Stanziati pi\u00f9 di quindici milioni per i prossimi otto anni per la manutenzione straordinaria delle strade della Citt\u00e0 Metropolitana\",\"breadcrumb\":{\"@id\":\"https:\/\/progettotouring.it\/radiotouring104\/2023\/07\/19\/metrocity-stanziati-15-milioni-di-euro-per-la-viabilita\/#breadcrumb\"},\"inLanguage\":\"it-IT\",\"potentialAction\":[{\"@type\":\"ReadAction\",\"target\":[\"https:\/\/progettotouring.it\/radiotouring104\/2023\/07\/19\/metrocity-stanziati-15-milioni-di-euro-per-la-viabilita\/\"]}]},{\"@type\":\"ImageObject\",\"inLanguage\":\"it-IT\",\"@id\":\"https:\/\/progettotouring.it\/radiotouring104\/2023\/07\/19\/metrocity-stanziati-15-milioni-di-euro-per-la-viabilita\/#primaryimage\",\"url\":\"https:\/\/progettotouring.it\/radiotouring104\/wp-content\/uploads\/sites\/6\/2022\/05\/Palazzo-alvaro-metrocity.jpeg\",\"contentUrl\":\"https:\/\/progettotouring.it\/radiotouring104\/wp-content\/uploads\/sites\/6\/2022\/05\/Palazzo-alvaro-metrocity.jpeg\",\"width\":1920,\"height\":1080},{\"@type\":\"BreadcrumbList\",\"@id\":\"https:\/\/progettotouring.it\/radiotouring104\/2023\/07\/19\/metrocity-stanziati-15-milioni-di-euro-per-la-viabilita\/#breadcrumb\",\"itemListElement\":[{\"@type\":\"ListItem\",\"position\":1,\"name\":\"Home\",\"item\":\"https:\/\/progettotouring.it\/radiotouring104\/\"},{\"@type\":\"ListItem\",\"position\":2,\"name\":\"Metrocity: stanziati 15 milioni di euro per la viabilit\u00e0\"}]},{\"@type\":\"WebSite\",\"@id\":\"https:\/\/progettotouring.it\/radiotouring104\/#website\",\"url\":\"https:\/\/progettotouring.it\/radiotouring104\/\",\"name\":\"Radio Touring 104\",\"description\":\"La prima radio Reggina\",\"publisher\":{\"@id\":\"https:\/\/progettotouring.it\/radiotouring104\/#organization\"},\"potentialAction\":[{\"@type\":\"SearchAction\",\"target\":{\"@type\":\"EntryPoint\",\"urlTemplate\":\"https:\/\/progettotouring.it\/radiotouring104\/?s={search_term_string}\"},\"query-input\":{\"@type\":\"PropertyValueSpecification\",\"valueRequired\":true,\"valueName\":\"search_term_string\"}}],\"inLanguage\":\"it-IT\"},{\"@type\":\"Organization\",\"@id\":\"https:\/\/progettotouring.it\/radiotouring104\/#organization\",\"name\":\"Radio Touring 104\",\"url\":\"https:\/\/progettotouring.it\/radiotouring104\/\",\"logo\":{\"@type\":\"ImageObject\",\"inLanguage\":\"it-IT\",\"@id\":\"https:\/\/progettotouring.it\/radiotouring104\/#\/schema\/logo\/image\/\",\"url\":\"https:\/\/progettotouring.it\/radiotouring104\/wp-content\/uploads\/sites\/6\/2022\/02\/cropped-logo-radio-touring-104.png\",\"contentUrl\":\"https:\/\/progettotouring.it\/radiotouring104\/wp-content\/uploads\/sites\/6\/2022\/02\/cropped-logo-radio-touring-104.png\",\"width\":377,\"height\":182,\"caption\":\"Radio Touring 104\"},\"image\":{\"@id\":\"https:\/\/progettotouring.it\/radiotouring104\/#\/schema\/logo\/image\/\"}},{\"@type\":\"Person\",\"@id\":\"https:\/\/progettotouring.it\/radiotouring104\/#\/schema\/person\/4a82259ca52ac8702ad1a8f9e5a3120b\",\"name\":\"Filippo Francesco Idone\",\"image\":{\"@type\":\"ImageObject\",\"inLanguage\":\"it-IT\",\"@id\":\"https:\/\/secure.gravatar.com\/avatar\/7268715d2366395c3dd314385670e6484117d44f5c442e61e230f7008b7b62d3?s=96&d=mm&r=g\",\"url\":\"https:\/\/secure.gravatar.com\/avatar\/7268715d2366395c3dd314385670e6484117d44f5c442e61e230f7008b7b62d3?s=96&d=mm&r=g\",\"contentUrl\":\"https:\/\/secure.gravatar.com\/avatar\/7268715d2366395c3dd314385670e6484117d44f5c442e61e230f7008b7b62d3?s=96&d=mm&r=g\",\"caption\":\"Filippo Francesco Idone\"},\"url\":\"https:\/\/progettotouring.it\/radiotouring104\/author\/filippoidone\/\"}]}<\/script>\n<!-- \/ Yoast SEO plugin. -->","yoast_head_json":{"title":"Metrocity: stanziati 15 milioni di euro per la viabilit\u00e0","description":"Stanziati pi\u00f9 di quindici milioni per i prossimi otto anni per la manutenzione straordinaria delle strade della Citt\u00e0 Metropolitana","robots":{"index":"index","follow":"follow","max-snippet":"max-snippet:-1","max-image-preview":"max-image-preview:large","max-video-preview":"max-video-preview:-1"},"canonical":"https:\/\/progettotouring.it\/radiotouring104\/2023\/07\/19\/metrocity-stanziati-15-milioni-di-euro-per-la-viabilita\/","og_locale":"it_IT","og_type":"article","og_title":"Metrocity: stanziati 15 milioni di euro per la viabilit\u00e0","og_description":"Stanziati pi\u00f9 di quindici milioni per i prossimi otto anni per la manutenzione straordinaria delle strade della Citt\u00e0 Metropolitana","og_url":"https:\/\/progettotouring.it\/radiotouring104\/2023\/07\/19\/metrocity-stanziati-15-milioni-di-euro-per-la-viabilita\/","og_site_name":"Radio Touring 104","article_published_time":"2023-07-19T14:42:55+00:00","article_modified_time":"2023-07-20T09:01:55+00:00","og_image":[{"width":1920,"height":1080,"url":"https:\/\/progettotouring.it\/radiotouring104\/wp-content\/uploads\/sites\/6\/2022\/05\/Palazzo-alvaro-metrocity.jpeg","type":"image\/jpeg"}],"author":"Filippo Francesco Idone","twitter_card":"summary_large_image","twitter_misc":{"Scritto da":"Filippo Francesco Idone","Tempo di lettura stimato":"2 minuti"},"schema":{"@context":"https:\/\/schema.org","@graph":[{"@type":"Article","@id":"https:\/\/progettotouring.it\/radiotouring104\/2023\/07\/19\/metrocity-stanziati-15-milioni-di-euro-per-la-viabilita\/#article","isPartOf":{"@id":"https:\/\/progettotouring.it\/radiotouring104\/2023\/07\/19\/metrocity-stanziati-15-milioni-di-euro-per-la-viabilita\/"},"author":{"name":"Filippo Francesco Idone","@id":"https:\/\/progettotouring.it\/radiotouring104\/#\/schema\/person\/4a82259ca52ac8702ad1a8f9e5a3120b"},"headline":"Metrocity: stanziati 15 milioni di euro per la viabilit\u00e0","datePublished":"2023-07-19T14:42:55+00:00","dateModified":"2023-07-20T09:01:55+00:00","mainEntityOfPage":{"@id":"https:\/\/progettotouring.it\/radiotouring104\/2023\/07\/19\/metrocity-stanziati-15-milioni-di-euro-per-la-viabilita\/"},"wordCount":437,"publisher":{"@id":"https:\/\/progettotouring.it\/radiotouring104\/#organization"},"image":{"@id":"https:\/\/progettotouring.it\/radiotouring104\/2023\/07\/19\/metrocity-stanziati-15-milioni-di-euro-per-la-viabilita\/#primaryimage"},"thumbnailUrl":"https:\/\/progettotouring.it\/radiotouring104\/wp-content\/uploads\/sites\/6\/2022\/05\/Palazzo-alvaro-metrocity.jpeg","keywords":["carmelo versace","Citt\u00e0 metropolitana","Palazzo Alvaro","reggio calabria","settore viabilit\u00e0","SP4","Tirrenica 2"],"articleSection":["Home","News","Reggio Calabria"],"inLanguage":"it-IT"},{"@type":"WebPage","@id":"https:\/\/progettotouring.it\/radiotouring104\/2023\/07\/19\/metrocity-stanziati-15-milioni-di-euro-per-la-viabilita\/","url":"https:\/\/progettotouring.it\/radiotouring104\/2023\/07\/19\/metrocity-stanziati-15-milioni-di-euro-per-la-viabilita\/","name":"Metrocity: stanziati 15 milioni di euro per la viabilit\u00e0","isPartOf":{"@id":"https:\/\/progettotouring.it\/radiotouring104\/#website"},"primaryImageOfPage":{"@id":"https:\/\/progettotouring.it\/radiotouring104\/2023\/07\/19\/metrocity-stanziati-15-milioni-di-euro-per-la-viabilita\/#primaryimage"},"image":{"@id":"https:\/\/progettotouring.it\/radiotouring104\/2023\/07\/19\/metrocity-stanziati-15-milioni-di-euro-per-la-viabilita\/#primaryimage"},"thumbnailUrl":"https:\/\/progettotouring.it\/radiotouring104\/wp-content\/uploads\/sites\/6\/2022\/05\/Palazzo-alvaro-metrocity.jpeg","datePublished":"2023-07-19T14:42:55+00:00","dateModified":"2023-07-20T09:01:55+00:00","description":"Stanziati pi\u00f9 di quindici milioni per i prossimi otto anni per la manutenzione straordinaria delle strade della Citt\u00e0 Metropolitana","breadcrumb":{"@id":"https:\/\/progettotouring.it\/radiotouring104\/2023\/07\/19\/metrocity-stanziati-15-milioni-di-euro-per-la-viabilita\/#breadcrumb"},"inLanguage":"it-IT","potentialAction":[{"@type":"ReadAction","target":["https:\/\/progettotouring.it\/radiotouring104\/2023\/07\/19\/metrocity-stanziati-15-milioni-di-euro-per-la-viabilita\/"]}]},{"@type":"ImageObject","inLanguage":"it-IT","@id":"https:\/\/progettotouring.it\/radiotouring104\/2023\/07\/19\/metrocity-stanziati-15-milioni-di-euro-per-la-viabilita\/#primaryimage","url":"https:\/\/progettotouring.it\/radiotouring104\/wp-content\/uploads\/sites\/6\/2022\/05\/Palazzo-alvaro-metrocity.jpeg","contentUrl":"https:\/\/progettotouring.it\/radiotouring104\/wp-content\/uploads\/sites\/6\/2022\/05\/Palazzo-alvaro-metrocity.jpeg","width":1920,"height":1080},{"@type":"BreadcrumbList","@id":"https:\/\/progettotouring.it\/radiotouring104\/2023\/07\/19\/metrocity-stanziati-15-milioni-di-euro-per-la-viabilita\/#breadcrumb","itemListElement":[{"@type":"ListItem","position":1,"name":"Home","item":"https:\/\/progettotouring.it\/radiotouring104\/"},{"@type":"ListItem","position":2,"name":"Metrocity: stanziati 15 milioni di euro per la viabilit\u00e0"}]},{"@type":"WebSite","@id":"https:\/\/progettotouring.it\/radiotouring104\/#website","url":"https:\/\/progettotouring.it\/radiotouring104\/","name":"Radio Touring 104","description":"La prima radio Reggina","publisher":{"@id":"https:\/\/progettotouring.it\/radiotouring104\/#organization"},"potentialAction":[{"@type":"SearchAction","target":{"@type":"EntryPoint","urlTemplate":"https:\/\/progettotouring.it\/radiotouring104\/?s={search_term_string}"},"query-input":{"@type":"PropertyValueSpecification","valueRequired":true,"valueName":"search_term_string"}}],"inLanguage":"it-IT"},{"@type":"Organization","@id":"https:\/\/progettotouring.it\/radiotouring104\/#organization","name":"Radio Touring 104","url":"https:\/\/progettotouring.it\/radiotouring104\/","logo":{"@type":"ImageObject","inLanguage":"it-IT","@id":"https:\/\/progettotouring.it\/radiotouring104\/#\/schema\/logo\/image\/","url":"https:\/\/progettotouring.it\/radiotouring104\/wp-content\/uploads\/sites\/6\/2022\/02\/cropped-logo-radio-touring-104.png","contentUrl":"https:\/\/progettotouring.it\/radiotouring104\/wp-content\/uploads\/sites\/6\/2022\/02\/cropped-logo-radio-touring-104.png","width":377,"height":182,"caption":"Radio Touring 104"},"image":{"@id":"https:\/\/progettotouring.it\/radiotouring104\/#\/schema\/logo\/image\/"}},{"@type":"Person","@id":"https:\/\/progettotouring.it\/radiotouring104\/#\/schema\/person\/4a82259ca52ac8702ad1a8f9e5a3120b","name":"Filippo Francesco Idone","image":{"@type":"ImageObject","inLanguage":"it-IT","@id":"https:\/\/secure.gravatar.com\/avatar\/7268715d2366395c3dd314385670e6484117d44f5c442e61e230f7008b7b62d3?s=96&d=mm&r=g","url":"https:\/\/secure.gravatar.com\/avatar\/7268715d2366395c3dd314385670e6484117d44f5c442e61e230f7008b7b62d3?s=96&d=mm&r=g","contentUrl":"https:\/\/secure.gravatar.com\/avatar\/7268715d2366395c3dd314385670e6484117d44f5c442e61e230f7008b7b62d3?s=96&d=mm&r=g","caption":"Filippo Francesco Idone"},"url":"https:\/\/progettotouring.it\/radiotouring104\/author\/filippoidone\/"}]}},"jetpack_publicize_connections":[],"jetpack_featured_media_url":"https:\/\/progettotouring.it\/radiotouring104\/wp-content\/uploads\/sites\/6\/2022\/05\/Palazzo-alvaro-metrocity.jpeg","jetpack_sharing_enabled":true,"_links":{"self":[{"href":"https:\/\/progettotouring.it\/radiotouring104\/wp-json\/wp\/v2\/posts\/30628","targetHints":{"allow":["GET"]}}],"collection":[{"href":"https:\/\/progettotouring.it\/radiotouring104\/wp-json\/wp\/v2\/posts"}],"about":[{"href":"https:\/\/progettotouring.it\/radiotouring104\/wp-json\/wp\/v2\/types\/post"}],"author":[{"embeddable":true,"href":"https:\/\/progettotouring.it\/radiotouring104\/wp-json\/wp\/v2\/users\/8"}],"replies":[{"embeddable":true,"href":"https:\/\/progettotouring.it\/radiotouring104\/wp-json\/wp\/v2\/comments?post=30628"}],"version-history":[{"count":2,"href":"https:\/\/progettotouring.it\/radiotouring104\/wp-json\/wp\/v2\/posts\/30628\/revisions"}],"predecessor-version":[{"id":30630,"href":"https:\/\/progettotouring.it\/radiotouring104\/wp-json\/wp\/v2\/posts\/30628\/revisions\/30630"}],"wp:featuredmedia":[{"embeddable":true,"href":"https:\/\/progettotouring.it\/radiotouring104\/wp-json\/wp\/v2\/media\/5883"}],"wp:attachment":[{"href":"https:\/\/progettotouring.it\/radiotouring104\/wp-json\/wp\/v2\/media?parent=30628"}],"wp:term":[{"taxonomy":"category","embeddable":true,"href":"https:\/\/progettotouring.it\/radiotouring104\/wp-json\/wp\/v2\/categories?post=30628"},{"taxonomy":"post_tag","embeddable":true,"href":"https:\/\/progettotouring.it\/radiotouring104\/wp-json\/wp\/v2\/tags?post=30628"}],"curies":[{"name":"wp","href":"https:\/\/api.w.org\/{rel}","templated":true}]}}