{"id":30631,"date":"2023-07-19T17:28:11","date_gmt":"2023-07-19T15:28:11","guid":{"rendered":"https:\/\/progettotouring.it\/radiotouring104\/?p=30631"},"modified":"2023-07-20T11:05:13","modified_gmt":"2023-07-20T09:05:13","slug":"aeroporto-reggio-calabria-saccomanno-svela-entro-lanno-saranno-mandante-via-le-limitazioni-esistenti","status":"publish","type":"post","link":"https:\/\/progettotouring.it\/radiotouring104\/2023\/07\/19\/aeroporto-reggio-calabria-saccomanno-svela-entro-lanno-saranno-mandante-via-le-limitazioni-esistenti\/","title":{"rendered":"Aeroporto Reggio Calabria, Saccomanno svela: &#8220;Entro l\u2019anno saranno mandante via le limitazioni esistenti&#8221;"},"content":{"rendered":"<p class=\"xmprfx_s11\" style=\"text-align: justify\"><em><span class=\"xmprfx_s8\"><span class=\"xmprfx_bumpedFont20\">&#8220;<\/span><\/span><span class=\"xmprfx_s9\">A seguito della odierna riunione al <strong>MIT<\/strong>, fissata dal <strong>Ministro<\/strong> <strong>Salvini<\/strong> ed i vertici Enac, <strong>Enav<\/strong> e delle societ\u00e0 di gestione aeroportuale (Sacal), si \u00e8 proceduto a precisare le modalit\u00e0 per consentire un uso pieno dell\u2019aeroporto di <strong>Reggio<\/strong> <strong>Calabria<\/strong>. Infatti, entro l\u2019anno saranno mandante via le limitazioni esistenti e da oggi \u00e8 stata liberalizzata la pista 15. Si legge nel comunicato del <strong>MIT<\/strong> \u201c<\/span><span class=\"xmprfx_s10\">Riunione operativa al\u00a0<\/span><span class=\"xmprfx_s10\">Mit<\/span><span class=\"xmprfx_s10\">tra il Vicepremier e Ministro delle Infrastrutture e dei Trasporti, <strong>Matteo Salvini,<\/strong> e i vertici di Enac, <strong>Enav<\/strong> e della societ\u00e0 di gestione aeroportuale (<strong>SACAL<\/strong>). Rimosse le limitazioni operative relative alla pista 15 che da oggi e a regime risulta percorribile da tutti i vettori e gli equipaggi, mentre \u00e8 stato studiato un piano di volo ad hoc per la pista 33, attualmente sottoposta a restrizioni. La nuova procedura di volo tracciata da <strong>Enav<\/strong> e in fase di approvazione da parte di Enac permetter\u00e0, previo addestramento dei piloti, il superamento delle limitazioni ai voli. Enac, inoltre, ha assunto l\u2019impegno a coprire i costi di noleggio di un simulatore di volo, con i percorsi di avvicinamento dello scalo reggino, da mettere a disposizione delle compagnie interessate per l\u2019addestramento dei propri equipaggi. <\/span><\/em><em><span class=\"xmprfx_s10\">Nel corso della riunione \u00e8 stato discusso anche il progetto di intermodalit\u00e0 mare-aereo con la <strong>Sicilia<\/strong> nord-orientale, cos\u00ec da ampliare il bacino di utenza dell\u2019aeroporto e rispondere alla domanda di trasporto di tutta l\u2019area dello <strong>Stretto<\/strong>. <\/span><\/em><em><span class=\"xmprfx_s10\"><strong>L\u2019aeroporto<\/strong> attualmente ha un traffico di 200mila passeggeri con una previsione di crescita entro quattro anni fino a un milione<\/span><span class=\"xmprfx_s12\">\u201d. Con una buona programmazione e con l\u2019assunzione di provvedimenti adeguati l\u2019aeroporto di <strong>Reggio<\/strong> <strong>Calabria<\/strong> potr\u00e0, finalmente, riacquistare quella centralit\u00e0 che errori del passato e mancanza di adatte strategie lo hanno fortemente ridotto nell\u2019attivit\u00e0. Da oggi inizia un percorso nuovo che potrebbe, se assistito da una politica attenta e concreta, rendere lo scalo un punto di riferimento sia per <strong>Reggio<\/strong> <strong>Calabria<\/strong> che per la <strong>Sicilia<\/strong>. Specialmente, avendo riguardo alla realizzazione del ponte sullo Stretto che render\u00e0 le citt\u00e0 come unico comprensorio. La <strong>Lega<\/strong> alle parole fa seguire i fatti e, sicuramente, Reggio Calabria e Messina avranno uno scalo importante e che consentir\u00e0 collegamenti veloci&#8221;<\/span><span class=\"xmprfx_s9\">.<\/span><\/em><\/p>\n<p class=\"xmprfx_s13\"><span class=\"xmprfx_s9\">Lo dichiara Giacomo Francesco Saccomanno, Commissario Regionale della Lega Calabria<\/span><span class=\"xmprfx_s9\">.<\/span><\/p>\n","protected":false},"excerpt":{"rendered":"<p>&#8220;A seguito della odierna riunione al MIT, fissata dal Ministro Salvini ed i vertici Enac, Enav e delle societ\u00e0 di gestione aeroportuale (Sacal), si \u00e8 proceduto a precisare le modalit\u00e0&hellip;<\/p>\n","protected":false},"author":8,"featured_media":24140,"comment_status":"closed","ping_status":"open","sticky":false,"template":"","format":"standard","meta":{"_jetpack_memberships_contains_paid_content":false,"footnotes":"","jetpack_publicize_message":"","jetpack_publicize_feature_enabled":true,"jetpack_social_post_already_shared":false,"jetpack_social_options":{"image_generator_settings":{"template":"highway","default_image_id":0,"font":"","enabled":false},"version":2}},"categories":[921,196,195,140],"tags":[5993,3953,6427,4464],"class_list":["post-30631","post","type-post","status-publish","format-standard","has-post-thumbnail","hentry","category-home","category-news","category-politica","category-reggio-calabria","tag-lega","tag-matteo-salvini","tag-mit","tag-saccomanno"],"yoast_head":"<!-- This site is optimized with the Yoast SEO plugin v27.2 - https:\/\/yoast.com\/product\/yoast-seo-wordpress\/ -->\n<title>Aeroporto Stretto: entro l&#039;anno via le limitazioni<\/title>\n<meta name=\"description\" content=\"Giacomo Francesco Saccomanno, Commissario Regionale della Lega Calabria, parla della situazione dell&#039;aeroporto di Reggio Calabria\" \/>\n<meta name=\"robots\" content=\"index, follow, max-snippet:-1, max-image-preview:large, max-video-preview:-1\" \/>\n<link rel=\"canonical\" href=\"https:\/\/progettotouring.it\/radiotouring104\/2023\/07\/19\/aeroporto-reggio-calabria-saccomanno-svela-entro-lanno-saranno-mandante-via-le-limitazioni-esistenti\/\" \/>\n<meta property=\"og:locale\" content=\"it_IT\" \/>\n<meta property=\"og:type\" content=\"article\" \/>\n<meta property=\"og:title\" content=\"Aeroporto Stretto: entro l&#039;anno via le limitazioni\" \/>\n<meta property=\"og:description\" content=\"Giacomo Francesco Saccomanno, Commissario Regionale della Lega Calabria, parla della situazione dell&#039;aeroporto di Reggio Calabria\" \/>\n<meta property=\"og:url\" content=\"https:\/\/progettotouring.it\/radiotouring104\/2023\/07\/19\/aeroporto-reggio-calabria-saccomanno-svela-entro-lanno-saranno-mandante-via-le-limitazioni-esistenti\/\" \/>\n<meta property=\"og:site_name\" content=\"Radio Touring 104\" \/>\n<meta property=\"article:published_time\" content=\"2023-07-19T15:28:11+00:00\" \/>\n<meta property=\"article:modified_time\" content=\"2023-07-20T09:05:13+00:00\" \/>\n<meta property=\"og:image\" content=\"https:\/\/progettotouring.it\/radiotouring104\/wp-content\/uploads\/sites\/6\/2023\/04\/Saccomanno.jpg\" \/>\n\t<meta property=\"og:image:width\" content=\"344\" \/>\n\t<meta property=\"og:image:height\" content=\"324\" \/>\n\t<meta property=\"og:image:type\" content=\"image\/jpeg\" \/>\n<meta name=\"author\" content=\"Filippo Francesco Idone\" \/>\n<meta name=\"twitter:card\" content=\"summary_large_image\" \/>\n<meta name=\"twitter:label1\" content=\"Scritto da\" \/>\n\t<meta name=\"twitter:data1\" content=\"Filippo Francesco Idone\" \/>\n\t<meta name=\"twitter:label2\" content=\"Tempo di lettura stimato\" \/>\n\t<meta name=\"twitter:data2\" content=\"2 minuti\" \/>\n<script type=\"application\/ld+json\" class=\"yoast-schema-graph\">{\"@context\":\"https:\/\/schema.org\",\"@graph\":[{\"@type\":\"Article\",\"@id\":\"https:\/\/progettotouring.it\/radiotouring104\/2023\/07\/19\/aeroporto-reggio-calabria-saccomanno-svela-entro-lanno-saranno-mandante-via-le-limitazioni-esistenti\/#article\",\"isPartOf\":{\"@id\":\"https:\/\/progettotouring.it\/radiotouring104\/2023\/07\/19\/aeroporto-reggio-calabria-saccomanno-svela-entro-lanno-saranno-mandante-via-le-limitazioni-esistenti\/\"},\"author\":{\"name\":\"Filippo Francesco Idone\",\"@id\":\"https:\/\/progettotouring.it\/radiotouring104\/#\/schema\/person\/4a82259ca52ac8702ad1a8f9e5a3120b\"},\"headline\":\"Aeroporto Reggio Calabria, Saccomanno svela: &#8220;Entro l\u2019anno saranno mandante via le limitazioni esistenti&#8221;\",\"datePublished\":\"2023-07-19T15:28:11+00:00\",\"dateModified\":\"2023-07-20T09:05:13+00:00\",\"mainEntityOfPage\":{\"@id\":\"https:\/\/progettotouring.it\/radiotouring104\/2023\/07\/19\/aeroporto-reggio-calabria-saccomanno-svela-entro-lanno-saranno-mandante-via-le-limitazioni-esistenti\/\"},\"wordCount\":383,\"publisher\":{\"@id\":\"https:\/\/progettotouring.it\/radiotouring104\/#organization\"},\"image\":{\"@id\":\"https:\/\/progettotouring.it\/radiotouring104\/2023\/07\/19\/aeroporto-reggio-calabria-saccomanno-svela-entro-lanno-saranno-mandante-via-le-limitazioni-esistenti\/#primaryimage\"},\"thumbnailUrl\":\"https:\/\/progettotouring.it\/radiotouring104\/wp-content\/uploads\/sites\/6\/2023\/04\/Saccomanno.jpg\",\"keywords\":[\"lega\",\"Matteo Salvini\",\"mit\",\"Saccomanno\"],\"articleSection\":[\"Home\",\"News\",\"Politica\",\"Reggio Calabria\"],\"inLanguage\":\"it-IT\"},{\"@type\":\"WebPage\",\"@id\":\"https:\/\/progettotouring.it\/radiotouring104\/2023\/07\/19\/aeroporto-reggio-calabria-saccomanno-svela-entro-lanno-saranno-mandante-via-le-limitazioni-esistenti\/\",\"url\":\"https:\/\/progettotouring.it\/radiotouring104\/2023\/07\/19\/aeroporto-reggio-calabria-saccomanno-svela-entro-lanno-saranno-mandante-via-le-limitazioni-esistenti\/\",\"name\":\"Aeroporto Stretto: entro l'anno via le limitazioni\",\"isPartOf\":{\"@id\":\"https:\/\/progettotouring.it\/radiotouring104\/#website\"},\"primaryImageOfPage\":{\"@id\":\"https:\/\/progettotouring.it\/radiotouring104\/2023\/07\/19\/aeroporto-reggio-calabria-saccomanno-svela-entro-lanno-saranno-mandante-via-le-limitazioni-esistenti\/#primaryimage\"},\"image\":{\"@id\":\"https:\/\/progettotouring.it\/radiotouring104\/2023\/07\/19\/aeroporto-reggio-calabria-saccomanno-svela-entro-lanno-saranno-mandante-via-le-limitazioni-esistenti\/#primaryimage\"},\"thumbnailUrl\":\"https:\/\/progettotouring.it\/radiotouring104\/wp-content\/uploads\/sites\/6\/2023\/04\/Saccomanno.jpg\",\"datePublished\":\"2023-07-19T15:28:11+00:00\",\"dateModified\":\"2023-07-20T09:05:13+00:00\",\"description\":\"Giacomo Francesco Saccomanno, Commissario Regionale della Lega Calabria, parla della situazione dell'aeroporto di Reggio Calabria\",\"breadcrumb\":{\"@id\":\"https:\/\/progettotouring.it\/radiotouring104\/2023\/07\/19\/aeroporto-reggio-calabria-saccomanno-svela-entro-lanno-saranno-mandante-via-le-limitazioni-esistenti\/#breadcrumb\"},\"inLanguage\":\"it-IT\",\"potentialAction\":[{\"@type\":\"ReadAction\",\"target\":[\"https:\/\/progettotouring.it\/radiotouring104\/2023\/07\/19\/aeroporto-reggio-calabria-saccomanno-svela-entro-lanno-saranno-mandante-via-le-limitazioni-esistenti\/\"]}]},{\"@type\":\"ImageObject\",\"inLanguage\":\"it-IT\",\"@id\":\"https:\/\/progettotouring.it\/radiotouring104\/2023\/07\/19\/aeroporto-reggio-calabria-saccomanno-svela-entro-lanno-saranno-mandante-via-le-limitazioni-esistenti\/#primaryimage\",\"url\":\"https:\/\/progettotouring.it\/radiotouring104\/wp-content\/uploads\/sites\/6\/2023\/04\/Saccomanno.jpg\",\"contentUrl\":\"https:\/\/progettotouring.it\/radiotouring104\/wp-content\/uploads\/sites\/6\/2023\/04\/Saccomanno.jpg\",\"width\":344,\"height\":324},{\"@type\":\"BreadcrumbList\",\"@id\":\"https:\/\/progettotouring.it\/radiotouring104\/2023\/07\/19\/aeroporto-reggio-calabria-saccomanno-svela-entro-lanno-saranno-mandante-via-le-limitazioni-esistenti\/#breadcrumb\",\"itemListElement\":[{\"@type\":\"ListItem\",\"position\":1,\"name\":\"Home\",\"item\":\"https:\/\/progettotouring.it\/radiotouring104\/\"},{\"@type\":\"ListItem\",\"position\":2,\"name\":\"Aeroporto Reggio Calabria, Saccomanno svela: &#8220;Entro l\u2019anno saranno mandante via le limitazioni esistenti&#8221;\"}]},{\"@type\":\"WebSite\",\"@id\":\"https:\/\/progettotouring.it\/radiotouring104\/#website\",\"url\":\"https:\/\/progettotouring.it\/radiotouring104\/\",\"name\":\"Radio Touring 104\",\"description\":\"La prima radio Reggina\",\"publisher\":{\"@id\":\"https:\/\/progettotouring.it\/radiotouring104\/#organization\"},\"potentialAction\":[{\"@type\":\"SearchAction\",\"target\":{\"@type\":\"EntryPoint\",\"urlTemplate\":\"https:\/\/progettotouring.it\/radiotouring104\/?s={search_term_string}\"},\"query-input\":{\"@type\":\"PropertyValueSpecification\",\"valueRequired\":true,\"valueName\":\"search_term_string\"}}],\"inLanguage\":\"it-IT\"},{\"@type\":\"Organization\",\"@id\":\"https:\/\/progettotouring.it\/radiotouring104\/#organization\",\"name\":\"Radio Touring 104\",\"url\":\"https:\/\/progettotouring.it\/radiotouring104\/\",\"logo\":{\"@type\":\"ImageObject\",\"inLanguage\":\"it-IT\",\"@id\":\"https:\/\/progettotouring.it\/radiotouring104\/#\/schema\/logo\/image\/\",\"url\":\"https:\/\/progettotouring.it\/radiotouring104\/wp-content\/uploads\/sites\/6\/2022\/02\/cropped-logo-radio-touring-104.png\",\"contentUrl\":\"https:\/\/progettotouring.it\/radiotouring104\/wp-content\/uploads\/sites\/6\/2022\/02\/cropped-logo-radio-touring-104.png\",\"width\":377,\"height\":182,\"caption\":\"Radio Touring 104\"},\"image\":{\"@id\":\"https:\/\/progettotouring.it\/radiotouring104\/#\/schema\/logo\/image\/\"}},{\"@type\":\"Person\",\"@id\":\"https:\/\/progettotouring.it\/radiotouring104\/#\/schema\/person\/4a82259ca52ac8702ad1a8f9e5a3120b\",\"name\":\"Filippo Francesco Idone\",\"image\":{\"@type\":\"ImageObject\",\"inLanguage\":\"it-IT\",\"@id\":\"https:\/\/secure.gravatar.com\/avatar\/7268715d2366395c3dd314385670e6484117d44f5c442e61e230f7008b7b62d3?s=96&d=mm&r=g\",\"url\":\"https:\/\/secure.gravatar.com\/avatar\/7268715d2366395c3dd314385670e6484117d44f5c442e61e230f7008b7b62d3?s=96&d=mm&r=g\",\"contentUrl\":\"https:\/\/secure.gravatar.com\/avatar\/7268715d2366395c3dd314385670e6484117d44f5c442e61e230f7008b7b62d3?s=96&d=mm&r=g\",\"caption\":\"Filippo Francesco Idone\"},\"url\":\"https:\/\/progettotouring.it\/radiotouring104\/author\/filippoidone\/\"}]}<\/script>\n<!-- \/ Yoast SEO plugin. -->","yoast_head_json":{"title":"Aeroporto Stretto: entro l'anno via le limitazioni","description":"Giacomo Francesco Saccomanno, Commissario Regionale della Lega Calabria, parla della situazione dell'aeroporto di Reggio Calabria","robots":{"index":"index","follow":"follow","max-snippet":"max-snippet:-1","max-image-preview":"max-image-preview:large","max-video-preview":"max-video-preview:-1"},"canonical":"https:\/\/progettotouring.it\/radiotouring104\/2023\/07\/19\/aeroporto-reggio-calabria-saccomanno-svela-entro-lanno-saranno-mandante-via-le-limitazioni-esistenti\/","og_locale":"it_IT","og_type":"article","og_title":"Aeroporto Stretto: entro l'anno via le limitazioni","og_description":"Giacomo Francesco Saccomanno, Commissario Regionale della Lega Calabria, parla della situazione dell'aeroporto di Reggio Calabria","og_url":"https:\/\/progettotouring.it\/radiotouring104\/2023\/07\/19\/aeroporto-reggio-calabria-saccomanno-svela-entro-lanno-saranno-mandante-via-le-limitazioni-esistenti\/","og_site_name":"Radio Touring 104","article_published_time":"2023-07-19T15:28:11+00:00","article_modified_time":"2023-07-20T09:05:13+00:00","og_image":[{"width":344,"height":324,"url":"https:\/\/progettotouring.it\/radiotouring104\/wp-content\/uploads\/sites\/6\/2023\/04\/Saccomanno.jpg","type":"image\/jpeg"}],"author":"Filippo Francesco Idone","twitter_card":"summary_large_image","twitter_misc":{"Scritto da":"Filippo Francesco Idone","Tempo di lettura stimato":"2 minuti"},"schema":{"@context":"https:\/\/schema.org","@graph":[{"@type":"Article","@id":"https:\/\/progettotouring.it\/radiotouring104\/2023\/07\/19\/aeroporto-reggio-calabria-saccomanno-svela-entro-lanno-saranno-mandante-via-le-limitazioni-esistenti\/#article","isPartOf":{"@id":"https:\/\/progettotouring.it\/radiotouring104\/2023\/07\/19\/aeroporto-reggio-calabria-saccomanno-svela-entro-lanno-saranno-mandante-via-le-limitazioni-esistenti\/"},"author":{"name":"Filippo Francesco Idone","@id":"https:\/\/progettotouring.it\/radiotouring104\/#\/schema\/person\/4a82259ca52ac8702ad1a8f9e5a3120b"},"headline":"Aeroporto Reggio Calabria, Saccomanno svela: &#8220;Entro l\u2019anno saranno mandante via le limitazioni esistenti&#8221;","datePublished":"2023-07-19T15:28:11+00:00","dateModified":"2023-07-20T09:05:13+00:00","mainEntityOfPage":{"@id":"https:\/\/progettotouring.it\/radiotouring104\/2023\/07\/19\/aeroporto-reggio-calabria-saccomanno-svela-entro-lanno-saranno-mandante-via-le-limitazioni-esistenti\/"},"wordCount":383,"publisher":{"@id":"https:\/\/progettotouring.it\/radiotouring104\/#organization"},"image":{"@id":"https:\/\/progettotouring.it\/radiotouring104\/2023\/07\/19\/aeroporto-reggio-calabria-saccomanno-svela-entro-lanno-saranno-mandante-via-le-limitazioni-esistenti\/#primaryimage"},"thumbnailUrl":"https:\/\/progettotouring.it\/radiotouring104\/wp-content\/uploads\/sites\/6\/2023\/04\/Saccomanno.jpg","keywords":["lega","Matteo Salvini","mit","Saccomanno"],"articleSection":["Home","News","Politica","Reggio Calabria"],"inLanguage":"it-IT"},{"@type":"WebPage","@id":"https:\/\/progettotouring.it\/radiotouring104\/2023\/07\/19\/aeroporto-reggio-calabria-saccomanno-svela-entro-lanno-saranno-mandante-via-le-limitazioni-esistenti\/","url":"https:\/\/progettotouring.it\/radiotouring104\/2023\/07\/19\/aeroporto-reggio-calabria-saccomanno-svela-entro-lanno-saranno-mandante-via-le-limitazioni-esistenti\/","name":"Aeroporto Stretto: entro l'anno via le limitazioni","isPartOf":{"@id":"https:\/\/progettotouring.it\/radiotouring104\/#website"},"primaryImageOfPage":{"@id":"https:\/\/progettotouring.it\/radiotouring104\/2023\/07\/19\/aeroporto-reggio-calabria-saccomanno-svela-entro-lanno-saranno-mandante-via-le-limitazioni-esistenti\/#primaryimage"},"image":{"@id":"https:\/\/progettotouring.it\/radiotouring104\/2023\/07\/19\/aeroporto-reggio-calabria-saccomanno-svela-entro-lanno-saranno-mandante-via-le-limitazioni-esistenti\/#primaryimage"},"thumbnailUrl":"https:\/\/progettotouring.it\/radiotouring104\/wp-content\/uploads\/sites\/6\/2023\/04\/Saccomanno.jpg","datePublished":"2023-07-19T15:28:11+00:00","dateModified":"2023-07-20T09:05:13+00:00","description":"Giacomo Francesco Saccomanno, Commissario Regionale della Lega Calabria, parla della situazione dell'aeroporto di Reggio Calabria","breadcrumb":{"@id":"https:\/\/progettotouring.it\/radiotouring104\/2023\/07\/19\/aeroporto-reggio-calabria-saccomanno-svela-entro-lanno-saranno-mandante-via-le-limitazioni-esistenti\/#breadcrumb"},"inLanguage":"it-IT","potentialAction":[{"@type":"ReadAction","target":["https:\/\/progettotouring.it\/radiotouring104\/2023\/07\/19\/aeroporto-reggio-calabria-saccomanno-svela-entro-lanno-saranno-mandante-via-le-limitazioni-esistenti\/"]}]},{"@type":"ImageObject","inLanguage":"it-IT","@id":"https:\/\/progettotouring.it\/radiotouring104\/2023\/07\/19\/aeroporto-reggio-calabria-saccomanno-svela-entro-lanno-saranno-mandante-via-le-limitazioni-esistenti\/#primaryimage","url":"https:\/\/progettotouring.it\/radiotouring104\/wp-content\/uploads\/sites\/6\/2023\/04\/Saccomanno.jpg","contentUrl":"https:\/\/progettotouring.it\/radiotouring104\/wp-content\/uploads\/sites\/6\/2023\/04\/Saccomanno.jpg","width":344,"height":324},{"@type":"BreadcrumbList","@id":"https:\/\/progettotouring.it\/radiotouring104\/2023\/07\/19\/aeroporto-reggio-calabria-saccomanno-svela-entro-lanno-saranno-mandante-via-le-limitazioni-esistenti\/#breadcrumb","itemListElement":[{"@type":"ListItem","position":1,"name":"Home","item":"https:\/\/progettotouring.it\/radiotouring104\/"},{"@type":"ListItem","position":2,"name":"Aeroporto Reggio Calabria, Saccomanno svela: &#8220;Entro l\u2019anno saranno mandante via le limitazioni esistenti&#8221;"}]},{"@type":"WebSite","@id":"https:\/\/progettotouring.it\/radiotouring104\/#website","url":"https:\/\/progettotouring.it\/radiotouring104\/","name":"Radio Touring 104","description":"La prima radio Reggina","publisher":{"@id":"https:\/\/progettotouring.it\/radiotouring104\/#organization"},"potentialAction":[{"@type":"SearchAction","target":{"@type":"EntryPoint","urlTemplate":"https:\/\/progettotouring.it\/radiotouring104\/?s={search_term_string}"},"query-input":{"@type":"PropertyValueSpecification","valueRequired":true,"valueName":"search_term_string"}}],"inLanguage":"it-IT"},{"@type":"Organization","@id":"https:\/\/progettotouring.it\/radiotouring104\/#organization","name":"Radio Touring 104","url":"https:\/\/progettotouring.it\/radiotouring104\/","logo":{"@type":"ImageObject","inLanguage":"it-IT","@id":"https:\/\/progettotouring.it\/radiotouring104\/#\/schema\/logo\/image\/","url":"https:\/\/progettotouring.it\/radiotouring104\/wp-content\/uploads\/sites\/6\/2022\/02\/cropped-logo-radio-touring-104.png","contentUrl":"https:\/\/progettotouring.it\/radiotouring104\/wp-content\/uploads\/sites\/6\/2022\/02\/cropped-logo-radio-touring-104.png","width":377,"height":182,"caption":"Radio Touring 104"},"image":{"@id":"https:\/\/progettotouring.it\/radiotouring104\/#\/schema\/logo\/image\/"}},{"@type":"Person","@id":"https:\/\/progettotouring.it\/radiotouring104\/#\/schema\/person\/4a82259ca52ac8702ad1a8f9e5a3120b","name":"Filippo Francesco Idone","image":{"@type":"ImageObject","inLanguage":"it-IT","@id":"https:\/\/secure.gravatar.com\/avatar\/7268715d2366395c3dd314385670e6484117d44f5c442e61e230f7008b7b62d3?s=96&d=mm&r=g","url":"https:\/\/secure.gravatar.com\/avatar\/7268715d2366395c3dd314385670e6484117d44f5c442e61e230f7008b7b62d3?s=96&d=mm&r=g","contentUrl":"https:\/\/secure.gravatar.com\/avatar\/7268715d2366395c3dd314385670e6484117d44f5c442e61e230f7008b7b62d3?s=96&d=mm&r=g","caption":"Filippo Francesco Idone"},"url":"https:\/\/progettotouring.it\/radiotouring104\/author\/filippoidone\/"}]}},"jetpack_publicize_connections":[],"jetpack_featured_media_url":"https:\/\/progettotouring.it\/radiotouring104\/wp-content\/uploads\/sites\/6\/2023\/04\/Saccomanno.jpg","jetpack_sharing_enabled":true,"_links":{"self":[{"href":"https:\/\/progettotouring.it\/radiotouring104\/wp-json\/wp\/v2\/posts\/30631","targetHints":{"allow":["GET"]}}],"collection":[{"href":"https:\/\/progettotouring.it\/radiotouring104\/wp-json\/wp\/v2\/posts"}],"about":[{"href":"https:\/\/progettotouring.it\/radiotouring104\/wp-json\/wp\/v2\/types\/post"}],"author":[{"embeddable":true,"href":"https:\/\/progettotouring.it\/radiotouring104\/wp-json\/wp\/v2\/users\/8"}],"replies":[{"embeddable":true,"href":"https:\/\/progettotouring.it\/radiotouring104\/wp-json\/wp\/v2\/comments?post=30631"}],"version-history":[{"count":1,"href":"https:\/\/progettotouring.it\/radiotouring104\/wp-json\/wp\/v2\/posts\/30631\/revisions"}],"predecessor-version":[{"id":30632,"href":"https:\/\/progettotouring.it\/radiotouring104\/wp-json\/wp\/v2\/posts\/30631\/revisions\/30632"}],"wp:featuredmedia":[{"embeddable":true,"href":"https:\/\/progettotouring.it\/radiotouring104\/wp-json\/wp\/v2\/media\/24140"}],"wp:attachment":[{"href":"https:\/\/progettotouring.it\/radiotouring104\/wp-json\/wp\/v2\/media?parent=30631"}],"wp:term":[{"taxonomy":"category","embeddable":true,"href":"https:\/\/progettotouring.it\/radiotouring104\/wp-json\/wp\/v2\/categories?post=30631"},{"taxonomy":"post_tag","embeddable":true,"href":"https:\/\/progettotouring.it\/radiotouring104\/wp-json\/wp\/v2\/tags?post=30631"}],"curies":[{"name":"wp","href":"https:\/\/api.w.org\/{rel}","templated":true}]}}