{"id":30639,"date":"2023-07-19T17:39:36","date_gmt":"2023-07-19T15:39:36","guid":{"rendered":"https:\/\/progettotouring.it\/radiotouring104\/?p=30639"},"modified":"2023-07-20T10:56:21","modified_gmt":"2023-07-20T08:56:21","slug":"le-opere-darte-di-andrea-valere-alla-galleria-darte-filippo-cogliandro","status":"publish","type":"post","link":"https:\/\/progettotouring.it\/radiotouring104\/2023\/07\/19\/le-opere-darte-di-andrea-valere-alla-galleria-darte-filippo-cogliandro\/","title":{"rendered":"Le opere d&#8217;arte di Andrea Valere alla Galleria d&#8217;Arte Filippo Cogliandro"},"content":{"rendered":"<p style=\"text-align: justify\">Al via dal 20 luglio la personale del maestro <strong>Andrea Valere,<\/strong> in mostra presso L\u2019<strong>A Gourmet L\u2019Accademia Art Gallery<\/strong> di <strong>Filippo Cogliandro<\/strong>. La mostra, a cura di Elmar Elisabetta Marcian\u00f2, offre uno spaccato visivo originale e approfondisce temi sociali molto attuali. Valere, infatti con questa nuova ricerca, si allontana dalla cifra stilistica legata alla solarit\u00e0 mediterranea che lo ha reso famoso e che gli ha permesso di esporre in tutto il mondo. Oggi l\u2019artista indaga temi diversi legai a nuovi stili di vita. ai cambiamenti profondi dei costumi sociali.<\/p>\n<p style=\"text-align: justify\">\u00a0\u201cL&#8217;artista &#8220;dipinge&#8221; la verit\u00e0 nuda e cruda, \u00e8 questo il suo dovere, la sua necessit\u00e0. La verit\u00e0 sociale si pu\u00f2 declinare in molti modi, alcuni di questi li troveremo nelle opere di Andrea Valere che torna con una nuova ricerca. L&#8217; artista sceglie di esprimersi senza filtri, lontano da sguardi ipocriti e politically correct. Sonda il rapporto con i social, con le nuove regole dell&#8217;estetica, con la libert\u00e0 assoluta come conquista fondamentale per essere se stessi. Una libert\u00e0 che nonostante tutto \u00e8 &#8220;legata&#8221; all&#8217;attesa, alla condivisione di ogni attimo, alla voglia di lasciare un segno di noi, che sia un messaggio, una foto, un video o un post. &#8220;<em>Troverete tutto questo e altro ancora nelle oltre 30 tele esposte che porta un titolo piuttosto esplicito, cos\u00ec come esplicite sono le sue opere: Aspettando Whatsapp&#8221;<\/em> \u2013 afferma Elmar Elisabetta Marcian\u00f2. Vernissage 20 luglio dalle ore 18:30. Con il patrocinio del comune di Reggio Calabria assessorato alla cultura e al turismo.<\/p>\n","protected":false},"excerpt":{"rendered":"<p>Al via dal 20 luglio la personale del maestro Andrea Valere, in mostra presso L\u2019A Gourmet L\u2019Accademia Art Gallery di Filippo Cogliandro. La mostra, a cura di Elmar Elisabetta Marcian\u00f2,&hellip;<\/p>\n","protected":false},"author":8,"featured_media":30640,"comment_status":"closed","ping_status":"open","sticky":false,"template":"","format":"standard","meta":{"_jetpack_memberships_contains_paid_content":false,"footnotes":"","jetpack_publicize_message":"","jetpack_publicize_feature_enabled":true,"jetpack_social_post_already_shared":false,"jetpack_social_options":{"image_generator_settings":{"template":"highway","default_image_id":0,"font":"","enabled":false},"version":2}},"categories":[921,196,140],"tags":[19073,19072,2831],"class_list":["post-30639","post","type-post","status-publish","format-standard","has-post-thumbnail","hentry","category-home","category-news","category-reggio-calabria","tag-a-gourmet-laccademia-art-gallery","tag-andrea-valere","tag-filippo-cogliandro"],"yoast_head":"<!-- This site is optimized with the Yoast SEO plugin v27.2 - https:\/\/yoast.com\/product\/yoast-seo-wordpress\/ -->\n<title>Le opere d&#039;arte di Valere alla Galleria d&#039;Arte Filippo Cogliandro<\/title>\n<meta name=\"description\" content=\"Dal 20 luglio la Galleria d&#039;Arte Filippo Cogliandro L&#039;A Gourmet Academy ospiter\u00e0 una mostra personale del maestro Andrea Valere\" \/>\n<meta name=\"robots\" content=\"index, follow, max-snippet:-1, max-image-preview:large, max-video-preview:-1\" \/>\n<link rel=\"canonical\" href=\"https:\/\/progettotouring.it\/radiotouring104\/2023\/07\/19\/le-opere-darte-di-andrea-valere-alla-galleria-darte-filippo-cogliandro\/\" \/>\n<meta property=\"og:locale\" content=\"it_IT\" \/>\n<meta property=\"og:type\" content=\"article\" \/>\n<meta property=\"og:title\" content=\"Le opere d&#039;arte di Valere alla Galleria d&#039;Arte Filippo Cogliandro\" \/>\n<meta property=\"og:description\" content=\"Dal 20 luglio la Galleria d&#039;Arte Filippo Cogliandro L&#039;A Gourmet Academy ospiter\u00e0 una mostra personale del maestro Andrea Valere\" \/>\n<meta property=\"og:url\" content=\"https:\/\/progettotouring.it\/radiotouring104\/2023\/07\/19\/le-opere-darte-di-andrea-valere-alla-galleria-darte-filippo-cogliandro\/\" \/>\n<meta property=\"og:site_name\" content=\"Radio Touring 104\" \/>\n<meta property=\"article:published_time\" content=\"2023-07-19T15:39:36+00:00\" \/>\n<meta property=\"article:modified_time\" content=\"2023-07-20T08:56:21+00:00\" \/>\n<meta property=\"og:image\" content=\"https:\/\/progettotouring.it\/radiotouring104\/wp-content\/uploads\/sites\/6\/2023\/07\/andrea-valere.jpg\" \/>\n\t<meta property=\"og:image:width\" content=\"2048\" \/>\n\t<meta property=\"og:image:height\" content=\"1434\" \/>\n\t<meta property=\"og:image:type\" content=\"image\/jpeg\" \/>\n<meta name=\"author\" content=\"Filippo Francesco Idone\" \/>\n<meta name=\"twitter:card\" content=\"summary_large_image\" \/>\n<meta name=\"twitter:label1\" content=\"Scritto da\" \/>\n\t<meta name=\"twitter:data1\" content=\"Filippo Francesco Idone\" \/>\n\t<meta name=\"twitter:label2\" content=\"Tempo di lettura stimato\" \/>\n\t<meta name=\"twitter:data2\" content=\"1 minuto\" \/>\n<script type=\"application\/ld+json\" class=\"yoast-schema-graph\">{\"@context\":\"https:\/\/schema.org\",\"@graph\":[{\"@type\":\"Article\",\"@id\":\"https:\/\/progettotouring.it\/radiotouring104\/2023\/07\/19\/le-opere-darte-di-andrea-valere-alla-galleria-darte-filippo-cogliandro\/#article\",\"isPartOf\":{\"@id\":\"https:\/\/progettotouring.it\/radiotouring104\/2023\/07\/19\/le-opere-darte-di-andrea-valere-alla-galleria-darte-filippo-cogliandro\/\"},\"author\":{\"name\":\"Filippo Francesco Idone\",\"@id\":\"https:\/\/progettotouring.it\/radiotouring104\/#\/schema\/person\/4a82259ca52ac8702ad1a8f9e5a3120b\"},\"headline\":\"Le opere d&#8217;arte di Andrea Valere alla Galleria d&#8217;Arte Filippo Cogliandro\",\"datePublished\":\"2023-07-19T15:39:36+00:00\",\"dateModified\":\"2023-07-20T08:56:21+00:00\",\"mainEntityOfPage\":{\"@id\":\"https:\/\/progettotouring.it\/radiotouring104\/2023\/07\/19\/le-opere-darte-di-andrea-valere-alla-galleria-darte-filippo-cogliandro\/\"},\"wordCount\":255,\"publisher\":{\"@id\":\"https:\/\/progettotouring.it\/radiotouring104\/#organization\"},\"image\":{\"@id\":\"https:\/\/progettotouring.it\/radiotouring104\/2023\/07\/19\/le-opere-darte-di-andrea-valere-alla-galleria-darte-filippo-cogliandro\/#primaryimage\"},\"thumbnailUrl\":\"https:\/\/progettotouring.it\/radiotouring104\/wp-content\/uploads\/sites\/6\/2023\/07\/andrea-valere.jpg\",\"keywords\":[\"A Gourmet L\u2019Accademia Art Gallery\",\"Andrea Valere\",\"filippo cogliandro\"],\"articleSection\":[\"Home\",\"News\",\"Reggio Calabria\"],\"inLanguage\":\"it-IT\"},{\"@type\":\"WebPage\",\"@id\":\"https:\/\/progettotouring.it\/radiotouring104\/2023\/07\/19\/le-opere-darte-di-andrea-valere-alla-galleria-darte-filippo-cogliandro\/\",\"url\":\"https:\/\/progettotouring.it\/radiotouring104\/2023\/07\/19\/le-opere-darte-di-andrea-valere-alla-galleria-darte-filippo-cogliandro\/\",\"name\":\"Le opere d'arte di Valere alla Galleria d'Arte Filippo Cogliandro\",\"isPartOf\":{\"@id\":\"https:\/\/progettotouring.it\/radiotouring104\/#website\"},\"primaryImageOfPage\":{\"@id\":\"https:\/\/progettotouring.it\/radiotouring104\/2023\/07\/19\/le-opere-darte-di-andrea-valere-alla-galleria-darte-filippo-cogliandro\/#primaryimage\"},\"image\":{\"@id\":\"https:\/\/progettotouring.it\/radiotouring104\/2023\/07\/19\/le-opere-darte-di-andrea-valere-alla-galleria-darte-filippo-cogliandro\/#primaryimage\"},\"thumbnailUrl\":\"https:\/\/progettotouring.it\/radiotouring104\/wp-content\/uploads\/sites\/6\/2023\/07\/andrea-valere.jpg\",\"datePublished\":\"2023-07-19T15:39:36+00:00\",\"dateModified\":\"2023-07-20T08:56:21+00:00\",\"description\":\"Dal 20 luglio la Galleria d'Arte Filippo Cogliandro L'A Gourmet Academy ospiter\u00e0 una mostra personale del maestro Andrea Valere\",\"breadcrumb\":{\"@id\":\"https:\/\/progettotouring.it\/radiotouring104\/2023\/07\/19\/le-opere-darte-di-andrea-valere-alla-galleria-darte-filippo-cogliandro\/#breadcrumb\"},\"inLanguage\":\"it-IT\",\"potentialAction\":[{\"@type\":\"ReadAction\",\"target\":[\"https:\/\/progettotouring.it\/radiotouring104\/2023\/07\/19\/le-opere-darte-di-andrea-valere-alla-galleria-darte-filippo-cogliandro\/\"]}]},{\"@type\":\"ImageObject\",\"inLanguage\":\"it-IT\",\"@id\":\"https:\/\/progettotouring.it\/radiotouring104\/2023\/07\/19\/le-opere-darte-di-andrea-valere-alla-galleria-darte-filippo-cogliandro\/#primaryimage\",\"url\":\"https:\/\/progettotouring.it\/radiotouring104\/wp-content\/uploads\/sites\/6\/2023\/07\/andrea-valere.jpg\",\"contentUrl\":\"https:\/\/progettotouring.it\/radiotouring104\/wp-content\/uploads\/sites\/6\/2023\/07\/andrea-valere.jpg\",\"width\":2048,\"height\":1434},{\"@type\":\"BreadcrumbList\",\"@id\":\"https:\/\/progettotouring.it\/radiotouring104\/2023\/07\/19\/le-opere-darte-di-andrea-valere-alla-galleria-darte-filippo-cogliandro\/#breadcrumb\",\"itemListElement\":[{\"@type\":\"ListItem\",\"position\":1,\"name\":\"Home\",\"item\":\"https:\/\/progettotouring.it\/radiotouring104\/\"},{\"@type\":\"ListItem\",\"position\":2,\"name\":\"Le opere d&#8217;arte di Andrea Valere alla Galleria d&#8217;Arte Filippo Cogliandro\"}]},{\"@type\":\"WebSite\",\"@id\":\"https:\/\/progettotouring.it\/radiotouring104\/#website\",\"url\":\"https:\/\/progettotouring.it\/radiotouring104\/\",\"name\":\"Radio Touring 104\",\"description\":\"La prima radio Reggina\",\"publisher\":{\"@id\":\"https:\/\/progettotouring.it\/radiotouring104\/#organization\"},\"potentialAction\":[{\"@type\":\"SearchAction\",\"target\":{\"@type\":\"EntryPoint\",\"urlTemplate\":\"https:\/\/progettotouring.it\/radiotouring104\/?s={search_term_string}\"},\"query-input\":{\"@type\":\"PropertyValueSpecification\",\"valueRequired\":true,\"valueName\":\"search_term_string\"}}],\"inLanguage\":\"it-IT\"},{\"@type\":\"Organization\",\"@id\":\"https:\/\/progettotouring.it\/radiotouring104\/#organization\",\"name\":\"Radio Touring 104\",\"url\":\"https:\/\/progettotouring.it\/radiotouring104\/\",\"logo\":{\"@type\":\"ImageObject\",\"inLanguage\":\"it-IT\",\"@id\":\"https:\/\/progettotouring.it\/radiotouring104\/#\/schema\/logo\/image\/\",\"url\":\"https:\/\/progettotouring.it\/radiotouring104\/wp-content\/uploads\/sites\/6\/2022\/02\/cropped-logo-radio-touring-104.png\",\"contentUrl\":\"https:\/\/progettotouring.it\/radiotouring104\/wp-content\/uploads\/sites\/6\/2022\/02\/cropped-logo-radio-touring-104.png\",\"width\":377,\"height\":182,\"caption\":\"Radio Touring 104\"},\"image\":{\"@id\":\"https:\/\/progettotouring.it\/radiotouring104\/#\/schema\/logo\/image\/\"}},{\"@type\":\"Person\",\"@id\":\"https:\/\/progettotouring.it\/radiotouring104\/#\/schema\/person\/4a82259ca52ac8702ad1a8f9e5a3120b\",\"name\":\"Filippo Francesco Idone\",\"image\":{\"@type\":\"ImageObject\",\"inLanguage\":\"it-IT\",\"@id\":\"https:\/\/secure.gravatar.com\/avatar\/7268715d2366395c3dd314385670e6484117d44f5c442e61e230f7008b7b62d3?s=96&d=mm&r=g\",\"url\":\"https:\/\/secure.gravatar.com\/avatar\/7268715d2366395c3dd314385670e6484117d44f5c442e61e230f7008b7b62d3?s=96&d=mm&r=g\",\"contentUrl\":\"https:\/\/secure.gravatar.com\/avatar\/7268715d2366395c3dd314385670e6484117d44f5c442e61e230f7008b7b62d3?s=96&d=mm&r=g\",\"caption\":\"Filippo Francesco Idone\"},\"url\":\"https:\/\/progettotouring.it\/radiotouring104\/author\/filippoidone\/\"}]}<\/script>\n<!-- \/ Yoast SEO plugin. -->","yoast_head_json":{"title":"Le opere d'arte di Valere alla Galleria d'Arte Filippo Cogliandro","description":"Dal 20 luglio la Galleria d'Arte Filippo Cogliandro L'A Gourmet Academy ospiter\u00e0 una mostra personale del maestro Andrea Valere","robots":{"index":"index","follow":"follow","max-snippet":"max-snippet:-1","max-image-preview":"max-image-preview:large","max-video-preview":"max-video-preview:-1"},"canonical":"https:\/\/progettotouring.it\/radiotouring104\/2023\/07\/19\/le-opere-darte-di-andrea-valere-alla-galleria-darte-filippo-cogliandro\/","og_locale":"it_IT","og_type":"article","og_title":"Le opere d'arte di Valere alla Galleria d'Arte Filippo Cogliandro","og_description":"Dal 20 luglio la Galleria d'Arte Filippo Cogliandro L'A Gourmet Academy ospiter\u00e0 una mostra personale del maestro Andrea Valere","og_url":"https:\/\/progettotouring.it\/radiotouring104\/2023\/07\/19\/le-opere-darte-di-andrea-valere-alla-galleria-darte-filippo-cogliandro\/","og_site_name":"Radio Touring 104","article_published_time":"2023-07-19T15:39:36+00:00","article_modified_time":"2023-07-20T08:56:21+00:00","og_image":[{"width":2048,"height":1434,"url":"https:\/\/progettotouring.it\/radiotouring104\/wp-content\/uploads\/sites\/6\/2023\/07\/andrea-valere.jpg","type":"image\/jpeg"}],"author":"Filippo Francesco Idone","twitter_card":"summary_large_image","twitter_misc":{"Scritto da":"Filippo Francesco Idone","Tempo di lettura stimato":"1 minuto"},"schema":{"@context":"https:\/\/schema.org","@graph":[{"@type":"Article","@id":"https:\/\/progettotouring.it\/radiotouring104\/2023\/07\/19\/le-opere-darte-di-andrea-valere-alla-galleria-darte-filippo-cogliandro\/#article","isPartOf":{"@id":"https:\/\/progettotouring.it\/radiotouring104\/2023\/07\/19\/le-opere-darte-di-andrea-valere-alla-galleria-darte-filippo-cogliandro\/"},"author":{"name":"Filippo Francesco Idone","@id":"https:\/\/progettotouring.it\/radiotouring104\/#\/schema\/person\/4a82259ca52ac8702ad1a8f9e5a3120b"},"headline":"Le opere d&#8217;arte di Andrea Valere alla Galleria d&#8217;Arte Filippo Cogliandro","datePublished":"2023-07-19T15:39:36+00:00","dateModified":"2023-07-20T08:56:21+00:00","mainEntityOfPage":{"@id":"https:\/\/progettotouring.it\/radiotouring104\/2023\/07\/19\/le-opere-darte-di-andrea-valere-alla-galleria-darte-filippo-cogliandro\/"},"wordCount":255,"publisher":{"@id":"https:\/\/progettotouring.it\/radiotouring104\/#organization"},"image":{"@id":"https:\/\/progettotouring.it\/radiotouring104\/2023\/07\/19\/le-opere-darte-di-andrea-valere-alla-galleria-darte-filippo-cogliandro\/#primaryimage"},"thumbnailUrl":"https:\/\/progettotouring.it\/radiotouring104\/wp-content\/uploads\/sites\/6\/2023\/07\/andrea-valere.jpg","keywords":["A Gourmet L\u2019Accademia Art Gallery","Andrea Valere","filippo cogliandro"],"articleSection":["Home","News","Reggio Calabria"],"inLanguage":"it-IT"},{"@type":"WebPage","@id":"https:\/\/progettotouring.it\/radiotouring104\/2023\/07\/19\/le-opere-darte-di-andrea-valere-alla-galleria-darte-filippo-cogliandro\/","url":"https:\/\/progettotouring.it\/radiotouring104\/2023\/07\/19\/le-opere-darte-di-andrea-valere-alla-galleria-darte-filippo-cogliandro\/","name":"Le opere d'arte di Valere alla Galleria d'Arte Filippo Cogliandro","isPartOf":{"@id":"https:\/\/progettotouring.it\/radiotouring104\/#website"},"primaryImageOfPage":{"@id":"https:\/\/progettotouring.it\/radiotouring104\/2023\/07\/19\/le-opere-darte-di-andrea-valere-alla-galleria-darte-filippo-cogliandro\/#primaryimage"},"image":{"@id":"https:\/\/progettotouring.it\/radiotouring104\/2023\/07\/19\/le-opere-darte-di-andrea-valere-alla-galleria-darte-filippo-cogliandro\/#primaryimage"},"thumbnailUrl":"https:\/\/progettotouring.it\/radiotouring104\/wp-content\/uploads\/sites\/6\/2023\/07\/andrea-valere.jpg","datePublished":"2023-07-19T15:39:36+00:00","dateModified":"2023-07-20T08:56:21+00:00","description":"Dal 20 luglio la Galleria d'Arte Filippo Cogliandro L'A Gourmet Academy ospiter\u00e0 una mostra personale del maestro Andrea Valere","breadcrumb":{"@id":"https:\/\/progettotouring.it\/radiotouring104\/2023\/07\/19\/le-opere-darte-di-andrea-valere-alla-galleria-darte-filippo-cogliandro\/#breadcrumb"},"inLanguage":"it-IT","potentialAction":[{"@type":"ReadAction","target":["https:\/\/progettotouring.it\/radiotouring104\/2023\/07\/19\/le-opere-darte-di-andrea-valere-alla-galleria-darte-filippo-cogliandro\/"]}]},{"@type":"ImageObject","inLanguage":"it-IT","@id":"https:\/\/progettotouring.it\/radiotouring104\/2023\/07\/19\/le-opere-darte-di-andrea-valere-alla-galleria-darte-filippo-cogliandro\/#primaryimage","url":"https:\/\/progettotouring.it\/radiotouring104\/wp-content\/uploads\/sites\/6\/2023\/07\/andrea-valere.jpg","contentUrl":"https:\/\/progettotouring.it\/radiotouring104\/wp-content\/uploads\/sites\/6\/2023\/07\/andrea-valere.jpg","width":2048,"height":1434},{"@type":"BreadcrumbList","@id":"https:\/\/progettotouring.it\/radiotouring104\/2023\/07\/19\/le-opere-darte-di-andrea-valere-alla-galleria-darte-filippo-cogliandro\/#breadcrumb","itemListElement":[{"@type":"ListItem","position":1,"name":"Home","item":"https:\/\/progettotouring.it\/radiotouring104\/"},{"@type":"ListItem","position":2,"name":"Le opere d&#8217;arte di Andrea Valere alla Galleria d&#8217;Arte Filippo Cogliandro"}]},{"@type":"WebSite","@id":"https:\/\/progettotouring.it\/radiotouring104\/#website","url":"https:\/\/progettotouring.it\/radiotouring104\/","name":"Radio Touring 104","description":"La prima radio Reggina","publisher":{"@id":"https:\/\/progettotouring.it\/radiotouring104\/#organization"},"potentialAction":[{"@type":"SearchAction","target":{"@type":"EntryPoint","urlTemplate":"https:\/\/progettotouring.it\/radiotouring104\/?s={search_term_string}"},"query-input":{"@type":"PropertyValueSpecification","valueRequired":true,"valueName":"search_term_string"}}],"inLanguage":"it-IT"},{"@type":"Organization","@id":"https:\/\/progettotouring.it\/radiotouring104\/#organization","name":"Radio Touring 104","url":"https:\/\/progettotouring.it\/radiotouring104\/","logo":{"@type":"ImageObject","inLanguage":"it-IT","@id":"https:\/\/progettotouring.it\/radiotouring104\/#\/schema\/logo\/image\/","url":"https:\/\/progettotouring.it\/radiotouring104\/wp-content\/uploads\/sites\/6\/2022\/02\/cropped-logo-radio-touring-104.png","contentUrl":"https:\/\/progettotouring.it\/radiotouring104\/wp-content\/uploads\/sites\/6\/2022\/02\/cropped-logo-radio-touring-104.png","width":377,"height":182,"caption":"Radio Touring 104"},"image":{"@id":"https:\/\/progettotouring.it\/radiotouring104\/#\/schema\/logo\/image\/"}},{"@type":"Person","@id":"https:\/\/progettotouring.it\/radiotouring104\/#\/schema\/person\/4a82259ca52ac8702ad1a8f9e5a3120b","name":"Filippo Francesco Idone","image":{"@type":"ImageObject","inLanguage":"it-IT","@id":"https:\/\/secure.gravatar.com\/avatar\/7268715d2366395c3dd314385670e6484117d44f5c442e61e230f7008b7b62d3?s=96&d=mm&r=g","url":"https:\/\/secure.gravatar.com\/avatar\/7268715d2366395c3dd314385670e6484117d44f5c442e61e230f7008b7b62d3?s=96&d=mm&r=g","contentUrl":"https:\/\/secure.gravatar.com\/avatar\/7268715d2366395c3dd314385670e6484117d44f5c442e61e230f7008b7b62d3?s=96&d=mm&r=g","caption":"Filippo Francesco Idone"},"url":"https:\/\/progettotouring.it\/radiotouring104\/author\/filippoidone\/"}]}},"jetpack_publicize_connections":[],"jetpack_featured_media_url":"https:\/\/progettotouring.it\/radiotouring104\/wp-content\/uploads\/sites\/6\/2023\/07\/andrea-valere.jpg","jetpack_sharing_enabled":true,"_links":{"self":[{"href":"https:\/\/progettotouring.it\/radiotouring104\/wp-json\/wp\/v2\/posts\/30639","targetHints":{"allow":["GET"]}}],"collection":[{"href":"https:\/\/progettotouring.it\/radiotouring104\/wp-json\/wp\/v2\/posts"}],"about":[{"href":"https:\/\/progettotouring.it\/radiotouring104\/wp-json\/wp\/v2\/types\/post"}],"author":[{"embeddable":true,"href":"https:\/\/progettotouring.it\/radiotouring104\/wp-json\/wp\/v2\/users\/8"}],"replies":[{"embeddable":true,"href":"https:\/\/progettotouring.it\/radiotouring104\/wp-json\/wp\/v2\/comments?post=30639"}],"version-history":[{"count":1,"href":"https:\/\/progettotouring.it\/radiotouring104\/wp-json\/wp\/v2\/posts\/30639\/revisions"}],"predecessor-version":[{"id":30641,"href":"https:\/\/progettotouring.it\/radiotouring104\/wp-json\/wp\/v2\/posts\/30639\/revisions\/30641"}],"wp:featuredmedia":[{"embeddable":true,"href":"https:\/\/progettotouring.it\/radiotouring104\/wp-json\/wp\/v2\/media\/30640"}],"wp:attachment":[{"href":"https:\/\/progettotouring.it\/radiotouring104\/wp-json\/wp\/v2\/media?parent=30639"}],"wp:term":[{"taxonomy":"category","embeddable":true,"href":"https:\/\/progettotouring.it\/radiotouring104\/wp-json\/wp\/v2\/categories?post=30639"},{"taxonomy":"post_tag","embeddable":true,"href":"https:\/\/progettotouring.it\/radiotouring104\/wp-json\/wp\/v2\/tags?post=30639"}],"curies":[{"name":"wp","href":"https:\/\/api.w.org\/{rel}","templated":true}]}}