{"id":30645,"date":"2023-07-19T17:49:03","date_gmt":"2023-07-19T15:49:03","guid":{"rendered":"https:\/\/progettotouring.it\/radiotouring104\/?p=30645"},"modified":"2023-07-20T10:52:37","modified_gmt":"2023-07-20T08:52:37","slug":"reggio-calabria-disabilita-e-lavoro-un-seminario-promosso-dalla-coop-libero-nocera","status":"publish","type":"post","link":"https:\/\/progettotouring.it\/radiotouring104\/2023\/07\/19\/reggio-calabria-disabilita-e-lavoro-un-seminario-promosso-dalla-coop-libero-nocera\/","title":{"rendered":"Reggio Calabria, Disabilit\u00e0 e lavoro: un seminario promosso dalla Coop. Libero Nocera"},"content":{"rendered":"<p style=\"text-align: justify\">\u2018Inclusione lavorativa e disabilit\u00e0 \u2013 Un cambio di prospettiva\u2019. E\u2019 il tema scelto dalla <strong>Cooperativa sociale Libero Nocera<\/strong> per discutere di inclusione ed inserimento delle persone disabili nel mondo del lavoro. Il seminario informativo, aperto al pubblico, si terr\u00e0 luned\u00ec 24 luglio dalle ore 9:30 presso i locali di via Tirrenica Archi del \u2018<strong>Touch\u00e8<\/strong> <strong>Lounge<\/strong> <strong>Club<\/strong>\u2019 a <strong>Reggio Calabria.<\/strong><\/p>\n<p style=\"text-align: justify\">All\u2019incontro rivolto alle famiglie e a tutti coloro che operano nel terzo settore, parteciperanno il presidente della Cooperativa <strong>L. Nocera Gaetano Nucera<\/strong>, l\u2019assessore del Comune di <strong>Reggio Calabria Demetrio Delfino,<\/strong> lo psicologo e psicoterapeuta prof. Giovanni Giacobbe, la presidente dell\u2019ass. \u2018Insieme per la disabilit\u00e0\u2019 dott.ssa Immacolata Cassalia, il presidente G.I. Unindustria Calabria Umberto Barreca ed il consulente del lavoro dott. Domenico Chirico. L\u2019incontro verr\u00e0 moderato dal giornalista Vincenzo Comi, direttore di CityNow.it. Il seminario \u00e8 realizzato nell\u2019ambito del progetto \u201cInsieme per l\u2019inclusione\u201d \u2013 Avviso pubblico \u201cServizi innovativi per l\u2019inclusione lavorativa di disabili e categorie svantaggiate in aree degradate \u2013 <strong>PON METRO 2014 \u2013 2020 Asse 3<\/strong> Servizi per l\u2019inclusione. Essere inclusivi significa permettere a tutti di esprimere al meglio il proprio potenziale e valore, dando la stessa possibilit\u00e0 di partecipare e contribuire, indipendentemente dalle caratteristiche personali. In Italia la legge prevede l\u2019inserimento dei disabili nel mondo del lavoro ed impone a tutti i datori di\u00a0lavoro, pubblici e privati, con pi\u00f9 di 15 dipendenti, di riservare una quota delle proprie assunzioni ai soggetti\u00a0disabili, con percentuale di invalidit\u00e0 uguale o superiore al 46%.<\/p>\n<p style=\"text-align: justify\">Tuttavia spesso e volentieri non si riesce a garantire il pieno riconoscimento dei diritti e delle capacit\u00e0 della persona. L\u2019inserimento delle persone fragili all\u2019interno del mondo del lavoro \u00e8 un gesto di civilt\u00e0 necessario. In Calabria ancora oggi non esiste una sensibilit\u00e0 diffusa su questo tema, e si hanno ancora pochi avviamenti di persone con disabilit\u00e0 rispetto a quelli che potenzialmente si potrebbero avere. L\u2019auspicio \u00e8 che le famiglie abbiano maggiore fiducia nel proporre ai propri cari percorsi di accompagnamento e inserimento al lavoro, perch\u00e9 questi possono rappresentare importanti opportunit\u00e0 alle persone fragili, garantendogli al contempo anche un\u2019emancipazione anche economica. L\u2019incontro, sar\u00e0 dunque l\u2019occasione per approfondire le leggi che regolamentano l\u2019inclusione lavorativa delle persone disabili, gli strumenti e le opportunit\u00e0 esistenti per il loro inserimento.<\/p>\n","protected":false},"excerpt":{"rendered":"<p>\u2018Inclusione lavorativa e disabilit\u00e0 \u2013 Un cambio di prospettiva\u2019. E\u2019 il tema scelto dalla Cooperativa sociale Libero Nocera per discutere di inclusione ed inserimento delle persone disabili nel mondo del&hellip;<\/p>\n","protected":false},"author":8,"featured_media":30646,"comment_status":"closed","ping_status":"open","sticky":false,"template":"","format":"standard","meta":{"_jetpack_memberships_contains_paid_content":false,"footnotes":"","jetpack_publicize_message":"","jetpack_publicize_feature_enabled":true,"jetpack_social_post_already_shared":false,"jetpack_social_options":{"image_generator_settings":{"template":"highway","default_image_id":0,"font":"","enabled":false},"version":2}},"categories":[921,196,140],"tags":[4099,1857,236,19075],"class_list":["post-30645","post","type-post","status-publish","format-standard","has-post-thumbnail","hentry","category-home","category-news","category-reggio-calabria","tag-cooperativa-sociale-libero-nocera","tag-demetrio-delfino","tag-reggio-calabria","tag-touche-lounge-club"],"yoast_head":"<!-- This site is optimized with the Yoast SEO plugin v27.2 - https:\/\/yoast.com\/product\/yoast-seo-wordpress\/ -->\n<title>Disabilit\u00e0 e Lavoro: seminario della Coop. Libero Nocera<\/title>\n<meta name=\"description\" content=\"Disabilit\u00e0 e lavoro &quot;Cambio di prospettiva&quot;: il 24 luglio ci sar\u00e0 un seminario promosso da Coop. Libera Nocera\" \/>\n<meta name=\"robots\" content=\"index, follow, max-snippet:-1, max-image-preview:large, max-video-preview:-1\" \/>\n<link rel=\"canonical\" href=\"https:\/\/progettotouring.it\/radiotouring104\/2023\/07\/19\/reggio-calabria-disabilita-e-lavoro-un-seminario-promosso-dalla-coop-libero-nocera\/\" \/>\n<meta property=\"og:locale\" content=\"it_IT\" \/>\n<meta property=\"og:type\" content=\"article\" \/>\n<meta property=\"og:title\" content=\"Disabilit\u00e0 e Lavoro: seminario della Coop. Libero Nocera\" \/>\n<meta property=\"og:description\" content=\"Disabilit\u00e0 e lavoro &quot;Cambio di prospettiva&quot;: il 24 luglio ci sar\u00e0 un seminario promosso da Coop. Libera Nocera\" \/>\n<meta property=\"og:url\" content=\"https:\/\/progettotouring.it\/radiotouring104\/2023\/07\/19\/reggio-calabria-disabilita-e-lavoro-un-seminario-promosso-dalla-coop-libero-nocera\/\" \/>\n<meta property=\"og:site_name\" content=\"Radio Touring 104\" \/>\n<meta property=\"article:published_time\" content=\"2023-07-19T15:49:03+00:00\" \/>\n<meta property=\"article:modified_time\" content=\"2023-07-20T08:52:37+00:00\" \/>\n<meta property=\"og:image\" content=\"https:\/\/progettotouring.it\/radiotouring104\/wp-content\/uploads\/sites\/6\/2023\/07\/disabilita-lavoro.jpeg\" \/>\n\t<meta property=\"og:image:width\" content=\"1600\" \/>\n\t<meta property=\"og:image:height\" content=\"898\" \/>\n\t<meta property=\"og:image:type\" content=\"image\/jpeg\" \/>\n<meta name=\"author\" content=\"Filippo Francesco Idone\" \/>\n<meta name=\"twitter:card\" content=\"summary_large_image\" \/>\n<meta name=\"twitter:label1\" content=\"Scritto da\" \/>\n\t<meta name=\"twitter:data1\" content=\"Filippo Francesco Idone\" \/>\n\t<meta name=\"twitter:label2\" content=\"Tempo di lettura stimato\" \/>\n\t<meta name=\"twitter:data2\" content=\"2 minuti\" \/>\n<script type=\"application\/ld+json\" class=\"yoast-schema-graph\">{\"@context\":\"https:\/\/schema.org\",\"@graph\":[{\"@type\":\"Article\",\"@id\":\"https:\/\/progettotouring.it\/radiotouring104\/2023\/07\/19\/reggio-calabria-disabilita-e-lavoro-un-seminario-promosso-dalla-coop-libero-nocera\/#article\",\"isPartOf\":{\"@id\":\"https:\/\/progettotouring.it\/radiotouring104\/2023\/07\/19\/reggio-calabria-disabilita-e-lavoro-un-seminario-promosso-dalla-coop-libero-nocera\/\"},\"author\":{\"name\":\"Filippo Francesco Idone\",\"@id\":\"https:\/\/progettotouring.it\/radiotouring104\/#\/schema\/person\/4a82259ca52ac8702ad1a8f9e5a3120b\"},\"headline\":\"Reggio Calabria, Disabilit\u00e0 e lavoro: un seminario promosso dalla Coop. Libero Nocera\",\"datePublished\":\"2023-07-19T15:49:03+00:00\",\"dateModified\":\"2023-07-20T08:52:37+00:00\",\"mainEntityOfPage\":{\"@id\":\"https:\/\/progettotouring.it\/radiotouring104\/2023\/07\/19\/reggio-calabria-disabilita-e-lavoro-un-seminario-promosso-dalla-coop-libero-nocera\/\"},\"wordCount\":384,\"publisher\":{\"@id\":\"https:\/\/progettotouring.it\/radiotouring104\/#organization\"},\"image\":{\"@id\":\"https:\/\/progettotouring.it\/radiotouring104\/2023\/07\/19\/reggio-calabria-disabilita-e-lavoro-un-seminario-promosso-dalla-coop-libero-nocera\/#primaryimage\"},\"thumbnailUrl\":\"https:\/\/progettotouring.it\/radiotouring104\/wp-content\/uploads\/sites\/6\/2023\/07\/disabilita-lavoro.jpeg\",\"keywords\":[\"cooperativa sociale libero nocera\",\"Demetrio Delfino\",\"reggio calabria\",\"Touch\u00e8 Lounge Club\"],\"articleSection\":[\"Home\",\"News\",\"Reggio Calabria\"],\"inLanguage\":\"it-IT\"},{\"@type\":\"WebPage\",\"@id\":\"https:\/\/progettotouring.it\/radiotouring104\/2023\/07\/19\/reggio-calabria-disabilita-e-lavoro-un-seminario-promosso-dalla-coop-libero-nocera\/\",\"url\":\"https:\/\/progettotouring.it\/radiotouring104\/2023\/07\/19\/reggio-calabria-disabilita-e-lavoro-un-seminario-promosso-dalla-coop-libero-nocera\/\",\"name\":\"Disabilit\u00e0 e Lavoro: seminario della Coop. Libero Nocera\",\"isPartOf\":{\"@id\":\"https:\/\/progettotouring.it\/radiotouring104\/#website\"},\"primaryImageOfPage\":{\"@id\":\"https:\/\/progettotouring.it\/radiotouring104\/2023\/07\/19\/reggio-calabria-disabilita-e-lavoro-un-seminario-promosso-dalla-coop-libero-nocera\/#primaryimage\"},\"image\":{\"@id\":\"https:\/\/progettotouring.it\/radiotouring104\/2023\/07\/19\/reggio-calabria-disabilita-e-lavoro-un-seminario-promosso-dalla-coop-libero-nocera\/#primaryimage\"},\"thumbnailUrl\":\"https:\/\/progettotouring.it\/radiotouring104\/wp-content\/uploads\/sites\/6\/2023\/07\/disabilita-lavoro.jpeg\",\"datePublished\":\"2023-07-19T15:49:03+00:00\",\"dateModified\":\"2023-07-20T08:52:37+00:00\",\"description\":\"Disabilit\u00e0 e lavoro \\\"Cambio di prospettiva\\\": il 24 luglio ci sar\u00e0 un seminario promosso da Coop. Libera Nocera\",\"breadcrumb\":{\"@id\":\"https:\/\/progettotouring.it\/radiotouring104\/2023\/07\/19\/reggio-calabria-disabilita-e-lavoro-un-seminario-promosso-dalla-coop-libero-nocera\/#breadcrumb\"},\"inLanguage\":\"it-IT\",\"potentialAction\":[{\"@type\":\"ReadAction\",\"target\":[\"https:\/\/progettotouring.it\/radiotouring104\/2023\/07\/19\/reggio-calabria-disabilita-e-lavoro-un-seminario-promosso-dalla-coop-libero-nocera\/\"]}]},{\"@type\":\"ImageObject\",\"inLanguage\":\"it-IT\",\"@id\":\"https:\/\/progettotouring.it\/radiotouring104\/2023\/07\/19\/reggio-calabria-disabilita-e-lavoro-un-seminario-promosso-dalla-coop-libero-nocera\/#primaryimage\",\"url\":\"https:\/\/progettotouring.it\/radiotouring104\/wp-content\/uploads\/sites\/6\/2023\/07\/disabilita-lavoro.jpeg\",\"contentUrl\":\"https:\/\/progettotouring.it\/radiotouring104\/wp-content\/uploads\/sites\/6\/2023\/07\/disabilita-lavoro.jpeg\",\"width\":1600,\"height\":898},{\"@type\":\"BreadcrumbList\",\"@id\":\"https:\/\/progettotouring.it\/radiotouring104\/2023\/07\/19\/reggio-calabria-disabilita-e-lavoro-un-seminario-promosso-dalla-coop-libero-nocera\/#breadcrumb\",\"itemListElement\":[{\"@type\":\"ListItem\",\"position\":1,\"name\":\"Home\",\"item\":\"https:\/\/progettotouring.it\/radiotouring104\/\"},{\"@type\":\"ListItem\",\"position\":2,\"name\":\"Reggio Calabria, Disabilit\u00e0 e lavoro: un seminario promosso dalla Coop. Libero Nocera\"}]},{\"@type\":\"WebSite\",\"@id\":\"https:\/\/progettotouring.it\/radiotouring104\/#website\",\"url\":\"https:\/\/progettotouring.it\/radiotouring104\/\",\"name\":\"Radio Touring 104\",\"description\":\"La prima radio Reggina\",\"publisher\":{\"@id\":\"https:\/\/progettotouring.it\/radiotouring104\/#organization\"},\"potentialAction\":[{\"@type\":\"SearchAction\",\"target\":{\"@type\":\"EntryPoint\",\"urlTemplate\":\"https:\/\/progettotouring.it\/radiotouring104\/?s={search_term_string}\"},\"query-input\":{\"@type\":\"PropertyValueSpecification\",\"valueRequired\":true,\"valueName\":\"search_term_string\"}}],\"inLanguage\":\"it-IT\"},{\"@type\":\"Organization\",\"@id\":\"https:\/\/progettotouring.it\/radiotouring104\/#organization\",\"name\":\"Radio Touring 104\",\"url\":\"https:\/\/progettotouring.it\/radiotouring104\/\",\"logo\":{\"@type\":\"ImageObject\",\"inLanguage\":\"it-IT\",\"@id\":\"https:\/\/progettotouring.it\/radiotouring104\/#\/schema\/logo\/image\/\",\"url\":\"https:\/\/progettotouring.it\/radiotouring104\/wp-content\/uploads\/sites\/6\/2022\/02\/cropped-logo-radio-touring-104.png\",\"contentUrl\":\"https:\/\/progettotouring.it\/radiotouring104\/wp-content\/uploads\/sites\/6\/2022\/02\/cropped-logo-radio-touring-104.png\",\"width\":377,\"height\":182,\"caption\":\"Radio Touring 104\"},\"image\":{\"@id\":\"https:\/\/progettotouring.it\/radiotouring104\/#\/schema\/logo\/image\/\"}},{\"@type\":\"Person\",\"@id\":\"https:\/\/progettotouring.it\/radiotouring104\/#\/schema\/person\/4a82259ca52ac8702ad1a8f9e5a3120b\",\"name\":\"Filippo Francesco Idone\",\"image\":{\"@type\":\"ImageObject\",\"inLanguage\":\"it-IT\",\"@id\":\"https:\/\/secure.gravatar.com\/avatar\/7268715d2366395c3dd314385670e6484117d44f5c442e61e230f7008b7b62d3?s=96&d=mm&r=g\",\"url\":\"https:\/\/secure.gravatar.com\/avatar\/7268715d2366395c3dd314385670e6484117d44f5c442e61e230f7008b7b62d3?s=96&d=mm&r=g\",\"contentUrl\":\"https:\/\/secure.gravatar.com\/avatar\/7268715d2366395c3dd314385670e6484117d44f5c442e61e230f7008b7b62d3?s=96&d=mm&r=g\",\"caption\":\"Filippo Francesco Idone\"},\"url\":\"https:\/\/progettotouring.it\/radiotouring104\/author\/filippoidone\/\"}]}<\/script>\n<!-- \/ Yoast SEO plugin. -->","yoast_head_json":{"title":"Disabilit\u00e0 e Lavoro: seminario della Coop. Libero Nocera","description":"Disabilit\u00e0 e lavoro \"Cambio di prospettiva\": il 24 luglio ci sar\u00e0 un seminario promosso da Coop. Libera Nocera","robots":{"index":"index","follow":"follow","max-snippet":"max-snippet:-1","max-image-preview":"max-image-preview:large","max-video-preview":"max-video-preview:-1"},"canonical":"https:\/\/progettotouring.it\/radiotouring104\/2023\/07\/19\/reggio-calabria-disabilita-e-lavoro-un-seminario-promosso-dalla-coop-libero-nocera\/","og_locale":"it_IT","og_type":"article","og_title":"Disabilit\u00e0 e Lavoro: seminario della Coop. Libero Nocera","og_description":"Disabilit\u00e0 e lavoro \"Cambio di prospettiva\": il 24 luglio ci sar\u00e0 un seminario promosso da Coop. Libera Nocera","og_url":"https:\/\/progettotouring.it\/radiotouring104\/2023\/07\/19\/reggio-calabria-disabilita-e-lavoro-un-seminario-promosso-dalla-coop-libero-nocera\/","og_site_name":"Radio Touring 104","article_published_time":"2023-07-19T15:49:03+00:00","article_modified_time":"2023-07-20T08:52:37+00:00","og_image":[{"width":1600,"height":898,"url":"https:\/\/progettotouring.it\/radiotouring104\/wp-content\/uploads\/sites\/6\/2023\/07\/disabilita-lavoro.jpeg","type":"image\/jpeg"}],"author":"Filippo Francesco Idone","twitter_card":"summary_large_image","twitter_misc":{"Scritto da":"Filippo Francesco Idone","Tempo di lettura stimato":"2 minuti"},"schema":{"@context":"https:\/\/schema.org","@graph":[{"@type":"Article","@id":"https:\/\/progettotouring.it\/radiotouring104\/2023\/07\/19\/reggio-calabria-disabilita-e-lavoro-un-seminario-promosso-dalla-coop-libero-nocera\/#article","isPartOf":{"@id":"https:\/\/progettotouring.it\/radiotouring104\/2023\/07\/19\/reggio-calabria-disabilita-e-lavoro-un-seminario-promosso-dalla-coop-libero-nocera\/"},"author":{"name":"Filippo Francesco Idone","@id":"https:\/\/progettotouring.it\/radiotouring104\/#\/schema\/person\/4a82259ca52ac8702ad1a8f9e5a3120b"},"headline":"Reggio Calabria, Disabilit\u00e0 e lavoro: un seminario promosso dalla Coop. Libero Nocera","datePublished":"2023-07-19T15:49:03+00:00","dateModified":"2023-07-20T08:52:37+00:00","mainEntityOfPage":{"@id":"https:\/\/progettotouring.it\/radiotouring104\/2023\/07\/19\/reggio-calabria-disabilita-e-lavoro-un-seminario-promosso-dalla-coop-libero-nocera\/"},"wordCount":384,"publisher":{"@id":"https:\/\/progettotouring.it\/radiotouring104\/#organization"},"image":{"@id":"https:\/\/progettotouring.it\/radiotouring104\/2023\/07\/19\/reggio-calabria-disabilita-e-lavoro-un-seminario-promosso-dalla-coop-libero-nocera\/#primaryimage"},"thumbnailUrl":"https:\/\/progettotouring.it\/radiotouring104\/wp-content\/uploads\/sites\/6\/2023\/07\/disabilita-lavoro.jpeg","keywords":["cooperativa sociale libero nocera","Demetrio Delfino","reggio calabria","Touch\u00e8 Lounge Club"],"articleSection":["Home","News","Reggio Calabria"],"inLanguage":"it-IT"},{"@type":"WebPage","@id":"https:\/\/progettotouring.it\/radiotouring104\/2023\/07\/19\/reggio-calabria-disabilita-e-lavoro-un-seminario-promosso-dalla-coop-libero-nocera\/","url":"https:\/\/progettotouring.it\/radiotouring104\/2023\/07\/19\/reggio-calabria-disabilita-e-lavoro-un-seminario-promosso-dalla-coop-libero-nocera\/","name":"Disabilit\u00e0 e Lavoro: seminario della Coop. Libero Nocera","isPartOf":{"@id":"https:\/\/progettotouring.it\/radiotouring104\/#website"},"primaryImageOfPage":{"@id":"https:\/\/progettotouring.it\/radiotouring104\/2023\/07\/19\/reggio-calabria-disabilita-e-lavoro-un-seminario-promosso-dalla-coop-libero-nocera\/#primaryimage"},"image":{"@id":"https:\/\/progettotouring.it\/radiotouring104\/2023\/07\/19\/reggio-calabria-disabilita-e-lavoro-un-seminario-promosso-dalla-coop-libero-nocera\/#primaryimage"},"thumbnailUrl":"https:\/\/progettotouring.it\/radiotouring104\/wp-content\/uploads\/sites\/6\/2023\/07\/disabilita-lavoro.jpeg","datePublished":"2023-07-19T15:49:03+00:00","dateModified":"2023-07-20T08:52:37+00:00","description":"Disabilit\u00e0 e lavoro \"Cambio di prospettiva\": il 24 luglio ci sar\u00e0 un seminario promosso da Coop. Libera Nocera","breadcrumb":{"@id":"https:\/\/progettotouring.it\/radiotouring104\/2023\/07\/19\/reggio-calabria-disabilita-e-lavoro-un-seminario-promosso-dalla-coop-libero-nocera\/#breadcrumb"},"inLanguage":"it-IT","potentialAction":[{"@type":"ReadAction","target":["https:\/\/progettotouring.it\/radiotouring104\/2023\/07\/19\/reggio-calabria-disabilita-e-lavoro-un-seminario-promosso-dalla-coop-libero-nocera\/"]}]},{"@type":"ImageObject","inLanguage":"it-IT","@id":"https:\/\/progettotouring.it\/radiotouring104\/2023\/07\/19\/reggio-calabria-disabilita-e-lavoro-un-seminario-promosso-dalla-coop-libero-nocera\/#primaryimage","url":"https:\/\/progettotouring.it\/radiotouring104\/wp-content\/uploads\/sites\/6\/2023\/07\/disabilita-lavoro.jpeg","contentUrl":"https:\/\/progettotouring.it\/radiotouring104\/wp-content\/uploads\/sites\/6\/2023\/07\/disabilita-lavoro.jpeg","width":1600,"height":898},{"@type":"BreadcrumbList","@id":"https:\/\/progettotouring.it\/radiotouring104\/2023\/07\/19\/reggio-calabria-disabilita-e-lavoro-un-seminario-promosso-dalla-coop-libero-nocera\/#breadcrumb","itemListElement":[{"@type":"ListItem","position":1,"name":"Home","item":"https:\/\/progettotouring.it\/radiotouring104\/"},{"@type":"ListItem","position":2,"name":"Reggio Calabria, Disabilit\u00e0 e lavoro: un seminario promosso dalla Coop. Libero Nocera"}]},{"@type":"WebSite","@id":"https:\/\/progettotouring.it\/radiotouring104\/#website","url":"https:\/\/progettotouring.it\/radiotouring104\/","name":"Radio Touring 104","description":"La prima radio Reggina","publisher":{"@id":"https:\/\/progettotouring.it\/radiotouring104\/#organization"},"potentialAction":[{"@type":"SearchAction","target":{"@type":"EntryPoint","urlTemplate":"https:\/\/progettotouring.it\/radiotouring104\/?s={search_term_string}"},"query-input":{"@type":"PropertyValueSpecification","valueRequired":true,"valueName":"search_term_string"}}],"inLanguage":"it-IT"},{"@type":"Organization","@id":"https:\/\/progettotouring.it\/radiotouring104\/#organization","name":"Radio Touring 104","url":"https:\/\/progettotouring.it\/radiotouring104\/","logo":{"@type":"ImageObject","inLanguage":"it-IT","@id":"https:\/\/progettotouring.it\/radiotouring104\/#\/schema\/logo\/image\/","url":"https:\/\/progettotouring.it\/radiotouring104\/wp-content\/uploads\/sites\/6\/2022\/02\/cropped-logo-radio-touring-104.png","contentUrl":"https:\/\/progettotouring.it\/radiotouring104\/wp-content\/uploads\/sites\/6\/2022\/02\/cropped-logo-radio-touring-104.png","width":377,"height":182,"caption":"Radio Touring 104"},"image":{"@id":"https:\/\/progettotouring.it\/radiotouring104\/#\/schema\/logo\/image\/"}},{"@type":"Person","@id":"https:\/\/progettotouring.it\/radiotouring104\/#\/schema\/person\/4a82259ca52ac8702ad1a8f9e5a3120b","name":"Filippo Francesco Idone","image":{"@type":"ImageObject","inLanguage":"it-IT","@id":"https:\/\/secure.gravatar.com\/avatar\/7268715d2366395c3dd314385670e6484117d44f5c442e61e230f7008b7b62d3?s=96&d=mm&r=g","url":"https:\/\/secure.gravatar.com\/avatar\/7268715d2366395c3dd314385670e6484117d44f5c442e61e230f7008b7b62d3?s=96&d=mm&r=g","contentUrl":"https:\/\/secure.gravatar.com\/avatar\/7268715d2366395c3dd314385670e6484117d44f5c442e61e230f7008b7b62d3?s=96&d=mm&r=g","caption":"Filippo Francesco Idone"},"url":"https:\/\/progettotouring.it\/radiotouring104\/author\/filippoidone\/"}]}},"jetpack_publicize_connections":[],"jetpack_featured_media_url":"https:\/\/progettotouring.it\/radiotouring104\/wp-content\/uploads\/sites\/6\/2023\/07\/disabilita-lavoro.jpeg","jetpack_sharing_enabled":true,"_links":{"self":[{"href":"https:\/\/progettotouring.it\/radiotouring104\/wp-json\/wp\/v2\/posts\/30645","targetHints":{"allow":["GET"]}}],"collection":[{"href":"https:\/\/progettotouring.it\/radiotouring104\/wp-json\/wp\/v2\/posts"}],"about":[{"href":"https:\/\/progettotouring.it\/radiotouring104\/wp-json\/wp\/v2\/types\/post"}],"author":[{"embeddable":true,"href":"https:\/\/progettotouring.it\/radiotouring104\/wp-json\/wp\/v2\/users\/8"}],"replies":[{"embeddable":true,"href":"https:\/\/progettotouring.it\/radiotouring104\/wp-json\/wp\/v2\/comments?post=30645"}],"version-history":[{"count":1,"href":"https:\/\/progettotouring.it\/radiotouring104\/wp-json\/wp\/v2\/posts\/30645\/revisions"}],"predecessor-version":[{"id":30647,"href":"https:\/\/progettotouring.it\/radiotouring104\/wp-json\/wp\/v2\/posts\/30645\/revisions\/30647"}],"wp:featuredmedia":[{"embeddable":true,"href":"https:\/\/progettotouring.it\/radiotouring104\/wp-json\/wp\/v2\/media\/30646"}],"wp:attachment":[{"href":"https:\/\/progettotouring.it\/radiotouring104\/wp-json\/wp\/v2\/media?parent=30645"}],"wp:term":[{"taxonomy":"category","embeddable":true,"href":"https:\/\/progettotouring.it\/radiotouring104\/wp-json\/wp\/v2\/categories?post=30645"},{"taxonomy":"post_tag","embeddable":true,"href":"https:\/\/progettotouring.it\/radiotouring104\/wp-json\/wp\/v2\/tags?post=30645"}],"curies":[{"name":"wp","href":"https:\/\/api.w.org\/{rel}","templated":true}]}}