{"id":30661,"date":"2023-07-20T10:36:43","date_gmt":"2023-07-20T08:36:43","guid":{"rendered":"https:\/\/progettotouring.it\/radiotouring104\/?p=30661"},"modified":"2023-07-20T14:41:30","modified_gmt":"2023-07-20T12:41:30","slug":"la-lega-navale-sez-locri-presenta-il-suo-cartellone-estivo","status":"publish","type":"post","link":"https:\/\/progettotouring.it\/radiotouring104\/2023\/07\/20\/la-lega-navale-sez-locri-presenta-il-suo-cartellone-estivo\/","title":{"rendered":"La Lega Navale, sez Locri, presenta il suo cartellone estivo"},"content":{"rendered":"<p style=\"text-align: justify\">La L<strong>ega Navale Italiana di Locri<\/strong>, da pochi giorni elevata a Sezione, presenta il suo cartellone di eventi estivi che focalizza l\u2019attenzione sulla narrativa d\u2019autore e sull\u2019aggregazione sociale e culturale. Il sodalizio, presieduto da Arturo Guida, in poco meno di un anno e mezzo ha lavorato alacremente a diversi eventi, che si sono sviluppati intorno alla cultura del mare e alle sue attivit\u00e0 che hanno dato un nuovo impulso a tutto il territorio locrese. \u201cParole di sera \u2013 narrazioni in riva al mare\u201d, col Patrocinio della Citt\u00e0 di Locri ed in collaborazione con Edicol\u00e8 di Locri, inaugura, il prossimo 22 luglio, una rassegna letteraria curata dalla giornalista Mara Rechichi, che dialogher\u00e0 con i vari autori che si avvicenderanno nel corso delle serate. Si parte con la presentazione di \u201cCento giorni nel Tirreno\u201d di Davide Besana, edito da \u201cNutrimenti mare\u201d, un inedito viaggio di riscoperta oltre la vela, il mare e la navigazione di un autore di successo. Besana, illustratore e velista molto noto e amato, lo scorso anno ha navigato con la sua barca, che compiva quarant\u2019anni, lungo le coste tirreniche, senza fretta, con l\u2019intenzione di vedere quello che in tanti anni di viaggi per mare, con ritmi consumistici, aveva tralasciato. Partito in maggio da Napoli ha navigato, per lo pi\u00f9 da solo, per cinque mesi, percorrendo oltre duemila miglia fra costa tirrenica, Sicilia e Sardegna. Durante le soste ha partecipato a regate, presentato i suoi libri, ma soprattutto tenuto lezioni di vela e di disegno ai ragazzi affidati a Save The Children e alla lega Navale Italiana. Giorno dopo giorno, l\u2019autore ha descritto in questo diario di bordo ad acquarello, come si faceva un tempo, i luoghi ma soprattutto le emozioni e i colori di quelle che, senza particolari sentimenti patriottici, considera le acque pi\u00f9 belle del pianeta. Ne \u00e8 nato un resoconto originale, poetico e spiritoso che mostra il nostro paese con saggezza e grande affetto. L\u2019originale diario di bordo di Davide Besana sar\u00e0 offerto a tutti coloro vorranno partecipare a questa esperienza umana e culturale che prender\u00e0 il via il 22 luglio alle ore 21,30 presso la sede della LNI di Locri. \u201cParole di sera\u201d proseguir\u00e0 il 31 luglio con la presentazione di \u201cMalinverno\u201d di Domenico Dara e il 4 agosto con \u201cGli uomini non sono isole\u201d &#8211; il mare dentro: un\u2019altra Calabria sulle sponde del Mediterraneo, nel ricordo di Nuccio Ordine, di Daniel Cundari. Il 18 agosto sar\u00e0 la volta del presidente della LNI di Locri, Arturo Guida, presentare \u201cPino Felicetti, le opere di un fotografo e cineoperatore subacqueo calabrese\u201d. Tra le interessantissime attivit\u00e0 della LNI di Locri, anche la regata sociale che si terr\u00e0 presumibilmente a met\u00e0 agosto. \u201cL\u2019attivit\u00e0 \u00e8 cresciuta, riferisce il presidente Guida, da meno di un anno e mezzo \u00e8 diventata un punto di aggregazione e di inclusione sociale e culturale non solo per i cultori del mare, ma per tutti i cittadini del nostro comprensorio\u201d. Sono stati creati il nucleo dei pescatori da affiliare alla Fipsas (Federazione italiana pesca sportiva e attivit\u00e0 subacquee) ed il gruppo sportivo velico con che sta per essere affiliato alla FIV (Federazione Italiana Vela) che ha consentito di avviare i corsi di vela con i ragazzi del \u201cPunto Luce\u201d di San Luca e di Plat\u00ec, gestiti in collaborazione con l\u2019Associazione Civitas Solis di Locri, che da anni opera per la promozione delle politiche giovanili sia sul territorio della Locride che in molti paesi europei ed extraeuropei. I soci della LNI, inizialmente una ventina, hanno avviato tutte le attivit\u00e0 proprio con l\u2019idea di creare un centro di aggregazione sociale con lo scopo di divulgare la cultura della vela e del mare, mettendo in atto anche azioni solidali e dando anche lustro ad un ambiente bellissimo ma spesso carente di strutture e di servizi nautici. Ulteriore onore bisogna riconoscere a quest\u2019Associazione se si<br \/>\nconsidera che in questo breve lasso di tempo ha chiesto agli organi competenti, ottenuto e salvato dalla demolizione restaurandole 3 barche a vela d\u2019altura di gran pregio, sequestrate nelle varie operazioni di traffico di clandestini. Queste imbarcazioni, oggi assegnate alla LNI di Locri sono a disposizione di tutti i soci della LNI per attivit\u00e0 di carattere ambientale e per attivit\u00e0 di diffusione dello sport della vela. Prima fra tutte le imprese compiute vi \u00e8 per\u00f2 la creazione di una sede fisica in un\u2019area suggestiva e di grande valore ambientale, sul Lungomare lato Sud in mezzo tra il mare e la pineta litoranea. Le strutture, una vera e propria scuola di vela con istruttori della Lega Navale e della FIV, non solo ospitano le attrezzature utili alle attivit\u00e0 veliche, ma \u00e8 un vero e proprio centro servizi per i soci e per gli ospiti che intendono partecipare agli eventi programmati. Il sodalizio, che con libere donazioni ha sostenuto e continua a sostenere il progetto, \u00e8 cresciuto numericamente e qualitativamente fino a contare attualmente 150 associati. Da qui l\u2019intento di avviare alcune attivit\u00e0 anche di concerto con altri sodalizi locali tra i quali WWF Calabria, Legambiente, l\u2019Associazione Civitas Solis (rappresentante di Save the Children). Altre attivit\u00e0 saranno avviate anche di concerto con il Ministero dell\u2019Istruzione e del Merito, in accordo con tour operator locali, per l\u2019organizzazione, nei futuri anni scolastici, di corsi di vela e di attivit\u00e0 formative sull\u2019ambiente marino, per studenti e studentesse delle scuole secondarie di primo e di secondo grado. \u201cDa meno di un mese il nostro sodalizio da Delegazione \u00e8 stato elevato a Sezione \u2013 sottolinea Arturo Guida \u2013 ci\u00f2 ci ha riempiti di soddisfazione e ci ha anche spronato a continuare a crescere ed a consolidare il senso di appartenenza al nostro territorio\u201d. La neopromossa Sezione LNI di Locri sar\u00e0 presente alla consueta Assemblea Generale dei Soci, quest\u2019anno ospitata a Crotone, la quale sar\u00e0 anche occasione di relazione e di confronto con le Sezioni consorelle in merito ai progetti presenti e futuri della LN.<\/p>\n","protected":false},"excerpt":{"rendered":"<p>La Lega Navale Italiana di Locri, da pochi giorni elevata a Sezione, presenta il suo cartellone di eventi estivi che focalizza l\u2019attenzione sulla narrativa d\u2019autore e sull\u2019aggregazione sociale e culturale.&hellip;<\/p>\n","protected":false},"author":12,"featured_media":30663,"comment_status":"closed","ping_status":"open","sticky":false,"template":"","format":"standard","meta":{"_jetpack_memberships_contains_paid_content":false,"footnotes":"","jetpack_publicize_message":"","jetpack_publicize_feature_enabled":true,"jetpack_social_post_already_shared":false,"jetpack_social_options":{"image_generator_settings":{"template":"highway","default_image_id":0,"font":"","enabled":false},"version":2}},"categories":[921,196,140],"tags":[19095,2259,19096,19094,19093],"class_list":["post-30661","post","type-post","status-publish","format-standard","has-post-thumbnail","hentry","category-home","category-news","category-reggio-calabria","tag-arturo-guida","tag-citta-di-locri","tag-davide-besana","tag-lega-navale-italiana-sezione-di-locri","tag-mara-rechichi"],"yoast_head":"<!-- This site is optimized with the Yoast SEO plugin v27.2 - https:\/\/yoast.com\/product\/yoast-seo-wordpress\/ -->\n<title>La Lega Navale, sez Locri, presenta il cartellone estivo<\/title>\n<meta name=\"description\" content=\"Si inizia con \u201cParole di sera \u2013 narrazioni in riva al mare\u201d una rassegna letteraria, curata dalla giornalista Mara Rechichi\" \/>\n<meta name=\"robots\" content=\"index, follow, max-snippet:-1, max-image-preview:large, max-video-preview:-1\" \/>\n<link rel=\"canonical\" href=\"https:\/\/progettotouring.it\/radiotouring104\/2023\/07\/20\/la-lega-navale-sez-locri-presenta-il-suo-cartellone-estivo\/\" \/>\n<meta property=\"og:locale\" content=\"it_IT\" \/>\n<meta property=\"og:type\" content=\"article\" \/>\n<meta property=\"og:title\" content=\"La Lega Navale, sez Locri, presenta il cartellone estivo\" \/>\n<meta property=\"og:description\" content=\"Si inizia con \u201cParole di sera \u2013 narrazioni in riva al mare\u201d una rassegna letteraria, curata dalla giornalista Mara Rechichi\" \/>\n<meta property=\"og:url\" content=\"https:\/\/progettotouring.it\/radiotouring104\/2023\/07\/20\/la-lega-navale-sez-locri-presenta-il-suo-cartellone-estivo\/\" \/>\n<meta property=\"og:site_name\" content=\"Radio Touring 104\" \/>\n<meta property=\"article:published_time\" content=\"2023-07-20T08:36:43+00:00\" \/>\n<meta property=\"article:modified_time\" content=\"2023-07-20T12:41:30+00:00\" \/>\n<meta property=\"og:image\" content=\"https:\/\/progettotouring.it\/radiotouring104\/wp-content\/uploads\/sites\/6\/2023\/07\/Lega-navale-sez-locri-cartellone-estivo.png\" \/>\n\t<meta property=\"og:image:width\" content=\"644\" \/>\n\t<meta property=\"og:image:height\" content=\"355\" \/>\n\t<meta property=\"og:image:type\" content=\"image\/png\" \/>\n<meta name=\"author\" content=\"Sebastiano Plutino\" \/>\n<meta name=\"twitter:card\" content=\"summary_large_image\" \/>\n<meta name=\"twitter:label1\" content=\"Scritto da\" \/>\n\t<meta name=\"twitter:data1\" content=\"Sebastiano Plutino\" \/>\n\t<meta name=\"twitter:label2\" content=\"Tempo di lettura stimato\" \/>\n\t<meta name=\"twitter:data2\" content=\"5 minuti\" \/>\n<script type=\"application\/ld+json\" class=\"yoast-schema-graph\">{\"@context\":\"https:\/\/schema.org\",\"@graph\":[{\"@type\":\"Article\",\"@id\":\"https:\/\/progettotouring.it\/radiotouring104\/2023\/07\/20\/la-lega-navale-sez-locri-presenta-il-suo-cartellone-estivo\/#article\",\"isPartOf\":{\"@id\":\"https:\/\/progettotouring.it\/radiotouring104\/2023\/07\/20\/la-lega-navale-sez-locri-presenta-il-suo-cartellone-estivo\/\"},\"author\":{\"name\":\"Sebastiano Plutino\",\"@id\":\"https:\/\/progettotouring.it\/radiotouring104\/#\/schema\/person\/78613917f1851f041f7483f5af1d422e\"},\"headline\":\"La Lega Navale, sez Locri, presenta il suo cartellone estivo\",\"datePublished\":\"2023-07-20T08:36:43+00:00\",\"dateModified\":\"2023-07-20T12:41:30+00:00\",\"mainEntityOfPage\":{\"@id\":\"https:\/\/progettotouring.it\/radiotouring104\/2023\/07\/20\/la-lega-navale-sez-locri-presenta-il-suo-cartellone-estivo\/\"},\"wordCount\":984,\"publisher\":{\"@id\":\"https:\/\/progettotouring.it\/radiotouring104\/#organization\"},\"image\":{\"@id\":\"https:\/\/progettotouring.it\/radiotouring104\/2023\/07\/20\/la-lega-navale-sez-locri-presenta-il-suo-cartellone-estivo\/#primaryimage\"},\"thumbnailUrl\":\"https:\/\/progettotouring.it\/radiotouring104\/wp-content\/uploads\/sites\/6\/2023\/07\/Lega-navale-sez-locri-cartellone-estivo.png\",\"keywords\":[\"Arturo Guida\",\"Citt\u00e0 di Locri\",\"Davide Besana\",\"Lega Navale Italiana \u2013 Sezione di Locri\",\"Mara Rechichi.\"],\"articleSection\":[\"Home\",\"News\",\"Reggio Calabria\"],\"inLanguage\":\"it-IT\"},{\"@type\":\"WebPage\",\"@id\":\"https:\/\/progettotouring.it\/radiotouring104\/2023\/07\/20\/la-lega-navale-sez-locri-presenta-il-suo-cartellone-estivo\/\",\"url\":\"https:\/\/progettotouring.it\/radiotouring104\/2023\/07\/20\/la-lega-navale-sez-locri-presenta-il-suo-cartellone-estivo\/\",\"name\":\"La Lega Navale, sez Locri, presenta il cartellone estivo\",\"isPartOf\":{\"@id\":\"https:\/\/progettotouring.it\/radiotouring104\/#website\"},\"primaryImageOfPage\":{\"@id\":\"https:\/\/progettotouring.it\/radiotouring104\/2023\/07\/20\/la-lega-navale-sez-locri-presenta-il-suo-cartellone-estivo\/#primaryimage\"},\"image\":{\"@id\":\"https:\/\/progettotouring.it\/radiotouring104\/2023\/07\/20\/la-lega-navale-sez-locri-presenta-il-suo-cartellone-estivo\/#primaryimage\"},\"thumbnailUrl\":\"https:\/\/progettotouring.it\/radiotouring104\/wp-content\/uploads\/sites\/6\/2023\/07\/Lega-navale-sez-locri-cartellone-estivo.png\",\"datePublished\":\"2023-07-20T08:36:43+00:00\",\"dateModified\":\"2023-07-20T12:41:30+00:00\",\"description\":\"Si inizia con \u201cParole di sera \u2013 narrazioni in riva al mare\u201d una rassegna letteraria, curata dalla giornalista Mara Rechichi\",\"breadcrumb\":{\"@id\":\"https:\/\/progettotouring.it\/radiotouring104\/2023\/07\/20\/la-lega-navale-sez-locri-presenta-il-suo-cartellone-estivo\/#breadcrumb\"},\"inLanguage\":\"it-IT\",\"potentialAction\":[{\"@type\":\"ReadAction\",\"target\":[\"https:\/\/progettotouring.it\/radiotouring104\/2023\/07\/20\/la-lega-navale-sez-locri-presenta-il-suo-cartellone-estivo\/\"]}]},{\"@type\":\"ImageObject\",\"inLanguage\":\"it-IT\",\"@id\":\"https:\/\/progettotouring.it\/radiotouring104\/2023\/07\/20\/la-lega-navale-sez-locri-presenta-il-suo-cartellone-estivo\/#primaryimage\",\"url\":\"https:\/\/progettotouring.it\/radiotouring104\/wp-content\/uploads\/sites\/6\/2023\/07\/Lega-navale-sez-locri-cartellone-estivo.png\",\"contentUrl\":\"https:\/\/progettotouring.it\/radiotouring104\/wp-content\/uploads\/sites\/6\/2023\/07\/Lega-navale-sez-locri-cartellone-estivo.png\",\"width\":644,\"height\":355},{\"@type\":\"BreadcrumbList\",\"@id\":\"https:\/\/progettotouring.it\/radiotouring104\/2023\/07\/20\/la-lega-navale-sez-locri-presenta-il-suo-cartellone-estivo\/#breadcrumb\",\"itemListElement\":[{\"@type\":\"ListItem\",\"position\":1,\"name\":\"Home\",\"item\":\"https:\/\/progettotouring.it\/radiotouring104\/\"},{\"@type\":\"ListItem\",\"position\":2,\"name\":\"La Lega Navale, sez Locri, presenta il suo cartellone estivo\"}]},{\"@type\":\"WebSite\",\"@id\":\"https:\/\/progettotouring.it\/radiotouring104\/#website\",\"url\":\"https:\/\/progettotouring.it\/radiotouring104\/\",\"name\":\"Radio Touring 104\",\"description\":\"La prima radio Reggina\",\"publisher\":{\"@id\":\"https:\/\/progettotouring.it\/radiotouring104\/#organization\"},\"potentialAction\":[{\"@type\":\"SearchAction\",\"target\":{\"@type\":\"EntryPoint\",\"urlTemplate\":\"https:\/\/progettotouring.it\/radiotouring104\/?s={search_term_string}\"},\"query-input\":{\"@type\":\"PropertyValueSpecification\",\"valueRequired\":true,\"valueName\":\"search_term_string\"}}],\"inLanguage\":\"it-IT\"},{\"@type\":\"Organization\",\"@id\":\"https:\/\/progettotouring.it\/radiotouring104\/#organization\",\"name\":\"Radio Touring 104\",\"url\":\"https:\/\/progettotouring.it\/radiotouring104\/\",\"logo\":{\"@type\":\"ImageObject\",\"inLanguage\":\"it-IT\",\"@id\":\"https:\/\/progettotouring.it\/radiotouring104\/#\/schema\/logo\/image\/\",\"url\":\"https:\/\/progettotouring.it\/radiotouring104\/wp-content\/uploads\/sites\/6\/2022\/02\/cropped-logo-radio-touring-104.png\",\"contentUrl\":\"https:\/\/progettotouring.it\/radiotouring104\/wp-content\/uploads\/sites\/6\/2022\/02\/cropped-logo-radio-touring-104.png\",\"width\":377,\"height\":182,\"caption\":\"Radio Touring 104\"},\"image\":{\"@id\":\"https:\/\/progettotouring.it\/radiotouring104\/#\/schema\/logo\/image\/\"}},{\"@type\":\"Person\",\"@id\":\"https:\/\/progettotouring.it\/radiotouring104\/#\/schema\/person\/78613917f1851f041f7483f5af1d422e\",\"name\":\"Sebastiano Plutino\",\"image\":{\"@type\":\"ImageObject\",\"inLanguage\":\"it-IT\",\"@id\":\"https:\/\/secure.gravatar.com\/avatar\/0546ffaa9b79224faf9f2a156b67a529ae861d3287c66c1d8ccfdf909bcba78d?s=96&d=mm&r=g\",\"url\":\"https:\/\/secure.gravatar.com\/avatar\/0546ffaa9b79224faf9f2a156b67a529ae861d3287c66c1d8ccfdf909bcba78d?s=96&d=mm&r=g\",\"contentUrl\":\"https:\/\/secure.gravatar.com\/avatar\/0546ffaa9b79224faf9f2a156b67a529ae861d3287c66c1d8ccfdf909bcba78d?s=96&d=mm&r=g\",\"caption\":\"Sebastiano Plutino\"},\"url\":\"https:\/\/progettotouring.it\/radiotouring104\/author\/sebastiano\/\"}]}<\/script>\n<!-- \/ Yoast SEO plugin. -->","yoast_head_json":{"title":"La Lega Navale, sez Locri, presenta il cartellone estivo","description":"Si inizia con \u201cParole di sera \u2013 narrazioni in riva al mare\u201d una rassegna letteraria, curata dalla giornalista Mara Rechichi","robots":{"index":"index","follow":"follow","max-snippet":"max-snippet:-1","max-image-preview":"max-image-preview:large","max-video-preview":"max-video-preview:-1"},"canonical":"https:\/\/progettotouring.it\/radiotouring104\/2023\/07\/20\/la-lega-navale-sez-locri-presenta-il-suo-cartellone-estivo\/","og_locale":"it_IT","og_type":"article","og_title":"La Lega Navale, sez Locri, presenta il cartellone estivo","og_description":"Si inizia con \u201cParole di sera \u2013 narrazioni in riva al mare\u201d una rassegna letteraria, curata dalla giornalista Mara Rechichi","og_url":"https:\/\/progettotouring.it\/radiotouring104\/2023\/07\/20\/la-lega-navale-sez-locri-presenta-il-suo-cartellone-estivo\/","og_site_name":"Radio Touring 104","article_published_time":"2023-07-20T08:36:43+00:00","article_modified_time":"2023-07-20T12:41:30+00:00","og_image":[{"width":644,"height":355,"url":"https:\/\/progettotouring.it\/radiotouring104\/wp-content\/uploads\/sites\/6\/2023\/07\/Lega-navale-sez-locri-cartellone-estivo.png","type":"image\/png"}],"author":"Sebastiano Plutino","twitter_card":"summary_large_image","twitter_misc":{"Scritto da":"Sebastiano Plutino","Tempo di lettura stimato":"5 minuti"},"schema":{"@context":"https:\/\/schema.org","@graph":[{"@type":"Article","@id":"https:\/\/progettotouring.it\/radiotouring104\/2023\/07\/20\/la-lega-navale-sez-locri-presenta-il-suo-cartellone-estivo\/#article","isPartOf":{"@id":"https:\/\/progettotouring.it\/radiotouring104\/2023\/07\/20\/la-lega-navale-sez-locri-presenta-il-suo-cartellone-estivo\/"},"author":{"name":"Sebastiano Plutino","@id":"https:\/\/progettotouring.it\/radiotouring104\/#\/schema\/person\/78613917f1851f041f7483f5af1d422e"},"headline":"La Lega Navale, sez Locri, presenta il suo cartellone estivo","datePublished":"2023-07-20T08:36:43+00:00","dateModified":"2023-07-20T12:41:30+00:00","mainEntityOfPage":{"@id":"https:\/\/progettotouring.it\/radiotouring104\/2023\/07\/20\/la-lega-navale-sez-locri-presenta-il-suo-cartellone-estivo\/"},"wordCount":984,"publisher":{"@id":"https:\/\/progettotouring.it\/radiotouring104\/#organization"},"image":{"@id":"https:\/\/progettotouring.it\/radiotouring104\/2023\/07\/20\/la-lega-navale-sez-locri-presenta-il-suo-cartellone-estivo\/#primaryimage"},"thumbnailUrl":"https:\/\/progettotouring.it\/radiotouring104\/wp-content\/uploads\/sites\/6\/2023\/07\/Lega-navale-sez-locri-cartellone-estivo.png","keywords":["Arturo Guida","Citt\u00e0 di Locri","Davide Besana","Lega Navale Italiana \u2013 Sezione di Locri","Mara Rechichi."],"articleSection":["Home","News","Reggio Calabria"],"inLanguage":"it-IT"},{"@type":"WebPage","@id":"https:\/\/progettotouring.it\/radiotouring104\/2023\/07\/20\/la-lega-navale-sez-locri-presenta-il-suo-cartellone-estivo\/","url":"https:\/\/progettotouring.it\/radiotouring104\/2023\/07\/20\/la-lega-navale-sez-locri-presenta-il-suo-cartellone-estivo\/","name":"La Lega Navale, sez Locri, presenta il cartellone estivo","isPartOf":{"@id":"https:\/\/progettotouring.it\/radiotouring104\/#website"},"primaryImageOfPage":{"@id":"https:\/\/progettotouring.it\/radiotouring104\/2023\/07\/20\/la-lega-navale-sez-locri-presenta-il-suo-cartellone-estivo\/#primaryimage"},"image":{"@id":"https:\/\/progettotouring.it\/radiotouring104\/2023\/07\/20\/la-lega-navale-sez-locri-presenta-il-suo-cartellone-estivo\/#primaryimage"},"thumbnailUrl":"https:\/\/progettotouring.it\/radiotouring104\/wp-content\/uploads\/sites\/6\/2023\/07\/Lega-navale-sez-locri-cartellone-estivo.png","datePublished":"2023-07-20T08:36:43+00:00","dateModified":"2023-07-20T12:41:30+00:00","description":"Si inizia con \u201cParole di sera \u2013 narrazioni in riva al mare\u201d una rassegna letteraria, curata dalla giornalista Mara Rechichi","breadcrumb":{"@id":"https:\/\/progettotouring.it\/radiotouring104\/2023\/07\/20\/la-lega-navale-sez-locri-presenta-il-suo-cartellone-estivo\/#breadcrumb"},"inLanguage":"it-IT","potentialAction":[{"@type":"ReadAction","target":["https:\/\/progettotouring.it\/radiotouring104\/2023\/07\/20\/la-lega-navale-sez-locri-presenta-il-suo-cartellone-estivo\/"]}]},{"@type":"ImageObject","inLanguage":"it-IT","@id":"https:\/\/progettotouring.it\/radiotouring104\/2023\/07\/20\/la-lega-navale-sez-locri-presenta-il-suo-cartellone-estivo\/#primaryimage","url":"https:\/\/progettotouring.it\/radiotouring104\/wp-content\/uploads\/sites\/6\/2023\/07\/Lega-navale-sez-locri-cartellone-estivo.png","contentUrl":"https:\/\/progettotouring.it\/radiotouring104\/wp-content\/uploads\/sites\/6\/2023\/07\/Lega-navale-sez-locri-cartellone-estivo.png","width":644,"height":355},{"@type":"BreadcrumbList","@id":"https:\/\/progettotouring.it\/radiotouring104\/2023\/07\/20\/la-lega-navale-sez-locri-presenta-il-suo-cartellone-estivo\/#breadcrumb","itemListElement":[{"@type":"ListItem","position":1,"name":"Home","item":"https:\/\/progettotouring.it\/radiotouring104\/"},{"@type":"ListItem","position":2,"name":"La Lega Navale, sez Locri, presenta il suo cartellone estivo"}]},{"@type":"WebSite","@id":"https:\/\/progettotouring.it\/radiotouring104\/#website","url":"https:\/\/progettotouring.it\/radiotouring104\/","name":"Radio Touring 104","description":"La prima radio Reggina","publisher":{"@id":"https:\/\/progettotouring.it\/radiotouring104\/#organization"},"potentialAction":[{"@type":"SearchAction","target":{"@type":"EntryPoint","urlTemplate":"https:\/\/progettotouring.it\/radiotouring104\/?s={search_term_string}"},"query-input":{"@type":"PropertyValueSpecification","valueRequired":true,"valueName":"search_term_string"}}],"inLanguage":"it-IT"},{"@type":"Organization","@id":"https:\/\/progettotouring.it\/radiotouring104\/#organization","name":"Radio Touring 104","url":"https:\/\/progettotouring.it\/radiotouring104\/","logo":{"@type":"ImageObject","inLanguage":"it-IT","@id":"https:\/\/progettotouring.it\/radiotouring104\/#\/schema\/logo\/image\/","url":"https:\/\/progettotouring.it\/radiotouring104\/wp-content\/uploads\/sites\/6\/2022\/02\/cropped-logo-radio-touring-104.png","contentUrl":"https:\/\/progettotouring.it\/radiotouring104\/wp-content\/uploads\/sites\/6\/2022\/02\/cropped-logo-radio-touring-104.png","width":377,"height":182,"caption":"Radio Touring 104"},"image":{"@id":"https:\/\/progettotouring.it\/radiotouring104\/#\/schema\/logo\/image\/"}},{"@type":"Person","@id":"https:\/\/progettotouring.it\/radiotouring104\/#\/schema\/person\/78613917f1851f041f7483f5af1d422e","name":"Sebastiano Plutino","image":{"@type":"ImageObject","inLanguage":"it-IT","@id":"https:\/\/secure.gravatar.com\/avatar\/0546ffaa9b79224faf9f2a156b67a529ae861d3287c66c1d8ccfdf909bcba78d?s=96&d=mm&r=g","url":"https:\/\/secure.gravatar.com\/avatar\/0546ffaa9b79224faf9f2a156b67a529ae861d3287c66c1d8ccfdf909bcba78d?s=96&d=mm&r=g","contentUrl":"https:\/\/secure.gravatar.com\/avatar\/0546ffaa9b79224faf9f2a156b67a529ae861d3287c66c1d8ccfdf909bcba78d?s=96&d=mm&r=g","caption":"Sebastiano Plutino"},"url":"https:\/\/progettotouring.it\/radiotouring104\/author\/sebastiano\/"}]}},"jetpack_publicize_connections":[],"jetpack_featured_media_url":"https:\/\/progettotouring.it\/radiotouring104\/wp-content\/uploads\/sites\/6\/2023\/07\/Lega-navale-sez-locri-cartellone-estivo.png","jetpack_sharing_enabled":true,"_links":{"self":[{"href":"https:\/\/progettotouring.it\/radiotouring104\/wp-json\/wp\/v2\/posts\/30661","targetHints":{"allow":["GET"]}}],"collection":[{"href":"https:\/\/progettotouring.it\/radiotouring104\/wp-json\/wp\/v2\/posts"}],"about":[{"href":"https:\/\/progettotouring.it\/radiotouring104\/wp-json\/wp\/v2\/types\/post"}],"author":[{"embeddable":true,"href":"https:\/\/progettotouring.it\/radiotouring104\/wp-json\/wp\/v2\/users\/12"}],"replies":[{"embeddable":true,"href":"https:\/\/progettotouring.it\/radiotouring104\/wp-json\/wp\/v2\/comments?post=30661"}],"version-history":[{"count":3,"href":"https:\/\/progettotouring.it\/radiotouring104\/wp-json\/wp\/v2\/posts\/30661\/revisions"}],"predecessor-version":[{"id":30700,"href":"https:\/\/progettotouring.it\/radiotouring104\/wp-json\/wp\/v2\/posts\/30661\/revisions\/30700"}],"wp:featuredmedia":[{"embeddable":true,"href":"https:\/\/progettotouring.it\/radiotouring104\/wp-json\/wp\/v2\/media\/30663"}],"wp:attachment":[{"href":"https:\/\/progettotouring.it\/radiotouring104\/wp-json\/wp\/v2\/media?parent=30661"}],"wp:term":[{"taxonomy":"category","embeddable":true,"href":"https:\/\/progettotouring.it\/radiotouring104\/wp-json\/wp\/v2\/categories?post=30661"},{"taxonomy":"post_tag","embeddable":true,"href":"https:\/\/progettotouring.it\/radiotouring104\/wp-json\/wp\/v2\/tags?post=30661"}],"curies":[{"name":"wp","href":"https:\/\/api.w.org\/{rel}","templated":true}]}}