{"id":30691,"date":"2023-07-20T10:06:00","date_gmt":"2023-07-20T08:06:00","guid":{"rendered":"https:\/\/progettotouring.it\/radiotouring104\/?p=30691"},"modified":"2023-07-20T14:22:23","modified_gmt":"2023-07-20T12:22:23","slug":"villa-s-g-bilancio-positivo-per-listituto-professionale-alberghiero-turistico","status":"publish","type":"post","link":"https:\/\/progettotouring.it\/radiotouring104\/2023\/07\/20\/villa-s-g-bilancio-positivo-per-listituto-professionale-alberghiero-turistico\/","title":{"rendered":"Villa S. G.: Bilancio positivo per l\u2019Istituto Professionale Alberghiero Turistico"},"content":{"rendered":"<p style=\"text-align: justify\">Al termine dell\u2019anno scolastico 2022\/2023, <strong>l\u2019Istituto Professionale Alberghiero Turistico<\/strong> (I.P.ALB.TUR.) \u201c<strong>G. Trecroci<\/strong>\u201d di Villa San Giovanni registra un bilancio fortemente positivo in termini sia di ampliamento dell\u2019Offerta Formativa che di traguardi professionali di rilievo nazionale raggiunti. Con l\u2019obiettivo di fornire agli studenti competenze sempre pi\u00f9 specialistiche e rendere cos\u00ec pi\u00f9 agevole e qualificato il loro inserimento nel mondo del lavoro, ai tradizionali indirizzi di studio di \u201cEnogastronomia\u201d, \u201cServizi sala-bar e vendita\u201d, \u201cAccoglienza turistica\u201d e \u201cPasticceria e arte bianca\u201d si sono affiancati importanti corsi di formazione e percorsi di approfondimento \u00a0(recenti quelli in materia di digital marketing, pasticceria e degustazione) culminati con mostre di notevole successo, grazie anche ad accordi e protocolli d\u2019intesa stipulati con la Federazione italiana cuochi, l\u2019Associazione pasticcieri reggini, l\u2019Associazione maitre italiani, la Scuola internazionale di cucina ed altri importanti realt\u00e0 professionali.<\/p>\n<p style=\"text-align: justify\">Diffusa eco ha avuto anche il progetto \u201c<strong>Sapori di libert\u00e0<\/strong>\u201d realizzato a seguito di un protocollo d\u2019intesa sottoscritto dal Direttore della Casa circondariale \u201cG. Panzera\u201d di<strong> Reggio Calabria<\/strong> e dalla Dirigente <strong>dell\u2019Ipalbtur<\/strong> prof.ssa Enza Loiero. Il corso &#8211; al termine del quale a ciascun partecipante \u00e8 stato rilasciato un attestato di certificazione delle competenze &#8211; \u00e8 stato il preludio all\u2019attivazione, dal prossimo anno scolastico, di una sezione carceraria dell\u2019Ipalbtur presso la predetta Casa circondariale \u00a0diretta a soddisfare, seppur parzialmente, le tantissime richieste di iscrizione pervenute dai soggetti detenuti. Sono gi\u00e0 in cantiere, per il prossimo anno scolastico, numerose ed altrettanto importanti iniziative, che saranno precedute, il 25 settembre p.v., dalla cerimonia di titolazione della Scuola al prof. <strong>Giovanni<\/strong> <strong>Trecroci<\/strong>, vicesindaco e assessore del comune di Villa San Giovanni ucciso dalla mafia nel 1990.<\/p>\n<p>&nbsp;<\/p>\n","protected":false},"excerpt":{"rendered":"<p>Al termine dell\u2019anno scolastico 2022\/2023, l\u2019Istituto Professionale Alberghiero Turistico (I.P.ALB.TUR.) \u201cG. Trecroci\u201d di Villa San Giovanni registra un bilancio fortemente positivo in termini sia di ampliamento dell\u2019Offerta Formativa che di&hellip;<\/p>\n","protected":false},"author":8,"featured_media":30692,"comment_status":"closed","ping_status":"open","sticky":false,"template":"","format":"standard","meta":{"_jetpack_memberships_contains_paid_content":false,"footnotes":"","jetpack_publicize_message":"","jetpack_publicize_feature_enabled":true,"jetpack_social_post_already_shared":false,"jetpack_social_options":{"image_generator_settings":{"template":"highway","default_image_id":0,"font":"","enabled":false},"version":2}},"categories":[921,196,140],"tags":[19133,15721,236,364],"class_list":["post-30691","post","type-post","status-publish","format-standard","has-post-thumbnail","hentry","category-home","category-news","category-reggio-calabria","tag-g-trecroci","tag-istituto-professionale-alberghiero-turistico","tag-reggio-calabria","tag-villa-san-giovanni"],"yoast_head":"<!-- This site is optimized with the Yoast SEO plugin v27.2 - https:\/\/yoast.com\/product\/yoast-seo-wordpress\/ -->\n<title>Villa S. G.: Bilancio positivo per l\u2019Istituto Professionale Alberghiero Turistico - Radio Touring 104<\/title>\n<meta name=\"description\" content=\"L&#039;Istituto Professionale Alberghiero Turistico presenta un bilancio positivo in relazione all&#039;ampliamento dell&#039;offerta formativa\" \/>\n<meta name=\"robots\" content=\"index, follow, max-snippet:-1, max-image-preview:large, max-video-preview:-1\" \/>\n<link rel=\"canonical\" href=\"https:\/\/progettotouring.it\/radiotouring104\/2023\/07\/20\/villa-s-g-bilancio-positivo-per-listituto-professionale-alberghiero-turistico\/\" \/>\n<meta property=\"og:locale\" content=\"it_IT\" \/>\n<meta property=\"og:type\" content=\"article\" \/>\n<meta property=\"og:title\" content=\"Villa S. G.: Bilancio positivo per l\u2019Istituto Professionale Alberghiero Turistico - Radio Touring 104\" \/>\n<meta property=\"og:description\" content=\"L&#039;Istituto Professionale Alberghiero Turistico presenta un bilancio positivo in relazione all&#039;ampliamento dell&#039;offerta formativa\" \/>\n<meta property=\"og:url\" content=\"https:\/\/progettotouring.it\/radiotouring104\/2023\/07\/20\/villa-s-g-bilancio-positivo-per-listituto-professionale-alberghiero-turistico\/\" \/>\n<meta property=\"og:site_name\" content=\"Radio Touring 104\" \/>\n<meta property=\"article:published_time\" content=\"2023-07-20T08:06:00+00:00\" \/>\n<meta property=\"article:modified_time\" content=\"2023-07-20T12:22:23+00:00\" \/>\n<meta property=\"og:image\" content=\"https:\/\/progettotouring.it\/radiotouring104\/wp-content\/uploads\/sites\/6\/2023\/07\/LIstituto-Professionale-Alberghiero-Turistico.jpg\" \/>\n\t<meta property=\"og:image:width\" content=\"1600\" \/>\n\t<meta property=\"og:image:height\" content=\"1200\" \/>\n\t<meta property=\"og:image:type\" content=\"image\/jpeg\" \/>\n<meta name=\"author\" content=\"Filippo Francesco Idone\" \/>\n<meta name=\"twitter:card\" content=\"summary_large_image\" \/>\n<meta name=\"twitter:label1\" content=\"Scritto da\" \/>\n\t<meta name=\"twitter:data1\" content=\"Filippo Francesco Idone\" \/>\n\t<meta name=\"twitter:label2\" content=\"Tempo di lettura stimato\" \/>\n\t<meta name=\"twitter:data2\" content=\"1 minuto\" \/>\n<script type=\"application\/ld+json\" class=\"yoast-schema-graph\">{\"@context\":\"https:\/\/schema.org\",\"@graph\":[{\"@type\":\"Article\",\"@id\":\"https:\/\/progettotouring.it\/radiotouring104\/2023\/07\/20\/villa-s-g-bilancio-positivo-per-listituto-professionale-alberghiero-turistico\/#article\",\"isPartOf\":{\"@id\":\"https:\/\/progettotouring.it\/radiotouring104\/2023\/07\/20\/villa-s-g-bilancio-positivo-per-listituto-professionale-alberghiero-turistico\/\"},\"author\":{\"name\":\"Filippo Francesco Idone\",\"@id\":\"https:\/\/progettotouring.it\/radiotouring104\/#\/schema\/person\/4a82259ca52ac8702ad1a8f9e5a3120b\"},\"headline\":\"Villa S. G.: Bilancio positivo per l\u2019Istituto Professionale Alberghiero Turistico\",\"datePublished\":\"2023-07-20T08:06:00+00:00\",\"dateModified\":\"2023-07-20T12:22:23+00:00\",\"mainEntityOfPage\":{\"@id\":\"https:\/\/progettotouring.it\/radiotouring104\/2023\/07\/20\/villa-s-g-bilancio-positivo-per-listituto-professionale-alberghiero-turistico\/\"},\"wordCount\":290,\"publisher\":{\"@id\":\"https:\/\/progettotouring.it\/radiotouring104\/#organization\"},\"image\":{\"@id\":\"https:\/\/progettotouring.it\/radiotouring104\/2023\/07\/20\/villa-s-g-bilancio-positivo-per-listituto-professionale-alberghiero-turistico\/#primaryimage\"},\"thumbnailUrl\":\"https:\/\/progettotouring.it\/radiotouring104\/wp-content\/uploads\/sites\/6\/2023\/07\/LIstituto-Professionale-Alberghiero-Turistico.jpg\",\"keywords\":[\"G. Trecroci\",\"Istituto Professionale Alberghiero Turistico\",\"reggio calabria\",\"villa san giovanni\"],\"articleSection\":[\"Home\",\"News\",\"Reggio Calabria\"],\"inLanguage\":\"it-IT\"},{\"@type\":\"WebPage\",\"@id\":\"https:\/\/progettotouring.it\/radiotouring104\/2023\/07\/20\/villa-s-g-bilancio-positivo-per-listituto-professionale-alberghiero-turistico\/\",\"url\":\"https:\/\/progettotouring.it\/radiotouring104\/2023\/07\/20\/villa-s-g-bilancio-positivo-per-listituto-professionale-alberghiero-turistico\/\",\"name\":\"Villa S. G.: Bilancio positivo per l\u2019Istituto Professionale Alberghiero Turistico - Radio Touring 104\",\"isPartOf\":{\"@id\":\"https:\/\/progettotouring.it\/radiotouring104\/#website\"},\"primaryImageOfPage\":{\"@id\":\"https:\/\/progettotouring.it\/radiotouring104\/2023\/07\/20\/villa-s-g-bilancio-positivo-per-listituto-professionale-alberghiero-turistico\/#primaryimage\"},\"image\":{\"@id\":\"https:\/\/progettotouring.it\/radiotouring104\/2023\/07\/20\/villa-s-g-bilancio-positivo-per-listituto-professionale-alberghiero-turistico\/#primaryimage\"},\"thumbnailUrl\":\"https:\/\/progettotouring.it\/radiotouring104\/wp-content\/uploads\/sites\/6\/2023\/07\/LIstituto-Professionale-Alberghiero-Turistico.jpg\",\"datePublished\":\"2023-07-20T08:06:00+00:00\",\"dateModified\":\"2023-07-20T12:22:23+00:00\",\"description\":\"L'Istituto Professionale Alberghiero Turistico presenta un bilancio positivo in relazione all'ampliamento dell'offerta formativa\",\"breadcrumb\":{\"@id\":\"https:\/\/progettotouring.it\/radiotouring104\/2023\/07\/20\/villa-s-g-bilancio-positivo-per-listituto-professionale-alberghiero-turistico\/#breadcrumb\"},\"inLanguage\":\"it-IT\",\"potentialAction\":[{\"@type\":\"ReadAction\",\"target\":[\"https:\/\/progettotouring.it\/radiotouring104\/2023\/07\/20\/villa-s-g-bilancio-positivo-per-listituto-professionale-alberghiero-turistico\/\"]}]},{\"@type\":\"ImageObject\",\"inLanguage\":\"it-IT\",\"@id\":\"https:\/\/progettotouring.it\/radiotouring104\/2023\/07\/20\/villa-s-g-bilancio-positivo-per-listituto-professionale-alberghiero-turistico\/#primaryimage\",\"url\":\"https:\/\/progettotouring.it\/radiotouring104\/wp-content\/uploads\/sites\/6\/2023\/07\/LIstituto-Professionale-Alberghiero-Turistico.jpg\",\"contentUrl\":\"https:\/\/progettotouring.it\/radiotouring104\/wp-content\/uploads\/sites\/6\/2023\/07\/LIstituto-Professionale-Alberghiero-Turistico.jpg\",\"width\":1600,\"height\":1200},{\"@type\":\"BreadcrumbList\",\"@id\":\"https:\/\/progettotouring.it\/radiotouring104\/2023\/07\/20\/villa-s-g-bilancio-positivo-per-listituto-professionale-alberghiero-turistico\/#breadcrumb\",\"itemListElement\":[{\"@type\":\"ListItem\",\"position\":1,\"name\":\"Home\",\"item\":\"https:\/\/progettotouring.it\/radiotouring104\/\"},{\"@type\":\"ListItem\",\"position\":2,\"name\":\"Villa S. G.: Bilancio positivo per l\u2019Istituto Professionale Alberghiero Turistico\"}]},{\"@type\":\"WebSite\",\"@id\":\"https:\/\/progettotouring.it\/radiotouring104\/#website\",\"url\":\"https:\/\/progettotouring.it\/radiotouring104\/\",\"name\":\"Radio Touring 104\",\"description\":\"La prima radio Reggina\",\"publisher\":{\"@id\":\"https:\/\/progettotouring.it\/radiotouring104\/#organization\"},\"potentialAction\":[{\"@type\":\"SearchAction\",\"target\":{\"@type\":\"EntryPoint\",\"urlTemplate\":\"https:\/\/progettotouring.it\/radiotouring104\/?s={search_term_string}\"},\"query-input\":{\"@type\":\"PropertyValueSpecification\",\"valueRequired\":true,\"valueName\":\"search_term_string\"}}],\"inLanguage\":\"it-IT\"},{\"@type\":\"Organization\",\"@id\":\"https:\/\/progettotouring.it\/radiotouring104\/#organization\",\"name\":\"Radio Touring 104\",\"url\":\"https:\/\/progettotouring.it\/radiotouring104\/\",\"logo\":{\"@type\":\"ImageObject\",\"inLanguage\":\"it-IT\",\"@id\":\"https:\/\/progettotouring.it\/radiotouring104\/#\/schema\/logo\/image\/\",\"url\":\"https:\/\/progettotouring.it\/radiotouring104\/wp-content\/uploads\/sites\/6\/2022\/02\/cropped-logo-radio-touring-104.png\",\"contentUrl\":\"https:\/\/progettotouring.it\/radiotouring104\/wp-content\/uploads\/sites\/6\/2022\/02\/cropped-logo-radio-touring-104.png\",\"width\":377,\"height\":182,\"caption\":\"Radio Touring 104\"},\"image\":{\"@id\":\"https:\/\/progettotouring.it\/radiotouring104\/#\/schema\/logo\/image\/\"}},{\"@type\":\"Person\",\"@id\":\"https:\/\/progettotouring.it\/radiotouring104\/#\/schema\/person\/4a82259ca52ac8702ad1a8f9e5a3120b\",\"name\":\"Filippo Francesco Idone\",\"image\":{\"@type\":\"ImageObject\",\"inLanguage\":\"it-IT\",\"@id\":\"https:\/\/secure.gravatar.com\/avatar\/7268715d2366395c3dd314385670e6484117d44f5c442e61e230f7008b7b62d3?s=96&d=mm&r=g\",\"url\":\"https:\/\/secure.gravatar.com\/avatar\/7268715d2366395c3dd314385670e6484117d44f5c442e61e230f7008b7b62d3?s=96&d=mm&r=g\",\"contentUrl\":\"https:\/\/secure.gravatar.com\/avatar\/7268715d2366395c3dd314385670e6484117d44f5c442e61e230f7008b7b62d3?s=96&d=mm&r=g\",\"caption\":\"Filippo Francesco Idone\"},\"url\":\"https:\/\/progettotouring.it\/radiotouring104\/author\/filippoidone\/\"}]}<\/script>\n<!-- \/ Yoast SEO plugin. -->","yoast_head_json":{"title":"Villa S. G.: Bilancio positivo per l\u2019Istituto Professionale Alberghiero Turistico - Radio Touring 104","description":"L'Istituto Professionale Alberghiero Turistico presenta un bilancio positivo in relazione all'ampliamento dell'offerta formativa","robots":{"index":"index","follow":"follow","max-snippet":"max-snippet:-1","max-image-preview":"max-image-preview:large","max-video-preview":"max-video-preview:-1"},"canonical":"https:\/\/progettotouring.it\/radiotouring104\/2023\/07\/20\/villa-s-g-bilancio-positivo-per-listituto-professionale-alberghiero-turistico\/","og_locale":"it_IT","og_type":"article","og_title":"Villa S. G.: Bilancio positivo per l\u2019Istituto Professionale Alberghiero Turistico - Radio Touring 104","og_description":"L'Istituto Professionale Alberghiero Turistico presenta un bilancio positivo in relazione all'ampliamento dell'offerta formativa","og_url":"https:\/\/progettotouring.it\/radiotouring104\/2023\/07\/20\/villa-s-g-bilancio-positivo-per-listituto-professionale-alberghiero-turistico\/","og_site_name":"Radio Touring 104","article_published_time":"2023-07-20T08:06:00+00:00","article_modified_time":"2023-07-20T12:22:23+00:00","og_image":[{"width":1600,"height":1200,"url":"https:\/\/progettotouring.it\/radiotouring104\/wp-content\/uploads\/sites\/6\/2023\/07\/LIstituto-Professionale-Alberghiero-Turistico.jpg","type":"image\/jpeg"}],"author":"Filippo Francesco Idone","twitter_card":"summary_large_image","twitter_misc":{"Scritto da":"Filippo Francesco Idone","Tempo di lettura stimato":"1 minuto"},"schema":{"@context":"https:\/\/schema.org","@graph":[{"@type":"Article","@id":"https:\/\/progettotouring.it\/radiotouring104\/2023\/07\/20\/villa-s-g-bilancio-positivo-per-listituto-professionale-alberghiero-turistico\/#article","isPartOf":{"@id":"https:\/\/progettotouring.it\/radiotouring104\/2023\/07\/20\/villa-s-g-bilancio-positivo-per-listituto-professionale-alberghiero-turistico\/"},"author":{"name":"Filippo Francesco Idone","@id":"https:\/\/progettotouring.it\/radiotouring104\/#\/schema\/person\/4a82259ca52ac8702ad1a8f9e5a3120b"},"headline":"Villa S. G.: Bilancio positivo per l\u2019Istituto Professionale Alberghiero Turistico","datePublished":"2023-07-20T08:06:00+00:00","dateModified":"2023-07-20T12:22:23+00:00","mainEntityOfPage":{"@id":"https:\/\/progettotouring.it\/radiotouring104\/2023\/07\/20\/villa-s-g-bilancio-positivo-per-listituto-professionale-alberghiero-turistico\/"},"wordCount":290,"publisher":{"@id":"https:\/\/progettotouring.it\/radiotouring104\/#organization"},"image":{"@id":"https:\/\/progettotouring.it\/radiotouring104\/2023\/07\/20\/villa-s-g-bilancio-positivo-per-listituto-professionale-alberghiero-turistico\/#primaryimage"},"thumbnailUrl":"https:\/\/progettotouring.it\/radiotouring104\/wp-content\/uploads\/sites\/6\/2023\/07\/LIstituto-Professionale-Alberghiero-Turistico.jpg","keywords":["G. Trecroci","Istituto Professionale Alberghiero Turistico","reggio calabria","villa san giovanni"],"articleSection":["Home","News","Reggio Calabria"],"inLanguage":"it-IT"},{"@type":"WebPage","@id":"https:\/\/progettotouring.it\/radiotouring104\/2023\/07\/20\/villa-s-g-bilancio-positivo-per-listituto-professionale-alberghiero-turistico\/","url":"https:\/\/progettotouring.it\/radiotouring104\/2023\/07\/20\/villa-s-g-bilancio-positivo-per-listituto-professionale-alberghiero-turistico\/","name":"Villa S. G.: Bilancio positivo per l\u2019Istituto Professionale Alberghiero Turistico - Radio Touring 104","isPartOf":{"@id":"https:\/\/progettotouring.it\/radiotouring104\/#website"},"primaryImageOfPage":{"@id":"https:\/\/progettotouring.it\/radiotouring104\/2023\/07\/20\/villa-s-g-bilancio-positivo-per-listituto-professionale-alberghiero-turistico\/#primaryimage"},"image":{"@id":"https:\/\/progettotouring.it\/radiotouring104\/2023\/07\/20\/villa-s-g-bilancio-positivo-per-listituto-professionale-alberghiero-turistico\/#primaryimage"},"thumbnailUrl":"https:\/\/progettotouring.it\/radiotouring104\/wp-content\/uploads\/sites\/6\/2023\/07\/LIstituto-Professionale-Alberghiero-Turistico.jpg","datePublished":"2023-07-20T08:06:00+00:00","dateModified":"2023-07-20T12:22:23+00:00","description":"L'Istituto Professionale Alberghiero Turistico presenta un bilancio positivo in relazione all'ampliamento dell'offerta formativa","breadcrumb":{"@id":"https:\/\/progettotouring.it\/radiotouring104\/2023\/07\/20\/villa-s-g-bilancio-positivo-per-listituto-professionale-alberghiero-turistico\/#breadcrumb"},"inLanguage":"it-IT","potentialAction":[{"@type":"ReadAction","target":["https:\/\/progettotouring.it\/radiotouring104\/2023\/07\/20\/villa-s-g-bilancio-positivo-per-listituto-professionale-alberghiero-turistico\/"]}]},{"@type":"ImageObject","inLanguage":"it-IT","@id":"https:\/\/progettotouring.it\/radiotouring104\/2023\/07\/20\/villa-s-g-bilancio-positivo-per-listituto-professionale-alberghiero-turistico\/#primaryimage","url":"https:\/\/progettotouring.it\/radiotouring104\/wp-content\/uploads\/sites\/6\/2023\/07\/LIstituto-Professionale-Alberghiero-Turistico.jpg","contentUrl":"https:\/\/progettotouring.it\/radiotouring104\/wp-content\/uploads\/sites\/6\/2023\/07\/LIstituto-Professionale-Alberghiero-Turistico.jpg","width":1600,"height":1200},{"@type":"BreadcrumbList","@id":"https:\/\/progettotouring.it\/radiotouring104\/2023\/07\/20\/villa-s-g-bilancio-positivo-per-listituto-professionale-alberghiero-turistico\/#breadcrumb","itemListElement":[{"@type":"ListItem","position":1,"name":"Home","item":"https:\/\/progettotouring.it\/radiotouring104\/"},{"@type":"ListItem","position":2,"name":"Villa S. G.: Bilancio positivo per l\u2019Istituto Professionale Alberghiero Turistico"}]},{"@type":"WebSite","@id":"https:\/\/progettotouring.it\/radiotouring104\/#website","url":"https:\/\/progettotouring.it\/radiotouring104\/","name":"Radio Touring 104","description":"La prima radio Reggina","publisher":{"@id":"https:\/\/progettotouring.it\/radiotouring104\/#organization"},"potentialAction":[{"@type":"SearchAction","target":{"@type":"EntryPoint","urlTemplate":"https:\/\/progettotouring.it\/radiotouring104\/?s={search_term_string}"},"query-input":{"@type":"PropertyValueSpecification","valueRequired":true,"valueName":"search_term_string"}}],"inLanguage":"it-IT"},{"@type":"Organization","@id":"https:\/\/progettotouring.it\/radiotouring104\/#organization","name":"Radio Touring 104","url":"https:\/\/progettotouring.it\/radiotouring104\/","logo":{"@type":"ImageObject","inLanguage":"it-IT","@id":"https:\/\/progettotouring.it\/radiotouring104\/#\/schema\/logo\/image\/","url":"https:\/\/progettotouring.it\/radiotouring104\/wp-content\/uploads\/sites\/6\/2022\/02\/cropped-logo-radio-touring-104.png","contentUrl":"https:\/\/progettotouring.it\/radiotouring104\/wp-content\/uploads\/sites\/6\/2022\/02\/cropped-logo-radio-touring-104.png","width":377,"height":182,"caption":"Radio Touring 104"},"image":{"@id":"https:\/\/progettotouring.it\/radiotouring104\/#\/schema\/logo\/image\/"}},{"@type":"Person","@id":"https:\/\/progettotouring.it\/radiotouring104\/#\/schema\/person\/4a82259ca52ac8702ad1a8f9e5a3120b","name":"Filippo Francesco Idone","image":{"@type":"ImageObject","inLanguage":"it-IT","@id":"https:\/\/secure.gravatar.com\/avatar\/7268715d2366395c3dd314385670e6484117d44f5c442e61e230f7008b7b62d3?s=96&d=mm&r=g","url":"https:\/\/secure.gravatar.com\/avatar\/7268715d2366395c3dd314385670e6484117d44f5c442e61e230f7008b7b62d3?s=96&d=mm&r=g","contentUrl":"https:\/\/secure.gravatar.com\/avatar\/7268715d2366395c3dd314385670e6484117d44f5c442e61e230f7008b7b62d3?s=96&d=mm&r=g","caption":"Filippo Francesco Idone"},"url":"https:\/\/progettotouring.it\/radiotouring104\/author\/filippoidone\/"}]}},"jetpack_publicize_connections":[],"jetpack_featured_media_url":"https:\/\/progettotouring.it\/radiotouring104\/wp-content\/uploads\/sites\/6\/2023\/07\/LIstituto-Professionale-Alberghiero-Turistico.jpg","jetpack_sharing_enabled":true,"_links":{"self":[{"href":"https:\/\/progettotouring.it\/radiotouring104\/wp-json\/wp\/v2\/posts\/30691","targetHints":{"allow":["GET"]}}],"collection":[{"href":"https:\/\/progettotouring.it\/radiotouring104\/wp-json\/wp\/v2\/posts"}],"about":[{"href":"https:\/\/progettotouring.it\/radiotouring104\/wp-json\/wp\/v2\/types\/post"}],"author":[{"embeddable":true,"href":"https:\/\/progettotouring.it\/radiotouring104\/wp-json\/wp\/v2\/users\/8"}],"replies":[{"embeddable":true,"href":"https:\/\/progettotouring.it\/radiotouring104\/wp-json\/wp\/v2\/comments?post=30691"}],"version-history":[{"count":1,"href":"https:\/\/progettotouring.it\/radiotouring104\/wp-json\/wp\/v2\/posts\/30691\/revisions"}],"predecessor-version":[{"id":30693,"href":"https:\/\/progettotouring.it\/radiotouring104\/wp-json\/wp\/v2\/posts\/30691\/revisions\/30693"}],"wp:featuredmedia":[{"embeddable":true,"href":"https:\/\/progettotouring.it\/radiotouring104\/wp-json\/wp\/v2\/media\/30692"}],"wp:attachment":[{"href":"https:\/\/progettotouring.it\/radiotouring104\/wp-json\/wp\/v2\/media?parent=30691"}],"wp:term":[{"taxonomy":"category","embeddable":true,"href":"https:\/\/progettotouring.it\/radiotouring104\/wp-json\/wp\/v2\/categories?post=30691"},{"taxonomy":"post_tag","embeddable":true,"href":"https:\/\/progettotouring.it\/radiotouring104\/wp-json\/wp\/v2\/tags?post=30691"}],"curies":[{"name":"wp","href":"https:\/\/api.w.org\/{rel}","templated":true}]}}