{"id":30973,"date":"2023-07-24T12:21:56","date_gmt":"2023-07-24T10:21:56","guid":{"rendered":"https:\/\/progettotouring.it\/radiotouring104\/?p=30973"},"modified":"2023-07-24T14:06:38","modified_gmt":"2023-07-24T12:06:38","slug":"luniversitas-vivariensis-ricorda-don-ciccio-cozza","status":"publish","type":"post","link":"https:\/\/progettotouring.it\/radiotouring104\/2023\/07\/24\/luniversitas-vivariensis-ricorda-don-ciccio-cozza\/","title":{"rendered":"L&#8217;Universitas Vivariensis ricorda Don Ciccio Cozza"},"content":{"rendered":"<p style=\"text-align: justify\">Continua senza sosta l&#8217;impegno del Centro studi calabrese &#8220;<strong>Cattolici, Socialit\u00e0, Politic<\/strong>a&#8221; emanazione dell&#8217;<strong>Universitas Vivariensis,<\/strong> per la valorizzazione delle figure valoriali che hanno collaborato con don <strong>Carlo De Cardona<\/strong>. In sintonia con l&#8217;Associazione Mediterraneo Europeo di Dipignano si sta predisponendo una serie di iniziative per ricordare a 60 anni dalla scomparsa, avvenuta il 19 luglio 1964, il parroco decardoniano don <strong>Ciccio<\/strong> <strong>Cozza<\/strong>.<\/p>\n<p style=\"text-align: justify\">CHI ERA DON CICCIO COZZA<br \/>\nDon Ciccio Cozza, era nato a Marano Marchesato il 2 aprile 1882, fu ordinato sacerdote da mons. Camillo Sorgente, il 27 febbraio 1904 e l\u2019anno dopo destinato alla parrocchia di Dipignano, dove rimase fino alla morte.<br \/>\nLa sua missione sacerdotale fu significativa, seguendo l\u2019insegnamento di don Carlo De Cardona promosse la Cassa rurale a Dipignano; fu l\u2019animatore della Lega del lavoro, e sino all\u2019avvento del fascismo, uno degli esponenti di punta del Partito Popolare Italiano di don Luigi Sturzo, fondato nel 1919 con l\u2019appello \u00abAi liberi e forti\u00bb.<\/p>\n<p style=\"text-align: justify\">Sotto il regime fascista ebbe non poche difficolt\u00e0 con i seguaci locali di <strong>Mussolini<\/strong>, e a seguito del Concordato del 1929, dovette svolgere la semplice missione di parroco, con autentica carit\u00e0 verso i pi\u00f9 poveri e di servizio per tutta la comunit\u00e0 dipignanese. Alla caduta del fascismo, don Ciccio Cozza fu un esponente di rilievo nella Democrazia Cristiana cosentina, e suoi scritti apparvero sul settimanale \u201cDemocrazia Cristiana\u201d il giornale fondato e diretto da don Luigi Nicoletti.<\/p>\n<p style=\"text-align: justify\">Marted\u00ec 1 agosto 2023 per solennizzare il 59.mo anniversario della morte di don Ciccio Cozza, si terr\u00e0 una manifestazione in suo onore. Alle ore 11 al cimitero di Dipignano, una preghiera di suffragio per la sua anima presso il loculo in cui riposano i suoi resti mortali, che nei giorni scorsi \u00e8 stato restaurato. Dopo il momento di preghiera sempre a Dipignano alle ore 11,45 si terr\u00e0 una conferenza stampa nel salone della Scuola materna \u201cSan Giuseppe\u201d in piazza dei Martiri. Il rettore <strong>dell\u2019Universitas Vivariensis<\/strong> Demetrio Guzzardi e <strong>Francesco Capocasale<\/strong>, illustreranno le varie iniziative he si svolgeranno nel corso del 2024 per ricordare don Ciccio Cozza il parroco decardoniano di Dipignano.<\/p>\n","protected":false},"excerpt":{"rendered":"<p>Continua senza sosta l&#8217;impegno del Centro studi calabrese &#8220;Cattolici, Socialit\u00e0, Politica&#8221; emanazione dell&#8217;Universitas Vivariensis, per la valorizzazione delle figure valoriali che hanno collaborato con don Carlo De Cardona. In sintonia&hellip;<\/p>\n","protected":false},"author":8,"featured_media":30974,"comment_status":"closed","ping_status":"open","sticky":false,"template":"","format":"standard","meta":{"_jetpack_memberships_contains_paid_content":false,"footnotes":"","jetpack_publicize_message":"","jetpack_publicize_feature_enabled":true,"jetpack_social_post_already_shared":false,"jetpack_social_options":{"image_generator_settings":{"template":"highway","default_image_id":0,"font":"","enabled":false},"version":2}},"categories":[142,921,196],"tags":[19319,6878],"class_list":["post-30973","post","type-post","status-publish","format-standard","has-post-thumbnail","hentry","category-calabria","category-home","category-news","tag-don-ciccio-cozza","tag-universitas-vivariensis"],"yoast_head":"<!-- This site is optimized with the Yoast SEO plugin v27.2 - https:\/\/yoast.com\/product\/yoast-seo-wordpress\/ -->\n<title>L&#039;Universitas Vivariensis ricorda Don Ciccio Cozza - Radio Touring 104<\/title>\n<meta name=\"description\" content=\"Continua l\u2019opera di valorizzazione delle figure decardoniane Dipignao: marted\u00ec 1 agosto ci verr\u00e0 ricordato Don Ciccio Cozza\" \/>\n<meta name=\"robots\" content=\"index, follow, max-snippet:-1, max-image-preview:large, max-video-preview:-1\" \/>\n<link rel=\"canonical\" href=\"https:\/\/progettotouring.it\/radiotouring104\/2023\/07\/24\/luniversitas-vivariensis-ricorda-don-ciccio-cozza\/\" \/>\n<meta property=\"og:locale\" content=\"it_IT\" \/>\n<meta property=\"og:type\" content=\"article\" \/>\n<meta property=\"og:title\" content=\"L&#039;Universitas Vivariensis ricorda Don Ciccio Cozza - Radio Touring 104\" \/>\n<meta property=\"og:description\" content=\"Continua l\u2019opera di valorizzazione delle figure decardoniane Dipignao: marted\u00ec 1 agosto ci verr\u00e0 ricordato Don Ciccio Cozza\" \/>\n<meta property=\"og:url\" content=\"https:\/\/progettotouring.it\/radiotouring104\/2023\/07\/24\/luniversitas-vivariensis-ricorda-don-ciccio-cozza\/\" \/>\n<meta property=\"og:site_name\" content=\"Radio Touring 104\" \/>\n<meta property=\"article:published_time\" content=\"2023-07-24T10:21:56+00:00\" \/>\n<meta property=\"article:modified_time\" content=\"2023-07-24T12:06:38+00:00\" \/>\n<meta property=\"og:image\" content=\"https:\/\/progettotouring.it\/radiotouring104\/wp-content\/uploads\/sites\/6\/2023\/07\/don-ciccio-cozza.jpg\" \/>\n\t<meta property=\"og:image:width\" content=\"869\" \/>\n\t<meta property=\"og:image:height\" content=\"713\" \/>\n\t<meta property=\"og:image:type\" content=\"image\/jpeg\" \/>\n<meta name=\"author\" content=\"Filippo Francesco Idone\" \/>\n<meta name=\"twitter:card\" content=\"summary_large_image\" \/>\n<meta name=\"twitter:label1\" content=\"Scritto da\" \/>\n\t<meta name=\"twitter:data1\" content=\"Filippo Francesco Idone\" \/>\n\t<meta name=\"twitter:label2\" content=\"Tempo di lettura stimato\" \/>\n\t<meta name=\"twitter:data2\" content=\"2 minuti\" \/>\n<script type=\"application\/ld+json\" class=\"yoast-schema-graph\">{\"@context\":\"https:\/\/schema.org\",\"@graph\":[{\"@type\":\"Article\",\"@id\":\"https:\/\/progettotouring.it\/radiotouring104\/2023\/07\/24\/luniversitas-vivariensis-ricorda-don-ciccio-cozza\/#article\",\"isPartOf\":{\"@id\":\"https:\/\/progettotouring.it\/radiotouring104\/2023\/07\/24\/luniversitas-vivariensis-ricorda-don-ciccio-cozza\/\"},\"author\":{\"name\":\"Filippo Francesco Idone\",\"@id\":\"https:\/\/progettotouring.it\/radiotouring104\/#\/schema\/person\/4a82259ca52ac8702ad1a8f9e5a3120b\"},\"headline\":\"L&#8217;Universitas Vivariensis ricorda Don Ciccio Cozza\",\"datePublished\":\"2023-07-24T10:21:56+00:00\",\"dateModified\":\"2023-07-24T12:06:38+00:00\",\"mainEntityOfPage\":{\"@id\":\"https:\/\/progettotouring.it\/radiotouring104\/2023\/07\/24\/luniversitas-vivariensis-ricorda-don-ciccio-cozza\/\"},\"wordCount\":338,\"publisher\":{\"@id\":\"https:\/\/progettotouring.it\/radiotouring104\/#organization\"},\"image\":{\"@id\":\"https:\/\/progettotouring.it\/radiotouring104\/2023\/07\/24\/luniversitas-vivariensis-ricorda-don-ciccio-cozza\/#primaryimage\"},\"thumbnailUrl\":\"https:\/\/progettotouring.it\/radiotouring104\/wp-content\/uploads\/sites\/6\/2023\/07\/don-ciccio-cozza.jpg\",\"keywords\":[\"Don Ciccio Cozza\",\"Universitas Vivariensis\"],\"articleSection\":[\"Calabria\",\"Home\",\"News\"],\"inLanguage\":\"it-IT\"},{\"@type\":\"WebPage\",\"@id\":\"https:\/\/progettotouring.it\/radiotouring104\/2023\/07\/24\/luniversitas-vivariensis-ricorda-don-ciccio-cozza\/\",\"url\":\"https:\/\/progettotouring.it\/radiotouring104\/2023\/07\/24\/luniversitas-vivariensis-ricorda-don-ciccio-cozza\/\",\"name\":\"L'Universitas Vivariensis ricorda Don Ciccio Cozza - Radio Touring 104\",\"isPartOf\":{\"@id\":\"https:\/\/progettotouring.it\/radiotouring104\/#website\"},\"primaryImageOfPage\":{\"@id\":\"https:\/\/progettotouring.it\/radiotouring104\/2023\/07\/24\/luniversitas-vivariensis-ricorda-don-ciccio-cozza\/#primaryimage\"},\"image\":{\"@id\":\"https:\/\/progettotouring.it\/radiotouring104\/2023\/07\/24\/luniversitas-vivariensis-ricorda-don-ciccio-cozza\/#primaryimage\"},\"thumbnailUrl\":\"https:\/\/progettotouring.it\/radiotouring104\/wp-content\/uploads\/sites\/6\/2023\/07\/don-ciccio-cozza.jpg\",\"datePublished\":\"2023-07-24T10:21:56+00:00\",\"dateModified\":\"2023-07-24T12:06:38+00:00\",\"description\":\"Continua l\u2019opera di valorizzazione delle figure decardoniane Dipignao: marted\u00ec 1 agosto ci verr\u00e0 ricordato Don Ciccio Cozza\",\"breadcrumb\":{\"@id\":\"https:\/\/progettotouring.it\/radiotouring104\/2023\/07\/24\/luniversitas-vivariensis-ricorda-don-ciccio-cozza\/#breadcrumb\"},\"inLanguage\":\"it-IT\",\"potentialAction\":[{\"@type\":\"ReadAction\",\"target\":[\"https:\/\/progettotouring.it\/radiotouring104\/2023\/07\/24\/luniversitas-vivariensis-ricorda-don-ciccio-cozza\/\"]}]},{\"@type\":\"ImageObject\",\"inLanguage\":\"it-IT\",\"@id\":\"https:\/\/progettotouring.it\/radiotouring104\/2023\/07\/24\/luniversitas-vivariensis-ricorda-don-ciccio-cozza\/#primaryimage\",\"url\":\"https:\/\/progettotouring.it\/radiotouring104\/wp-content\/uploads\/sites\/6\/2023\/07\/don-ciccio-cozza.jpg\",\"contentUrl\":\"https:\/\/progettotouring.it\/radiotouring104\/wp-content\/uploads\/sites\/6\/2023\/07\/don-ciccio-cozza.jpg\",\"width\":869,\"height\":713},{\"@type\":\"BreadcrumbList\",\"@id\":\"https:\/\/progettotouring.it\/radiotouring104\/2023\/07\/24\/luniversitas-vivariensis-ricorda-don-ciccio-cozza\/#breadcrumb\",\"itemListElement\":[{\"@type\":\"ListItem\",\"position\":1,\"name\":\"Home\",\"item\":\"https:\/\/progettotouring.it\/radiotouring104\/\"},{\"@type\":\"ListItem\",\"position\":2,\"name\":\"L&#8217;Universitas Vivariensis ricorda Don Ciccio Cozza\"}]},{\"@type\":\"WebSite\",\"@id\":\"https:\/\/progettotouring.it\/radiotouring104\/#website\",\"url\":\"https:\/\/progettotouring.it\/radiotouring104\/\",\"name\":\"Radio Touring 104\",\"description\":\"La prima radio Reggina\",\"publisher\":{\"@id\":\"https:\/\/progettotouring.it\/radiotouring104\/#organization\"},\"potentialAction\":[{\"@type\":\"SearchAction\",\"target\":{\"@type\":\"EntryPoint\",\"urlTemplate\":\"https:\/\/progettotouring.it\/radiotouring104\/?s={search_term_string}\"},\"query-input\":{\"@type\":\"PropertyValueSpecification\",\"valueRequired\":true,\"valueName\":\"search_term_string\"}}],\"inLanguage\":\"it-IT\"},{\"@type\":\"Organization\",\"@id\":\"https:\/\/progettotouring.it\/radiotouring104\/#organization\",\"name\":\"Radio Touring 104\",\"url\":\"https:\/\/progettotouring.it\/radiotouring104\/\",\"logo\":{\"@type\":\"ImageObject\",\"inLanguage\":\"it-IT\",\"@id\":\"https:\/\/progettotouring.it\/radiotouring104\/#\/schema\/logo\/image\/\",\"url\":\"https:\/\/progettotouring.it\/radiotouring104\/wp-content\/uploads\/sites\/6\/2022\/02\/cropped-logo-radio-touring-104.png\",\"contentUrl\":\"https:\/\/progettotouring.it\/radiotouring104\/wp-content\/uploads\/sites\/6\/2022\/02\/cropped-logo-radio-touring-104.png\",\"width\":377,\"height\":182,\"caption\":\"Radio Touring 104\"},\"image\":{\"@id\":\"https:\/\/progettotouring.it\/radiotouring104\/#\/schema\/logo\/image\/\"}},{\"@type\":\"Person\",\"@id\":\"https:\/\/progettotouring.it\/radiotouring104\/#\/schema\/person\/4a82259ca52ac8702ad1a8f9e5a3120b\",\"name\":\"Filippo Francesco Idone\",\"image\":{\"@type\":\"ImageObject\",\"inLanguage\":\"it-IT\",\"@id\":\"https:\/\/secure.gravatar.com\/avatar\/7268715d2366395c3dd314385670e6484117d44f5c442e61e230f7008b7b62d3?s=96&d=mm&r=g\",\"url\":\"https:\/\/secure.gravatar.com\/avatar\/7268715d2366395c3dd314385670e6484117d44f5c442e61e230f7008b7b62d3?s=96&d=mm&r=g\",\"contentUrl\":\"https:\/\/secure.gravatar.com\/avatar\/7268715d2366395c3dd314385670e6484117d44f5c442e61e230f7008b7b62d3?s=96&d=mm&r=g\",\"caption\":\"Filippo Francesco Idone\"},\"url\":\"https:\/\/progettotouring.it\/radiotouring104\/author\/filippoidone\/\"}]}<\/script>\n<!-- \/ Yoast SEO plugin. -->","yoast_head_json":{"title":"L'Universitas Vivariensis ricorda Don Ciccio Cozza - Radio Touring 104","description":"Continua l\u2019opera di valorizzazione delle figure decardoniane Dipignao: marted\u00ec 1 agosto ci verr\u00e0 ricordato Don Ciccio Cozza","robots":{"index":"index","follow":"follow","max-snippet":"max-snippet:-1","max-image-preview":"max-image-preview:large","max-video-preview":"max-video-preview:-1"},"canonical":"https:\/\/progettotouring.it\/radiotouring104\/2023\/07\/24\/luniversitas-vivariensis-ricorda-don-ciccio-cozza\/","og_locale":"it_IT","og_type":"article","og_title":"L'Universitas Vivariensis ricorda Don Ciccio Cozza - Radio Touring 104","og_description":"Continua l\u2019opera di valorizzazione delle figure decardoniane Dipignao: marted\u00ec 1 agosto ci verr\u00e0 ricordato Don Ciccio Cozza","og_url":"https:\/\/progettotouring.it\/radiotouring104\/2023\/07\/24\/luniversitas-vivariensis-ricorda-don-ciccio-cozza\/","og_site_name":"Radio Touring 104","article_published_time":"2023-07-24T10:21:56+00:00","article_modified_time":"2023-07-24T12:06:38+00:00","og_image":[{"width":869,"height":713,"url":"https:\/\/progettotouring.it\/radiotouring104\/wp-content\/uploads\/sites\/6\/2023\/07\/don-ciccio-cozza.jpg","type":"image\/jpeg"}],"author":"Filippo Francesco Idone","twitter_card":"summary_large_image","twitter_misc":{"Scritto da":"Filippo Francesco Idone","Tempo di lettura stimato":"2 minuti"},"schema":{"@context":"https:\/\/schema.org","@graph":[{"@type":"Article","@id":"https:\/\/progettotouring.it\/radiotouring104\/2023\/07\/24\/luniversitas-vivariensis-ricorda-don-ciccio-cozza\/#article","isPartOf":{"@id":"https:\/\/progettotouring.it\/radiotouring104\/2023\/07\/24\/luniversitas-vivariensis-ricorda-don-ciccio-cozza\/"},"author":{"name":"Filippo Francesco Idone","@id":"https:\/\/progettotouring.it\/radiotouring104\/#\/schema\/person\/4a82259ca52ac8702ad1a8f9e5a3120b"},"headline":"L&#8217;Universitas Vivariensis ricorda Don Ciccio Cozza","datePublished":"2023-07-24T10:21:56+00:00","dateModified":"2023-07-24T12:06:38+00:00","mainEntityOfPage":{"@id":"https:\/\/progettotouring.it\/radiotouring104\/2023\/07\/24\/luniversitas-vivariensis-ricorda-don-ciccio-cozza\/"},"wordCount":338,"publisher":{"@id":"https:\/\/progettotouring.it\/radiotouring104\/#organization"},"image":{"@id":"https:\/\/progettotouring.it\/radiotouring104\/2023\/07\/24\/luniversitas-vivariensis-ricorda-don-ciccio-cozza\/#primaryimage"},"thumbnailUrl":"https:\/\/progettotouring.it\/radiotouring104\/wp-content\/uploads\/sites\/6\/2023\/07\/don-ciccio-cozza.jpg","keywords":["Don Ciccio Cozza","Universitas Vivariensis"],"articleSection":["Calabria","Home","News"],"inLanguage":"it-IT"},{"@type":"WebPage","@id":"https:\/\/progettotouring.it\/radiotouring104\/2023\/07\/24\/luniversitas-vivariensis-ricorda-don-ciccio-cozza\/","url":"https:\/\/progettotouring.it\/radiotouring104\/2023\/07\/24\/luniversitas-vivariensis-ricorda-don-ciccio-cozza\/","name":"L'Universitas Vivariensis ricorda Don Ciccio Cozza - Radio Touring 104","isPartOf":{"@id":"https:\/\/progettotouring.it\/radiotouring104\/#website"},"primaryImageOfPage":{"@id":"https:\/\/progettotouring.it\/radiotouring104\/2023\/07\/24\/luniversitas-vivariensis-ricorda-don-ciccio-cozza\/#primaryimage"},"image":{"@id":"https:\/\/progettotouring.it\/radiotouring104\/2023\/07\/24\/luniversitas-vivariensis-ricorda-don-ciccio-cozza\/#primaryimage"},"thumbnailUrl":"https:\/\/progettotouring.it\/radiotouring104\/wp-content\/uploads\/sites\/6\/2023\/07\/don-ciccio-cozza.jpg","datePublished":"2023-07-24T10:21:56+00:00","dateModified":"2023-07-24T12:06:38+00:00","description":"Continua l\u2019opera di valorizzazione delle figure decardoniane Dipignao: marted\u00ec 1 agosto ci verr\u00e0 ricordato Don Ciccio Cozza","breadcrumb":{"@id":"https:\/\/progettotouring.it\/radiotouring104\/2023\/07\/24\/luniversitas-vivariensis-ricorda-don-ciccio-cozza\/#breadcrumb"},"inLanguage":"it-IT","potentialAction":[{"@type":"ReadAction","target":["https:\/\/progettotouring.it\/radiotouring104\/2023\/07\/24\/luniversitas-vivariensis-ricorda-don-ciccio-cozza\/"]}]},{"@type":"ImageObject","inLanguage":"it-IT","@id":"https:\/\/progettotouring.it\/radiotouring104\/2023\/07\/24\/luniversitas-vivariensis-ricorda-don-ciccio-cozza\/#primaryimage","url":"https:\/\/progettotouring.it\/radiotouring104\/wp-content\/uploads\/sites\/6\/2023\/07\/don-ciccio-cozza.jpg","contentUrl":"https:\/\/progettotouring.it\/radiotouring104\/wp-content\/uploads\/sites\/6\/2023\/07\/don-ciccio-cozza.jpg","width":869,"height":713},{"@type":"BreadcrumbList","@id":"https:\/\/progettotouring.it\/radiotouring104\/2023\/07\/24\/luniversitas-vivariensis-ricorda-don-ciccio-cozza\/#breadcrumb","itemListElement":[{"@type":"ListItem","position":1,"name":"Home","item":"https:\/\/progettotouring.it\/radiotouring104\/"},{"@type":"ListItem","position":2,"name":"L&#8217;Universitas Vivariensis ricorda Don Ciccio Cozza"}]},{"@type":"WebSite","@id":"https:\/\/progettotouring.it\/radiotouring104\/#website","url":"https:\/\/progettotouring.it\/radiotouring104\/","name":"Radio Touring 104","description":"La prima radio Reggina","publisher":{"@id":"https:\/\/progettotouring.it\/radiotouring104\/#organization"},"potentialAction":[{"@type":"SearchAction","target":{"@type":"EntryPoint","urlTemplate":"https:\/\/progettotouring.it\/radiotouring104\/?s={search_term_string}"},"query-input":{"@type":"PropertyValueSpecification","valueRequired":true,"valueName":"search_term_string"}}],"inLanguage":"it-IT"},{"@type":"Organization","@id":"https:\/\/progettotouring.it\/radiotouring104\/#organization","name":"Radio Touring 104","url":"https:\/\/progettotouring.it\/radiotouring104\/","logo":{"@type":"ImageObject","inLanguage":"it-IT","@id":"https:\/\/progettotouring.it\/radiotouring104\/#\/schema\/logo\/image\/","url":"https:\/\/progettotouring.it\/radiotouring104\/wp-content\/uploads\/sites\/6\/2022\/02\/cropped-logo-radio-touring-104.png","contentUrl":"https:\/\/progettotouring.it\/radiotouring104\/wp-content\/uploads\/sites\/6\/2022\/02\/cropped-logo-radio-touring-104.png","width":377,"height":182,"caption":"Radio Touring 104"},"image":{"@id":"https:\/\/progettotouring.it\/radiotouring104\/#\/schema\/logo\/image\/"}},{"@type":"Person","@id":"https:\/\/progettotouring.it\/radiotouring104\/#\/schema\/person\/4a82259ca52ac8702ad1a8f9e5a3120b","name":"Filippo Francesco Idone","image":{"@type":"ImageObject","inLanguage":"it-IT","@id":"https:\/\/secure.gravatar.com\/avatar\/7268715d2366395c3dd314385670e6484117d44f5c442e61e230f7008b7b62d3?s=96&d=mm&r=g","url":"https:\/\/secure.gravatar.com\/avatar\/7268715d2366395c3dd314385670e6484117d44f5c442e61e230f7008b7b62d3?s=96&d=mm&r=g","contentUrl":"https:\/\/secure.gravatar.com\/avatar\/7268715d2366395c3dd314385670e6484117d44f5c442e61e230f7008b7b62d3?s=96&d=mm&r=g","caption":"Filippo Francesco Idone"},"url":"https:\/\/progettotouring.it\/radiotouring104\/author\/filippoidone\/"}]}},"jetpack_publicize_connections":[],"jetpack_featured_media_url":"https:\/\/progettotouring.it\/radiotouring104\/wp-content\/uploads\/sites\/6\/2023\/07\/don-ciccio-cozza.jpg","jetpack_sharing_enabled":true,"_links":{"self":[{"href":"https:\/\/progettotouring.it\/radiotouring104\/wp-json\/wp\/v2\/posts\/30973","targetHints":{"allow":["GET"]}}],"collection":[{"href":"https:\/\/progettotouring.it\/radiotouring104\/wp-json\/wp\/v2\/posts"}],"about":[{"href":"https:\/\/progettotouring.it\/radiotouring104\/wp-json\/wp\/v2\/types\/post"}],"author":[{"embeddable":true,"href":"https:\/\/progettotouring.it\/radiotouring104\/wp-json\/wp\/v2\/users\/8"}],"replies":[{"embeddable":true,"href":"https:\/\/progettotouring.it\/radiotouring104\/wp-json\/wp\/v2\/comments?post=30973"}],"version-history":[{"count":1,"href":"https:\/\/progettotouring.it\/radiotouring104\/wp-json\/wp\/v2\/posts\/30973\/revisions"}],"predecessor-version":[{"id":30975,"href":"https:\/\/progettotouring.it\/radiotouring104\/wp-json\/wp\/v2\/posts\/30973\/revisions\/30975"}],"wp:featuredmedia":[{"embeddable":true,"href":"https:\/\/progettotouring.it\/radiotouring104\/wp-json\/wp\/v2\/media\/30974"}],"wp:attachment":[{"href":"https:\/\/progettotouring.it\/radiotouring104\/wp-json\/wp\/v2\/media?parent=30973"}],"wp:term":[{"taxonomy":"category","embeddable":true,"href":"https:\/\/progettotouring.it\/radiotouring104\/wp-json\/wp\/v2\/categories?post=30973"},{"taxonomy":"post_tag","embeddable":true,"href":"https:\/\/progettotouring.it\/radiotouring104\/wp-json\/wp\/v2\/tags?post=30973"}],"curies":[{"name":"wp","href":"https:\/\/api.w.org\/{rel}","templated":true}]}}