{"id":31120,"date":"2023-07-25T15:11:17","date_gmt":"2023-07-25T13:11:17","guid":{"rendered":"https:\/\/progettotouring.it\/radiotouring104\/?p=31120"},"modified":"2023-07-25T15:11:17","modified_gmt":"2023-07-25T13:11:17","slug":"terranostra-calabria-ha-eletto-vincenzo-abbruzzese-come-nuovo-presidente","status":"publish","type":"post","link":"https:\/\/progettotouring.it\/radiotouring104\/2023\/07\/25\/terranostra-calabria-ha-eletto-vincenzo-abbruzzese-come-nuovo-presidente\/","title":{"rendered":"Terranostra Calabria ha eletto Vincenzo Abbruzzese come nuovo presidente"},"content":{"rendered":"<p style=\"text-align: justify\">Terranostra Calabria, l\u2019associazione per l\u2019agriturismo, l\u2019ambiente e il territorio di Coldiretti ha un nuovo presidente regionale: \u00e8 <b>Vincenzo Abbruzzese<\/b>\u00a0imprendirore agricolo conduce l\u2019agriturismo Biosila ad Acri\u00a0e succede ad Adriana Tamburi alla quale sono andati i ringraziamenti dell\u2019assemblea per il lavoro svolto con passione e dedizione avendo saputo guardare sempre avanti nell\u2019impostazione di un agriturismo esperienziale e al passo con i tempi. L\u2019assemblea dei delegati si \u00e8 riunita\u00a0 a Lamezia Terme nella sede di <strong>Coldiretti Calabria<\/strong>. Abbruzzese guider\u00e0 l\u2019associazione per i prossimi 5 anni. \u201c<i>Ringrazio l\u2019assemblea per questa elezione\u00a0 e cercher\u00f2 di ripagare con il lavoro e il coinvolgimento di tutti la fiducia che \u00e8 stata riposta in me \u00e8 \u2013 ha proseguito &#8211;<\/i><i>\u00a0una sfida bellissima che accolgo entusiasta\u00a0 perch\u00e9 il marchio <strong>\u2018Agriturismo di Campagna Amica\u2019,<\/strong> in uso esclusivo all\u2019Associazione <strong>Terranostra<\/strong>, sia un importante valore aggiunto per tutti coloro che hanno multifunzionalit\u00e0 agricola, essendo conosciuto ormai da milioni di persone tramite i farmer market e anche perch\u00e9 \u00e8 un simbolo che evoca i valori della sostenibilit\u00e0 e della distintivit\u00e0 oggi fortemente apprezzati dal cittadino-consumatore e dalla societ\u00e0.\u00a0Oggi il sistema agrituristico \u00e8 molto diverso rispetto a 10 anni fa quando era ancorato a due sole direttrici: ristorazione e alloggio. Oggi, seppure quelli restano due pilastri, l\u2019agriturismo \u00e8 pi\u00f9 proiettato a una veste multifunzionale, legata alla valorizzazione dei territori, alla riqualificazione dei borghi e si punta a un turismo diffuso con un\u2019offerta sempre pi\u00f9 identitaria nel nostro ambito c\u2019\u00e8 la potenzialit\u00e0 di riconnettersi con il territorio attraverso una implementazione dell\u2019attivit\u00e0 facendo si\u00a0 che il pensiero di un territorio non sia solo indirizzato a proporre servizi turistici ma cambi la sua visione presentando un\u2019offerta variegata che aumenti il ventaglio di scelta del cittadino\u201d.<\/i><\/p>\n<p style=\"text-align: justify\">\u00a0L\u2019augurio di buon lavoro al nuovo presidente e i ringraziamenti per quanto fatto dalla presidente Tamburi, sono giunti dal <strong>Presidente di Coldiretti Calabria Franco Aceto<\/strong>. Secondo gli ultimi dati ISTAT in Calabria gli agriturismi sono 595 su un totale di aziende con attivit\u00e0 connesse di 2049.<\/p>\n","protected":false},"excerpt":{"rendered":"<p>Terranostra Calabria, l\u2019associazione per l\u2019agriturismo, l\u2019ambiente e il territorio di Coldiretti ha un nuovo presidente regionale: \u00e8 Vincenzo Abbruzzese\u00a0imprendirore agricolo conduce l\u2019agriturismo Biosila ad Acri\u00a0e succede ad Adriana Tamburi alla&hellip;<\/p>\n","protected":false},"author":8,"featured_media":31121,"comment_status":"closed","ping_status":"open","sticky":false,"template":"","format":"standard","meta":{"_jetpack_memberships_contains_paid_content":false,"footnotes":"","jetpack_publicize_message":"","jetpack_publicize_feature_enabled":true,"jetpack_social_post_already_shared":false,"jetpack_social_options":{"image_generator_settings":{"template":"highway","default_image_id":0,"font":"","enabled":false},"version":2}},"categories":[142,921,196],"tags":[557,556,12842,5111],"class_list":["post-31120","post","type-post","status-publish","format-standard","has-post-thumbnail","hentry","category-calabria","category-home","category-news","tag-coldiretti-calabria","tag-franco-aceto","tag-terranostra","tag-vincenzo-abbruzzese"],"yoast_head":"<!-- This site is optimized with the Yoast SEO plugin v27.2 - https:\/\/yoast.com\/product\/yoast-seo-wordpress\/ -->\n<title>Terranostra Calabria ha eletto Vincenzo Abbruzzese come nuovo presidente - Radio Touring 104<\/title>\n<meta name=\"description\" content=\"Terranostra Calabria, l\u2019associazione per l\u2019agriturismo, l\u2019ambiente e il territorio di Coldiretti ha un nuovo presidente regionale: Abbruzzese\" \/>\n<meta name=\"robots\" content=\"index, follow, max-snippet:-1, max-image-preview:large, max-video-preview:-1\" \/>\n<link rel=\"canonical\" href=\"https:\/\/progettotouring.it\/radiotouring104\/2023\/07\/25\/terranostra-calabria-ha-eletto-vincenzo-abbruzzese-come-nuovo-presidente\/\" \/>\n<meta property=\"og:locale\" content=\"it_IT\" \/>\n<meta property=\"og:type\" content=\"article\" \/>\n<meta property=\"og:title\" content=\"Terranostra Calabria ha eletto Vincenzo Abbruzzese come nuovo presidente - Radio Touring 104\" \/>\n<meta property=\"og:description\" content=\"Terranostra Calabria, l\u2019associazione per l\u2019agriturismo, l\u2019ambiente e il territorio di Coldiretti ha un nuovo presidente regionale: Abbruzzese\" \/>\n<meta property=\"og:url\" content=\"https:\/\/progettotouring.it\/radiotouring104\/2023\/07\/25\/terranostra-calabria-ha-eletto-vincenzo-abbruzzese-come-nuovo-presidente\/\" \/>\n<meta property=\"og:site_name\" content=\"Radio Touring 104\" \/>\n<meta property=\"article:published_time\" content=\"2023-07-25T13:11:17+00:00\" \/>\n<meta property=\"og:image\" content=\"https:\/\/progettotouring.it\/radiotouring104\/wp-content\/uploads\/sites\/6\/2023\/07\/Il-Consiglio-Direttivo-di-Terranostra-Calabria.jpg\" \/>\n\t<meta property=\"og:image:width\" content=\"1024\" \/>\n\t<meta property=\"og:image:height\" content=\"768\" \/>\n\t<meta property=\"og:image:type\" content=\"image\/jpeg\" \/>\n<meta name=\"author\" content=\"Filippo Francesco Idone\" \/>\n<meta name=\"twitter:card\" content=\"summary_large_image\" \/>\n<meta name=\"twitter:label1\" content=\"Scritto da\" \/>\n\t<meta name=\"twitter:data1\" content=\"Filippo Francesco Idone\" \/>\n\t<meta name=\"twitter:label2\" content=\"Tempo di lettura stimato\" \/>\n\t<meta name=\"twitter:data2\" content=\"2 minuti\" \/>\n<script type=\"application\/ld+json\" class=\"yoast-schema-graph\">{\"@context\":\"https:\/\/schema.org\",\"@graph\":[{\"@type\":\"Article\",\"@id\":\"https:\/\/progettotouring.it\/radiotouring104\/2023\/07\/25\/terranostra-calabria-ha-eletto-vincenzo-abbruzzese-come-nuovo-presidente\/#article\",\"isPartOf\":{\"@id\":\"https:\/\/progettotouring.it\/radiotouring104\/2023\/07\/25\/terranostra-calabria-ha-eletto-vincenzo-abbruzzese-come-nuovo-presidente\/\"},\"author\":{\"name\":\"Filippo Francesco Idone\",\"@id\":\"https:\/\/progettotouring.it\/radiotouring104\/#\/schema\/person\/4a82259ca52ac8702ad1a8f9e5a3120b\"},\"headline\":\"Terranostra Calabria ha eletto Vincenzo Abbruzzese come nuovo presidente\",\"datePublished\":\"2023-07-25T13:11:17+00:00\",\"mainEntityOfPage\":{\"@id\":\"https:\/\/progettotouring.it\/radiotouring104\/2023\/07\/25\/terranostra-calabria-ha-eletto-vincenzo-abbruzzese-come-nuovo-presidente\/\"},\"wordCount\":340,\"publisher\":{\"@id\":\"https:\/\/progettotouring.it\/radiotouring104\/#organization\"},\"image\":{\"@id\":\"https:\/\/progettotouring.it\/radiotouring104\/2023\/07\/25\/terranostra-calabria-ha-eletto-vincenzo-abbruzzese-come-nuovo-presidente\/#primaryimage\"},\"thumbnailUrl\":\"https:\/\/progettotouring.it\/radiotouring104\/wp-content\/uploads\/sites\/6\/2023\/07\/Il-Consiglio-Direttivo-di-Terranostra-Calabria.jpg\",\"keywords\":[\"Coldiretti Calabria\",\"Franco Aceto\",\"terranostra\",\"Vincenzo Abbruzzese\"],\"articleSection\":[\"Calabria\",\"Home\",\"News\"],\"inLanguage\":\"it-IT\"},{\"@type\":\"WebPage\",\"@id\":\"https:\/\/progettotouring.it\/radiotouring104\/2023\/07\/25\/terranostra-calabria-ha-eletto-vincenzo-abbruzzese-come-nuovo-presidente\/\",\"url\":\"https:\/\/progettotouring.it\/radiotouring104\/2023\/07\/25\/terranostra-calabria-ha-eletto-vincenzo-abbruzzese-come-nuovo-presidente\/\",\"name\":\"Terranostra Calabria ha eletto Vincenzo Abbruzzese come nuovo presidente - Radio Touring 104\",\"isPartOf\":{\"@id\":\"https:\/\/progettotouring.it\/radiotouring104\/#website\"},\"primaryImageOfPage\":{\"@id\":\"https:\/\/progettotouring.it\/radiotouring104\/2023\/07\/25\/terranostra-calabria-ha-eletto-vincenzo-abbruzzese-come-nuovo-presidente\/#primaryimage\"},\"image\":{\"@id\":\"https:\/\/progettotouring.it\/radiotouring104\/2023\/07\/25\/terranostra-calabria-ha-eletto-vincenzo-abbruzzese-come-nuovo-presidente\/#primaryimage\"},\"thumbnailUrl\":\"https:\/\/progettotouring.it\/radiotouring104\/wp-content\/uploads\/sites\/6\/2023\/07\/Il-Consiglio-Direttivo-di-Terranostra-Calabria.jpg\",\"datePublished\":\"2023-07-25T13:11:17+00:00\",\"description\":\"Terranostra Calabria, l\u2019associazione per l\u2019agriturismo, l\u2019ambiente e il territorio di Coldiretti ha un nuovo presidente regionale: Abbruzzese\",\"breadcrumb\":{\"@id\":\"https:\/\/progettotouring.it\/radiotouring104\/2023\/07\/25\/terranostra-calabria-ha-eletto-vincenzo-abbruzzese-come-nuovo-presidente\/#breadcrumb\"},\"inLanguage\":\"it-IT\",\"potentialAction\":[{\"@type\":\"ReadAction\",\"target\":[\"https:\/\/progettotouring.it\/radiotouring104\/2023\/07\/25\/terranostra-calabria-ha-eletto-vincenzo-abbruzzese-come-nuovo-presidente\/\"]}]},{\"@type\":\"ImageObject\",\"inLanguage\":\"it-IT\",\"@id\":\"https:\/\/progettotouring.it\/radiotouring104\/2023\/07\/25\/terranostra-calabria-ha-eletto-vincenzo-abbruzzese-come-nuovo-presidente\/#primaryimage\",\"url\":\"https:\/\/progettotouring.it\/radiotouring104\/wp-content\/uploads\/sites\/6\/2023\/07\/Il-Consiglio-Direttivo-di-Terranostra-Calabria.jpg\",\"contentUrl\":\"https:\/\/progettotouring.it\/radiotouring104\/wp-content\/uploads\/sites\/6\/2023\/07\/Il-Consiglio-Direttivo-di-Terranostra-Calabria.jpg\",\"width\":1024,\"height\":768},{\"@type\":\"BreadcrumbList\",\"@id\":\"https:\/\/progettotouring.it\/radiotouring104\/2023\/07\/25\/terranostra-calabria-ha-eletto-vincenzo-abbruzzese-come-nuovo-presidente\/#breadcrumb\",\"itemListElement\":[{\"@type\":\"ListItem\",\"position\":1,\"name\":\"Home\",\"item\":\"https:\/\/progettotouring.it\/radiotouring104\/\"},{\"@type\":\"ListItem\",\"position\":2,\"name\":\"Terranostra Calabria ha eletto Vincenzo Abbruzzese come nuovo presidente\"}]},{\"@type\":\"WebSite\",\"@id\":\"https:\/\/progettotouring.it\/radiotouring104\/#website\",\"url\":\"https:\/\/progettotouring.it\/radiotouring104\/\",\"name\":\"Radio Touring 104\",\"description\":\"La prima radio Reggina\",\"publisher\":{\"@id\":\"https:\/\/progettotouring.it\/radiotouring104\/#organization\"},\"potentialAction\":[{\"@type\":\"SearchAction\",\"target\":{\"@type\":\"EntryPoint\",\"urlTemplate\":\"https:\/\/progettotouring.it\/radiotouring104\/?s={search_term_string}\"},\"query-input\":{\"@type\":\"PropertyValueSpecification\",\"valueRequired\":true,\"valueName\":\"search_term_string\"}}],\"inLanguage\":\"it-IT\"},{\"@type\":\"Organization\",\"@id\":\"https:\/\/progettotouring.it\/radiotouring104\/#organization\",\"name\":\"Radio Touring 104\",\"url\":\"https:\/\/progettotouring.it\/radiotouring104\/\",\"logo\":{\"@type\":\"ImageObject\",\"inLanguage\":\"it-IT\",\"@id\":\"https:\/\/progettotouring.it\/radiotouring104\/#\/schema\/logo\/image\/\",\"url\":\"https:\/\/progettotouring.it\/radiotouring104\/wp-content\/uploads\/sites\/6\/2022\/02\/cropped-logo-radio-touring-104.png\",\"contentUrl\":\"https:\/\/progettotouring.it\/radiotouring104\/wp-content\/uploads\/sites\/6\/2022\/02\/cropped-logo-radio-touring-104.png\",\"width\":377,\"height\":182,\"caption\":\"Radio Touring 104\"},\"image\":{\"@id\":\"https:\/\/progettotouring.it\/radiotouring104\/#\/schema\/logo\/image\/\"}},{\"@type\":\"Person\",\"@id\":\"https:\/\/progettotouring.it\/radiotouring104\/#\/schema\/person\/4a82259ca52ac8702ad1a8f9e5a3120b\",\"name\":\"Filippo Francesco Idone\",\"image\":{\"@type\":\"ImageObject\",\"inLanguage\":\"it-IT\",\"@id\":\"https:\/\/secure.gravatar.com\/avatar\/7268715d2366395c3dd314385670e6484117d44f5c442e61e230f7008b7b62d3?s=96&d=mm&r=g\",\"url\":\"https:\/\/secure.gravatar.com\/avatar\/7268715d2366395c3dd314385670e6484117d44f5c442e61e230f7008b7b62d3?s=96&d=mm&r=g\",\"contentUrl\":\"https:\/\/secure.gravatar.com\/avatar\/7268715d2366395c3dd314385670e6484117d44f5c442e61e230f7008b7b62d3?s=96&d=mm&r=g\",\"caption\":\"Filippo Francesco Idone\"},\"url\":\"https:\/\/progettotouring.it\/radiotouring104\/author\/filippoidone\/\"}]}<\/script>\n<!-- \/ Yoast SEO plugin. -->","yoast_head_json":{"title":"Terranostra Calabria ha eletto Vincenzo Abbruzzese come nuovo presidente - Radio Touring 104","description":"Terranostra Calabria, l\u2019associazione per l\u2019agriturismo, l\u2019ambiente e il territorio di Coldiretti ha un nuovo presidente regionale: Abbruzzese","robots":{"index":"index","follow":"follow","max-snippet":"max-snippet:-1","max-image-preview":"max-image-preview:large","max-video-preview":"max-video-preview:-1"},"canonical":"https:\/\/progettotouring.it\/radiotouring104\/2023\/07\/25\/terranostra-calabria-ha-eletto-vincenzo-abbruzzese-come-nuovo-presidente\/","og_locale":"it_IT","og_type":"article","og_title":"Terranostra Calabria ha eletto Vincenzo Abbruzzese come nuovo presidente - Radio Touring 104","og_description":"Terranostra Calabria, l\u2019associazione per l\u2019agriturismo, l\u2019ambiente e il territorio di Coldiretti ha un nuovo presidente regionale: Abbruzzese","og_url":"https:\/\/progettotouring.it\/radiotouring104\/2023\/07\/25\/terranostra-calabria-ha-eletto-vincenzo-abbruzzese-come-nuovo-presidente\/","og_site_name":"Radio Touring 104","article_published_time":"2023-07-25T13:11:17+00:00","og_image":[{"width":1024,"height":768,"url":"https:\/\/progettotouring.it\/radiotouring104\/wp-content\/uploads\/sites\/6\/2023\/07\/Il-Consiglio-Direttivo-di-Terranostra-Calabria.jpg","type":"image\/jpeg"}],"author":"Filippo Francesco Idone","twitter_card":"summary_large_image","twitter_misc":{"Scritto da":"Filippo Francesco Idone","Tempo di lettura stimato":"2 minuti"},"schema":{"@context":"https:\/\/schema.org","@graph":[{"@type":"Article","@id":"https:\/\/progettotouring.it\/radiotouring104\/2023\/07\/25\/terranostra-calabria-ha-eletto-vincenzo-abbruzzese-come-nuovo-presidente\/#article","isPartOf":{"@id":"https:\/\/progettotouring.it\/radiotouring104\/2023\/07\/25\/terranostra-calabria-ha-eletto-vincenzo-abbruzzese-come-nuovo-presidente\/"},"author":{"name":"Filippo Francesco Idone","@id":"https:\/\/progettotouring.it\/radiotouring104\/#\/schema\/person\/4a82259ca52ac8702ad1a8f9e5a3120b"},"headline":"Terranostra Calabria ha eletto Vincenzo Abbruzzese come nuovo presidente","datePublished":"2023-07-25T13:11:17+00:00","mainEntityOfPage":{"@id":"https:\/\/progettotouring.it\/radiotouring104\/2023\/07\/25\/terranostra-calabria-ha-eletto-vincenzo-abbruzzese-come-nuovo-presidente\/"},"wordCount":340,"publisher":{"@id":"https:\/\/progettotouring.it\/radiotouring104\/#organization"},"image":{"@id":"https:\/\/progettotouring.it\/radiotouring104\/2023\/07\/25\/terranostra-calabria-ha-eletto-vincenzo-abbruzzese-come-nuovo-presidente\/#primaryimage"},"thumbnailUrl":"https:\/\/progettotouring.it\/radiotouring104\/wp-content\/uploads\/sites\/6\/2023\/07\/Il-Consiglio-Direttivo-di-Terranostra-Calabria.jpg","keywords":["Coldiretti Calabria","Franco Aceto","terranostra","Vincenzo Abbruzzese"],"articleSection":["Calabria","Home","News"],"inLanguage":"it-IT"},{"@type":"WebPage","@id":"https:\/\/progettotouring.it\/radiotouring104\/2023\/07\/25\/terranostra-calabria-ha-eletto-vincenzo-abbruzzese-come-nuovo-presidente\/","url":"https:\/\/progettotouring.it\/radiotouring104\/2023\/07\/25\/terranostra-calabria-ha-eletto-vincenzo-abbruzzese-come-nuovo-presidente\/","name":"Terranostra Calabria ha eletto Vincenzo Abbruzzese come nuovo presidente - Radio Touring 104","isPartOf":{"@id":"https:\/\/progettotouring.it\/radiotouring104\/#website"},"primaryImageOfPage":{"@id":"https:\/\/progettotouring.it\/radiotouring104\/2023\/07\/25\/terranostra-calabria-ha-eletto-vincenzo-abbruzzese-come-nuovo-presidente\/#primaryimage"},"image":{"@id":"https:\/\/progettotouring.it\/radiotouring104\/2023\/07\/25\/terranostra-calabria-ha-eletto-vincenzo-abbruzzese-come-nuovo-presidente\/#primaryimage"},"thumbnailUrl":"https:\/\/progettotouring.it\/radiotouring104\/wp-content\/uploads\/sites\/6\/2023\/07\/Il-Consiglio-Direttivo-di-Terranostra-Calabria.jpg","datePublished":"2023-07-25T13:11:17+00:00","description":"Terranostra Calabria, l\u2019associazione per l\u2019agriturismo, l\u2019ambiente e il territorio di Coldiretti ha un nuovo presidente regionale: Abbruzzese","breadcrumb":{"@id":"https:\/\/progettotouring.it\/radiotouring104\/2023\/07\/25\/terranostra-calabria-ha-eletto-vincenzo-abbruzzese-come-nuovo-presidente\/#breadcrumb"},"inLanguage":"it-IT","potentialAction":[{"@type":"ReadAction","target":["https:\/\/progettotouring.it\/radiotouring104\/2023\/07\/25\/terranostra-calabria-ha-eletto-vincenzo-abbruzzese-come-nuovo-presidente\/"]}]},{"@type":"ImageObject","inLanguage":"it-IT","@id":"https:\/\/progettotouring.it\/radiotouring104\/2023\/07\/25\/terranostra-calabria-ha-eletto-vincenzo-abbruzzese-come-nuovo-presidente\/#primaryimage","url":"https:\/\/progettotouring.it\/radiotouring104\/wp-content\/uploads\/sites\/6\/2023\/07\/Il-Consiglio-Direttivo-di-Terranostra-Calabria.jpg","contentUrl":"https:\/\/progettotouring.it\/radiotouring104\/wp-content\/uploads\/sites\/6\/2023\/07\/Il-Consiglio-Direttivo-di-Terranostra-Calabria.jpg","width":1024,"height":768},{"@type":"BreadcrumbList","@id":"https:\/\/progettotouring.it\/radiotouring104\/2023\/07\/25\/terranostra-calabria-ha-eletto-vincenzo-abbruzzese-come-nuovo-presidente\/#breadcrumb","itemListElement":[{"@type":"ListItem","position":1,"name":"Home","item":"https:\/\/progettotouring.it\/radiotouring104\/"},{"@type":"ListItem","position":2,"name":"Terranostra Calabria ha eletto Vincenzo Abbruzzese come nuovo presidente"}]},{"@type":"WebSite","@id":"https:\/\/progettotouring.it\/radiotouring104\/#website","url":"https:\/\/progettotouring.it\/radiotouring104\/","name":"Radio Touring 104","description":"La prima radio Reggina","publisher":{"@id":"https:\/\/progettotouring.it\/radiotouring104\/#organization"},"potentialAction":[{"@type":"SearchAction","target":{"@type":"EntryPoint","urlTemplate":"https:\/\/progettotouring.it\/radiotouring104\/?s={search_term_string}"},"query-input":{"@type":"PropertyValueSpecification","valueRequired":true,"valueName":"search_term_string"}}],"inLanguage":"it-IT"},{"@type":"Organization","@id":"https:\/\/progettotouring.it\/radiotouring104\/#organization","name":"Radio Touring 104","url":"https:\/\/progettotouring.it\/radiotouring104\/","logo":{"@type":"ImageObject","inLanguage":"it-IT","@id":"https:\/\/progettotouring.it\/radiotouring104\/#\/schema\/logo\/image\/","url":"https:\/\/progettotouring.it\/radiotouring104\/wp-content\/uploads\/sites\/6\/2022\/02\/cropped-logo-radio-touring-104.png","contentUrl":"https:\/\/progettotouring.it\/radiotouring104\/wp-content\/uploads\/sites\/6\/2022\/02\/cropped-logo-radio-touring-104.png","width":377,"height":182,"caption":"Radio Touring 104"},"image":{"@id":"https:\/\/progettotouring.it\/radiotouring104\/#\/schema\/logo\/image\/"}},{"@type":"Person","@id":"https:\/\/progettotouring.it\/radiotouring104\/#\/schema\/person\/4a82259ca52ac8702ad1a8f9e5a3120b","name":"Filippo Francesco Idone","image":{"@type":"ImageObject","inLanguage":"it-IT","@id":"https:\/\/secure.gravatar.com\/avatar\/7268715d2366395c3dd314385670e6484117d44f5c442e61e230f7008b7b62d3?s=96&d=mm&r=g","url":"https:\/\/secure.gravatar.com\/avatar\/7268715d2366395c3dd314385670e6484117d44f5c442e61e230f7008b7b62d3?s=96&d=mm&r=g","contentUrl":"https:\/\/secure.gravatar.com\/avatar\/7268715d2366395c3dd314385670e6484117d44f5c442e61e230f7008b7b62d3?s=96&d=mm&r=g","caption":"Filippo Francesco Idone"},"url":"https:\/\/progettotouring.it\/radiotouring104\/author\/filippoidone\/"}]}},"jetpack_publicize_connections":[],"jetpack_featured_media_url":"https:\/\/progettotouring.it\/radiotouring104\/wp-content\/uploads\/sites\/6\/2023\/07\/Il-Consiglio-Direttivo-di-Terranostra-Calabria.jpg","jetpack_sharing_enabled":true,"_links":{"self":[{"href":"https:\/\/progettotouring.it\/radiotouring104\/wp-json\/wp\/v2\/posts\/31120","targetHints":{"allow":["GET"]}}],"collection":[{"href":"https:\/\/progettotouring.it\/radiotouring104\/wp-json\/wp\/v2\/posts"}],"about":[{"href":"https:\/\/progettotouring.it\/radiotouring104\/wp-json\/wp\/v2\/types\/post"}],"author":[{"embeddable":true,"href":"https:\/\/progettotouring.it\/radiotouring104\/wp-json\/wp\/v2\/users\/8"}],"replies":[{"embeddable":true,"href":"https:\/\/progettotouring.it\/radiotouring104\/wp-json\/wp\/v2\/comments?post=31120"}],"version-history":[{"count":1,"href":"https:\/\/progettotouring.it\/radiotouring104\/wp-json\/wp\/v2\/posts\/31120\/revisions"}],"predecessor-version":[{"id":31122,"href":"https:\/\/progettotouring.it\/radiotouring104\/wp-json\/wp\/v2\/posts\/31120\/revisions\/31122"}],"wp:featuredmedia":[{"embeddable":true,"href":"https:\/\/progettotouring.it\/radiotouring104\/wp-json\/wp\/v2\/media\/31121"}],"wp:attachment":[{"href":"https:\/\/progettotouring.it\/radiotouring104\/wp-json\/wp\/v2\/media?parent=31120"}],"wp:term":[{"taxonomy":"category","embeddable":true,"href":"https:\/\/progettotouring.it\/radiotouring104\/wp-json\/wp\/v2\/categories?post=31120"},{"taxonomy":"post_tag","embeddable":true,"href":"https:\/\/progettotouring.it\/radiotouring104\/wp-json\/wp\/v2\/tags?post=31120"}],"curies":[{"name":"wp","href":"https:\/\/api.w.org\/{rel}","templated":true}]}}