{"id":31138,"date":"2023-07-25T15:09:48","date_gmt":"2023-07-25T13:09:48","guid":{"rendered":"https:\/\/progettotouring.it\/radiotouring104\/?p=31138"},"modified":"2023-07-25T16:19:02","modified_gmt":"2023-07-25T14:19:02","slug":"cisl-reggio-calabria-incendi-a-chi-giova-questa-tensione","status":"publish","type":"post","link":"https:\/\/progettotouring.it\/radiotouring104\/2023\/07\/25\/cisl-reggio-calabria-incendi-a-chi-giova-questa-tensione\/","title":{"rendered":"Cisl Reggio Calabria: Incendi, a chi giova questa tensione?"},"content":{"rendered":"<p style=\"text-align: justify\">Un territorio che si distrugge tra le fiamme di un fuoco provocato dai comportamenti scellerati di persone compromesse, con spiccate capacit\u00e0 di occultare particolari interessi, indica un nuovo percorso da seguire, fatto di azioni concrete e non pi\u00f9 di sottovalutazioni, constatato che nella sola giornata dello scorso 22 luglio, sedici roghi hanno imperversato, devastando molte aree della <strong>Citt\u00e0 Metropolitana di Reggio Calabria. <\/strong>Non possono essere queste delle coincidenze, ma una vera organizzazione criminale, considerata la contemporaneit\u00e0 dei fuochi e soprattutto i luoghi dove questi si generano, con inneschi di tipo doloso, anche se facilitati, dalla ormai dimostrata trascuratezza e incuria verso l\u2019intero territorio.<\/p>\n<p style=\"text-align: justify\">Non pu\u00f2 essere solo un fatto culturale, anche se importante, quando inspiegabilmente in cinque giorni brucia mezza <strong>Calabria<\/strong>, crediamo si tratti di criminalit\u00e0 organizzata e per questo invochiamo un apposito gruppo di inquirenti specializzati, affinch\u00e9 si portino avanti delle indagini sofisticate e non restino impuniti tutti coloro i quali praticano questo odioso e distruttivo reato. Alla parte criminale, che va perseguita con i metodi giudiziari previsti, segue una parte pi\u00f9 politica del fenomeno, che sconta dei limiti sul piano organizzativo e degli investimenti, senza mai riuscire a fronteggiare gli incendi in maniera adeguata e coordinata, attraverso azioni di attivit\u00e0 di prevenzione da svolgere su tutto il territorio, durante tutto l\u2019anno e non solo nella fase emergenziale.<\/p>\n<p style=\"text-align: justify\">S\u2019investe poco sulla prevenzione e manca un vero coordinamento, proprio, tra prevenzione e gestione dell\u2019emergenza, mediante un patto che vede coinvolti tutti i soggetti interessati, con i sindaci assegnatari di poteri di ordinanza, nonch\u00e9 di risorse aggiuntive da utilizzare per questo scopo specifico, oggi, che in questa realt\u00e0 <strong>Metropolitana, Azienda Calabria Verde,<\/strong> non adempie le funzioni di un\u2019adeguata prevenzione incendi e tutela del territorio, non avendo pi\u00f9 nelle disponibilit\u00e0 manodopera fisicamente idonea, vista l\u2019et\u00e0 avanzata, per svolgere questo pericoloso lavoro.<\/p>\n<p style=\"text-align: justify\">Pertanto, questa \u00e8 la fase dove i Comuni sono le prime istituzioni che devono potersi candidare alla gestione delle vulnerabilit\u00e0 e fragilit\u00e0 del proprio territorio, rivendicando un congruo finanziamento per la sistemazione dei contesti che favoriscono l\u2019innesco e il diffondersi degli incendi, partendo dalle prossimit\u00e0 degli abitati e gestendo la pulizia lungo i bordi di tutta la viabilit\u00e0 locale e interpoderale. Occorrono interventi di prevenzione mirata, senza superficialit\u00e0, superando tutti quegli impedimenti che ogni anno rendono questi periodi emergenziali, accentuando gli atavici aspetti di precariet\u00e0 e mancata tutela ambientale e del territorio.<\/p>\n<p style=\"text-align: justify\">Precariet\u00e0 e incompiutezza di provvedimenti, sempre annunciati e mai realizzati, suscitano indignazione, ogni qualvolta i danni si contano e sono ingenti, come in questo caso, dove la vastit\u00e0 degli incendi ha distrutto ettari di bosco, macchia mediterranea, abitati, allevamenti, provocando panico e sconforto nelle comunit\u00e0, nonostante gli sforzi da parte dei vigili del fuoco, che per l\u2019emergenza, dal comando, hanno fatto giungere unit\u00e0 operative da Roma, Caserta, Matera, Crotone, Catanzaro, dei pochi lavoratori forestali rimasti, dei volontari e delle forze dell\u2019ordine tutte.<\/p>\n","protected":false},"excerpt":{"rendered":"<p>Un territorio che si distrugge tra le fiamme di un fuoco provocato dai comportamenti scellerati di persone compromesse, con spiccate capacit\u00e0 di occultare particolari interessi, indica un nuovo percorso da&hellip;<\/p>\n","protected":false},"author":8,"featured_media":30435,"comment_status":"closed","ping_status":"open","sticky":false,"template":"","format":"standard","meta":{"_jetpack_memberships_contains_paid_content":false,"footnotes":"","jetpack_publicize_message":"","jetpack_publicize_feature_enabled":true,"jetpack_social_post_already_shared":false,"jetpack_social_options":{"image_generator_settings":{"template":"highway","default_image_id":0,"font":"","enabled":false},"version":2}},"categories":[921,196,195,140],"tags":[19045,19418,743,236],"class_list":["post-31138","post","type-post","status-publish","format-standard","has-post-thumbnail","hentry","category-home","category-news","category-politica","category-reggio-calabria","tag-azienda-calabria-verde","tag-cisl-reggio-calabria","tag-citta-metropolitana","tag-reggio-calabria"],"yoast_head":"<!-- This site is optimized with the Yoast SEO plugin v27.2 - https:\/\/yoast.com\/product\/yoast-seo-wordpress\/ -->\n<title>Cisl Reggio Calabria: Incendi, a chi giova questa tensione? - Radio Touring 104<\/title>\n<meta name=\"description\" content=\"A causa degli incendi che stanno distruggendo il verde di Reggio Calabria, la Cisl solleva una questione molto importante al riguardo.\" \/>\n<meta name=\"robots\" content=\"index, follow, max-snippet:-1, max-image-preview:large, max-video-preview:-1\" \/>\n<link rel=\"canonical\" href=\"https:\/\/progettotouring.it\/radiotouring104\/2023\/07\/25\/cisl-reggio-calabria-incendi-a-chi-giova-questa-tensione\/\" \/>\n<meta property=\"og:locale\" content=\"it_IT\" \/>\n<meta property=\"og:type\" content=\"article\" \/>\n<meta property=\"og:title\" content=\"Cisl Reggio Calabria: Incendi, a chi giova questa tensione? - Radio Touring 104\" \/>\n<meta property=\"og:description\" content=\"A causa degli incendi che stanno distruggendo il verde di Reggio Calabria, la Cisl solleva una questione molto importante al riguardo.\" \/>\n<meta property=\"og:url\" content=\"https:\/\/progettotouring.it\/radiotouring104\/2023\/07\/25\/cisl-reggio-calabria-incendi-a-chi-giova-questa-tensione\/\" \/>\n<meta property=\"og:site_name\" content=\"Radio Touring 104\" \/>\n<meta property=\"article:published_time\" content=\"2023-07-25T13:09:48+00:00\" \/>\n<meta property=\"article:modified_time\" content=\"2023-07-25T14:19:02+00:00\" \/>\n<meta property=\"og:image\" content=\"https:\/\/progettotouring.it\/radiotouring104\/wp-content\/uploads\/sites\/6\/2023\/07\/CISL-REGGIO-CAL.jpg\" \/>\n\t<meta property=\"og:image:width\" content=\"1280\" \/>\n\t<meta property=\"og:image:height\" content=\"720\" \/>\n\t<meta property=\"og:image:type\" content=\"image\/jpeg\" \/>\n<meta name=\"author\" content=\"Filippo Francesco Idone\" \/>\n<meta name=\"twitter:card\" content=\"summary_large_image\" \/>\n<meta name=\"twitter:label1\" content=\"Scritto da\" \/>\n\t<meta name=\"twitter:data1\" content=\"Filippo Francesco Idone\" \/>\n\t<meta name=\"twitter:label2\" content=\"Tempo di lettura stimato\" \/>\n\t<meta name=\"twitter:data2\" content=\"2 minuti\" \/>\n<script type=\"application\/ld+json\" class=\"yoast-schema-graph\">{\"@context\":\"https:\/\/schema.org\",\"@graph\":[{\"@type\":\"Article\",\"@id\":\"https:\/\/progettotouring.it\/radiotouring104\/2023\/07\/25\/cisl-reggio-calabria-incendi-a-chi-giova-questa-tensione\/#article\",\"isPartOf\":{\"@id\":\"https:\/\/progettotouring.it\/radiotouring104\/2023\/07\/25\/cisl-reggio-calabria-incendi-a-chi-giova-questa-tensione\/\"},\"author\":{\"name\":\"Filippo Francesco Idone\",\"@id\":\"https:\/\/progettotouring.it\/radiotouring104\/#\/schema\/person\/4a82259ca52ac8702ad1a8f9e5a3120b\"},\"headline\":\"Cisl Reggio Calabria: Incendi, a chi giova questa tensione?\",\"datePublished\":\"2023-07-25T13:09:48+00:00\",\"dateModified\":\"2023-07-25T14:19:02+00:00\",\"mainEntityOfPage\":{\"@id\":\"https:\/\/progettotouring.it\/radiotouring104\/2023\/07\/25\/cisl-reggio-calabria-incendi-a-chi-giova-questa-tensione\/\"},\"wordCount\":489,\"publisher\":{\"@id\":\"https:\/\/progettotouring.it\/radiotouring104\/#organization\"},\"image\":{\"@id\":\"https:\/\/progettotouring.it\/radiotouring104\/2023\/07\/25\/cisl-reggio-calabria-incendi-a-chi-giova-questa-tensione\/#primaryimage\"},\"thumbnailUrl\":\"https:\/\/progettotouring.it\/radiotouring104\/wp-content\/uploads\/sites\/6\/2023\/07\/CISL-REGGIO-CAL.jpg\",\"keywords\":[\"azienda Calabria Verde\",\"cisl reggio calabria\",\"Citt\u00e0 metropolitana\",\"reggio calabria\"],\"articleSection\":[\"Home\",\"News\",\"Politica\",\"Reggio Calabria\"],\"inLanguage\":\"it-IT\"},{\"@type\":\"WebPage\",\"@id\":\"https:\/\/progettotouring.it\/radiotouring104\/2023\/07\/25\/cisl-reggio-calabria-incendi-a-chi-giova-questa-tensione\/\",\"url\":\"https:\/\/progettotouring.it\/radiotouring104\/2023\/07\/25\/cisl-reggio-calabria-incendi-a-chi-giova-questa-tensione\/\",\"name\":\"Cisl Reggio Calabria: Incendi, a chi giova questa tensione? - Radio Touring 104\",\"isPartOf\":{\"@id\":\"https:\/\/progettotouring.it\/radiotouring104\/#website\"},\"primaryImageOfPage\":{\"@id\":\"https:\/\/progettotouring.it\/radiotouring104\/2023\/07\/25\/cisl-reggio-calabria-incendi-a-chi-giova-questa-tensione\/#primaryimage\"},\"image\":{\"@id\":\"https:\/\/progettotouring.it\/radiotouring104\/2023\/07\/25\/cisl-reggio-calabria-incendi-a-chi-giova-questa-tensione\/#primaryimage\"},\"thumbnailUrl\":\"https:\/\/progettotouring.it\/radiotouring104\/wp-content\/uploads\/sites\/6\/2023\/07\/CISL-REGGIO-CAL.jpg\",\"datePublished\":\"2023-07-25T13:09:48+00:00\",\"dateModified\":\"2023-07-25T14:19:02+00:00\",\"description\":\"A causa degli incendi che stanno distruggendo il verde di Reggio Calabria, la Cisl solleva una questione molto importante al riguardo.\",\"breadcrumb\":{\"@id\":\"https:\/\/progettotouring.it\/radiotouring104\/2023\/07\/25\/cisl-reggio-calabria-incendi-a-chi-giova-questa-tensione\/#breadcrumb\"},\"inLanguage\":\"it-IT\",\"potentialAction\":[{\"@type\":\"ReadAction\",\"target\":[\"https:\/\/progettotouring.it\/radiotouring104\/2023\/07\/25\/cisl-reggio-calabria-incendi-a-chi-giova-questa-tensione\/\"]}]},{\"@type\":\"ImageObject\",\"inLanguage\":\"it-IT\",\"@id\":\"https:\/\/progettotouring.it\/radiotouring104\/2023\/07\/25\/cisl-reggio-calabria-incendi-a-chi-giova-questa-tensione\/#primaryimage\",\"url\":\"https:\/\/progettotouring.it\/radiotouring104\/wp-content\/uploads\/sites\/6\/2023\/07\/CISL-REGGIO-CAL.jpg\",\"contentUrl\":\"https:\/\/progettotouring.it\/radiotouring104\/wp-content\/uploads\/sites\/6\/2023\/07\/CISL-REGGIO-CAL.jpg\",\"width\":1280,\"height\":720},{\"@type\":\"BreadcrumbList\",\"@id\":\"https:\/\/progettotouring.it\/radiotouring104\/2023\/07\/25\/cisl-reggio-calabria-incendi-a-chi-giova-questa-tensione\/#breadcrumb\",\"itemListElement\":[{\"@type\":\"ListItem\",\"position\":1,\"name\":\"Home\",\"item\":\"https:\/\/progettotouring.it\/radiotouring104\/\"},{\"@type\":\"ListItem\",\"position\":2,\"name\":\"Cisl Reggio Calabria: Incendi, a chi giova questa tensione?\"}]},{\"@type\":\"WebSite\",\"@id\":\"https:\/\/progettotouring.it\/radiotouring104\/#website\",\"url\":\"https:\/\/progettotouring.it\/radiotouring104\/\",\"name\":\"Radio Touring 104\",\"description\":\"La prima radio Reggina\",\"publisher\":{\"@id\":\"https:\/\/progettotouring.it\/radiotouring104\/#organization\"},\"potentialAction\":[{\"@type\":\"SearchAction\",\"target\":{\"@type\":\"EntryPoint\",\"urlTemplate\":\"https:\/\/progettotouring.it\/radiotouring104\/?s={search_term_string}\"},\"query-input\":{\"@type\":\"PropertyValueSpecification\",\"valueRequired\":true,\"valueName\":\"search_term_string\"}}],\"inLanguage\":\"it-IT\"},{\"@type\":\"Organization\",\"@id\":\"https:\/\/progettotouring.it\/radiotouring104\/#organization\",\"name\":\"Radio Touring 104\",\"url\":\"https:\/\/progettotouring.it\/radiotouring104\/\",\"logo\":{\"@type\":\"ImageObject\",\"inLanguage\":\"it-IT\",\"@id\":\"https:\/\/progettotouring.it\/radiotouring104\/#\/schema\/logo\/image\/\",\"url\":\"https:\/\/progettotouring.it\/radiotouring104\/wp-content\/uploads\/sites\/6\/2022\/02\/cropped-logo-radio-touring-104.png\",\"contentUrl\":\"https:\/\/progettotouring.it\/radiotouring104\/wp-content\/uploads\/sites\/6\/2022\/02\/cropped-logo-radio-touring-104.png\",\"width\":377,\"height\":182,\"caption\":\"Radio Touring 104\"},\"image\":{\"@id\":\"https:\/\/progettotouring.it\/radiotouring104\/#\/schema\/logo\/image\/\"}},{\"@type\":\"Person\",\"@id\":\"https:\/\/progettotouring.it\/radiotouring104\/#\/schema\/person\/4a82259ca52ac8702ad1a8f9e5a3120b\",\"name\":\"Filippo Francesco Idone\",\"image\":{\"@type\":\"ImageObject\",\"inLanguage\":\"it-IT\",\"@id\":\"https:\/\/secure.gravatar.com\/avatar\/7268715d2366395c3dd314385670e6484117d44f5c442e61e230f7008b7b62d3?s=96&d=mm&r=g\",\"url\":\"https:\/\/secure.gravatar.com\/avatar\/7268715d2366395c3dd314385670e6484117d44f5c442e61e230f7008b7b62d3?s=96&d=mm&r=g\",\"contentUrl\":\"https:\/\/secure.gravatar.com\/avatar\/7268715d2366395c3dd314385670e6484117d44f5c442e61e230f7008b7b62d3?s=96&d=mm&r=g\",\"caption\":\"Filippo Francesco Idone\"},\"url\":\"https:\/\/progettotouring.it\/radiotouring104\/author\/filippoidone\/\"}]}<\/script>\n<!-- \/ Yoast SEO plugin. -->","yoast_head_json":{"title":"Cisl Reggio Calabria: Incendi, a chi giova questa tensione? - Radio Touring 104","description":"A causa degli incendi che stanno distruggendo il verde di Reggio Calabria, la Cisl solleva una questione molto importante al riguardo.","robots":{"index":"index","follow":"follow","max-snippet":"max-snippet:-1","max-image-preview":"max-image-preview:large","max-video-preview":"max-video-preview:-1"},"canonical":"https:\/\/progettotouring.it\/radiotouring104\/2023\/07\/25\/cisl-reggio-calabria-incendi-a-chi-giova-questa-tensione\/","og_locale":"it_IT","og_type":"article","og_title":"Cisl Reggio Calabria: Incendi, a chi giova questa tensione? - Radio Touring 104","og_description":"A causa degli incendi che stanno distruggendo il verde di Reggio Calabria, la Cisl solleva una questione molto importante al riguardo.","og_url":"https:\/\/progettotouring.it\/radiotouring104\/2023\/07\/25\/cisl-reggio-calabria-incendi-a-chi-giova-questa-tensione\/","og_site_name":"Radio Touring 104","article_published_time":"2023-07-25T13:09:48+00:00","article_modified_time":"2023-07-25T14:19:02+00:00","og_image":[{"width":1280,"height":720,"url":"https:\/\/progettotouring.it\/radiotouring104\/wp-content\/uploads\/sites\/6\/2023\/07\/CISL-REGGIO-CAL.jpg","type":"image\/jpeg"}],"author":"Filippo Francesco Idone","twitter_card":"summary_large_image","twitter_misc":{"Scritto da":"Filippo Francesco Idone","Tempo di lettura stimato":"2 minuti"},"schema":{"@context":"https:\/\/schema.org","@graph":[{"@type":"Article","@id":"https:\/\/progettotouring.it\/radiotouring104\/2023\/07\/25\/cisl-reggio-calabria-incendi-a-chi-giova-questa-tensione\/#article","isPartOf":{"@id":"https:\/\/progettotouring.it\/radiotouring104\/2023\/07\/25\/cisl-reggio-calabria-incendi-a-chi-giova-questa-tensione\/"},"author":{"name":"Filippo Francesco Idone","@id":"https:\/\/progettotouring.it\/radiotouring104\/#\/schema\/person\/4a82259ca52ac8702ad1a8f9e5a3120b"},"headline":"Cisl Reggio Calabria: Incendi, a chi giova questa tensione?","datePublished":"2023-07-25T13:09:48+00:00","dateModified":"2023-07-25T14:19:02+00:00","mainEntityOfPage":{"@id":"https:\/\/progettotouring.it\/radiotouring104\/2023\/07\/25\/cisl-reggio-calabria-incendi-a-chi-giova-questa-tensione\/"},"wordCount":489,"publisher":{"@id":"https:\/\/progettotouring.it\/radiotouring104\/#organization"},"image":{"@id":"https:\/\/progettotouring.it\/radiotouring104\/2023\/07\/25\/cisl-reggio-calabria-incendi-a-chi-giova-questa-tensione\/#primaryimage"},"thumbnailUrl":"https:\/\/progettotouring.it\/radiotouring104\/wp-content\/uploads\/sites\/6\/2023\/07\/CISL-REGGIO-CAL.jpg","keywords":["azienda Calabria Verde","cisl reggio calabria","Citt\u00e0 metropolitana","reggio calabria"],"articleSection":["Home","News","Politica","Reggio Calabria"],"inLanguage":"it-IT"},{"@type":"WebPage","@id":"https:\/\/progettotouring.it\/radiotouring104\/2023\/07\/25\/cisl-reggio-calabria-incendi-a-chi-giova-questa-tensione\/","url":"https:\/\/progettotouring.it\/radiotouring104\/2023\/07\/25\/cisl-reggio-calabria-incendi-a-chi-giova-questa-tensione\/","name":"Cisl Reggio Calabria: Incendi, a chi giova questa tensione? - Radio Touring 104","isPartOf":{"@id":"https:\/\/progettotouring.it\/radiotouring104\/#website"},"primaryImageOfPage":{"@id":"https:\/\/progettotouring.it\/radiotouring104\/2023\/07\/25\/cisl-reggio-calabria-incendi-a-chi-giova-questa-tensione\/#primaryimage"},"image":{"@id":"https:\/\/progettotouring.it\/radiotouring104\/2023\/07\/25\/cisl-reggio-calabria-incendi-a-chi-giova-questa-tensione\/#primaryimage"},"thumbnailUrl":"https:\/\/progettotouring.it\/radiotouring104\/wp-content\/uploads\/sites\/6\/2023\/07\/CISL-REGGIO-CAL.jpg","datePublished":"2023-07-25T13:09:48+00:00","dateModified":"2023-07-25T14:19:02+00:00","description":"A causa degli incendi che stanno distruggendo il verde di Reggio Calabria, la Cisl solleva una questione molto importante al riguardo.","breadcrumb":{"@id":"https:\/\/progettotouring.it\/radiotouring104\/2023\/07\/25\/cisl-reggio-calabria-incendi-a-chi-giova-questa-tensione\/#breadcrumb"},"inLanguage":"it-IT","potentialAction":[{"@type":"ReadAction","target":["https:\/\/progettotouring.it\/radiotouring104\/2023\/07\/25\/cisl-reggio-calabria-incendi-a-chi-giova-questa-tensione\/"]}]},{"@type":"ImageObject","inLanguage":"it-IT","@id":"https:\/\/progettotouring.it\/radiotouring104\/2023\/07\/25\/cisl-reggio-calabria-incendi-a-chi-giova-questa-tensione\/#primaryimage","url":"https:\/\/progettotouring.it\/radiotouring104\/wp-content\/uploads\/sites\/6\/2023\/07\/CISL-REGGIO-CAL.jpg","contentUrl":"https:\/\/progettotouring.it\/radiotouring104\/wp-content\/uploads\/sites\/6\/2023\/07\/CISL-REGGIO-CAL.jpg","width":1280,"height":720},{"@type":"BreadcrumbList","@id":"https:\/\/progettotouring.it\/radiotouring104\/2023\/07\/25\/cisl-reggio-calabria-incendi-a-chi-giova-questa-tensione\/#breadcrumb","itemListElement":[{"@type":"ListItem","position":1,"name":"Home","item":"https:\/\/progettotouring.it\/radiotouring104\/"},{"@type":"ListItem","position":2,"name":"Cisl Reggio Calabria: Incendi, a chi giova questa tensione?"}]},{"@type":"WebSite","@id":"https:\/\/progettotouring.it\/radiotouring104\/#website","url":"https:\/\/progettotouring.it\/radiotouring104\/","name":"Radio Touring 104","description":"La prima radio Reggina","publisher":{"@id":"https:\/\/progettotouring.it\/radiotouring104\/#organization"},"potentialAction":[{"@type":"SearchAction","target":{"@type":"EntryPoint","urlTemplate":"https:\/\/progettotouring.it\/radiotouring104\/?s={search_term_string}"},"query-input":{"@type":"PropertyValueSpecification","valueRequired":true,"valueName":"search_term_string"}}],"inLanguage":"it-IT"},{"@type":"Organization","@id":"https:\/\/progettotouring.it\/radiotouring104\/#organization","name":"Radio Touring 104","url":"https:\/\/progettotouring.it\/radiotouring104\/","logo":{"@type":"ImageObject","inLanguage":"it-IT","@id":"https:\/\/progettotouring.it\/radiotouring104\/#\/schema\/logo\/image\/","url":"https:\/\/progettotouring.it\/radiotouring104\/wp-content\/uploads\/sites\/6\/2022\/02\/cropped-logo-radio-touring-104.png","contentUrl":"https:\/\/progettotouring.it\/radiotouring104\/wp-content\/uploads\/sites\/6\/2022\/02\/cropped-logo-radio-touring-104.png","width":377,"height":182,"caption":"Radio Touring 104"},"image":{"@id":"https:\/\/progettotouring.it\/radiotouring104\/#\/schema\/logo\/image\/"}},{"@type":"Person","@id":"https:\/\/progettotouring.it\/radiotouring104\/#\/schema\/person\/4a82259ca52ac8702ad1a8f9e5a3120b","name":"Filippo Francesco Idone","image":{"@type":"ImageObject","inLanguage":"it-IT","@id":"https:\/\/secure.gravatar.com\/avatar\/7268715d2366395c3dd314385670e6484117d44f5c442e61e230f7008b7b62d3?s=96&d=mm&r=g","url":"https:\/\/secure.gravatar.com\/avatar\/7268715d2366395c3dd314385670e6484117d44f5c442e61e230f7008b7b62d3?s=96&d=mm&r=g","contentUrl":"https:\/\/secure.gravatar.com\/avatar\/7268715d2366395c3dd314385670e6484117d44f5c442e61e230f7008b7b62d3?s=96&d=mm&r=g","caption":"Filippo Francesco Idone"},"url":"https:\/\/progettotouring.it\/radiotouring104\/author\/filippoidone\/"}]}},"jetpack_publicize_connections":[],"jetpack_featured_media_url":"https:\/\/progettotouring.it\/radiotouring104\/wp-content\/uploads\/sites\/6\/2023\/07\/CISL-REGGIO-CAL.jpg","jetpack_sharing_enabled":true,"_links":{"self":[{"href":"https:\/\/progettotouring.it\/radiotouring104\/wp-json\/wp\/v2\/posts\/31138","targetHints":{"allow":["GET"]}}],"collection":[{"href":"https:\/\/progettotouring.it\/radiotouring104\/wp-json\/wp\/v2\/posts"}],"about":[{"href":"https:\/\/progettotouring.it\/radiotouring104\/wp-json\/wp\/v2\/types\/post"}],"author":[{"embeddable":true,"href":"https:\/\/progettotouring.it\/radiotouring104\/wp-json\/wp\/v2\/users\/8"}],"replies":[{"embeddable":true,"href":"https:\/\/progettotouring.it\/radiotouring104\/wp-json\/wp\/v2\/comments?post=31138"}],"version-history":[{"count":1,"href":"https:\/\/progettotouring.it\/radiotouring104\/wp-json\/wp\/v2\/posts\/31138\/revisions"}],"predecessor-version":[{"id":31139,"href":"https:\/\/progettotouring.it\/radiotouring104\/wp-json\/wp\/v2\/posts\/31138\/revisions\/31139"}],"wp:featuredmedia":[{"embeddable":true,"href":"https:\/\/progettotouring.it\/radiotouring104\/wp-json\/wp\/v2\/media\/30435"}],"wp:attachment":[{"href":"https:\/\/progettotouring.it\/radiotouring104\/wp-json\/wp\/v2\/media?parent=31138"}],"wp:term":[{"taxonomy":"category","embeddable":true,"href":"https:\/\/progettotouring.it\/radiotouring104\/wp-json\/wp\/v2\/categories?post=31138"},{"taxonomy":"post_tag","embeddable":true,"href":"https:\/\/progettotouring.it\/radiotouring104\/wp-json\/wp\/v2\/tags?post=31138"}],"curies":[{"name":"wp","href":"https:\/\/api.w.org\/{rel}","templated":true}]}}