{"id":31466,"date":"2023-07-30T16:56:36","date_gmt":"2023-07-30T14:56:36","guid":{"rendered":"https:\/\/progettotouring.it\/radiotouring104\/?p=31466"},"modified":"2023-07-30T18:03:32","modified_gmt":"2023-07-30T16:03:32","slug":"villa-san-giovanni-stefania-calderone-risponde-alle-accuse-di-sessismo","status":"publish","type":"post","link":"https:\/\/progettotouring.it\/radiotouring104\/2023\/07\/30\/villa-san-giovanni-stefania-calderone-risponde-alle-accuse-di-sessismo\/","title":{"rendered":"Villa San Giovanni: Stefania Calderone risponde alle accuse di sessismo"},"content":{"rendered":"<p style=\"text-align: justify\"><em>&#8220;Nessun intento o volont\u00e0 sessista nell&#8217;operato della minoranza men che meno nel mio, da donna impegnata in politica, da sempre nel mondo del volontariato e sempre integrata ed al massimo senza mai immaginare un mondo ancora legato a problemi di sessismo. <strong>Ed in tal caso tocca alla sottoscritta,<\/strong> quale esponente femminile della minoranza, rimandare al mittente le inutili strumentalizzazioni che la maggioranza ha inteso fare. <strong>Il mio e nostro comunicato \u00e8 chiaro a tutti che ha lo scopo prioritario di evidenziare<\/strong> uno stato di abbandono dell&#8217;ente e bene ha fatto la Sindaca, da madre di Famiglia, a ritenersi fortemente preoccupata di quanto accaduto, ma da amministratore ha evidentemente sbagliato sottovalutando determinati situazioni di pericolo in Citt\u00e0 dalle quali potevano derivare conseguenze assolutamente pi\u00f9 gravi che nemmeno intendiamo immaginare. La stessa inefficienza che probabilmente va addebitata alla referente politica della protezione civile di cui non abbiamo notizie della sua attivit\u00e0 da tempo. Questo l&#8217;intento del nostro comunicato istituzionale e nessuna volont\u00e0 sessista che non \u00e8 mai stata di casa dalle nostre longitudini politiche, men che meno in un momento politico e amministrativo che vede la prima donna e di centro destra alla guida del Paese e tantissime <strong>donne che guidano i vertici dei partiti politici e delle istituzioni,<\/strong> di cui come donna sono orgogliosamente fiera. Chi vuol fare strumentalizzazione ne \u00e8 libero ma non cerchi di spostare l&#8217;argomento su temi che non hanno nulla a che fare con il nostro comunicato che intende denunciare l\u2019inefficienza gestionale di chi ci governa, indipendentemente dal sesso&#8221;. <\/em>A riferirlo \u00e8 stata la Consigliere comunale di Villa San Giovanni Stefania Calderone.<\/p>\n<div><\/div>\n","protected":false},"excerpt":{"rendered":"<p>&#8220;Nessun intento o volont\u00e0 sessista nell&#8217;operato della minoranza men che meno nel mio, da donna impegnata in politica, da sempre nel mondo del volontariato e sempre integrata ed al massimo&hellip;<\/p>\n","protected":false},"author":8,"featured_media":31467,"comment_status":"closed","ping_status":"open","sticky":false,"template":"","format":"standard","meta":{"_jetpack_memberships_contains_paid_content":false,"footnotes":"","jetpack_publicize_message":"","jetpack_publicize_feature_enabled":true,"jetpack_social_post_already_shared":false,"jetpack_social_options":{"image_generator_settings":{"template":"highway","default_image_id":0,"font":"","enabled":false},"version":2}},"categories":[921,196,195,140],"tags":[4342,364],"class_list":["post-31466","post","type-post","status-publish","format-standard","has-post-thumbnail","hentry","category-home","category-news","category-politica","category-reggio-calabria","tag-stefania-calderone","tag-villa-san-giovanni"],"yoast_head":"<!-- This site is optimized with the Yoast SEO plugin v27.2 - https:\/\/yoast.com\/product\/yoast-seo-wordpress\/ -->\n<title>Villa San Giovanni: Stefania Calderone risponde alle accuse di sessismo - Radio Touring 104<\/title>\n<meta name=\"description\" content=\"La Consigliere comunale di minoranza di Villa San Giovanni, Stefania Calderone, ha risposto alle accuse di sessismo\" \/>\n<meta name=\"robots\" content=\"index, follow, max-snippet:-1, max-image-preview:large, max-video-preview:-1\" \/>\n<link rel=\"canonical\" href=\"https:\/\/progettotouring.it\/radiotouring104\/2023\/07\/30\/villa-san-giovanni-stefania-calderone-risponde-alle-accuse-di-sessismo\/\" \/>\n<meta property=\"og:locale\" content=\"it_IT\" \/>\n<meta property=\"og:type\" content=\"article\" \/>\n<meta property=\"og:title\" content=\"Villa San Giovanni: Stefania Calderone risponde alle accuse di sessismo - Radio Touring 104\" \/>\n<meta property=\"og:description\" content=\"La Consigliere comunale di minoranza di Villa San Giovanni, Stefania Calderone, ha risposto alle accuse di sessismo\" \/>\n<meta property=\"og:url\" content=\"https:\/\/progettotouring.it\/radiotouring104\/2023\/07\/30\/villa-san-giovanni-stefania-calderone-risponde-alle-accuse-di-sessismo\/\" \/>\n<meta property=\"og:site_name\" content=\"Radio Touring 104\" \/>\n<meta property=\"article:published_time\" content=\"2023-07-30T14:56:36+00:00\" \/>\n<meta property=\"article:modified_time\" content=\"2023-07-30T16:03:32+00:00\" \/>\n<meta property=\"og:image\" content=\"https:\/\/progettotouring.it\/radiotouring104\/wp-content\/uploads\/sites\/6\/2023\/07\/stefania-Calderone.jpg\" \/>\n\t<meta property=\"og:image:width\" content=\"682\" \/>\n\t<meta property=\"og:image:height\" content=\"831\" \/>\n\t<meta property=\"og:image:type\" content=\"image\/jpeg\" \/>\n<meta name=\"author\" content=\"Filippo Francesco Idone\" \/>\n<meta name=\"twitter:card\" content=\"summary_large_image\" \/>\n<meta name=\"twitter:label1\" content=\"Scritto da\" \/>\n\t<meta name=\"twitter:data1\" content=\"Filippo Francesco Idone\" \/>\n\t<meta name=\"twitter:label2\" content=\"Tempo di lettura stimato\" \/>\n\t<meta name=\"twitter:data2\" content=\"1 minuto\" \/>\n<script type=\"application\/ld+json\" class=\"yoast-schema-graph\">{\"@context\":\"https:\/\/schema.org\",\"@graph\":[{\"@type\":\"Article\",\"@id\":\"https:\/\/progettotouring.it\/radiotouring104\/2023\/07\/30\/villa-san-giovanni-stefania-calderone-risponde-alle-accuse-di-sessismo\/#article\",\"isPartOf\":{\"@id\":\"https:\/\/progettotouring.it\/radiotouring104\/2023\/07\/30\/villa-san-giovanni-stefania-calderone-risponde-alle-accuse-di-sessismo\/\"},\"author\":{\"name\":\"Filippo Francesco Idone\",\"@id\":\"https:\/\/progettotouring.it\/radiotouring104\/#\/schema\/person\/4a82259ca52ac8702ad1a8f9e5a3120b\"},\"headline\":\"Villa San Giovanni: Stefania Calderone risponde alle accuse di sessismo\",\"datePublished\":\"2023-07-30T14:56:36+00:00\",\"dateModified\":\"2023-07-30T16:03:32+00:00\",\"mainEntityOfPage\":{\"@id\":\"https:\/\/progettotouring.it\/radiotouring104\/2023\/07\/30\/villa-san-giovanni-stefania-calderone-risponde-alle-accuse-di-sessismo\/\"},\"wordCount\":272,\"publisher\":{\"@id\":\"https:\/\/progettotouring.it\/radiotouring104\/#organization\"},\"image\":{\"@id\":\"https:\/\/progettotouring.it\/radiotouring104\/2023\/07\/30\/villa-san-giovanni-stefania-calderone-risponde-alle-accuse-di-sessismo\/#primaryimage\"},\"thumbnailUrl\":\"https:\/\/progettotouring.it\/radiotouring104\/wp-content\/uploads\/sites\/6\/2023\/07\/stefania-Calderone.jpg\",\"keywords\":[\"Stefania Calderone\",\"villa san giovanni\"],\"articleSection\":[\"Home\",\"News\",\"Politica\",\"Reggio Calabria\"],\"inLanguage\":\"it-IT\"},{\"@type\":\"WebPage\",\"@id\":\"https:\/\/progettotouring.it\/radiotouring104\/2023\/07\/30\/villa-san-giovanni-stefania-calderone-risponde-alle-accuse-di-sessismo\/\",\"url\":\"https:\/\/progettotouring.it\/radiotouring104\/2023\/07\/30\/villa-san-giovanni-stefania-calderone-risponde-alle-accuse-di-sessismo\/\",\"name\":\"Villa San Giovanni: Stefania Calderone risponde alle accuse di sessismo - Radio Touring 104\",\"isPartOf\":{\"@id\":\"https:\/\/progettotouring.it\/radiotouring104\/#website\"},\"primaryImageOfPage\":{\"@id\":\"https:\/\/progettotouring.it\/radiotouring104\/2023\/07\/30\/villa-san-giovanni-stefania-calderone-risponde-alle-accuse-di-sessismo\/#primaryimage\"},\"image\":{\"@id\":\"https:\/\/progettotouring.it\/radiotouring104\/2023\/07\/30\/villa-san-giovanni-stefania-calderone-risponde-alle-accuse-di-sessismo\/#primaryimage\"},\"thumbnailUrl\":\"https:\/\/progettotouring.it\/radiotouring104\/wp-content\/uploads\/sites\/6\/2023\/07\/stefania-Calderone.jpg\",\"datePublished\":\"2023-07-30T14:56:36+00:00\",\"dateModified\":\"2023-07-30T16:03:32+00:00\",\"description\":\"La Consigliere comunale di minoranza di Villa San Giovanni, Stefania Calderone, ha risposto alle accuse di sessismo\",\"breadcrumb\":{\"@id\":\"https:\/\/progettotouring.it\/radiotouring104\/2023\/07\/30\/villa-san-giovanni-stefania-calderone-risponde-alle-accuse-di-sessismo\/#breadcrumb\"},\"inLanguage\":\"it-IT\",\"potentialAction\":[{\"@type\":\"ReadAction\",\"target\":[\"https:\/\/progettotouring.it\/radiotouring104\/2023\/07\/30\/villa-san-giovanni-stefania-calderone-risponde-alle-accuse-di-sessismo\/\"]}]},{\"@type\":\"ImageObject\",\"inLanguage\":\"it-IT\",\"@id\":\"https:\/\/progettotouring.it\/radiotouring104\/2023\/07\/30\/villa-san-giovanni-stefania-calderone-risponde-alle-accuse-di-sessismo\/#primaryimage\",\"url\":\"https:\/\/progettotouring.it\/radiotouring104\/wp-content\/uploads\/sites\/6\/2023\/07\/stefania-Calderone.jpg\",\"contentUrl\":\"https:\/\/progettotouring.it\/radiotouring104\/wp-content\/uploads\/sites\/6\/2023\/07\/stefania-Calderone.jpg\",\"width\":682,\"height\":831},{\"@type\":\"BreadcrumbList\",\"@id\":\"https:\/\/progettotouring.it\/radiotouring104\/2023\/07\/30\/villa-san-giovanni-stefania-calderone-risponde-alle-accuse-di-sessismo\/#breadcrumb\",\"itemListElement\":[{\"@type\":\"ListItem\",\"position\":1,\"name\":\"Home\",\"item\":\"https:\/\/progettotouring.it\/radiotouring104\/\"},{\"@type\":\"ListItem\",\"position\":2,\"name\":\"Villa San Giovanni: Stefania Calderone risponde alle accuse di sessismo\"}]},{\"@type\":\"WebSite\",\"@id\":\"https:\/\/progettotouring.it\/radiotouring104\/#website\",\"url\":\"https:\/\/progettotouring.it\/radiotouring104\/\",\"name\":\"Radio Touring 104\",\"description\":\"La prima radio Reggina\",\"publisher\":{\"@id\":\"https:\/\/progettotouring.it\/radiotouring104\/#organization\"},\"potentialAction\":[{\"@type\":\"SearchAction\",\"target\":{\"@type\":\"EntryPoint\",\"urlTemplate\":\"https:\/\/progettotouring.it\/radiotouring104\/?s={search_term_string}\"},\"query-input\":{\"@type\":\"PropertyValueSpecification\",\"valueRequired\":true,\"valueName\":\"search_term_string\"}}],\"inLanguage\":\"it-IT\"},{\"@type\":\"Organization\",\"@id\":\"https:\/\/progettotouring.it\/radiotouring104\/#organization\",\"name\":\"Radio Touring 104\",\"url\":\"https:\/\/progettotouring.it\/radiotouring104\/\",\"logo\":{\"@type\":\"ImageObject\",\"inLanguage\":\"it-IT\",\"@id\":\"https:\/\/progettotouring.it\/radiotouring104\/#\/schema\/logo\/image\/\",\"url\":\"https:\/\/progettotouring.it\/radiotouring104\/wp-content\/uploads\/sites\/6\/2022\/02\/cropped-logo-radio-touring-104.png\",\"contentUrl\":\"https:\/\/progettotouring.it\/radiotouring104\/wp-content\/uploads\/sites\/6\/2022\/02\/cropped-logo-radio-touring-104.png\",\"width\":377,\"height\":182,\"caption\":\"Radio Touring 104\"},\"image\":{\"@id\":\"https:\/\/progettotouring.it\/radiotouring104\/#\/schema\/logo\/image\/\"}},{\"@type\":\"Person\",\"@id\":\"https:\/\/progettotouring.it\/radiotouring104\/#\/schema\/person\/4a82259ca52ac8702ad1a8f9e5a3120b\",\"name\":\"Filippo Francesco Idone\",\"image\":{\"@type\":\"ImageObject\",\"inLanguage\":\"it-IT\",\"@id\":\"https:\/\/secure.gravatar.com\/avatar\/7268715d2366395c3dd314385670e6484117d44f5c442e61e230f7008b7b62d3?s=96&d=mm&r=g\",\"url\":\"https:\/\/secure.gravatar.com\/avatar\/7268715d2366395c3dd314385670e6484117d44f5c442e61e230f7008b7b62d3?s=96&d=mm&r=g\",\"contentUrl\":\"https:\/\/secure.gravatar.com\/avatar\/7268715d2366395c3dd314385670e6484117d44f5c442e61e230f7008b7b62d3?s=96&d=mm&r=g\",\"caption\":\"Filippo Francesco Idone\"},\"url\":\"https:\/\/progettotouring.it\/radiotouring104\/author\/filippoidone\/\"}]}<\/script>\n<!-- \/ Yoast SEO plugin. -->","yoast_head_json":{"title":"Villa San Giovanni: Stefania Calderone risponde alle accuse di sessismo - Radio Touring 104","description":"La Consigliere comunale di minoranza di Villa San Giovanni, Stefania Calderone, ha risposto alle accuse di sessismo","robots":{"index":"index","follow":"follow","max-snippet":"max-snippet:-1","max-image-preview":"max-image-preview:large","max-video-preview":"max-video-preview:-1"},"canonical":"https:\/\/progettotouring.it\/radiotouring104\/2023\/07\/30\/villa-san-giovanni-stefania-calderone-risponde-alle-accuse-di-sessismo\/","og_locale":"it_IT","og_type":"article","og_title":"Villa San Giovanni: Stefania Calderone risponde alle accuse di sessismo - Radio Touring 104","og_description":"La Consigliere comunale di minoranza di Villa San Giovanni, Stefania Calderone, ha risposto alle accuse di sessismo","og_url":"https:\/\/progettotouring.it\/radiotouring104\/2023\/07\/30\/villa-san-giovanni-stefania-calderone-risponde-alle-accuse-di-sessismo\/","og_site_name":"Radio Touring 104","article_published_time":"2023-07-30T14:56:36+00:00","article_modified_time":"2023-07-30T16:03:32+00:00","og_image":[{"width":682,"height":831,"url":"https:\/\/progettotouring.it\/radiotouring104\/wp-content\/uploads\/sites\/6\/2023\/07\/stefania-Calderone.jpg","type":"image\/jpeg"}],"author":"Filippo Francesco Idone","twitter_card":"summary_large_image","twitter_misc":{"Scritto da":"Filippo Francesco Idone","Tempo di lettura stimato":"1 minuto"},"schema":{"@context":"https:\/\/schema.org","@graph":[{"@type":"Article","@id":"https:\/\/progettotouring.it\/radiotouring104\/2023\/07\/30\/villa-san-giovanni-stefania-calderone-risponde-alle-accuse-di-sessismo\/#article","isPartOf":{"@id":"https:\/\/progettotouring.it\/radiotouring104\/2023\/07\/30\/villa-san-giovanni-stefania-calderone-risponde-alle-accuse-di-sessismo\/"},"author":{"name":"Filippo Francesco Idone","@id":"https:\/\/progettotouring.it\/radiotouring104\/#\/schema\/person\/4a82259ca52ac8702ad1a8f9e5a3120b"},"headline":"Villa San Giovanni: Stefania Calderone risponde alle accuse di sessismo","datePublished":"2023-07-30T14:56:36+00:00","dateModified":"2023-07-30T16:03:32+00:00","mainEntityOfPage":{"@id":"https:\/\/progettotouring.it\/radiotouring104\/2023\/07\/30\/villa-san-giovanni-stefania-calderone-risponde-alle-accuse-di-sessismo\/"},"wordCount":272,"publisher":{"@id":"https:\/\/progettotouring.it\/radiotouring104\/#organization"},"image":{"@id":"https:\/\/progettotouring.it\/radiotouring104\/2023\/07\/30\/villa-san-giovanni-stefania-calderone-risponde-alle-accuse-di-sessismo\/#primaryimage"},"thumbnailUrl":"https:\/\/progettotouring.it\/radiotouring104\/wp-content\/uploads\/sites\/6\/2023\/07\/stefania-Calderone.jpg","keywords":["Stefania Calderone","villa san giovanni"],"articleSection":["Home","News","Politica","Reggio Calabria"],"inLanguage":"it-IT"},{"@type":"WebPage","@id":"https:\/\/progettotouring.it\/radiotouring104\/2023\/07\/30\/villa-san-giovanni-stefania-calderone-risponde-alle-accuse-di-sessismo\/","url":"https:\/\/progettotouring.it\/radiotouring104\/2023\/07\/30\/villa-san-giovanni-stefania-calderone-risponde-alle-accuse-di-sessismo\/","name":"Villa San Giovanni: Stefania Calderone risponde alle accuse di sessismo - Radio Touring 104","isPartOf":{"@id":"https:\/\/progettotouring.it\/radiotouring104\/#website"},"primaryImageOfPage":{"@id":"https:\/\/progettotouring.it\/radiotouring104\/2023\/07\/30\/villa-san-giovanni-stefania-calderone-risponde-alle-accuse-di-sessismo\/#primaryimage"},"image":{"@id":"https:\/\/progettotouring.it\/radiotouring104\/2023\/07\/30\/villa-san-giovanni-stefania-calderone-risponde-alle-accuse-di-sessismo\/#primaryimage"},"thumbnailUrl":"https:\/\/progettotouring.it\/radiotouring104\/wp-content\/uploads\/sites\/6\/2023\/07\/stefania-Calderone.jpg","datePublished":"2023-07-30T14:56:36+00:00","dateModified":"2023-07-30T16:03:32+00:00","description":"La Consigliere comunale di minoranza di Villa San Giovanni, Stefania Calderone, ha risposto alle accuse di sessismo","breadcrumb":{"@id":"https:\/\/progettotouring.it\/radiotouring104\/2023\/07\/30\/villa-san-giovanni-stefania-calderone-risponde-alle-accuse-di-sessismo\/#breadcrumb"},"inLanguage":"it-IT","potentialAction":[{"@type":"ReadAction","target":["https:\/\/progettotouring.it\/radiotouring104\/2023\/07\/30\/villa-san-giovanni-stefania-calderone-risponde-alle-accuse-di-sessismo\/"]}]},{"@type":"ImageObject","inLanguage":"it-IT","@id":"https:\/\/progettotouring.it\/radiotouring104\/2023\/07\/30\/villa-san-giovanni-stefania-calderone-risponde-alle-accuse-di-sessismo\/#primaryimage","url":"https:\/\/progettotouring.it\/radiotouring104\/wp-content\/uploads\/sites\/6\/2023\/07\/stefania-Calderone.jpg","contentUrl":"https:\/\/progettotouring.it\/radiotouring104\/wp-content\/uploads\/sites\/6\/2023\/07\/stefania-Calderone.jpg","width":682,"height":831},{"@type":"BreadcrumbList","@id":"https:\/\/progettotouring.it\/radiotouring104\/2023\/07\/30\/villa-san-giovanni-stefania-calderone-risponde-alle-accuse-di-sessismo\/#breadcrumb","itemListElement":[{"@type":"ListItem","position":1,"name":"Home","item":"https:\/\/progettotouring.it\/radiotouring104\/"},{"@type":"ListItem","position":2,"name":"Villa San Giovanni: Stefania Calderone risponde alle accuse di sessismo"}]},{"@type":"WebSite","@id":"https:\/\/progettotouring.it\/radiotouring104\/#website","url":"https:\/\/progettotouring.it\/radiotouring104\/","name":"Radio Touring 104","description":"La prima radio Reggina","publisher":{"@id":"https:\/\/progettotouring.it\/radiotouring104\/#organization"},"potentialAction":[{"@type":"SearchAction","target":{"@type":"EntryPoint","urlTemplate":"https:\/\/progettotouring.it\/radiotouring104\/?s={search_term_string}"},"query-input":{"@type":"PropertyValueSpecification","valueRequired":true,"valueName":"search_term_string"}}],"inLanguage":"it-IT"},{"@type":"Organization","@id":"https:\/\/progettotouring.it\/radiotouring104\/#organization","name":"Radio Touring 104","url":"https:\/\/progettotouring.it\/radiotouring104\/","logo":{"@type":"ImageObject","inLanguage":"it-IT","@id":"https:\/\/progettotouring.it\/radiotouring104\/#\/schema\/logo\/image\/","url":"https:\/\/progettotouring.it\/radiotouring104\/wp-content\/uploads\/sites\/6\/2022\/02\/cropped-logo-radio-touring-104.png","contentUrl":"https:\/\/progettotouring.it\/radiotouring104\/wp-content\/uploads\/sites\/6\/2022\/02\/cropped-logo-radio-touring-104.png","width":377,"height":182,"caption":"Radio Touring 104"},"image":{"@id":"https:\/\/progettotouring.it\/radiotouring104\/#\/schema\/logo\/image\/"}},{"@type":"Person","@id":"https:\/\/progettotouring.it\/radiotouring104\/#\/schema\/person\/4a82259ca52ac8702ad1a8f9e5a3120b","name":"Filippo Francesco Idone","image":{"@type":"ImageObject","inLanguage":"it-IT","@id":"https:\/\/secure.gravatar.com\/avatar\/7268715d2366395c3dd314385670e6484117d44f5c442e61e230f7008b7b62d3?s=96&d=mm&r=g","url":"https:\/\/secure.gravatar.com\/avatar\/7268715d2366395c3dd314385670e6484117d44f5c442e61e230f7008b7b62d3?s=96&d=mm&r=g","contentUrl":"https:\/\/secure.gravatar.com\/avatar\/7268715d2366395c3dd314385670e6484117d44f5c442e61e230f7008b7b62d3?s=96&d=mm&r=g","caption":"Filippo Francesco Idone"},"url":"https:\/\/progettotouring.it\/radiotouring104\/author\/filippoidone\/"}]}},"jetpack_publicize_connections":[],"jetpack_featured_media_url":"https:\/\/progettotouring.it\/radiotouring104\/wp-content\/uploads\/sites\/6\/2023\/07\/stefania-Calderone.jpg","jetpack_sharing_enabled":true,"_links":{"self":[{"href":"https:\/\/progettotouring.it\/radiotouring104\/wp-json\/wp\/v2\/posts\/31466","targetHints":{"allow":["GET"]}}],"collection":[{"href":"https:\/\/progettotouring.it\/radiotouring104\/wp-json\/wp\/v2\/posts"}],"about":[{"href":"https:\/\/progettotouring.it\/radiotouring104\/wp-json\/wp\/v2\/types\/post"}],"author":[{"embeddable":true,"href":"https:\/\/progettotouring.it\/radiotouring104\/wp-json\/wp\/v2\/users\/8"}],"replies":[{"embeddable":true,"href":"https:\/\/progettotouring.it\/radiotouring104\/wp-json\/wp\/v2\/comments?post=31466"}],"version-history":[{"count":1,"href":"https:\/\/progettotouring.it\/radiotouring104\/wp-json\/wp\/v2\/posts\/31466\/revisions"}],"predecessor-version":[{"id":31468,"href":"https:\/\/progettotouring.it\/radiotouring104\/wp-json\/wp\/v2\/posts\/31466\/revisions\/31468"}],"wp:featuredmedia":[{"embeddable":true,"href":"https:\/\/progettotouring.it\/radiotouring104\/wp-json\/wp\/v2\/media\/31467"}],"wp:attachment":[{"href":"https:\/\/progettotouring.it\/radiotouring104\/wp-json\/wp\/v2\/media?parent=31466"}],"wp:term":[{"taxonomy":"category","embeddable":true,"href":"https:\/\/progettotouring.it\/radiotouring104\/wp-json\/wp\/v2\/categories?post=31466"},{"taxonomy":"post_tag","embeddable":true,"href":"https:\/\/progettotouring.it\/radiotouring104\/wp-json\/wp\/v2\/tags?post=31466"}],"curies":[{"name":"wp","href":"https:\/\/api.w.org\/{rel}","templated":true}]}}