{"id":31469,"date":"2023-07-30T17:03:38","date_gmt":"2023-07-30T15:03:38","guid":{"rendered":"https:\/\/progettotouring.it\/radiotouring104\/?p=31469"},"modified":"2023-07-30T18:07:11","modified_gmt":"2023-07-30T16:07:11","slug":"grande-spettacolo-per-i-tesori-del-mediterraneo-di-reggio-calabria-il-programma-di-questa-sera","status":"publish","type":"post","link":"https:\/\/progettotouring.it\/radiotouring104\/2023\/07\/30\/grande-spettacolo-per-i-tesori-del-mediterraneo-di-reggio-calabria-il-programma-di-questa-sera\/","title":{"rendered":"Grande spettacolo per I tesori del Mediterraneo di Reggio Calabria: il Programma di questa sera"},"content":{"rendered":"<p style=\"text-align: justify\">Il Talkshow de \u201cI salotti televisivi\u201d ha aperto la terza serata de I tesori del Mediterraneo di Reggio Calabria, dopo un pomeriggio avvincente trascorso sulle rive dello Stretto per la Regata del Mediterraneo. Il dibattito \u2013 confronto, condotto da Carlo Arnese e Natalia Span\u00f2, si \u00e8 focalizzato sul tema delle potenzialit\u00e0 turistiche del nostro territorio e sulle sinergie, condicio sine qua non per lo sviluppo dello stesso. A seguire lo spettacolo, madrina <strong>Veronica<\/strong> <strong>Maya<\/strong>, ha visto sul maestoso palco dell\u2019Arena <strong>Roberto<\/strong> <strong>Lipari<\/strong>, presentatore di Striscia la notizia, showman, attore che ha presentato a <strong>Reggio<\/strong> <strong>Calabria<\/strong> il suo film \u201cSo tutto di te\u201d. E poi il suo monologo: un successo straordinario che ha fatto gremire gli spalti dell\u2019Arena e divertendo e coinvolgendo il pubblico.<\/p>\n<p style=\"text-align: justify\">A <strong>Lipari<\/strong> \u00e8 stato poi consegnato il Premio Zeus 2023 con la seguente motivazione: \u201c<em>Artista straordinario, sin dal suo esordio, ha saputo catturare l&#8217;attenzione del pubblico, con la sua innata capacit\u00e0 di far ridere e divertire. <\/em><em>Ha sempre dimostrato una versatilit\u00e0 unica nel descrivere, con elegante ironia, situazioni comiche e surreali, attingendo, con spiccato intuito, ai tanti aspetti della societ\u00e0 reale. Ha contribuito significativamente a diffondere la cultura e l&#8217;umorismo, tipicamente siciliani e meridionali, a livello nazionale ed internazionale. <\/em><em><strong>Roberto<\/strong> <strong>Lipari<\/strong> interpreta i suoi ruoli legandoli ad una profonda connessione con le sue radici umane e professionali e, a dispetto della sua giovane et\u00e0, ha lavorato sempre con dedizione, studio e intenso sacrificio, rivelandosi un fulgido esempio per le nuove generazioni. <\/em><em>Il <strong>Premio Zeus<\/strong>, quindi, \u00e8 il giusto riconoscimento che gli viene assegnato perch\u00e9 incarna l&#8217;essenza della comicit\u00e0, con passione e talento, portando gioia e felicit\u00e0 nelle vite delle persone, ma anche perch\u00e9 sa tradurre la drammaticit\u00e0 di alcuni argomenti, con quella capacit\u00e0 recitativa e comunicativa propria solo dei grandi artisti\u201d.<\/em><\/p>\n<p style=\"text-align: justify\">Ospite speciale della penultima serata <strong>Eleonora<\/strong> <strong>Geria<\/strong>, reggina, laureata in <strong>Scienze Politiche<\/strong> poi trasferitasi a Roma per lavoro, autrice di \u201cUn senso di te\u201d edito da La Corte. Un libro toccante, scritto per permettere al suo primogenito Nicola, nato sordo, di ritrovare s\u00e9 stesso attraverso il racconto dettagliato degli interventi e delle decisioni che i genitori hanno preso al suo posto, e cercare di dare voce, con la massima umilt\u00e0, a un messaggio di educazione e accettazione della diversit\u00e0.<\/p>\n<p><strong>E l\u2019attesa cresce per l\u2019ultima serata.<\/strong><\/p>\n<p><strong>Programma:<\/strong><\/p>\n<p>Ore 19 e 30 Finale Regata del Mediterraneo<br \/>\nOre 21 Salotti Televisivi \u201cReggio Calabria come polo universitario e culturale\u201d<br \/>\nOre 22 Spettacolo &#8211; premiazione Regata &#8211; sfilata Marella e Deddy cantante<\/p>\n","protected":false},"excerpt":{"rendered":"<p>Il Talkshow de \u201cI salotti televisivi\u201d ha aperto la terza serata de I tesori del Mediterraneo di Reggio Calabria, dopo un pomeriggio avvincente trascorso sulle rive dello Stretto per la&hellip;<\/p>\n","protected":false},"author":8,"featured_media":31470,"comment_status":"closed","ping_status":"open","sticky":false,"template":"","format":"standard","meta":{"_jetpack_memberships_contains_paid_content":false,"footnotes":"","jetpack_publicize_message":"","jetpack_publicize_feature_enabled":true,"jetpack_social_post_already_shared":false,"jetpack_social_options":{"image_generator_settings":{"template":"highway","default_image_id":0,"font":"","enabled":false},"version":2}},"categories":[921,196,140],"tags":[19628,3235,19629,236],"class_list":["post-31469","post","type-post","status-publish","format-standard","has-post-thumbnail","hentry","category-home","category-news","category-reggio-calabria","tag-eleonora-geria","tag-i-tesori-del-mediterraneo","tag-premio-zeus","tag-reggio-calabria"],"yoast_head":"<!-- This site is optimized with the Yoast SEO plugin v27.2 - https:\/\/yoast.com\/product\/yoast-seo-wordpress\/ -->\n<title>Grande spettacolo per I tesori del Mediterraneo di Reggio Calabria: il Programma di questa sera - Radio Touring 104<\/title>\n<meta name=\"description\" content=\"Grande spettacolo per la serata di ieri de I tesori del Mediterraneo di Reggio Calabria. Il programma della giornata odierna\" \/>\n<meta name=\"robots\" content=\"index, follow, max-snippet:-1, max-image-preview:large, max-video-preview:-1\" \/>\n<link rel=\"canonical\" href=\"https:\/\/progettotouring.it\/radiotouring104\/2023\/07\/30\/grande-spettacolo-per-i-tesori-del-mediterraneo-di-reggio-calabria-il-programma-di-questa-sera\/\" \/>\n<meta property=\"og:locale\" content=\"it_IT\" \/>\n<meta property=\"og:type\" content=\"article\" \/>\n<meta property=\"og:title\" content=\"Grande spettacolo per I tesori del Mediterraneo di Reggio Calabria: il Programma di questa sera - Radio Touring 104\" \/>\n<meta property=\"og:description\" content=\"Grande spettacolo per la serata di ieri de I tesori del Mediterraneo di Reggio Calabria. Il programma della giornata odierna\" \/>\n<meta property=\"og:url\" content=\"https:\/\/progettotouring.it\/radiotouring104\/2023\/07\/30\/grande-spettacolo-per-i-tesori-del-mediterraneo-di-reggio-calabria-il-programma-di-questa-sera\/\" \/>\n<meta property=\"og:site_name\" content=\"Radio Touring 104\" \/>\n<meta property=\"article:published_time\" content=\"2023-07-30T15:03:38+00:00\" \/>\n<meta property=\"article:modified_time\" content=\"2023-07-30T16:07:11+00:00\" \/>\n<meta property=\"og:image\" content=\"https:\/\/progettotouring.it\/radiotouring104\/wp-content\/uploads\/sites\/6\/2023\/07\/I-tesori-del-mediterraneo-2023-serata-3-1.jpeg\" \/>\n\t<meta property=\"og:image:width\" content=\"2048\" \/>\n\t<meta property=\"og:image:height\" content=\"1410\" \/>\n\t<meta property=\"og:image:type\" content=\"image\/jpeg\" \/>\n<meta name=\"author\" content=\"Filippo Francesco Idone\" \/>\n<meta name=\"twitter:card\" content=\"summary_large_image\" \/>\n<meta name=\"twitter:label1\" content=\"Scritto da\" \/>\n\t<meta name=\"twitter:data1\" content=\"Filippo Francesco Idone\" \/>\n\t<meta name=\"twitter:label2\" content=\"Tempo di lettura stimato\" \/>\n\t<meta name=\"twitter:data2\" content=\"2 minuti\" \/>\n<script type=\"application\/ld+json\" class=\"yoast-schema-graph\">{\"@context\":\"https:\/\/schema.org\",\"@graph\":[{\"@type\":\"Article\",\"@id\":\"https:\/\/progettotouring.it\/radiotouring104\/2023\/07\/30\/grande-spettacolo-per-i-tesori-del-mediterraneo-di-reggio-calabria-il-programma-di-questa-sera\/#article\",\"isPartOf\":{\"@id\":\"https:\/\/progettotouring.it\/radiotouring104\/2023\/07\/30\/grande-spettacolo-per-i-tesori-del-mediterraneo-di-reggio-calabria-il-programma-di-questa-sera\/\"},\"author\":{\"name\":\"Filippo Francesco Idone\",\"@id\":\"https:\/\/progettotouring.it\/radiotouring104\/#\/schema\/person\/4a82259ca52ac8702ad1a8f9e5a3120b\"},\"headline\":\"Grande spettacolo per I tesori del Mediterraneo di Reggio Calabria: il Programma di questa sera\",\"datePublished\":\"2023-07-30T15:03:38+00:00\",\"dateModified\":\"2023-07-30T16:07:11+00:00\",\"mainEntityOfPage\":{\"@id\":\"https:\/\/progettotouring.it\/radiotouring104\/2023\/07\/30\/grande-spettacolo-per-i-tesori-del-mediterraneo-di-reggio-calabria-il-programma-di-questa-sera\/\"},\"wordCount\":421,\"publisher\":{\"@id\":\"https:\/\/progettotouring.it\/radiotouring104\/#organization\"},\"image\":{\"@id\":\"https:\/\/progettotouring.it\/radiotouring104\/2023\/07\/30\/grande-spettacolo-per-i-tesori-del-mediterraneo-di-reggio-calabria-il-programma-di-questa-sera\/#primaryimage\"},\"thumbnailUrl\":\"https:\/\/progettotouring.it\/radiotouring104\/wp-content\/uploads\/sites\/6\/2023\/07\/I-tesori-del-mediterraneo-2023-serata-3-1.jpeg\",\"keywords\":[\"Eleonora Geria\",\"I tesori del mediterraneo\",\"Premio Zeus\",\"reggio calabria\"],\"articleSection\":[\"Home\",\"News\",\"Reggio Calabria\"],\"inLanguage\":\"it-IT\"},{\"@type\":\"WebPage\",\"@id\":\"https:\/\/progettotouring.it\/radiotouring104\/2023\/07\/30\/grande-spettacolo-per-i-tesori-del-mediterraneo-di-reggio-calabria-il-programma-di-questa-sera\/\",\"url\":\"https:\/\/progettotouring.it\/radiotouring104\/2023\/07\/30\/grande-spettacolo-per-i-tesori-del-mediterraneo-di-reggio-calabria-il-programma-di-questa-sera\/\",\"name\":\"Grande spettacolo per I tesori del Mediterraneo di Reggio Calabria: il Programma di questa sera - Radio Touring 104\",\"isPartOf\":{\"@id\":\"https:\/\/progettotouring.it\/radiotouring104\/#website\"},\"primaryImageOfPage\":{\"@id\":\"https:\/\/progettotouring.it\/radiotouring104\/2023\/07\/30\/grande-spettacolo-per-i-tesori-del-mediterraneo-di-reggio-calabria-il-programma-di-questa-sera\/#primaryimage\"},\"image\":{\"@id\":\"https:\/\/progettotouring.it\/radiotouring104\/2023\/07\/30\/grande-spettacolo-per-i-tesori-del-mediterraneo-di-reggio-calabria-il-programma-di-questa-sera\/#primaryimage\"},\"thumbnailUrl\":\"https:\/\/progettotouring.it\/radiotouring104\/wp-content\/uploads\/sites\/6\/2023\/07\/I-tesori-del-mediterraneo-2023-serata-3-1.jpeg\",\"datePublished\":\"2023-07-30T15:03:38+00:00\",\"dateModified\":\"2023-07-30T16:07:11+00:00\",\"description\":\"Grande spettacolo per la serata di ieri de I tesori del Mediterraneo di Reggio Calabria. Il programma della giornata odierna\",\"breadcrumb\":{\"@id\":\"https:\/\/progettotouring.it\/radiotouring104\/2023\/07\/30\/grande-spettacolo-per-i-tesori-del-mediterraneo-di-reggio-calabria-il-programma-di-questa-sera\/#breadcrumb\"},\"inLanguage\":\"it-IT\",\"potentialAction\":[{\"@type\":\"ReadAction\",\"target\":[\"https:\/\/progettotouring.it\/radiotouring104\/2023\/07\/30\/grande-spettacolo-per-i-tesori-del-mediterraneo-di-reggio-calabria-il-programma-di-questa-sera\/\"]}]},{\"@type\":\"ImageObject\",\"inLanguage\":\"it-IT\",\"@id\":\"https:\/\/progettotouring.it\/radiotouring104\/2023\/07\/30\/grande-spettacolo-per-i-tesori-del-mediterraneo-di-reggio-calabria-il-programma-di-questa-sera\/#primaryimage\",\"url\":\"https:\/\/progettotouring.it\/radiotouring104\/wp-content\/uploads\/sites\/6\/2023\/07\/I-tesori-del-mediterraneo-2023-serata-3-1.jpeg\",\"contentUrl\":\"https:\/\/progettotouring.it\/radiotouring104\/wp-content\/uploads\/sites\/6\/2023\/07\/I-tesori-del-mediterraneo-2023-serata-3-1.jpeg\",\"width\":2048,\"height\":1410},{\"@type\":\"BreadcrumbList\",\"@id\":\"https:\/\/progettotouring.it\/radiotouring104\/2023\/07\/30\/grande-spettacolo-per-i-tesori-del-mediterraneo-di-reggio-calabria-il-programma-di-questa-sera\/#breadcrumb\",\"itemListElement\":[{\"@type\":\"ListItem\",\"position\":1,\"name\":\"Home\",\"item\":\"https:\/\/progettotouring.it\/radiotouring104\/\"},{\"@type\":\"ListItem\",\"position\":2,\"name\":\"Grande spettacolo per I tesori del Mediterraneo di Reggio Calabria: il Programma di questa sera\"}]},{\"@type\":\"WebSite\",\"@id\":\"https:\/\/progettotouring.it\/radiotouring104\/#website\",\"url\":\"https:\/\/progettotouring.it\/radiotouring104\/\",\"name\":\"Radio Touring 104\",\"description\":\"La prima radio Reggina\",\"publisher\":{\"@id\":\"https:\/\/progettotouring.it\/radiotouring104\/#organization\"},\"potentialAction\":[{\"@type\":\"SearchAction\",\"target\":{\"@type\":\"EntryPoint\",\"urlTemplate\":\"https:\/\/progettotouring.it\/radiotouring104\/?s={search_term_string}\"},\"query-input\":{\"@type\":\"PropertyValueSpecification\",\"valueRequired\":true,\"valueName\":\"search_term_string\"}}],\"inLanguage\":\"it-IT\"},{\"@type\":\"Organization\",\"@id\":\"https:\/\/progettotouring.it\/radiotouring104\/#organization\",\"name\":\"Radio Touring 104\",\"url\":\"https:\/\/progettotouring.it\/radiotouring104\/\",\"logo\":{\"@type\":\"ImageObject\",\"inLanguage\":\"it-IT\",\"@id\":\"https:\/\/progettotouring.it\/radiotouring104\/#\/schema\/logo\/image\/\",\"url\":\"https:\/\/progettotouring.it\/radiotouring104\/wp-content\/uploads\/sites\/6\/2022\/02\/cropped-logo-radio-touring-104.png\",\"contentUrl\":\"https:\/\/progettotouring.it\/radiotouring104\/wp-content\/uploads\/sites\/6\/2022\/02\/cropped-logo-radio-touring-104.png\",\"width\":377,\"height\":182,\"caption\":\"Radio Touring 104\"},\"image\":{\"@id\":\"https:\/\/progettotouring.it\/radiotouring104\/#\/schema\/logo\/image\/\"}},{\"@type\":\"Person\",\"@id\":\"https:\/\/progettotouring.it\/radiotouring104\/#\/schema\/person\/4a82259ca52ac8702ad1a8f9e5a3120b\",\"name\":\"Filippo Francesco Idone\",\"image\":{\"@type\":\"ImageObject\",\"inLanguage\":\"it-IT\",\"@id\":\"https:\/\/secure.gravatar.com\/avatar\/7268715d2366395c3dd314385670e6484117d44f5c442e61e230f7008b7b62d3?s=96&d=mm&r=g\",\"url\":\"https:\/\/secure.gravatar.com\/avatar\/7268715d2366395c3dd314385670e6484117d44f5c442e61e230f7008b7b62d3?s=96&d=mm&r=g\",\"contentUrl\":\"https:\/\/secure.gravatar.com\/avatar\/7268715d2366395c3dd314385670e6484117d44f5c442e61e230f7008b7b62d3?s=96&d=mm&r=g\",\"caption\":\"Filippo Francesco Idone\"},\"url\":\"https:\/\/progettotouring.it\/radiotouring104\/author\/filippoidone\/\"}]}<\/script>\n<!-- \/ Yoast SEO plugin. -->","yoast_head_json":{"title":"Grande spettacolo per I tesori del Mediterraneo di Reggio Calabria: il Programma di questa sera - Radio Touring 104","description":"Grande spettacolo per la serata di ieri de I tesori del Mediterraneo di Reggio Calabria. Il programma della giornata odierna","robots":{"index":"index","follow":"follow","max-snippet":"max-snippet:-1","max-image-preview":"max-image-preview:large","max-video-preview":"max-video-preview:-1"},"canonical":"https:\/\/progettotouring.it\/radiotouring104\/2023\/07\/30\/grande-spettacolo-per-i-tesori-del-mediterraneo-di-reggio-calabria-il-programma-di-questa-sera\/","og_locale":"it_IT","og_type":"article","og_title":"Grande spettacolo per I tesori del Mediterraneo di Reggio Calabria: il Programma di questa sera - Radio Touring 104","og_description":"Grande spettacolo per la serata di ieri de I tesori del Mediterraneo di Reggio Calabria. Il programma della giornata odierna","og_url":"https:\/\/progettotouring.it\/radiotouring104\/2023\/07\/30\/grande-spettacolo-per-i-tesori-del-mediterraneo-di-reggio-calabria-il-programma-di-questa-sera\/","og_site_name":"Radio Touring 104","article_published_time":"2023-07-30T15:03:38+00:00","article_modified_time":"2023-07-30T16:07:11+00:00","og_image":[{"width":2048,"height":1410,"url":"https:\/\/progettotouring.it\/radiotouring104\/wp-content\/uploads\/sites\/6\/2023\/07\/I-tesori-del-mediterraneo-2023-serata-3-1.jpeg","type":"image\/jpeg"}],"author":"Filippo Francesco Idone","twitter_card":"summary_large_image","twitter_misc":{"Scritto da":"Filippo Francesco Idone","Tempo di lettura stimato":"2 minuti"},"schema":{"@context":"https:\/\/schema.org","@graph":[{"@type":"Article","@id":"https:\/\/progettotouring.it\/radiotouring104\/2023\/07\/30\/grande-spettacolo-per-i-tesori-del-mediterraneo-di-reggio-calabria-il-programma-di-questa-sera\/#article","isPartOf":{"@id":"https:\/\/progettotouring.it\/radiotouring104\/2023\/07\/30\/grande-spettacolo-per-i-tesori-del-mediterraneo-di-reggio-calabria-il-programma-di-questa-sera\/"},"author":{"name":"Filippo Francesco Idone","@id":"https:\/\/progettotouring.it\/radiotouring104\/#\/schema\/person\/4a82259ca52ac8702ad1a8f9e5a3120b"},"headline":"Grande spettacolo per I tesori del Mediterraneo di Reggio Calabria: il Programma di questa sera","datePublished":"2023-07-30T15:03:38+00:00","dateModified":"2023-07-30T16:07:11+00:00","mainEntityOfPage":{"@id":"https:\/\/progettotouring.it\/radiotouring104\/2023\/07\/30\/grande-spettacolo-per-i-tesori-del-mediterraneo-di-reggio-calabria-il-programma-di-questa-sera\/"},"wordCount":421,"publisher":{"@id":"https:\/\/progettotouring.it\/radiotouring104\/#organization"},"image":{"@id":"https:\/\/progettotouring.it\/radiotouring104\/2023\/07\/30\/grande-spettacolo-per-i-tesori-del-mediterraneo-di-reggio-calabria-il-programma-di-questa-sera\/#primaryimage"},"thumbnailUrl":"https:\/\/progettotouring.it\/radiotouring104\/wp-content\/uploads\/sites\/6\/2023\/07\/I-tesori-del-mediterraneo-2023-serata-3-1.jpeg","keywords":["Eleonora Geria","I tesori del mediterraneo","Premio Zeus","reggio calabria"],"articleSection":["Home","News","Reggio Calabria"],"inLanguage":"it-IT"},{"@type":"WebPage","@id":"https:\/\/progettotouring.it\/radiotouring104\/2023\/07\/30\/grande-spettacolo-per-i-tesori-del-mediterraneo-di-reggio-calabria-il-programma-di-questa-sera\/","url":"https:\/\/progettotouring.it\/radiotouring104\/2023\/07\/30\/grande-spettacolo-per-i-tesori-del-mediterraneo-di-reggio-calabria-il-programma-di-questa-sera\/","name":"Grande spettacolo per I tesori del Mediterraneo di Reggio Calabria: il Programma di questa sera - Radio Touring 104","isPartOf":{"@id":"https:\/\/progettotouring.it\/radiotouring104\/#website"},"primaryImageOfPage":{"@id":"https:\/\/progettotouring.it\/radiotouring104\/2023\/07\/30\/grande-spettacolo-per-i-tesori-del-mediterraneo-di-reggio-calabria-il-programma-di-questa-sera\/#primaryimage"},"image":{"@id":"https:\/\/progettotouring.it\/radiotouring104\/2023\/07\/30\/grande-spettacolo-per-i-tesori-del-mediterraneo-di-reggio-calabria-il-programma-di-questa-sera\/#primaryimage"},"thumbnailUrl":"https:\/\/progettotouring.it\/radiotouring104\/wp-content\/uploads\/sites\/6\/2023\/07\/I-tesori-del-mediterraneo-2023-serata-3-1.jpeg","datePublished":"2023-07-30T15:03:38+00:00","dateModified":"2023-07-30T16:07:11+00:00","description":"Grande spettacolo per la serata di ieri de I tesori del Mediterraneo di Reggio Calabria. Il programma della giornata odierna","breadcrumb":{"@id":"https:\/\/progettotouring.it\/radiotouring104\/2023\/07\/30\/grande-spettacolo-per-i-tesori-del-mediterraneo-di-reggio-calabria-il-programma-di-questa-sera\/#breadcrumb"},"inLanguage":"it-IT","potentialAction":[{"@type":"ReadAction","target":["https:\/\/progettotouring.it\/radiotouring104\/2023\/07\/30\/grande-spettacolo-per-i-tesori-del-mediterraneo-di-reggio-calabria-il-programma-di-questa-sera\/"]}]},{"@type":"ImageObject","inLanguage":"it-IT","@id":"https:\/\/progettotouring.it\/radiotouring104\/2023\/07\/30\/grande-spettacolo-per-i-tesori-del-mediterraneo-di-reggio-calabria-il-programma-di-questa-sera\/#primaryimage","url":"https:\/\/progettotouring.it\/radiotouring104\/wp-content\/uploads\/sites\/6\/2023\/07\/I-tesori-del-mediterraneo-2023-serata-3-1.jpeg","contentUrl":"https:\/\/progettotouring.it\/radiotouring104\/wp-content\/uploads\/sites\/6\/2023\/07\/I-tesori-del-mediterraneo-2023-serata-3-1.jpeg","width":2048,"height":1410},{"@type":"BreadcrumbList","@id":"https:\/\/progettotouring.it\/radiotouring104\/2023\/07\/30\/grande-spettacolo-per-i-tesori-del-mediterraneo-di-reggio-calabria-il-programma-di-questa-sera\/#breadcrumb","itemListElement":[{"@type":"ListItem","position":1,"name":"Home","item":"https:\/\/progettotouring.it\/radiotouring104\/"},{"@type":"ListItem","position":2,"name":"Grande spettacolo per I tesori del Mediterraneo di Reggio Calabria: il Programma di questa sera"}]},{"@type":"WebSite","@id":"https:\/\/progettotouring.it\/radiotouring104\/#website","url":"https:\/\/progettotouring.it\/radiotouring104\/","name":"Radio Touring 104","description":"La prima radio Reggina","publisher":{"@id":"https:\/\/progettotouring.it\/radiotouring104\/#organization"},"potentialAction":[{"@type":"SearchAction","target":{"@type":"EntryPoint","urlTemplate":"https:\/\/progettotouring.it\/radiotouring104\/?s={search_term_string}"},"query-input":{"@type":"PropertyValueSpecification","valueRequired":true,"valueName":"search_term_string"}}],"inLanguage":"it-IT"},{"@type":"Organization","@id":"https:\/\/progettotouring.it\/radiotouring104\/#organization","name":"Radio Touring 104","url":"https:\/\/progettotouring.it\/radiotouring104\/","logo":{"@type":"ImageObject","inLanguage":"it-IT","@id":"https:\/\/progettotouring.it\/radiotouring104\/#\/schema\/logo\/image\/","url":"https:\/\/progettotouring.it\/radiotouring104\/wp-content\/uploads\/sites\/6\/2022\/02\/cropped-logo-radio-touring-104.png","contentUrl":"https:\/\/progettotouring.it\/radiotouring104\/wp-content\/uploads\/sites\/6\/2022\/02\/cropped-logo-radio-touring-104.png","width":377,"height":182,"caption":"Radio Touring 104"},"image":{"@id":"https:\/\/progettotouring.it\/radiotouring104\/#\/schema\/logo\/image\/"}},{"@type":"Person","@id":"https:\/\/progettotouring.it\/radiotouring104\/#\/schema\/person\/4a82259ca52ac8702ad1a8f9e5a3120b","name":"Filippo Francesco Idone","image":{"@type":"ImageObject","inLanguage":"it-IT","@id":"https:\/\/secure.gravatar.com\/avatar\/7268715d2366395c3dd314385670e6484117d44f5c442e61e230f7008b7b62d3?s=96&d=mm&r=g","url":"https:\/\/secure.gravatar.com\/avatar\/7268715d2366395c3dd314385670e6484117d44f5c442e61e230f7008b7b62d3?s=96&d=mm&r=g","contentUrl":"https:\/\/secure.gravatar.com\/avatar\/7268715d2366395c3dd314385670e6484117d44f5c442e61e230f7008b7b62d3?s=96&d=mm&r=g","caption":"Filippo Francesco Idone"},"url":"https:\/\/progettotouring.it\/radiotouring104\/author\/filippoidone\/"}]}},"jetpack_publicize_connections":[],"jetpack_featured_media_url":"https:\/\/progettotouring.it\/radiotouring104\/wp-content\/uploads\/sites\/6\/2023\/07\/I-tesori-del-mediterraneo-2023-serata-3-1.jpeg","jetpack_sharing_enabled":true,"_links":{"self":[{"href":"https:\/\/progettotouring.it\/radiotouring104\/wp-json\/wp\/v2\/posts\/31469","targetHints":{"allow":["GET"]}}],"collection":[{"href":"https:\/\/progettotouring.it\/radiotouring104\/wp-json\/wp\/v2\/posts"}],"about":[{"href":"https:\/\/progettotouring.it\/radiotouring104\/wp-json\/wp\/v2\/types\/post"}],"author":[{"embeddable":true,"href":"https:\/\/progettotouring.it\/radiotouring104\/wp-json\/wp\/v2\/users\/8"}],"replies":[{"embeddable":true,"href":"https:\/\/progettotouring.it\/radiotouring104\/wp-json\/wp\/v2\/comments?post=31469"}],"version-history":[{"count":1,"href":"https:\/\/progettotouring.it\/radiotouring104\/wp-json\/wp\/v2\/posts\/31469\/revisions"}],"predecessor-version":[{"id":31471,"href":"https:\/\/progettotouring.it\/radiotouring104\/wp-json\/wp\/v2\/posts\/31469\/revisions\/31471"}],"wp:featuredmedia":[{"embeddable":true,"href":"https:\/\/progettotouring.it\/radiotouring104\/wp-json\/wp\/v2\/media\/31470"}],"wp:attachment":[{"href":"https:\/\/progettotouring.it\/radiotouring104\/wp-json\/wp\/v2\/media?parent=31469"}],"wp:term":[{"taxonomy":"category","embeddable":true,"href":"https:\/\/progettotouring.it\/radiotouring104\/wp-json\/wp\/v2\/categories?post=31469"},{"taxonomy":"post_tag","embeddable":true,"href":"https:\/\/progettotouring.it\/radiotouring104\/wp-json\/wp\/v2\/tags?post=31469"}],"curies":[{"name":"wp","href":"https:\/\/api.w.org\/{rel}","templated":true}]}}