{"id":31475,"date":"2023-07-30T17:35:07","date_gmt":"2023-07-30T15:35:07","guid":{"rendered":"https:\/\/progettotouring.it\/radiotouring104\/?p=31475"},"modified":"2023-07-30T18:19:01","modified_gmt":"2023-07-30T16:19:01","slug":"anas-140-mila-veicoli-sulla2-autostrada-del-mediterraneo","status":"publish","type":"post","link":"https:\/\/progettotouring.it\/radiotouring104\/2023\/07\/30\/anas-140-mila-veicoli-sulla2-autostrada-del-mediterraneo\/","title":{"rendered":"Anas: 140 mila veicoli sull&#8217;A2 Autostrada del Mediterraneo"},"content":{"rendered":"<p style=\"text-align: justify\">Traffico intenso ma senza particolari disagi sugli oltre 32 mila chilometri di rete stradale e autostradale gestiti da Anas societ\u00e0 del <strong>Polo Infrastrutture Gruppo FS Italiane<\/strong>. Il fine settimana, contrassegnato dal bollino rosso, \u00e8 stato caratterizzato dagli spostamenti di breve, media e lunga percorrenza, con circolazione sostenuta in direzione delle localit\u00e0 di mare e di montagna oltre che in uscita dai grandi centri urbani.<\/p>\n<p style=\"text-align: justify\">I maggiori flussi di traffico si sono registrati, in direzione sud, lungo le principali direttrici verso le localit\u00e0 di villeggiatura ovvero le dorsali adriatica, tirrenica e jonica e soprattutto sull\u2019A2 Autostrada del Mediterraneo dove i sensori all\u2019altezza di <strong>Salerno<\/strong> hanno rilevato oltre 4000 veicoli l\u2019ora in direzione sud nel pomeriggio del 28 e nella mattinata del 29 luglio con picchi di oltre 4500 veicoli alle 18 di venerd\u00ec e alle 10 di sabato. Sotto i 4000 veicoli l&#8217;ora nella mattinata di oggi. Dalle 15 di venerd\u00ec 28 luglio fino al pomeriggio di oggi 30 luglio \u00e8 stato registrato in direzione sud un transito di circa 140 mila veicoli. Nell\u2019intero fine settimana sempre sull\u2019A2 si \u00e8 registrato un incremento medio dei transiti nelle ore notturne rispetto ai precedenti weekend di luglio. Il traffico \u00e8 stato sempre intenso ma regolare da Salerno a <strong>Reggio<\/strong> <strong>Calabria<\/strong> ed anche all\u2019uscita di <strong>Villa San Giovanni<\/strong> dove le attese agli imbarchi sono state sempre inferiori ai 60 minuti<\/p>\n<p style=\"text-align: justify\">Al nord, traffico sostenuto ai valichi internazionali di confine in direzione di <strong>Slovenia<\/strong> e <strong>Croazia<\/strong>. Nei punti nevralgici della rete stradale e autostradale il personale Anas ha monitorato costantemente la circolazione per prevenire qualsiasi disagio. A partire dal tardo pomeriggio di oggi, domenica 30 luglio, si prevede, inoltre, un consistente flusso di traffico in aumento in prossimit\u00e0 dei centri urbani per via dei rientri del fine settimana. Il viaggio in auto dei vacanzieri ha interessato anche la Puglia sulle principali arterie che conducono alle localit\u00e0 di mare (SS16 \u201cAdriatica\u201d, SS101 \u201cSalentina di Gallipoli\u201d, SS379 \u201cEgnazia e delle terme di Torre Canne\u201d, SS694 \u201cTangenziale Ovest di Lecce\u201d) e la Sicilia sul Raccordo Autostradale 15 \u201cTangenziale Ovest di Catania\u201d. Flussi sostenuti si sono registrati anche sulla statale <strong>106 \u201cJonica\u201d<\/strong> in Basilicata, sul tratto abruzzese della SS16 \u201cAdriatica\u201d e lungo la SS18 \u201c<strong>Tirrena<\/strong> <strong>Inferiore<\/strong>\u201d, in <strong>Calabria.<\/strong><\/p>\n<p style=\"text-align: justify\">Al nord la mobilit\u00e0 estiva ha fatto registrare traffico sostenuto lungo la SS36 \u201cdel Lago di Como e dello Spluga\u201d in Lombardia, la SS26 Dir \u201cdella Valle D\u2019Aosta\u201d in Valle d\u2019Aosta e la SS51 \u201cdi Alemagna\u201d in Veneto. Si ricorda che il divieto di transito dei mezzi pesanti rester\u00e0 in vigore fino alle 22:00 di oggi. Con l\u2019obiettivo di facilitare gli spostamenti e ridurre i disagi per gli utenti e in previsione dell\u2019aumento dei flussi veicolari, Anas ha provveduto a rimuovere, oltre 700 cantieri, con l\u2019obiettivo di offrire un viaggio pi\u00f9 confortevole e sicuro, non solo per spostamenti di breve e medio raggio, ma anche di lungo raggio. La riduzione dei cantieri stradali Anas si inserisce nell\u2019ambito del Piano concordato e promosso dal Ministero delle Infrastrutture.<\/p>\n<p>Per la situazione dei cantieri inamovibili, Anas invita i viaggiatori a consultare prima di partire il sito stradeanas.it alla sezione Info viabilit\u00e0\/Piani interventi (link www.stradeanas.it\/piani-interventi). La presenza su strada di Anas \u00e8 di oltre 2200 risorse in turnazione, costituite da personale tecnico e di esercizio, oltre al personale delle Sale Operative Territoriali e della Sala Situazioni Nazionale che assicurano il monitoraggio del traffico in tempo reale h 24.<\/p>\n<p style=\"text-align: justify\"><strong>Un viaggio informato<\/strong><\/p>\n<p style=\"text-align: justify\">Per un viaggio informato le notizie su esodo estivo e viabilit\u00e0 sono disponibili ai link https:\/\/www.stradeanas.it\/it\/esodoestivo e www.stradeanas.it\/infotraffico e attraverso i canali social corporate (Facebook.com\/stradeanas e gli account Twitter @stradeanas, @VAIstradeanas e @clientiAnas) seguendo l\u2019hashtag #esodoestivo2023.<\/p>\n<p style=\"text-align: justify\"><strong>Le informazioni sul traffico sono inoltre disponibili sui seguenti canali:<\/strong><\/p>\n<p style=\"text-align: justify\">&#8211; VAI (Viabilit\u00e0 Anas Integrata) all\u2019indirizzo www.stradeanas.it\/info-viabilit\u00e0\/vai;<\/p>\n<p style=\"text-align: justify\">&#8211; APP &#8220;VAI&#8221; di Anas, scaricabile gratuitamente in &#8220;App store&#8221; e in &#8220;Play store&#8221;;<\/p>\n<p style=\"text-align: justify\">&#8211; CCISS Viaggiare Informati del Ministero delle Infrastrutture al quale Anas partecipa attivamente con risorse dedicate e dati sul traffico;<\/p>\n<p style=\"text-align: justify\">&#8211; Numero verde Pronto Anas 800.841.148 del Servizio Clienti Anas per parlare con un operatore h24 e avere informazioni sulla viabilit\u00e0 in tempo reale. Inoltre, digitando il tasto 5 si pu\u00f2 avere una panoramica sullo stato del traffico sulla rete con la posizione dei cantieri, con il tasto 0 \u00e8 disponibile la situazione previsionale del fine settimana.<\/p>\n<p style=\"text-align: justify\">&#8211; Live Chat del Servizio Clienti all\u2019indirizzo www.stradeanas.it per parlare con un operatore dal luned\u00ec al venerd\u00ec dalle 8.00 alle 20.00 e avere anche informazioni sulla viabilit\u00e0 in tempo reale e sui cantieri inamovibili.<\/p>\n<p style=\"text-align: justify\"><strong>Bollettini di viabilit\u00e0 sono trasmessi su Tgcom24 e sulle radio partner di Anas: Rai Isoradio, Radio Italia (nazionale).<\/strong><\/p>\n<p style=\"text-align: justify\">Anas, societ\u00e0 del Polo infrastrutture del Gruppo FS Italiane, ricorda le campagna di prevenzione per la sicurezza stradale \u201cQuando guidi, Guida e Basta\u201d, per il rischio incendi \u201cLa strada non \u00e8 un posacenere\u201d e contro l\u2019abbandono degli animali sulle strade #AmamieBasta<\/p>\n<p style=\"text-align: justify\">\n","protected":false},"excerpt":{"rendered":"<p>Traffico intenso ma senza particolari disagi sugli oltre 32 mila chilometri di rete stradale e autostradale gestiti da Anas societ\u00e0 del Polo Infrastrutture Gruppo FS Italiane. Il fine settimana, contrassegnato&hellip;<\/p>\n","protected":false},"author":8,"featured_media":6828,"comment_status":"closed","ping_status":"open","sticky":false,"template":"","format":"standard","meta":{"_jetpack_memberships_contains_paid_content":false,"footnotes":"","jetpack_publicize_message":"","jetpack_publicize_feature_enabled":true,"jetpack_social_post_already_shared":false,"jetpack_social_options":{"image_generator_settings":{"template":"highway","default_image_id":0,"font":"","enabled":false},"version":2}},"categories":[921,196,140],"tags":[7454,2961,1307,236,918,364],"class_list":["post-31475","post","type-post","status-publish","format-standard","has-post-thumbnail","hentry","category-home","category-news","category-reggio-calabria","tag-a2-autostrada-del-mediterraneo","tag-anas","tag-messina","tag-reggio-calabria","tag-sicilia","tag-villa-san-giovanni"],"yoast_head":"<!-- This site is optimized with the Yoast SEO plugin v27.2 - https:\/\/yoast.com\/product\/yoast-seo-wordpress\/ -->\n<title>Anas: 140 mila veicoli sull&#039;A2 Autostrada del Mediterraneo - Radio Touring 104<\/title>\n<meta name=\"description\" content=\"Sono circa 140 mila le transizioni di veicoli sulla A2 Autostrada del Mediterraneo durante questo finesettimana\" \/>\n<meta name=\"robots\" content=\"index, follow, max-snippet:-1, max-image-preview:large, max-video-preview:-1\" \/>\n<link rel=\"canonical\" href=\"https:\/\/progettotouring.it\/radiotouring104\/2023\/07\/30\/anas-140-mila-veicoli-sulla2-autostrada-del-mediterraneo\/\" \/>\n<meta property=\"og:locale\" content=\"it_IT\" \/>\n<meta property=\"og:type\" content=\"article\" \/>\n<meta property=\"og:title\" content=\"Anas: 140 mila veicoli sull&#039;A2 Autostrada del Mediterraneo - Radio Touring 104\" \/>\n<meta property=\"og:description\" content=\"Sono circa 140 mila le transizioni di veicoli sulla A2 Autostrada del Mediterraneo durante questo finesettimana\" \/>\n<meta property=\"og:url\" content=\"https:\/\/progettotouring.it\/radiotouring104\/2023\/07\/30\/anas-140-mila-veicoli-sulla2-autostrada-del-mediterraneo\/\" \/>\n<meta property=\"og:site_name\" content=\"Radio Touring 104\" \/>\n<meta property=\"article:published_time\" content=\"2023-07-30T15:35:07+00:00\" \/>\n<meta property=\"article:modified_time\" content=\"2023-07-30T16:19:01+00:00\" \/>\n<meta property=\"og:image\" content=\"https:\/\/progettotouring.it\/radiotouring104\/wp-content\/uploads\/sites\/6\/2022\/06\/anas-420x252-1.jpg\" \/>\n\t<meta property=\"og:image:width\" content=\"420\" \/>\n\t<meta property=\"og:image:height\" content=\"252\" \/>\n\t<meta property=\"og:image:type\" content=\"image\/jpeg\" \/>\n<meta name=\"author\" content=\"Filippo Francesco Idone\" \/>\n<meta name=\"twitter:card\" content=\"summary_large_image\" \/>\n<meta name=\"twitter:label1\" content=\"Scritto da\" \/>\n\t<meta name=\"twitter:data1\" content=\"Filippo Francesco Idone\" \/>\n\t<meta name=\"twitter:label2\" content=\"Tempo di lettura stimato\" \/>\n\t<meta name=\"twitter:data2\" content=\"4 minuti\" \/>\n<script type=\"application\/ld+json\" class=\"yoast-schema-graph\">{\"@context\":\"https:\/\/schema.org\",\"@graph\":[{\"@type\":\"Article\",\"@id\":\"https:\/\/progettotouring.it\/radiotouring104\/2023\/07\/30\/anas-140-mila-veicoli-sulla2-autostrada-del-mediterraneo\/#article\",\"isPartOf\":{\"@id\":\"https:\/\/progettotouring.it\/radiotouring104\/2023\/07\/30\/anas-140-mila-veicoli-sulla2-autostrada-del-mediterraneo\/\"},\"author\":{\"name\":\"Filippo Francesco Idone\",\"@id\":\"https:\/\/progettotouring.it\/radiotouring104\/#\/schema\/person\/4a82259ca52ac8702ad1a8f9e5a3120b\"},\"headline\":\"Anas: 140 mila veicoli sull&#8217;A2 Autostrada del Mediterraneo\",\"datePublished\":\"2023-07-30T15:35:07+00:00\",\"dateModified\":\"2023-07-30T16:19:01+00:00\",\"mainEntityOfPage\":{\"@id\":\"https:\/\/progettotouring.it\/radiotouring104\/2023\/07\/30\/anas-140-mila-veicoli-sulla2-autostrada-del-mediterraneo\/\"},\"wordCount\":815,\"publisher\":{\"@id\":\"https:\/\/progettotouring.it\/radiotouring104\/#organization\"},\"image\":{\"@id\":\"https:\/\/progettotouring.it\/radiotouring104\/2023\/07\/30\/anas-140-mila-veicoli-sulla2-autostrada-del-mediterraneo\/#primaryimage\"},\"thumbnailUrl\":\"https:\/\/progettotouring.it\/radiotouring104\/wp-content\/uploads\/sites\/6\/2022\/06\/anas-420x252-1.jpg\",\"keywords\":[\"A2 'Autostrada del Mediterraneo'\",\"anas\",\"Messina\",\"reggio calabria\",\"Sicilia\",\"villa san giovanni\"],\"articleSection\":[\"Home\",\"News\",\"Reggio Calabria\"],\"inLanguage\":\"it-IT\"},{\"@type\":\"WebPage\",\"@id\":\"https:\/\/progettotouring.it\/radiotouring104\/2023\/07\/30\/anas-140-mila-veicoli-sulla2-autostrada-del-mediterraneo\/\",\"url\":\"https:\/\/progettotouring.it\/radiotouring104\/2023\/07\/30\/anas-140-mila-veicoli-sulla2-autostrada-del-mediterraneo\/\",\"name\":\"Anas: 140 mila veicoli sull'A2 Autostrada del Mediterraneo - Radio Touring 104\",\"isPartOf\":{\"@id\":\"https:\/\/progettotouring.it\/radiotouring104\/#website\"},\"primaryImageOfPage\":{\"@id\":\"https:\/\/progettotouring.it\/radiotouring104\/2023\/07\/30\/anas-140-mila-veicoli-sulla2-autostrada-del-mediterraneo\/#primaryimage\"},\"image\":{\"@id\":\"https:\/\/progettotouring.it\/radiotouring104\/2023\/07\/30\/anas-140-mila-veicoli-sulla2-autostrada-del-mediterraneo\/#primaryimage\"},\"thumbnailUrl\":\"https:\/\/progettotouring.it\/radiotouring104\/wp-content\/uploads\/sites\/6\/2022\/06\/anas-420x252-1.jpg\",\"datePublished\":\"2023-07-30T15:35:07+00:00\",\"dateModified\":\"2023-07-30T16:19:01+00:00\",\"description\":\"Sono circa 140 mila le transizioni di veicoli sulla A2 Autostrada del Mediterraneo durante questo finesettimana\",\"breadcrumb\":{\"@id\":\"https:\/\/progettotouring.it\/radiotouring104\/2023\/07\/30\/anas-140-mila-veicoli-sulla2-autostrada-del-mediterraneo\/#breadcrumb\"},\"inLanguage\":\"it-IT\",\"potentialAction\":[{\"@type\":\"ReadAction\",\"target\":[\"https:\/\/progettotouring.it\/radiotouring104\/2023\/07\/30\/anas-140-mila-veicoli-sulla2-autostrada-del-mediterraneo\/\"]}]},{\"@type\":\"ImageObject\",\"inLanguage\":\"it-IT\",\"@id\":\"https:\/\/progettotouring.it\/radiotouring104\/2023\/07\/30\/anas-140-mila-veicoli-sulla2-autostrada-del-mediterraneo\/#primaryimage\",\"url\":\"https:\/\/progettotouring.it\/radiotouring104\/wp-content\/uploads\/sites\/6\/2022\/06\/anas-420x252-1.jpg\",\"contentUrl\":\"https:\/\/progettotouring.it\/radiotouring104\/wp-content\/uploads\/sites\/6\/2022\/06\/anas-420x252-1.jpg\",\"width\":420,\"height\":252},{\"@type\":\"BreadcrumbList\",\"@id\":\"https:\/\/progettotouring.it\/radiotouring104\/2023\/07\/30\/anas-140-mila-veicoli-sulla2-autostrada-del-mediterraneo\/#breadcrumb\",\"itemListElement\":[{\"@type\":\"ListItem\",\"position\":1,\"name\":\"Home\",\"item\":\"https:\/\/progettotouring.it\/radiotouring104\/\"},{\"@type\":\"ListItem\",\"position\":2,\"name\":\"Anas: 140 mila veicoli sull&#8217;A2 Autostrada del Mediterraneo\"}]},{\"@type\":\"WebSite\",\"@id\":\"https:\/\/progettotouring.it\/radiotouring104\/#website\",\"url\":\"https:\/\/progettotouring.it\/radiotouring104\/\",\"name\":\"Radio Touring 104\",\"description\":\"La prima radio Reggina\",\"publisher\":{\"@id\":\"https:\/\/progettotouring.it\/radiotouring104\/#organization\"},\"potentialAction\":[{\"@type\":\"SearchAction\",\"target\":{\"@type\":\"EntryPoint\",\"urlTemplate\":\"https:\/\/progettotouring.it\/radiotouring104\/?s={search_term_string}\"},\"query-input\":{\"@type\":\"PropertyValueSpecification\",\"valueRequired\":true,\"valueName\":\"search_term_string\"}}],\"inLanguage\":\"it-IT\"},{\"@type\":\"Organization\",\"@id\":\"https:\/\/progettotouring.it\/radiotouring104\/#organization\",\"name\":\"Radio Touring 104\",\"url\":\"https:\/\/progettotouring.it\/radiotouring104\/\",\"logo\":{\"@type\":\"ImageObject\",\"inLanguage\":\"it-IT\",\"@id\":\"https:\/\/progettotouring.it\/radiotouring104\/#\/schema\/logo\/image\/\",\"url\":\"https:\/\/progettotouring.it\/radiotouring104\/wp-content\/uploads\/sites\/6\/2022\/02\/cropped-logo-radio-touring-104.png\",\"contentUrl\":\"https:\/\/progettotouring.it\/radiotouring104\/wp-content\/uploads\/sites\/6\/2022\/02\/cropped-logo-radio-touring-104.png\",\"width\":377,\"height\":182,\"caption\":\"Radio Touring 104\"},\"image\":{\"@id\":\"https:\/\/progettotouring.it\/radiotouring104\/#\/schema\/logo\/image\/\"}},{\"@type\":\"Person\",\"@id\":\"https:\/\/progettotouring.it\/radiotouring104\/#\/schema\/person\/4a82259ca52ac8702ad1a8f9e5a3120b\",\"name\":\"Filippo Francesco Idone\",\"image\":{\"@type\":\"ImageObject\",\"inLanguage\":\"it-IT\",\"@id\":\"https:\/\/secure.gravatar.com\/avatar\/7268715d2366395c3dd314385670e6484117d44f5c442e61e230f7008b7b62d3?s=96&d=mm&r=g\",\"url\":\"https:\/\/secure.gravatar.com\/avatar\/7268715d2366395c3dd314385670e6484117d44f5c442e61e230f7008b7b62d3?s=96&d=mm&r=g\",\"contentUrl\":\"https:\/\/secure.gravatar.com\/avatar\/7268715d2366395c3dd314385670e6484117d44f5c442e61e230f7008b7b62d3?s=96&d=mm&r=g\",\"caption\":\"Filippo Francesco Idone\"},\"url\":\"https:\/\/progettotouring.it\/radiotouring104\/author\/filippoidone\/\"}]}<\/script>\n<!-- \/ Yoast SEO plugin. -->","yoast_head_json":{"title":"Anas: 140 mila veicoli sull'A2 Autostrada del Mediterraneo - Radio Touring 104","description":"Sono circa 140 mila le transizioni di veicoli sulla A2 Autostrada del Mediterraneo durante questo finesettimana","robots":{"index":"index","follow":"follow","max-snippet":"max-snippet:-1","max-image-preview":"max-image-preview:large","max-video-preview":"max-video-preview:-1"},"canonical":"https:\/\/progettotouring.it\/radiotouring104\/2023\/07\/30\/anas-140-mila-veicoli-sulla2-autostrada-del-mediterraneo\/","og_locale":"it_IT","og_type":"article","og_title":"Anas: 140 mila veicoli sull'A2 Autostrada del Mediterraneo - Radio Touring 104","og_description":"Sono circa 140 mila le transizioni di veicoli sulla A2 Autostrada del Mediterraneo durante questo finesettimana","og_url":"https:\/\/progettotouring.it\/radiotouring104\/2023\/07\/30\/anas-140-mila-veicoli-sulla2-autostrada-del-mediterraneo\/","og_site_name":"Radio Touring 104","article_published_time":"2023-07-30T15:35:07+00:00","article_modified_time":"2023-07-30T16:19:01+00:00","og_image":[{"width":420,"height":252,"url":"https:\/\/progettotouring.it\/radiotouring104\/wp-content\/uploads\/sites\/6\/2022\/06\/anas-420x252-1.jpg","type":"image\/jpeg"}],"author":"Filippo Francesco Idone","twitter_card":"summary_large_image","twitter_misc":{"Scritto da":"Filippo Francesco Idone","Tempo di lettura stimato":"4 minuti"},"schema":{"@context":"https:\/\/schema.org","@graph":[{"@type":"Article","@id":"https:\/\/progettotouring.it\/radiotouring104\/2023\/07\/30\/anas-140-mila-veicoli-sulla2-autostrada-del-mediterraneo\/#article","isPartOf":{"@id":"https:\/\/progettotouring.it\/radiotouring104\/2023\/07\/30\/anas-140-mila-veicoli-sulla2-autostrada-del-mediterraneo\/"},"author":{"name":"Filippo Francesco Idone","@id":"https:\/\/progettotouring.it\/radiotouring104\/#\/schema\/person\/4a82259ca52ac8702ad1a8f9e5a3120b"},"headline":"Anas: 140 mila veicoli sull&#8217;A2 Autostrada del Mediterraneo","datePublished":"2023-07-30T15:35:07+00:00","dateModified":"2023-07-30T16:19:01+00:00","mainEntityOfPage":{"@id":"https:\/\/progettotouring.it\/radiotouring104\/2023\/07\/30\/anas-140-mila-veicoli-sulla2-autostrada-del-mediterraneo\/"},"wordCount":815,"publisher":{"@id":"https:\/\/progettotouring.it\/radiotouring104\/#organization"},"image":{"@id":"https:\/\/progettotouring.it\/radiotouring104\/2023\/07\/30\/anas-140-mila-veicoli-sulla2-autostrada-del-mediterraneo\/#primaryimage"},"thumbnailUrl":"https:\/\/progettotouring.it\/radiotouring104\/wp-content\/uploads\/sites\/6\/2022\/06\/anas-420x252-1.jpg","keywords":["A2 'Autostrada del Mediterraneo'","anas","Messina","reggio calabria","Sicilia","villa san giovanni"],"articleSection":["Home","News","Reggio Calabria"],"inLanguage":"it-IT"},{"@type":"WebPage","@id":"https:\/\/progettotouring.it\/radiotouring104\/2023\/07\/30\/anas-140-mila-veicoli-sulla2-autostrada-del-mediterraneo\/","url":"https:\/\/progettotouring.it\/radiotouring104\/2023\/07\/30\/anas-140-mila-veicoli-sulla2-autostrada-del-mediterraneo\/","name":"Anas: 140 mila veicoli sull'A2 Autostrada del Mediterraneo - Radio Touring 104","isPartOf":{"@id":"https:\/\/progettotouring.it\/radiotouring104\/#website"},"primaryImageOfPage":{"@id":"https:\/\/progettotouring.it\/radiotouring104\/2023\/07\/30\/anas-140-mila-veicoli-sulla2-autostrada-del-mediterraneo\/#primaryimage"},"image":{"@id":"https:\/\/progettotouring.it\/radiotouring104\/2023\/07\/30\/anas-140-mila-veicoli-sulla2-autostrada-del-mediterraneo\/#primaryimage"},"thumbnailUrl":"https:\/\/progettotouring.it\/radiotouring104\/wp-content\/uploads\/sites\/6\/2022\/06\/anas-420x252-1.jpg","datePublished":"2023-07-30T15:35:07+00:00","dateModified":"2023-07-30T16:19:01+00:00","description":"Sono circa 140 mila le transizioni di veicoli sulla A2 Autostrada del Mediterraneo durante questo finesettimana","breadcrumb":{"@id":"https:\/\/progettotouring.it\/radiotouring104\/2023\/07\/30\/anas-140-mila-veicoli-sulla2-autostrada-del-mediterraneo\/#breadcrumb"},"inLanguage":"it-IT","potentialAction":[{"@type":"ReadAction","target":["https:\/\/progettotouring.it\/radiotouring104\/2023\/07\/30\/anas-140-mila-veicoli-sulla2-autostrada-del-mediterraneo\/"]}]},{"@type":"ImageObject","inLanguage":"it-IT","@id":"https:\/\/progettotouring.it\/radiotouring104\/2023\/07\/30\/anas-140-mila-veicoli-sulla2-autostrada-del-mediterraneo\/#primaryimage","url":"https:\/\/progettotouring.it\/radiotouring104\/wp-content\/uploads\/sites\/6\/2022\/06\/anas-420x252-1.jpg","contentUrl":"https:\/\/progettotouring.it\/radiotouring104\/wp-content\/uploads\/sites\/6\/2022\/06\/anas-420x252-1.jpg","width":420,"height":252},{"@type":"BreadcrumbList","@id":"https:\/\/progettotouring.it\/radiotouring104\/2023\/07\/30\/anas-140-mila-veicoli-sulla2-autostrada-del-mediterraneo\/#breadcrumb","itemListElement":[{"@type":"ListItem","position":1,"name":"Home","item":"https:\/\/progettotouring.it\/radiotouring104\/"},{"@type":"ListItem","position":2,"name":"Anas: 140 mila veicoli sull&#8217;A2 Autostrada del Mediterraneo"}]},{"@type":"WebSite","@id":"https:\/\/progettotouring.it\/radiotouring104\/#website","url":"https:\/\/progettotouring.it\/radiotouring104\/","name":"Radio Touring 104","description":"La prima radio Reggina","publisher":{"@id":"https:\/\/progettotouring.it\/radiotouring104\/#organization"},"potentialAction":[{"@type":"SearchAction","target":{"@type":"EntryPoint","urlTemplate":"https:\/\/progettotouring.it\/radiotouring104\/?s={search_term_string}"},"query-input":{"@type":"PropertyValueSpecification","valueRequired":true,"valueName":"search_term_string"}}],"inLanguage":"it-IT"},{"@type":"Organization","@id":"https:\/\/progettotouring.it\/radiotouring104\/#organization","name":"Radio Touring 104","url":"https:\/\/progettotouring.it\/radiotouring104\/","logo":{"@type":"ImageObject","inLanguage":"it-IT","@id":"https:\/\/progettotouring.it\/radiotouring104\/#\/schema\/logo\/image\/","url":"https:\/\/progettotouring.it\/radiotouring104\/wp-content\/uploads\/sites\/6\/2022\/02\/cropped-logo-radio-touring-104.png","contentUrl":"https:\/\/progettotouring.it\/radiotouring104\/wp-content\/uploads\/sites\/6\/2022\/02\/cropped-logo-radio-touring-104.png","width":377,"height":182,"caption":"Radio Touring 104"},"image":{"@id":"https:\/\/progettotouring.it\/radiotouring104\/#\/schema\/logo\/image\/"}},{"@type":"Person","@id":"https:\/\/progettotouring.it\/radiotouring104\/#\/schema\/person\/4a82259ca52ac8702ad1a8f9e5a3120b","name":"Filippo Francesco Idone","image":{"@type":"ImageObject","inLanguage":"it-IT","@id":"https:\/\/secure.gravatar.com\/avatar\/7268715d2366395c3dd314385670e6484117d44f5c442e61e230f7008b7b62d3?s=96&d=mm&r=g","url":"https:\/\/secure.gravatar.com\/avatar\/7268715d2366395c3dd314385670e6484117d44f5c442e61e230f7008b7b62d3?s=96&d=mm&r=g","contentUrl":"https:\/\/secure.gravatar.com\/avatar\/7268715d2366395c3dd314385670e6484117d44f5c442e61e230f7008b7b62d3?s=96&d=mm&r=g","caption":"Filippo Francesco Idone"},"url":"https:\/\/progettotouring.it\/radiotouring104\/author\/filippoidone\/"}]}},"jetpack_publicize_connections":[],"jetpack_featured_media_url":"https:\/\/progettotouring.it\/radiotouring104\/wp-content\/uploads\/sites\/6\/2022\/06\/anas-420x252-1.jpg","jetpack_sharing_enabled":true,"_links":{"self":[{"href":"https:\/\/progettotouring.it\/radiotouring104\/wp-json\/wp\/v2\/posts\/31475","targetHints":{"allow":["GET"]}}],"collection":[{"href":"https:\/\/progettotouring.it\/radiotouring104\/wp-json\/wp\/v2\/posts"}],"about":[{"href":"https:\/\/progettotouring.it\/radiotouring104\/wp-json\/wp\/v2\/types\/post"}],"author":[{"embeddable":true,"href":"https:\/\/progettotouring.it\/radiotouring104\/wp-json\/wp\/v2\/users\/8"}],"replies":[{"embeddable":true,"href":"https:\/\/progettotouring.it\/radiotouring104\/wp-json\/wp\/v2\/comments?post=31475"}],"version-history":[{"count":1,"href":"https:\/\/progettotouring.it\/radiotouring104\/wp-json\/wp\/v2\/posts\/31475\/revisions"}],"predecessor-version":[{"id":31476,"href":"https:\/\/progettotouring.it\/radiotouring104\/wp-json\/wp\/v2\/posts\/31475\/revisions\/31476"}],"wp:featuredmedia":[{"embeddable":true,"href":"https:\/\/progettotouring.it\/radiotouring104\/wp-json\/wp\/v2\/media\/6828"}],"wp:attachment":[{"href":"https:\/\/progettotouring.it\/radiotouring104\/wp-json\/wp\/v2\/media?parent=31475"}],"wp:term":[{"taxonomy":"category","embeddable":true,"href":"https:\/\/progettotouring.it\/radiotouring104\/wp-json\/wp\/v2\/categories?post=31475"},{"taxonomy":"post_tag","embeddable":true,"href":"https:\/\/progettotouring.it\/radiotouring104\/wp-json\/wp\/v2\/tags?post=31475"}],"curies":[{"name":"wp","href":"https:\/\/api.w.org\/{rel}","templated":true}]}}