{"id":31480,"date":"2023-07-31T09:19:54","date_gmt":"2023-07-31T07:19:54","guid":{"rendered":"https:\/\/progettotouring.it\/radiotouring104\/?p=31480"},"modified":"2023-07-31T12:35:08","modified_gmt":"2023-07-31T10:35:08","slug":"comitato-di-quartiere-mosorrofa-non-dimentica-lincendio-del-25-luglio","status":"publish","type":"post","link":"https:\/\/progettotouring.it\/radiotouring104\/2023\/07\/31\/comitato-di-quartiere-mosorrofa-non-dimentica-lincendio-del-25-luglio\/","title":{"rendered":"Comitato di Quartiere Mosorrofa non dimentica l&#8217;incendio del 25 Luglio"},"content":{"rendered":"<div id=\"penci-post-gallery__15831\" class=\"penci-post-gallery-container justified column-3\" data-height=\"150\" data-margin=\"3\"><a class=\"penci-gallery-ite item-gallery-justified\" href=\"https:\/\/progettotouring.it\/radiotouring104\/wp-content\/uploads\/sites\/6\/2023\/07\/Comitato-mosorrofa-incendi-1.jpeg\"><img decoding=\"async\" src=\"https:\/\/progettotouring.it\/radiotouring104\/wp-content\/uploads\/sites\/6\/2023\/07\/Comitato-mosorrofa-incendi-1-585x439.jpeg\" alt=\"\" title=\"Comitato mosorrofa incendi (1)\"><\/a><a class=\"penci-gallery-ite item-gallery-justified\" href=\"https:\/\/progettotouring.it\/radiotouring104\/wp-content\/uploads\/sites\/6\/2023\/07\/Comitato-mosorrofa-incendi-2.jpeg\"><img decoding=\"async\" src=\"https:\/\/progettotouring.it\/radiotouring104\/wp-content\/uploads\/sites\/6\/2023\/07\/Comitato-mosorrofa-incendi-2-585x390.jpeg\" alt=\"\" title=\"Comitato mosorrofa incendi (2)\"><\/a><a class=\"penci-gallery-ite item-gallery-justified\" href=\"https:\/\/progettotouring.it\/radiotouring104\/wp-content\/uploads\/sites\/6\/2023\/07\/Comitato-mosorrofa-incendi-3.jpeg\"><img decoding=\"async\" src=\"https:\/\/progettotouring.it\/radiotouring104\/wp-content\/uploads\/sites\/6\/2023\/07\/Comitato-mosorrofa-incendi-3-585x390.jpeg\" alt=\"\" title=\"Comitato mosorrofa incendi (3)\"><\/a><a class=\"penci-gallery-ite item-gallery-justified\" href=\"https:\/\/progettotouring.it\/radiotouring104\/wp-content\/uploads\/sites\/6\/2023\/07\/Comitato-mosorrofa-incendi-4.jpeg\"><img decoding=\"async\" src=\"https:\/\/progettotouring.it\/radiotouring104\/wp-content\/uploads\/sites\/6\/2023\/07\/Comitato-mosorrofa-incendi-4-585x390.jpeg\" alt=\"\" title=\"Comitato mosorrofa incendi (4)\"><\/a><a class=\"penci-gallery-ite item-gallery-justified\" href=\"https:\/\/progettotouring.it\/radiotouring104\/wp-content\/uploads\/sites\/6\/2023\/07\/Comitato-mosorrofa-incendi-5.jpeg\"><img decoding=\"async\" src=\"https:\/\/progettotouring.it\/radiotouring104\/wp-content\/uploads\/sites\/6\/2023\/07\/Comitato-mosorrofa-incendi-5-585x390.jpeg\" alt=\"\" title=\"Comitato mosorrofa incendi (5)\"><\/a><a class=\"penci-gallery-ite item-gallery-justified\" href=\"https:\/\/progettotouring.it\/radiotouring104\/wp-content\/uploads\/sites\/6\/2023\/07\/Comitato-Mosorrofa-incendi.jpeg\"><img decoding=\"async\" src=\"https:\/\/progettotouring.it\/radiotouring104\/wp-content\/uploads\/sites\/6\/2023\/07\/Comitato-Mosorrofa-incendi-585x780.jpeg\" alt=\"\" title=\"Comitato Mosorrofa incendi\"><\/a><a class=\"penci-gallery-ite item-gallery-justified\" href=\"https:\/\/progettotouring.it\/radiotouring104\/wp-content\/uploads\/sites\/6\/2023\/07\/WhatsApp-Image-2023-07-31-at-11.37.18-2.jpeg\"><img decoding=\"async\" src=\"https:\/\/progettotouring.it\/radiotouring104\/wp-content\/uploads\/sites\/6\/2023\/07\/WhatsApp-Image-2023-07-31-at-11.37.18-2-585x439.jpeg\" alt=\"\" title=\"WhatsApp Image 2023-07-31 at 11.37.18 (2)\"><\/a><a class=\"penci-gallery-ite item-gallery-justified\" href=\"https:\/\/progettotouring.it\/radiotouring104\/wp-content\/uploads\/sites\/6\/2023\/07\/WhatsApp-Image-2023-07-31-at-11.37.18-1.jpeg\"><img decoding=\"async\" src=\"https:\/\/progettotouring.it\/radiotouring104\/wp-content\/uploads\/sites\/6\/2023\/07\/WhatsApp-Image-2023-07-31-at-11.37.18-1-585x390.jpeg\" alt=\"\" title=\"WhatsApp Image 2023-07-31 at 11.37.18 (1)\"><\/a><a class=\"penci-gallery-ite item-gallery-justified\" href=\"https:\/\/progettotouring.it\/radiotouring104\/wp-content\/uploads\/sites\/6\/2023\/07\/WhatsApp-Image-2023-07-31-at-11.37.18.jpeg\"><img decoding=\"async\" src=\"https:\/\/progettotouring.it\/radiotouring104\/wp-content\/uploads\/sites\/6\/2023\/07\/WhatsApp-Image-2023-07-31-at-11.37.18-585x390.jpeg\" alt=\"\" title=\"WhatsApp Image 2023-07-31 at 11.37.18\"><\/a><a class=\"penci-gallery-ite item-gallery-justified\" href=\"https:\/\/progettotouring.it\/radiotouring104\/wp-content\/uploads\/sites\/6\/2023\/07\/WhatsApp-Image-2023-07-31-at-11.38.28-1.jpeg\"><img decoding=\"async\" src=\"https:\/\/progettotouring.it\/radiotouring104\/wp-content\/uploads\/sites\/6\/2023\/07\/WhatsApp-Image-2023-07-31-at-11.38.28-1-585x780.jpeg\" alt=\"\" title=\"WhatsApp Image 2023-07-31 at 11.38.28 (1)\"><\/a><a class=\"penci-gallery-ite item-gallery-justified\" href=\"https:\/\/progettotouring.it\/radiotouring104\/wp-content\/uploads\/sites\/6\/2023\/07\/WhatsApp-Image-2023-07-31-at-11.37.19-3.jpeg\"><img decoding=\"async\" src=\"https:\/\/progettotouring.it\/radiotouring104\/wp-content\/uploads\/sites\/6\/2023\/07\/WhatsApp-Image-2023-07-31-at-11.37.19-3-585x269.jpeg\" alt=\"\" title=\"WhatsApp Image 2023-07-31 at 11.37.19 (3)\"><\/a><a class=\"penci-gallery-ite item-gallery-justified\" href=\"https:\/\/progettotouring.it\/radiotouring104\/wp-content\/uploads\/sites\/6\/2023\/07\/WhatsApp-Image-2023-07-31-at-11.37.19-2.jpeg\"><img decoding=\"async\" src=\"https:\/\/progettotouring.it\/radiotouring104\/wp-content\/uploads\/sites\/6\/2023\/07\/WhatsApp-Image-2023-07-31-at-11.37.19-2-585x780.jpeg\" alt=\"\" title=\"WhatsApp Image 2023-07-31 at 11.37.19 (2)\"><\/a><a class=\"penci-gallery-ite item-gallery-justified\" href=\"https:\/\/progettotouring.it\/radiotouring104\/wp-content\/uploads\/sites\/6\/2023\/07\/WhatsApp-Image-2023-07-31-at-11.37.19-1.jpeg\"><img decoding=\"async\" src=\"https:\/\/progettotouring.it\/radiotouring104\/wp-content\/uploads\/sites\/6\/2023\/07\/WhatsApp-Image-2023-07-31-at-11.37.19-1-585x390.jpeg\" alt=\"\" title=\"WhatsApp Image 2023-07-31 at 11.37.19 (1)\"><\/a><a class=\"penci-gallery-ite item-gallery-justified\" href=\"https:\/\/progettotouring.it\/radiotouring104\/wp-content\/uploads\/sites\/6\/2023\/07\/WhatsApp-Image-2023-07-31-at-11.37.19.jpeg\"><img decoding=\"async\" src=\"https:\/\/progettotouring.it\/radiotouring104\/wp-content\/uploads\/sites\/6\/2023\/07\/WhatsApp-Image-2023-07-31-at-11.37.19-585x390.jpeg\" alt=\"\" title=\"WhatsApp Image 2023-07-31 at 11.37.19\"><\/a><a class=\"penci-gallery-ite item-gallery-justified\" href=\"https:\/\/progettotouring.it\/radiotouring104\/wp-content\/uploads\/sites\/6\/2023\/07\/WhatsApp-Image-2023-07-31-at-11.38.28.jpeg\"><img decoding=\"async\" src=\"https:\/\/progettotouring.it\/radiotouring104\/wp-content\/uploads\/sites\/6\/2023\/07\/WhatsApp-Image-2023-07-31-at-11.38.28-585x780.jpeg\" alt=\"\" title=\"WhatsApp Image 2023-07-31 at 11.38.28\"><\/a><\/div>\n<p style=\"text-align: justify\">&#8220;<strong>25 luglio 2023 una data che gli abitanti di Mosorrofa non dimenticheranno facilmente<\/strong>.<\/p>\n<p style=\"text-align: justify\">Gi\u00e0 dalla mattinata il fuoco aveva devastato Sala di Mosorrofa e zone limitrofe. Tirava un forte vento e le fiamme si sono propagate velocemente fino a raggiungere il centro abitato di Mosorrofa avvolgendolo in una morsa di fuoco. La pericolosit\u00e0 dell\u2019incendio che ha messo a rischio tutta la popolazione ha avuto il suo apice verso le 14.00 quando hanno preso fuoco due palazzi in pieno centro. I cittadini di Mosorrofa si chiedono come \u00e8 possibile che un centro abitato \u00e8 stato lasciato bruciare. Due giorno dopo si \u00e8 svolto un incontro tra gli abitanti per una riflessione sul pericolo incendio ma soprattutto si \u00e8 cercato di analizzare le cause della mancata protezione che sono evidenziate in questo comunicato. Innanzitutto vogliamo far sentire la nostra vicinanza alle famiglie che hanno perso la casa, frutto di sacrifici e anni di lavoro, e far arrivare la nostra solidariet\u00e0 ai vicini di Cardeto che hanno pagato, in modo assurdo i danni dell\u2019incendio, anche con una vita umana e due ustionati gravi. Vogliamo esprimere il nostro sentito ringraziamento ai Vigili del Fuoco, arrivati anche da fuori provincia e regione;<strong> ai Carabinieri della caserma di Cataforio,<\/strong> che non si sono tirati indietro nel duro lavoro per arginare il fuoco; ed anche agli uomini di Calabria verde. Soprattutto un plauso va ai tanti volontari, ai giovani, del paese che si sono spesi per salvare non solo le loro propriet\u00e0 ma anche quella degli altri. In questo frangente \u00e8 venuta fuori ancora una volta la generosit\u00e0 e il senso di comunit\u00e0 e solidariet\u00e0 che si vive a Mosorrofa. Ringraziamo il nostro <strong>Arcivescovo Mons. Fortunato Morrone<\/strong> che, con una telefonata al parroco don Mimmo Labella, ha manifestato la sua vicinanza a tutto il popolo di Mosorrofa. Le testimonianze raccolte, indicano alcune mancanze ed inadempienze gravissime che, se fossero state ottemperate dagli amministratori a tutti i livelli, avrebbero potuto indirizzare il triste e pericoloso evento in una direzione diversa e, sicuramente, meno grave. Innanzitutto \u00e8 stata gravissima la mancanza d\u2019acqua. Gi\u00e0 da quasi un mese Mosorrofa ha l\u2019acqua razionata, un paio d\u2019ore al giorno. Paradossalmente, per\u00f2, c\u2019\u00e8, in contrada Placa, da parecchi mesi o forse da sempre, una enorme perdita dovuta al \u201ctroppo pieno\u201d nella vasca di passaggio nella risalita dell\u2019acqua dai pozzi all\u2019acquedotto che nessuno, chi di dovere, si \u00e8 preoccupato a riparare, nonostante le varie denunce fatte anche da una famiglia che abita vicino \u00e8 sta vedendo erodere il terreno sotto i propri muri di sostegno. La cosa per\u00f2 che ci lascia esterrefatti \u00e8 stato che, durante l\u2019incendio, i pompieri hanno attaccato le pompe alle colonnine di emergenza non trovando acqua. Sono andati all\u2019acquedotto,sito a Sella San Giovanni, e non c\u2019era acqua! Questa incredibile situazione, come si pu\u00f2 ben capire, ha causato evidenti e pericolosi ritardi nell\u2019opera di spegnimento dei Vigili del Fuoco poich\u00e9 dovevano fare la spola da e verso la citt\u00e0 di Reggio Calabria per rifornirsi d\u2019acqua. Sono state richieste autobotti ma, a quanto racconta un cittadino, ne \u00e8 arrivata una alle 14.30 circa, l\u2019altra \u00e8 arrivata dopo pi\u00f9 di 4-5 ore! Un altro cittadino racconta che \u00e8 stato chiesto l\u2019intervento della Croce Rossa per far mettere un posto di soccorso; la responsabile della Croce Rossa si \u00e8 detta disponibile ma necessitava l\u2019attivazione da parte della prefettura che non \u00e8 arrivata o ha tardato ad arrivare. Nei palazzi che si sono bruciati, il fuoco \u00e8 arrivato dalla localit\u00e0 Bufano, gi\u00e0 nota a tutti perch\u00e9 l\u00ec doveva nascere un campo sportivo prima e un centro ludico e polifunzionale dopo, ma, oltre il danno la beffa: non solo non abbiamo mai avuto un\u2019area da fruire e da volano per far crescere il paese ma, dove prima c\u2019era un rigoglioso uliveto secolare, adesso, dopo l\u2019esproprio del Comune, vi era una selva di arbusti, erbacce, canneti che ha alimentato, ravvivato e ingigantito il fuoco e lo ha portato a lambire la strada principale del paese fin dentro le case. Stesso discorso si pu\u00f2 fare per l\u2019ex campo sportivo: da quando \u00e8 tornato nella disponibilit\u00e0 dell\u2019amministrazione comunale \u00e8 diventato una foresta con enormi alberi e arbusti, anche questo fonte di pericolosit\u00e0 che ha veicolato il fuoco che per fortuna, grazie ai volontari \u00e8 stato fermato alle porte delle abitazioni. I cittadini del rione Strapunti che si affaccia sulla enorme discarica a cielo aperto in localit\u00e0 Puzzu si sono recati dai Carabinieri chiedendo consiglio sul da farsi perch\u00e9 il rogo che ha interessato questa discarica ha prodotto e continua a produrre rilascio di fumi (diossina?) che sta intossicando tutti. Per questa discarica \u00e8 da anni che chiediamo la bonifica. Il sindaco Falcomat\u00e0, il f.f. Brunetti, che ha fatto pure un sopralluogo, e il Prefetto sono a conoscenza dell\u2019enorme rischio ecologico che portava con s\u00e9 ma non si \u00e8 fatto niente! Anni fa il gruppo Attivamente con Libera aveva presentato una denuncia alla Procura della Repubblica ma se ne sono perse le tracce. Ora ci ha pensato il fuoco a bonificarla della parte combustibile, ma rimane tutto il resto, mettendo a serio pericolo sanitario tutta la popolazione. Noi chiediamo che venga immediatamente ripulita e che vengano messe in campo le forze necessarie per impedire ai delinquenti che sversavano l\u00e0 i loro rifiuti di reiterare il reato. Il comandante della caserma dei Carabinieri di Cataforio si \u00e8 solertemente attivato inviando subito un sopralluogo dei Carabinieri Forestali che hanno valutato la situazione e il da farsi. Sono stati accompagnati sul posto da quasi tutti i giovani che vivono in quel rione. Chiediamo a chi di dovere (ARPACAL o ASL) di attivarsi per la valutazione del rischio di inquinamento post incendio, stimare il livello di potenziale intossicazione e qualit\u00e0 dell\u2019aria. Chiediamo altres\u00ec, un monitoraggio per eventuali, prossimi smottamenti e frane che sicuramente ci saranno alle prime piogge. Ma la riflessione sull\u2019incendio \u00e8 andata oltre: \u00e8 mancato l\u2019ordine pubblico! Il Comune ha mandato la Polizia Municipale con notevole ritardo. Siamo ben consci, ovviamente, che le colpe non stanno solo in loco, la Regione Calabria in primis \u00e8 responsabile della protezione antincendi, della gestione degli ex forestali, dell\u2019assetto sanitario e dalla salubrit\u00e0 dell\u2019area. Si far\u00e0 qualcosa di concreto? La pulizia dei bordi delle strade campestre e mulattiere, oltre che di quelle principali; La sistemazione e la gestione dei terreni demaniali boschivi\u2026 si pu\u00f2 fare oppure no? Gli incendi e la salvaguardia delle popolazioni \u00e8 anche un problema nazionale, del quale i vari governi che si sono succeduti non hanno mai considerato in modo razionale in quanto \u00e8 evidente il numero ridotto dei vigili, la non trasparente gestione dei Canadair e altro. Il sindaco f.f. Brunetti ha dato solidariet\u00e0 a tutta la popolazione e ha chiesto, con voto unanime di maggioranza e minoranza, lo stato di calamit\u00e0 naturale. Mosorrofa non si accontenta della solidariet\u00e0, sono anni che subisce soprusi e torti da tutte le amministrazioni comunali che si sono succedute, vuole rinascere, ridiventare la terra rigogliosa e bella di un tempo quando dai paesi vicini e a volte anche dalla citt\u00e0 venivano a vedere il cinema, a gustare un ottimo gelato e a fare le gite fuori porta. Pertanto, la popolazione ha deciso di indire una manifestazione in PIAZZA SAN DEMETRIO a MOSORROFA mercoled\u00ec 2 agosto alle ore 18.30. Tutti sono invitati a partecipare, ci saranno testimonianze di chi ha vissuto il dramma, riflessioni per lo sviluppo futuro ma soprattutto sar\u00e0 un modo per testimoniare il grande desiderio che ha il mosorrofano di rimboccarsi le maniche e lavorare per la rinascita. Chiediamo a tutte le autorit\u00e0, a tutti i livelli, di mettersi una mano sulla coscienza e di contribuire fattivamente con atti amministrativi seri e puntuali a questa rinascita. A testimoniare la voglia di rinascita e lo spirito indomito dei mosorrofani ci ha pensato stamattina la Banda Musicale del Paese che ha fatto il giro dei luoghi interessati dal rogo facendo dei mini concerti. Ringraziamo i giornalisti per il loro lavoro e li Invitiamo a partecipare, vogliamo condividere con loro il nostro dolore e la nostra speranza, siamo disposti a rispondere in piazza ad ogni domanda e\/o sollecitazione.<\/p>\n","protected":false},"excerpt":{"rendered":"<p>&#8220;25 luglio 2023 una data che gli abitanti di Mosorrofa non dimenticheranno facilmente. Gi\u00e0 dalla mattinata il fuoco aveva devastato Sala di Mosorrofa e zone limitrofe. Tirava un forte vento&hellip;<\/p>\n","protected":false},"author":12,"featured_media":31168,"comment_status":"closed","ping_status":"open","sticky":false,"template":"","format":"standard","meta":{"_jetpack_memberships_contains_paid_content":false,"footnotes":"","jetpack_publicize_message":"","jetpack_publicize_feature_enabled":true,"jetpack_social_post_already_shared":false,"jetpack_social_options":{"image_generator_settings":{"template":"highway","default_image_id":0,"font":"","enabled":false},"version":2}},"categories":[921,196,140],"tags":[19634,19635,19632,19633],"class_list":["post-31480","post","type-post","status-publish","format-standard","has-post-thumbnail","hentry","category-home","category-news","category-reggio-calabria","tag-ai-carabinieri-della-caserma-di-cataforio","tag-arcivescovo-mons-fortunato-morrone","tag-comitato-quartiere-mosorrofa","tag-incendio-25-luglio"],"yoast_head":"<!-- This site is optimized with the Yoast SEO plugin v27.2 - https:\/\/yoast.com\/product\/yoast-seo-wordpress\/ -->\n<title>Comitato Mosorrofa non dimentica l&#039;incendio del 25 Luglio<\/title>\n<meta name=\"description\" content=\"Comunicato del Comitato di quartiere di Mosorrofa sul devastante incendio del 25 luglio: &quot;Una data che non dimenticheremo facilmente&quot;\" \/>\n<meta name=\"robots\" content=\"index, follow, max-snippet:-1, max-image-preview:large, max-video-preview:-1\" \/>\n<link rel=\"canonical\" href=\"https:\/\/progettotouring.it\/radiotouring104\/2023\/07\/31\/comitato-di-quartiere-mosorrofa-non-dimentica-lincendio-del-25-luglio\/\" \/>\n<meta property=\"og:locale\" content=\"it_IT\" \/>\n<meta property=\"og:type\" content=\"article\" \/>\n<meta property=\"og:title\" content=\"Comitato Mosorrofa non dimentica l&#039;incendio del 25 Luglio\" \/>\n<meta property=\"og:description\" content=\"Comunicato del Comitato di quartiere di Mosorrofa sul devastante incendio del 25 luglio: &quot;Una data che non dimenticheremo facilmente&quot;\" \/>\n<meta property=\"og:url\" content=\"https:\/\/progettotouring.it\/radiotouring104\/2023\/07\/31\/comitato-di-quartiere-mosorrofa-non-dimentica-lincendio-del-25-luglio\/\" \/>\n<meta property=\"og:site_name\" content=\"Radio Touring 104\" \/>\n<meta property=\"article:published_time\" content=\"2023-07-31T07:19:54+00:00\" \/>\n<meta property=\"article:modified_time\" content=\"2023-07-31T10:35:08+00:00\" \/>\n<meta property=\"og:image\" content=\"https:\/\/progettotouring.it\/radiotouring104\/wp-content\/uploads\/sites\/6\/2023\/07\/WhatsApp-Image-2023-07-25-at-19.03.15-e1690306361379.jpeg\" \/>\n\t<meta property=\"og:image:width\" content=\"768\" \/>\n\t<meta property=\"og:image:height\" content=\"532\" \/>\n\t<meta property=\"og:image:type\" content=\"image\/jpeg\" \/>\n<meta name=\"author\" content=\"Sebastiano Plutino\" \/>\n<meta name=\"twitter:card\" content=\"summary_large_image\" \/>\n<meta name=\"twitter:label1\" content=\"Scritto da\" \/>\n\t<meta name=\"twitter:data1\" content=\"Sebastiano Plutino\" \/>\n\t<meta name=\"twitter:label2\" content=\"Tempo di lettura stimato\" \/>\n\t<meta name=\"twitter:data2\" content=\"7 minuti\" \/>\n<script type=\"application\/ld+json\" class=\"yoast-schema-graph\">{\"@context\":\"https:\/\/schema.org\",\"@graph\":[{\"@type\":\"Article\",\"@id\":\"https:\/\/progettotouring.it\/radiotouring104\/2023\/07\/31\/comitato-di-quartiere-mosorrofa-non-dimentica-lincendio-del-25-luglio\/#article\",\"isPartOf\":{\"@id\":\"https:\/\/progettotouring.it\/radiotouring104\/2023\/07\/31\/comitato-di-quartiere-mosorrofa-non-dimentica-lincendio-del-25-luglio\/\"},\"author\":{\"name\":\"Sebastiano Plutino\",\"@id\":\"https:\/\/progettotouring.it\/radiotouring104\/#\/schema\/person\/78613917f1851f041f7483f5af1d422e\"},\"headline\":\"Comitato di Quartiere Mosorrofa non dimentica l&#8217;incendio del 25 Luglio\",\"datePublished\":\"2023-07-31T07:19:54+00:00\",\"dateModified\":\"2023-07-31T10:35:08+00:00\",\"mainEntityOfPage\":{\"@id\":\"https:\/\/progettotouring.it\/radiotouring104\/2023\/07\/31\/comitato-di-quartiere-mosorrofa-non-dimentica-lincendio-del-25-luglio\/\"},\"wordCount\":1351,\"publisher\":{\"@id\":\"https:\/\/progettotouring.it\/radiotouring104\/#organization\"},\"image\":{\"@id\":\"https:\/\/progettotouring.it\/radiotouring104\/2023\/07\/31\/comitato-di-quartiere-mosorrofa-non-dimentica-lincendio-del-25-luglio\/#primaryimage\"},\"thumbnailUrl\":\"https:\/\/progettotouring.it\/radiotouring104\/wp-content\/uploads\/sites\/6\/2023\/07\/WhatsApp-Image-2023-07-25-at-19.03.15-e1690306361379.jpeg\",\"keywords\":[\"ai Carabinieri della caserma di Cataforio\",\"Arcivescovo Mons. Fortunato Morrone\",\"Comitato quartiere Mosorrofa\",\"incendio 25 luglio\"],\"articleSection\":[\"Home\",\"News\",\"Reggio Calabria\"],\"inLanguage\":\"it-IT\"},{\"@type\":\"WebPage\",\"@id\":\"https:\/\/progettotouring.it\/radiotouring104\/2023\/07\/31\/comitato-di-quartiere-mosorrofa-non-dimentica-lincendio-del-25-luglio\/\",\"url\":\"https:\/\/progettotouring.it\/radiotouring104\/2023\/07\/31\/comitato-di-quartiere-mosorrofa-non-dimentica-lincendio-del-25-luglio\/\",\"name\":\"Comitato Mosorrofa non dimentica l'incendio del 25 Luglio\",\"isPartOf\":{\"@id\":\"https:\/\/progettotouring.it\/radiotouring104\/#website\"},\"primaryImageOfPage\":{\"@id\":\"https:\/\/progettotouring.it\/radiotouring104\/2023\/07\/31\/comitato-di-quartiere-mosorrofa-non-dimentica-lincendio-del-25-luglio\/#primaryimage\"},\"image\":{\"@id\":\"https:\/\/progettotouring.it\/radiotouring104\/2023\/07\/31\/comitato-di-quartiere-mosorrofa-non-dimentica-lincendio-del-25-luglio\/#primaryimage\"},\"thumbnailUrl\":\"https:\/\/progettotouring.it\/radiotouring104\/wp-content\/uploads\/sites\/6\/2023\/07\/WhatsApp-Image-2023-07-25-at-19.03.15-e1690306361379.jpeg\",\"datePublished\":\"2023-07-31T07:19:54+00:00\",\"dateModified\":\"2023-07-31T10:35:08+00:00\",\"description\":\"Comunicato del Comitato di quartiere di Mosorrofa sul devastante incendio del 25 luglio: \\\"Una data che non dimenticheremo facilmente\\\"\",\"breadcrumb\":{\"@id\":\"https:\/\/progettotouring.it\/radiotouring104\/2023\/07\/31\/comitato-di-quartiere-mosorrofa-non-dimentica-lincendio-del-25-luglio\/#breadcrumb\"},\"inLanguage\":\"it-IT\",\"potentialAction\":[{\"@type\":\"ReadAction\",\"target\":[\"https:\/\/progettotouring.it\/radiotouring104\/2023\/07\/31\/comitato-di-quartiere-mosorrofa-non-dimentica-lincendio-del-25-luglio\/\"]}]},{\"@type\":\"ImageObject\",\"inLanguage\":\"it-IT\",\"@id\":\"https:\/\/progettotouring.it\/radiotouring104\/2023\/07\/31\/comitato-di-quartiere-mosorrofa-non-dimentica-lincendio-del-25-luglio\/#primaryimage\",\"url\":\"https:\/\/progettotouring.it\/radiotouring104\/wp-content\/uploads\/sites\/6\/2023\/07\/WhatsApp-Image-2023-07-25-at-19.03.15-e1690306361379.jpeg\",\"contentUrl\":\"https:\/\/progettotouring.it\/radiotouring104\/wp-content\/uploads\/sites\/6\/2023\/07\/WhatsApp-Image-2023-07-25-at-19.03.15-e1690306361379.jpeg\",\"width\":768,\"height\":532},{\"@type\":\"BreadcrumbList\",\"@id\":\"https:\/\/progettotouring.it\/radiotouring104\/2023\/07\/31\/comitato-di-quartiere-mosorrofa-non-dimentica-lincendio-del-25-luglio\/#breadcrumb\",\"itemListElement\":[{\"@type\":\"ListItem\",\"position\":1,\"name\":\"Home\",\"item\":\"https:\/\/progettotouring.it\/radiotouring104\/\"},{\"@type\":\"ListItem\",\"position\":2,\"name\":\"Comitato di Quartiere Mosorrofa non dimentica l&#8217;incendio del 25 Luglio\"}]},{\"@type\":\"WebSite\",\"@id\":\"https:\/\/progettotouring.it\/radiotouring104\/#website\",\"url\":\"https:\/\/progettotouring.it\/radiotouring104\/\",\"name\":\"Radio Touring 104\",\"description\":\"La prima radio Reggina\",\"publisher\":{\"@id\":\"https:\/\/progettotouring.it\/radiotouring104\/#organization\"},\"potentialAction\":[{\"@type\":\"SearchAction\",\"target\":{\"@type\":\"EntryPoint\",\"urlTemplate\":\"https:\/\/progettotouring.it\/radiotouring104\/?s={search_term_string}\"},\"query-input\":{\"@type\":\"PropertyValueSpecification\",\"valueRequired\":true,\"valueName\":\"search_term_string\"}}],\"inLanguage\":\"it-IT\"},{\"@type\":\"Organization\",\"@id\":\"https:\/\/progettotouring.it\/radiotouring104\/#organization\",\"name\":\"Radio Touring 104\",\"url\":\"https:\/\/progettotouring.it\/radiotouring104\/\",\"logo\":{\"@type\":\"ImageObject\",\"inLanguage\":\"it-IT\",\"@id\":\"https:\/\/progettotouring.it\/radiotouring104\/#\/schema\/logo\/image\/\",\"url\":\"https:\/\/progettotouring.it\/radiotouring104\/wp-content\/uploads\/sites\/6\/2022\/02\/cropped-logo-radio-touring-104.png\",\"contentUrl\":\"https:\/\/progettotouring.it\/radiotouring104\/wp-content\/uploads\/sites\/6\/2022\/02\/cropped-logo-radio-touring-104.png\",\"width\":377,\"height\":182,\"caption\":\"Radio Touring 104\"},\"image\":{\"@id\":\"https:\/\/progettotouring.it\/radiotouring104\/#\/schema\/logo\/image\/\"}},{\"@type\":\"Person\",\"@id\":\"https:\/\/progettotouring.it\/radiotouring104\/#\/schema\/person\/78613917f1851f041f7483f5af1d422e\",\"name\":\"Sebastiano Plutino\",\"image\":{\"@type\":\"ImageObject\",\"inLanguage\":\"it-IT\",\"@id\":\"https:\/\/secure.gravatar.com\/avatar\/0546ffaa9b79224faf9f2a156b67a529ae861d3287c66c1d8ccfdf909bcba78d?s=96&d=mm&r=g\",\"url\":\"https:\/\/secure.gravatar.com\/avatar\/0546ffaa9b79224faf9f2a156b67a529ae861d3287c66c1d8ccfdf909bcba78d?s=96&d=mm&r=g\",\"contentUrl\":\"https:\/\/secure.gravatar.com\/avatar\/0546ffaa9b79224faf9f2a156b67a529ae861d3287c66c1d8ccfdf909bcba78d?s=96&d=mm&r=g\",\"caption\":\"Sebastiano Plutino\"},\"url\":\"https:\/\/progettotouring.it\/radiotouring104\/author\/sebastiano\/\"}]}<\/script>\n<!-- \/ Yoast SEO plugin. -->","yoast_head_json":{"title":"Comitato Mosorrofa non dimentica l'incendio del 25 Luglio","description":"Comunicato del Comitato di quartiere di Mosorrofa sul devastante incendio del 25 luglio: \"Una data che non dimenticheremo facilmente\"","robots":{"index":"index","follow":"follow","max-snippet":"max-snippet:-1","max-image-preview":"max-image-preview:large","max-video-preview":"max-video-preview:-1"},"canonical":"https:\/\/progettotouring.it\/radiotouring104\/2023\/07\/31\/comitato-di-quartiere-mosorrofa-non-dimentica-lincendio-del-25-luglio\/","og_locale":"it_IT","og_type":"article","og_title":"Comitato Mosorrofa non dimentica l'incendio del 25 Luglio","og_description":"Comunicato del Comitato di quartiere di Mosorrofa sul devastante incendio del 25 luglio: \"Una data che non dimenticheremo facilmente\"","og_url":"https:\/\/progettotouring.it\/radiotouring104\/2023\/07\/31\/comitato-di-quartiere-mosorrofa-non-dimentica-lincendio-del-25-luglio\/","og_site_name":"Radio Touring 104","article_published_time":"2023-07-31T07:19:54+00:00","article_modified_time":"2023-07-31T10:35:08+00:00","og_image":[{"width":768,"height":532,"url":"https:\/\/progettotouring.it\/radiotouring104\/wp-content\/uploads\/sites\/6\/2023\/07\/WhatsApp-Image-2023-07-25-at-19.03.15-e1690306361379.jpeg","type":"image\/jpeg"}],"author":"Sebastiano Plutino","twitter_card":"summary_large_image","twitter_misc":{"Scritto da":"Sebastiano Plutino","Tempo di lettura stimato":"7 minuti"},"schema":{"@context":"https:\/\/schema.org","@graph":[{"@type":"Article","@id":"https:\/\/progettotouring.it\/radiotouring104\/2023\/07\/31\/comitato-di-quartiere-mosorrofa-non-dimentica-lincendio-del-25-luglio\/#article","isPartOf":{"@id":"https:\/\/progettotouring.it\/radiotouring104\/2023\/07\/31\/comitato-di-quartiere-mosorrofa-non-dimentica-lincendio-del-25-luglio\/"},"author":{"name":"Sebastiano Plutino","@id":"https:\/\/progettotouring.it\/radiotouring104\/#\/schema\/person\/78613917f1851f041f7483f5af1d422e"},"headline":"Comitato di Quartiere Mosorrofa non dimentica l&#8217;incendio del 25 Luglio","datePublished":"2023-07-31T07:19:54+00:00","dateModified":"2023-07-31T10:35:08+00:00","mainEntityOfPage":{"@id":"https:\/\/progettotouring.it\/radiotouring104\/2023\/07\/31\/comitato-di-quartiere-mosorrofa-non-dimentica-lincendio-del-25-luglio\/"},"wordCount":1351,"publisher":{"@id":"https:\/\/progettotouring.it\/radiotouring104\/#organization"},"image":{"@id":"https:\/\/progettotouring.it\/radiotouring104\/2023\/07\/31\/comitato-di-quartiere-mosorrofa-non-dimentica-lincendio-del-25-luglio\/#primaryimage"},"thumbnailUrl":"https:\/\/progettotouring.it\/radiotouring104\/wp-content\/uploads\/sites\/6\/2023\/07\/WhatsApp-Image-2023-07-25-at-19.03.15-e1690306361379.jpeg","keywords":["ai Carabinieri della caserma di Cataforio","Arcivescovo Mons. Fortunato Morrone","Comitato quartiere Mosorrofa","incendio 25 luglio"],"articleSection":["Home","News","Reggio Calabria"],"inLanguage":"it-IT"},{"@type":"WebPage","@id":"https:\/\/progettotouring.it\/radiotouring104\/2023\/07\/31\/comitato-di-quartiere-mosorrofa-non-dimentica-lincendio-del-25-luglio\/","url":"https:\/\/progettotouring.it\/radiotouring104\/2023\/07\/31\/comitato-di-quartiere-mosorrofa-non-dimentica-lincendio-del-25-luglio\/","name":"Comitato Mosorrofa non dimentica l'incendio del 25 Luglio","isPartOf":{"@id":"https:\/\/progettotouring.it\/radiotouring104\/#website"},"primaryImageOfPage":{"@id":"https:\/\/progettotouring.it\/radiotouring104\/2023\/07\/31\/comitato-di-quartiere-mosorrofa-non-dimentica-lincendio-del-25-luglio\/#primaryimage"},"image":{"@id":"https:\/\/progettotouring.it\/radiotouring104\/2023\/07\/31\/comitato-di-quartiere-mosorrofa-non-dimentica-lincendio-del-25-luglio\/#primaryimage"},"thumbnailUrl":"https:\/\/progettotouring.it\/radiotouring104\/wp-content\/uploads\/sites\/6\/2023\/07\/WhatsApp-Image-2023-07-25-at-19.03.15-e1690306361379.jpeg","datePublished":"2023-07-31T07:19:54+00:00","dateModified":"2023-07-31T10:35:08+00:00","description":"Comunicato del Comitato di quartiere di Mosorrofa sul devastante incendio del 25 luglio: \"Una data che non dimenticheremo facilmente\"","breadcrumb":{"@id":"https:\/\/progettotouring.it\/radiotouring104\/2023\/07\/31\/comitato-di-quartiere-mosorrofa-non-dimentica-lincendio-del-25-luglio\/#breadcrumb"},"inLanguage":"it-IT","potentialAction":[{"@type":"ReadAction","target":["https:\/\/progettotouring.it\/radiotouring104\/2023\/07\/31\/comitato-di-quartiere-mosorrofa-non-dimentica-lincendio-del-25-luglio\/"]}]},{"@type":"ImageObject","inLanguage":"it-IT","@id":"https:\/\/progettotouring.it\/radiotouring104\/2023\/07\/31\/comitato-di-quartiere-mosorrofa-non-dimentica-lincendio-del-25-luglio\/#primaryimage","url":"https:\/\/progettotouring.it\/radiotouring104\/wp-content\/uploads\/sites\/6\/2023\/07\/WhatsApp-Image-2023-07-25-at-19.03.15-e1690306361379.jpeg","contentUrl":"https:\/\/progettotouring.it\/radiotouring104\/wp-content\/uploads\/sites\/6\/2023\/07\/WhatsApp-Image-2023-07-25-at-19.03.15-e1690306361379.jpeg","width":768,"height":532},{"@type":"BreadcrumbList","@id":"https:\/\/progettotouring.it\/radiotouring104\/2023\/07\/31\/comitato-di-quartiere-mosorrofa-non-dimentica-lincendio-del-25-luglio\/#breadcrumb","itemListElement":[{"@type":"ListItem","position":1,"name":"Home","item":"https:\/\/progettotouring.it\/radiotouring104\/"},{"@type":"ListItem","position":2,"name":"Comitato di Quartiere Mosorrofa non dimentica l&#8217;incendio del 25 Luglio"}]},{"@type":"WebSite","@id":"https:\/\/progettotouring.it\/radiotouring104\/#website","url":"https:\/\/progettotouring.it\/radiotouring104\/","name":"Radio Touring 104","description":"La prima radio Reggina","publisher":{"@id":"https:\/\/progettotouring.it\/radiotouring104\/#organization"},"potentialAction":[{"@type":"SearchAction","target":{"@type":"EntryPoint","urlTemplate":"https:\/\/progettotouring.it\/radiotouring104\/?s={search_term_string}"},"query-input":{"@type":"PropertyValueSpecification","valueRequired":true,"valueName":"search_term_string"}}],"inLanguage":"it-IT"},{"@type":"Organization","@id":"https:\/\/progettotouring.it\/radiotouring104\/#organization","name":"Radio Touring 104","url":"https:\/\/progettotouring.it\/radiotouring104\/","logo":{"@type":"ImageObject","inLanguage":"it-IT","@id":"https:\/\/progettotouring.it\/radiotouring104\/#\/schema\/logo\/image\/","url":"https:\/\/progettotouring.it\/radiotouring104\/wp-content\/uploads\/sites\/6\/2022\/02\/cropped-logo-radio-touring-104.png","contentUrl":"https:\/\/progettotouring.it\/radiotouring104\/wp-content\/uploads\/sites\/6\/2022\/02\/cropped-logo-radio-touring-104.png","width":377,"height":182,"caption":"Radio Touring 104"},"image":{"@id":"https:\/\/progettotouring.it\/radiotouring104\/#\/schema\/logo\/image\/"}},{"@type":"Person","@id":"https:\/\/progettotouring.it\/radiotouring104\/#\/schema\/person\/78613917f1851f041f7483f5af1d422e","name":"Sebastiano Plutino","image":{"@type":"ImageObject","inLanguage":"it-IT","@id":"https:\/\/secure.gravatar.com\/avatar\/0546ffaa9b79224faf9f2a156b67a529ae861d3287c66c1d8ccfdf909bcba78d?s=96&d=mm&r=g","url":"https:\/\/secure.gravatar.com\/avatar\/0546ffaa9b79224faf9f2a156b67a529ae861d3287c66c1d8ccfdf909bcba78d?s=96&d=mm&r=g","contentUrl":"https:\/\/secure.gravatar.com\/avatar\/0546ffaa9b79224faf9f2a156b67a529ae861d3287c66c1d8ccfdf909bcba78d?s=96&d=mm&r=g","caption":"Sebastiano Plutino"},"url":"https:\/\/progettotouring.it\/radiotouring104\/author\/sebastiano\/"}]}},"jetpack_publicize_connections":[],"jetpack_featured_media_url":"https:\/\/progettotouring.it\/radiotouring104\/wp-content\/uploads\/sites\/6\/2023\/07\/WhatsApp-Image-2023-07-25-at-19.03.15-e1690306361379.jpeg","jetpack_sharing_enabled":true,"_links":{"self":[{"href":"https:\/\/progettotouring.it\/radiotouring104\/wp-json\/wp\/v2\/posts\/31480","targetHints":{"allow":["GET"]}}],"collection":[{"href":"https:\/\/progettotouring.it\/radiotouring104\/wp-json\/wp\/v2\/posts"}],"about":[{"href":"https:\/\/progettotouring.it\/radiotouring104\/wp-json\/wp\/v2\/types\/post"}],"author":[{"embeddable":true,"href":"https:\/\/progettotouring.it\/radiotouring104\/wp-json\/wp\/v2\/users\/12"}],"replies":[{"embeddable":true,"href":"https:\/\/progettotouring.it\/radiotouring104\/wp-json\/wp\/v2\/comments?post=31480"}],"version-history":[{"count":2,"href":"https:\/\/progettotouring.it\/radiotouring104\/wp-json\/wp\/v2\/posts\/31480\/revisions"}],"predecessor-version":[{"id":31531,"href":"https:\/\/progettotouring.it\/radiotouring104\/wp-json\/wp\/v2\/posts\/31480\/revisions\/31531"}],"wp:featuredmedia":[{"embeddable":true,"href":"https:\/\/progettotouring.it\/radiotouring104\/wp-json\/wp\/v2\/media\/31168"}],"wp:attachment":[{"href":"https:\/\/progettotouring.it\/radiotouring104\/wp-json\/wp\/v2\/media?parent=31480"}],"wp:term":[{"taxonomy":"category","embeddable":true,"href":"https:\/\/progettotouring.it\/radiotouring104\/wp-json\/wp\/v2\/categories?post=31480"},{"taxonomy":"post_tag","embeddable":true,"href":"https:\/\/progettotouring.it\/radiotouring104\/wp-json\/wp\/v2\/tags?post=31480"}],"curies":[{"name":"wp","href":"https:\/\/api.w.org\/{rel}","templated":true}]}}