{"id":32858,"date":"2023-08-22T10:51:53","date_gmt":"2023-08-22T08:51:53","guid":{"rendered":"https:\/\/progettotouring.it\/radiotouring104\/?p=32858"},"modified":"2023-08-22T10:51:53","modified_gmt":"2023-08-22T08:51:53","slug":"reggio-al-via-gli-eventi-ad-impatto-zero-del-teatro-mobile","status":"publish","type":"post","link":"https:\/\/progettotouring.it\/radiotouring104\/2023\/08\/22\/reggio-al-via-gli-eventi-ad-impatto-zero-del-teatro-mobile\/","title":{"rendered":"Reggio: al via gli eventi ad &#8220;impatto zero&#8221; del Teatro Mobile&#8221;"},"content":{"rendered":"<p style=\"text-align: justify\"><strong>Il progetto consiste nella realizzazione di una serie di eventi<\/strong> site specific appositamente progettati e<strong> prodotti da<\/strong> <strong>TEATRO MOBILE<\/strong> finalizzati alla valorizzazione dello straordinario contesto dell\u2019area del Comune di Reggio Calabria. <strong>Gli eventi sperimentali, realizzati applicando l\u2019innovativo format \u201ca impatto zero\u201d<\/strong> e completamente ecosostenibile di TEATRO MOBILE, vedranno artisti professionisti, agire in sinergia con artisti e maestranze locali e saranno preparati con appositi laboratori in loco in un progetto di politica culturale pensato per \u201cmettere radici\u201d. La valorizzazione di contesti storici, archeologici e naturali della parte pi\u00f9 a sud della penisola italiana, sar\u00e0 realizzata con eventi in luoghi di grande bellezza ed interesse sia lungo il mare che salendo verso l\u2019Aspromonte, spesso bisognosi di maggiore tutela e valorizzazione per portare gli abitanti alla riscoperta del proprio patrimonio e potenziare l\u2019attrattivit\u00e0 di visitatori e turisti. Gli eventi, frutto di apposite drammaturgie e principalmente realizzati nella formula dell\u2019ascolto e del VIAGGIO in cuffia, comporranno un calendario di eventi che si svolger\u00e0 nel secondo semestre del 2023. <strong>Si inizia con due eventi al tramonto e in riva al mare nel mese di agosto: ANTIGONE POSSIBILE nel Lungomare di Catona (23 agosto) e LA LINEA D\u2019OMBRA presso la Lega Navale di Pellaro (26 agosto).<\/strong> Il progetto si completer\u00e0 nel mese di dicembre con otto eventi speciali che si svolgeranno in luoghi diversi tra loro: aree da riqualificare (Ort\u00ec, Gallina) e aree appena recuperate (il Forte di Pentimele e il Parco Lineare), luoghi con memorie archeologiche e sacre (S.Agata, San Nicola in Valanidi, Eremo, Visitazione) tracciando un viaggio ideale alla scoperta delle memorie meno note della citt\u00e0 e del suo territorio. Una serie di \u201cviaggi in cuffia\u201d alla scoperta e alla ri-scoperta dei luoghi meno noti della citt\u00e0. \u00abIl modo di viaggiare scelto da me e il mio compagno di cammino \u00e8 stato tra i pi\u00f9 semplici ed anche tra i pi\u00f9 economici; abbiamo percorso l\u2019intero itinerario a piedi\u2026\u00bb (Edward Lear 1847) L\u2019iniziativa \u00e8 promossa dal Comune di Reggio Calabria nell\u2019ambito del progetto \u201cReggioFest2023:cultura diffusa\u201d e finanziata a valere sul Fondo nazionale per lo spettacolo dal vivo della Direzione Generale Spettacolo del Ministero della Cultura. : teatromobilecalabria@gmail.com<\/p>\n<p style=\"text-align: justify\">TEATRO MOBILE \u00e8 un progetto multidisciplinare, con esperienza pluriennale, che propone in modo sistematico nuove attivit\u00e0 spettacolari e artistiche per la valorizzazione dei luoghi del nostro straordinario patrimonio culturale (artistico, archeologico, museale e paesaggistico). Gli eventi proposti sono a impatto zero: gli strumenti tecnici impiegati sono portatili e autoalimentati. l\u2019uso della trasmissione in tempo reale e\/o pre-registrata via radio e della tecnologia di controllo digitale, lo spettatore partecipa all\u2019evento (anche itinerante) ascoltando la partitura testuale, sonora e musicale, dalla cuffia di cui viene dotato all\u2019inizio del viaggio. Le immagini vengono create dalle azioni performative dal vivo: spazi attraversati e visioni spettacolari, messinscene pensate come installazioni con coinvolgimento di attori, esperti e musicisti. Non \u00e8 previsto allestimento, il progetto \u00e8 quindi eco-sostenibile: l\u2019illuminazione sar\u00e0 per lo pi\u00f9 quella naturale. Il sistema di gestione, trasmissione e ricezione delle audiocuffie non causa consumo elettrico aggiuntivo. Il sistema audio (trasmettitore evoluto, microfoni, ricevitori, cuffie ad uso esterno), non ha impatto acustico, in quanto il suono sar\u00e0 udibile soltanto in cuffia. Teatro Mobile realizza eventi site specific con apposite drammaturgie e messinscene sperimentali ad impatto zero per valorizzare i luoghi. La progettazione avviene in accordo con le realt\u00e0 ospitanti e con il loro coinvolgimento diretto. Gli eventi sono adatti a spazi urbani, aree archeologiche, musei, spazi naturali, all\u2019aperto e al chiuso. ANTIGONE POSSIBILE di Pina Catanzariti con Raffaele Gangale e Nicola Pecora (Teatro Mobile) e Stefano D\u2019Agu\u00ec, Maria Antonietta Ligato, Laura Sgr\u00f2 (The Dance) regia di Marcello Cava musica dal vivo di Felice Zaccheo con la partecipazione di <strong>Filippo Stilo<\/strong> a seguire <strong>Patrizia Cupelloni<\/strong> <strong>e il saluto istituzionale di Irene Calabr\u00f2 23 agosto ore 19 Catona &#8211; Piazzetta del Marinaio ASCOLTO IN CUFFIA IN RIVA AL MARE PARTECIPAZIONE GRATUITA FINO AD ESAURIMENTO CUFFIE LA LINEA D\u2019OMBRA da Conrad di Pina Catanzariti con Raffaele Gangale e Nicola Pecora<\/strong> musica dal vivo<strong> Felice Zaccheo<\/strong> regia <strong>Marcello Cava<\/strong> a seguire <strong>Lucio Russo<\/strong> e <strong>Massimo Mucciola 26 agosto ore 19 Pellaro Lega Navale Italiana Via Lungomare Pellaro s.n.c. ASCOLTO IN CUFFIA DAVANTI AL MARE PARTECIPAZIONE GRATUITA FINO AD ESAURIMENTO CUFFIE<\/strong> Si ringrazia il dott. Antonio Lagan\u00e0 &#8211; Lega Navale Italiana sezione di Pellaro TEATRO MOBILE PER REGGIO CALABRIA un progetto di Pina Catanzariti e Marcello Cava con la collaborazione di Raffaele Gangale e Felice Zaccheo suono a cura di Palo Franco e Matteo Orsini organizzazione Sandro Autolitano<\/p>\n","protected":false},"excerpt":{"rendered":"<p>Il progetto consiste nella realizzazione di una serie di eventi site specific appositamente progettati e prodotti da TEATRO MOBILE finalizzati alla valorizzazione dello straordinario contesto dell\u2019area del Comune di Reggio&hellip;<\/p>\n","protected":false},"author":12,"featured_media":32860,"comment_status":"closed","ping_status":"open","sticky":false,"template":"","format":"standard","meta":{"_jetpack_memberships_contains_paid_content":false,"footnotes":"","jetpack_publicize_message":"","jetpack_publicize_feature_enabled":true,"jetpack_social_post_already_shared":false,"jetpack_social_options":{"image_generator_settings":{"template":"highway","default_image_id":0,"font":"","enabled":false},"version":2}},"categories":[921,196,140],"tags":[20493,20499,20494,19269,20498,20496,20492,20497,20495],"class_list":["post-32858","post","type-post","status-publish","format-standard","has-post-thumbnail","hentry","category-home","category-news","category-reggio-calabria","tag-la-linea-dombra","tag-reggiofest2023cultura-diffusa","tag-lega-navale-di-pellaro","tag-lungomare-di-catona","tag-pina-catanzariti","tag-sandro-autolitano","tag-spettacolo-antigonepossibile","tag-stefano-dagui","tag-teatro-mobile"],"yoast_head":"<!-- This site is optimized with the Yoast SEO plugin v27.2 - https:\/\/yoast.com\/product\/yoast-seo-wordpress\/ -->\n<title>Reggio: al via gli eventi ad &quot;impatto zero&quot; del Teatro Mobile<\/title>\n<meta name=\"description\" content=\"Si parte con 2 eventi ad agosto: &quot;ANTIGONEPOSSIBILE&quot; a Catona il 23 agosto e &quot;La Linea d\u2019Ombra&quot;, presso la Lega Navale di Pellaro, il 26\" \/>\n<meta name=\"robots\" content=\"index, follow, max-snippet:-1, max-image-preview:large, max-video-preview:-1\" \/>\n<link rel=\"canonical\" href=\"https:\/\/progettotouring.it\/radiotouring104\/2023\/08\/22\/reggio-al-via-gli-eventi-ad-impatto-zero-del-teatro-mobile\/\" \/>\n<meta property=\"og:locale\" content=\"it_IT\" \/>\n<meta property=\"og:type\" content=\"article\" \/>\n<meta property=\"og:title\" content=\"Reggio: al via gli eventi ad &quot;impatto zero&quot; del Teatro Mobile\" \/>\n<meta property=\"og:description\" content=\"Si parte con 2 eventi ad agosto: &quot;ANTIGONEPOSSIBILE&quot; a Catona il 23 agosto e &quot;La Linea d\u2019Ombra&quot;, presso la Lega Navale di Pellaro, il 26\" \/>\n<meta property=\"og:url\" content=\"https:\/\/progettotouring.it\/radiotouring104\/2023\/08\/22\/reggio-al-via-gli-eventi-ad-impatto-zero-del-teatro-mobile\/\" \/>\n<meta property=\"og:site_name\" content=\"Radio Touring 104\" \/>\n<meta property=\"article:published_time\" content=\"2023-08-22T08:51:53+00:00\" \/>\n<meta property=\"og:image\" content=\"https:\/\/progettotouring.it\/radiotouring104\/wp-content\/uploads\/sites\/6\/2023\/08\/Teatro-Mobile-per-Reggo.png\" \/>\n\t<meta property=\"og:image:width\" content=\"481\" \/>\n\t<meta property=\"og:image:height\" content=\"476\" \/>\n\t<meta property=\"og:image:type\" content=\"image\/png\" \/>\n<meta name=\"author\" content=\"Sebastiano Plutino\" \/>\n<meta name=\"twitter:card\" content=\"summary_large_image\" \/>\n<meta name=\"twitter:label1\" content=\"Scritto da\" \/>\n\t<meta name=\"twitter:data1\" content=\"Sebastiano Plutino\" \/>\n\t<meta name=\"twitter:label2\" content=\"Tempo di lettura stimato\" \/>\n\t<meta name=\"twitter:data2\" content=\"4 minuti\" \/>\n<script type=\"application\/ld+json\" class=\"yoast-schema-graph\">{\"@context\":\"https:\/\/schema.org\",\"@graph\":[{\"@type\":\"Article\",\"@id\":\"https:\/\/progettotouring.it\/radiotouring104\/2023\/08\/22\/reggio-al-via-gli-eventi-ad-impatto-zero-del-teatro-mobile\/#article\",\"isPartOf\":{\"@id\":\"https:\/\/progettotouring.it\/radiotouring104\/2023\/08\/22\/reggio-al-via-gli-eventi-ad-impatto-zero-del-teatro-mobile\/\"},\"author\":{\"name\":\"Sebastiano Plutino\",\"@id\":\"https:\/\/progettotouring.it\/radiotouring104\/#\/schema\/person\/78613917f1851f041f7483f5af1d422e\"},\"headline\":\"Reggio: al via gli eventi ad &#8220;impatto zero&#8221; del Teatro Mobile&#8221;\",\"datePublished\":\"2023-08-22T08:51:53+00:00\",\"mainEntityOfPage\":{\"@id\":\"https:\/\/progettotouring.it\/radiotouring104\/2023\/08\/22\/reggio-al-via-gli-eventi-ad-impatto-zero-del-teatro-mobile\/\"},\"wordCount\":760,\"publisher\":{\"@id\":\"https:\/\/progettotouring.it\/radiotouring104\/#organization\"},\"image\":{\"@id\":\"https:\/\/progettotouring.it\/radiotouring104\/2023\/08\/22\/reggio-al-via-gli-eventi-ad-impatto-zero-del-teatro-mobile\/#primaryimage\"},\"thumbnailUrl\":\"https:\/\/progettotouring.it\/radiotouring104\/wp-content\/uploads\/sites\/6\/2023\/08\/Teatro-Mobile-per-Reggo.png\",\"keywords\":[\"\\\"La Linea d\u2019Ombra\\\"\",\"\u201cReggioFest2023:cultura diffusa\u201d\",\"Lega Navale di Pellaro\",\"Lungomare di Catona\",\"Pina Catanzariti\",\"Sandro Autolitano\",\"spettacolo ANTIGONEPOSSIBILE\",\"Stefano D\u2019Agu\u00ec\",\"Teatro Mobile\"],\"articleSection\":[\"Home\",\"News\",\"Reggio Calabria\"],\"inLanguage\":\"it-IT\"},{\"@type\":\"WebPage\",\"@id\":\"https:\/\/progettotouring.it\/radiotouring104\/2023\/08\/22\/reggio-al-via-gli-eventi-ad-impatto-zero-del-teatro-mobile\/\",\"url\":\"https:\/\/progettotouring.it\/radiotouring104\/2023\/08\/22\/reggio-al-via-gli-eventi-ad-impatto-zero-del-teatro-mobile\/\",\"name\":\"Reggio: al via gli eventi ad \\\"impatto zero\\\" del Teatro Mobile\",\"isPartOf\":{\"@id\":\"https:\/\/progettotouring.it\/radiotouring104\/#website\"},\"primaryImageOfPage\":{\"@id\":\"https:\/\/progettotouring.it\/radiotouring104\/2023\/08\/22\/reggio-al-via-gli-eventi-ad-impatto-zero-del-teatro-mobile\/#primaryimage\"},\"image\":{\"@id\":\"https:\/\/progettotouring.it\/radiotouring104\/2023\/08\/22\/reggio-al-via-gli-eventi-ad-impatto-zero-del-teatro-mobile\/#primaryimage\"},\"thumbnailUrl\":\"https:\/\/progettotouring.it\/radiotouring104\/wp-content\/uploads\/sites\/6\/2023\/08\/Teatro-Mobile-per-Reggo.png\",\"datePublished\":\"2023-08-22T08:51:53+00:00\",\"description\":\"Si parte con 2 eventi ad agosto: \\\"ANTIGONEPOSSIBILE\\\" a Catona il 23 agosto e \\\"La Linea d\u2019Ombra\\\", presso la Lega Navale di Pellaro, il 26\",\"breadcrumb\":{\"@id\":\"https:\/\/progettotouring.it\/radiotouring104\/2023\/08\/22\/reggio-al-via-gli-eventi-ad-impatto-zero-del-teatro-mobile\/#breadcrumb\"},\"inLanguage\":\"it-IT\",\"potentialAction\":[{\"@type\":\"ReadAction\",\"target\":[\"https:\/\/progettotouring.it\/radiotouring104\/2023\/08\/22\/reggio-al-via-gli-eventi-ad-impatto-zero-del-teatro-mobile\/\"]}]},{\"@type\":\"ImageObject\",\"inLanguage\":\"it-IT\",\"@id\":\"https:\/\/progettotouring.it\/radiotouring104\/2023\/08\/22\/reggio-al-via-gli-eventi-ad-impatto-zero-del-teatro-mobile\/#primaryimage\",\"url\":\"https:\/\/progettotouring.it\/radiotouring104\/wp-content\/uploads\/sites\/6\/2023\/08\/Teatro-Mobile-per-Reggo.png\",\"contentUrl\":\"https:\/\/progettotouring.it\/radiotouring104\/wp-content\/uploads\/sites\/6\/2023\/08\/Teatro-Mobile-per-Reggo.png\",\"width\":481,\"height\":476},{\"@type\":\"BreadcrumbList\",\"@id\":\"https:\/\/progettotouring.it\/radiotouring104\/2023\/08\/22\/reggio-al-via-gli-eventi-ad-impatto-zero-del-teatro-mobile\/#breadcrumb\",\"itemListElement\":[{\"@type\":\"ListItem\",\"position\":1,\"name\":\"Home\",\"item\":\"https:\/\/progettotouring.it\/radiotouring104\/\"},{\"@type\":\"ListItem\",\"position\":2,\"name\":\"Reggio: al via gli eventi ad &#8220;impatto zero&#8221; del Teatro Mobile&#8221;\"}]},{\"@type\":\"WebSite\",\"@id\":\"https:\/\/progettotouring.it\/radiotouring104\/#website\",\"url\":\"https:\/\/progettotouring.it\/radiotouring104\/\",\"name\":\"Radio Touring 104\",\"description\":\"La prima radio Reggina\",\"publisher\":{\"@id\":\"https:\/\/progettotouring.it\/radiotouring104\/#organization\"},\"potentialAction\":[{\"@type\":\"SearchAction\",\"target\":{\"@type\":\"EntryPoint\",\"urlTemplate\":\"https:\/\/progettotouring.it\/radiotouring104\/?s={search_term_string}\"},\"query-input\":{\"@type\":\"PropertyValueSpecification\",\"valueRequired\":true,\"valueName\":\"search_term_string\"}}],\"inLanguage\":\"it-IT\"},{\"@type\":\"Organization\",\"@id\":\"https:\/\/progettotouring.it\/radiotouring104\/#organization\",\"name\":\"Radio Touring 104\",\"url\":\"https:\/\/progettotouring.it\/radiotouring104\/\",\"logo\":{\"@type\":\"ImageObject\",\"inLanguage\":\"it-IT\",\"@id\":\"https:\/\/progettotouring.it\/radiotouring104\/#\/schema\/logo\/image\/\",\"url\":\"https:\/\/progettotouring.it\/radiotouring104\/wp-content\/uploads\/sites\/6\/2022\/02\/cropped-logo-radio-touring-104.png\",\"contentUrl\":\"https:\/\/progettotouring.it\/radiotouring104\/wp-content\/uploads\/sites\/6\/2022\/02\/cropped-logo-radio-touring-104.png\",\"width\":377,\"height\":182,\"caption\":\"Radio Touring 104\"},\"image\":{\"@id\":\"https:\/\/progettotouring.it\/radiotouring104\/#\/schema\/logo\/image\/\"}},{\"@type\":\"Person\",\"@id\":\"https:\/\/progettotouring.it\/radiotouring104\/#\/schema\/person\/78613917f1851f041f7483f5af1d422e\",\"name\":\"Sebastiano Plutino\",\"image\":{\"@type\":\"ImageObject\",\"inLanguage\":\"it-IT\",\"@id\":\"https:\/\/secure.gravatar.com\/avatar\/0546ffaa9b79224faf9f2a156b67a529ae861d3287c66c1d8ccfdf909bcba78d?s=96&d=mm&r=g\",\"url\":\"https:\/\/secure.gravatar.com\/avatar\/0546ffaa9b79224faf9f2a156b67a529ae861d3287c66c1d8ccfdf909bcba78d?s=96&d=mm&r=g\",\"contentUrl\":\"https:\/\/secure.gravatar.com\/avatar\/0546ffaa9b79224faf9f2a156b67a529ae861d3287c66c1d8ccfdf909bcba78d?s=96&d=mm&r=g\",\"caption\":\"Sebastiano Plutino\"},\"url\":\"https:\/\/progettotouring.it\/radiotouring104\/author\/sebastiano\/\"}]}<\/script>\n<!-- \/ Yoast SEO plugin. -->","yoast_head_json":{"title":"Reggio: al via gli eventi ad \"impatto zero\" del Teatro Mobile","description":"Si parte con 2 eventi ad agosto: \"ANTIGONEPOSSIBILE\" a Catona il 23 agosto e \"La Linea d\u2019Ombra\", presso la Lega Navale di Pellaro, il 26","robots":{"index":"index","follow":"follow","max-snippet":"max-snippet:-1","max-image-preview":"max-image-preview:large","max-video-preview":"max-video-preview:-1"},"canonical":"https:\/\/progettotouring.it\/radiotouring104\/2023\/08\/22\/reggio-al-via-gli-eventi-ad-impatto-zero-del-teatro-mobile\/","og_locale":"it_IT","og_type":"article","og_title":"Reggio: al via gli eventi ad \"impatto zero\" del Teatro Mobile","og_description":"Si parte con 2 eventi ad agosto: \"ANTIGONEPOSSIBILE\" a Catona il 23 agosto e \"La Linea d\u2019Ombra\", presso la Lega Navale di Pellaro, il 26","og_url":"https:\/\/progettotouring.it\/radiotouring104\/2023\/08\/22\/reggio-al-via-gli-eventi-ad-impatto-zero-del-teatro-mobile\/","og_site_name":"Radio Touring 104","article_published_time":"2023-08-22T08:51:53+00:00","og_image":[{"width":481,"height":476,"url":"https:\/\/progettotouring.it\/radiotouring104\/wp-content\/uploads\/sites\/6\/2023\/08\/Teatro-Mobile-per-Reggo.png","type":"image\/png"}],"author":"Sebastiano Plutino","twitter_card":"summary_large_image","twitter_misc":{"Scritto da":"Sebastiano Plutino","Tempo di lettura stimato":"4 minuti"},"schema":{"@context":"https:\/\/schema.org","@graph":[{"@type":"Article","@id":"https:\/\/progettotouring.it\/radiotouring104\/2023\/08\/22\/reggio-al-via-gli-eventi-ad-impatto-zero-del-teatro-mobile\/#article","isPartOf":{"@id":"https:\/\/progettotouring.it\/radiotouring104\/2023\/08\/22\/reggio-al-via-gli-eventi-ad-impatto-zero-del-teatro-mobile\/"},"author":{"name":"Sebastiano Plutino","@id":"https:\/\/progettotouring.it\/radiotouring104\/#\/schema\/person\/78613917f1851f041f7483f5af1d422e"},"headline":"Reggio: al via gli eventi ad &#8220;impatto zero&#8221; del Teatro Mobile&#8221;","datePublished":"2023-08-22T08:51:53+00:00","mainEntityOfPage":{"@id":"https:\/\/progettotouring.it\/radiotouring104\/2023\/08\/22\/reggio-al-via-gli-eventi-ad-impatto-zero-del-teatro-mobile\/"},"wordCount":760,"publisher":{"@id":"https:\/\/progettotouring.it\/radiotouring104\/#organization"},"image":{"@id":"https:\/\/progettotouring.it\/radiotouring104\/2023\/08\/22\/reggio-al-via-gli-eventi-ad-impatto-zero-del-teatro-mobile\/#primaryimage"},"thumbnailUrl":"https:\/\/progettotouring.it\/radiotouring104\/wp-content\/uploads\/sites\/6\/2023\/08\/Teatro-Mobile-per-Reggo.png","keywords":["\"La Linea d\u2019Ombra\"","\u201cReggioFest2023:cultura diffusa\u201d","Lega Navale di Pellaro","Lungomare di Catona","Pina Catanzariti","Sandro Autolitano","spettacolo ANTIGONEPOSSIBILE","Stefano D\u2019Agu\u00ec","Teatro Mobile"],"articleSection":["Home","News","Reggio Calabria"],"inLanguage":"it-IT"},{"@type":"WebPage","@id":"https:\/\/progettotouring.it\/radiotouring104\/2023\/08\/22\/reggio-al-via-gli-eventi-ad-impatto-zero-del-teatro-mobile\/","url":"https:\/\/progettotouring.it\/radiotouring104\/2023\/08\/22\/reggio-al-via-gli-eventi-ad-impatto-zero-del-teatro-mobile\/","name":"Reggio: al via gli eventi ad \"impatto zero\" del Teatro Mobile","isPartOf":{"@id":"https:\/\/progettotouring.it\/radiotouring104\/#website"},"primaryImageOfPage":{"@id":"https:\/\/progettotouring.it\/radiotouring104\/2023\/08\/22\/reggio-al-via-gli-eventi-ad-impatto-zero-del-teatro-mobile\/#primaryimage"},"image":{"@id":"https:\/\/progettotouring.it\/radiotouring104\/2023\/08\/22\/reggio-al-via-gli-eventi-ad-impatto-zero-del-teatro-mobile\/#primaryimage"},"thumbnailUrl":"https:\/\/progettotouring.it\/radiotouring104\/wp-content\/uploads\/sites\/6\/2023\/08\/Teatro-Mobile-per-Reggo.png","datePublished":"2023-08-22T08:51:53+00:00","description":"Si parte con 2 eventi ad agosto: \"ANTIGONEPOSSIBILE\" a Catona il 23 agosto e \"La Linea d\u2019Ombra\", presso la Lega Navale di Pellaro, il 26","breadcrumb":{"@id":"https:\/\/progettotouring.it\/radiotouring104\/2023\/08\/22\/reggio-al-via-gli-eventi-ad-impatto-zero-del-teatro-mobile\/#breadcrumb"},"inLanguage":"it-IT","potentialAction":[{"@type":"ReadAction","target":["https:\/\/progettotouring.it\/radiotouring104\/2023\/08\/22\/reggio-al-via-gli-eventi-ad-impatto-zero-del-teatro-mobile\/"]}]},{"@type":"ImageObject","inLanguage":"it-IT","@id":"https:\/\/progettotouring.it\/radiotouring104\/2023\/08\/22\/reggio-al-via-gli-eventi-ad-impatto-zero-del-teatro-mobile\/#primaryimage","url":"https:\/\/progettotouring.it\/radiotouring104\/wp-content\/uploads\/sites\/6\/2023\/08\/Teatro-Mobile-per-Reggo.png","contentUrl":"https:\/\/progettotouring.it\/radiotouring104\/wp-content\/uploads\/sites\/6\/2023\/08\/Teatro-Mobile-per-Reggo.png","width":481,"height":476},{"@type":"BreadcrumbList","@id":"https:\/\/progettotouring.it\/radiotouring104\/2023\/08\/22\/reggio-al-via-gli-eventi-ad-impatto-zero-del-teatro-mobile\/#breadcrumb","itemListElement":[{"@type":"ListItem","position":1,"name":"Home","item":"https:\/\/progettotouring.it\/radiotouring104\/"},{"@type":"ListItem","position":2,"name":"Reggio: al via gli eventi ad &#8220;impatto zero&#8221; del Teatro Mobile&#8221;"}]},{"@type":"WebSite","@id":"https:\/\/progettotouring.it\/radiotouring104\/#website","url":"https:\/\/progettotouring.it\/radiotouring104\/","name":"Radio Touring 104","description":"La prima radio Reggina","publisher":{"@id":"https:\/\/progettotouring.it\/radiotouring104\/#organization"},"potentialAction":[{"@type":"SearchAction","target":{"@type":"EntryPoint","urlTemplate":"https:\/\/progettotouring.it\/radiotouring104\/?s={search_term_string}"},"query-input":{"@type":"PropertyValueSpecification","valueRequired":true,"valueName":"search_term_string"}}],"inLanguage":"it-IT"},{"@type":"Organization","@id":"https:\/\/progettotouring.it\/radiotouring104\/#organization","name":"Radio Touring 104","url":"https:\/\/progettotouring.it\/radiotouring104\/","logo":{"@type":"ImageObject","inLanguage":"it-IT","@id":"https:\/\/progettotouring.it\/radiotouring104\/#\/schema\/logo\/image\/","url":"https:\/\/progettotouring.it\/radiotouring104\/wp-content\/uploads\/sites\/6\/2022\/02\/cropped-logo-radio-touring-104.png","contentUrl":"https:\/\/progettotouring.it\/radiotouring104\/wp-content\/uploads\/sites\/6\/2022\/02\/cropped-logo-radio-touring-104.png","width":377,"height":182,"caption":"Radio Touring 104"},"image":{"@id":"https:\/\/progettotouring.it\/radiotouring104\/#\/schema\/logo\/image\/"}},{"@type":"Person","@id":"https:\/\/progettotouring.it\/radiotouring104\/#\/schema\/person\/78613917f1851f041f7483f5af1d422e","name":"Sebastiano Plutino","image":{"@type":"ImageObject","inLanguage":"it-IT","@id":"https:\/\/secure.gravatar.com\/avatar\/0546ffaa9b79224faf9f2a156b67a529ae861d3287c66c1d8ccfdf909bcba78d?s=96&d=mm&r=g","url":"https:\/\/secure.gravatar.com\/avatar\/0546ffaa9b79224faf9f2a156b67a529ae861d3287c66c1d8ccfdf909bcba78d?s=96&d=mm&r=g","contentUrl":"https:\/\/secure.gravatar.com\/avatar\/0546ffaa9b79224faf9f2a156b67a529ae861d3287c66c1d8ccfdf909bcba78d?s=96&d=mm&r=g","caption":"Sebastiano Plutino"},"url":"https:\/\/progettotouring.it\/radiotouring104\/author\/sebastiano\/"}]}},"jetpack_publicize_connections":[],"jetpack_featured_media_url":"https:\/\/progettotouring.it\/radiotouring104\/wp-content\/uploads\/sites\/6\/2023\/08\/Teatro-Mobile-per-Reggo.png","jetpack_sharing_enabled":true,"_links":{"self":[{"href":"https:\/\/progettotouring.it\/radiotouring104\/wp-json\/wp\/v2\/posts\/32858","targetHints":{"allow":["GET"]}}],"collection":[{"href":"https:\/\/progettotouring.it\/radiotouring104\/wp-json\/wp\/v2\/posts"}],"about":[{"href":"https:\/\/progettotouring.it\/radiotouring104\/wp-json\/wp\/v2\/types\/post"}],"author":[{"embeddable":true,"href":"https:\/\/progettotouring.it\/radiotouring104\/wp-json\/wp\/v2\/users\/12"}],"replies":[{"embeddable":true,"href":"https:\/\/progettotouring.it\/radiotouring104\/wp-json\/wp\/v2\/comments?post=32858"}],"version-history":[{"count":1,"href":"https:\/\/progettotouring.it\/radiotouring104\/wp-json\/wp\/v2\/posts\/32858\/revisions"}],"predecessor-version":[{"id":32861,"href":"https:\/\/progettotouring.it\/radiotouring104\/wp-json\/wp\/v2\/posts\/32858\/revisions\/32861"}],"wp:featuredmedia":[{"embeddable":true,"href":"https:\/\/progettotouring.it\/radiotouring104\/wp-json\/wp\/v2\/media\/32860"}],"wp:attachment":[{"href":"https:\/\/progettotouring.it\/radiotouring104\/wp-json\/wp\/v2\/media?parent=32858"}],"wp:term":[{"taxonomy":"category","embeddable":true,"href":"https:\/\/progettotouring.it\/radiotouring104\/wp-json\/wp\/v2\/categories?post=32858"},{"taxonomy":"post_tag","embeddable":true,"href":"https:\/\/progettotouring.it\/radiotouring104\/wp-json\/wp\/v2\/tags?post=32858"}],"curies":[{"name":"wp","href":"https:\/\/api.w.org\/{rel}","templated":true}]}}