{"id":3355,"date":"2022-03-22T18:40:03","date_gmt":"2022-03-22T17:40:03","guid":{"rendered":"https:\/\/progettotouring.it\/radiotouring104\/?p=3355"},"modified":"2022-03-22T18:41:06","modified_gmt":"2022-03-22T17:41:06","slug":"gestione-rifiuti-s-u-l-comparto-igiene-e-ambiente-indispensabile-cambio-di-strategia","status":"publish","type":"post","link":"https:\/\/progettotouring.it\/radiotouring104\/2022\/03\/22\/gestione-rifiuti-s-u-l-comparto-igiene-e-ambiente-indispensabile-cambio-di-strategia\/","title":{"rendered":"Gestione rifiuti, S.U.L. Comparto Igiene e Ambiente afferma: &#8220;Indispensabile cambio di strategia&#8221;"},"content":{"rendered":"<p style=\"text-align: justify;\">[COMUNICATO STAMPA]<\/p>\n<p style=\"text-align: justify;\"><em>Ancora una volta meri calcoli di costi mettono in discussione la parte essenziale del ciclo produttivo, ovvero la forza lavoro che appare non come protagonista ma come elemento poco rilevante nel ciclo produttivo stesso.<\/em><br \/>\n<em>Se i costi lievitano, se i bilanci non corrispondono, allora poco importa, salta il piano industriale mettendo cinicamente a rischio i posti di lavoro.<\/em><br \/>\n<em>Ci riferiamo all\u2019impianto di lavorazione dei rifiuti che si trova a Sambatello di Reggio Calabria in cui opera la Societ\u00e0 Consortile RECOSAMB in virt\u00f9 di un appalto vinto nel 2016 e con la produzione avviata nel 2020. Questi ritardi, purtroppo assai frequenti per molte opere pubbliche di primaria necessit\u00e0, hanno determinato una lievitazione dei prezzi che non \u00e8 imputabile ai dipendenti che pure rischiano di pagarne il prezzo con la perdita del lavoro e che hanno prestato servizio con seriet\u00e0 ed impegno e, a dire il vero, neanche dell\u2019Azienda che non ha manifestato n\u00e9 inadeguatezza n\u00e9 incuria, dimostrandosi, in genere, rispettosa della forza lavoro e cosciente del ruolo tutt\u2019altro che secondario che sta svolgendo sul territorio. Infatti chiunque sa che l\u2019impianto di Sambatello \u00e8 fondamentale per gestire i rifiuti della citt\u00e0 e della provincia di Reggio Calabria, i cui cittadini a scadenza quasi fissa subiscono le note difficolt\u00e0 nello smaltimento dei rifiuti a fronte di esose cartelle comunali che esigono di essere pagate.<\/em><br \/>\n<em>\u00c8 indispensabile ed impellente un cambio di strategia sul progetto complessivo di gestione dei rifiuti. Urge una scelta obbligata per il futuro dell\u2019impianto e che sia dentro una scelta di politica industriale atta a sopperire a gravi carenze economiche ed amministrative.<\/em><br \/>\n<em>\u00c8 fondamentale che la Citt\u00e0 Metropolitana attui soluzioni ben individuate e che corrispondano a due parametri principali: quello di rispondere a un programma organico che si doti di un impianto di nuova generazione in grado di soddisfare tutte le esigenze del territorio e, all\u2019interno di questo piano, del ripristino della funzione del termovalorizzatore al massimo delle sue potenzialit\u00e0, purch\u00e9 utilizzi le pi\u00f9 moderne ed efficaci tecnologie; ed inoltre, quello di salvaguardare i posti di lavoro in essere e, auspicabilmente, di implementare la forza lavoro addetta ad un servizio cos\u00ec essenziale e delicato.<\/em><br \/>\n<em>Perci\u00f2 chiediamo che la Citt\u00e0 Metropolitana convochi un tavolo d\u2019emergenza con le rappresentanze di tutti i protagonisti della vicenda, a cominciare dalle rappresentanze sindacali, perch\u00e9 si giunga ad una visione concordata su un piano da presentare alla Regione Calabria e, se dovesse servire, anche al Ministero dell\u2019Ambiente nell\u2019ambito dell\u2019utilizzo dei fondi del PNRR.<\/em><\/p>\n<p style=\"text-align: justify;\"><em>S.U.L.<\/em><em> Comparto Igiene e Ambiente &#8211; <\/em><em>Il Segretario Regionale <\/em><em>Francesco Cutr\u00ec<\/em><\/p>\n","protected":false},"excerpt":{"rendered":"<p>[COMUNICATO STAMPA] Ancora una volta meri calcoli di costi mettono in discussione la parte essenziale del ciclo produttivo, ovvero la forza lavoro che appare non come protagonista ma come elemento&hellip;<\/p>\n","protected":false},"author":5,"featured_media":3356,"comment_status":"open","ping_status":"open","sticky":false,"template":"","format":"standard","meta":{"_jetpack_memberships_contains_paid_content":false,"footnotes":"","jetpack_publicize_message":"","jetpack_publicize_feature_enabled":true,"jetpack_social_post_already_shared":false,"jetpack_social_options":{"image_generator_settings":{"template":"highway","default_image_id":0,"font":"","enabled":false},"version":2}},"categories":[196,140],"tags":[527,530,524,528,526,529,525],"class_list":["post-3355","post","type-post","status-publish","format-standard","has-post-thumbnail","hentry","category-news","category-reggio-calabria","tag-francesco-cutri","tag-recosamb","tag-rifiuti","tag-s-u-l-comparto-igiene-e-ambiente","tag-sambatello","tag-societa-consortile-recosamb","tag-sul"],"yoast_head":"<!-- This site is optimized with the Yoast SEO plugin v27.2 - https:\/\/yoast.com\/product\/yoast-seo-wordpress\/ -->\n<title>Gestione rifiuti, S.U.L. afferma: &quot;Indispensabile cambio di strategia&quot;<\/title>\n<meta name=\"description\" content=\"A rischio chiusura l&#039;impianto di gestione dei rifiuti di Sambatello. Il S.U.L. afferma: &quot;Indispensabile cambio di strategia&quot;\" \/>\n<meta name=\"robots\" content=\"index, follow, max-snippet:-1, max-image-preview:large, max-video-preview:-1\" \/>\n<link rel=\"canonical\" href=\"https:\/\/progettotouring.it\/radiotouring104\/2022\/03\/22\/gestione-rifiuti-s-u-l-comparto-igiene-e-ambiente-indispensabile-cambio-di-strategia\/\" \/>\n<meta property=\"og:locale\" content=\"it_IT\" \/>\n<meta property=\"og:type\" content=\"article\" \/>\n<meta property=\"og:title\" content=\"Gestione rifiuti, S.U.L. afferma: &quot;Indispensabile cambio di strategia&quot;\" \/>\n<meta property=\"og:description\" content=\"A rischio chiusura l&#039;impianto di gestione dei rifiuti di Sambatello. Il S.U.L. afferma: &quot;Indispensabile cambio di strategia&quot;\" \/>\n<meta property=\"og:url\" content=\"https:\/\/progettotouring.it\/radiotouring104\/2022\/03\/22\/gestione-rifiuti-s-u-l-comparto-igiene-e-ambiente-indispensabile-cambio-di-strategia\/\" \/>\n<meta property=\"og:site_name\" content=\"Radio Touring 104\" \/>\n<meta property=\"article:published_time\" content=\"2022-03-22T17:40:03+00:00\" \/>\n<meta property=\"article:modified_time\" content=\"2022-03-22T17:41:06+00:00\" \/>\n<meta property=\"og:image\" content=\"https:\/\/progettotouring.it\/radiotouring104\/wp-content\/uploads\/sites\/6\/2022\/03\/sambatello.jpg\" \/>\n\t<meta property=\"og:image:width\" content=\"1005\" \/>\n\t<meta property=\"og:image:height\" content=\"565\" \/>\n\t<meta property=\"og:image:type\" content=\"image\/jpeg\" \/>\n<meta name=\"author\" content=\"redazione\" \/>\n<meta name=\"twitter:card\" content=\"summary_large_image\" \/>\n<meta name=\"twitter:label1\" content=\"Scritto da\" \/>\n\t<meta name=\"twitter:data1\" content=\"redazione\" \/>\n\t<meta name=\"twitter:label2\" content=\"Tempo di lettura stimato\" \/>\n\t<meta name=\"twitter:data2\" content=\"2 minuti\" \/>\n<script type=\"application\/ld+json\" class=\"yoast-schema-graph\">{\"@context\":\"https:\/\/schema.org\",\"@graph\":[{\"@type\":\"Article\",\"@id\":\"https:\/\/progettotouring.it\/radiotouring104\/2022\/03\/22\/gestione-rifiuti-s-u-l-comparto-igiene-e-ambiente-indispensabile-cambio-di-strategia\/#article\",\"isPartOf\":{\"@id\":\"https:\/\/progettotouring.it\/radiotouring104\/2022\/03\/22\/gestione-rifiuti-s-u-l-comparto-igiene-e-ambiente-indispensabile-cambio-di-strategia\/\"},\"author\":{\"name\":\"redazione\",\"@id\":\"https:\/\/progettotouring.it\/radiotouring104\/#\/schema\/person\/1b3eb3c07c47136bc44c785c543e635f\"},\"headline\":\"Gestione rifiuti, S.U.L. Comparto Igiene e Ambiente afferma: &#8220;Indispensabile cambio di strategia&#8221;\",\"datePublished\":\"2022-03-22T17:40:03+00:00\",\"dateModified\":\"2022-03-22T17:41:06+00:00\",\"mainEntityOfPage\":{\"@id\":\"https:\/\/progettotouring.it\/radiotouring104\/2022\/03\/22\/gestione-rifiuti-s-u-l-comparto-igiene-e-ambiente-indispensabile-cambio-di-strategia\/\"},\"wordCount\":440,\"commentCount\":0,\"publisher\":{\"@id\":\"https:\/\/progettotouring.it\/radiotouring104\/#organization\"},\"image\":{\"@id\":\"https:\/\/progettotouring.it\/radiotouring104\/2022\/03\/22\/gestione-rifiuti-s-u-l-comparto-igiene-e-ambiente-indispensabile-cambio-di-strategia\/#primaryimage\"},\"thumbnailUrl\":\"https:\/\/progettotouring.it\/radiotouring104\/wp-content\/uploads\/sites\/6\/2022\/03\/sambatello.jpg\",\"keywords\":[\"Francesco Cutr\u00ec\",\"RECOSAMB\",\"rifiuti\",\"S.U.L. Comparto Igiene e Ambiente\",\"sambatello\",\"Societ\u00e0 Consortile RECOSAMB\",\"sul\"],\"articleSection\":[\"News\",\"Reggio Calabria\"],\"inLanguage\":\"it-IT\",\"potentialAction\":[{\"@type\":\"CommentAction\",\"name\":\"Comment\",\"target\":[\"https:\/\/progettotouring.it\/radiotouring104\/2022\/03\/22\/gestione-rifiuti-s-u-l-comparto-igiene-e-ambiente-indispensabile-cambio-di-strategia\/#respond\"]}]},{\"@type\":\"WebPage\",\"@id\":\"https:\/\/progettotouring.it\/radiotouring104\/2022\/03\/22\/gestione-rifiuti-s-u-l-comparto-igiene-e-ambiente-indispensabile-cambio-di-strategia\/\",\"url\":\"https:\/\/progettotouring.it\/radiotouring104\/2022\/03\/22\/gestione-rifiuti-s-u-l-comparto-igiene-e-ambiente-indispensabile-cambio-di-strategia\/\",\"name\":\"Gestione rifiuti, S.U.L. afferma: \\\"Indispensabile cambio di strategia\\\"\",\"isPartOf\":{\"@id\":\"https:\/\/progettotouring.it\/radiotouring104\/#website\"},\"primaryImageOfPage\":{\"@id\":\"https:\/\/progettotouring.it\/radiotouring104\/2022\/03\/22\/gestione-rifiuti-s-u-l-comparto-igiene-e-ambiente-indispensabile-cambio-di-strategia\/#primaryimage\"},\"image\":{\"@id\":\"https:\/\/progettotouring.it\/radiotouring104\/2022\/03\/22\/gestione-rifiuti-s-u-l-comparto-igiene-e-ambiente-indispensabile-cambio-di-strategia\/#primaryimage\"},\"thumbnailUrl\":\"https:\/\/progettotouring.it\/radiotouring104\/wp-content\/uploads\/sites\/6\/2022\/03\/sambatello.jpg\",\"datePublished\":\"2022-03-22T17:40:03+00:00\",\"dateModified\":\"2022-03-22T17:41:06+00:00\",\"description\":\"A rischio chiusura l'impianto di gestione dei rifiuti di Sambatello. Il S.U.L. afferma: \\\"Indispensabile cambio di strategia\\\"\",\"breadcrumb\":{\"@id\":\"https:\/\/progettotouring.it\/radiotouring104\/2022\/03\/22\/gestione-rifiuti-s-u-l-comparto-igiene-e-ambiente-indispensabile-cambio-di-strategia\/#breadcrumb\"},\"inLanguage\":\"it-IT\",\"potentialAction\":[{\"@type\":\"ReadAction\",\"target\":[\"https:\/\/progettotouring.it\/radiotouring104\/2022\/03\/22\/gestione-rifiuti-s-u-l-comparto-igiene-e-ambiente-indispensabile-cambio-di-strategia\/\"]}]},{\"@type\":\"ImageObject\",\"inLanguage\":\"it-IT\",\"@id\":\"https:\/\/progettotouring.it\/radiotouring104\/2022\/03\/22\/gestione-rifiuti-s-u-l-comparto-igiene-e-ambiente-indispensabile-cambio-di-strategia\/#primaryimage\",\"url\":\"https:\/\/progettotouring.it\/radiotouring104\/wp-content\/uploads\/sites\/6\/2022\/03\/sambatello.jpg\",\"contentUrl\":\"https:\/\/progettotouring.it\/radiotouring104\/wp-content\/uploads\/sites\/6\/2022\/03\/sambatello.jpg\",\"width\":1005,\"height\":565},{\"@type\":\"BreadcrumbList\",\"@id\":\"https:\/\/progettotouring.it\/radiotouring104\/2022\/03\/22\/gestione-rifiuti-s-u-l-comparto-igiene-e-ambiente-indispensabile-cambio-di-strategia\/#breadcrumb\",\"itemListElement\":[{\"@type\":\"ListItem\",\"position\":1,\"name\":\"Home\",\"item\":\"https:\/\/progettotouring.it\/radiotouring104\/\"},{\"@type\":\"ListItem\",\"position\":2,\"name\":\"Gestione rifiuti, S.U.L. Comparto Igiene e Ambiente afferma: &#8220;Indispensabile cambio di strategia&#8221;\"}]},{\"@type\":\"WebSite\",\"@id\":\"https:\/\/progettotouring.it\/radiotouring104\/#website\",\"url\":\"https:\/\/progettotouring.it\/radiotouring104\/\",\"name\":\"Radio Touring 104\",\"description\":\"La prima radio Reggina\",\"publisher\":{\"@id\":\"https:\/\/progettotouring.it\/radiotouring104\/#organization\"},\"potentialAction\":[{\"@type\":\"SearchAction\",\"target\":{\"@type\":\"EntryPoint\",\"urlTemplate\":\"https:\/\/progettotouring.it\/radiotouring104\/?s={search_term_string}\"},\"query-input\":{\"@type\":\"PropertyValueSpecification\",\"valueRequired\":true,\"valueName\":\"search_term_string\"}}],\"inLanguage\":\"it-IT\"},{\"@type\":\"Organization\",\"@id\":\"https:\/\/progettotouring.it\/radiotouring104\/#organization\",\"name\":\"Radio Touring 104\",\"url\":\"https:\/\/progettotouring.it\/radiotouring104\/\",\"logo\":{\"@type\":\"ImageObject\",\"inLanguage\":\"it-IT\",\"@id\":\"https:\/\/progettotouring.it\/radiotouring104\/#\/schema\/logo\/image\/\",\"url\":\"https:\/\/progettotouring.it\/radiotouring104\/wp-content\/uploads\/sites\/6\/2022\/02\/cropped-logo-radio-touring-104.png\",\"contentUrl\":\"https:\/\/progettotouring.it\/radiotouring104\/wp-content\/uploads\/sites\/6\/2022\/02\/cropped-logo-radio-touring-104.png\",\"width\":377,\"height\":182,\"caption\":\"Radio Touring 104\"},\"image\":{\"@id\":\"https:\/\/progettotouring.it\/radiotouring104\/#\/schema\/logo\/image\/\"}},{\"@type\":\"Person\",\"@id\":\"https:\/\/progettotouring.it\/radiotouring104\/#\/schema\/person\/1b3eb3c07c47136bc44c785c543e635f\",\"name\":\"redazione\",\"image\":{\"@type\":\"ImageObject\",\"inLanguage\":\"it-IT\",\"@id\":\"https:\/\/secure.gravatar.com\/avatar\/0b31605b49f100769e8b624b3e05de1b73e1692e9568a352f60f53fd072e6e11?s=96&d=mm&r=g\",\"url\":\"https:\/\/secure.gravatar.com\/avatar\/0b31605b49f100769e8b624b3e05de1b73e1692e9568a352f60f53fd072e6e11?s=96&d=mm&r=g\",\"contentUrl\":\"https:\/\/secure.gravatar.com\/avatar\/0b31605b49f100769e8b624b3e05de1b73e1692e9568a352f60f53fd072e6e11?s=96&d=mm&r=g\",\"caption\":\"redazione\"},\"url\":\"https:\/\/progettotouring.it\/radiotouring104\/author\/redazione\/\"}]}<\/script>\n<!-- \/ Yoast SEO plugin. -->","yoast_head_json":{"title":"Gestione rifiuti, S.U.L. afferma: \"Indispensabile cambio di strategia\"","description":"A rischio chiusura l'impianto di gestione dei rifiuti di Sambatello. Il S.U.L. afferma: \"Indispensabile cambio di strategia\"","robots":{"index":"index","follow":"follow","max-snippet":"max-snippet:-1","max-image-preview":"max-image-preview:large","max-video-preview":"max-video-preview:-1"},"canonical":"https:\/\/progettotouring.it\/radiotouring104\/2022\/03\/22\/gestione-rifiuti-s-u-l-comparto-igiene-e-ambiente-indispensabile-cambio-di-strategia\/","og_locale":"it_IT","og_type":"article","og_title":"Gestione rifiuti, S.U.L. afferma: \"Indispensabile cambio di strategia\"","og_description":"A rischio chiusura l'impianto di gestione dei rifiuti di Sambatello. Il S.U.L. afferma: \"Indispensabile cambio di strategia\"","og_url":"https:\/\/progettotouring.it\/radiotouring104\/2022\/03\/22\/gestione-rifiuti-s-u-l-comparto-igiene-e-ambiente-indispensabile-cambio-di-strategia\/","og_site_name":"Radio Touring 104","article_published_time":"2022-03-22T17:40:03+00:00","article_modified_time":"2022-03-22T17:41:06+00:00","og_image":[{"width":1005,"height":565,"url":"https:\/\/progettotouring.it\/radiotouring104\/wp-content\/uploads\/sites\/6\/2022\/03\/sambatello.jpg","type":"image\/jpeg"}],"author":"redazione","twitter_card":"summary_large_image","twitter_misc":{"Scritto da":"redazione","Tempo di lettura stimato":"2 minuti"},"schema":{"@context":"https:\/\/schema.org","@graph":[{"@type":"Article","@id":"https:\/\/progettotouring.it\/radiotouring104\/2022\/03\/22\/gestione-rifiuti-s-u-l-comparto-igiene-e-ambiente-indispensabile-cambio-di-strategia\/#article","isPartOf":{"@id":"https:\/\/progettotouring.it\/radiotouring104\/2022\/03\/22\/gestione-rifiuti-s-u-l-comparto-igiene-e-ambiente-indispensabile-cambio-di-strategia\/"},"author":{"name":"redazione","@id":"https:\/\/progettotouring.it\/radiotouring104\/#\/schema\/person\/1b3eb3c07c47136bc44c785c543e635f"},"headline":"Gestione rifiuti, S.U.L. Comparto Igiene e Ambiente afferma: &#8220;Indispensabile cambio di strategia&#8221;","datePublished":"2022-03-22T17:40:03+00:00","dateModified":"2022-03-22T17:41:06+00:00","mainEntityOfPage":{"@id":"https:\/\/progettotouring.it\/radiotouring104\/2022\/03\/22\/gestione-rifiuti-s-u-l-comparto-igiene-e-ambiente-indispensabile-cambio-di-strategia\/"},"wordCount":440,"commentCount":0,"publisher":{"@id":"https:\/\/progettotouring.it\/radiotouring104\/#organization"},"image":{"@id":"https:\/\/progettotouring.it\/radiotouring104\/2022\/03\/22\/gestione-rifiuti-s-u-l-comparto-igiene-e-ambiente-indispensabile-cambio-di-strategia\/#primaryimage"},"thumbnailUrl":"https:\/\/progettotouring.it\/radiotouring104\/wp-content\/uploads\/sites\/6\/2022\/03\/sambatello.jpg","keywords":["Francesco Cutr\u00ec","RECOSAMB","rifiuti","S.U.L. Comparto Igiene e Ambiente","sambatello","Societ\u00e0 Consortile RECOSAMB","sul"],"articleSection":["News","Reggio Calabria"],"inLanguage":"it-IT","potentialAction":[{"@type":"CommentAction","name":"Comment","target":["https:\/\/progettotouring.it\/radiotouring104\/2022\/03\/22\/gestione-rifiuti-s-u-l-comparto-igiene-e-ambiente-indispensabile-cambio-di-strategia\/#respond"]}]},{"@type":"WebPage","@id":"https:\/\/progettotouring.it\/radiotouring104\/2022\/03\/22\/gestione-rifiuti-s-u-l-comparto-igiene-e-ambiente-indispensabile-cambio-di-strategia\/","url":"https:\/\/progettotouring.it\/radiotouring104\/2022\/03\/22\/gestione-rifiuti-s-u-l-comparto-igiene-e-ambiente-indispensabile-cambio-di-strategia\/","name":"Gestione rifiuti, S.U.L. afferma: \"Indispensabile cambio di strategia\"","isPartOf":{"@id":"https:\/\/progettotouring.it\/radiotouring104\/#website"},"primaryImageOfPage":{"@id":"https:\/\/progettotouring.it\/radiotouring104\/2022\/03\/22\/gestione-rifiuti-s-u-l-comparto-igiene-e-ambiente-indispensabile-cambio-di-strategia\/#primaryimage"},"image":{"@id":"https:\/\/progettotouring.it\/radiotouring104\/2022\/03\/22\/gestione-rifiuti-s-u-l-comparto-igiene-e-ambiente-indispensabile-cambio-di-strategia\/#primaryimage"},"thumbnailUrl":"https:\/\/progettotouring.it\/radiotouring104\/wp-content\/uploads\/sites\/6\/2022\/03\/sambatello.jpg","datePublished":"2022-03-22T17:40:03+00:00","dateModified":"2022-03-22T17:41:06+00:00","description":"A rischio chiusura l'impianto di gestione dei rifiuti di Sambatello. Il S.U.L. afferma: \"Indispensabile cambio di strategia\"","breadcrumb":{"@id":"https:\/\/progettotouring.it\/radiotouring104\/2022\/03\/22\/gestione-rifiuti-s-u-l-comparto-igiene-e-ambiente-indispensabile-cambio-di-strategia\/#breadcrumb"},"inLanguage":"it-IT","potentialAction":[{"@type":"ReadAction","target":["https:\/\/progettotouring.it\/radiotouring104\/2022\/03\/22\/gestione-rifiuti-s-u-l-comparto-igiene-e-ambiente-indispensabile-cambio-di-strategia\/"]}]},{"@type":"ImageObject","inLanguage":"it-IT","@id":"https:\/\/progettotouring.it\/radiotouring104\/2022\/03\/22\/gestione-rifiuti-s-u-l-comparto-igiene-e-ambiente-indispensabile-cambio-di-strategia\/#primaryimage","url":"https:\/\/progettotouring.it\/radiotouring104\/wp-content\/uploads\/sites\/6\/2022\/03\/sambatello.jpg","contentUrl":"https:\/\/progettotouring.it\/radiotouring104\/wp-content\/uploads\/sites\/6\/2022\/03\/sambatello.jpg","width":1005,"height":565},{"@type":"BreadcrumbList","@id":"https:\/\/progettotouring.it\/radiotouring104\/2022\/03\/22\/gestione-rifiuti-s-u-l-comparto-igiene-e-ambiente-indispensabile-cambio-di-strategia\/#breadcrumb","itemListElement":[{"@type":"ListItem","position":1,"name":"Home","item":"https:\/\/progettotouring.it\/radiotouring104\/"},{"@type":"ListItem","position":2,"name":"Gestione rifiuti, S.U.L. Comparto Igiene e Ambiente afferma: &#8220;Indispensabile cambio di strategia&#8221;"}]},{"@type":"WebSite","@id":"https:\/\/progettotouring.it\/radiotouring104\/#website","url":"https:\/\/progettotouring.it\/radiotouring104\/","name":"Radio Touring 104","description":"La prima radio Reggina","publisher":{"@id":"https:\/\/progettotouring.it\/radiotouring104\/#organization"},"potentialAction":[{"@type":"SearchAction","target":{"@type":"EntryPoint","urlTemplate":"https:\/\/progettotouring.it\/radiotouring104\/?s={search_term_string}"},"query-input":{"@type":"PropertyValueSpecification","valueRequired":true,"valueName":"search_term_string"}}],"inLanguage":"it-IT"},{"@type":"Organization","@id":"https:\/\/progettotouring.it\/radiotouring104\/#organization","name":"Radio Touring 104","url":"https:\/\/progettotouring.it\/radiotouring104\/","logo":{"@type":"ImageObject","inLanguage":"it-IT","@id":"https:\/\/progettotouring.it\/radiotouring104\/#\/schema\/logo\/image\/","url":"https:\/\/progettotouring.it\/radiotouring104\/wp-content\/uploads\/sites\/6\/2022\/02\/cropped-logo-radio-touring-104.png","contentUrl":"https:\/\/progettotouring.it\/radiotouring104\/wp-content\/uploads\/sites\/6\/2022\/02\/cropped-logo-radio-touring-104.png","width":377,"height":182,"caption":"Radio Touring 104"},"image":{"@id":"https:\/\/progettotouring.it\/radiotouring104\/#\/schema\/logo\/image\/"}},{"@type":"Person","@id":"https:\/\/progettotouring.it\/radiotouring104\/#\/schema\/person\/1b3eb3c07c47136bc44c785c543e635f","name":"redazione","image":{"@type":"ImageObject","inLanguage":"it-IT","@id":"https:\/\/secure.gravatar.com\/avatar\/0b31605b49f100769e8b624b3e05de1b73e1692e9568a352f60f53fd072e6e11?s=96&d=mm&r=g","url":"https:\/\/secure.gravatar.com\/avatar\/0b31605b49f100769e8b624b3e05de1b73e1692e9568a352f60f53fd072e6e11?s=96&d=mm&r=g","contentUrl":"https:\/\/secure.gravatar.com\/avatar\/0b31605b49f100769e8b624b3e05de1b73e1692e9568a352f60f53fd072e6e11?s=96&d=mm&r=g","caption":"redazione"},"url":"https:\/\/progettotouring.it\/radiotouring104\/author\/redazione\/"}]}},"jetpack_publicize_connections":[],"jetpack_featured_media_url":"https:\/\/progettotouring.it\/radiotouring104\/wp-content\/uploads\/sites\/6\/2022\/03\/sambatello.jpg","jetpack_sharing_enabled":true,"_links":{"self":[{"href":"https:\/\/progettotouring.it\/radiotouring104\/wp-json\/wp\/v2\/posts\/3355","targetHints":{"allow":["GET"]}}],"collection":[{"href":"https:\/\/progettotouring.it\/radiotouring104\/wp-json\/wp\/v2\/posts"}],"about":[{"href":"https:\/\/progettotouring.it\/radiotouring104\/wp-json\/wp\/v2\/types\/post"}],"author":[{"embeddable":true,"href":"https:\/\/progettotouring.it\/radiotouring104\/wp-json\/wp\/v2\/users\/5"}],"replies":[{"embeddable":true,"href":"https:\/\/progettotouring.it\/radiotouring104\/wp-json\/wp\/v2\/comments?post=3355"}],"version-history":[{"count":1,"href":"https:\/\/progettotouring.it\/radiotouring104\/wp-json\/wp\/v2\/posts\/3355\/revisions"}],"predecessor-version":[{"id":3357,"href":"https:\/\/progettotouring.it\/radiotouring104\/wp-json\/wp\/v2\/posts\/3355\/revisions\/3357"}],"wp:featuredmedia":[{"embeddable":true,"href":"https:\/\/progettotouring.it\/radiotouring104\/wp-json\/wp\/v2\/media\/3356"}],"wp:attachment":[{"href":"https:\/\/progettotouring.it\/radiotouring104\/wp-json\/wp\/v2\/media?parent=3355"}],"wp:term":[{"taxonomy":"category","embeddable":true,"href":"https:\/\/progettotouring.it\/radiotouring104\/wp-json\/wp\/v2\/categories?post=3355"},{"taxonomy":"post_tag","embeddable":true,"href":"https:\/\/progettotouring.it\/radiotouring104\/wp-json\/wp\/v2\/tags?post=3355"}],"curies":[{"name":"wp","href":"https:\/\/api.w.org\/{rel}","templated":true}]}}