{"id":33809,"date":"2023-09-06T10:13:59","date_gmt":"2023-09-06T08:13:59","guid":{"rendered":"https:\/\/progettotouring.it\/radiotouring104\/?p=33809"},"modified":"2023-09-06T10:13:59","modified_gmt":"2023-09-06T08:13:59","slug":"mana-chuma-teatro-il-calendario-dei-prossimi-eventi-epic","status":"publish","type":"post","link":"https:\/\/progettotouring.it\/radiotouring104\/2023\/09\/06\/mana-chuma-teatro-il-calendario-dei-prossimi-eventi-epic\/","title":{"rendered":"Mana Chuma Teatro: il calendario dei prossimi eventi EPIC"},"content":{"rendered":"<p style=\"text-align: justify\">\u00c8 un mese ricco di eventi EPIC (Esperienze Performative di Impegno Civile), questo settembre.<\/p>\n<p style=\"text-align: justify\"><strong>Gioved\u00ec<\/strong> <strong>7 <\/strong>sul palco dell\u2019Arena ex Jardin di Catona salir\u00e0 l\u2019attore reggino <strong>Lorenzo Pratic\u00f2 <\/strong>con il suo <strong>\u201c4\u00d725\u201d<\/strong>, definito <em>\u201cun monologo a pi\u00f9 voci o forse in un dialogo per voce sola<\/em><strong><em>\u201d.<\/em> <\/strong>Uno spettacolo che parla di lavoro, di lavoratori senza nomi e senza volti, di muri da scalare e di dignit\u00e0 calpestata e di lunghe strade da percorrere.<\/p>\n<p style=\"text-align: justify\">Il giorno dopo, <strong>venerd\u00ec 8<\/strong>, sar\u00e0 la volta di <strong>\u201cCronicario\u201d<\/strong>, di e con <strong>Dario Tomasello,<\/strong> accompagnato dalla violoncellista <strong>Francesca Bongiovanni. <\/strong>Una performance che nasce dal poemetto pubblicato da Tomasello per la casa editrice Marsilio. Un testo pensato, ritmicamente, per l\u2019esecuzione e l\u2019ascolto pi\u00f9 che per la lettura: un attraversamento picaresco della citt\u00e0 dello Stretto, ribattezzata Giadida. Una polifonia di voci che racconta lo spaesamento e l\u2019essere precari, assediati da un repertorio manicomiale e grottesco.<\/p>\n<p style=\"text-align: justify\">Domenica <strong>10 settembre<\/strong>, andr\u00e0 in scena \u201c<strong>U figghiu\u201d <\/strong>di<strong> Saverio Tavano<\/strong>, con Anna Maria De Luca, Francesco Gallelli, Fabrizio Pugliesi.<\/p>\n<p style=\"text-align: justify\">Nel giorno di Pasqua, qualcuno in paese ha rubato la corona di spine dalla statua della Passione di Cristo. A farlo \u00e8 stato Saro, un ragazzo schizofrenico che si \u00e8 poi serrato in casa, convinto di essere egli stesso la reincarnazione di Ges\u00f9 Cristo. Attraverso il dialogo dei genitori, chiusi fuori dal portone, si entra in un mondo fatto di sacrifici, abnegazione, sopportazione, del dolore scaturito dall\u2019ipocrisia e dal giudizio della gente. Solo la madre riconosce la purezza del figlio e solo il figlio riconosce il richiamo della madre che ristabilir\u00e0 la quiete nel paese.<\/p>\n<p style=\"text-align: justify\">Luned\u00ec <strong>11, <\/strong>spazio alla musica con il concerto dell\u2019<strong>Alessio Bond\u00ec Trio<\/strong>. Il terzetto, composto da Alessio Bond\u00ec (chitarra e voce), Fabio Rizzo (chitarra) e Alessandro Presti (contrabbasso e tromba), \u00e8 da tempo alla ricerca di un suono che rappresenti la Sicilia contemporanea, con un piede nella tradizione e un altro nella canzone d\u2019autore. Influenze nuove e arcaiche che sfociano in un cantautorato folk mediterraneo ricco di suggestioni.<\/p>\n<p style=\"text-align: justify\">\n<p style=\"text-align: justify\">Gli eventi <strong>EPIC (Esperienze Performative di Impegno Civile)<\/strong> di <strong>Mana Chuma Teatro<\/strong> sono realizzati nell\u2019ambito del progetto \u201cReggioFest2023: Cultura Diffusa\u201d, un&#8217;iniziativa promossa dal Comune di Reggio Calabria e finanziata a valere sul Fondo nazionale per lo spettacolo dal vivo della Direzione Generale Spettacolo del Ministero della Cultura.<\/p>\n<p style=\"text-align: justify\">\n<p style=\"text-align: justify\">L\u2019obiettivo del progetto \u00e8 rilanciare gli eventi e le attivit\u00e0 socio-culturali ed economiche sul territorio cittadino con particolare attenzione alle periferie, puntando con decisione sul modello di animazione territoriale inteso come servizio pubblico. In questo quadro Mana Chuma Teatro ha avviato da tempo un percorso di riqualificazione dell\u2019area ex Jardin di Catona con l\u2019ambizione far diventare lo spazio un polo di attrazione culturale nell\u2019area nord della citt\u00e0.<\/p>\n<p style=\"text-align: justify\">\n<p style=\"text-align: justify\"><strong>L\u2019Arena ex Jardin <\/strong>si trova in Via Nazionale 200 (uscita Gallico, 400 m. direzione Catona)<\/p>\n","protected":false},"excerpt":{"rendered":"<p>\u00c8 un mese ricco di eventi EPIC (Esperienze Performative di Impegno Civile), questo settembre. Gioved\u00ec 7 sul palco dell\u2019Arena ex Jardin di Catona salir\u00e0 l\u2019attore reggino Lorenzo Pratic\u00f2 con il&hellip;<\/p>\n","protected":false},"author":12,"featured_media":33810,"comment_status":"closed","ping_status":"open","sticky":false,"template":"","format":"standard","meta":{"_jetpack_memberships_contains_paid_content":false,"footnotes":"","jetpack_publicize_message":"","jetpack_publicize_feature_enabled":true,"jetpack_social_post_already_shared":false,"jetpack_social_options":{"image_generator_settings":{"template":"highway","default_image_id":0,"font":"","enabled":false},"version":2}},"categories":[196,140],"tags":[19398,21166,21167,21165,4425,21168],"class_list":["post-33809","post","type-post","status-publish","format-standard","has-post-thumbnail","hentry","category-news","category-reggio-calabria","tag-arena-ex-jardin","tag-calendario-eventi-epic","tag-dario-tomasello","tag-lorenzo-pratico","tag-mana-chuma-teatro","tag-spettacolo-4x25"],"yoast_head":"<!-- This site is optimized with the Yoast SEO plugin v27.2 - https:\/\/yoast.com\/product\/yoast-seo-wordpress\/ -->\n<title>Mana Chuma Teatro: il calendario dei prossimi eventi EPIC<\/title>\n<meta name=\"description\" content=\"Settembre ricco di eventi EPIC. Si parte domani, all&#039;ex Jardin di Catona, con l\u2019attore reggino Lorenzo Pratic\u00f2 ed il suo spettacolo \u201c4\u00d725\u201d\" \/>\n<meta name=\"robots\" content=\"index, follow, max-snippet:-1, max-image-preview:large, max-video-preview:-1\" \/>\n<link rel=\"canonical\" href=\"https:\/\/progettotouring.it\/radiotouring104\/2023\/09\/06\/mana-chuma-teatro-il-calendario-dei-prossimi-eventi-epic\/\" \/>\n<meta property=\"og:locale\" content=\"it_IT\" \/>\n<meta property=\"og:type\" content=\"article\" \/>\n<meta property=\"og:title\" content=\"Mana Chuma Teatro: il calendario dei prossimi eventi EPIC\" \/>\n<meta property=\"og:description\" content=\"Settembre ricco di eventi EPIC. Si parte domani, all&#039;ex Jardin di Catona, con l\u2019attore reggino Lorenzo Pratic\u00f2 ed il suo spettacolo \u201c4\u00d725\u201d\" \/>\n<meta property=\"og:url\" content=\"https:\/\/progettotouring.it\/radiotouring104\/2023\/09\/06\/mana-chuma-teatro-il-calendario-dei-prossimi-eventi-epic\/\" \/>\n<meta property=\"og:site_name\" content=\"Radio Touring 104\" \/>\n<meta property=\"article:published_time\" content=\"2023-09-06T08:13:59+00:00\" \/>\n<meta property=\"og:image\" content=\"https:\/\/progettotouring.it\/radiotouring104\/wp-content\/uploads\/sites\/6\/2023\/09\/Lorenzo-Pratico-4x25-foto-Antonio-Arena-Mana-Chuma-Teatro-Ex-Jardin-Catona.jpeg\" \/>\n\t<meta property=\"og:image:width\" content=\"1280\" \/>\n\t<meta property=\"og:image:height\" content=\"720\" \/>\n\t<meta property=\"og:image:type\" content=\"image\/jpeg\" \/>\n<meta name=\"author\" content=\"Sebastiano Plutino\" \/>\n<meta name=\"twitter:card\" content=\"summary_large_image\" \/>\n<meta name=\"twitter:label1\" content=\"Scritto da\" \/>\n\t<meta name=\"twitter:data1\" content=\"Sebastiano Plutino\" \/>\n\t<meta name=\"twitter:label2\" content=\"Tempo di lettura stimato\" \/>\n\t<meta name=\"twitter:data2\" content=\"2 minuti\" \/>\n<script type=\"application\/ld+json\" class=\"yoast-schema-graph\">{\"@context\":\"https:\/\/schema.org\",\"@graph\":[{\"@type\":\"Article\",\"@id\":\"https:\/\/progettotouring.it\/radiotouring104\/2023\/09\/06\/mana-chuma-teatro-il-calendario-dei-prossimi-eventi-epic\/#article\",\"isPartOf\":{\"@id\":\"https:\/\/progettotouring.it\/radiotouring104\/2023\/09\/06\/mana-chuma-teatro-il-calendario-dei-prossimi-eventi-epic\/\"},\"author\":{\"name\":\"Sebastiano Plutino\",\"@id\":\"https:\/\/progettotouring.it\/radiotouring104\/#\/schema\/person\/78613917f1851f041f7483f5af1d422e\"},\"headline\":\"Mana Chuma Teatro: il calendario dei prossimi eventi EPIC\",\"datePublished\":\"2023-09-06T08:13:59+00:00\",\"mainEntityOfPage\":{\"@id\":\"https:\/\/progettotouring.it\/radiotouring104\/2023\/09\/06\/mana-chuma-teatro-il-calendario-dei-prossimi-eventi-epic\/\"},\"wordCount\":469,\"publisher\":{\"@id\":\"https:\/\/progettotouring.it\/radiotouring104\/#organization\"},\"image\":{\"@id\":\"https:\/\/progettotouring.it\/radiotouring104\/2023\/09\/06\/mana-chuma-teatro-il-calendario-dei-prossimi-eventi-epic\/#primaryimage\"},\"thumbnailUrl\":\"https:\/\/progettotouring.it\/radiotouring104\/wp-content\/uploads\/sites\/6\/2023\/09\/Lorenzo-Pratico-4x25-foto-Antonio-Arena-Mana-Chuma-Teatro-Ex-Jardin-Catona.jpeg\",\"keywords\":[\"Arena ex Jardin\",\"calendario eventi EPIC\",\"Dario Tomasello\",\"Lorenzo Pratic\u00f2\",\"mana chuma teatro\",\"spettacolo \u201c4\u00d725\u201d\"],\"articleSection\":[\"News\",\"Reggio Calabria\"],\"inLanguage\":\"it-IT\"},{\"@type\":\"WebPage\",\"@id\":\"https:\/\/progettotouring.it\/radiotouring104\/2023\/09\/06\/mana-chuma-teatro-il-calendario-dei-prossimi-eventi-epic\/\",\"url\":\"https:\/\/progettotouring.it\/radiotouring104\/2023\/09\/06\/mana-chuma-teatro-il-calendario-dei-prossimi-eventi-epic\/\",\"name\":\"Mana Chuma Teatro: il calendario dei prossimi eventi EPIC\",\"isPartOf\":{\"@id\":\"https:\/\/progettotouring.it\/radiotouring104\/#website\"},\"primaryImageOfPage\":{\"@id\":\"https:\/\/progettotouring.it\/radiotouring104\/2023\/09\/06\/mana-chuma-teatro-il-calendario-dei-prossimi-eventi-epic\/#primaryimage\"},\"image\":{\"@id\":\"https:\/\/progettotouring.it\/radiotouring104\/2023\/09\/06\/mana-chuma-teatro-il-calendario-dei-prossimi-eventi-epic\/#primaryimage\"},\"thumbnailUrl\":\"https:\/\/progettotouring.it\/radiotouring104\/wp-content\/uploads\/sites\/6\/2023\/09\/Lorenzo-Pratico-4x25-foto-Antonio-Arena-Mana-Chuma-Teatro-Ex-Jardin-Catona.jpeg\",\"datePublished\":\"2023-09-06T08:13:59+00:00\",\"description\":\"Settembre ricco di eventi EPIC. Si parte domani, all'ex Jardin di Catona, con l\u2019attore reggino Lorenzo Pratic\u00f2 ed il suo spettacolo \u201c4\u00d725\u201d\",\"breadcrumb\":{\"@id\":\"https:\/\/progettotouring.it\/radiotouring104\/2023\/09\/06\/mana-chuma-teatro-il-calendario-dei-prossimi-eventi-epic\/#breadcrumb\"},\"inLanguage\":\"it-IT\",\"potentialAction\":[{\"@type\":\"ReadAction\",\"target\":[\"https:\/\/progettotouring.it\/radiotouring104\/2023\/09\/06\/mana-chuma-teatro-il-calendario-dei-prossimi-eventi-epic\/\"]}]},{\"@type\":\"ImageObject\",\"inLanguage\":\"it-IT\",\"@id\":\"https:\/\/progettotouring.it\/radiotouring104\/2023\/09\/06\/mana-chuma-teatro-il-calendario-dei-prossimi-eventi-epic\/#primaryimage\",\"url\":\"https:\/\/progettotouring.it\/radiotouring104\/wp-content\/uploads\/sites\/6\/2023\/09\/Lorenzo-Pratico-4x25-foto-Antonio-Arena-Mana-Chuma-Teatro-Ex-Jardin-Catona.jpeg\",\"contentUrl\":\"https:\/\/progettotouring.it\/radiotouring104\/wp-content\/uploads\/sites\/6\/2023\/09\/Lorenzo-Pratico-4x25-foto-Antonio-Arena-Mana-Chuma-Teatro-Ex-Jardin-Catona.jpeg\",\"width\":1280,\"height\":720},{\"@type\":\"BreadcrumbList\",\"@id\":\"https:\/\/progettotouring.it\/radiotouring104\/2023\/09\/06\/mana-chuma-teatro-il-calendario-dei-prossimi-eventi-epic\/#breadcrumb\",\"itemListElement\":[{\"@type\":\"ListItem\",\"position\":1,\"name\":\"Home\",\"item\":\"https:\/\/progettotouring.it\/radiotouring104\/\"},{\"@type\":\"ListItem\",\"position\":2,\"name\":\"Mana Chuma Teatro: il calendario dei prossimi eventi EPIC\"}]},{\"@type\":\"WebSite\",\"@id\":\"https:\/\/progettotouring.it\/radiotouring104\/#website\",\"url\":\"https:\/\/progettotouring.it\/radiotouring104\/\",\"name\":\"Radio Touring 104\",\"description\":\"La prima radio Reggina\",\"publisher\":{\"@id\":\"https:\/\/progettotouring.it\/radiotouring104\/#organization\"},\"potentialAction\":[{\"@type\":\"SearchAction\",\"target\":{\"@type\":\"EntryPoint\",\"urlTemplate\":\"https:\/\/progettotouring.it\/radiotouring104\/?s={search_term_string}\"},\"query-input\":{\"@type\":\"PropertyValueSpecification\",\"valueRequired\":true,\"valueName\":\"search_term_string\"}}],\"inLanguage\":\"it-IT\"},{\"@type\":\"Organization\",\"@id\":\"https:\/\/progettotouring.it\/radiotouring104\/#organization\",\"name\":\"Radio Touring 104\",\"url\":\"https:\/\/progettotouring.it\/radiotouring104\/\",\"logo\":{\"@type\":\"ImageObject\",\"inLanguage\":\"it-IT\",\"@id\":\"https:\/\/progettotouring.it\/radiotouring104\/#\/schema\/logo\/image\/\",\"url\":\"https:\/\/progettotouring.it\/radiotouring104\/wp-content\/uploads\/sites\/6\/2022\/02\/cropped-logo-radio-touring-104.png\",\"contentUrl\":\"https:\/\/progettotouring.it\/radiotouring104\/wp-content\/uploads\/sites\/6\/2022\/02\/cropped-logo-radio-touring-104.png\",\"width\":377,\"height\":182,\"caption\":\"Radio Touring 104\"},\"image\":{\"@id\":\"https:\/\/progettotouring.it\/radiotouring104\/#\/schema\/logo\/image\/\"}},{\"@type\":\"Person\",\"@id\":\"https:\/\/progettotouring.it\/radiotouring104\/#\/schema\/person\/78613917f1851f041f7483f5af1d422e\",\"name\":\"Sebastiano Plutino\",\"image\":{\"@type\":\"ImageObject\",\"inLanguage\":\"it-IT\",\"@id\":\"https:\/\/secure.gravatar.com\/avatar\/0546ffaa9b79224faf9f2a156b67a529ae861d3287c66c1d8ccfdf909bcba78d?s=96&d=mm&r=g\",\"url\":\"https:\/\/secure.gravatar.com\/avatar\/0546ffaa9b79224faf9f2a156b67a529ae861d3287c66c1d8ccfdf909bcba78d?s=96&d=mm&r=g\",\"contentUrl\":\"https:\/\/secure.gravatar.com\/avatar\/0546ffaa9b79224faf9f2a156b67a529ae861d3287c66c1d8ccfdf909bcba78d?s=96&d=mm&r=g\",\"caption\":\"Sebastiano Plutino\"},\"url\":\"https:\/\/progettotouring.it\/radiotouring104\/author\/sebastiano\/\"}]}<\/script>\n<!-- \/ Yoast SEO plugin. -->","yoast_head_json":{"title":"Mana Chuma Teatro: il calendario dei prossimi eventi EPIC","description":"Settembre ricco di eventi EPIC. Si parte domani, all'ex Jardin di Catona, con l\u2019attore reggino Lorenzo Pratic\u00f2 ed il suo spettacolo \u201c4\u00d725\u201d","robots":{"index":"index","follow":"follow","max-snippet":"max-snippet:-1","max-image-preview":"max-image-preview:large","max-video-preview":"max-video-preview:-1"},"canonical":"https:\/\/progettotouring.it\/radiotouring104\/2023\/09\/06\/mana-chuma-teatro-il-calendario-dei-prossimi-eventi-epic\/","og_locale":"it_IT","og_type":"article","og_title":"Mana Chuma Teatro: il calendario dei prossimi eventi EPIC","og_description":"Settembre ricco di eventi EPIC. Si parte domani, all'ex Jardin di Catona, con l\u2019attore reggino Lorenzo Pratic\u00f2 ed il suo spettacolo \u201c4\u00d725\u201d","og_url":"https:\/\/progettotouring.it\/radiotouring104\/2023\/09\/06\/mana-chuma-teatro-il-calendario-dei-prossimi-eventi-epic\/","og_site_name":"Radio Touring 104","article_published_time":"2023-09-06T08:13:59+00:00","og_image":[{"width":1280,"height":720,"url":"https:\/\/progettotouring.it\/radiotouring104\/wp-content\/uploads\/sites\/6\/2023\/09\/Lorenzo-Pratico-4x25-foto-Antonio-Arena-Mana-Chuma-Teatro-Ex-Jardin-Catona.jpeg","type":"image\/jpeg"}],"author":"Sebastiano Plutino","twitter_card":"summary_large_image","twitter_misc":{"Scritto da":"Sebastiano Plutino","Tempo di lettura stimato":"2 minuti"},"schema":{"@context":"https:\/\/schema.org","@graph":[{"@type":"Article","@id":"https:\/\/progettotouring.it\/radiotouring104\/2023\/09\/06\/mana-chuma-teatro-il-calendario-dei-prossimi-eventi-epic\/#article","isPartOf":{"@id":"https:\/\/progettotouring.it\/radiotouring104\/2023\/09\/06\/mana-chuma-teatro-il-calendario-dei-prossimi-eventi-epic\/"},"author":{"name":"Sebastiano Plutino","@id":"https:\/\/progettotouring.it\/radiotouring104\/#\/schema\/person\/78613917f1851f041f7483f5af1d422e"},"headline":"Mana Chuma Teatro: il calendario dei prossimi eventi EPIC","datePublished":"2023-09-06T08:13:59+00:00","mainEntityOfPage":{"@id":"https:\/\/progettotouring.it\/radiotouring104\/2023\/09\/06\/mana-chuma-teatro-il-calendario-dei-prossimi-eventi-epic\/"},"wordCount":469,"publisher":{"@id":"https:\/\/progettotouring.it\/radiotouring104\/#organization"},"image":{"@id":"https:\/\/progettotouring.it\/radiotouring104\/2023\/09\/06\/mana-chuma-teatro-il-calendario-dei-prossimi-eventi-epic\/#primaryimage"},"thumbnailUrl":"https:\/\/progettotouring.it\/radiotouring104\/wp-content\/uploads\/sites\/6\/2023\/09\/Lorenzo-Pratico-4x25-foto-Antonio-Arena-Mana-Chuma-Teatro-Ex-Jardin-Catona.jpeg","keywords":["Arena ex Jardin","calendario eventi EPIC","Dario Tomasello","Lorenzo Pratic\u00f2","mana chuma teatro","spettacolo \u201c4\u00d725\u201d"],"articleSection":["News","Reggio Calabria"],"inLanguage":"it-IT"},{"@type":"WebPage","@id":"https:\/\/progettotouring.it\/radiotouring104\/2023\/09\/06\/mana-chuma-teatro-il-calendario-dei-prossimi-eventi-epic\/","url":"https:\/\/progettotouring.it\/radiotouring104\/2023\/09\/06\/mana-chuma-teatro-il-calendario-dei-prossimi-eventi-epic\/","name":"Mana Chuma Teatro: il calendario dei prossimi eventi EPIC","isPartOf":{"@id":"https:\/\/progettotouring.it\/radiotouring104\/#website"},"primaryImageOfPage":{"@id":"https:\/\/progettotouring.it\/radiotouring104\/2023\/09\/06\/mana-chuma-teatro-il-calendario-dei-prossimi-eventi-epic\/#primaryimage"},"image":{"@id":"https:\/\/progettotouring.it\/radiotouring104\/2023\/09\/06\/mana-chuma-teatro-il-calendario-dei-prossimi-eventi-epic\/#primaryimage"},"thumbnailUrl":"https:\/\/progettotouring.it\/radiotouring104\/wp-content\/uploads\/sites\/6\/2023\/09\/Lorenzo-Pratico-4x25-foto-Antonio-Arena-Mana-Chuma-Teatro-Ex-Jardin-Catona.jpeg","datePublished":"2023-09-06T08:13:59+00:00","description":"Settembre ricco di eventi EPIC. Si parte domani, all'ex Jardin di Catona, con l\u2019attore reggino Lorenzo Pratic\u00f2 ed il suo spettacolo \u201c4\u00d725\u201d","breadcrumb":{"@id":"https:\/\/progettotouring.it\/radiotouring104\/2023\/09\/06\/mana-chuma-teatro-il-calendario-dei-prossimi-eventi-epic\/#breadcrumb"},"inLanguage":"it-IT","potentialAction":[{"@type":"ReadAction","target":["https:\/\/progettotouring.it\/radiotouring104\/2023\/09\/06\/mana-chuma-teatro-il-calendario-dei-prossimi-eventi-epic\/"]}]},{"@type":"ImageObject","inLanguage":"it-IT","@id":"https:\/\/progettotouring.it\/radiotouring104\/2023\/09\/06\/mana-chuma-teatro-il-calendario-dei-prossimi-eventi-epic\/#primaryimage","url":"https:\/\/progettotouring.it\/radiotouring104\/wp-content\/uploads\/sites\/6\/2023\/09\/Lorenzo-Pratico-4x25-foto-Antonio-Arena-Mana-Chuma-Teatro-Ex-Jardin-Catona.jpeg","contentUrl":"https:\/\/progettotouring.it\/radiotouring104\/wp-content\/uploads\/sites\/6\/2023\/09\/Lorenzo-Pratico-4x25-foto-Antonio-Arena-Mana-Chuma-Teatro-Ex-Jardin-Catona.jpeg","width":1280,"height":720},{"@type":"BreadcrumbList","@id":"https:\/\/progettotouring.it\/radiotouring104\/2023\/09\/06\/mana-chuma-teatro-il-calendario-dei-prossimi-eventi-epic\/#breadcrumb","itemListElement":[{"@type":"ListItem","position":1,"name":"Home","item":"https:\/\/progettotouring.it\/radiotouring104\/"},{"@type":"ListItem","position":2,"name":"Mana Chuma Teatro: il calendario dei prossimi eventi EPIC"}]},{"@type":"WebSite","@id":"https:\/\/progettotouring.it\/radiotouring104\/#website","url":"https:\/\/progettotouring.it\/radiotouring104\/","name":"Radio Touring 104","description":"La prima radio Reggina","publisher":{"@id":"https:\/\/progettotouring.it\/radiotouring104\/#organization"},"potentialAction":[{"@type":"SearchAction","target":{"@type":"EntryPoint","urlTemplate":"https:\/\/progettotouring.it\/radiotouring104\/?s={search_term_string}"},"query-input":{"@type":"PropertyValueSpecification","valueRequired":true,"valueName":"search_term_string"}}],"inLanguage":"it-IT"},{"@type":"Organization","@id":"https:\/\/progettotouring.it\/radiotouring104\/#organization","name":"Radio Touring 104","url":"https:\/\/progettotouring.it\/radiotouring104\/","logo":{"@type":"ImageObject","inLanguage":"it-IT","@id":"https:\/\/progettotouring.it\/radiotouring104\/#\/schema\/logo\/image\/","url":"https:\/\/progettotouring.it\/radiotouring104\/wp-content\/uploads\/sites\/6\/2022\/02\/cropped-logo-radio-touring-104.png","contentUrl":"https:\/\/progettotouring.it\/radiotouring104\/wp-content\/uploads\/sites\/6\/2022\/02\/cropped-logo-radio-touring-104.png","width":377,"height":182,"caption":"Radio Touring 104"},"image":{"@id":"https:\/\/progettotouring.it\/radiotouring104\/#\/schema\/logo\/image\/"}},{"@type":"Person","@id":"https:\/\/progettotouring.it\/radiotouring104\/#\/schema\/person\/78613917f1851f041f7483f5af1d422e","name":"Sebastiano Plutino","image":{"@type":"ImageObject","inLanguage":"it-IT","@id":"https:\/\/secure.gravatar.com\/avatar\/0546ffaa9b79224faf9f2a156b67a529ae861d3287c66c1d8ccfdf909bcba78d?s=96&d=mm&r=g","url":"https:\/\/secure.gravatar.com\/avatar\/0546ffaa9b79224faf9f2a156b67a529ae861d3287c66c1d8ccfdf909bcba78d?s=96&d=mm&r=g","contentUrl":"https:\/\/secure.gravatar.com\/avatar\/0546ffaa9b79224faf9f2a156b67a529ae861d3287c66c1d8ccfdf909bcba78d?s=96&d=mm&r=g","caption":"Sebastiano Plutino"},"url":"https:\/\/progettotouring.it\/radiotouring104\/author\/sebastiano\/"}]}},"jetpack_publicize_connections":[],"jetpack_featured_media_url":"https:\/\/progettotouring.it\/radiotouring104\/wp-content\/uploads\/sites\/6\/2023\/09\/Lorenzo-Pratico-4x25-foto-Antonio-Arena-Mana-Chuma-Teatro-Ex-Jardin-Catona.jpeg","jetpack_sharing_enabled":true,"_links":{"self":[{"href":"https:\/\/progettotouring.it\/radiotouring104\/wp-json\/wp\/v2\/posts\/33809","targetHints":{"allow":["GET"]}}],"collection":[{"href":"https:\/\/progettotouring.it\/radiotouring104\/wp-json\/wp\/v2\/posts"}],"about":[{"href":"https:\/\/progettotouring.it\/radiotouring104\/wp-json\/wp\/v2\/types\/post"}],"author":[{"embeddable":true,"href":"https:\/\/progettotouring.it\/radiotouring104\/wp-json\/wp\/v2\/users\/12"}],"replies":[{"embeddable":true,"href":"https:\/\/progettotouring.it\/radiotouring104\/wp-json\/wp\/v2\/comments?post=33809"}],"version-history":[{"count":1,"href":"https:\/\/progettotouring.it\/radiotouring104\/wp-json\/wp\/v2\/posts\/33809\/revisions"}],"predecessor-version":[{"id":33811,"href":"https:\/\/progettotouring.it\/radiotouring104\/wp-json\/wp\/v2\/posts\/33809\/revisions\/33811"}],"wp:featuredmedia":[{"embeddable":true,"href":"https:\/\/progettotouring.it\/radiotouring104\/wp-json\/wp\/v2\/media\/33810"}],"wp:attachment":[{"href":"https:\/\/progettotouring.it\/radiotouring104\/wp-json\/wp\/v2\/media?parent=33809"}],"wp:term":[{"taxonomy":"category","embeddable":true,"href":"https:\/\/progettotouring.it\/radiotouring104\/wp-json\/wp\/v2\/categories?post=33809"},{"taxonomy":"post_tag","embeddable":true,"href":"https:\/\/progettotouring.it\/radiotouring104\/wp-json\/wp\/v2\/tags?post=33809"}],"curies":[{"name":"wp","href":"https:\/\/api.w.org\/{rel}","templated":true}]}}