{"id":33826,"date":"2023-09-06T12:04:59","date_gmt":"2023-09-06T10:04:59","guid":{"rendered":"https:\/\/progettotouring.it\/radiotouring104\/?p=33826"},"modified":"2023-09-06T12:04:59","modified_gmt":"2023-09-06T10:04:59","slug":"scuola-princida-regione-8-milioni-contro-rincaro-libri","status":"publish","type":"post","link":"https:\/\/progettotouring.it\/radiotouring104\/2023\/09\/06\/scuola-princida-regione-8-milioni-contro-rincaro-libri\/","title":{"rendered":"Scuola: Princi,da Regione 8 milioni contro rincaro libri"},"content":{"rendered":"<p style=\"text-align: justify\"><em>&#8220;La ripresa della scuola si avvicina e le famiglie dovranno sostenere una spesa impegnativa per acquistare l&#8217;occorrente per il ritorno in classe dei figli. La Regione per sostenere il diritto allo studio, ha destinato 8 milioni di euro, di risorse comunitarie, per la concessione di borse di studio (dai 500 ai 1000 euro), indirizzate alle famiglie degli studenti che frequentano le scuole superiori di secondo grado della regione per supportarli nella gestione delle spese scolastiche&#8221;.<\/em><strong> E&#8217; quanto ai afferma in una nota della Regione .<\/strong> <em>&#8220;Consapevoli del particolare momento<\/em> &#8211;<strong> afferma Giusi Princi, vice presidente con delega all&#8217;istruzione &#8211;<\/strong> <em>che attraversano le famiglie per fronteggiare le spese scolastiche, legate all&#8217;acquisto di libri, ai trasporti, a tutto il corredo scolastico, con il presidente Occhiuto abbiamo deciso di prevedere Borse di studio rivolte a studenti meritevoli le cui famiglie abbiano un Isee fino a 14 mila euro. I dirigenti del Dipartimento Istruzione e quello della Programmazione unitaria stanno lavorando alacremente sul nuovo bando, indirizzato alle famiglie calabresi con figli in et\u00e0 scolare (scuole superiori), che sar\u00e0 pubblicato entro settembre. Invito, intanto, le famiglie in possesso dei requisiti, afferma la vice presidente, a conservare le ricevute dell&#8217;acquisto di libri di testo e di altre spese sostenute relative al materiale scolastico dei propri figli&#8221;.<\/em><strong> La vice presidente fa presente, inoltre,<\/strong> <em>&#8220;che \u00e8 stata completata l&#8217;istruttoria per il trasferimento di 6 milioni e 500 mila euro di risorse statali, destinate ai comuni calabresi per l&#8217;emanazione di avvisi destinati alle famiglie di studenti frequentanti le scuole secondarie di primo e secondo grado. Tali fondi sono a sostegno dell&#8217;acquisto dei libri di testo (cedole librarie, comodato d&#8217;uso) e prevedono un Isee pari a 10.632. Ricorda che, recentemente, la Giunta ha deliberato di trasferire ai Comuni fondi regionali per 4 milioni e 500 mila euro, che saranno prossimamente rimpinguati, per garantire il diritto allo studio a tutti gli studenti calabresi. Le risorse devono essere destinate all&#8217;assistenza specialistica, agli ausili didattici e le attrezzature per l&#8217;inserimento degli alunni disabili, ai buoni pasto per il servizio mensa, ai servizi residenziali (convitti e semiconvitti), per sostenere le spese di trasporto, per la scuola in ospedale e per l&#8217;istruzione a domicilio&#8221;.<\/em> <em>&#8220;La vice presidente Princi<\/em> <strong>&#8211; \u00e8 detto nella nota &#8211;<\/strong> <em>dopo aver evidenziato le misure su cui sta intervenendo la Regione per fronteggiare i rincari nel settore istruzione garantendo anche il ceto medio attraverso l&#8217;Isee che si vuol portare a 14.000 euro, specifica che i fondi statali del voucher Io Studio ammontavano solo a 1.632.358 a favore di tutti gli studenti delle scuole secondarie di secondo grado. Stante l&#8217;esiguit\u00e0 delle risorse, l&#8217;erogazione del voucher di 200 euro, ha previsto un Isee pari a 6000, in quanto si \u00e8 considerato che gi\u00e0 l&#8217;anno precedente su 7.462 famiglie aventi diritto, graduate secondo il valore crescente del reddito, per esaurimento di risorse, non sono state accolte n. 1619 istanze e addirittura ci si \u00e8 fermati ad un Isee pari a 5063.41&#8243;. &#8220;Invito i dirigenti scolastici e i collegi dei docenti che, entro la prima decade di maggio, saranno chiamati a deliberare i libri di testo per l&#8217;annualit\u00e0 successiva &#8211;<strong> sostiene Princi<\/strong> &#8211; ad adottare testi gi\u00e0 in vigore negli istituti, affinch\u00e8 le famiglie possano utilizzare i libri dei fratelli, gi\u00e0 in loro possesso, o altro, e non vadano incontro ad ingenti ed ulteriori spese&#8221; (ANSA).<\/em><\/p>\n","protected":false},"excerpt":{"rendered":"<p>&#8220;La ripresa della scuola si avvicina e le famiglie dovranno sostenere una spesa impegnativa per acquistare l&#8217;occorrente per il ritorno in classe dei figli. La Regione per sostenere il diritto&hellip;<\/p>\n","protected":false},"author":12,"featured_media":12114,"comment_status":"closed","ping_status":"open","sticky":false,"template":"","format":"standard","meta":{"_jetpack_memberships_contains_paid_content":false,"footnotes":"","jetpack_publicize_message":"","jetpack_publicize_feature_enabled":true,"jetpack_social_post_already_shared":false,"jetpack_social_options":{"image_generator_settings":{"template":"highway","default_image_id":0,"font":"","enabled":false},"version":2}},"categories":[142,921,150,196],"tags":[21182,19212,587,219],"class_list":["post-33826","post","type-post","status-publish","format-standard","has-post-thumbnail","hentry","category-calabria","category-home","category-in-primo-piano","category-news","tag-caro-libri","tag-dipartimento-istruzione","tag-giusi-princi","tag-regione-calabria"],"yoast_head":"<!-- This site is optimized with the Yoast SEO plugin v27.2 - https:\/\/yoast.com\/product\/yoast-seo-wordpress\/ -->\n<title>Scuola: Princi,da Regione 8 milioni contro rincaro libri<\/title>\n<meta name=\"description\" content=\"In una nota. la Vicepresidente Princi, comunica la destinazione di 8 milioni a supporto della gestione delle spese scolastiche delle famiglie\" \/>\n<meta name=\"robots\" content=\"index, follow, max-snippet:-1, max-image-preview:large, max-video-preview:-1\" \/>\n<link rel=\"canonical\" href=\"https:\/\/progettotouring.it\/radiotouring104\/2023\/09\/06\/scuola-princida-regione-8-milioni-contro-rincaro-libri\/\" \/>\n<meta property=\"og:locale\" content=\"it_IT\" \/>\n<meta property=\"og:type\" content=\"article\" \/>\n<meta property=\"og:title\" content=\"Scuola: Princi,da Regione 8 milioni contro rincaro libri\" \/>\n<meta property=\"og:description\" content=\"In una nota. la Vicepresidente Princi, comunica la destinazione di 8 milioni a supporto della gestione delle spese scolastiche delle famiglie\" \/>\n<meta property=\"og:url\" content=\"https:\/\/progettotouring.it\/radiotouring104\/2023\/09\/06\/scuola-princida-regione-8-milioni-contro-rincaro-libri\/\" \/>\n<meta property=\"og:site_name\" content=\"Radio Touring 104\" \/>\n<meta property=\"article:published_time\" content=\"2023-09-06T10:04:59+00:00\" \/>\n<meta property=\"og:image\" content=\"https:\/\/progettotouring.it\/radiotouring104\/wp-content\/uploads\/sites\/6\/2022\/11\/Vicepresidente-Princi.jpg\" \/>\n\t<meta property=\"og:image:width\" content=\"2048\" \/>\n\t<meta property=\"og:image:height\" content=\"1536\" \/>\n\t<meta property=\"og:image:type\" content=\"image\/jpeg\" \/>\n<meta name=\"author\" content=\"Sebastiano Plutino\" \/>\n<meta name=\"twitter:card\" content=\"summary_large_image\" \/>\n<meta name=\"twitter:label1\" content=\"Scritto da\" \/>\n\t<meta name=\"twitter:data1\" content=\"Sebastiano Plutino\" \/>\n\t<meta name=\"twitter:label2\" content=\"Tempo di lettura stimato\" \/>\n\t<meta name=\"twitter:data2\" content=\"3 minuti\" \/>\n<script type=\"application\/ld+json\" class=\"yoast-schema-graph\">{\"@context\":\"https:\/\/schema.org\",\"@graph\":[{\"@type\":\"Article\",\"@id\":\"https:\/\/progettotouring.it\/radiotouring104\/2023\/09\/06\/scuola-princida-regione-8-milioni-contro-rincaro-libri\/#article\",\"isPartOf\":{\"@id\":\"https:\/\/progettotouring.it\/radiotouring104\/2023\/09\/06\/scuola-princida-regione-8-milioni-contro-rincaro-libri\/\"},\"author\":{\"name\":\"Sebastiano Plutino\",\"@id\":\"https:\/\/progettotouring.it\/radiotouring104\/#\/schema\/person\/78613917f1851f041f7483f5af1d422e\"},\"headline\":\"Scuola: Princi,da Regione 8 milioni contro rincaro libri\",\"datePublished\":\"2023-09-06T10:04:59+00:00\",\"mainEntityOfPage\":{\"@id\":\"https:\/\/progettotouring.it\/radiotouring104\/2023\/09\/06\/scuola-princida-regione-8-milioni-contro-rincaro-libri\/\"},\"wordCount\":538,\"publisher\":{\"@id\":\"https:\/\/progettotouring.it\/radiotouring104\/#organization\"},\"image\":{\"@id\":\"https:\/\/progettotouring.it\/radiotouring104\/2023\/09\/06\/scuola-princida-regione-8-milioni-contro-rincaro-libri\/#primaryimage\"},\"thumbnailUrl\":\"https:\/\/progettotouring.it\/radiotouring104\/wp-content\/uploads\/sites\/6\/2022\/11\/Vicepresidente-Princi.jpg\",\"keywords\":[\"caro libri\",\"Dipartimento Istruzione\",\"giusi princi\",\"regione calabria\"],\"articleSection\":[\"Calabria\",\"Home\",\"In primo piano\",\"News\"],\"inLanguage\":\"it-IT\"},{\"@type\":\"WebPage\",\"@id\":\"https:\/\/progettotouring.it\/radiotouring104\/2023\/09\/06\/scuola-princida-regione-8-milioni-contro-rincaro-libri\/\",\"url\":\"https:\/\/progettotouring.it\/radiotouring104\/2023\/09\/06\/scuola-princida-regione-8-milioni-contro-rincaro-libri\/\",\"name\":\"Scuola: Princi,da Regione 8 milioni contro rincaro libri\",\"isPartOf\":{\"@id\":\"https:\/\/progettotouring.it\/radiotouring104\/#website\"},\"primaryImageOfPage\":{\"@id\":\"https:\/\/progettotouring.it\/radiotouring104\/2023\/09\/06\/scuola-princida-regione-8-milioni-contro-rincaro-libri\/#primaryimage\"},\"image\":{\"@id\":\"https:\/\/progettotouring.it\/radiotouring104\/2023\/09\/06\/scuola-princida-regione-8-milioni-contro-rincaro-libri\/#primaryimage\"},\"thumbnailUrl\":\"https:\/\/progettotouring.it\/radiotouring104\/wp-content\/uploads\/sites\/6\/2022\/11\/Vicepresidente-Princi.jpg\",\"datePublished\":\"2023-09-06T10:04:59+00:00\",\"description\":\"In una nota. la Vicepresidente Princi, comunica la destinazione di 8 milioni a supporto della gestione delle spese scolastiche delle famiglie\",\"breadcrumb\":{\"@id\":\"https:\/\/progettotouring.it\/radiotouring104\/2023\/09\/06\/scuola-princida-regione-8-milioni-contro-rincaro-libri\/#breadcrumb\"},\"inLanguage\":\"it-IT\",\"potentialAction\":[{\"@type\":\"ReadAction\",\"target\":[\"https:\/\/progettotouring.it\/radiotouring104\/2023\/09\/06\/scuola-princida-regione-8-milioni-contro-rincaro-libri\/\"]}]},{\"@type\":\"ImageObject\",\"inLanguage\":\"it-IT\",\"@id\":\"https:\/\/progettotouring.it\/radiotouring104\/2023\/09\/06\/scuola-princida-regione-8-milioni-contro-rincaro-libri\/#primaryimage\",\"url\":\"https:\/\/progettotouring.it\/radiotouring104\/wp-content\/uploads\/sites\/6\/2022\/11\/Vicepresidente-Princi.jpg\",\"contentUrl\":\"https:\/\/progettotouring.it\/radiotouring104\/wp-content\/uploads\/sites\/6\/2022\/11\/Vicepresidente-Princi.jpg\",\"width\":2048,\"height\":1536},{\"@type\":\"BreadcrumbList\",\"@id\":\"https:\/\/progettotouring.it\/radiotouring104\/2023\/09\/06\/scuola-princida-regione-8-milioni-contro-rincaro-libri\/#breadcrumb\",\"itemListElement\":[{\"@type\":\"ListItem\",\"position\":1,\"name\":\"Home\",\"item\":\"https:\/\/progettotouring.it\/radiotouring104\/\"},{\"@type\":\"ListItem\",\"position\":2,\"name\":\"Scuola: Princi,da Regione 8 milioni contro rincaro libri\"}]},{\"@type\":\"WebSite\",\"@id\":\"https:\/\/progettotouring.it\/radiotouring104\/#website\",\"url\":\"https:\/\/progettotouring.it\/radiotouring104\/\",\"name\":\"Radio Touring 104\",\"description\":\"La prima radio Reggina\",\"publisher\":{\"@id\":\"https:\/\/progettotouring.it\/radiotouring104\/#organization\"},\"potentialAction\":[{\"@type\":\"SearchAction\",\"target\":{\"@type\":\"EntryPoint\",\"urlTemplate\":\"https:\/\/progettotouring.it\/radiotouring104\/?s={search_term_string}\"},\"query-input\":{\"@type\":\"PropertyValueSpecification\",\"valueRequired\":true,\"valueName\":\"search_term_string\"}}],\"inLanguage\":\"it-IT\"},{\"@type\":\"Organization\",\"@id\":\"https:\/\/progettotouring.it\/radiotouring104\/#organization\",\"name\":\"Radio Touring 104\",\"url\":\"https:\/\/progettotouring.it\/radiotouring104\/\",\"logo\":{\"@type\":\"ImageObject\",\"inLanguage\":\"it-IT\",\"@id\":\"https:\/\/progettotouring.it\/radiotouring104\/#\/schema\/logo\/image\/\",\"url\":\"https:\/\/progettotouring.it\/radiotouring104\/wp-content\/uploads\/sites\/6\/2022\/02\/cropped-logo-radio-touring-104.png\",\"contentUrl\":\"https:\/\/progettotouring.it\/radiotouring104\/wp-content\/uploads\/sites\/6\/2022\/02\/cropped-logo-radio-touring-104.png\",\"width\":377,\"height\":182,\"caption\":\"Radio Touring 104\"},\"image\":{\"@id\":\"https:\/\/progettotouring.it\/radiotouring104\/#\/schema\/logo\/image\/\"}},{\"@type\":\"Person\",\"@id\":\"https:\/\/progettotouring.it\/radiotouring104\/#\/schema\/person\/78613917f1851f041f7483f5af1d422e\",\"name\":\"Sebastiano Plutino\",\"image\":{\"@type\":\"ImageObject\",\"inLanguage\":\"it-IT\",\"@id\":\"https:\/\/secure.gravatar.com\/avatar\/0546ffaa9b79224faf9f2a156b67a529ae861d3287c66c1d8ccfdf909bcba78d?s=96&d=mm&r=g\",\"url\":\"https:\/\/secure.gravatar.com\/avatar\/0546ffaa9b79224faf9f2a156b67a529ae861d3287c66c1d8ccfdf909bcba78d?s=96&d=mm&r=g\",\"contentUrl\":\"https:\/\/secure.gravatar.com\/avatar\/0546ffaa9b79224faf9f2a156b67a529ae861d3287c66c1d8ccfdf909bcba78d?s=96&d=mm&r=g\",\"caption\":\"Sebastiano Plutino\"},\"url\":\"https:\/\/progettotouring.it\/radiotouring104\/author\/sebastiano\/\"}]}<\/script>\n<!-- \/ Yoast SEO plugin. -->","yoast_head_json":{"title":"Scuola: Princi,da Regione 8 milioni contro rincaro libri","description":"In una nota. la Vicepresidente Princi, comunica la destinazione di 8 milioni a supporto della gestione delle spese scolastiche delle famiglie","robots":{"index":"index","follow":"follow","max-snippet":"max-snippet:-1","max-image-preview":"max-image-preview:large","max-video-preview":"max-video-preview:-1"},"canonical":"https:\/\/progettotouring.it\/radiotouring104\/2023\/09\/06\/scuola-princida-regione-8-milioni-contro-rincaro-libri\/","og_locale":"it_IT","og_type":"article","og_title":"Scuola: Princi,da Regione 8 milioni contro rincaro libri","og_description":"In una nota. la Vicepresidente Princi, comunica la destinazione di 8 milioni a supporto della gestione delle spese scolastiche delle famiglie","og_url":"https:\/\/progettotouring.it\/radiotouring104\/2023\/09\/06\/scuola-princida-regione-8-milioni-contro-rincaro-libri\/","og_site_name":"Radio Touring 104","article_published_time":"2023-09-06T10:04:59+00:00","og_image":[{"width":2048,"height":1536,"url":"https:\/\/progettotouring.it\/radiotouring104\/wp-content\/uploads\/sites\/6\/2022\/11\/Vicepresidente-Princi.jpg","type":"image\/jpeg"}],"author":"Sebastiano Plutino","twitter_card":"summary_large_image","twitter_misc":{"Scritto da":"Sebastiano Plutino","Tempo di lettura stimato":"3 minuti"},"schema":{"@context":"https:\/\/schema.org","@graph":[{"@type":"Article","@id":"https:\/\/progettotouring.it\/radiotouring104\/2023\/09\/06\/scuola-princida-regione-8-milioni-contro-rincaro-libri\/#article","isPartOf":{"@id":"https:\/\/progettotouring.it\/radiotouring104\/2023\/09\/06\/scuola-princida-regione-8-milioni-contro-rincaro-libri\/"},"author":{"name":"Sebastiano Plutino","@id":"https:\/\/progettotouring.it\/radiotouring104\/#\/schema\/person\/78613917f1851f041f7483f5af1d422e"},"headline":"Scuola: Princi,da Regione 8 milioni contro rincaro libri","datePublished":"2023-09-06T10:04:59+00:00","mainEntityOfPage":{"@id":"https:\/\/progettotouring.it\/radiotouring104\/2023\/09\/06\/scuola-princida-regione-8-milioni-contro-rincaro-libri\/"},"wordCount":538,"publisher":{"@id":"https:\/\/progettotouring.it\/radiotouring104\/#organization"},"image":{"@id":"https:\/\/progettotouring.it\/radiotouring104\/2023\/09\/06\/scuola-princida-regione-8-milioni-contro-rincaro-libri\/#primaryimage"},"thumbnailUrl":"https:\/\/progettotouring.it\/radiotouring104\/wp-content\/uploads\/sites\/6\/2022\/11\/Vicepresidente-Princi.jpg","keywords":["caro libri","Dipartimento Istruzione","giusi princi","regione calabria"],"articleSection":["Calabria","Home","In primo piano","News"],"inLanguage":"it-IT"},{"@type":"WebPage","@id":"https:\/\/progettotouring.it\/radiotouring104\/2023\/09\/06\/scuola-princida-regione-8-milioni-contro-rincaro-libri\/","url":"https:\/\/progettotouring.it\/radiotouring104\/2023\/09\/06\/scuola-princida-regione-8-milioni-contro-rincaro-libri\/","name":"Scuola: Princi,da Regione 8 milioni contro rincaro libri","isPartOf":{"@id":"https:\/\/progettotouring.it\/radiotouring104\/#website"},"primaryImageOfPage":{"@id":"https:\/\/progettotouring.it\/radiotouring104\/2023\/09\/06\/scuola-princida-regione-8-milioni-contro-rincaro-libri\/#primaryimage"},"image":{"@id":"https:\/\/progettotouring.it\/radiotouring104\/2023\/09\/06\/scuola-princida-regione-8-milioni-contro-rincaro-libri\/#primaryimage"},"thumbnailUrl":"https:\/\/progettotouring.it\/radiotouring104\/wp-content\/uploads\/sites\/6\/2022\/11\/Vicepresidente-Princi.jpg","datePublished":"2023-09-06T10:04:59+00:00","description":"In una nota. la Vicepresidente Princi, comunica la destinazione di 8 milioni a supporto della gestione delle spese scolastiche delle famiglie","breadcrumb":{"@id":"https:\/\/progettotouring.it\/radiotouring104\/2023\/09\/06\/scuola-princida-regione-8-milioni-contro-rincaro-libri\/#breadcrumb"},"inLanguage":"it-IT","potentialAction":[{"@type":"ReadAction","target":["https:\/\/progettotouring.it\/radiotouring104\/2023\/09\/06\/scuola-princida-regione-8-milioni-contro-rincaro-libri\/"]}]},{"@type":"ImageObject","inLanguage":"it-IT","@id":"https:\/\/progettotouring.it\/radiotouring104\/2023\/09\/06\/scuola-princida-regione-8-milioni-contro-rincaro-libri\/#primaryimage","url":"https:\/\/progettotouring.it\/radiotouring104\/wp-content\/uploads\/sites\/6\/2022\/11\/Vicepresidente-Princi.jpg","contentUrl":"https:\/\/progettotouring.it\/radiotouring104\/wp-content\/uploads\/sites\/6\/2022\/11\/Vicepresidente-Princi.jpg","width":2048,"height":1536},{"@type":"BreadcrumbList","@id":"https:\/\/progettotouring.it\/radiotouring104\/2023\/09\/06\/scuola-princida-regione-8-milioni-contro-rincaro-libri\/#breadcrumb","itemListElement":[{"@type":"ListItem","position":1,"name":"Home","item":"https:\/\/progettotouring.it\/radiotouring104\/"},{"@type":"ListItem","position":2,"name":"Scuola: Princi,da Regione 8 milioni contro rincaro libri"}]},{"@type":"WebSite","@id":"https:\/\/progettotouring.it\/radiotouring104\/#website","url":"https:\/\/progettotouring.it\/radiotouring104\/","name":"Radio Touring 104","description":"La prima radio Reggina","publisher":{"@id":"https:\/\/progettotouring.it\/radiotouring104\/#organization"},"potentialAction":[{"@type":"SearchAction","target":{"@type":"EntryPoint","urlTemplate":"https:\/\/progettotouring.it\/radiotouring104\/?s={search_term_string}"},"query-input":{"@type":"PropertyValueSpecification","valueRequired":true,"valueName":"search_term_string"}}],"inLanguage":"it-IT"},{"@type":"Organization","@id":"https:\/\/progettotouring.it\/radiotouring104\/#organization","name":"Radio Touring 104","url":"https:\/\/progettotouring.it\/radiotouring104\/","logo":{"@type":"ImageObject","inLanguage":"it-IT","@id":"https:\/\/progettotouring.it\/radiotouring104\/#\/schema\/logo\/image\/","url":"https:\/\/progettotouring.it\/radiotouring104\/wp-content\/uploads\/sites\/6\/2022\/02\/cropped-logo-radio-touring-104.png","contentUrl":"https:\/\/progettotouring.it\/radiotouring104\/wp-content\/uploads\/sites\/6\/2022\/02\/cropped-logo-radio-touring-104.png","width":377,"height":182,"caption":"Radio Touring 104"},"image":{"@id":"https:\/\/progettotouring.it\/radiotouring104\/#\/schema\/logo\/image\/"}},{"@type":"Person","@id":"https:\/\/progettotouring.it\/radiotouring104\/#\/schema\/person\/78613917f1851f041f7483f5af1d422e","name":"Sebastiano Plutino","image":{"@type":"ImageObject","inLanguage":"it-IT","@id":"https:\/\/secure.gravatar.com\/avatar\/0546ffaa9b79224faf9f2a156b67a529ae861d3287c66c1d8ccfdf909bcba78d?s=96&d=mm&r=g","url":"https:\/\/secure.gravatar.com\/avatar\/0546ffaa9b79224faf9f2a156b67a529ae861d3287c66c1d8ccfdf909bcba78d?s=96&d=mm&r=g","contentUrl":"https:\/\/secure.gravatar.com\/avatar\/0546ffaa9b79224faf9f2a156b67a529ae861d3287c66c1d8ccfdf909bcba78d?s=96&d=mm&r=g","caption":"Sebastiano Plutino"},"url":"https:\/\/progettotouring.it\/radiotouring104\/author\/sebastiano\/"}]}},"jetpack_publicize_connections":[],"jetpack_featured_media_url":"https:\/\/progettotouring.it\/radiotouring104\/wp-content\/uploads\/sites\/6\/2022\/11\/Vicepresidente-Princi.jpg","jetpack_sharing_enabled":true,"_links":{"self":[{"href":"https:\/\/progettotouring.it\/radiotouring104\/wp-json\/wp\/v2\/posts\/33826","targetHints":{"allow":["GET"]}}],"collection":[{"href":"https:\/\/progettotouring.it\/radiotouring104\/wp-json\/wp\/v2\/posts"}],"about":[{"href":"https:\/\/progettotouring.it\/radiotouring104\/wp-json\/wp\/v2\/types\/post"}],"author":[{"embeddable":true,"href":"https:\/\/progettotouring.it\/radiotouring104\/wp-json\/wp\/v2\/users\/12"}],"replies":[{"embeddable":true,"href":"https:\/\/progettotouring.it\/radiotouring104\/wp-json\/wp\/v2\/comments?post=33826"}],"version-history":[{"count":1,"href":"https:\/\/progettotouring.it\/radiotouring104\/wp-json\/wp\/v2\/posts\/33826\/revisions"}],"predecessor-version":[{"id":33827,"href":"https:\/\/progettotouring.it\/radiotouring104\/wp-json\/wp\/v2\/posts\/33826\/revisions\/33827"}],"wp:featuredmedia":[{"embeddable":true,"href":"https:\/\/progettotouring.it\/radiotouring104\/wp-json\/wp\/v2\/media\/12114"}],"wp:attachment":[{"href":"https:\/\/progettotouring.it\/radiotouring104\/wp-json\/wp\/v2\/media?parent=33826"}],"wp:term":[{"taxonomy":"category","embeddable":true,"href":"https:\/\/progettotouring.it\/radiotouring104\/wp-json\/wp\/v2\/categories?post=33826"},{"taxonomy":"post_tag","embeddable":true,"href":"https:\/\/progettotouring.it\/radiotouring104\/wp-json\/wp\/v2\/tags?post=33826"}],"curies":[{"name":"wp","href":"https:\/\/api.w.org\/{rel}","templated":true}]}}