{"id":33828,"date":"2023-09-06T12:27:07","date_gmt":"2023-09-06T10:27:07","guid":{"rendered":"https:\/\/progettotouring.it\/radiotouring104\/?p=33828"},"modified":"2023-09-06T12:30:59","modified_gmt":"2023-09-06T10:30:59","slug":"i-love-lego-da-domani-mostra-visitabile-alla-pinacoteca-civica-e-foyer-del-cilea","status":"publish","type":"post","link":"https:\/\/progettotouring.it\/radiotouring104\/2023\/09\/06\/i-love-lego-da-domani-mostra-visitabile-alla-pinacoteca-civica-e-foyer-del-cilea\/","title":{"rendered":"I LOVE LEGO: da domani, mostra visitabile alla Pinacoteca Civica e Foyer del Cilea"},"content":{"rendered":"<p style=\"text-align: justify\"><img fetchpriority=\"high\" decoding=\"async\" class=\"alignnone size-medium wp-image-33832\" src=\"https:\/\/progettotouring.it\/radiotouring104\/wp-content\/uploads\/sites\/6\/2023\/09\/mostra-lego-2-1-300x169.jpg\" alt=\"\" width=\"300\" height=\"169\" srcset=\"https:\/\/progettotouring.it\/radiotouring104\/wp-content\/uploads\/sites\/6\/2023\/09\/mostra-lego-2-1-300x169.jpg 300w, https:\/\/progettotouring.it\/radiotouring104\/wp-content\/uploads\/sites\/6\/2023\/09\/mostra-lego-2-1-1024x576.jpg 1024w, https:\/\/progettotouring.it\/radiotouring104\/wp-content\/uploads\/sites\/6\/2023\/09\/mostra-lego-2-1-768x432.jpg 768w, https:\/\/progettotouring.it\/radiotouring104\/wp-content\/uploads\/sites\/6\/2023\/09\/mostra-lego-2-1-1536x864.jpg 1536w, https:\/\/progettotouring.it\/radiotouring104\/wp-content\/uploads\/sites\/6\/2023\/09\/mostra-lego-2-1-1170x663.jpg 1170w, https:\/\/progettotouring.it\/radiotouring104\/wp-content\/uploads\/sites\/6\/2023\/09\/mostra-lego-2-1-585x329.jpg 585w, https:\/\/progettotouring.it\/radiotouring104\/wp-content\/uploads\/sites\/6\/2023\/09\/mostra-lego-2-1.jpg 1599w\" sizes=\"(max-width: 300px) 100vw, 300px\" \/> <img decoding=\"async\" class=\"alignnone size-medium wp-image-33833\" src=\"https:\/\/progettotouring.it\/radiotouring104\/wp-content\/uploads\/sites\/6\/2023\/09\/mostra-lego-1-300x169.jpg\" alt=\"\" width=\"300\" height=\"169\" srcset=\"https:\/\/progettotouring.it\/radiotouring104\/wp-content\/uploads\/sites\/6\/2023\/09\/mostra-lego-1-300x169.jpg 300w, https:\/\/progettotouring.it\/radiotouring104\/wp-content\/uploads\/sites\/6\/2023\/09\/mostra-lego-1-1024x576.jpg 1024w, https:\/\/progettotouring.it\/radiotouring104\/wp-content\/uploads\/sites\/6\/2023\/09\/mostra-lego-1-768x432.jpg 768w, https:\/\/progettotouring.it\/radiotouring104\/wp-content\/uploads\/sites\/6\/2023\/09\/mostra-lego-1-1536x864.jpg 1536w, https:\/\/progettotouring.it\/radiotouring104\/wp-content\/uploads\/sites\/6\/2023\/09\/mostra-lego-1-1170x663.jpg 1170w, https:\/\/progettotouring.it\/radiotouring104\/wp-content\/uploads\/sites\/6\/2023\/09\/mostra-lego-1-585x329.jpg 585w, https:\/\/progettotouring.it\/radiotouring104\/wp-content\/uploads\/sites\/6\/2023\/09\/mostra-lego-1.jpg 1599w\" sizes=\"(max-width: 300px) 100vw, 300px\" \/> <img decoding=\"async\" class=\"alignnone size-medium wp-image-33834\" src=\"https:\/\/progettotouring.it\/radiotouring104\/wp-content\/uploads\/sites\/6\/2023\/09\/mostra-lego-3-1-300x169.jpg\" alt=\"\" width=\"300\" height=\"169\" srcset=\"https:\/\/progettotouring.it\/radiotouring104\/wp-content\/uploads\/sites\/6\/2023\/09\/mostra-lego-3-1-300x169.jpg 300w, https:\/\/progettotouring.it\/radiotouring104\/wp-content\/uploads\/sites\/6\/2023\/09\/mostra-lego-3-1-1024x576.jpg 1024w, https:\/\/progettotouring.it\/radiotouring104\/wp-content\/uploads\/sites\/6\/2023\/09\/mostra-lego-3-1-768x432.jpg 768w, https:\/\/progettotouring.it\/radiotouring104\/wp-content\/uploads\/sites\/6\/2023\/09\/mostra-lego-3-1-1536x864.jpg 1536w, https:\/\/progettotouring.it\/radiotouring104\/wp-content\/uploads\/sites\/6\/2023\/09\/mostra-lego-3-1-1170x663.jpg 1170w, https:\/\/progettotouring.it\/radiotouring104\/wp-content\/uploads\/sites\/6\/2023\/09\/mostra-lego-3-1-585x329.jpg 585w, https:\/\/progettotouring.it\/radiotouring104\/wp-content\/uploads\/sites\/6\/2023\/09\/mostra-lego-3-1.jpg 1599w\" sizes=\"(max-width: 300px) 100vw, 300px\" \/> <img loading=\"lazy\" decoding=\"async\" class=\"alignnone size-medium wp-image-33835\" src=\"https:\/\/progettotouring.it\/radiotouring104\/wp-content\/uploads\/sites\/6\/2023\/09\/mostra-lego-4-300x169.jpg\" alt=\"\" width=\"300\" height=\"169\" srcset=\"https:\/\/progettotouring.it\/radiotouring104\/wp-content\/uploads\/sites\/6\/2023\/09\/mostra-lego-4-300x169.jpg 300w, https:\/\/progettotouring.it\/radiotouring104\/wp-content\/uploads\/sites\/6\/2023\/09\/mostra-lego-4-1024x576.jpg 1024w, https:\/\/progettotouring.it\/radiotouring104\/wp-content\/uploads\/sites\/6\/2023\/09\/mostra-lego-4-768x432.jpg 768w, https:\/\/progettotouring.it\/radiotouring104\/wp-content\/uploads\/sites\/6\/2023\/09\/mostra-lego-4-1536x864.jpg 1536w, https:\/\/progettotouring.it\/radiotouring104\/wp-content\/uploads\/sites\/6\/2023\/09\/mostra-lego-4-1170x663.jpg 1170w, https:\/\/progettotouring.it\/radiotouring104\/wp-content\/uploads\/sites\/6\/2023\/09\/mostra-lego-4-585x329.jpg 585w, https:\/\/progettotouring.it\/radiotouring104\/wp-content\/uploads\/sites\/6\/2023\/09\/mostra-lego-4.jpg 1599w\" sizes=\"(max-width: 300px) 100vw, 300px\" \/> <img loading=\"lazy\" decoding=\"async\" class=\"alignnone size-medium wp-image-33836\" src=\"https:\/\/progettotouring.it\/radiotouring104\/wp-content\/uploads\/sites\/6\/2023\/09\/mostra-lego-6-300x169.jpg\" alt=\"\" width=\"300\" height=\"169\" srcset=\"https:\/\/progettotouring.it\/radiotouring104\/wp-content\/uploads\/sites\/6\/2023\/09\/mostra-lego-6-300x169.jpg 300w, https:\/\/progettotouring.it\/radiotouring104\/wp-content\/uploads\/sites\/6\/2023\/09\/mostra-lego-6-1024x576.jpg 1024w, https:\/\/progettotouring.it\/radiotouring104\/wp-content\/uploads\/sites\/6\/2023\/09\/mostra-lego-6-768x432.jpg 768w, https:\/\/progettotouring.it\/radiotouring104\/wp-content\/uploads\/sites\/6\/2023\/09\/mostra-lego-6-1536x864.jpg 1536w, https:\/\/progettotouring.it\/radiotouring104\/wp-content\/uploads\/sites\/6\/2023\/09\/mostra-lego-6-1170x663.jpg 1170w, https:\/\/progettotouring.it\/radiotouring104\/wp-content\/uploads\/sites\/6\/2023\/09\/mostra-lego-6-585x329.jpg 585w, https:\/\/progettotouring.it\/radiotouring104\/wp-content\/uploads\/sites\/6\/2023\/09\/mostra-lego-6.jpg 1599w\" sizes=\"(max-width: 300px) 100vw, 300px\" \/> <img loading=\"lazy\" decoding=\"async\" class=\"alignnone size-medium wp-image-33837\" src=\"https:\/\/progettotouring.it\/radiotouring104\/wp-content\/uploads\/sites\/6\/2023\/09\/mostra-lego-5-300x169.jpg\" alt=\"\" width=\"300\" height=\"169\" srcset=\"https:\/\/progettotouring.it\/radiotouring104\/wp-content\/uploads\/sites\/6\/2023\/09\/mostra-lego-5-300x169.jpg 300w, https:\/\/progettotouring.it\/radiotouring104\/wp-content\/uploads\/sites\/6\/2023\/09\/mostra-lego-5-1024x576.jpg 1024w, https:\/\/progettotouring.it\/radiotouring104\/wp-content\/uploads\/sites\/6\/2023\/09\/mostra-lego-5-768x432.jpg 768w, https:\/\/progettotouring.it\/radiotouring104\/wp-content\/uploads\/sites\/6\/2023\/09\/mostra-lego-5-1536x864.jpg 1536w, https:\/\/progettotouring.it\/radiotouring104\/wp-content\/uploads\/sites\/6\/2023\/09\/mostra-lego-5-1170x663.jpg 1170w, https:\/\/progettotouring.it\/radiotouring104\/wp-content\/uploads\/sites\/6\/2023\/09\/mostra-lego-5-585x329.jpg 585w, https:\/\/progettotouring.it\/radiotouring104\/wp-content\/uploads\/sites\/6\/2023\/09\/mostra-lego-5.jpg 1599w\" sizes=\"(max-width: 300px) 100vw, 300px\" \/> <img loading=\"lazy\" decoding=\"async\" class=\"alignnone size-medium wp-image-33838\" src=\"https:\/\/progettotouring.it\/radiotouring104\/wp-content\/uploads\/sites\/6\/2023\/09\/mostra-lego-10-300x135.jpg\" alt=\"\" width=\"300\" height=\"135\" srcset=\"https:\/\/progettotouring.it\/radiotouring104\/wp-content\/uploads\/sites\/6\/2023\/09\/mostra-lego-10-300x135.jpg 300w, https:\/\/progettotouring.it\/radiotouring104\/wp-content\/uploads\/sites\/6\/2023\/09\/mostra-lego-10-1024x461.jpg 1024w, https:\/\/progettotouring.it\/radiotouring104\/wp-content\/uploads\/sites\/6\/2023\/09\/mostra-lego-10-768x346.jpg 768w, https:\/\/progettotouring.it\/radiotouring104\/wp-content\/uploads\/sites\/6\/2023\/09\/mostra-lego-10-1536x691.jpg 1536w, https:\/\/progettotouring.it\/radiotouring104\/wp-content\/uploads\/sites\/6\/2023\/09\/mostra-lego-10-1170x527.jpg 1170w, https:\/\/progettotouring.it\/radiotouring104\/wp-content\/uploads\/sites\/6\/2023\/09\/mostra-lego-10-585x263.jpg 585w, https:\/\/progettotouring.it\/radiotouring104\/wp-content\/uploads\/sites\/6\/2023\/09\/mostra-lego-10.jpg 1600w\" sizes=\"(max-width: 300px) 100vw, 300px\" \/> <img loading=\"lazy\" decoding=\"async\" class=\"alignnone size-medium wp-image-33839\" src=\"https:\/\/progettotouring.it\/radiotouring104\/wp-content\/uploads\/sites\/6\/2023\/09\/mostra-lego-7-300x135.jpg\" alt=\"\" width=\"300\" height=\"135\" srcset=\"https:\/\/progettotouring.it\/radiotouring104\/wp-content\/uploads\/sites\/6\/2023\/09\/mostra-lego-7-300x135.jpg 300w, https:\/\/progettotouring.it\/radiotouring104\/wp-content\/uploads\/sites\/6\/2023\/09\/mostra-lego-7-1024x461.jpg 1024w, https:\/\/progettotouring.it\/radiotouring104\/wp-content\/uploads\/sites\/6\/2023\/09\/mostra-lego-7-768x346.jpg 768w, https:\/\/progettotouring.it\/radiotouring104\/wp-content\/uploads\/sites\/6\/2023\/09\/mostra-lego-7-1536x691.jpg 1536w, https:\/\/progettotouring.it\/radiotouring104\/wp-content\/uploads\/sites\/6\/2023\/09\/mostra-lego-7-1170x527.jpg 1170w, https:\/\/progettotouring.it\/radiotouring104\/wp-content\/uploads\/sites\/6\/2023\/09\/mostra-lego-7-585x263.jpg 585w, https:\/\/progettotouring.it\/radiotouring104\/wp-content\/uploads\/sites\/6\/2023\/09\/mostra-lego-7.jpg 1600w\" sizes=\"(max-width: 300px) 100vw, 300px\" \/> <img loading=\"lazy\" decoding=\"async\" class=\"alignnone size-medium wp-image-33840\" src=\"https:\/\/progettotouring.it\/radiotouring104\/wp-content\/uploads\/sites\/6\/2023\/09\/mostra-lego-9-135x300.jpg\" alt=\"\" width=\"135\" height=\"300\" srcset=\"https:\/\/progettotouring.it\/radiotouring104\/wp-content\/uploads\/sites\/6\/2023\/09\/mostra-lego-9-135x300.jpg 135w, https:\/\/progettotouring.it\/radiotouring104\/wp-content\/uploads\/sites\/6\/2023\/09\/mostra-lego-9-461x1024.jpg 461w, https:\/\/progettotouring.it\/radiotouring104\/wp-content\/uploads\/sites\/6\/2023\/09\/mostra-lego-9-691x1536.jpg 691w, https:\/\/progettotouring.it\/radiotouring104\/wp-content\/uploads\/sites\/6\/2023\/09\/mostra-lego-9-585x1300.jpg 585w, https:\/\/progettotouring.it\/radiotouring104\/wp-content\/uploads\/sites\/6\/2023\/09\/mostra-lego-9.jpg 720w\" sizes=\"(max-width: 135px) 100vw, 135px\" \/> <img loading=\"lazy\" decoding=\"async\" class=\"alignnone size-medium wp-image-33841\" src=\"https:\/\/progettotouring.it\/radiotouring104\/wp-content\/uploads\/sites\/6\/2023\/09\/mostra-lego-8-300x135.jpg\" alt=\"\" width=\"300\" height=\"135\" srcset=\"https:\/\/progettotouring.it\/radiotouring104\/wp-content\/uploads\/sites\/6\/2023\/09\/mostra-lego-8-300x135.jpg 300w, https:\/\/progettotouring.it\/radiotouring104\/wp-content\/uploads\/sites\/6\/2023\/09\/mostra-lego-8-1024x461.jpg 1024w, https:\/\/progettotouring.it\/radiotouring104\/wp-content\/uploads\/sites\/6\/2023\/09\/mostra-lego-8-768x346.jpg 768w, https:\/\/progettotouring.it\/radiotouring104\/wp-content\/uploads\/sites\/6\/2023\/09\/mostra-lego-8-1536x691.jpg 1536w, https:\/\/progettotouring.it\/radiotouring104\/wp-content\/uploads\/sites\/6\/2023\/09\/mostra-lego-8-1170x527.jpg 1170w, https:\/\/progettotouring.it\/radiotouring104\/wp-content\/uploads\/sites\/6\/2023\/09\/mostra-lego-8-585x263.jpg 585w, https:\/\/progettotouring.it\/radiotouring104\/wp-content\/uploads\/sites\/6\/2023\/09\/mostra-lego-8.jpg 1600w\" sizes=\"(max-width: 300px) 100vw, 300px\" \/>Arriva nel capoluogo calabrese &#8211; <strong>dal 7 settembre 2023 al 6 gennaio 2024,<\/strong> presso gli spazi della <strong>Pinacoteca Civica<\/strong> di Reggio Calabria e del Foyer del Teatro Francesco Cilea &#8211; I LOVE LEGO, la mostra dei record<strong> che ha gi\u00e0 visto oltre 1 milione di visitatori<\/strong> nelle sue tappe in giro per il mondo: una mostra pensata per sognare, divertirsi e riscoprire il proprio lato ludico e creativo scrutando tra i dettagli di interi mondi in miniatura.<\/p>\n<p><strong>La mostra \u00e8 promossa<\/strong> dal Comune di Reggio Calabria, Assessorato Cultura e Turismo con l\u2019Assessora<strong> Irene Calabr\u00f2,<\/strong> nell\u2019ambito del progetto \u201cAzioni pilota per un distretto culturale e turistico della Citt\u00e0 di Reggio Calabria\u201d, a valere sulla corrispondente azione del PON METRO React-EU, prodotta ed organizzata da Piuma,<strong> in collaborazione con Arthemisia.<\/strong><\/p>\n<p><em>\u201cSiamo orgogliosi di poter presentare questo evento di carattere culturale che rappresenta un motivo di ulteriore interesse per i siti di pregio della nostra citt\u00e0, in particolare il Teatro Cilea, con il suo splendido foyer, e la Pinacoteca Civica\u201d<\/em><strong> affermano il sindaco<\/strong> facente funzioni di Reggio Calabria <strong>Paolo Brunetti e l&#8217;Assessora<\/strong> alla Cultura e al Turismo<strong> Irene Calabr\u00f2.<\/strong> \u201cPer quattro mesi \u2013<strong> aggiungono<\/strong> <em>\u2013 offriremo l&#8217;opportunit\u00e0 a cittadini e turisti di visitare un percorso espositivo interessante e coinvolgente, in particolare per bambini e ragazzi, ma anche i tanti appassionati del settore, innalzando il livello di attrattivit\u00e0 del nostro territorio con una mostra di circuitazione internazionale in grado di captare flussi orientati al turismo culturale. La mostra \u201cI Love Lego\u201d sar\u00e0 quindi un&#8217;occasione per grandi e piccini di scoprire le tante curiosit\u00e0 del mondo degli iconici mattoncini, e soprattutto per i pi\u00f9 piccoli sar\u00e0 affascinante addentrarsi, attraverso il gioco ed i colori, in un ambiente che custodisce capolavori dell&#8217;arte come le tavolette di Antonello da Messina o le opere di Mattia Preti. Un vero e proprio invito alle arti, da scoprire e riscoprire con il sorriso\u201d.<\/em><\/p>\n<p><strong>Decine di metri quadrati di scenari interamente realizzati con mattoncini LEGO\u00ae<\/strong> andranno a comporre vere e proprie opere di architettura e ingegneria: dalla citt\u00e0 contemporanea ideale alle avventure leggendarie dei pirati, dai paesaggi medievali agli splendori dell\u2019Antica Roma, ricostruiti e minuziosamente progettati coi moduli pi\u00f9 famosi al mondo.<\/p>\n<p>Milioni di mattoncini ma non solo. Tra 6 fantastici diorami costruiti grazie alla collaborazione di un gruppo di appassionati collezionisti privati, le due sedi saranno invase da tante installazioni che renderanno la mostra unica.<br \/>\nInfatti, a far da cornice ai minimondi Lego e \u201cinvadendo\u201d gli stessi diorami, le<strong> simpaticissime vignette comiche ideate da \u201cLegolize\u201d (<\/strong>pagina umoristica che crea installazioni utilizzando proprio i LEGO) accompagneranno i visitatori a dimostrare quanto dei semplici mattoncini siano entrati &#8211; anche per un solo momento &#8211; a far parte della vita di ciascuno e siano in grado di \u201ccreare arte a 360\u00b0\u201d.<br \/>\nInoltre,<strong> lungo il percorso di mostra saranno presenti anche gli oli ispirati a grandi capolavori della storia dell\u2019arte<\/strong> reinterpretati e trasformati in \u201comini lego\u201d dall\u2019artista contemporaneo Stefano Bolcato: unendo la sua passione per i LEGO e la sua arte &#8211; attraverso una tecnica pittorica ad olio &#8211; crea forme di assemblaggio ispirate in particolare modo dal \u201cmagnetismo\u201d dei ritratti rinascimentali.<br \/>\n<strong>La mostra I LOVE LEGO \u00e8 un\u2019occasione imperdibile<\/strong> per tutti gli appassionati, per le famiglie e per i pi\u00f9 piccoli, che potranno passare una giornata da protagonisti in un\u2019atmosfera magica e divertente che ha come protagonista quei mattoncini \u201cprodigiosi\u201d che ogni anno fanno giocare oltre 100 milioni di persone.<\/p>\n<p>La mostra non \u00e8 direttamente sponsorizzata da LEGO ed \u00e8 realizzata grazie ad alcuni dei pi\u00f9 grandi collezionisti del mondo.<\/p>\n<p><b>I DIORAMI<br \/>\n<\/b>Classic Space<br \/>\nIdeato e progettato da uno dei pi\u00f9 grandi collezionisti al mondo di set e pezzi originali della serie Anni \u201880 Lego\u00ae Classic Space, Massimiliano Valentini, il grande diorama \u201cSpazio\u201d riproduce un insediamento minerario lunare. In questo futuristico scenario l\u2019uomo si avvale dell\u2019aiuto di astronavi, droidi e macchinari per la ricerca di nuove risorse. La sua realizzazione \u00e8 in continuo divenire in quanto di volta in volta si arricchisce di nuovi elementi unici e irripetibili creati dal costruttore che trae ispirazione oltre che dalla serie originale anche dalle pi\u00f9 importanti saghe di fantascienza cinematografiche.<\/p>\n<p><strong>Grande Diorama City<\/strong><br \/>\nIl Grande Diorama City, realizzato e coordinato da Marcello Amalfitano, \u00e8 un work in progress costante dal 2016; massima espressione del tema cittadino \u00e8 composto da costruzioni uniche e irripetibili, realizzate interamente con mattoncini originali e utilizzando sia tecniche di costruzione tradizionali sia tecniche anticonvenzionali.<br \/>\nI costruttori progettano e realizzano indipendentemente le loro opere usando ispirazioni e stili diversi, utilizzando schizzi, disegni tecnici ma anche software di progettazione assistito dedicati ai mattoncini Lego. La collezione di queste creazioni viene arricchita costantemente da nuove opere composte da migliaia di mattoncini e ricche di particolari.<br \/>\nL\u2019assetto urbano viene definito usando software CAD pi\u00f9 convenzionali; si delineano cos\u00ec i quartieri del centro storico, i moderni quartieri dove sorgono gli altissimi grattacieli, zone verdi e aree ricreative, il tutto incorniciato dalle tratte ferroviarie.<br \/>\nCompleta l\u2019installazione della City un fantastico Porto che nasce da un progetto di Andrea Battaglia che riproduce una porzione del porto antistante la citt\u00e0; i grandi palazzi si stagliano sul lungo molo dove approdano gli yacht delle celebrit\u00e0 e i motoscafi dei cittadini che si concedono un giorno di svago godendosi il mare.<br \/>\nTra le navi pi\u00f9 belle spiccano il catamarano \u201cQueen Mary\u201d da 3000 pezzi, il \u201cNemesi\u201d (quello con la chiglia verde) da 3100 pezzi e il colossale \u201cPrince Marie\u201d (tutto nero) da 3900 pezzi.<br \/>\nCompleta l\u2019installazione della City un fantastico Porto che nasce da un progetto di Andrea Battaglia che riproduce una porzione del porto antistante la citt\u00e0; i grandi palazzi si stagliano sul lungo molo dove approdano gli yacht delle celebrit\u00e0 e i motoscafi dei cittadini che si concedono un giorno di svago godendosi il mare.<br \/>\nTra le navi pi\u00f9 belle spiccano il catamarano \u201cQueen Mary\u201d da 3800 pezzi, il \u201cNemesi\u201d (quello con la chiglia verde) da 3100 pezzi e il colossale \u201cPrince Marie\u201d (tutto nero) da 2900 pezzi.<\/p>\n<p><strong>Roma e i fori imperiali &#8211; Il foro di Nerva<\/strong><br \/>\nAntonio Cerretti con un diorama di 80.000 mattoncini fa il Foro di Nerva o Transitorio, uno dei fori definiti come imperiali, un insieme di monumentali piazze che costituivano il centro della citt\u00e0 di Roma in epoca imperiale. Iniziato dall\u2019imperatore Domiziano, fu inaugurato dal suo successore Marco Cocceio Nerva nel 97 d.C.<br \/>\nLa pianta del Foro di Nerva fu condizionata dallo spazio disponibile tra i complessi precedenti: la piazza ebbe una pianta stretta e allungata. Al centro del foro era presente il tempio di Giano, realizzato come arco quadrifronte. All\u2019estremit\u00e0 la piazza era dominata da un tempio dedicato a Minerva dietro al quale era posizionata la Porticus Absidata, un ingresso monumentale all\u2019area dei fori dal quartiere limitrofo. Il lato breve opposto al tempio, a ridosso del Foro Romano, aveva pianta curvilinea. Su questo lato doveva esistere un ingresso dal Foro Romano, forse identificabile con l&#8217;Arcus Nervae citato in alcune fonti medievali.<\/p>\n<p><strong>Pirati<\/strong><br \/>\n\u00c8 ispirato alle avventure leggendarie dei lontani mari caraibici.<br \/>\nLe opere contenute hanno richiesto svariati tentativi e modifiche, di natura sia stilistica che strutturale.<br \/>\nL\u2019atollo di origine vulcanica \u00e8 ritenuto il posto perfetto per nascondere i tesori di mille scorribande mentre gli indigeni sono pronti a difendere il proprio territorio. I gendarmi sapendolo, sono appostati per recuperare il bottino e imprigionare i malviventi.<br \/>\nIl kraken, mostro marino leggendario dalle dimensioni abnormi (5.350 pezzi) \u00e8 stato progettato interamente in digitale con successive modifiche estetico\/strutturali.<br \/>\nIl mito di questo animale leggendario &#8211; che infestava gli incubi dei marinai di tutto il mondo, di dimensioni abnormi, generalmente immaginato come un gigantesco cefalopode tipo calamaro con tentacoli cos\u00ec lunghi da avvolgere una nave &#8211; si \u00e8 sviluppato soprattutto fra il Seicento e l&#8217;Ottocento. La nave pirata Sea Reaper \u00e8 ispirata alla famosa nave HMS Victory, un vascello di prima classe, a tre ponti da 104 cannoni della Royal Navy, costruita negli anni 1760. La paratia laterale \u00e8 apribile, al fine di mostrare i ponti e le cabine arredate.<br \/>\nLa nave pirata Snake Wing \u00e8 di libera ispirazione e presenta ponte e cabine arredate. Le vele e i cordami sono realizzati con pezzi originali presi dai set della serie \u201cPirates\u201d.<\/p>\n<p><strong>Nido dell\u2019aquila<\/strong><br \/>\nIspirato alla saga A Song of Ice and Fire dello scrittore americano George R.R. Martin e alla pluripremiata serie tv Game of Thrones, l&#8217;inespugnabile roccaforte di Nido dell&#8217;Aquila (The Eyrie) \u00e8 la residenza della casata Arryn, protettrice dell\u2019est.<br \/>\nLo spettacolare progetto (circa 300.000 di Manuel Montaldo) inizia a prendere corpo nella mente del progettista nel 2014 e dopo 2 anni di intenso lavoro viene esposta per la prima volta al Lucca Comics and Games 2016 tra lo stupore del pubblico.<br \/>\nLo scenario, a cui continuano ad aggiungersi nuovi dettagli anno dopo anno, occupa una superficie di quasi 3 metri quadrati, mentre la sommit\u00e0 del castello raggiunge 1,80 m di altezza. Per la sua realizzazione sono stati utilizzati oltre 300.000 pezzi reperiti in oltre 3 anni di ricerca.<\/p>\n<p><strong>Grande Diorama Castello<\/strong><br \/>\nIl diorama medievale nasce da un&#8217;idea di Marco Cancellieri e Jonathan Petrongari nel lontano 2011; partecipa alla costruzione anche Marcello Amalfitano. 250.000 pezzi soggetti a numerosi cambiamenti nel corso degli anni. Del progetto iniziale \u00e8 rimasta soltanto l\u2019imponente citt\u00e0 fortificata che sorge nella parte sud; tutto il resto \u00e8 stato costruito tra il 2013 e il 2015.<br \/>\nQuesto diorama pu\u00f2 raggiungere la superfice record di 27 metri quadrati.<br \/>\nPartendo da Sud troviamo una piccola foresta abitata dai Forestman e un piccolo forte dei Black Falcons (personaggi della serie originale Lego\u00ae Classic Castle), la citt\u00e0 fortificata sviluppata intorno alla Basilica. Da questa parte il sentiero porta a un piccolo villaggio e all\u2019entrata della foresta.<br \/>\nOltre la foresta il villaggio alle porte di Winterfell, dimora della casata Stark, ultimo castello presente nel profondo Nord ispirato alla serie tv Game of Thrones. Nel Castello il giardino con l\u2019Albero Cuore.<\/p>\n<p><b>SCHEDA TECNICA<br \/>\n<\/b><br \/>\nTitolo: I Love Lego<\/p>\n<p>Date al pubblico<br \/>\n7 settembre 2023 \u2013 6 gennaio 2024<\/p>\n<p>Sedi<br \/>\nPinacoteca Civica di Reggio Calabria (Via Osanna, n\u00b0 6)<br \/>\nFoyer del Teatro Francesco Cilea (Corso Garibaldi)<\/p>\n<p>Orari<br \/>\ndal marted\u00ec al venerd\u00ec<br \/>\n8.30 &#8211; 13.20 (ultimo accesso ore 12.30) | 14.30 \u2013 18.00 (ultimo accesso ore 17.15)<br \/>\nsabato, domenica, festivi e periodo natalizio (dal 26 dicembre al 6 gennaio)<br \/>\n10.30 \u2013 19.00 (ultimo ingresso alle 18.15)<\/p>\n<p>Biglietti (info e prenotazioni\u00a0<a href=\"http:\/\/www.ticket.it\/\" target=\"_blank\" rel=\"noopener noreferrer\">www.ticket.it<\/a>)<br \/>\nMostra + Pinacoteca Civica<br \/>\nIntero \u20ac 10,00<br \/>\nRidotto \u20ac 8,00 (studenti di ogni ordine e grado, bambini dai 4 anni in su)<br \/>\nOmaggio bambini sotto i 4 anni<\/p>\n","protected":false},"excerpt":{"rendered":"<p>Arriva nel capoluogo calabrese &#8211; dal 7 settembre 2023 al 6 gennaio 2024, presso gli spazi della Pinacoteca Civica di Reggio Calabria e del Foyer del Teatro Francesco Cilea &#8211;&hellip;<\/p>\n","protected":false},"author":12,"featured_media":33830,"comment_status":"closed","ping_status":"open","sticky":false,"template":"","format":"standard","meta":{"_jetpack_memberships_contains_paid_content":false,"footnotes":"","jetpack_publicize_message":"","jetpack_publicize_feature_enabled":true,"jetpack_social_post_already_shared":false,"jetpack_social_options":{"image_generator_settings":{"template":"highway","default_image_id":0,"font":"","enabled":false},"version":2}},"categories":[921,150,196,140],"tags":[8205,239,21183,21184,3509],"class_list":["post-33828","post","type-post","status-publish","format-standard","has-post-thumbnail","hentry","category-home","category-in-primo-piano","category-news","category-reggio-calabria","tag-ass-irene-calabro","tag-carmelo-versace","tag-foyer-del-teatro-cilea","tag-mostra-i-love-lego","tag-pinacoteca-civica"],"yoast_head":"<!-- This site is optimized with the Yoast SEO plugin v27.2 - https:\/\/yoast.com\/product\/yoast-seo-wordpress\/ -->\n<title>I LOVE LEGO: da domani visitabile in Pinacoteca e Foyer del Cilea<\/title>\n<meta name=\"description\" content=\"Presentata stamattina la mostra I LOVE LEGO che sar\u00e0 visitabile da domani, fino al 7 gennaio, alla Pinacoteca Civica e Foyer del Teatro Cilea\" \/>\n<meta name=\"robots\" content=\"index, follow, max-snippet:-1, max-image-preview:large, max-video-preview:-1\" \/>\n<link rel=\"canonical\" href=\"https:\/\/progettotouring.it\/radiotouring104\/2023\/09\/06\/i-love-lego-da-domani-mostra-visitabile-alla-pinacoteca-civica-e-foyer-del-cilea\/\" \/>\n<meta property=\"og:locale\" content=\"it_IT\" \/>\n<meta property=\"og:type\" content=\"article\" \/>\n<meta property=\"og:title\" content=\"I LOVE LEGO: da domani visitabile in Pinacoteca e Foyer del Cilea\" \/>\n<meta property=\"og:description\" content=\"Presentata stamattina la mostra I LOVE LEGO che sar\u00e0 visitabile da domani, fino al 7 gennaio, alla Pinacoteca Civica e Foyer del Teatro Cilea\" \/>\n<meta property=\"og:url\" content=\"https:\/\/progettotouring.it\/radiotouring104\/2023\/09\/06\/i-love-lego-da-domani-mostra-visitabile-alla-pinacoteca-civica-e-foyer-del-cilea\/\" \/>\n<meta property=\"og:site_name\" content=\"Radio Touring 104\" \/>\n<meta property=\"article:published_time\" content=\"2023-09-06T10:27:07+00:00\" \/>\n<meta property=\"article:modified_time\" content=\"2023-09-06T10:30:59+00:00\" \/>\n<meta property=\"og:image\" content=\"https:\/\/progettotouring.it\/radiotouring104\/wp-content\/uploads\/sites\/6\/2023\/09\/mostra-lego-3.jpg\" \/>\n\t<meta property=\"og:image:width\" content=\"1599\" \/>\n\t<meta property=\"og:image:height\" content=\"899\" \/>\n\t<meta property=\"og:image:type\" content=\"image\/jpeg\" \/>\n<meta name=\"author\" content=\"Sebastiano Plutino\" \/>\n<meta name=\"twitter:card\" content=\"summary_large_image\" \/>\n<meta name=\"twitter:label1\" content=\"Scritto da\" \/>\n\t<meta name=\"twitter:data1\" content=\"Sebastiano Plutino\" \/>\n\t<meta name=\"twitter:label2\" content=\"Tempo di lettura stimato\" \/>\n\t<meta name=\"twitter:data2\" content=\"8 minuti\" \/>\n<script type=\"application\/ld+json\" class=\"yoast-schema-graph\">{\"@context\":\"https:\/\/schema.org\",\"@graph\":[{\"@type\":\"Article\",\"@id\":\"https:\/\/progettotouring.it\/radiotouring104\/2023\/09\/06\/i-love-lego-da-domani-mostra-visitabile-alla-pinacoteca-civica-e-foyer-del-cilea\/#article\",\"isPartOf\":{\"@id\":\"https:\/\/progettotouring.it\/radiotouring104\/2023\/09\/06\/i-love-lego-da-domani-mostra-visitabile-alla-pinacoteca-civica-e-foyer-del-cilea\/\"},\"author\":{\"name\":\"Sebastiano Plutino\",\"@id\":\"https:\/\/progettotouring.it\/radiotouring104\/#\/schema\/person\/78613917f1851f041f7483f5af1d422e\"},\"headline\":\"I LOVE LEGO: da domani, mostra visitabile alla Pinacoteca Civica e Foyer del Cilea\",\"datePublished\":\"2023-09-06T10:27:07+00:00\",\"dateModified\":\"2023-09-06T10:30:59+00:00\",\"mainEntityOfPage\":{\"@id\":\"https:\/\/progettotouring.it\/radiotouring104\/2023\/09\/06\/i-love-lego-da-domani-mostra-visitabile-alla-pinacoteca-civica-e-foyer-del-cilea\/\"},\"wordCount\":1697,\"publisher\":{\"@id\":\"https:\/\/progettotouring.it\/radiotouring104\/#organization\"},\"image\":{\"@id\":\"https:\/\/progettotouring.it\/radiotouring104\/2023\/09\/06\/i-love-lego-da-domani-mostra-visitabile-alla-pinacoteca-civica-e-foyer-del-cilea\/#primaryimage\"},\"thumbnailUrl\":\"https:\/\/progettotouring.it\/radiotouring104\/wp-content\/uploads\/sites\/6\/2023\/09\/mostra-lego-3.jpg\",\"keywords\":[\"Ass. Irene Calabr\u00f2\",\"carmelo versace\",\"Foyer del Teatro Cilea\",\"mostra I LOVE LEGO\",\"Pinacoteca Civica\"],\"articleSection\":[\"Home\",\"In primo piano\",\"News\",\"Reggio Calabria\"],\"inLanguage\":\"it-IT\"},{\"@type\":\"WebPage\",\"@id\":\"https:\/\/progettotouring.it\/radiotouring104\/2023\/09\/06\/i-love-lego-da-domani-mostra-visitabile-alla-pinacoteca-civica-e-foyer-del-cilea\/\",\"url\":\"https:\/\/progettotouring.it\/radiotouring104\/2023\/09\/06\/i-love-lego-da-domani-mostra-visitabile-alla-pinacoteca-civica-e-foyer-del-cilea\/\",\"name\":\"I LOVE LEGO: da domani visitabile in Pinacoteca e Foyer del Cilea\",\"isPartOf\":{\"@id\":\"https:\/\/progettotouring.it\/radiotouring104\/#website\"},\"primaryImageOfPage\":{\"@id\":\"https:\/\/progettotouring.it\/radiotouring104\/2023\/09\/06\/i-love-lego-da-domani-mostra-visitabile-alla-pinacoteca-civica-e-foyer-del-cilea\/#primaryimage\"},\"image\":{\"@id\":\"https:\/\/progettotouring.it\/radiotouring104\/2023\/09\/06\/i-love-lego-da-domani-mostra-visitabile-alla-pinacoteca-civica-e-foyer-del-cilea\/#primaryimage\"},\"thumbnailUrl\":\"https:\/\/progettotouring.it\/radiotouring104\/wp-content\/uploads\/sites\/6\/2023\/09\/mostra-lego-3.jpg\",\"datePublished\":\"2023-09-06T10:27:07+00:00\",\"dateModified\":\"2023-09-06T10:30:59+00:00\",\"description\":\"Presentata stamattina la mostra I LOVE LEGO che sar\u00e0 visitabile da domani, fino al 7 gennaio, alla Pinacoteca Civica e Foyer del Teatro Cilea\",\"breadcrumb\":{\"@id\":\"https:\/\/progettotouring.it\/radiotouring104\/2023\/09\/06\/i-love-lego-da-domani-mostra-visitabile-alla-pinacoteca-civica-e-foyer-del-cilea\/#breadcrumb\"},\"inLanguage\":\"it-IT\",\"potentialAction\":[{\"@type\":\"ReadAction\",\"target\":[\"https:\/\/progettotouring.it\/radiotouring104\/2023\/09\/06\/i-love-lego-da-domani-mostra-visitabile-alla-pinacoteca-civica-e-foyer-del-cilea\/\"]}]},{\"@type\":\"ImageObject\",\"inLanguage\":\"it-IT\",\"@id\":\"https:\/\/progettotouring.it\/radiotouring104\/2023\/09\/06\/i-love-lego-da-domani-mostra-visitabile-alla-pinacoteca-civica-e-foyer-del-cilea\/#primaryimage\",\"url\":\"https:\/\/progettotouring.it\/radiotouring104\/wp-content\/uploads\/sites\/6\/2023\/09\/mostra-lego-3.jpg\",\"contentUrl\":\"https:\/\/progettotouring.it\/radiotouring104\/wp-content\/uploads\/sites\/6\/2023\/09\/mostra-lego-3.jpg\",\"width\":1599,\"height\":899},{\"@type\":\"BreadcrumbList\",\"@id\":\"https:\/\/progettotouring.it\/radiotouring104\/2023\/09\/06\/i-love-lego-da-domani-mostra-visitabile-alla-pinacoteca-civica-e-foyer-del-cilea\/#breadcrumb\",\"itemListElement\":[{\"@type\":\"ListItem\",\"position\":1,\"name\":\"Home\",\"item\":\"https:\/\/progettotouring.it\/radiotouring104\/\"},{\"@type\":\"ListItem\",\"position\":2,\"name\":\"I LOVE LEGO: da domani, mostra visitabile alla Pinacoteca Civica e Foyer del Cilea\"}]},{\"@type\":\"WebSite\",\"@id\":\"https:\/\/progettotouring.it\/radiotouring104\/#website\",\"url\":\"https:\/\/progettotouring.it\/radiotouring104\/\",\"name\":\"Radio Touring 104\",\"description\":\"La prima radio Reggina\",\"publisher\":{\"@id\":\"https:\/\/progettotouring.it\/radiotouring104\/#organization\"},\"potentialAction\":[{\"@type\":\"SearchAction\",\"target\":{\"@type\":\"EntryPoint\",\"urlTemplate\":\"https:\/\/progettotouring.it\/radiotouring104\/?s={search_term_string}\"},\"query-input\":{\"@type\":\"PropertyValueSpecification\",\"valueRequired\":true,\"valueName\":\"search_term_string\"}}],\"inLanguage\":\"it-IT\"},{\"@type\":\"Organization\",\"@id\":\"https:\/\/progettotouring.it\/radiotouring104\/#organization\",\"name\":\"Radio Touring 104\",\"url\":\"https:\/\/progettotouring.it\/radiotouring104\/\",\"logo\":{\"@type\":\"ImageObject\",\"inLanguage\":\"it-IT\",\"@id\":\"https:\/\/progettotouring.it\/radiotouring104\/#\/schema\/logo\/image\/\",\"url\":\"https:\/\/progettotouring.it\/radiotouring104\/wp-content\/uploads\/sites\/6\/2022\/02\/cropped-logo-radio-touring-104.png\",\"contentUrl\":\"https:\/\/progettotouring.it\/radiotouring104\/wp-content\/uploads\/sites\/6\/2022\/02\/cropped-logo-radio-touring-104.png\",\"width\":377,\"height\":182,\"caption\":\"Radio Touring 104\"},\"image\":{\"@id\":\"https:\/\/progettotouring.it\/radiotouring104\/#\/schema\/logo\/image\/\"}},{\"@type\":\"Person\",\"@id\":\"https:\/\/progettotouring.it\/radiotouring104\/#\/schema\/person\/78613917f1851f041f7483f5af1d422e\",\"name\":\"Sebastiano Plutino\",\"image\":{\"@type\":\"ImageObject\",\"inLanguage\":\"it-IT\",\"@id\":\"https:\/\/secure.gravatar.com\/avatar\/0546ffaa9b79224faf9f2a156b67a529ae861d3287c66c1d8ccfdf909bcba78d?s=96&d=mm&r=g\",\"url\":\"https:\/\/secure.gravatar.com\/avatar\/0546ffaa9b79224faf9f2a156b67a529ae861d3287c66c1d8ccfdf909bcba78d?s=96&d=mm&r=g\",\"contentUrl\":\"https:\/\/secure.gravatar.com\/avatar\/0546ffaa9b79224faf9f2a156b67a529ae861d3287c66c1d8ccfdf909bcba78d?s=96&d=mm&r=g\",\"caption\":\"Sebastiano Plutino\"},\"url\":\"https:\/\/progettotouring.it\/radiotouring104\/author\/sebastiano\/\"}]}<\/script>\n<!-- \/ Yoast SEO plugin. -->","yoast_head_json":{"title":"I LOVE LEGO: da domani visitabile in Pinacoteca e Foyer del Cilea","description":"Presentata stamattina la mostra I LOVE LEGO che sar\u00e0 visitabile da domani, fino al 7 gennaio, alla Pinacoteca Civica e Foyer del Teatro Cilea","robots":{"index":"index","follow":"follow","max-snippet":"max-snippet:-1","max-image-preview":"max-image-preview:large","max-video-preview":"max-video-preview:-1"},"canonical":"https:\/\/progettotouring.it\/radiotouring104\/2023\/09\/06\/i-love-lego-da-domani-mostra-visitabile-alla-pinacoteca-civica-e-foyer-del-cilea\/","og_locale":"it_IT","og_type":"article","og_title":"I LOVE LEGO: da domani visitabile in Pinacoteca e Foyer del Cilea","og_description":"Presentata stamattina la mostra I LOVE LEGO che sar\u00e0 visitabile da domani, fino al 7 gennaio, alla Pinacoteca Civica e Foyer del Teatro Cilea","og_url":"https:\/\/progettotouring.it\/radiotouring104\/2023\/09\/06\/i-love-lego-da-domani-mostra-visitabile-alla-pinacoteca-civica-e-foyer-del-cilea\/","og_site_name":"Radio Touring 104","article_published_time":"2023-09-06T10:27:07+00:00","article_modified_time":"2023-09-06T10:30:59+00:00","og_image":[{"width":1599,"height":899,"url":"https:\/\/progettotouring.it\/radiotouring104\/wp-content\/uploads\/sites\/6\/2023\/09\/mostra-lego-3.jpg","type":"image\/jpeg"}],"author":"Sebastiano Plutino","twitter_card":"summary_large_image","twitter_misc":{"Scritto da":"Sebastiano Plutino","Tempo di lettura stimato":"8 minuti"},"schema":{"@context":"https:\/\/schema.org","@graph":[{"@type":"Article","@id":"https:\/\/progettotouring.it\/radiotouring104\/2023\/09\/06\/i-love-lego-da-domani-mostra-visitabile-alla-pinacoteca-civica-e-foyer-del-cilea\/#article","isPartOf":{"@id":"https:\/\/progettotouring.it\/radiotouring104\/2023\/09\/06\/i-love-lego-da-domani-mostra-visitabile-alla-pinacoteca-civica-e-foyer-del-cilea\/"},"author":{"name":"Sebastiano Plutino","@id":"https:\/\/progettotouring.it\/radiotouring104\/#\/schema\/person\/78613917f1851f041f7483f5af1d422e"},"headline":"I LOVE LEGO: da domani, mostra visitabile alla Pinacoteca Civica e Foyer del Cilea","datePublished":"2023-09-06T10:27:07+00:00","dateModified":"2023-09-06T10:30:59+00:00","mainEntityOfPage":{"@id":"https:\/\/progettotouring.it\/radiotouring104\/2023\/09\/06\/i-love-lego-da-domani-mostra-visitabile-alla-pinacoteca-civica-e-foyer-del-cilea\/"},"wordCount":1697,"publisher":{"@id":"https:\/\/progettotouring.it\/radiotouring104\/#organization"},"image":{"@id":"https:\/\/progettotouring.it\/radiotouring104\/2023\/09\/06\/i-love-lego-da-domani-mostra-visitabile-alla-pinacoteca-civica-e-foyer-del-cilea\/#primaryimage"},"thumbnailUrl":"https:\/\/progettotouring.it\/radiotouring104\/wp-content\/uploads\/sites\/6\/2023\/09\/mostra-lego-3.jpg","keywords":["Ass. Irene Calabr\u00f2","carmelo versace","Foyer del Teatro Cilea","mostra I LOVE LEGO","Pinacoteca Civica"],"articleSection":["Home","In primo piano","News","Reggio Calabria"],"inLanguage":"it-IT"},{"@type":"WebPage","@id":"https:\/\/progettotouring.it\/radiotouring104\/2023\/09\/06\/i-love-lego-da-domani-mostra-visitabile-alla-pinacoteca-civica-e-foyer-del-cilea\/","url":"https:\/\/progettotouring.it\/radiotouring104\/2023\/09\/06\/i-love-lego-da-domani-mostra-visitabile-alla-pinacoteca-civica-e-foyer-del-cilea\/","name":"I LOVE LEGO: da domani visitabile in Pinacoteca e Foyer del Cilea","isPartOf":{"@id":"https:\/\/progettotouring.it\/radiotouring104\/#website"},"primaryImageOfPage":{"@id":"https:\/\/progettotouring.it\/radiotouring104\/2023\/09\/06\/i-love-lego-da-domani-mostra-visitabile-alla-pinacoteca-civica-e-foyer-del-cilea\/#primaryimage"},"image":{"@id":"https:\/\/progettotouring.it\/radiotouring104\/2023\/09\/06\/i-love-lego-da-domani-mostra-visitabile-alla-pinacoteca-civica-e-foyer-del-cilea\/#primaryimage"},"thumbnailUrl":"https:\/\/progettotouring.it\/radiotouring104\/wp-content\/uploads\/sites\/6\/2023\/09\/mostra-lego-3.jpg","datePublished":"2023-09-06T10:27:07+00:00","dateModified":"2023-09-06T10:30:59+00:00","description":"Presentata stamattina la mostra I LOVE LEGO che sar\u00e0 visitabile da domani, fino al 7 gennaio, alla Pinacoteca Civica e Foyer del Teatro Cilea","breadcrumb":{"@id":"https:\/\/progettotouring.it\/radiotouring104\/2023\/09\/06\/i-love-lego-da-domani-mostra-visitabile-alla-pinacoteca-civica-e-foyer-del-cilea\/#breadcrumb"},"inLanguage":"it-IT","potentialAction":[{"@type":"ReadAction","target":["https:\/\/progettotouring.it\/radiotouring104\/2023\/09\/06\/i-love-lego-da-domani-mostra-visitabile-alla-pinacoteca-civica-e-foyer-del-cilea\/"]}]},{"@type":"ImageObject","inLanguage":"it-IT","@id":"https:\/\/progettotouring.it\/radiotouring104\/2023\/09\/06\/i-love-lego-da-domani-mostra-visitabile-alla-pinacoteca-civica-e-foyer-del-cilea\/#primaryimage","url":"https:\/\/progettotouring.it\/radiotouring104\/wp-content\/uploads\/sites\/6\/2023\/09\/mostra-lego-3.jpg","contentUrl":"https:\/\/progettotouring.it\/radiotouring104\/wp-content\/uploads\/sites\/6\/2023\/09\/mostra-lego-3.jpg","width":1599,"height":899},{"@type":"BreadcrumbList","@id":"https:\/\/progettotouring.it\/radiotouring104\/2023\/09\/06\/i-love-lego-da-domani-mostra-visitabile-alla-pinacoteca-civica-e-foyer-del-cilea\/#breadcrumb","itemListElement":[{"@type":"ListItem","position":1,"name":"Home","item":"https:\/\/progettotouring.it\/radiotouring104\/"},{"@type":"ListItem","position":2,"name":"I LOVE LEGO: da domani, mostra visitabile alla Pinacoteca Civica e Foyer del Cilea"}]},{"@type":"WebSite","@id":"https:\/\/progettotouring.it\/radiotouring104\/#website","url":"https:\/\/progettotouring.it\/radiotouring104\/","name":"Radio Touring 104","description":"La prima radio Reggina","publisher":{"@id":"https:\/\/progettotouring.it\/radiotouring104\/#organization"},"potentialAction":[{"@type":"SearchAction","target":{"@type":"EntryPoint","urlTemplate":"https:\/\/progettotouring.it\/radiotouring104\/?s={search_term_string}"},"query-input":{"@type":"PropertyValueSpecification","valueRequired":true,"valueName":"search_term_string"}}],"inLanguage":"it-IT"},{"@type":"Organization","@id":"https:\/\/progettotouring.it\/radiotouring104\/#organization","name":"Radio Touring 104","url":"https:\/\/progettotouring.it\/radiotouring104\/","logo":{"@type":"ImageObject","inLanguage":"it-IT","@id":"https:\/\/progettotouring.it\/radiotouring104\/#\/schema\/logo\/image\/","url":"https:\/\/progettotouring.it\/radiotouring104\/wp-content\/uploads\/sites\/6\/2022\/02\/cropped-logo-radio-touring-104.png","contentUrl":"https:\/\/progettotouring.it\/radiotouring104\/wp-content\/uploads\/sites\/6\/2022\/02\/cropped-logo-radio-touring-104.png","width":377,"height":182,"caption":"Radio Touring 104"},"image":{"@id":"https:\/\/progettotouring.it\/radiotouring104\/#\/schema\/logo\/image\/"}},{"@type":"Person","@id":"https:\/\/progettotouring.it\/radiotouring104\/#\/schema\/person\/78613917f1851f041f7483f5af1d422e","name":"Sebastiano Plutino","image":{"@type":"ImageObject","inLanguage":"it-IT","@id":"https:\/\/secure.gravatar.com\/avatar\/0546ffaa9b79224faf9f2a156b67a529ae861d3287c66c1d8ccfdf909bcba78d?s=96&d=mm&r=g","url":"https:\/\/secure.gravatar.com\/avatar\/0546ffaa9b79224faf9f2a156b67a529ae861d3287c66c1d8ccfdf909bcba78d?s=96&d=mm&r=g","contentUrl":"https:\/\/secure.gravatar.com\/avatar\/0546ffaa9b79224faf9f2a156b67a529ae861d3287c66c1d8ccfdf909bcba78d?s=96&d=mm&r=g","caption":"Sebastiano Plutino"},"url":"https:\/\/progettotouring.it\/radiotouring104\/author\/sebastiano\/"}]}},"jetpack_publicize_connections":[],"jetpack_featured_media_url":"https:\/\/progettotouring.it\/radiotouring104\/wp-content\/uploads\/sites\/6\/2023\/09\/mostra-lego-3.jpg","jetpack_sharing_enabled":true,"_links":{"self":[{"href":"https:\/\/progettotouring.it\/radiotouring104\/wp-json\/wp\/v2\/posts\/33828","targetHints":{"allow":["GET"]}}],"collection":[{"href":"https:\/\/progettotouring.it\/radiotouring104\/wp-json\/wp\/v2\/posts"}],"about":[{"href":"https:\/\/progettotouring.it\/radiotouring104\/wp-json\/wp\/v2\/types\/post"}],"author":[{"embeddable":true,"href":"https:\/\/progettotouring.it\/radiotouring104\/wp-json\/wp\/v2\/users\/12"}],"replies":[{"embeddable":true,"href":"https:\/\/progettotouring.it\/radiotouring104\/wp-json\/wp\/v2\/comments?post=33828"}],"version-history":[{"count":3,"href":"https:\/\/progettotouring.it\/radiotouring104\/wp-json\/wp\/v2\/posts\/33828\/revisions"}],"predecessor-version":[{"id":33843,"href":"https:\/\/progettotouring.it\/radiotouring104\/wp-json\/wp\/v2\/posts\/33828\/revisions\/33843"}],"wp:featuredmedia":[{"embeddable":true,"href":"https:\/\/progettotouring.it\/radiotouring104\/wp-json\/wp\/v2\/media\/33830"}],"wp:attachment":[{"href":"https:\/\/progettotouring.it\/radiotouring104\/wp-json\/wp\/v2\/media?parent=33828"}],"wp:term":[{"taxonomy":"category","embeddable":true,"href":"https:\/\/progettotouring.it\/radiotouring104\/wp-json\/wp\/v2\/categories?post=33828"},{"taxonomy":"post_tag","embeddable":true,"href":"https:\/\/progettotouring.it\/radiotouring104\/wp-json\/wp\/v2\/tags?post=33828"}],"curies":[{"name":"wp","href":"https:\/\/api.w.org\/{rel}","templated":true}]}}