{"id":33849,"date":"2023-09-06T12:52:16","date_gmt":"2023-09-06T10:52:16","guid":{"rendered":"https:\/\/progettotouring.it\/radiotouring104\/?p=33849"},"modified":"2023-09-06T12:52:31","modified_gmt":"2023-09-06T10:52:31","slug":"concluso-levento-sportivo-culturale-mediterranean-wellness-le-memorie-del-mare","status":"publish","type":"post","link":"https:\/\/progettotouring.it\/radiotouring104\/2023\/09\/06\/concluso-levento-sportivo-culturale-mediterranean-wellness-le-memorie-del-mare\/","title":{"rendered":"Concluso l&#8217;evento sportivo culturale \u201cMediterranean Wellness \u2013 Le Memorie del Mare\u201d"},"content":{"rendered":"<p class=\"xmprfx_MsoNormal\" style=\"text-align: justify\"><span style=\"font-family: Calibri\">Anche quest\u2019anno si conclude l\u2019Evento <strong>sportivo-culturale \u201cMediterranean Wellness \u2013 Le Memorie del Mare\u201d,<\/strong> riscuotendo grandissimo successo tra pubblico e partecipanti! Tantissime le attivit\u00e0 e gli spettacoli proposti, per questa<strong> XI Edizione,<\/strong> <strong>organizzata dalla TxT Cooperativa Sociale<\/strong> (afferente al Sistema A.C.U. \u201cAzione Cristiana Umanitaria\u201d, fondato dal missionario cristiano Gilberto Perri) organizzata<strong> in collaborazione con l\u2019Associazione \u201dIstituto Per la Famiglia Nazionale Odv\u201d<\/strong> e patrocinata dal Comune di Reggio Calabria, nell\u2019ambito del programma \u201cEstate Reggina\u201d 2023.<\/span><\/p>\n<p class=\"xmprfx_MsoNormal\" style=\"text-align: justify\"><span style=\"font-family: Calibri\">Numerosissimi i partecipanti, di ogni genere ed et\u00e0, che hanno preso parte alle tantissime attivit\u00e0 proposte: a partire dal serratissimo programma di fitness, realizzato con i 16 migliori istruttori di Reggio, fino ad arrivare ai tornei di basket, ping pong, dama e scacchi, la Mediterranean Wellness ha rappresentato un importantissimo contenitore dello sport, in una delle location pi\u00f9 emblematiche e suggestive della Citt\u00e0.<\/span><\/p>\n<p class=\"xmprfx_MsoNormal\" style=\"text-align: justify\"><span style=\"font-family: Calibri\">Chiunque ha potuto approfittare di un vero e proprio \u201cvillaggio del benessere\u201d, progettato e costruito ad hoc per sottolineare l\u2019importanza che l\u2019attivit\u00e0 fisica rappresenta, non solo per la salute, bens\u00ec come strumento di aggregazione ed inclusione!<\/span><\/p>\n<p class=\"xmprfx_MsoNormal\" style=\"text-align: justify\"><span style=\"font-family: Calibri\">Ma non solo sport! La Mediterranean Wellness, infatti, negli anni si \u00e8 distinta per essere un\u00a0<b>Evento con un forte risvolto sociale e culturale<\/b>: infatti, anche quest\u2019anno, sono state affrontate tematiche di grande spessore quali la violenza sulle donne, l\u2019importanza dell\u2019associazionismo e del cooperativismo, la solidariet\u00e0 e anche il valore che ha il mare rispetto allo sviluppo della nostra Reggio. Infatti, partendo dalle radici storiche magno-greche della nostra terra, sino ad arrivare ad argomenti di grande attualit\u00e0, come il dibattito sul Ponte sullo Stretto, l\u2019Evento ha proposto al pubblico contenuti di spunto e riflessione grazie ad uno spazio culturale organizzato dalla testata online\u00a0<b>VeritasNews24<\/b>, denominato<b>\u00a0\u201cLa Ricchezza che viene dal Mare: il Ponte sullo Stretto\u201d,\u00a0<\/b>e che ha visto ospiti di rilievo come il\u00a0<b>musicantore Fulvio Cama<\/b>\u00a0e il\u00a0<b>Prof. Daniele Castrizio,<\/b>\u00a0il tutto moderato dal\u00a0<b>Giornalista RAI Orazio Cipriani<\/b>.<\/span><\/p>\n<p class=\"xmprfx_MsoNormal\" style=\"text-align: justify\"><span style=\"font-family: Calibri\">E ancora, \u00a0a promuovere il volontariato attivo, presente all\u2019Arena dello Stretto anche l\u2019Associazione di volontariato\u00a0<b>\u201cIstituto Per la Famiglia sez. 289 \u2013 Gilberto Perri\u201d\u00a0<\/b>operante sul territorio locale da pi\u00f9 di 20 anni e che si prende cura a 360\u00b0 delle persone pi\u00f9 fragili e bisognose, solitamente escluse e relegate ai margini della societ\u00e0. Partecipe all\u2019Evento, anche l\u2019Associazione\u00a0<b>\u201cIl Volo delle Farfalle \u2013 Evoluzione Autismo\u201d<\/b>, anch\u2019essa radicata sul territorio, la quale ha svolto numerose battaglie in favore di bambini e ragazzi autistici, con le rispettive famiglie.<\/span><\/p>\n<p class=\"xmprfx_MsoNormal\" style=\"text-align: justify\"><span style=\"font-family: Calibri\">Particolarit\u00e0 di quest\u2019anno, sicuramente l\u2019evento nell\u2019evento\u00a0<b>\u201cRhegium Revelation: Talenti in Scena!\u201d,<\/b>\u00a0un casting, organizzato dalla TxT Cooperativa Sociale, attraverso il quale si \u00e8 voluto promuovere e valorizzare il talento reggino: ad distinguersi sul palcoscenico, infatti, la leggerezza della giovane ballerina\u00a0<b>Giorgia Pia Gatto\u00a0<\/b>e la voce angelica della piccola, ma grande,\u00a0<b>Angelica Zina Cottone<\/b>.<\/span><\/p>\n<p class=\"xmprfx_MsoNormal\" style=\"text-align: justify\"><span style=\"font-family: Calibri\">A seguire, anche la seconda edizione del\u00a0<b>Premio \u201cDonatore Allegro\u201d<\/b>\u00a0che l\u2019Associazione di volontariato \u201cIstituto Per la Famiglia sez.289 \u2013 Gilberto Perri\u201d ha assegnato a tutte le aziende che in questi anni hanno attivamente e generosamente preso parte alle azioni di solidariet\u00e0 attraverso donazioni di vario tipo.<\/span><\/p>\n<p style=\"text-align: justify\"><span style=\"font-family: Calibri\">Tantissimi gli ospiti che si sono susseguiti sul palcoscenico della Mediterranean Wellness: a partire dallo spettacolo dei bimbi del \u201cBaby Talent for Christ\u201d ispirato al cartone Disney, la Sirenetta, per poi continuare con le esibizioni di danza delle pi\u00f9 rinomate scuole reggine come:\u00a0 Jazz Ballet School, A.S.D Ritmica Restart, Centro Danza Etoile, Societ\u00e0 Ginnica Gebbione e la Virtus Reggio. Ed ancora la suggestiva performance di ballo con Samuela Piccolo, direttrice della Scuola Professione Danza e di tango dal titolo \u201cLa Revancha\u201d di Osvaldo Pugliese, a cura dei maestri Ennio Strongoli e Barbara Fazzari. Da non dimenticare, anche l\u2019esibizione di Enzo Marcian\u00f2, illustre cantante reggino famoso a livello nazionale e internazionale, il comico reggino Pasquale Capr\u00ec e la giovane band \u201cChristian Music\u201d dell\u2019Istituto per la Famiglia sez.289 Gilberto Perri Odv.<\/span><\/p>\n<p style=\"text-align: justify\"><span style=\"font-family: Calibri\">La \u201cMediterranean Wellness \u2013 Le Memorie del Mare\u201d termina dunque con grandissima risonanza il suo undicesimo anno di corsa, permettendo a tutte le realt\u00e0 del Sistema A.C.U. con tutti i suoi operatori, di potersi manifestare in trasparenza, per fare conoscere, attraverso le opere, il sistema socio-lavorativo fondato dal cuore cristiano di Gilberto Perri. Un sistema che opera come una grande famiglia che, ha spiegato il\u00a0<b>Presidente Patrizia D\u2019Agu\u00ec<\/b>, seguendo\u00a0<b>l\u2019esempio di Gilberto Perri e mossa dalla fede in Ges\u00f9 Cristo<\/b>, si pone come\u00a0<b>obiettivo quello di concretizzare la Parola di Dio \u201cVenga il tuo regno e sia fatta la tua volont\u00e0 come in cielo cos\u00ec in terra\u201c.<\/b>\u00a0Il cristianesimo, infatti, si mette in pratica attraverso opere di amore, di misericordia, di giustizia, che sono opere tangibili e riscontrabili in tutte le molteplici attivit\u00e0 svolte a livello sociale e culturale dalle varie realt\u00e0 del Sistema A.C.U. tra i cui frutti vi \u00e8 anche la realizzazione di eventi di grosso calibro come questo, che arricchiscono l\u2019offerta ludico-culturale di una terra che vede, come chiamata vocazionale, il turismo come fulcro centrale per lo sviluppo del territorio:\u00a0<\/span><b><span style=\"font-family: Calibri\">un frutto che lasciamo raccogliere ai cittadini stessi, con la promessa che le prossime edizioni saranno sempre e ancora pi\u00f9 grandiose.<\/span><\/b><\/p>\n","protected":false},"excerpt":{"rendered":"<p>Anche quest\u2019anno si conclude l\u2019Evento sportivo-culturale \u201cMediterranean Wellness \u2013 Le Memorie del Mare\u201d, riscuotendo grandissimo successo tra pubblico e partecipanti! Tantissime le attivit\u00e0 e gli spettacoli proposti, per questa XI&hellip;<\/p>\n","protected":false},"author":12,"featured_media":33850,"comment_status":"closed","ping_status":"open","sticky":false,"template":"","format":"standard","meta":{"_jetpack_memberships_contains_paid_content":false,"footnotes":"","jetpack_publicize_message":"","jetpack_publicize_feature_enabled":true,"jetpack_social_post_already_shared":false,"jetpack_social_options":{"image_generator_settings":{"template":"highway","default_image_id":0,"font":"","enabled":false},"version":2}},"categories":[921,146,140],"tags":[21187,1234,4181,20304,4337],"class_list":["post-33849","post","type-post","status-publish","format-standard","has-post-thumbnail","hentry","category-home","category-musica","category-reggio-calabria","tag-istituto-per-la-famiglia-nazionale-odv","tag-daniele-castrizio","tag-fulvio-cama","tag-mediterranean-wellness-le-memorie-del-mare","tag-txt-cooperativa-sociale"],"yoast_head":"<!-- This site is optimized with the Yoast SEO plugin v27.2 - https:\/\/yoast.com\/product\/yoast-seo-wordpress\/ -->\n<title>Concluso il \u201cMediterranean Wellness \u2013 Le Memorie del Mare\u201d<\/title>\n<meta name=\"description\" content=\"Conclude l\u2019Evento sportivo-culturale \u201cMediterranean Wellness \u2013 Le Memorie del Mare\u201d, riscuotendo grande successo tra pubblico\" \/>\n<meta name=\"robots\" content=\"index, follow, max-snippet:-1, max-image-preview:large, max-video-preview:-1\" \/>\n<link rel=\"canonical\" href=\"https:\/\/progettotouring.it\/radiotouring104\/2023\/09\/06\/concluso-levento-sportivo-culturale-mediterranean-wellness-le-memorie-del-mare\/\" \/>\n<meta property=\"og:locale\" content=\"it_IT\" \/>\n<meta property=\"og:type\" content=\"article\" \/>\n<meta property=\"og:title\" content=\"Concluso il \u201cMediterranean Wellness \u2013 Le Memorie del Mare\u201d\" \/>\n<meta property=\"og:description\" content=\"Conclude l\u2019Evento sportivo-culturale \u201cMediterranean Wellness \u2013 Le Memorie del Mare\u201d, riscuotendo grande successo tra pubblico\" \/>\n<meta property=\"og:url\" content=\"https:\/\/progettotouring.it\/radiotouring104\/2023\/09\/06\/concluso-levento-sportivo-culturale-mediterranean-wellness-le-memorie-del-mare\/\" \/>\n<meta property=\"og:site_name\" content=\"Radio Touring 104\" \/>\n<meta property=\"article:published_time\" content=\"2023-09-06T10:52:16+00:00\" \/>\n<meta property=\"article:modified_time\" content=\"2023-09-06T10:52:31+00:00\" \/>\n<meta property=\"og:image\" content=\"https:\/\/progettotouring.it\/radiotouring104\/wp-content\/uploads\/sites\/6\/2023\/09\/Wellness.png\" \/>\n\t<meta property=\"og:image:width\" content=\"604\" \/>\n\t<meta property=\"og:image:height\" content=\"607\" \/>\n\t<meta property=\"og:image:type\" content=\"image\/png\" \/>\n<meta name=\"author\" content=\"Sebastiano Plutino\" \/>\n<meta name=\"twitter:card\" content=\"summary_large_image\" \/>\n<meta name=\"twitter:label1\" content=\"Scritto da\" \/>\n\t<meta name=\"twitter:data1\" content=\"Sebastiano Plutino\" \/>\n\t<meta name=\"twitter:label2\" content=\"Tempo di lettura stimato\" \/>\n\t<meta name=\"twitter:data2\" content=\"4 minuti\" \/>\n<script type=\"application\/ld+json\" class=\"yoast-schema-graph\">{\"@context\":\"https:\/\/schema.org\",\"@graph\":[{\"@type\":\"Article\",\"@id\":\"https:\/\/progettotouring.it\/radiotouring104\/2023\/09\/06\/concluso-levento-sportivo-culturale-mediterranean-wellness-le-memorie-del-mare\/#article\",\"isPartOf\":{\"@id\":\"https:\/\/progettotouring.it\/radiotouring104\/2023\/09\/06\/concluso-levento-sportivo-culturale-mediterranean-wellness-le-memorie-del-mare\/\"},\"author\":{\"name\":\"Sebastiano Plutino\",\"@id\":\"https:\/\/progettotouring.it\/radiotouring104\/#\/schema\/person\/78613917f1851f041f7483f5af1d422e\"},\"headline\":\"Concluso l&#8217;evento sportivo culturale \u201cMediterranean Wellness \u2013 Le Memorie del Mare\u201d\",\"datePublished\":\"2023-09-06T10:52:16+00:00\",\"dateModified\":\"2023-09-06T10:52:31+00:00\",\"mainEntityOfPage\":{\"@id\":\"https:\/\/progettotouring.it\/radiotouring104\/2023\/09\/06\/concluso-levento-sportivo-culturale-mediterranean-wellness-le-memorie-del-mare\/\"},\"wordCount\":861,\"publisher\":{\"@id\":\"https:\/\/progettotouring.it\/radiotouring104\/#organization\"},\"image\":{\"@id\":\"https:\/\/progettotouring.it\/radiotouring104\/2023\/09\/06\/concluso-levento-sportivo-culturale-mediterranean-wellness-le-memorie-del-mare\/#primaryimage\"},\"thumbnailUrl\":\"https:\/\/progettotouring.it\/radiotouring104\/wp-content\/uploads\/sites\/6\/2023\/09\/Wellness.png\",\"keywords\":[\"\u201dIstituto Per la Famiglia Nazionale Odv\",\"daniele castrizio\",\"Fulvio Cama\",\"Mediterranean Wellness \u2013 Le Memorie del Mare\",\"TxT Cooperativa Sociale\"],\"articleSection\":[\"Home\",\"Musica\",\"Reggio Calabria\"],\"inLanguage\":\"it-IT\"},{\"@type\":\"WebPage\",\"@id\":\"https:\/\/progettotouring.it\/radiotouring104\/2023\/09\/06\/concluso-levento-sportivo-culturale-mediterranean-wellness-le-memorie-del-mare\/\",\"url\":\"https:\/\/progettotouring.it\/radiotouring104\/2023\/09\/06\/concluso-levento-sportivo-culturale-mediterranean-wellness-le-memorie-del-mare\/\",\"name\":\"Concluso il \u201cMediterranean Wellness \u2013 Le Memorie del Mare\u201d\",\"isPartOf\":{\"@id\":\"https:\/\/progettotouring.it\/radiotouring104\/#website\"},\"primaryImageOfPage\":{\"@id\":\"https:\/\/progettotouring.it\/radiotouring104\/2023\/09\/06\/concluso-levento-sportivo-culturale-mediterranean-wellness-le-memorie-del-mare\/#primaryimage\"},\"image\":{\"@id\":\"https:\/\/progettotouring.it\/radiotouring104\/2023\/09\/06\/concluso-levento-sportivo-culturale-mediterranean-wellness-le-memorie-del-mare\/#primaryimage\"},\"thumbnailUrl\":\"https:\/\/progettotouring.it\/radiotouring104\/wp-content\/uploads\/sites\/6\/2023\/09\/Wellness.png\",\"datePublished\":\"2023-09-06T10:52:16+00:00\",\"dateModified\":\"2023-09-06T10:52:31+00:00\",\"description\":\"Conclude l\u2019Evento sportivo-culturale \u201cMediterranean Wellness \u2013 Le Memorie del Mare\u201d, riscuotendo grande successo tra pubblico\",\"breadcrumb\":{\"@id\":\"https:\/\/progettotouring.it\/radiotouring104\/2023\/09\/06\/concluso-levento-sportivo-culturale-mediterranean-wellness-le-memorie-del-mare\/#breadcrumb\"},\"inLanguage\":\"it-IT\",\"potentialAction\":[{\"@type\":\"ReadAction\",\"target\":[\"https:\/\/progettotouring.it\/radiotouring104\/2023\/09\/06\/concluso-levento-sportivo-culturale-mediterranean-wellness-le-memorie-del-mare\/\"]}]},{\"@type\":\"ImageObject\",\"inLanguage\":\"it-IT\",\"@id\":\"https:\/\/progettotouring.it\/radiotouring104\/2023\/09\/06\/concluso-levento-sportivo-culturale-mediterranean-wellness-le-memorie-del-mare\/#primaryimage\",\"url\":\"https:\/\/progettotouring.it\/radiotouring104\/wp-content\/uploads\/sites\/6\/2023\/09\/Wellness.png\",\"contentUrl\":\"https:\/\/progettotouring.it\/radiotouring104\/wp-content\/uploads\/sites\/6\/2023\/09\/Wellness.png\",\"width\":604,\"height\":607},{\"@type\":\"BreadcrumbList\",\"@id\":\"https:\/\/progettotouring.it\/radiotouring104\/2023\/09\/06\/concluso-levento-sportivo-culturale-mediterranean-wellness-le-memorie-del-mare\/#breadcrumb\",\"itemListElement\":[{\"@type\":\"ListItem\",\"position\":1,\"name\":\"Home\",\"item\":\"https:\/\/progettotouring.it\/radiotouring104\/\"},{\"@type\":\"ListItem\",\"position\":2,\"name\":\"Concluso l&#8217;evento sportivo culturale \u201cMediterranean Wellness \u2013 Le Memorie del Mare\u201d\"}]},{\"@type\":\"WebSite\",\"@id\":\"https:\/\/progettotouring.it\/radiotouring104\/#website\",\"url\":\"https:\/\/progettotouring.it\/radiotouring104\/\",\"name\":\"Radio Touring 104\",\"description\":\"La prima radio Reggina\",\"publisher\":{\"@id\":\"https:\/\/progettotouring.it\/radiotouring104\/#organization\"},\"potentialAction\":[{\"@type\":\"SearchAction\",\"target\":{\"@type\":\"EntryPoint\",\"urlTemplate\":\"https:\/\/progettotouring.it\/radiotouring104\/?s={search_term_string}\"},\"query-input\":{\"@type\":\"PropertyValueSpecification\",\"valueRequired\":true,\"valueName\":\"search_term_string\"}}],\"inLanguage\":\"it-IT\"},{\"@type\":\"Organization\",\"@id\":\"https:\/\/progettotouring.it\/radiotouring104\/#organization\",\"name\":\"Radio Touring 104\",\"url\":\"https:\/\/progettotouring.it\/radiotouring104\/\",\"logo\":{\"@type\":\"ImageObject\",\"inLanguage\":\"it-IT\",\"@id\":\"https:\/\/progettotouring.it\/radiotouring104\/#\/schema\/logo\/image\/\",\"url\":\"https:\/\/progettotouring.it\/radiotouring104\/wp-content\/uploads\/sites\/6\/2022\/02\/cropped-logo-radio-touring-104.png\",\"contentUrl\":\"https:\/\/progettotouring.it\/radiotouring104\/wp-content\/uploads\/sites\/6\/2022\/02\/cropped-logo-radio-touring-104.png\",\"width\":377,\"height\":182,\"caption\":\"Radio Touring 104\"},\"image\":{\"@id\":\"https:\/\/progettotouring.it\/radiotouring104\/#\/schema\/logo\/image\/\"}},{\"@type\":\"Person\",\"@id\":\"https:\/\/progettotouring.it\/radiotouring104\/#\/schema\/person\/78613917f1851f041f7483f5af1d422e\",\"name\":\"Sebastiano Plutino\",\"image\":{\"@type\":\"ImageObject\",\"inLanguage\":\"it-IT\",\"@id\":\"https:\/\/secure.gravatar.com\/avatar\/0546ffaa9b79224faf9f2a156b67a529ae861d3287c66c1d8ccfdf909bcba78d?s=96&d=mm&r=g\",\"url\":\"https:\/\/secure.gravatar.com\/avatar\/0546ffaa9b79224faf9f2a156b67a529ae861d3287c66c1d8ccfdf909bcba78d?s=96&d=mm&r=g\",\"contentUrl\":\"https:\/\/secure.gravatar.com\/avatar\/0546ffaa9b79224faf9f2a156b67a529ae861d3287c66c1d8ccfdf909bcba78d?s=96&d=mm&r=g\",\"caption\":\"Sebastiano Plutino\"},\"url\":\"https:\/\/progettotouring.it\/radiotouring104\/author\/sebastiano\/\"}]}<\/script>\n<!-- \/ Yoast SEO plugin. -->","yoast_head_json":{"title":"Concluso il \u201cMediterranean Wellness \u2013 Le Memorie del Mare\u201d","description":"Conclude l\u2019Evento sportivo-culturale \u201cMediterranean Wellness \u2013 Le Memorie del Mare\u201d, riscuotendo grande successo tra pubblico","robots":{"index":"index","follow":"follow","max-snippet":"max-snippet:-1","max-image-preview":"max-image-preview:large","max-video-preview":"max-video-preview:-1"},"canonical":"https:\/\/progettotouring.it\/radiotouring104\/2023\/09\/06\/concluso-levento-sportivo-culturale-mediterranean-wellness-le-memorie-del-mare\/","og_locale":"it_IT","og_type":"article","og_title":"Concluso il \u201cMediterranean Wellness \u2013 Le Memorie del Mare\u201d","og_description":"Conclude l\u2019Evento sportivo-culturale \u201cMediterranean Wellness \u2013 Le Memorie del Mare\u201d, riscuotendo grande successo tra pubblico","og_url":"https:\/\/progettotouring.it\/radiotouring104\/2023\/09\/06\/concluso-levento-sportivo-culturale-mediterranean-wellness-le-memorie-del-mare\/","og_site_name":"Radio Touring 104","article_published_time":"2023-09-06T10:52:16+00:00","article_modified_time":"2023-09-06T10:52:31+00:00","og_image":[{"width":604,"height":607,"url":"https:\/\/progettotouring.it\/radiotouring104\/wp-content\/uploads\/sites\/6\/2023\/09\/Wellness.png","type":"image\/png"}],"author":"Sebastiano Plutino","twitter_card":"summary_large_image","twitter_misc":{"Scritto da":"Sebastiano Plutino","Tempo di lettura stimato":"4 minuti"},"schema":{"@context":"https:\/\/schema.org","@graph":[{"@type":"Article","@id":"https:\/\/progettotouring.it\/radiotouring104\/2023\/09\/06\/concluso-levento-sportivo-culturale-mediterranean-wellness-le-memorie-del-mare\/#article","isPartOf":{"@id":"https:\/\/progettotouring.it\/radiotouring104\/2023\/09\/06\/concluso-levento-sportivo-culturale-mediterranean-wellness-le-memorie-del-mare\/"},"author":{"name":"Sebastiano Plutino","@id":"https:\/\/progettotouring.it\/radiotouring104\/#\/schema\/person\/78613917f1851f041f7483f5af1d422e"},"headline":"Concluso l&#8217;evento sportivo culturale \u201cMediterranean Wellness \u2013 Le Memorie del Mare\u201d","datePublished":"2023-09-06T10:52:16+00:00","dateModified":"2023-09-06T10:52:31+00:00","mainEntityOfPage":{"@id":"https:\/\/progettotouring.it\/radiotouring104\/2023\/09\/06\/concluso-levento-sportivo-culturale-mediterranean-wellness-le-memorie-del-mare\/"},"wordCount":861,"publisher":{"@id":"https:\/\/progettotouring.it\/radiotouring104\/#organization"},"image":{"@id":"https:\/\/progettotouring.it\/radiotouring104\/2023\/09\/06\/concluso-levento-sportivo-culturale-mediterranean-wellness-le-memorie-del-mare\/#primaryimage"},"thumbnailUrl":"https:\/\/progettotouring.it\/radiotouring104\/wp-content\/uploads\/sites\/6\/2023\/09\/Wellness.png","keywords":["\u201dIstituto Per la Famiglia Nazionale Odv","daniele castrizio","Fulvio Cama","Mediterranean Wellness \u2013 Le Memorie del Mare","TxT Cooperativa Sociale"],"articleSection":["Home","Musica","Reggio Calabria"],"inLanguage":"it-IT"},{"@type":"WebPage","@id":"https:\/\/progettotouring.it\/radiotouring104\/2023\/09\/06\/concluso-levento-sportivo-culturale-mediterranean-wellness-le-memorie-del-mare\/","url":"https:\/\/progettotouring.it\/radiotouring104\/2023\/09\/06\/concluso-levento-sportivo-culturale-mediterranean-wellness-le-memorie-del-mare\/","name":"Concluso il \u201cMediterranean Wellness \u2013 Le Memorie del Mare\u201d","isPartOf":{"@id":"https:\/\/progettotouring.it\/radiotouring104\/#website"},"primaryImageOfPage":{"@id":"https:\/\/progettotouring.it\/radiotouring104\/2023\/09\/06\/concluso-levento-sportivo-culturale-mediterranean-wellness-le-memorie-del-mare\/#primaryimage"},"image":{"@id":"https:\/\/progettotouring.it\/radiotouring104\/2023\/09\/06\/concluso-levento-sportivo-culturale-mediterranean-wellness-le-memorie-del-mare\/#primaryimage"},"thumbnailUrl":"https:\/\/progettotouring.it\/radiotouring104\/wp-content\/uploads\/sites\/6\/2023\/09\/Wellness.png","datePublished":"2023-09-06T10:52:16+00:00","dateModified":"2023-09-06T10:52:31+00:00","description":"Conclude l\u2019Evento sportivo-culturale \u201cMediterranean Wellness \u2013 Le Memorie del Mare\u201d, riscuotendo grande successo tra pubblico","breadcrumb":{"@id":"https:\/\/progettotouring.it\/radiotouring104\/2023\/09\/06\/concluso-levento-sportivo-culturale-mediterranean-wellness-le-memorie-del-mare\/#breadcrumb"},"inLanguage":"it-IT","potentialAction":[{"@type":"ReadAction","target":["https:\/\/progettotouring.it\/radiotouring104\/2023\/09\/06\/concluso-levento-sportivo-culturale-mediterranean-wellness-le-memorie-del-mare\/"]}]},{"@type":"ImageObject","inLanguage":"it-IT","@id":"https:\/\/progettotouring.it\/radiotouring104\/2023\/09\/06\/concluso-levento-sportivo-culturale-mediterranean-wellness-le-memorie-del-mare\/#primaryimage","url":"https:\/\/progettotouring.it\/radiotouring104\/wp-content\/uploads\/sites\/6\/2023\/09\/Wellness.png","contentUrl":"https:\/\/progettotouring.it\/radiotouring104\/wp-content\/uploads\/sites\/6\/2023\/09\/Wellness.png","width":604,"height":607},{"@type":"BreadcrumbList","@id":"https:\/\/progettotouring.it\/radiotouring104\/2023\/09\/06\/concluso-levento-sportivo-culturale-mediterranean-wellness-le-memorie-del-mare\/#breadcrumb","itemListElement":[{"@type":"ListItem","position":1,"name":"Home","item":"https:\/\/progettotouring.it\/radiotouring104\/"},{"@type":"ListItem","position":2,"name":"Concluso l&#8217;evento sportivo culturale \u201cMediterranean Wellness \u2013 Le Memorie del Mare\u201d"}]},{"@type":"WebSite","@id":"https:\/\/progettotouring.it\/radiotouring104\/#website","url":"https:\/\/progettotouring.it\/radiotouring104\/","name":"Radio Touring 104","description":"La prima radio Reggina","publisher":{"@id":"https:\/\/progettotouring.it\/radiotouring104\/#organization"},"potentialAction":[{"@type":"SearchAction","target":{"@type":"EntryPoint","urlTemplate":"https:\/\/progettotouring.it\/radiotouring104\/?s={search_term_string}"},"query-input":{"@type":"PropertyValueSpecification","valueRequired":true,"valueName":"search_term_string"}}],"inLanguage":"it-IT"},{"@type":"Organization","@id":"https:\/\/progettotouring.it\/radiotouring104\/#organization","name":"Radio Touring 104","url":"https:\/\/progettotouring.it\/radiotouring104\/","logo":{"@type":"ImageObject","inLanguage":"it-IT","@id":"https:\/\/progettotouring.it\/radiotouring104\/#\/schema\/logo\/image\/","url":"https:\/\/progettotouring.it\/radiotouring104\/wp-content\/uploads\/sites\/6\/2022\/02\/cropped-logo-radio-touring-104.png","contentUrl":"https:\/\/progettotouring.it\/radiotouring104\/wp-content\/uploads\/sites\/6\/2022\/02\/cropped-logo-radio-touring-104.png","width":377,"height":182,"caption":"Radio Touring 104"},"image":{"@id":"https:\/\/progettotouring.it\/radiotouring104\/#\/schema\/logo\/image\/"}},{"@type":"Person","@id":"https:\/\/progettotouring.it\/radiotouring104\/#\/schema\/person\/78613917f1851f041f7483f5af1d422e","name":"Sebastiano Plutino","image":{"@type":"ImageObject","inLanguage":"it-IT","@id":"https:\/\/secure.gravatar.com\/avatar\/0546ffaa9b79224faf9f2a156b67a529ae861d3287c66c1d8ccfdf909bcba78d?s=96&d=mm&r=g","url":"https:\/\/secure.gravatar.com\/avatar\/0546ffaa9b79224faf9f2a156b67a529ae861d3287c66c1d8ccfdf909bcba78d?s=96&d=mm&r=g","contentUrl":"https:\/\/secure.gravatar.com\/avatar\/0546ffaa9b79224faf9f2a156b67a529ae861d3287c66c1d8ccfdf909bcba78d?s=96&d=mm&r=g","caption":"Sebastiano Plutino"},"url":"https:\/\/progettotouring.it\/radiotouring104\/author\/sebastiano\/"}]}},"jetpack_publicize_connections":[],"jetpack_featured_media_url":"https:\/\/progettotouring.it\/radiotouring104\/wp-content\/uploads\/sites\/6\/2023\/09\/Wellness.png","jetpack_sharing_enabled":true,"_links":{"self":[{"href":"https:\/\/progettotouring.it\/radiotouring104\/wp-json\/wp\/v2\/posts\/33849","targetHints":{"allow":["GET"]}}],"collection":[{"href":"https:\/\/progettotouring.it\/radiotouring104\/wp-json\/wp\/v2\/posts"}],"about":[{"href":"https:\/\/progettotouring.it\/radiotouring104\/wp-json\/wp\/v2\/types\/post"}],"author":[{"embeddable":true,"href":"https:\/\/progettotouring.it\/radiotouring104\/wp-json\/wp\/v2\/users\/12"}],"replies":[{"embeddable":true,"href":"https:\/\/progettotouring.it\/radiotouring104\/wp-json\/wp\/v2\/comments?post=33849"}],"version-history":[{"count":1,"href":"https:\/\/progettotouring.it\/radiotouring104\/wp-json\/wp\/v2\/posts\/33849\/revisions"}],"predecessor-version":[{"id":33851,"href":"https:\/\/progettotouring.it\/radiotouring104\/wp-json\/wp\/v2\/posts\/33849\/revisions\/33851"}],"wp:featuredmedia":[{"embeddable":true,"href":"https:\/\/progettotouring.it\/radiotouring104\/wp-json\/wp\/v2\/media\/33850"}],"wp:attachment":[{"href":"https:\/\/progettotouring.it\/radiotouring104\/wp-json\/wp\/v2\/media?parent=33849"}],"wp:term":[{"taxonomy":"category","embeddable":true,"href":"https:\/\/progettotouring.it\/radiotouring104\/wp-json\/wp\/v2\/categories?post=33849"},{"taxonomy":"post_tag","embeddable":true,"href":"https:\/\/progettotouring.it\/radiotouring104\/wp-json\/wp\/v2\/tags?post=33849"}],"curies":[{"name":"wp","href":"https:\/\/api.w.org\/{rel}","templated":true}]}}