{"id":33855,"date":"2023-09-06T13:15:44","date_gmt":"2023-09-06T11:15:44","guid":{"rendered":"https:\/\/progettotouring.it\/radiotouring104\/?p=33855"},"modified":"2023-09-06T13:15:44","modified_gmt":"2023-09-06T11:15:44","slug":"scalea-incendio-danneggia-un-orto-solidale-in-comune-calabrese","status":"publish","type":"post","link":"https:\/\/progettotouring.it\/radiotouring104\/2023\/09\/06\/scalea-incendio-danneggia-un-orto-solidale-in-comune-calabrese\/","title":{"rendered":"Scalea: incendio danneggia un orto solidale in comune calabrese"},"content":{"rendered":"<p style=\"text-align: justify\"><strong>Un incendio scoppiato<\/strong> nella serata di ieri in un terreno comunale di localit\u00e0<strong> Pantano a Scalea<\/strong> si \u00e8 propagato, alimentato dal forte vento, fino all&#8217;orto solidale della cooperativa Progetto Germano danneggiando strutture, attrezzature agricole e una decina di piante da frutto presenti sul terreno sottratto alla criminalit\u00e0 organizzata e adibito a scopi sociali.<\/p>\n<p style=\"text-align: justify\">A darne notizia \u00e8<strong> Fabio Cifun<\/strong>i, presidente della cooperativa, secondo il quale<em> &#8220;i danni ammonterebbero a una cifra compresa tra i 20 e i 25mila euro&#8221;.<\/em><\/p>\n<p style=\"text-align: justify\">L&#8217;episodio \u00e8 stato denunciato ai carabinieri.<br \/>\nLe fiamme hanno divorato quanto era presente nella porzione dell&#8217;orto adibita a ricovero per gli attrezzi e area sosta e ristoro, distruggendo decespugliatori, pali in legno, materiale per la pacciamatura, una roulotte utilizzata come ricovero, una cucina da campo e alcuni alberi di fico. L&#8217;incendio \u00e8 stato spento dopo alcune ore dai vigili del fuoco del distaccamento di Scalea. In 8 anni di attivit\u00e0, all&#8217;interno dell&#8217;orto solidale denominato &#8220;Seminare speranza, raccogliere futuro&#8221; sono stati attuati progetti di inclusione sociale con l&#8217;impiego in agricoltura di soggetti socialmente svantaggiati. Di recente, alla cooperativa sono state assegnate anche persone con problemi con la giustizia per scontare pene leggere in maniera alternativa.<br \/>\nLe iniziative della <strong>Progetto Germano<\/strong> su quel terreno sottratto alla criminalit\u00e0 sono state spesso oggetto di intimidazioni, danneggiamenti, vandalismo e persino estorsioni.<br \/>\n<em>\u00a0\u00a0\u00a0 &#8220;Il terreno da cui \u00e8 partito l&#8217;incendio <strong>&#8211;<\/strong><\/em><strong> ha detto Cifuni<\/strong> <em>&#8211; \u00e8 incolto e abbandonato a se stesso da anni, non l&#8217;ho mai visto pulito. Il vento \u00e8 stato &#8216;complice&#8217; di quanto accaduto, ma non me la sento di dire che questa volta ci sia stata premeditazione. Questo per\u00f2 non cancella l&#8217;amarezza per aver visto andare in cenere anni di sacrifici e perduto attrezzatura acquisita e acquistata per i nostri progetti&#8221;.<\/em> <strong>Cifuni ha anche lanciato un appello sui social<\/strong><em><strong>.<\/strong>&#8220;In molti hanno detto in passato di essere a disposizione per le nostre iniziative. In realt\u00e0 ci siamo spesso ritrovati soli. Se c&#8217;\u00e8 volont\u00e0 di dare una mano, questo \u00e8 il momento migliore. Intanto sporgo denuncia e tra qualche giorno decider\u00f2 come e se andare avanti&#8221;.<\/em><\/p>\n<p>&nbsp;<\/p>\n<p>(Crediti Ansa)<\/p>\n","protected":false},"excerpt":{"rendered":"<p>Un incendio scoppiato nella serata di ieri in un terreno comunale di localit\u00e0 Pantano a Scalea si \u00e8 propagato, alimentato dal forte vento, fino all&#8217;orto solidale della cooperativa Progetto Germano&hellip;<\/p>\n","protected":false},"author":12,"featured_media":33856,"comment_status":"closed","ping_status":"open","sticky":false,"template":"","format":"standard","meta":{"_jetpack_memberships_contains_paid_content":false,"footnotes":"","jetpack_publicize_message":"","jetpack_publicize_feature_enabled":true,"jetpack_social_post_already_shared":false,"jetpack_social_options":{"image_generator_settings":{"template":"highway","default_image_id":0,"font":"","enabled":false},"version":2}},"categories":[142,921,196],"tags":[21191,21192,21193,21194,460],"class_list":["post-33855","post","type-post","status-publish","format-standard","has-post-thumbnail","hentry","category-calabria","category-home","category-news","tag-cooperativa-progetto-germano","tag-fabio-cifuni","tag-incendio-orto-sociale","tag-localita-pantano","tag-scalea"],"yoast_head":"<!-- This site is optimized with the Yoast SEO plugin v27.2 - https:\/\/yoast.com\/product\/yoast-seo-wordpress\/ -->\n<title>Scalea: incendio danneggia un orto solidale in comune calabrese<\/title>\n<meta name=\"description\" content=\"Un incendio \u00e8 scoppiato la sera del 4 settembre nell&#039;orto sociale della Coop. Progetto Germano. A darne notizia il presidente Cifuni\" \/>\n<meta name=\"robots\" content=\"index, follow, max-snippet:-1, max-image-preview:large, max-video-preview:-1\" \/>\n<link rel=\"canonical\" href=\"https:\/\/progettotouring.it\/radiotouring104\/2023\/09\/06\/scalea-incendio-danneggia-un-orto-solidale-in-comune-calabrese\/\" \/>\n<meta property=\"og:locale\" content=\"it_IT\" \/>\n<meta property=\"og:type\" content=\"article\" \/>\n<meta property=\"og:title\" content=\"Scalea: incendio danneggia un orto solidale in comune calabrese\" \/>\n<meta property=\"og:description\" content=\"Un incendio \u00e8 scoppiato la sera del 4 settembre nell&#039;orto sociale della Coop. Progetto Germano. A darne notizia il presidente Cifuni\" \/>\n<meta property=\"og:url\" content=\"https:\/\/progettotouring.it\/radiotouring104\/2023\/09\/06\/scalea-incendio-danneggia-un-orto-solidale-in-comune-calabrese\/\" \/>\n<meta property=\"og:site_name\" content=\"Radio Touring 104\" \/>\n<meta property=\"article:published_time\" content=\"2023-09-06T11:15:44+00:00\" \/>\n<meta property=\"og:image\" content=\"https:\/\/progettotouring.it\/radiotouring104\/wp-content\/uploads\/sites\/6\/2023\/09\/incendio-orto-solidale-scalea.jpg\" \/>\n\t<meta property=\"og:image:width\" content=\"774\" \/>\n\t<meta property=\"og:image:height\" content=\"516\" \/>\n\t<meta property=\"og:image:type\" content=\"image\/jpeg\" \/>\n<meta name=\"author\" content=\"Sebastiano Plutino\" \/>\n<meta name=\"twitter:card\" content=\"summary_large_image\" \/>\n<meta name=\"twitter:label1\" content=\"Scritto da\" \/>\n\t<meta name=\"twitter:data1\" content=\"Sebastiano Plutino\" \/>\n\t<meta name=\"twitter:label2\" content=\"Tempo di lettura stimato\" \/>\n\t<meta name=\"twitter:data2\" content=\"2 minuti\" \/>\n<script type=\"application\/ld+json\" class=\"yoast-schema-graph\">{\"@context\":\"https:\/\/schema.org\",\"@graph\":[{\"@type\":\"Article\",\"@id\":\"https:\/\/progettotouring.it\/radiotouring104\/2023\/09\/06\/scalea-incendio-danneggia-un-orto-solidale-in-comune-calabrese\/#article\",\"isPartOf\":{\"@id\":\"https:\/\/progettotouring.it\/radiotouring104\/2023\/09\/06\/scalea-incendio-danneggia-un-orto-solidale-in-comune-calabrese\/\"},\"author\":{\"name\":\"Sebastiano Plutino\",\"@id\":\"https:\/\/progettotouring.it\/radiotouring104\/#\/schema\/person\/78613917f1851f041f7483f5af1d422e\"},\"headline\":\"Scalea: incendio danneggia un orto solidale in comune calabrese\",\"datePublished\":\"2023-09-06T11:15:44+00:00\",\"mainEntityOfPage\":{\"@id\":\"https:\/\/progettotouring.it\/radiotouring104\/2023\/09\/06\/scalea-incendio-danneggia-un-orto-solidale-in-comune-calabrese\/\"},\"wordCount\":343,\"publisher\":{\"@id\":\"https:\/\/progettotouring.it\/radiotouring104\/#organization\"},\"image\":{\"@id\":\"https:\/\/progettotouring.it\/radiotouring104\/2023\/09\/06\/scalea-incendio-danneggia-un-orto-solidale-in-comune-calabrese\/#primaryimage\"},\"thumbnailUrl\":\"https:\/\/progettotouring.it\/radiotouring104\/wp-content\/uploads\/sites\/6\/2023\/09\/incendio-orto-solidale-scalea.jpg\",\"keywords\":[\"cooperativa Progetto Germano\",\"Fabio Cifuni\",\"incendio orto sociale\",\"localit\u00e0 Pantano\",\"scalea\"],\"articleSection\":[\"Calabria\",\"Home\",\"News\"],\"inLanguage\":\"it-IT\"},{\"@type\":\"WebPage\",\"@id\":\"https:\/\/progettotouring.it\/radiotouring104\/2023\/09\/06\/scalea-incendio-danneggia-un-orto-solidale-in-comune-calabrese\/\",\"url\":\"https:\/\/progettotouring.it\/radiotouring104\/2023\/09\/06\/scalea-incendio-danneggia-un-orto-solidale-in-comune-calabrese\/\",\"name\":\"Scalea: incendio danneggia un orto solidale in comune calabrese\",\"isPartOf\":{\"@id\":\"https:\/\/progettotouring.it\/radiotouring104\/#website\"},\"primaryImageOfPage\":{\"@id\":\"https:\/\/progettotouring.it\/radiotouring104\/2023\/09\/06\/scalea-incendio-danneggia-un-orto-solidale-in-comune-calabrese\/#primaryimage\"},\"image\":{\"@id\":\"https:\/\/progettotouring.it\/radiotouring104\/2023\/09\/06\/scalea-incendio-danneggia-un-orto-solidale-in-comune-calabrese\/#primaryimage\"},\"thumbnailUrl\":\"https:\/\/progettotouring.it\/radiotouring104\/wp-content\/uploads\/sites\/6\/2023\/09\/incendio-orto-solidale-scalea.jpg\",\"datePublished\":\"2023-09-06T11:15:44+00:00\",\"description\":\"Un incendio \u00e8 scoppiato la sera del 4 settembre nell'orto sociale della Coop. Progetto Germano. A darne notizia il presidente Cifuni\",\"breadcrumb\":{\"@id\":\"https:\/\/progettotouring.it\/radiotouring104\/2023\/09\/06\/scalea-incendio-danneggia-un-orto-solidale-in-comune-calabrese\/#breadcrumb\"},\"inLanguage\":\"it-IT\",\"potentialAction\":[{\"@type\":\"ReadAction\",\"target\":[\"https:\/\/progettotouring.it\/radiotouring104\/2023\/09\/06\/scalea-incendio-danneggia-un-orto-solidale-in-comune-calabrese\/\"]}]},{\"@type\":\"ImageObject\",\"inLanguage\":\"it-IT\",\"@id\":\"https:\/\/progettotouring.it\/radiotouring104\/2023\/09\/06\/scalea-incendio-danneggia-un-orto-solidale-in-comune-calabrese\/#primaryimage\",\"url\":\"https:\/\/progettotouring.it\/radiotouring104\/wp-content\/uploads\/sites\/6\/2023\/09\/incendio-orto-solidale-scalea.jpg\",\"contentUrl\":\"https:\/\/progettotouring.it\/radiotouring104\/wp-content\/uploads\/sites\/6\/2023\/09\/incendio-orto-solidale-scalea.jpg\",\"width\":774,\"height\":516},{\"@type\":\"BreadcrumbList\",\"@id\":\"https:\/\/progettotouring.it\/radiotouring104\/2023\/09\/06\/scalea-incendio-danneggia-un-orto-solidale-in-comune-calabrese\/#breadcrumb\",\"itemListElement\":[{\"@type\":\"ListItem\",\"position\":1,\"name\":\"Home\",\"item\":\"https:\/\/progettotouring.it\/radiotouring104\/\"},{\"@type\":\"ListItem\",\"position\":2,\"name\":\"Scalea: incendio danneggia un orto solidale in comune calabrese\"}]},{\"@type\":\"WebSite\",\"@id\":\"https:\/\/progettotouring.it\/radiotouring104\/#website\",\"url\":\"https:\/\/progettotouring.it\/radiotouring104\/\",\"name\":\"Radio Touring 104\",\"description\":\"La prima radio Reggina\",\"publisher\":{\"@id\":\"https:\/\/progettotouring.it\/radiotouring104\/#organization\"},\"potentialAction\":[{\"@type\":\"SearchAction\",\"target\":{\"@type\":\"EntryPoint\",\"urlTemplate\":\"https:\/\/progettotouring.it\/radiotouring104\/?s={search_term_string}\"},\"query-input\":{\"@type\":\"PropertyValueSpecification\",\"valueRequired\":true,\"valueName\":\"search_term_string\"}}],\"inLanguage\":\"it-IT\"},{\"@type\":\"Organization\",\"@id\":\"https:\/\/progettotouring.it\/radiotouring104\/#organization\",\"name\":\"Radio Touring 104\",\"url\":\"https:\/\/progettotouring.it\/radiotouring104\/\",\"logo\":{\"@type\":\"ImageObject\",\"inLanguage\":\"it-IT\",\"@id\":\"https:\/\/progettotouring.it\/radiotouring104\/#\/schema\/logo\/image\/\",\"url\":\"https:\/\/progettotouring.it\/radiotouring104\/wp-content\/uploads\/sites\/6\/2022\/02\/cropped-logo-radio-touring-104.png\",\"contentUrl\":\"https:\/\/progettotouring.it\/radiotouring104\/wp-content\/uploads\/sites\/6\/2022\/02\/cropped-logo-radio-touring-104.png\",\"width\":377,\"height\":182,\"caption\":\"Radio Touring 104\"},\"image\":{\"@id\":\"https:\/\/progettotouring.it\/radiotouring104\/#\/schema\/logo\/image\/\"}},{\"@type\":\"Person\",\"@id\":\"https:\/\/progettotouring.it\/radiotouring104\/#\/schema\/person\/78613917f1851f041f7483f5af1d422e\",\"name\":\"Sebastiano Plutino\",\"image\":{\"@type\":\"ImageObject\",\"inLanguage\":\"it-IT\",\"@id\":\"https:\/\/secure.gravatar.com\/avatar\/0546ffaa9b79224faf9f2a156b67a529ae861d3287c66c1d8ccfdf909bcba78d?s=96&d=mm&r=g\",\"url\":\"https:\/\/secure.gravatar.com\/avatar\/0546ffaa9b79224faf9f2a156b67a529ae861d3287c66c1d8ccfdf909bcba78d?s=96&d=mm&r=g\",\"contentUrl\":\"https:\/\/secure.gravatar.com\/avatar\/0546ffaa9b79224faf9f2a156b67a529ae861d3287c66c1d8ccfdf909bcba78d?s=96&d=mm&r=g\",\"caption\":\"Sebastiano Plutino\"},\"url\":\"https:\/\/progettotouring.it\/radiotouring104\/author\/sebastiano\/\"}]}<\/script>\n<!-- \/ Yoast SEO plugin. -->","yoast_head_json":{"title":"Scalea: incendio danneggia un orto solidale in comune calabrese","description":"Un incendio \u00e8 scoppiato la sera del 4 settembre nell'orto sociale della Coop. Progetto Germano. A darne notizia il presidente Cifuni","robots":{"index":"index","follow":"follow","max-snippet":"max-snippet:-1","max-image-preview":"max-image-preview:large","max-video-preview":"max-video-preview:-1"},"canonical":"https:\/\/progettotouring.it\/radiotouring104\/2023\/09\/06\/scalea-incendio-danneggia-un-orto-solidale-in-comune-calabrese\/","og_locale":"it_IT","og_type":"article","og_title":"Scalea: incendio danneggia un orto solidale in comune calabrese","og_description":"Un incendio \u00e8 scoppiato la sera del 4 settembre nell'orto sociale della Coop. Progetto Germano. A darne notizia il presidente Cifuni","og_url":"https:\/\/progettotouring.it\/radiotouring104\/2023\/09\/06\/scalea-incendio-danneggia-un-orto-solidale-in-comune-calabrese\/","og_site_name":"Radio Touring 104","article_published_time":"2023-09-06T11:15:44+00:00","og_image":[{"width":774,"height":516,"url":"https:\/\/progettotouring.it\/radiotouring104\/wp-content\/uploads\/sites\/6\/2023\/09\/incendio-orto-solidale-scalea.jpg","type":"image\/jpeg"}],"author":"Sebastiano Plutino","twitter_card":"summary_large_image","twitter_misc":{"Scritto da":"Sebastiano Plutino","Tempo di lettura stimato":"2 minuti"},"schema":{"@context":"https:\/\/schema.org","@graph":[{"@type":"Article","@id":"https:\/\/progettotouring.it\/radiotouring104\/2023\/09\/06\/scalea-incendio-danneggia-un-orto-solidale-in-comune-calabrese\/#article","isPartOf":{"@id":"https:\/\/progettotouring.it\/radiotouring104\/2023\/09\/06\/scalea-incendio-danneggia-un-orto-solidale-in-comune-calabrese\/"},"author":{"name":"Sebastiano Plutino","@id":"https:\/\/progettotouring.it\/radiotouring104\/#\/schema\/person\/78613917f1851f041f7483f5af1d422e"},"headline":"Scalea: incendio danneggia un orto solidale in comune calabrese","datePublished":"2023-09-06T11:15:44+00:00","mainEntityOfPage":{"@id":"https:\/\/progettotouring.it\/radiotouring104\/2023\/09\/06\/scalea-incendio-danneggia-un-orto-solidale-in-comune-calabrese\/"},"wordCount":343,"publisher":{"@id":"https:\/\/progettotouring.it\/radiotouring104\/#organization"},"image":{"@id":"https:\/\/progettotouring.it\/radiotouring104\/2023\/09\/06\/scalea-incendio-danneggia-un-orto-solidale-in-comune-calabrese\/#primaryimage"},"thumbnailUrl":"https:\/\/progettotouring.it\/radiotouring104\/wp-content\/uploads\/sites\/6\/2023\/09\/incendio-orto-solidale-scalea.jpg","keywords":["cooperativa Progetto Germano","Fabio Cifuni","incendio orto sociale","localit\u00e0 Pantano","scalea"],"articleSection":["Calabria","Home","News"],"inLanguage":"it-IT"},{"@type":"WebPage","@id":"https:\/\/progettotouring.it\/radiotouring104\/2023\/09\/06\/scalea-incendio-danneggia-un-orto-solidale-in-comune-calabrese\/","url":"https:\/\/progettotouring.it\/radiotouring104\/2023\/09\/06\/scalea-incendio-danneggia-un-orto-solidale-in-comune-calabrese\/","name":"Scalea: incendio danneggia un orto solidale in comune calabrese","isPartOf":{"@id":"https:\/\/progettotouring.it\/radiotouring104\/#website"},"primaryImageOfPage":{"@id":"https:\/\/progettotouring.it\/radiotouring104\/2023\/09\/06\/scalea-incendio-danneggia-un-orto-solidale-in-comune-calabrese\/#primaryimage"},"image":{"@id":"https:\/\/progettotouring.it\/radiotouring104\/2023\/09\/06\/scalea-incendio-danneggia-un-orto-solidale-in-comune-calabrese\/#primaryimage"},"thumbnailUrl":"https:\/\/progettotouring.it\/radiotouring104\/wp-content\/uploads\/sites\/6\/2023\/09\/incendio-orto-solidale-scalea.jpg","datePublished":"2023-09-06T11:15:44+00:00","description":"Un incendio \u00e8 scoppiato la sera del 4 settembre nell'orto sociale della Coop. Progetto Germano. A darne notizia il presidente Cifuni","breadcrumb":{"@id":"https:\/\/progettotouring.it\/radiotouring104\/2023\/09\/06\/scalea-incendio-danneggia-un-orto-solidale-in-comune-calabrese\/#breadcrumb"},"inLanguage":"it-IT","potentialAction":[{"@type":"ReadAction","target":["https:\/\/progettotouring.it\/radiotouring104\/2023\/09\/06\/scalea-incendio-danneggia-un-orto-solidale-in-comune-calabrese\/"]}]},{"@type":"ImageObject","inLanguage":"it-IT","@id":"https:\/\/progettotouring.it\/radiotouring104\/2023\/09\/06\/scalea-incendio-danneggia-un-orto-solidale-in-comune-calabrese\/#primaryimage","url":"https:\/\/progettotouring.it\/radiotouring104\/wp-content\/uploads\/sites\/6\/2023\/09\/incendio-orto-solidale-scalea.jpg","contentUrl":"https:\/\/progettotouring.it\/radiotouring104\/wp-content\/uploads\/sites\/6\/2023\/09\/incendio-orto-solidale-scalea.jpg","width":774,"height":516},{"@type":"BreadcrumbList","@id":"https:\/\/progettotouring.it\/radiotouring104\/2023\/09\/06\/scalea-incendio-danneggia-un-orto-solidale-in-comune-calabrese\/#breadcrumb","itemListElement":[{"@type":"ListItem","position":1,"name":"Home","item":"https:\/\/progettotouring.it\/radiotouring104\/"},{"@type":"ListItem","position":2,"name":"Scalea: incendio danneggia un orto solidale in comune calabrese"}]},{"@type":"WebSite","@id":"https:\/\/progettotouring.it\/radiotouring104\/#website","url":"https:\/\/progettotouring.it\/radiotouring104\/","name":"Radio Touring 104","description":"La prima radio Reggina","publisher":{"@id":"https:\/\/progettotouring.it\/radiotouring104\/#organization"},"potentialAction":[{"@type":"SearchAction","target":{"@type":"EntryPoint","urlTemplate":"https:\/\/progettotouring.it\/radiotouring104\/?s={search_term_string}"},"query-input":{"@type":"PropertyValueSpecification","valueRequired":true,"valueName":"search_term_string"}}],"inLanguage":"it-IT"},{"@type":"Organization","@id":"https:\/\/progettotouring.it\/radiotouring104\/#organization","name":"Radio Touring 104","url":"https:\/\/progettotouring.it\/radiotouring104\/","logo":{"@type":"ImageObject","inLanguage":"it-IT","@id":"https:\/\/progettotouring.it\/radiotouring104\/#\/schema\/logo\/image\/","url":"https:\/\/progettotouring.it\/radiotouring104\/wp-content\/uploads\/sites\/6\/2022\/02\/cropped-logo-radio-touring-104.png","contentUrl":"https:\/\/progettotouring.it\/radiotouring104\/wp-content\/uploads\/sites\/6\/2022\/02\/cropped-logo-radio-touring-104.png","width":377,"height":182,"caption":"Radio Touring 104"},"image":{"@id":"https:\/\/progettotouring.it\/radiotouring104\/#\/schema\/logo\/image\/"}},{"@type":"Person","@id":"https:\/\/progettotouring.it\/radiotouring104\/#\/schema\/person\/78613917f1851f041f7483f5af1d422e","name":"Sebastiano Plutino","image":{"@type":"ImageObject","inLanguage":"it-IT","@id":"https:\/\/secure.gravatar.com\/avatar\/0546ffaa9b79224faf9f2a156b67a529ae861d3287c66c1d8ccfdf909bcba78d?s=96&d=mm&r=g","url":"https:\/\/secure.gravatar.com\/avatar\/0546ffaa9b79224faf9f2a156b67a529ae861d3287c66c1d8ccfdf909bcba78d?s=96&d=mm&r=g","contentUrl":"https:\/\/secure.gravatar.com\/avatar\/0546ffaa9b79224faf9f2a156b67a529ae861d3287c66c1d8ccfdf909bcba78d?s=96&d=mm&r=g","caption":"Sebastiano Plutino"},"url":"https:\/\/progettotouring.it\/radiotouring104\/author\/sebastiano\/"}]}},"jetpack_publicize_connections":[],"jetpack_featured_media_url":"https:\/\/progettotouring.it\/radiotouring104\/wp-content\/uploads\/sites\/6\/2023\/09\/incendio-orto-solidale-scalea.jpg","jetpack_sharing_enabled":true,"_links":{"self":[{"href":"https:\/\/progettotouring.it\/radiotouring104\/wp-json\/wp\/v2\/posts\/33855","targetHints":{"allow":["GET"]}}],"collection":[{"href":"https:\/\/progettotouring.it\/radiotouring104\/wp-json\/wp\/v2\/posts"}],"about":[{"href":"https:\/\/progettotouring.it\/radiotouring104\/wp-json\/wp\/v2\/types\/post"}],"author":[{"embeddable":true,"href":"https:\/\/progettotouring.it\/radiotouring104\/wp-json\/wp\/v2\/users\/12"}],"replies":[{"embeddable":true,"href":"https:\/\/progettotouring.it\/radiotouring104\/wp-json\/wp\/v2\/comments?post=33855"}],"version-history":[{"count":1,"href":"https:\/\/progettotouring.it\/radiotouring104\/wp-json\/wp\/v2\/posts\/33855\/revisions"}],"predecessor-version":[{"id":33857,"href":"https:\/\/progettotouring.it\/radiotouring104\/wp-json\/wp\/v2\/posts\/33855\/revisions\/33857"}],"wp:featuredmedia":[{"embeddable":true,"href":"https:\/\/progettotouring.it\/radiotouring104\/wp-json\/wp\/v2\/media\/33856"}],"wp:attachment":[{"href":"https:\/\/progettotouring.it\/radiotouring104\/wp-json\/wp\/v2\/media?parent=33855"}],"wp:term":[{"taxonomy":"category","embeddable":true,"href":"https:\/\/progettotouring.it\/radiotouring104\/wp-json\/wp\/v2\/categories?post=33855"},{"taxonomy":"post_tag","embeddable":true,"href":"https:\/\/progettotouring.it\/radiotouring104\/wp-json\/wp\/v2\/tags?post=33855"}],"curies":[{"name":"wp","href":"https:\/\/api.w.org\/{rel}","templated":true}]}}