{"id":33861,"date":"2023-09-06T15:37:58","date_gmt":"2023-09-06T13:37:58","guid":{"rendered":"https:\/\/progettotouring.it\/radiotouring104\/?p=33861"},"modified":"2023-09-06T15:52:15","modified_gmt":"2023-09-06T13:52:15","slug":"reggio-calabria-il-consiglio-metropolitano-parere-positivo-sulla-convenzione-con-luniversita-mediterranea","status":"publish","type":"post","link":"https:\/\/progettotouring.it\/radiotouring104\/2023\/09\/06\/reggio-calabria-il-consiglio-metropolitano-parere-positivo-sulla-convenzione-con-luniversita-mediterranea\/","title":{"rendered":"Reggio Calabria: il Consiglio metropolitano parere positivo sulla convenzione con l&#8217;Universit\u00e0 Mediterranea"},"content":{"rendered":"<p style=\"text-align: justify\">Il<strong> Consiglio metropolitano di Reggio Calabria,<\/strong> nel corso della riunione di oggi, convocata a Palazzo Alvaro e presieduta dal sindaco facente funzioni <strong>Carmelo<\/strong> <strong>Versace<\/strong>, ha approvato una serie di variazioni di bilancio, per adeguare alcuni capitoli di spesa per la corretta attuazione degli indirizzi programmatici. Sul punto ha relazionato il consigliere metropolitano delegato al Bilancio, Giuseppe Ranuccio, precisando, che si tratta di interventi legati ad attivit\u00e0 legate principalmente alla funzionalit\u00e0 dell&#8217;Ente, tra questi anche l&#8217;adeguamento alla contribuzione Anac, con la generazione dei codici di gara.<\/p>\n<p>L&#8217;aula metropolitana ha anche dato il disco verde approvando lo schema dell&#8217;accordo con l&#8217;Universit\u00e0 degli studi <strong>Mediterranea<\/strong> di <strong>Reggio Calabria<\/strong>, per disciplinare lo svolgimento in collaborazione di attivit\u00e0 di interesse comune. Dopo i chiarimenti tecnici del dirigente Giuseppe Mezzatesta e del direttore generale dell&#8217;Ente, Umberto Nucara, il sindaco Carmelo Versace ha evidenziato che &#8220;questa convenzione crea una forte sinergia tra due istituzioni, rafforzando una intesa, ora messa nero su bianco, che punta a valorizzare ulteriormente le professionalit\u00e0 presenti nell&#8217;Ateneo, condividendo anche alcuni spazi e una programmazione compatibili con le rispettive mission&#8221;.<\/p>\n<p>Successivamente il Consiglio ha approvato la convenzione per la concessione di locali scolastici posti al piano superiore della scuola &#8216;Trieste&#8217; di Polistena per ospitare la popolazione studentesca del plesso via Vescovo Morabito del Liceo &#8216;Rechichi&#8217;, atto che consentir\u00e0 a molti studenti del comprensorio di evitare maggiori disagi di mobilit\u00e0. \u00c8 stato anche nominato il componente del Consiglio di amministrazione del Convitto &#8216;Tommaso Campanella&#8217; nella persona di Serena Antonia Mangano, gi\u00e0 consigliera uscente. Approvata, infine, l&#8217;applicazione della quota avanzo vincolato 2022 al Bilancio 2023-2025, annualit\u00e0 2023, settore Politiche\u00a0sociali.<\/p>\n","protected":false},"excerpt":{"rendered":"<p>Il Consiglio metropolitano di Reggio Calabria, nel corso della riunione di oggi, convocata a Palazzo Alvaro e presieduta dal sindaco facente funzioni Carmelo Versace, ha approvato una serie di variazioni&hellip;<\/p>\n","protected":false},"author":8,"featured_media":8019,"comment_status":"closed","ping_status":"open","sticky":false,"template":"","format":"standard","meta":{"_jetpack_memberships_contains_paid_content":false,"footnotes":"","jetpack_publicize_message":"","jetpack_publicize_feature_enabled":true,"jetpack_social_post_already_shared":false,"jetpack_social_options":{"image_generator_settings":{"template":"highway","default_image_id":0,"font":"","enabled":false},"version":2}},"categories":[921,196,195,140],"tags":[239,1899,370,10930],"class_list":["post-33861","post","type-post","status-publish","format-standard","has-post-thumbnail","hentry","category-home","category-news","category-politica","category-reggio-calabria","tag-carmelo-versace","tag-consiglio-metropolitano","tag-mediterranea","tag-universita-reggio-calabria"],"yoast_head":"<!-- This site is optimized with the Yoast SEO plugin v27.2 - https:\/\/yoast.com\/product\/yoast-seo-wordpress\/ -->\n<title>Reggio Calabria: il Consiglio metropolitano parere positivo sulla convenzione con l&#039;Universit\u00e0 Mediterranea - Radio Touring 104<\/title>\n<meta name=\"description\" content=\"In Consiglio metropolitano ok alla convenzione con l&#039;Universit\u00e0 Mediterranea, con delle variazioni su alcuni edifici scolastici\" \/>\n<meta name=\"robots\" content=\"index, follow, max-snippet:-1, max-image-preview:large, max-video-preview:-1\" \/>\n<link rel=\"canonical\" href=\"https:\/\/progettotouring.it\/radiotouring104\/2023\/09\/06\/reggio-calabria-il-consiglio-metropolitano-parere-positivo-sulla-convenzione-con-luniversita-mediterranea\/\" \/>\n<meta property=\"og:locale\" content=\"it_IT\" \/>\n<meta property=\"og:type\" content=\"article\" \/>\n<meta property=\"og:title\" content=\"Reggio Calabria: il Consiglio metropolitano parere positivo sulla convenzione con l&#039;Universit\u00e0 Mediterranea - Radio Touring 104\" \/>\n<meta property=\"og:description\" content=\"In Consiglio metropolitano ok alla convenzione con l&#039;Universit\u00e0 Mediterranea, con delle variazioni su alcuni edifici scolastici\" \/>\n<meta property=\"og:url\" content=\"https:\/\/progettotouring.it\/radiotouring104\/2023\/09\/06\/reggio-calabria-il-consiglio-metropolitano-parere-positivo-sulla-convenzione-con-luniversita-mediterranea\/\" \/>\n<meta property=\"og:site_name\" content=\"Radio Touring 104\" \/>\n<meta property=\"article:published_time\" content=\"2023-09-06T13:37:58+00:00\" \/>\n<meta property=\"article:modified_time\" content=\"2023-09-06T13:52:15+00:00\" \/>\n<meta property=\"og:image\" content=\"https:\/\/progettotouring.it\/radiotouring104\/wp-content\/uploads\/sites\/6\/2022\/07\/consiglio-metropolitano-reggio-calabria.jpeg\" \/>\n\t<meta property=\"og:image:width\" content=\"768\" \/>\n\t<meta property=\"og:image:height\" content=\"403\" \/>\n\t<meta property=\"og:image:type\" content=\"image\/jpeg\" \/>\n<meta name=\"author\" content=\"Filippo Francesco Idone\" \/>\n<meta name=\"twitter:card\" content=\"summary_large_image\" \/>\n<meta name=\"twitter:label1\" content=\"Scritto da\" \/>\n\t<meta name=\"twitter:data1\" content=\"Filippo Francesco Idone\" \/>\n\t<meta name=\"twitter:label2\" content=\"Tempo di lettura stimato\" \/>\n\t<meta name=\"twitter:data2\" content=\"1 minuto\" \/>\n<script type=\"application\/ld+json\" class=\"yoast-schema-graph\">{\"@context\":\"https:\/\/schema.org\",\"@graph\":[{\"@type\":\"Article\",\"@id\":\"https:\/\/progettotouring.it\/radiotouring104\/2023\/09\/06\/reggio-calabria-il-consiglio-metropolitano-parere-positivo-sulla-convenzione-con-luniversita-mediterranea\/#article\",\"isPartOf\":{\"@id\":\"https:\/\/progettotouring.it\/radiotouring104\/2023\/09\/06\/reggio-calabria-il-consiglio-metropolitano-parere-positivo-sulla-convenzione-con-luniversita-mediterranea\/\"},\"author\":{\"name\":\"Filippo Francesco Idone\",\"@id\":\"https:\/\/progettotouring.it\/radiotouring104\/#\/schema\/person\/4a82259ca52ac8702ad1a8f9e5a3120b\"},\"headline\":\"Reggio Calabria: il Consiglio metropolitano parere positivo sulla convenzione con l&#8217;Universit\u00e0 Mediterranea\",\"datePublished\":\"2023-09-06T13:37:58+00:00\",\"dateModified\":\"2023-09-06T13:52:15+00:00\",\"mainEntityOfPage\":{\"@id\":\"https:\/\/progettotouring.it\/radiotouring104\/2023\/09\/06\/reggio-calabria-il-consiglio-metropolitano-parere-positivo-sulla-convenzione-con-luniversita-mediterranea\/\"},\"wordCount\":273,\"publisher\":{\"@id\":\"https:\/\/progettotouring.it\/radiotouring104\/#organization\"},\"image\":{\"@id\":\"https:\/\/progettotouring.it\/radiotouring104\/2023\/09\/06\/reggio-calabria-il-consiglio-metropolitano-parere-positivo-sulla-convenzione-con-luniversita-mediterranea\/#primaryimage\"},\"thumbnailUrl\":\"https:\/\/progettotouring.it\/radiotouring104\/wp-content\/uploads\/sites\/6\/2022\/07\/consiglio-metropolitano-reggio-calabria.jpeg\",\"keywords\":[\"carmelo versace\",\"Consiglio metropolitano\",\"mediterranea\",\"Universit\u00e0 Reggio Calabria.\"],\"articleSection\":[\"Home\",\"News\",\"Politica\",\"Reggio Calabria\"],\"inLanguage\":\"it-IT\"},{\"@type\":\"WebPage\",\"@id\":\"https:\/\/progettotouring.it\/radiotouring104\/2023\/09\/06\/reggio-calabria-il-consiglio-metropolitano-parere-positivo-sulla-convenzione-con-luniversita-mediterranea\/\",\"url\":\"https:\/\/progettotouring.it\/radiotouring104\/2023\/09\/06\/reggio-calabria-il-consiglio-metropolitano-parere-positivo-sulla-convenzione-con-luniversita-mediterranea\/\",\"name\":\"Reggio Calabria: il Consiglio metropolitano parere positivo sulla convenzione con l'Universit\u00e0 Mediterranea - Radio Touring 104\",\"isPartOf\":{\"@id\":\"https:\/\/progettotouring.it\/radiotouring104\/#website\"},\"primaryImageOfPage\":{\"@id\":\"https:\/\/progettotouring.it\/radiotouring104\/2023\/09\/06\/reggio-calabria-il-consiglio-metropolitano-parere-positivo-sulla-convenzione-con-luniversita-mediterranea\/#primaryimage\"},\"image\":{\"@id\":\"https:\/\/progettotouring.it\/radiotouring104\/2023\/09\/06\/reggio-calabria-il-consiglio-metropolitano-parere-positivo-sulla-convenzione-con-luniversita-mediterranea\/#primaryimage\"},\"thumbnailUrl\":\"https:\/\/progettotouring.it\/radiotouring104\/wp-content\/uploads\/sites\/6\/2022\/07\/consiglio-metropolitano-reggio-calabria.jpeg\",\"datePublished\":\"2023-09-06T13:37:58+00:00\",\"dateModified\":\"2023-09-06T13:52:15+00:00\",\"description\":\"In Consiglio metropolitano ok alla convenzione con l'Universit\u00e0 Mediterranea, con delle variazioni su alcuni edifici scolastici\",\"breadcrumb\":{\"@id\":\"https:\/\/progettotouring.it\/radiotouring104\/2023\/09\/06\/reggio-calabria-il-consiglio-metropolitano-parere-positivo-sulla-convenzione-con-luniversita-mediterranea\/#breadcrumb\"},\"inLanguage\":\"it-IT\",\"potentialAction\":[{\"@type\":\"ReadAction\",\"target\":[\"https:\/\/progettotouring.it\/radiotouring104\/2023\/09\/06\/reggio-calabria-il-consiglio-metropolitano-parere-positivo-sulla-convenzione-con-luniversita-mediterranea\/\"]}]},{\"@type\":\"ImageObject\",\"inLanguage\":\"it-IT\",\"@id\":\"https:\/\/progettotouring.it\/radiotouring104\/2023\/09\/06\/reggio-calabria-il-consiglio-metropolitano-parere-positivo-sulla-convenzione-con-luniversita-mediterranea\/#primaryimage\",\"url\":\"https:\/\/progettotouring.it\/radiotouring104\/wp-content\/uploads\/sites\/6\/2022\/07\/consiglio-metropolitano-reggio-calabria.jpeg\",\"contentUrl\":\"https:\/\/progettotouring.it\/radiotouring104\/wp-content\/uploads\/sites\/6\/2022\/07\/consiglio-metropolitano-reggio-calabria.jpeg\",\"width\":768,\"height\":403},{\"@type\":\"BreadcrumbList\",\"@id\":\"https:\/\/progettotouring.it\/radiotouring104\/2023\/09\/06\/reggio-calabria-il-consiglio-metropolitano-parere-positivo-sulla-convenzione-con-luniversita-mediterranea\/#breadcrumb\",\"itemListElement\":[{\"@type\":\"ListItem\",\"position\":1,\"name\":\"Home\",\"item\":\"https:\/\/progettotouring.it\/radiotouring104\/\"},{\"@type\":\"ListItem\",\"position\":2,\"name\":\"Reggio Calabria: il Consiglio metropolitano parere positivo sulla convenzione con l&#8217;Universit\u00e0 Mediterranea\"}]},{\"@type\":\"WebSite\",\"@id\":\"https:\/\/progettotouring.it\/radiotouring104\/#website\",\"url\":\"https:\/\/progettotouring.it\/radiotouring104\/\",\"name\":\"Radio Touring 104\",\"description\":\"La prima radio Reggina\",\"publisher\":{\"@id\":\"https:\/\/progettotouring.it\/radiotouring104\/#organization\"},\"potentialAction\":[{\"@type\":\"SearchAction\",\"target\":{\"@type\":\"EntryPoint\",\"urlTemplate\":\"https:\/\/progettotouring.it\/radiotouring104\/?s={search_term_string}\"},\"query-input\":{\"@type\":\"PropertyValueSpecification\",\"valueRequired\":true,\"valueName\":\"search_term_string\"}}],\"inLanguage\":\"it-IT\"},{\"@type\":\"Organization\",\"@id\":\"https:\/\/progettotouring.it\/radiotouring104\/#organization\",\"name\":\"Radio Touring 104\",\"url\":\"https:\/\/progettotouring.it\/radiotouring104\/\",\"logo\":{\"@type\":\"ImageObject\",\"inLanguage\":\"it-IT\",\"@id\":\"https:\/\/progettotouring.it\/radiotouring104\/#\/schema\/logo\/image\/\",\"url\":\"https:\/\/progettotouring.it\/radiotouring104\/wp-content\/uploads\/sites\/6\/2022\/02\/cropped-logo-radio-touring-104.png\",\"contentUrl\":\"https:\/\/progettotouring.it\/radiotouring104\/wp-content\/uploads\/sites\/6\/2022\/02\/cropped-logo-radio-touring-104.png\",\"width\":377,\"height\":182,\"caption\":\"Radio Touring 104\"},\"image\":{\"@id\":\"https:\/\/progettotouring.it\/radiotouring104\/#\/schema\/logo\/image\/\"}},{\"@type\":\"Person\",\"@id\":\"https:\/\/progettotouring.it\/radiotouring104\/#\/schema\/person\/4a82259ca52ac8702ad1a8f9e5a3120b\",\"name\":\"Filippo Francesco Idone\",\"image\":{\"@type\":\"ImageObject\",\"inLanguage\":\"it-IT\",\"@id\":\"https:\/\/secure.gravatar.com\/avatar\/7268715d2366395c3dd314385670e6484117d44f5c442e61e230f7008b7b62d3?s=96&d=mm&r=g\",\"url\":\"https:\/\/secure.gravatar.com\/avatar\/7268715d2366395c3dd314385670e6484117d44f5c442e61e230f7008b7b62d3?s=96&d=mm&r=g\",\"contentUrl\":\"https:\/\/secure.gravatar.com\/avatar\/7268715d2366395c3dd314385670e6484117d44f5c442e61e230f7008b7b62d3?s=96&d=mm&r=g\",\"caption\":\"Filippo Francesco Idone\"},\"url\":\"https:\/\/progettotouring.it\/radiotouring104\/author\/filippoidone\/\"}]}<\/script>\n<!-- \/ Yoast SEO plugin. -->","yoast_head_json":{"title":"Reggio Calabria: il Consiglio metropolitano parere positivo sulla convenzione con l'Universit\u00e0 Mediterranea - Radio Touring 104","description":"In Consiglio metropolitano ok alla convenzione con l'Universit\u00e0 Mediterranea, con delle variazioni su alcuni edifici scolastici","robots":{"index":"index","follow":"follow","max-snippet":"max-snippet:-1","max-image-preview":"max-image-preview:large","max-video-preview":"max-video-preview:-1"},"canonical":"https:\/\/progettotouring.it\/radiotouring104\/2023\/09\/06\/reggio-calabria-il-consiglio-metropolitano-parere-positivo-sulla-convenzione-con-luniversita-mediterranea\/","og_locale":"it_IT","og_type":"article","og_title":"Reggio Calabria: il Consiglio metropolitano parere positivo sulla convenzione con l'Universit\u00e0 Mediterranea - Radio Touring 104","og_description":"In Consiglio metropolitano ok alla convenzione con l'Universit\u00e0 Mediterranea, con delle variazioni su alcuni edifici scolastici","og_url":"https:\/\/progettotouring.it\/radiotouring104\/2023\/09\/06\/reggio-calabria-il-consiglio-metropolitano-parere-positivo-sulla-convenzione-con-luniversita-mediterranea\/","og_site_name":"Radio Touring 104","article_published_time":"2023-09-06T13:37:58+00:00","article_modified_time":"2023-09-06T13:52:15+00:00","og_image":[{"width":768,"height":403,"url":"https:\/\/progettotouring.it\/radiotouring104\/wp-content\/uploads\/sites\/6\/2022\/07\/consiglio-metropolitano-reggio-calabria.jpeg","type":"image\/jpeg"}],"author":"Filippo Francesco Idone","twitter_card":"summary_large_image","twitter_misc":{"Scritto da":"Filippo Francesco Idone","Tempo di lettura stimato":"1 minuto"},"schema":{"@context":"https:\/\/schema.org","@graph":[{"@type":"Article","@id":"https:\/\/progettotouring.it\/radiotouring104\/2023\/09\/06\/reggio-calabria-il-consiglio-metropolitano-parere-positivo-sulla-convenzione-con-luniversita-mediterranea\/#article","isPartOf":{"@id":"https:\/\/progettotouring.it\/radiotouring104\/2023\/09\/06\/reggio-calabria-il-consiglio-metropolitano-parere-positivo-sulla-convenzione-con-luniversita-mediterranea\/"},"author":{"name":"Filippo Francesco Idone","@id":"https:\/\/progettotouring.it\/radiotouring104\/#\/schema\/person\/4a82259ca52ac8702ad1a8f9e5a3120b"},"headline":"Reggio Calabria: il Consiglio metropolitano parere positivo sulla convenzione con l&#8217;Universit\u00e0 Mediterranea","datePublished":"2023-09-06T13:37:58+00:00","dateModified":"2023-09-06T13:52:15+00:00","mainEntityOfPage":{"@id":"https:\/\/progettotouring.it\/radiotouring104\/2023\/09\/06\/reggio-calabria-il-consiglio-metropolitano-parere-positivo-sulla-convenzione-con-luniversita-mediterranea\/"},"wordCount":273,"publisher":{"@id":"https:\/\/progettotouring.it\/radiotouring104\/#organization"},"image":{"@id":"https:\/\/progettotouring.it\/radiotouring104\/2023\/09\/06\/reggio-calabria-il-consiglio-metropolitano-parere-positivo-sulla-convenzione-con-luniversita-mediterranea\/#primaryimage"},"thumbnailUrl":"https:\/\/progettotouring.it\/radiotouring104\/wp-content\/uploads\/sites\/6\/2022\/07\/consiglio-metropolitano-reggio-calabria.jpeg","keywords":["carmelo versace","Consiglio metropolitano","mediterranea","Universit\u00e0 Reggio Calabria."],"articleSection":["Home","News","Politica","Reggio Calabria"],"inLanguage":"it-IT"},{"@type":"WebPage","@id":"https:\/\/progettotouring.it\/radiotouring104\/2023\/09\/06\/reggio-calabria-il-consiglio-metropolitano-parere-positivo-sulla-convenzione-con-luniversita-mediterranea\/","url":"https:\/\/progettotouring.it\/radiotouring104\/2023\/09\/06\/reggio-calabria-il-consiglio-metropolitano-parere-positivo-sulla-convenzione-con-luniversita-mediterranea\/","name":"Reggio Calabria: il Consiglio metropolitano parere positivo sulla convenzione con l'Universit\u00e0 Mediterranea - Radio Touring 104","isPartOf":{"@id":"https:\/\/progettotouring.it\/radiotouring104\/#website"},"primaryImageOfPage":{"@id":"https:\/\/progettotouring.it\/radiotouring104\/2023\/09\/06\/reggio-calabria-il-consiglio-metropolitano-parere-positivo-sulla-convenzione-con-luniversita-mediterranea\/#primaryimage"},"image":{"@id":"https:\/\/progettotouring.it\/radiotouring104\/2023\/09\/06\/reggio-calabria-il-consiglio-metropolitano-parere-positivo-sulla-convenzione-con-luniversita-mediterranea\/#primaryimage"},"thumbnailUrl":"https:\/\/progettotouring.it\/radiotouring104\/wp-content\/uploads\/sites\/6\/2022\/07\/consiglio-metropolitano-reggio-calabria.jpeg","datePublished":"2023-09-06T13:37:58+00:00","dateModified":"2023-09-06T13:52:15+00:00","description":"In Consiglio metropolitano ok alla convenzione con l'Universit\u00e0 Mediterranea, con delle variazioni su alcuni edifici scolastici","breadcrumb":{"@id":"https:\/\/progettotouring.it\/radiotouring104\/2023\/09\/06\/reggio-calabria-il-consiglio-metropolitano-parere-positivo-sulla-convenzione-con-luniversita-mediterranea\/#breadcrumb"},"inLanguage":"it-IT","potentialAction":[{"@type":"ReadAction","target":["https:\/\/progettotouring.it\/radiotouring104\/2023\/09\/06\/reggio-calabria-il-consiglio-metropolitano-parere-positivo-sulla-convenzione-con-luniversita-mediterranea\/"]}]},{"@type":"ImageObject","inLanguage":"it-IT","@id":"https:\/\/progettotouring.it\/radiotouring104\/2023\/09\/06\/reggio-calabria-il-consiglio-metropolitano-parere-positivo-sulla-convenzione-con-luniversita-mediterranea\/#primaryimage","url":"https:\/\/progettotouring.it\/radiotouring104\/wp-content\/uploads\/sites\/6\/2022\/07\/consiglio-metropolitano-reggio-calabria.jpeg","contentUrl":"https:\/\/progettotouring.it\/radiotouring104\/wp-content\/uploads\/sites\/6\/2022\/07\/consiglio-metropolitano-reggio-calabria.jpeg","width":768,"height":403},{"@type":"BreadcrumbList","@id":"https:\/\/progettotouring.it\/radiotouring104\/2023\/09\/06\/reggio-calabria-il-consiglio-metropolitano-parere-positivo-sulla-convenzione-con-luniversita-mediterranea\/#breadcrumb","itemListElement":[{"@type":"ListItem","position":1,"name":"Home","item":"https:\/\/progettotouring.it\/radiotouring104\/"},{"@type":"ListItem","position":2,"name":"Reggio Calabria: il Consiglio metropolitano parere positivo sulla convenzione con l&#8217;Universit\u00e0 Mediterranea"}]},{"@type":"WebSite","@id":"https:\/\/progettotouring.it\/radiotouring104\/#website","url":"https:\/\/progettotouring.it\/radiotouring104\/","name":"Radio Touring 104","description":"La prima radio Reggina","publisher":{"@id":"https:\/\/progettotouring.it\/radiotouring104\/#organization"},"potentialAction":[{"@type":"SearchAction","target":{"@type":"EntryPoint","urlTemplate":"https:\/\/progettotouring.it\/radiotouring104\/?s={search_term_string}"},"query-input":{"@type":"PropertyValueSpecification","valueRequired":true,"valueName":"search_term_string"}}],"inLanguage":"it-IT"},{"@type":"Organization","@id":"https:\/\/progettotouring.it\/radiotouring104\/#organization","name":"Radio Touring 104","url":"https:\/\/progettotouring.it\/radiotouring104\/","logo":{"@type":"ImageObject","inLanguage":"it-IT","@id":"https:\/\/progettotouring.it\/radiotouring104\/#\/schema\/logo\/image\/","url":"https:\/\/progettotouring.it\/radiotouring104\/wp-content\/uploads\/sites\/6\/2022\/02\/cropped-logo-radio-touring-104.png","contentUrl":"https:\/\/progettotouring.it\/radiotouring104\/wp-content\/uploads\/sites\/6\/2022\/02\/cropped-logo-radio-touring-104.png","width":377,"height":182,"caption":"Radio Touring 104"},"image":{"@id":"https:\/\/progettotouring.it\/radiotouring104\/#\/schema\/logo\/image\/"}},{"@type":"Person","@id":"https:\/\/progettotouring.it\/radiotouring104\/#\/schema\/person\/4a82259ca52ac8702ad1a8f9e5a3120b","name":"Filippo Francesco Idone","image":{"@type":"ImageObject","inLanguage":"it-IT","@id":"https:\/\/secure.gravatar.com\/avatar\/7268715d2366395c3dd314385670e6484117d44f5c442e61e230f7008b7b62d3?s=96&d=mm&r=g","url":"https:\/\/secure.gravatar.com\/avatar\/7268715d2366395c3dd314385670e6484117d44f5c442e61e230f7008b7b62d3?s=96&d=mm&r=g","contentUrl":"https:\/\/secure.gravatar.com\/avatar\/7268715d2366395c3dd314385670e6484117d44f5c442e61e230f7008b7b62d3?s=96&d=mm&r=g","caption":"Filippo Francesco Idone"},"url":"https:\/\/progettotouring.it\/radiotouring104\/author\/filippoidone\/"}]}},"jetpack_publicize_connections":[],"jetpack_featured_media_url":"https:\/\/progettotouring.it\/radiotouring104\/wp-content\/uploads\/sites\/6\/2022\/07\/consiglio-metropolitano-reggio-calabria.jpeg","jetpack_sharing_enabled":true,"_links":{"self":[{"href":"https:\/\/progettotouring.it\/radiotouring104\/wp-json\/wp\/v2\/posts\/33861","targetHints":{"allow":["GET"]}}],"collection":[{"href":"https:\/\/progettotouring.it\/radiotouring104\/wp-json\/wp\/v2\/posts"}],"about":[{"href":"https:\/\/progettotouring.it\/radiotouring104\/wp-json\/wp\/v2\/types\/post"}],"author":[{"embeddable":true,"href":"https:\/\/progettotouring.it\/radiotouring104\/wp-json\/wp\/v2\/users\/8"}],"replies":[{"embeddable":true,"href":"https:\/\/progettotouring.it\/radiotouring104\/wp-json\/wp\/v2\/comments?post=33861"}],"version-history":[{"count":1,"href":"https:\/\/progettotouring.it\/radiotouring104\/wp-json\/wp\/v2\/posts\/33861\/revisions"}],"predecessor-version":[{"id":33862,"href":"https:\/\/progettotouring.it\/radiotouring104\/wp-json\/wp\/v2\/posts\/33861\/revisions\/33862"}],"wp:featuredmedia":[{"embeddable":true,"href":"https:\/\/progettotouring.it\/radiotouring104\/wp-json\/wp\/v2\/media\/8019"}],"wp:attachment":[{"href":"https:\/\/progettotouring.it\/radiotouring104\/wp-json\/wp\/v2\/media?parent=33861"}],"wp:term":[{"taxonomy":"category","embeddable":true,"href":"https:\/\/progettotouring.it\/radiotouring104\/wp-json\/wp\/v2\/categories?post=33861"},{"taxonomy":"post_tag","embeddable":true,"href":"https:\/\/progettotouring.it\/radiotouring104\/wp-json\/wp\/v2\/tags?post=33861"}],"curies":[{"name":"wp","href":"https:\/\/api.w.org\/{rel}","templated":true}]}}