{"id":33863,"date":"2023-09-06T15:56:08","date_gmt":"2023-09-06T13:56:08","guid":{"rendered":"https:\/\/progettotouring.it\/radiotouring104\/?p=33863"},"modified":"2023-09-06T15:56:08","modified_gmt":"2023-09-06T13:56:08","slug":"calabria-mancuso-incontra-i-presidenti-delle-commissioni","status":"publish","type":"post","link":"https:\/\/progettotouring.it\/radiotouring104\/2023\/09\/06\/calabria-mancuso-incontra-i-presidenti-delle-commissioni\/","title":{"rendered":"Calabria: Mancuso incontra i Presidenti delle Commissioni"},"content":{"rendered":"<p class=\"xmprfx_MsoNormal\" style=\"text-align: justify\"><em><span class=\"xmprfx_ContentPasted0\">\u201cIl bilancio dell\u2019attivit\u00e0 del <strong>Consiglio<\/strong> <strong>regionale<\/strong>, grazie all&#8217;impulso delle <strong>Commissioni<\/strong>, \u00e8 decisamente positivo, per quantit\u00e0 e qualit\u00e0. Dall\u2019insediamento ad oggi, abbiamo approvato 114 leggi, il Consiglio si \u00e8 riunito per 30 volte. Le riunioni delle Commissioni sono state complessivamente 182\u201d.\u00a0 <\/span><\/em><span class=\"xmprfx_ContentPasted0\">L\u2019ha detto il presidente del Consiglio regionale <strong>Filippo<\/strong> <strong>Mancuso<\/strong>, nel corso di un &#8220;incontro cordiale e propositivo&#8221; con i Presidenti delle Commissioni.\u00a0 <\/span><span class=\"xmprfx_ContentPasted0\">Ha aggiunto: <em>\u201cSu pi\u00f9 settori strategici e dal forte impatto economico, sociale e culturale, abbiamo finora introdotto riforme storiche, la cui urgenza si avvertiva per alcune di esse da decenni&#8221;.\u00a0<\/em><\/span><\/p>\n<p class=\"xmprfx_MsoNormal\" style=\"text-align: justify\"><span class=\"xmprfx_ContentPasted0\">Ancora: <em>\u201cL\u2019attivit\u00e0 delle Commissioni \u00e8 indispensabile. Attraverso esse si mettono in moto i processi di partecipazione e coinvolgimento della societ\u00e0 civile. Le Commissioni sono il centro dell\u2019attivit\u00e0 legislativa in cui, oltre alla ricerca delle convergenze politiche, il dibattito entra nel merito delle questioni prima di consegnare all\u2019Aula i provvedimenti da approvare. Pertanto, la qualit\u00e0 legislativa del <strong>Consiglio<\/strong> molto \u00e8 stata dovuta e molto dipender\u00e0 dal lavoro delle <strong>Commissioni<\/strong>\u201d.\u00a0<\/em><\/span><\/p>\n<p class=\"xmprfx_MsoNormal\" style=\"text-align: justify\"><span class=\"xmprfx_ContentPasted0\">Inoltre, per il presidente <strong>Mancuso<\/strong>: <em>\u201cDa qui in avanti l\u2019impegno richiesto a tutti noi \u00e8 ancora pi\u00f9 incisivo e produttivo, sia per qualificare ulteriormente ruolo e funzioni del \u2018cuore della democrazia calabrese\u2019, che per garantire ai cittadini il diritto al futuro, attraverso il protagonismo proattivo della Regione, sia dentro i suoi confini che sui tavoli romani ed europei, dove abbiamo rinforzato autonomia, competenza e reputazione\u201d. \u00a0\u00a0<\/em><\/span><\/p>\n<p class=\"xmprfx_MsoNormal\" style=\"text-align: justify\"><span class=\"xmprfx_ContentPasted0\">Infine: <em>\u201cQuesta <strong>Presidenza<\/strong> concepisce un <strong>Consiglio<\/strong> non frenato dalle vecchie liturgie politiche e dall\u2019ingorgo burocratico, ma un Consiglio che, in sintonia con gli interessi della <strong>Calabria<\/strong> e col ritmo incalzante dell\u2019azione del presidente della <strong>Giunta<\/strong> on. Occhiuto, discute, approfondisce e soprattutto decide&#8221;.\u00a0<\/em><\/span><\/p>\n","protected":false},"excerpt":{"rendered":"<p>\u201cIl bilancio dell\u2019attivit\u00e0 del Consiglio regionale, grazie all&#8217;impulso delle Commissioni, \u00e8 decisamente positivo, per quantit\u00e0 e qualit\u00e0. Dall\u2019insediamento ad oggi, abbiamo approvato 114 leggi, il Consiglio si \u00e8 riunito per&hellip;<\/p>\n","protected":false},"author":8,"featured_media":33864,"comment_status":"closed","ping_status":"open","sticky":false,"template":"","format":"standard","meta":{"_jetpack_memberships_contains_paid_content":false,"footnotes":"","jetpack_publicize_message":"","jetpack_publicize_feature_enabled":true,"jetpack_social_post_already_shared":false,"jetpack_social_options":{"image_generator_settings":{"template":"highway","default_image_id":0,"font":"","enabled":false},"version":2}},"categories":[142,921,196,195],"tags":[586,21197,3911],"class_list":["post-33863","post","type-post","status-publish","format-standard","has-post-thumbnail","hentry","category-calabria","category-home","category-news","category-politica","tag-calabria","tag-commissioni","tag-mancuso"],"yoast_head":"<!-- This site is optimized with the Yoast SEO plugin v27.2 - https:\/\/yoast.com\/product\/yoast-seo-wordpress\/ -->\n<title>Calabria: Mancuso incontra i Presidenti delle Commissioni - Radio Touring 104<\/title>\n<meta name=\"description\" content=\"Il presidente del Consiglio regionale, Filippo Mancuso, ha incontrato i Presidenti delle Commissioni calabresi\" \/>\n<meta name=\"robots\" content=\"index, follow, max-snippet:-1, max-image-preview:large, max-video-preview:-1\" \/>\n<link rel=\"canonical\" href=\"https:\/\/progettotouring.it\/radiotouring104\/2023\/09\/06\/calabria-mancuso-incontra-i-presidenti-delle-commissioni\/\" \/>\n<meta property=\"og:locale\" content=\"it_IT\" \/>\n<meta property=\"og:type\" content=\"article\" \/>\n<meta property=\"og:title\" content=\"Calabria: Mancuso incontra i Presidenti delle Commissioni - Radio Touring 104\" \/>\n<meta property=\"og:description\" content=\"Il presidente del Consiglio regionale, Filippo Mancuso, ha incontrato i Presidenti delle Commissioni calabresi\" \/>\n<meta property=\"og:url\" content=\"https:\/\/progettotouring.it\/radiotouring104\/2023\/09\/06\/calabria-mancuso-incontra-i-presidenti-delle-commissioni\/\" \/>\n<meta property=\"og:site_name\" content=\"Radio Touring 104\" \/>\n<meta property=\"article:published_time\" content=\"2023-09-06T13:56:08+00:00\" \/>\n<meta property=\"og:image\" content=\"https:\/\/progettotouring.it\/radiotouring104\/wp-content\/uploads\/sites\/6\/2023\/09\/mancuso.jpeg\" \/>\n\t<meta property=\"og:image:width\" content=\"1080\" \/>\n\t<meta property=\"og:image:height\" content=\"606\" \/>\n\t<meta property=\"og:image:type\" content=\"image\/jpeg\" \/>\n<meta name=\"author\" content=\"Filippo Francesco Idone\" \/>\n<meta name=\"twitter:card\" content=\"summary_large_image\" \/>\n<meta name=\"twitter:label1\" content=\"Scritto da\" \/>\n\t<meta name=\"twitter:data1\" content=\"Filippo Francesco Idone\" \/>\n\t<meta name=\"twitter:label2\" content=\"Tempo di lettura stimato\" \/>\n\t<meta name=\"twitter:data2\" content=\"1 minuto\" \/>\n<script type=\"application\/ld+json\" class=\"yoast-schema-graph\">{\"@context\":\"https:\/\/schema.org\",\"@graph\":[{\"@type\":\"Article\",\"@id\":\"https:\/\/progettotouring.it\/radiotouring104\/2023\/09\/06\/calabria-mancuso-incontra-i-presidenti-delle-commissioni\/#article\",\"isPartOf\":{\"@id\":\"https:\/\/progettotouring.it\/radiotouring104\/2023\/09\/06\/calabria-mancuso-incontra-i-presidenti-delle-commissioni\/\"},\"author\":{\"name\":\"Filippo Francesco Idone\",\"@id\":\"https:\/\/progettotouring.it\/radiotouring104\/#\/schema\/person\/4a82259ca52ac8702ad1a8f9e5a3120b\"},\"headline\":\"Calabria: Mancuso incontra i Presidenti delle Commissioni\",\"datePublished\":\"2023-09-06T13:56:08+00:00\",\"mainEntityOfPage\":{\"@id\":\"https:\/\/progettotouring.it\/radiotouring104\/2023\/09\/06\/calabria-mancuso-incontra-i-presidenti-delle-commissioni\/\"},\"wordCount\":275,\"publisher\":{\"@id\":\"https:\/\/progettotouring.it\/radiotouring104\/#organization\"},\"image\":{\"@id\":\"https:\/\/progettotouring.it\/radiotouring104\/2023\/09\/06\/calabria-mancuso-incontra-i-presidenti-delle-commissioni\/#primaryimage\"},\"thumbnailUrl\":\"https:\/\/progettotouring.it\/radiotouring104\/wp-content\/uploads\/sites\/6\/2023\/09\/mancuso.jpeg\",\"keywords\":[\"calabria\",\"commissioni\",\"mancuso\"],\"articleSection\":[\"Calabria\",\"Home\",\"News\",\"Politica\"],\"inLanguage\":\"it-IT\"},{\"@type\":\"WebPage\",\"@id\":\"https:\/\/progettotouring.it\/radiotouring104\/2023\/09\/06\/calabria-mancuso-incontra-i-presidenti-delle-commissioni\/\",\"url\":\"https:\/\/progettotouring.it\/radiotouring104\/2023\/09\/06\/calabria-mancuso-incontra-i-presidenti-delle-commissioni\/\",\"name\":\"Calabria: Mancuso incontra i Presidenti delle Commissioni - Radio Touring 104\",\"isPartOf\":{\"@id\":\"https:\/\/progettotouring.it\/radiotouring104\/#website\"},\"primaryImageOfPage\":{\"@id\":\"https:\/\/progettotouring.it\/radiotouring104\/2023\/09\/06\/calabria-mancuso-incontra-i-presidenti-delle-commissioni\/#primaryimage\"},\"image\":{\"@id\":\"https:\/\/progettotouring.it\/radiotouring104\/2023\/09\/06\/calabria-mancuso-incontra-i-presidenti-delle-commissioni\/#primaryimage\"},\"thumbnailUrl\":\"https:\/\/progettotouring.it\/radiotouring104\/wp-content\/uploads\/sites\/6\/2023\/09\/mancuso.jpeg\",\"datePublished\":\"2023-09-06T13:56:08+00:00\",\"description\":\"Il presidente del Consiglio regionale, Filippo Mancuso, ha incontrato i Presidenti delle Commissioni calabresi\",\"breadcrumb\":{\"@id\":\"https:\/\/progettotouring.it\/radiotouring104\/2023\/09\/06\/calabria-mancuso-incontra-i-presidenti-delle-commissioni\/#breadcrumb\"},\"inLanguage\":\"it-IT\",\"potentialAction\":[{\"@type\":\"ReadAction\",\"target\":[\"https:\/\/progettotouring.it\/radiotouring104\/2023\/09\/06\/calabria-mancuso-incontra-i-presidenti-delle-commissioni\/\"]}]},{\"@type\":\"ImageObject\",\"inLanguage\":\"it-IT\",\"@id\":\"https:\/\/progettotouring.it\/radiotouring104\/2023\/09\/06\/calabria-mancuso-incontra-i-presidenti-delle-commissioni\/#primaryimage\",\"url\":\"https:\/\/progettotouring.it\/radiotouring104\/wp-content\/uploads\/sites\/6\/2023\/09\/mancuso.jpeg\",\"contentUrl\":\"https:\/\/progettotouring.it\/radiotouring104\/wp-content\/uploads\/sites\/6\/2023\/09\/mancuso.jpeg\",\"width\":1080,\"height\":606},{\"@type\":\"BreadcrumbList\",\"@id\":\"https:\/\/progettotouring.it\/radiotouring104\/2023\/09\/06\/calabria-mancuso-incontra-i-presidenti-delle-commissioni\/#breadcrumb\",\"itemListElement\":[{\"@type\":\"ListItem\",\"position\":1,\"name\":\"Home\",\"item\":\"https:\/\/progettotouring.it\/radiotouring104\/\"},{\"@type\":\"ListItem\",\"position\":2,\"name\":\"Calabria: Mancuso incontra i Presidenti delle Commissioni\"}]},{\"@type\":\"WebSite\",\"@id\":\"https:\/\/progettotouring.it\/radiotouring104\/#website\",\"url\":\"https:\/\/progettotouring.it\/radiotouring104\/\",\"name\":\"Radio Touring 104\",\"description\":\"La prima radio Reggina\",\"publisher\":{\"@id\":\"https:\/\/progettotouring.it\/radiotouring104\/#organization\"},\"potentialAction\":[{\"@type\":\"SearchAction\",\"target\":{\"@type\":\"EntryPoint\",\"urlTemplate\":\"https:\/\/progettotouring.it\/radiotouring104\/?s={search_term_string}\"},\"query-input\":{\"@type\":\"PropertyValueSpecification\",\"valueRequired\":true,\"valueName\":\"search_term_string\"}}],\"inLanguage\":\"it-IT\"},{\"@type\":\"Organization\",\"@id\":\"https:\/\/progettotouring.it\/radiotouring104\/#organization\",\"name\":\"Radio Touring 104\",\"url\":\"https:\/\/progettotouring.it\/radiotouring104\/\",\"logo\":{\"@type\":\"ImageObject\",\"inLanguage\":\"it-IT\",\"@id\":\"https:\/\/progettotouring.it\/radiotouring104\/#\/schema\/logo\/image\/\",\"url\":\"https:\/\/progettotouring.it\/radiotouring104\/wp-content\/uploads\/sites\/6\/2022\/02\/cropped-logo-radio-touring-104.png\",\"contentUrl\":\"https:\/\/progettotouring.it\/radiotouring104\/wp-content\/uploads\/sites\/6\/2022\/02\/cropped-logo-radio-touring-104.png\",\"width\":377,\"height\":182,\"caption\":\"Radio Touring 104\"},\"image\":{\"@id\":\"https:\/\/progettotouring.it\/radiotouring104\/#\/schema\/logo\/image\/\"}},{\"@type\":\"Person\",\"@id\":\"https:\/\/progettotouring.it\/radiotouring104\/#\/schema\/person\/4a82259ca52ac8702ad1a8f9e5a3120b\",\"name\":\"Filippo Francesco Idone\",\"image\":{\"@type\":\"ImageObject\",\"inLanguage\":\"it-IT\",\"@id\":\"https:\/\/secure.gravatar.com\/avatar\/7268715d2366395c3dd314385670e6484117d44f5c442e61e230f7008b7b62d3?s=96&d=mm&r=g\",\"url\":\"https:\/\/secure.gravatar.com\/avatar\/7268715d2366395c3dd314385670e6484117d44f5c442e61e230f7008b7b62d3?s=96&d=mm&r=g\",\"contentUrl\":\"https:\/\/secure.gravatar.com\/avatar\/7268715d2366395c3dd314385670e6484117d44f5c442e61e230f7008b7b62d3?s=96&d=mm&r=g\",\"caption\":\"Filippo Francesco Idone\"},\"url\":\"https:\/\/progettotouring.it\/radiotouring104\/author\/filippoidone\/\"}]}<\/script>\n<!-- \/ Yoast SEO plugin. -->","yoast_head_json":{"title":"Calabria: Mancuso incontra i Presidenti delle Commissioni - Radio Touring 104","description":"Il presidente del Consiglio regionale, Filippo Mancuso, ha incontrato i Presidenti delle Commissioni calabresi","robots":{"index":"index","follow":"follow","max-snippet":"max-snippet:-1","max-image-preview":"max-image-preview:large","max-video-preview":"max-video-preview:-1"},"canonical":"https:\/\/progettotouring.it\/radiotouring104\/2023\/09\/06\/calabria-mancuso-incontra-i-presidenti-delle-commissioni\/","og_locale":"it_IT","og_type":"article","og_title":"Calabria: Mancuso incontra i Presidenti delle Commissioni - Radio Touring 104","og_description":"Il presidente del Consiglio regionale, Filippo Mancuso, ha incontrato i Presidenti delle Commissioni calabresi","og_url":"https:\/\/progettotouring.it\/radiotouring104\/2023\/09\/06\/calabria-mancuso-incontra-i-presidenti-delle-commissioni\/","og_site_name":"Radio Touring 104","article_published_time":"2023-09-06T13:56:08+00:00","og_image":[{"width":1080,"height":606,"url":"https:\/\/progettotouring.it\/radiotouring104\/wp-content\/uploads\/sites\/6\/2023\/09\/mancuso.jpeg","type":"image\/jpeg"}],"author":"Filippo Francesco Idone","twitter_card":"summary_large_image","twitter_misc":{"Scritto da":"Filippo Francesco Idone","Tempo di lettura stimato":"1 minuto"},"schema":{"@context":"https:\/\/schema.org","@graph":[{"@type":"Article","@id":"https:\/\/progettotouring.it\/radiotouring104\/2023\/09\/06\/calabria-mancuso-incontra-i-presidenti-delle-commissioni\/#article","isPartOf":{"@id":"https:\/\/progettotouring.it\/radiotouring104\/2023\/09\/06\/calabria-mancuso-incontra-i-presidenti-delle-commissioni\/"},"author":{"name":"Filippo Francesco Idone","@id":"https:\/\/progettotouring.it\/radiotouring104\/#\/schema\/person\/4a82259ca52ac8702ad1a8f9e5a3120b"},"headline":"Calabria: Mancuso incontra i Presidenti delle Commissioni","datePublished":"2023-09-06T13:56:08+00:00","mainEntityOfPage":{"@id":"https:\/\/progettotouring.it\/radiotouring104\/2023\/09\/06\/calabria-mancuso-incontra-i-presidenti-delle-commissioni\/"},"wordCount":275,"publisher":{"@id":"https:\/\/progettotouring.it\/radiotouring104\/#organization"},"image":{"@id":"https:\/\/progettotouring.it\/radiotouring104\/2023\/09\/06\/calabria-mancuso-incontra-i-presidenti-delle-commissioni\/#primaryimage"},"thumbnailUrl":"https:\/\/progettotouring.it\/radiotouring104\/wp-content\/uploads\/sites\/6\/2023\/09\/mancuso.jpeg","keywords":["calabria","commissioni","mancuso"],"articleSection":["Calabria","Home","News","Politica"],"inLanguage":"it-IT"},{"@type":"WebPage","@id":"https:\/\/progettotouring.it\/radiotouring104\/2023\/09\/06\/calabria-mancuso-incontra-i-presidenti-delle-commissioni\/","url":"https:\/\/progettotouring.it\/radiotouring104\/2023\/09\/06\/calabria-mancuso-incontra-i-presidenti-delle-commissioni\/","name":"Calabria: Mancuso incontra i Presidenti delle Commissioni - Radio Touring 104","isPartOf":{"@id":"https:\/\/progettotouring.it\/radiotouring104\/#website"},"primaryImageOfPage":{"@id":"https:\/\/progettotouring.it\/radiotouring104\/2023\/09\/06\/calabria-mancuso-incontra-i-presidenti-delle-commissioni\/#primaryimage"},"image":{"@id":"https:\/\/progettotouring.it\/radiotouring104\/2023\/09\/06\/calabria-mancuso-incontra-i-presidenti-delle-commissioni\/#primaryimage"},"thumbnailUrl":"https:\/\/progettotouring.it\/radiotouring104\/wp-content\/uploads\/sites\/6\/2023\/09\/mancuso.jpeg","datePublished":"2023-09-06T13:56:08+00:00","description":"Il presidente del Consiglio regionale, Filippo Mancuso, ha incontrato i Presidenti delle Commissioni calabresi","breadcrumb":{"@id":"https:\/\/progettotouring.it\/radiotouring104\/2023\/09\/06\/calabria-mancuso-incontra-i-presidenti-delle-commissioni\/#breadcrumb"},"inLanguage":"it-IT","potentialAction":[{"@type":"ReadAction","target":["https:\/\/progettotouring.it\/radiotouring104\/2023\/09\/06\/calabria-mancuso-incontra-i-presidenti-delle-commissioni\/"]}]},{"@type":"ImageObject","inLanguage":"it-IT","@id":"https:\/\/progettotouring.it\/radiotouring104\/2023\/09\/06\/calabria-mancuso-incontra-i-presidenti-delle-commissioni\/#primaryimage","url":"https:\/\/progettotouring.it\/radiotouring104\/wp-content\/uploads\/sites\/6\/2023\/09\/mancuso.jpeg","contentUrl":"https:\/\/progettotouring.it\/radiotouring104\/wp-content\/uploads\/sites\/6\/2023\/09\/mancuso.jpeg","width":1080,"height":606},{"@type":"BreadcrumbList","@id":"https:\/\/progettotouring.it\/radiotouring104\/2023\/09\/06\/calabria-mancuso-incontra-i-presidenti-delle-commissioni\/#breadcrumb","itemListElement":[{"@type":"ListItem","position":1,"name":"Home","item":"https:\/\/progettotouring.it\/radiotouring104\/"},{"@type":"ListItem","position":2,"name":"Calabria: Mancuso incontra i Presidenti delle Commissioni"}]},{"@type":"WebSite","@id":"https:\/\/progettotouring.it\/radiotouring104\/#website","url":"https:\/\/progettotouring.it\/radiotouring104\/","name":"Radio Touring 104","description":"La prima radio Reggina","publisher":{"@id":"https:\/\/progettotouring.it\/radiotouring104\/#organization"},"potentialAction":[{"@type":"SearchAction","target":{"@type":"EntryPoint","urlTemplate":"https:\/\/progettotouring.it\/radiotouring104\/?s={search_term_string}"},"query-input":{"@type":"PropertyValueSpecification","valueRequired":true,"valueName":"search_term_string"}}],"inLanguage":"it-IT"},{"@type":"Organization","@id":"https:\/\/progettotouring.it\/radiotouring104\/#organization","name":"Radio Touring 104","url":"https:\/\/progettotouring.it\/radiotouring104\/","logo":{"@type":"ImageObject","inLanguage":"it-IT","@id":"https:\/\/progettotouring.it\/radiotouring104\/#\/schema\/logo\/image\/","url":"https:\/\/progettotouring.it\/radiotouring104\/wp-content\/uploads\/sites\/6\/2022\/02\/cropped-logo-radio-touring-104.png","contentUrl":"https:\/\/progettotouring.it\/radiotouring104\/wp-content\/uploads\/sites\/6\/2022\/02\/cropped-logo-radio-touring-104.png","width":377,"height":182,"caption":"Radio Touring 104"},"image":{"@id":"https:\/\/progettotouring.it\/radiotouring104\/#\/schema\/logo\/image\/"}},{"@type":"Person","@id":"https:\/\/progettotouring.it\/radiotouring104\/#\/schema\/person\/4a82259ca52ac8702ad1a8f9e5a3120b","name":"Filippo Francesco Idone","image":{"@type":"ImageObject","inLanguage":"it-IT","@id":"https:\/\/secure.gravatar.com\/avatar\/7268715d2366395c3dd314385670e6484117d44f5c442e61e230f7008b7b62d3?s=96&d=mm&r=g","url":"https:\/\/secure.gravatar.com\/avatar\/7268715d2366395c3dd314385670e6484117d44f5c442e61e230f7008b7b62d3?s=96&d=mm&r=g","contentUrl":"https:\/\/secure.gravatar.com\/avatar\/7268715d2366395c3dd314385670e6484117d44f5c442e61e230f7008b7b62d3?s=96&d=mm&r=g","caption":"Filippo Francesco Idone"},"url":"https:\/\/progettotouring.it\/radiotouring104\/author\/filippoidone\/"}]}},"jetpack_publicize_connections":[],"jetpack_featured_media_url":"https:\/\/progettotouring.it\/radiotouring104\/wp-content\/uploads\/sites\/6\/2023\/09\/mancuso.jpeg","jetpack_sharing_enabled":true,"_links":{"self":[{"href":"https:\/\/progettotouring.it\/radiotouring104\/wp-json\/wp\/v2\/posts\/33863","targetHints":{"allow":["GET"]}}],"collection":[{"href":"https:\/\/progettotouring.it\/radiotouring104\/wp-json\/wp\/v2\/posts"}],"about":[{"href":"https:\/\/progettotouring.it\/radiotouring104\/wp-json\/wp\/v2\/types\/post"}],"author":[{"embeddable":true,"href":"https:\/\/progettotouring.it\/radiotouring104\/wp-json\/wp\/v2\/users\/8"}],"replies":[{"embeddable":true,"href":"https:\/\/progettotouring.it\/radiotouring104\/wp-json\/wp\/v2\/comments?post=33863"}],"version-history":[{"count":1,"href":"https:\/\/progettotouring.it\/radiotouring104\/wp-json\/wp\/v2\/posts\/33863\/revisions"}],"predecessor-version":[{"id":33865,"href":"https:\/\/progettotouring.it\/radiotouring104\/wp-json\/wp\/v2\/posts\/33863\/revisions\/33865"}],"wp:featuredmedia":[{"embeddable":true,"href":"https:\/\/progettotouring.it\/radiotouring104\/wp-json\/wp\/v2\/media\/33864"}],"wp:attachment":[{"href":"https:\/\/progettotouring.it\/radiotouring104\/wp-json\/wp\/v2\/media?parent=33863"}],"wp:term":[{"taxonomy":"category","embeddable":true,"href":"https:\/\/progettotouring.it\/radiotouring104\/wp-json\/wp\/v2\/categories?post=33863"},{"taxonomy":"post_tag","embeddable":true,"href":"https:\/\/progettotouring.it\/radiotouring104\/wp-json\/wp\/v2\/tags?post=33863"}],"curies":[{"name":"wp","href":"https:\/\/api.w.org\/{rel}","templated":true}]}}