{"id":34305,"date":"2023-09-14T13:20:20","date_gmt":"2023-09-14T11:20:20","guid":{"rendered":"https:\/\/progettotouring.it\/radiotouring104\/?p=34305"},"modified":"2023-09-14T13:20:54","modified_gmt":"2023-09-14T11:20:54","slug":"dimensionamento-scolastico-di-nataleil-futuro-di-questa-terra-e-la-cultura-da-infondere-alle-nuove-generazioni-garantiamo-a-tutti-i-ragazzi-la-stessa-possibilita-di-andare-a-scuola","status":"publish","type":"post","link":"https:\/\/progettotouring.it\/radiotouring104\/2023\/09\/14\/dimensionamento-scolastico-di-nataleil-futuro-di-questa-terra-e-la-cultura-da-infondere-alle-nuove-generazioni-garantiamo-a-tutti-i-ragazzi-la-stessa-possibilita-di-andare-a-scuola\/","title":{"rendered":"Dimensionamento scolastico, Di Natale:&#8221;Il futuro di questa terra \u00e8 la cultura da infondere alle nuove generazioni. Garantiamo a tutti i ragazzi la stessa possibilit\u00e0 di andare a scuola&#8221;."},"content":{"rendered":"<p style=\"text-align: justify\">Quello del dimensionamento scolastico \u00e8 un argomento che torna e ritorna ogni anno portando con se incertezze, paure e dubbi, tra dirigenti scolastici e il mondo della scuola. Oggi apprendo che la riorganizzazione del sistema prevista nel PNRR, prevede che a decorrere dall\u2019anno scolastico 2024\/2025, per la Regione Calabria, assisteremo ad un ridimensionamento del contingente organico, nonch\u00e9 alla chiusura di alcuni plessi laddove il parametro della popolazione scolastica regionale e degli sviluppi demografici, nel prossimo triennio, non rispecchi i criteri di sussistenza del plesso stesso.<br \/>\nIl Consiglio regionale, in data 03 agosto 2023, ha deliberato gli <em>\u201cIndirizzi regionali per la programmazione e la definizione del dimensionamento della rete scolastica e dell\u2019 offerta formativa \u2013 Linee Guida per il triennio 2024\/2025 \u2013 2026\/2027\u201d,<\/em><br \/>\nnonch\u00e9\u2019 le modalit\u00e0\u2019 procedimentali per perseguirla.<br \/>\nNelle Linee Guida della Regione Calabria il numero delle autonomie riconosciute alla Regione Calabria per l\u2019 a.s. 2024\/25 (Schema di Decreto interministeriale del MIM del 24\/05\/2023) \u00e8 pari a 281, contro le 360 dell\u2019 anno precedente. Sono,<br \/>\npertanto, 79 le autonomie, di cui 29 nella Provincia di Cosenza\u201d.<br \/>\nGraziano Di Natale gi\u00e0 Consigliere provinciale con delega alla pubblica istruzione, dimensionamento scolastico, politiche sociali, sanit\u00e0, rapporti con gli enti locali e relazioni interistituzionali, denuncia l\u2019ulteriore scelta scellerata di un governo che vede ledere il diritto all\u2019istruzione, questa volta, a tanti ragazzi Calabresi che si vedranno costretti a fare veri e propri viaggi della speranza per avere la possibilit\u00e0 di andare a scuola. Un ulteriore problematica che vede coinvolta la Regione Calabria e pi\u00f9 nello specifico la Provincia di Cosenza. Problema che, sappiamo bene, Graziano Di Natale ha sempre posto<br \/>\nal centro della sua agenda politica perch\u00e9 \u2018il futuro di questa terra \u00e8 la cultura da infondere alle nuove generazioni\u2019.<br \/>\nProprio in relazione al Piano di Dimensionamento Scolastico, infatti, ricordiamo che il Consiglio Provinciale, nel dicembre 2018, approv\u00f3 all\u2019unanimit\u00e0 la proposta avanzata dal Consigliere Graziano Di Natale di accogliere la richiesta dell\u2019Istituto Alberghiero di Paola (IPSEOA San Francesco), di istituzione dell\u2019indirizzo formativo \u201cIstituto Tecnico<br \/>\nSettore Tecnologico Agraria Agroalimentare e Agroindustria\u201d. Da qui il suo continuo interesse a promuovere ed incrementare gli indirizzi scolastici nella nostra regione, dando la possibilit\u00e0 a tutti i ragazzi, anche chi abita in zone pi\u00f9 limitrofe, di scegliere tra ci\u00f2 che pi\u00f9 \u00e8 affine alle proprie attitudini. Di Natale concludendo attenziona un dettaglio, facendo riferimento alla sua Citt\u00e0 :\u201d Considerata l\u2019imminente scadenza del 15 settembre 2023, entro la quale l\u2019 Ente Locale dovr\u00e0 effettuare la trasmissione della Delibera di Giunta Comunale per la proposta di dimensionamento scolastico alla Provincia\/Citt\u00e0 Metropolitana deve essere priorit\u00e0 del comune di Paola non far sopprimere nessuna scuola<\/p>\n","protected":false},"excerpt":{"rendered":"<p>Quello del dimensionamento scolastico \u00e8 un argomento che torna e ritorna ogni anno portando con se incertezze, paure e dubbi, tra dirigenti scolastici e il mondo della scuola. Oggi apprendo&hellip;<\/p>\n","protected":false},"author":12,"featured_media":14841,"comment_status":"closed","ping_status":"open","sticky":false,"template":"","format":"standard","meta":{"_jetpack_memberships_contains_paid_content":false,"footnotes":"","jetpack_publicize_message":"","jetpack_publicize_feature_enabled":true,"jetpack_social_post_already_shared":false,"jetpack_social_options":{"image_generator_settings":{"template":"highway","default_image_id":0,"font":"","enabled":false},"version":2}},"categories":[142,921,196],"tags":[7290,7324,9550,219,21218],"class_list":["post-34305","post","type-post","status-publish","format-standard","has-post-thumbnail","hentry","category-calabria","category-home","category-news","tag-dimensionamento-scolastico","tag-graziano-di-natale","tag-provincia-di-cosenza","tag-regione-calabria","tag-scuola-calabria"],"yoast_head":"<!-- This site is optimized with the Yoast SEO plugin v27.2 - https:\/\/yoast.com\/product\/yoast-seo-wordpress\/ -->\n<title>Dimensionamento, Di Natale chiede garanzia diritto studio per tutti<\/title>\n<meta name=\"description\" content=\"&quot;Il futuro di questa terra \u00e8 la cultura da infondere alle nuove generazioni&quot;, dichiara Graziano Di Natale sul dimensionamento scolastico\" \/>\n<meta name=\"robots\" content=\"index, follow, max-snippet:-1, max-image-preview:large, max-video-preview:-1\" \/>\n<link rel=\"canonical\" href=\"https:\/\/progettotouring.it\/radiotouring104\/2023\/09\/14\/dimensionamento-scolastico-di-nataleil-futuro-di-questa-terra-e-la-cultura-da-infondere-alle-nuove-generazioni-garantiamo-a-tutti-i-ragazzi-la-stessa-possibilita-di-andare-a-scuola\/\" \/>\n<meta property=\"og:locale\" content=\"it_IT\" \/>\n<meta property=\"og:type\" content=\"article\" \/>\n<meta property=\"og:title\" content=\"Dimensionamento, Di Natale chiede garanzia diritto studio per tutti\" \/>\n<meta property=\"og:description\" content=\"&quot;Il futuro di questa terra \u00e8 la cultura da infondere alle nuove generazioni&quot;, dichiara Graziano Di Natale sul dimensionamento scolastico\" \/>\n<meta property=\"og:url\" content=\"https:\/\/progettotouring.it\/radiotouring104\/2023\/09\/14\/dimensionamento-scolastico-di-nataleil-futuro-di-questa-terra-e-la-cultura-da-infondere-alle-nuove-generazioni-garantiamo-a-tutti-i-ragazzi-la-stessa-possibilita-di-andare-a-scuola\/\" \/>\n<meta property=\"og:site_name\" content=\"Radio Touring 104\" \/>\n<meta property=\"article:published_time\" content=\"2023-09-14T11:20:20+00:00\" \/>\n<meta property=\"article:modified_time\" content=\"2023-09-14T11:20:54+00:00\" \/>\n<meta property=\"og:image\" content=\"https:\/\/progettotouring.it\/radiotouring104\/wp-content\/uploads\/sites\/6\/2022\/12\/Graziano-Di-Natale-1.jpg\" \/>\n\t<meta property=\"og:image:width\" content=\"369\" \/>\n\t<meta property=\"og:image:height\" content=\"272\" \/>\n\t<meta property=\"og:image:type\" content=\"image\/jpeg\" \/>\n<meta name=\"author\" content=\"Sebastiano Plutino\" \/>\n<meta name=\"twitter:card\" content=\"summary_large_image\" \/>\n<meta name=\"twitter:label1\" content=\"Scritto da\" \/>\n\t<meta name=\"twitter:data1\" content=\"Sebastiano Plutino\" \/>\n\t<meta name=\"twitter:label2\" content=\"Tempo di lettura stimato\" \/>\n\t<meta name=\"twitter:data2\" content=\"2 minuti\" \/>\n<script type=\"application\/ld+json\" class=\"yoast-schema-graph\">{\"@context\":\"https:\/\/schema.org\",\"@graph\":[{\"@type\":\"Article\",\"@id\":\"https:\/\/progettotouring.it\/radiotouring104\/2023\/09\/14\/dimensionamento-scolastico-di-nataleil-futuro-di-questa-terra-e-la-cultura-da-infondere-alle-nuove-generazioni-garantiamo-a-tutti-i-ragazzi-la-stessa-possibilita-di-andare-a-scuola\/#article\",\"isPartOf\":{\"@id\":\"https:\/\/progettotouring.it\/radiotouring104\/2023\/09\/14\/dimensionamento-scolastico-di-nataleil-futuro-di-questa-terra-e-la-cultura-da-infondere-alle-nuove-generazioni-garantiamo-a-tutti-i-ragazzi-la-stessa-possibilita-di-andare-a-scuola\/\"},\"author\":{\"name\":\"Sebastiano Plutino\",\"@id\":\"https:\/\/progettotouring.it\/radiotouring104\/#\/schema\/person\/78613917f1851f041f7483f5af1d422e\"},\"headline\":\"Dimensionamento scolastico, Di Natale:&#8221;Il futuro di questa terra \u00e8 la cultura da infondere alle nuove generazioni. Garantiamo a tutti i ragazzi la stessa possibilit\u00e0 di andare a scuola&#8221;.\",\"datePublished\":\"2023-09-14T11:20:20+00:00\",\"dateModified\":\"2023-09-14T11:20:54+00:00\",\"mainEntityOfPage\":{\"@id\":\"https:\/\/progettotouring.it\/radiotouring104\/2023\/09\/14\/dimensionamento-scolastico-di-nataleil-futuro-di-questa-terra-e-la-cultura-da-infondere-alle-nuove-generazioni-garantiamo-a-tutti-i-ragazzi-la-stessa-possibilita-di-andare-a-scuola\/\"},\"wordCount\":448,\"publisher\":{\"@id\":\"https:\/\/progettotouring.it\/radiotouring104\/#organization\"},\"image\":{\"@id\":\"https:\/\/progettotouring.it\/radiotouring104\/2023\/09\/14\/dimensionamento-scolastico-di-nataleil-futuro-di-questa-terra-e-la-cultura-da-infondere-alle-nuove-generazioni-garantiamo-a-tutti-i-ragazzi-la-stessa-possibilita-di-andare-a-scuola\/#primaryimage\"},\"thumbnailUrl\":\"https:\/\/progettotouring.it\/radiotouring104\/wp-content\/uploads\/sites\/6\/2022\/12\/Graziano-Di-Natale-1.jpg\",\"keywords\":[\"dimensionamento scolastico\",\"Graziano Di Natale\",\"provincia di Cosenza\",\"regione calabria\",\"scuola Calabria\"],\"articleSection\":[\"Calabria\",\"Home\",\"News\"],\"inLanguage\":\"it-IT\"},{\"@type\":\"WebPage\",\"@id\":\"https:\/\/progettotouring.it\/radiotouring104\/2023\/09\/14\/dimensionamento-scolastico-di-nataleil-futuro-di-questa-terra-e-la-cultura-da-infondere-alle-nuove-generazioni-garantiamo-a-tutti-i-ragazzi-la-stessa-possibilita-di-andare-a-scuola\/\",\"url\":\"https:\/\/progettotouring.it\/radiotouring104\/2023\/09\/14\/dimensionamento-scolastico-di-nataleil-futuro-di-questa-terra-e-la-cultura-da-infondere-alle-nuove-generazioni-garantiamo-a-tutti-i-ragazzi-la-stessa-possibilita-di-andare-a-scuola\/\",\"name\":\"Dimensionamento, Di Natale chiede garanzia diritto studio per tutti\",\"isPartOf\":{\"@id\":\"https:\/\/progettotouring.it\/radiotouring104\/#website\"},\"primaryImageOfPage\":{\"@id\":\"https:\/\/progettotouring.it\/radiotouring104\/2023\/09\/14\/dimensionamento-scolastico-di-nataleil-futuro-di-questa-terra-e-la-cultura-da-infondere-alle-nuove-generazioni-garantiamo-a-tutti-i-ragazzi-la-stessa-possibilita-di-andare-a-scuola\/#primaryimage\"},\"image\":{\"@id\":\"https:\/\/progettotouring.it\/radiotouring104\/2023\/09\/14\/dimensionamento-scolastico-di-nataleil-futuro-di-questa-terra-e-la-cultura-da-infondere-alle-nuove-generazioni-garantiamo-a-tutti-i-ragazzi-la-stessa-possibilita-di-andare-a-scuola\/#primaryimage\"},\"thumbnailUrl\":\"https:\/\/progettotouring.it\/radiotouring104\/wp-content\/uploads\/sites\/6\/2022\/12\/Graziano-Di-Natale-1.jpg\",\"datePublished\":\"2023-09-14T11:20:20+00:00\",\"dateModified\":\"2023-09-14T11:20:54+00:00\",\"description\":\"\\\"Il futuro di questa terra \u00e8 la cultura da infondere alle nuove generazioni\\\", dichiara Graziano Di Natale sul dimensionamento scolastico\",\"breadcrumb\":{\"@id\":\"https:\/\/progettotouring.it\/radiotouring104\/2023\/09\/14\/dimensionamento-scolastico-di-nataleil-futuro-di-questa-terra-e-la-cultura-da-infondere-alle-nuove-generazioni-garantiamo-a-tutti-i-ragazzi-la-stessa-possibilita-di-andare-a-scuola\/#breadcrumb\"},\"inLanguage\":\"it-IT\",\"potentialAction\":[{\"@type\":\"ReadAction\",\"target\":[\"https:\/\/progettotouring.it\/radiotouring104\/2023\/09\/14\/dimensionamento-scolastico-di-nataleil-futuro-di-questa-terra-e-la-cultura-da-infondere-alle-nuove-generazioni-garantiamo-a-tutti-i-ragazzi-la-stessa-possibilita-di-andare-a-scuola\/\"]}]},{\"@type\":\"ImageObject\",\"inLanguage\":\"it-IT\",\"@id\":\"https:\/\/progettotouring.it\/radiotouring104\/2023\/09\/14\/dimensionamento-scolastico-di-nataleil-futuro-di-questa-terra-e-la-cultura-da-infondere-alle-nuove-generazioni-garantiamo-a-tutti-i-ragazzi-la-stessa-possibilita-di-andare-a-scuola\/#primaryimage\",\"url\":\"https:\/\/progettotouring.it\/radiotouring104\/wp-content\/uploads\/sites\/6\/2022\/12\/Graziano-Di-Natale-1.jpg\",\"contentUrl\":\"https:\/\/progettotouring.it\/radiotouring104\/wp-content\/uploads\/sites\/6\/2022\/12\/Graziano-Di-Natale-1.jpg\",\"width\":369,\"height\":272},{\"@type\":\"BreadcrumbList\",\"@id\":\"https:\/\/progettotouring.it\/radiotouring104\/2023\/09\/14\/dimensionamento-scolastico-di-nataleil-futuro-di-questa-terra-e-la-cultura-da-infondere-alle-nuove-generazioni-garantiamo-a-tutti-i-ragazzi-la-stessa-possibilita-di-andare-a-scuola\/#breadcrumb\",\"itemListElement\":[{\"@type\":\"ListItem\",\"position\":1,\"name\":\"Home\",\"item\":\"https:\/\/progettotouring.it\/radiotouring104\/\"},{\"@type\":\"ListItem\",\"position\":2,\"name\":\"Dimensionamento scolastico, Di Natale:&#8221;Il futuro di questa terra \u00e8 la cultura da infondere alle nuove generazioni. Garantiamo a tutti i ragazzi la stessa possibilit\u00e0 di andare a scuola&#8221;.\"}]},{\"@type\":\"WebSite\",\"@id\":\"https:\/\/progettotouring.it\/radiotouring104\/#website\",\"url\":\"https:\/\/progettotouring.it\/radiotouring104\/\",\"name\":\"Radio Touring 104\",\"description\":\"La prima radio Reggina\",\"publisher\":{\"@id\":\"https:\/\/progettotouring.it\/radiotouring104\/#organization\"},\"potentialAction\":[{\"@type\":\"SearchAction\",\"target\":{\"@type\":\"EntryPoint\",\"urlTemplate\":\"https:\/\/progettotouring.it\/radiotouring104\/?s={search_term_string}\"},\"query-input\":{\"@type\":\"PropertyValueSpecification\",\"valueRequired\":true,\"valueName\":\"search_term_string\"}}],\"inLanguage\":\"it-IT\"},{\"@type\":\"Organization\",\"@id\":\"https:\/\/progettotouring.it\/radiotouring104\/#organization\",\"name\":\"Radio Touring 104\",\"url\":\"https:\/\/progettotouring.it\/radiotouring104\/\",\"logo\":{\"@type\":\"ImageObject\",\"inLanguage\":\"it-IT\",\"@id\":\"https:\/\/progettotouring.it\/radiotouring104\/#\/schema\/logo\/image\/\",\"url\":\"https:\/\/progettotouring.it\/radiotouring104\/wp-content\/uploads\/sites\/6\/2022\/02\/cropped-logo-radio-touring-104.png\",\"contentUrl\":\"https:\/\/progettotouring.it\/radiotouring104\/wp-content\/uploads\/sites\/6\/2022\/02\/cropped-logo-radio-touring-104.png\",\"width\":377,\"height\":182,\"caption\":\"Radio Touring 104\"},\"image\":{\"@id\":\"https:\/\/progettotouring.it\/radiotouring104\/#\/schema\/logo\/image\/\"}},{\"@type\":\"Person\",\"@id\":\"https:\/\/progettotouring.it\/radiotouring104\/#\/schema\/person\/78613917f1851f041f7483f5af1d422e\",\"name\":\"Sebastiano Plutino\",\"image\":{\"@type\":\"ImageObject\",\"inLanguage\":\"it-IT\",\"@id\":\"https:\/\/secure.gravatar.com\/avatar\/0546ffaa9b79224faf9f2a156b67a529ae861d3287c66c1d8ccfdf909bcba78d?s=96&d=mm&r=g\",\"url\":\"https:\/\/secure.gravatar.com\/avatar\/0546ffaa9b79224faf9f2a156b67a529ae861d3287c66c1d8ccfdf909bcba78d?s=96&d=mm&r=g\",\"contentUrl\":\"https:\/\/secure.gravatar.com\/avatar\/0546ffaa9b79224faf9f2a156b67a529ae861d3287c66c1d8ccfdf909bcba78d?s=96&d=mm&r=g\",\"caption\":\"Sebastiano Plutino\"},\"url\":\"https:\/\/progettotouring.it\/radiotouring104\/author\/sebastiano\/\"}]}<\/script>\n<!-- \/ Yoast SEO plugin. -->","yoast_head_json":{"title":"Dimensionamento, Di Natale chiede garanzia diritto studio per tutti","description":"\"Il futuro di questa terra \u00e8 la cultura da infondere alle nuove generazioni\", dichiara Graziano Di Natale sul dimensionamento scolastico","robots":{"index":"index","follow":"follow","max-snippet":"max-snippet:-1","max-image-preview":"max-image-preview:large","max-video-preview":"max-video-preview:-1"},"canonical":"https:\/\/progettotouring.it\/radiotouring104\/2023\/09\/14\/dimensionamento-scolastico-di-nataleil-futuro-di-questa-terra-e-la-cultura-da-infondere-alle-nuove-generazioni-garantiamo-a-tutti-i-ragazzi-la-stessa-possibilita-di-andare-a-scuola\/","og_locale":"it_IT","og_type":"article","og_title":"Dimensionamento, Di Natale chiede garanzia diritto studio per tutti","og_description":"\"Il futuro di questa terra \u00e8 la cultura da infondere alle nuove generazioni\", dichiara Graziano Di Natale sul dimensionamento scolastico","og_url":"https:\/\/progettotouring.it\/radiotouring104\/2023\/09\/14\/dimensionamento-scolastico-di-nataleil-futuro-di-questa-terra-e-la-cultura-da-infondere-alle-nuove-generazioni-garantiamo-a-tutti-i-ragazzi-la-stessa-possibilita-di-andare-a-scuola\/","og_site_name":"Radio Touring 104","article_published_time":"2023-09-14T11:20:20+00:00","article_modified_time":"2023-09-14T11:20:54+00:00","og_image":[{"width":369,"height":272,"url":"https:\/\/progettotouring.it\/radiotouring104\/wp-content\/uploads\/sites\/6\/2022\/12\/Graziano-Di-Natale-1.jpg","type":"image\/jpeg"}],"author":"Sebastiano Plutino","twitter_card":"summary_large_image","twitter_misc":{"Scritto da":"Sebastiano Plutino","Tempo di lettura stimato":"2 minuti"},"schema":{"@context":"https:\/\/schema.org","@graph":[{"@type":"Article","@id":"https:\/\/progettotouring.it\/radiotouring104\/2023\/09\/14\/dimensionamento-scolastico-di-nataleil-futuro-di-questa-terra-e-la-cultura-da-infondere-alle-nuove-generazioni-garantiamo-a-tutti-i-ragazzi-la-stessa-possibilita-di-andare-a-scuola\/#article","isPartOf":{"@id":"https:\/\/progettotouring.it\/radiotouring104\/2023\/09\/14\/dimensionamento-scolastico-di-nataleil-futuro-di-questa-terra-e-la-cultura-da-infondere-alle-nuove-generazioni-garantiamo-a-tutti-i-ragazzi-la-stessa-possibilita-di-andare-a-scuola\/"},"author":{"name":"Sebastiano Plutino","@id":"https:\/\/progettotouring.it\/radiotouring104\/#\/schema\/person\/78613917f1851f041f7483f5af1d422e"},"headline":"Dimensionamento scolastico, Di Natale:&#8221;Il futuro di questa terra \u00e8 la cultura da infondere alle nuove generazioni. Garantiamo a tutti i ragazzi la stessa possibilit\u00e0 di andare a scuola&#8221;.","datePublished":"2023-09-14T11:20:20+00:00","dateModified":"2023-09-14T11:20:54+00:00","mainEntityOfPage":{"@id":"https:\/\/progettotouring.it\/radiotouring104\/2023\/09\/14\/dimensionamento-scolastico-di-nataleil-futuro-di-questa-terra-e-la-cultura-da-infondere-alle-nuove-generazioni-garantiamo-a-tutti-i-ragazzi-la-stessa-possibilita-di-andare-a-scuola\/"},"wordCount":448,"publisher":{"@id":"https:\/\/progettotouring.it\/radiotouring104\/#organization"},"image":{"@id":"https:\/\/progettotouring.it\/radiotouring104\/2023\/09\/14\/dimensionamento-scolastico-di-nataleil-futuro-di-questa-terra-e-la-cultura-da-infondere-alle-nuove-generazioni-garantiamo-a-tutti-i-ragazzi-la-stessa-possibilita-di-andare-a-scuola\/#primaryimage"},"thumbnailUrl":"https:\/\/progettotouring.it\/radiotouring104\/wp-content\/uploads\/sites\/6\/2022\/12\/Graziano-Di-Natale-1.jpg","keywords":["dimensionamento scolastico","Graziano Di Natale","provincia di Cosenza","regione calabria","scuola Calabria"],"articleSection":["Calabria","Home","News"],"inLanguage":"it-IT"},{"@type":"WebPage","@id":"https:\/\/progettotouring.it\/radiotouring104\/2023\/09\/14\/dimensionamento-scolastico-di-nataleil-futuro-di-questa-terra-e-la-cultura-da-infondere-alle-nuove-generazioni-garantiamo-a-tutti-i-ragazzi-la-stessa-possibilita-di-andare-a-scuola\/","url":"https:\/\/progettotouring.it\/radiotouring104\/2023\/09\/14\/dimensionamento-scolastico-di-nataleil-futuro-di-questa-terra-e-la-cultura-da-infondere-alle-nuove-generazioni-garantiamo-a-tutti-i-ragazzi-la-stessa-possibilita-di-andare-a-scuola\/","name":"Dimensionamento, Di Natale chiede garanzia diritto studio per tutti","isPartOf":{"@id":"https:\/\/progettotouring.it\/radiotouring104\/#website"},"primaryImageOfPage":{"@id":"https:\/\/progettotouring.it\/radiotouring104\/2023\/09\/14\/dimensionamento-scolastico-di-nataleil-futuro-di-questa-terra-e-la-cultura-da-infondere-alle-nuove-generazioni-garantiamo-a-tutti-i-ragazzi-la-stessa-possibilita-di-andare-a-scuola\/#primaryimage"},"image":{"@id":"https:\/\/progettotouring.it\/radiotouring104\/2023\/09\/14\/dimensionamento-scolastico-di-nataleil-futuro-di-questa-terra-e-la-cultura-da-infondere-alle-nuove-generazioni-garantiamo-a-tutti-i-ragazzi-la-stessa-possibilita-di-andare-a-scuola\/#primaryimage"},"thumbnailUrl":"https:\/\/progettotouring.it\/radiotouring104\/wp-content\/uploads\/sites\/6\/2022\/12\/Graziano-Di-Natale-1.jpg","datePublished":"2023-09-14T11:20:20+00:00","dateModified":"2023-09-14T11:20:54+00:00","description":"\"Il futuro di questa terra \u00e8 la cultura da infondere alle nuove generazioni\", dichiara Graziano Di Natale sul dimensionamento scolastico","breadcrumb":{"@id":"https:\/\/progettotouring.it\/radiotouring104\/2023\/09\/14\/dimensionamento-scolastico-di-nataleil-futuro-di-questa-terra-e-la-cultura-da-infondere-alle-nuove-generazioni-garantiamo-a-tutti-i-ragazzi-la-stessa-possibilita-di-andare-a-scuola\/#breadcrumb"},"inLanguage":"it-IT","potentialAction":[{"@type":"ReadAction","target":["https:\/\/progettotouring.it\/radiotouring104\/2023\/09\/14\/dimensionamento-scolastico-di-nataleil-futuro-di-questa-terra-e-la-cultura-da-infondere-alle-nuove-generazioni-garantiamo-a-tutti-i-ragazzi-la-stessa-possibilita-di-andare-a-scuola\/"]}]},{"@type":"ImageObject","inLanguage":"it-IT","@id":"https:\/\/progettotouring.it\/radiotouring104\/2023\/09\/14\/dimensionamento-scolastico-di-nataleil-futuro-di-questa-terra-e-la-cultura-da-infondere-alle-nuove-generazioni-garantiamo-a-tutti-i-ragazzi-la-stessa-possibilita-di-andare-a-scuola\/#primaryimage","url":"https:\/\/progettotouring.it\/radiotouring104\/wp-content\/uploads\/sites\/6\/2022\/12\/Graziano-Di-Natale-1.jpg","contentUrl":"https:\/\/progettotouring.it\/radiotouring104\/wp-content\/uploads\/sites\/6\/2022\/12\/Graziano-Di-Natale-1.jpg","width":369,"height":272},{"@type":"BreadcrumbList","@id":"https:\/\/progettotouring.it\/radiotouring104\/2023\/09\/14\/dimensionamento-scolastico-di-nataleil-futuro-di-questa-terra-e-la-cultura-da-infondere-alle-nuove-generazioni-garantiamo-a-tutti-i-ragazzi-la-stessa-possibilita-di-andare-a-scuola\/#breadcrumb","itemListElement":[{"@type":"ListItem","position":1,"name":"Home","item":"https:\/\/progettotouring.it\/radiotouring104\/"},{"@type":"ListItem","position":2,"name":"Dimensionamento scolastico, Di Natale:&#8221;Il futuro di questa terra \u00e8 la cultura da infondere alle nuove generazioni. Garantiamo a tutti i ragazzi la stessa possibilit\u00e0 di andare a scuola&#8221;."}]},{"@type":"WebSite","@id":"https:\/\/progettotouring.it\/radiotouring104\/#website","url":"https:\/\/progettotouring.it\/radiotouring104\/","name":"Radio Touring 104","description":"La prima radio Reggina","publisher":{"@id":"https:\/\/progettotouring.it\/radiotouring104\/#organization"},"potentialAction":[{"@type":"SearchAction","target":{"@type":"EntryPoint","urlTemplate":"https:\/\/progettotouring.it\/radiotouring104\/?s={search_term_string}"},"query-input":{"@type":"PropertyValueSpecification","valueRequired":true,"valueName":"search_term_string"}}],"inLanguage":"it-IT"},{"@type":"Organization","@id":"https:\/\/progettotouring.it\/radiotouring104\/#organization","name":"Radio Touring 104","url":"https:\/\/progettotouring.it\/radiotouring104\/","logo":{"@type":"ImageObject","inLanguage":"it-IT","@id":"https:\/\/progettotouring.it\/radiotouring104\/#\/schema\/logo\/image\/","url":"https:\/\/progettotouring.it\/radiotouring104\/wp-content\/uploads\/sites\/6\/2022\/02\/cropped-logo-radio-touring-104.png","contentUrl":"https:\/\/progettotouring.it\/radiotouring104\/wp-content\/uploads\/sites\/6\/2022\/02\/cropped-logo-radio-touring-104.png","width":377,"height":182,"caption":"Radio Touring 104"},"image":{"@id":"https:\/\/progettotouring.it\/radiotouring104\/#\/schema\/logo\/image\/"}},{"@type":"Person","@id":"https:\/\/progettotouring.it\/radiotouring104\/#\/schema\/person\/78613917f1851f041f7483f5af1d422e","name":"Sebastiano Plutino","image":{"@type":"ImageObject","inLanguage":"it-IT","@id":"https:\/\/secure.gravatar.com\/avatar\/0546ffaa9b79224faf9f2a156b67a529ae861d3287c66c1d8ccfdf909bcba78d?s=96&d=mm&r=g","url":"https:\/\/secure.gravatar.com\/avatar\/0546ffaa9b79224faf9f2a156b67a529ae861d3287c66c1d8ccfdf909bcba78d?s=96&d=mm&r=g","contentUrl":"https:\/\/secure.gravatar.com\/avatar\/0546ffaa9b79224faf9f2a156b67a529ae861d3287c66c1d8ccfdf909bcba78d?s=96&d=mm&r=g","caption":"Sebastiano Plutino"},"url":"https:\/\/progettotouring.it\/radiotouring104\/author\/sebastiano\/"}]}},"jetpack_publicize_connections":[],"jetpack_featured_media_url":"https:\/\/progettotouring.it\/radiotouring104\/wp-content\/uploads\/sites\/6\/2022\/12\/Graziano-Di-Natale-1.jpg","jetpack_sharing_enabled":true,"_links":{"self":[{"href":"https:\/\/progettotouring.it\/radiotouring104\/wp-json\/wp\/v2\/posts\/34305","targetHints":{"allow":["GET"]}}],"collection":[{"href":"https:\/\/progettotouring.it\/radiotouring104\/wp-json\/wp\/v2\/posts"}],"about":[{"href":"https:\/\/progettotouring.it\/radiotouring104\/wp-json\/wp\/v2\/types\/post"}],"author":[{"embeddable":true,"href":"https:\/\/progettotouring.it\/radiotouring104\/wp-json\/wp\/v2\/users\/12"}],"replies":[{"embeddable":true,"href":"https:\/\/progettotouring.it\/radiotouring104\/wp-json\/wp\/v2\/comments?post=34305"}],"version-history":[{"count":1,"href":"https:\/\/progettotouring.it\/radiotouring104\/wp-json\/wp\/v2\/posts\/34305\/revisions"}],"predecessor-version":[{"id":34306,"href":"https:\/\/progettotouring.it\/radiotouring104\/wp-json\/wp\/v2\/posts\/34305\/revisions\/34306"}],"wp:featuredmedia":[{"embeddable":true,"href":"https:\/\/progettotouring.it\/radiotouring104\/wp-json\/wp\/v2\/media\/14841"}],"wp:attachment":[{"href":"https:\/\/progettotouring.it\/radiotouring104\/wp-json\/wp\/v2\/media?parent=34305"}],"wp:term":[{"taxonomy":"category","embeddable":true,"href":"https:\/\/progettotouring.it\/radiotouring104\/wp-json\/wp\/v2\/categories?post=34305"},{"taxonomy":"post_tag","embeddable":true,"href":"https:\/\/progettotouring.it\/radiotouring104\/wp-json\/wp\/v2\/tags?post=34305"}],"curies":[{"name":"wp","href":"https:\/\/api.w.org\/{rel}","templated":true}]}}