{"id":34326,"date":"2023-09-15T10:03:50","date_gmt":"2023-09-15T08:03:50","guid":{"rendered":"https:\/\/progettotouring.it\/radiotouring104\/?p=34326"},"modified":"2023-09-15T10:03:50","modified_gmt":"2023-09-15T08:03:50","slug":"emergenza-migranti-mancuso-situazione-rischia-di-sfuggire-di-mano","status":"publish","type":"post","link":"https:\/\/progettotouring.it\/radiotouring104\/2023\/09\/15\/emergenza-migranti-mancuso-situazione-rischia-di-sfuggire-di-mano\/","title":{"rendered":"Emergenza Migranti, Mancuso: &#8220;Situazione rischia di sfuggire di mano&#8221;"},"content":{"rendered":"<p style=\"text-align: justify\"><em>\u201cL\u2019Europa continua a non battere un colpo sulla questioni migranti che, a causa degli impegni di Bruxelles platealmente disattesi, rischia di sfuggire di mano, essendo plausibile &#8211;<\/em><strong> afferma il presidente del Consiglio regionale della Calabria Filippo Mancuso<\/strong> <em>&#8211; che a fine anno gli arrivi\u00a0\u00a0sulle coste italiane andranno oltre le 200 mila persone. Con la chiusura delle frontiere da parte della Francia e della Germania mentre Spagna e Grecia respingono i migranti provenienti da Turchia e Marocco,\u00a0\u00a0gli sbarchi incessanti e l\u2019arrivo,\u00a0\u00a0tra marted\u00ec e mercoled\u00ec, di 121 barchini e 6.000 migranti, la realt\u00e0 sta superando ogni previsione, scaricando sui sindaci e il gi\u00e0 stressato sistema pubblico-privato la responsabilit\u00e0 dell\u2019accoglienza\u201d.<\/em><\/p>\n<p style=\"text-align: justify\"><strong>Ad avviso del presidente Mancuso<\/strong>: \u201cI<em>l Governo italiano e i suoi Ministri stanno facendo di\u00a0\u00a0tutto, per favorire flussi migratori legali, contrastare le reti criminali coinvolte nel traffico dei migranti, implementare l\u2019integrazione senza cui l\u2019accoglienza va in tilt, e\u00a0\u00a0interloquire, anche attraverso rapporti bilaterali, con i Paesi di partenza e di transito da cui si fugge. Ma \u00e8 l\u2019Unione europea che anzich\u00e9 dimostrare, proprio sul dossier migranti, di essere una potenza internazionale, rimane\u00a0\u00a0la grande assente. Tuttora &#8211;<\/em> <strong>sottolinea Mancuso<\/strong> &#8211;<em> alla prova dei fatti, priva di una strategia globale, umanitaria e sicura, che combini il controllo efficace delle sue frontiere esterne con politiche e risorse per l\u2019accoglienza, funzionali anche alle esigenze del mercato e dell\u2019economia degli Stati aderenti\u201d.<\/em><\/p>\n","protected":false},"excerpt":{"rendered":"<p>\u201cL\u2019Europa continua a non battere un colpo sulla questioni migranti che, a causa degli impegni di Bruxelles platealmente disattesi, rischia di sfuggire di mano, essendo plausibile &#8211; afferma il presidente&hellip;<\/p>\n","protected":false},"author":12,"featured_media":16851,"comment_status":"closed","ping_status":"open","sticky":false,"template":"","format":"standard","meta":{"_jetpack_memberships_contains_paid_content":false,"footnotes":"","jetpack_publicize_message":"","jetpack_publicize_feature_enabled":true,"jetpack_social_post_already_shared":false,"jetpack_social_options":{"image_generator_settings":{"template":"highway","default_image_id":0,"font":"","enabled":false},"version":2}},"categories":[921,196,140],"tags":[11472,594,21491],"class_list":["post-34326","post","type-post","status-publish","format-standard","has-post-thumbnail","hentry","category-home","category-news","category-reggio-calabria","tag-emergenza-migranti","tag-filippo-mancuso","tag-situazione-puo-sfuggire-di-mano"],"yoast_head":"<!-- This site is optimized with the Yoast SEO plugin v27.2 - https:\/\/yoast.com\/product\/yoast-seo-wordpress\/ -->\n<title>Migranti, Mancuso: &quot;Situazione rischia di sfuggire di mano&quot;<\/title>\n<meta name=\"description\" content=\"&quot;L\u2019Europa continua a non battere un colpo sulla questioni migranti&quot;, dichiara il Presidente del Consiglio Regionale della Calabria\" \/>\n<meta name=\"robots\" content=\"index, follow, max-snippet:-1, max-image-preview:large, max-video-preview:-1\" \/>\n<link rel=\"canonical\" href=\"https:\/\/progettotouring.it\/radiotouring104\/2023\/09\/15\/emergenza-migranti-mancuso-situazione-rischia-di-sfuggire-di-mano\/\" \/>\n<meta property=\"og:locale\" content=\"it_IT\" \/>\n<meta property=\"og:type\" content=\"article\" \/>\n<meta property=\"og:title\" content=\"Migranti, Mancuso: &quot;Situazione rischia di sfuggire di mano&quot;\" \/>\n<meta property=\"og:description\" content=\"&quot;L\u2019Europa continua a non battere un colpo sulla questioni migranti&quot;, dichiara il Presidente del Consiglio Regionale della Calabria\" \/>\n<meta property=\"og:url\" content=\"https:\/\/progettotouring.it\/radiotouring104\/2023\/09\/15\/emergenza-migranti-mancuso-situazione-rischia-di-sfuggire-di-mano\/\" \/>\n<meta property=\"og:site_name\" content=\"Radio Touring 104\" \/>\n<meta property=\"article:published_time\" content=\"2023-09-15T08:03:50+00:00\" \/>\n<meta property=\"og:image\" content=\"https:\/\/progettotouring.it\/radiotouring104\/wp-content\/uploads\/sites\/6\/2023\/01\/Mancuso-2.jpg\" \/>\n\t<meta property=\"og:image:width\" content=\"436\" \/>\n\t<meta property=\"og:image:height\" content=\"417\" \/>\n\t<meta property=\"og:image:type\" content=\"image\/jpeg\" \/>\n<meta name=\"author\" content=\"Sebastiano Plutino\" \/>\n<meta name=\"twitter:card\" content=\"summary_large_image\" \/>\n<meta name=\"twitter:label1\" content=\"Scritto da\" \/>\n\t<meta name=\"twitter:data1\" content=\"Sebastiano Plutino\" \/>\n\t<meta name=\"twitter:label2\" content=\"Tempo di lettura stimato\" \/>\n\t<meta name=\"twitter:data2\" content=\"1 minuto\" \/>\n<script type=\"application\/ld+json\" class=\"yoast-schema-graph\">{\"@context\":\"https:\/\/schema.org\",\"@graph\":[{\"@type\":\"Article\",\"@id\":\"https:\/\/progettotouring.it\/radiotouring104\/2023\/09\/15\/emergenza-migranti-mancuso-situazione-rischia-di-sfuggire-di-mano\/#article\",\"isPartOf\":{\"@id\":\"https:\/\/progettotouring.it\/radiotouring104\/2023\/09\/15\/emergenza-migranti-mancuso-situazione-rischia-di-sfuggire-di-mano\/\"},\"author\":{\"name\":\"Sebastiano Plutino\",\"@id\":\"https:\/\/progettotouring.it\/radiotouring104\/#\/schema\/person\/78613917f1851f041f7483f5af1d422e\"},\"headline\":\"Emergenza Migranti, Mancuso: &#8220;Situazione rischia di sfuggire di mano&#8221;\",\"datePublished\":\"2023-09-15T08:03:50+00:00\",\"mainEntityOfPage\":{\"@id\":\"https:\/\/progettotouring.it\/radiotouring104\/2023\/09\/15\/emergenza-migranti-mancuso-situazione-rischia-di-sfuggire-di-mano\/\"},\"wordCount\":242,\"publisher\":{\"@id\":\"https:\/\/progettotouring.it\/radiotouring104\/#organization\"},\"image\":{\"@id\":\"https:\/\/progettotouring.it\/radiotouring104\/2023\/09\/15\/emergenza-migranti-mancuso-situazione-rischia-di-sfuggire-di-mano\/#primaryimage\"},\"thumbnailUrl\":\"https:\/\/progettotouring.it\/radiotouring104\/wp-content\/uploads\/sites\/6\/2023\/01\/Mancuso-2.jpg\",\"keywords\":[\"emergenza migranti\",\"Filippo Mancuso\",\"situazione pu\u00f2 sfuggire di mano\"],\"articleSection\":[\"Home\",\"News\",\"Reggio Calabria\"],\"inLanguage\":\"it-IT\"},{\"@type\":\"WebPage\",\"@id\":\"https:\/\/progettotouring.it\/radiotouring104\/2023\/09\/15\/emergenza-migranti-mancuso-situazione-rischia-di-sfuggire-di-mano\/\",\"url\":\"https:\/\/progettotouring.it\/radiotouring104\/2023\/09\/15\/emergenza-migranti-mancuso-situazione-rischia-di-sfuggire-di-mano\/\",\"name\":\"Migranti, Mancuso: \\\"Situazione rischia di sfuggire di mano\\\"\",\"isPartOf\":{\"@id\":\"https:\/\/progettotouring.it\/radiotouring104\/#website\"},\"primaryImageOfPage\":{\"@id\":\"https:\/\/progettotouring.it\/radiotouring104\/2023\/09\/15\/emergenza-migranti-mancuso-situazione-rischia-di-sfuggire-di-mano\/#primaryimage\"},\"image\":{\"@id\":\"https:\/\/progettotouring.it\/radiotouring104\/2023\/09\/15\/emergenza-migranti-mancuso-situazione-rischia-di-sfuggire-di-mano\/#primaryimage\"},\"thumbnailUrl\":\"https:\/\/progettotouring.it\/radiotouring104\/wp-content\/uploads\/sites\/6\/2023\/01\/Mancuso-2.jpg\",\"datePublished\":\"2023-09-15T08:03:50+00:00\",\"description\":\"\\\"L\u2019Europa continua a non battere un colpo sulla questioni migranti\\\", dichiara il Presidente del Consiglio Regionale della Calabria\",\"breadcrumb\":{\"@id\":\"https:\/\/progettotouring.it\/radiotouring104\/2023\/09\/15\/emergenza-migranti-mancuso-situazione-rischia-di-sfuggire-di-mano\/#breadcrumb\"},\"inLanguage\":\"it-IT\",\"potentialAction\":[{\"@type\":\"ReadAction\",\"target\":[\"https:\/\/progettotouring.it\/radiotouring104\/2023\/09\/15\/emergenza-migranti-mancuso-situazione-rischia-di-sfuggire-di-mano\/\"]}]},{\"@type\":\"ImageObject\",\"inLanguage\":\"it-IT\",\"@id\":\"https:\/\/progettotouring.it\/radiotouring104\/2023\/09\/15\/emergenza-migranti-mancuso-situazione-rischia-di-sfuggire-di-mano\/#primaryimage\",\"url\":\"https:\/\/progettotouring.it\/radiotouring104\/wp-content\/uploads\/sites\/6\/2023\/01\/Mancuso-2.jpg\",\"contentUrl\":\"https:\/\/progettotouring.it\/radiotouring104\/wp-content\/uploads\/sites\/6\/2023\/01\/Mancuso-2.jpg\",\"width\":436,\"height\":417},{\"@type\":\"BreadcrumbList\",\"@id\":\"https:\/\/progettotouring.it\/radiotouring104\/2023\/09\/15\/emergenza-migranti-mancuso-situazione-rischia-di-sfuggire-di-mano\/#breadcrumb\",\"itemListElement\":[{\"@type\":\"ListItem\",\"position\":1,\"name\":\"Home\",\"item\":\"https:\/\/progettotouring.it\/radiotouring104\/\"},{\"@type\":\"ListItem\",\"position\":2,\"name\":\"Emergenza Migranti, Mancuso: &#8220;Situazione rischia di sfuggire di mano&#8221;\"}]},{\"@type\":\"WebSite\",\"@id\":\"https:\/\/progettotouring.it\/radiotouring104\/#website\",\"url\":\"https:\/\/progettotouring.it\/radiotouring104\/\",\"name\":\"Radio Touring 104\",\"description\":\"La prima radio Reggina\",\"publisher\":{\"@id\":\"https:\/\/progettotouring.it\/radiotouring104\/#organization\"},\"potentialAction\":[{\"@type\":\"SearchAction\",\"target\":{\"@type\":\"EntryPoint\",\"urlTemplate\":\"https:\/\/progettotouring.it\/radiotouring104\/?s={search_term_string}\"},\"query-input\":{\"@type\":\"PropertyValueSpecification\",\"valueRequired\":true,\"valueName\":\"search_term_string\"}}],\"inLanguage\":\"it-IT\"},{\"@type\":\"Organization\",\"@id\":\"https:\/\/progettotouring.it\/radiotouring104\/#organization\",\"name\":\"Radio Touring 104\",\"url\":\"https:\/\/progettotouring.it\/radiotouring104\/\",\"logo\":{\"@type\":\"ImageObject\",\"inLanguage\":\"it-IT\",\"@id\":\"https:\/\/progettotouring.it\/radiotouring104\/#\/schema\/logo\/image\/\",\"url\":\"https:\/\/progettotouring.it\/radiotouring104\/wp-content\/uploads\/sites\/6\/2022\/02\/cropped-logo-radio-touring-104.png\",\"contentUrl\":\"https:\/\/progettotouring.it\/radiotouring104\/wp-content\/uploads\/sites\/6\/2022\/02\/cropped-logo-radio-touring-104.png\",\"width\":377,\"height\":182,\"caption\":\"Radio Touring 104\"},\"image\":{\"@id\":\"https:\/\/progettotouring.it\/radiotouring104\/#\/schema\/logo\/image\/\"}},{\"@type\":\"Person\",\"@id\":\"https:\/\/progettotouring.it\/radiotouring104\/#\/schema\/person\/78613917f1851f041f7483f5af1d422e\",\"name\":\"Sebastiano Plutino\",\"image\":{\"@type\":\"ImageObject\",\"inLanguage\":\"it-IT\",\"@id\":\"https:\/\/secure.gravatar.com\/avatar\/0546ffaa9b79224faf9f2a156b67a529ae861d3287c66c1d8ccfdf909bcba78d?s=96&d=mm&r=g\",\"url\":\"https:\/\/secure.gravatar.com\/avatar\/0546ffaa9b79224faf9f2a156b67a529ae861d3287c66c1d8ccfdf909bcba78d?s=96&d=mm&r=g\",\"contentUrl\":\"https:\/\/secure.gravatar.com\/avatar\/0546ffaa9b79224faf9f2a156b67a529ae861d3287c66c1d8ccfdf909bcba78d?s=96&d=mm&r=g\",\"caption\":\"Sebastiano Plutino\"},\"url\":\"https:\/\/progettotouring.it\/radiotouring104\/author\/sebastiano\/\"}]}<\/script>\n<!-- \/ Yoast SEO plugin. -->","yoast_head_json":{"title":"Migranti, Mancuso: \"Situazione rischia di sfuggire di mano\"","description":"\"L\u2019Europa continua a non battere un colpo sulla questioni migranti\", dichiara il Presidente del Consiglio Regionale della Calabria","robots":{"index":"index","follow":"follow","max-snippet":"max-snippet:-1","max-image-preview":"max-image-preview:large","max-video-preview":"max-video-preview:-1"},"canonical":"https:\/\/progettotouring.it\/radiotouring104\/2023\/09\/15\/emergenza-migranti-mancuso-situazione-rischia-di-sfuggire-di-mano\/","og_locale":"it_IT","og_type":"article","og_title":"Migranti, Mancuso: \"Situazione rischia di sfuggire di mano\"","og_description":"\"L\u2019Europa continua a non battere un colpo sulla questioni migranti\", dichiara il Presidente del Consiglio Regionale della Calabria","og_url":"https:\/\/progettotouring.it\/radiotouring104\/2023\/09\/15\/emergenza-migranti-mancuso-situazione-rischia-di-sfuggire-di-mano\/","og_site_name":"Radio Touring 104","article_published_time":"2023-09-15T08:03:50+00:00","og_image":[{"width":436,"height":417,"url":"https:\/\/progettotouring.it\/radiotouring104\/wp-content\/uploads\/sites\/6\/2023\/01\/Mancuso-2.jpg","type":"image\/jpeg"}],"author":"Sebastiano Plutino","twitter_card":"summary_large_image","twitter_misc":{"Scritto da":"Sebastiano Plutino","Tempo di lettura stimato":"1 minuto"},"schema":{"@context":"https:\/\/schema.org","@graph":[{"@type":"Article","@id":"https:\/\/progettotouring.it\/radiotouring104\/2023\/09\/15\/emergenza-migranti-mancuso-situazione-rischia-di-sfuggire-di-mano\/#article","isPartOf":{"@id":"https:\/\/progettotouring.it\/radiotouring104\/2023\/09\/15\/emergenza-migranti-mancuso-situazione-rischia-di-sfuggire-di-mano\/"},"author":{"name":"Sebastiano Plutino","@id":"https:\/\/progettotouring.it\/radiotouring104\/#\/schema\/person\/78613917f1851f041f7483f5af1d422e"},"headline":"Emergenza Migranti, Mancuso: &#8220;Situazione rischia di sfuggire di mano&#8221;","datePublished":"2023-09-15T08:03:50+00:00","mainEntityOfPage":{"@id":"https:\/\/progettotouring.it\/radiotouring104\/2023\/09\/15\/emergenza-migranti-mancuso-situazione-rischia-di-sfuggire-di-mano\/"},"wordCount":242,"publisher":{"@id":"https:\/\/progettotouring.it\/radiotouring104\/#organization"},"image":{"@id":"https:\/\/progettotouring.it\/radiotouring104\/2023\/09\/15\/emergenza-migranti-mancuso-situazione-rischia-di-sfuggire-di-mano\/#primaryimage"},"thumbnailUrl":"https:\/\/progettotouring.it\/radiotouring104\/wp-content\/uploads\/sites\/6\/2023\/01\/Mancuso-2.jpg","keywords":["emergenza migranti","Filippo Mancuso","situazione pu\u00f2 sfuggire di mano"],"articleSection":["Home","News","Reggio Calabria"],"inLanguage":"it-IT"},{"@type":"WebPage","@id":"https:\/\/progettotouring.it\/radiotouring104\/2023\/09\/15\/emergenza-migranti-mancuso-situazione-rischia-di-sfuggire-di-mano\/","url":"https:\/\/progettotouring.it\/radiotouring104\/2023\/09\/15\/emergenza-migranti-mancuso-situazione-rischia-di-sfuggire-di-mano\/","name":"Migranti, Mancuso: \"Situazione rischia di sfuggire di mano\"","isPartOf":{"@id":"https:\/\/progettotouring.it\/radiotouring104\/#website"},"primaryImageOfPage":{"@id":"https:\/\/progettotouring.it\/radiotouring104\/2023\/09\/15\/emergenza-migranti-mancuso-situazione-rischia-di-sfuggire-di-mano\/#primaryimage"},"image":{"@id":"https:\/\/progettotouring.it\/radiotouring104\/2023\/09\/15\/emergenza-migranti-mancuso-situazione-rischia-di-sfuggire-di-mano\/#primaryimage"},"thumbnailUrl":"https:\/\/progettotouring.it\/radiotouring104\/wp-content\/uploads\/sites\/6\/2023\/01\/Mancuso-2.jpg","datePublished":"2023-09-15T08:03:50+00:00","description":"\"L\u2019Europa continua a non battere un colpo sulla questioni migranti\", dichiara il Presidente del Consiglio Regionale della Calabria","breadcrumb":{"@id":"https:\/\/progettotouring.it\/radiotouring104\/2023\/09\/15\/emergenza-migranti-mancuso-situazione-rischia-di-sfuggire-di-mano\/#breadcrumb"},"inLanguage":"it-IT","potentialAction":[{"@type":"ReadAction","target":["https:\/\/progettotouring.it\/radiotouring104\/2023\/09\/15\/emergenza-migranti-mancuso-situazione-rischia-di-sfuggire-di-mano\/"]}]},{"@type":"ImageObject","inLanguage":"it-IT","@id":"https:\/\/progettotouring.it\/radiotouring104\/2023\/09\/15\/emergenza-migranti-mancuso-situazione-rischia-di-sfuggire-di-mano\/#primaryimage","url":"https:\/\/progettotouring.it\/radiotouring104\/wp-content\/uploads\/sites\/6\/2023\/01\/Mancuso-2.jpg","contentUrl":"https:\/\/progettotouring.it\/radiotouring104\/wp-content\/uploads\/sites\/6\/2023\/01\/Mancuso-2.jpg","width":436,"height":417},{"@type":"BreadcrumbList","@id":"https:\/\/progettotouring.it\/radiotouring104\/2023\/09\/15\/emergenza-migranti-mancuso-situazione-rischia-di-sfuggire-di-mano\/#breadcrumb","itemListElement":[{"@type":"ListItem","position":1,"name":"Home","item":"https:\/\/progettotouring.it\/radiotouring104\/"},{"@type":"ListItem","position":2,"name":"Emergenza Migranti, Mancuso: &#8220;Situazione rischia di sfuggire di mano&#8221;"}]},{"@type":"WebSite","@id":"https:\/\/progettotouring.it\/radiotouring104\/#website","url":"https:\/\/progettotouring.it\/radiotouring104\/","name":"Radio Touring 104","description":"La prima radio Reggina","publisher":{"@id":"https:\/\/progettotouring.it\/radiotouring104\/#organization"},"potentialAction":[{"@type":"SearchAction","target":{"@type":"EntryPoint","urlTemplate":"https:\/\/progettotouring.it\/radiotouring104\/?s={search_term_string}"},"query-input":{"@type":"PropertyValueSpecification","valueRequired":true,"valueName":"search_term_string"}}],"inLanguage":"it-IT"},{"@type":"Organization","@id":"https:\/\/progettotouring.it\/radiotouring104\/#organization","name":"Radio Touring 104","url":"https:\/\/progettotouring.it\/radiotouring104\/","logo":{"@type":"ImageObject","inLanguage":"it-IT","@id":"https:\/\/progettotouring.it\/radiotouring104\/#\/schema\/logo\/image\/","url":"https:\/\/progettotouring.it\/radiotouring104\/wp-content\/uploads\/sites\/6\/2022\/02\/cropped-logo-radio-touring-104.png","contentUrl":"https:\/\/progettotouring.it\/radiotouring104\/wp-content\/uploads\/sites\/6\/2022\/02\/cropped-logo-radio-touring-104.png","width":377,"height":182,"caption":"Radio Touring 104"},"image":{"@id":"https:\/\/progettotouring.it\/radiotouring104\/#\/schema\/logo\/image\/"}},{"@type":"Person","@id":"https:\/\/progettotouring.it\/radiotouring104\/#\/schema\/person\/78613917f1851f041f7483f5af1d422e","name":"Sebastiano Plutino","image":{"@type":"ImageObject","inLanguage":"it-IT","@id":"https:\/\/secure.gravatar.com\/avatar\/0546ffaa9b79224faf9f2a156b67a529ae861d3287c66c1d8ccfdf909bcba78d?s=96&d=mm&r=g","url":"https:\/\/secure.gravatar.com\/avatar\/0546ffaa9b79224faf9f2a156b67a529ae861d3287c66c1d8ccfdf909bcba78d?s=96&d=mm&r=g","contentUrl":"https:\/\/secure.gravatar.com\/avatar\/0546ffaa9b79224faf9f2a156b67a529ae861d3287c66c1d8ccfdf909bcba78d?s=96&d=mm&r=g","caption":"Sebastiano Plutino"},"url":"https:\/\/progettotouring.it\/radiotouring104\/author\/sebastiano\/"}]}},"jetpack_publicize_connections":[],"jetpack_featured_media_url":"https:\/\/progettotouring.it\/radiotouring104\/wp-content\/uploads\/sites\/6\/2023\/01\/Mancuso-2.jpg","jetpack_sharing_enabled":true,"_links":{"self":[{"href":"https:\/\/progettotouring.it\/radiotouring104\/wp-json\/wp\/v2\/posts\/34326","targetHints":{"allow":["GET"]}}],"collection":[{"href":"https:\/\/progettotouring.it\/radiotouring104\/wp-json\/wp\/v2\/posts"}],"about":[{"href":"https:\/\/progettotouring.it\/radiotouring104\/wp-json\/wp\/v2\/types\/post"}],"author":[{"embeddable":true,"href":"https:\/\/progettotouring.it\/radiotouring104\/wp-json\/wp\/v2\/users\/12"}],"replies":[{"embeddable":true,"href":"https:\/\/progettotouring.it\/radiotouring104\/wp-json\/wp\/v2\/comments?post=34326"}],"version-history":[{"count":1,"href":"https:\/\/progettotouring.it\/radiotouring104\/wp-json\/wp\/v2\/posts\/34326\/revisions"}],"predecessor-version":[{"id":34328,"href":"https:\/\/progettotouring.it\/radiotouring104\/wp-json\/wp\/v2\/posts\/34326\/revisions\/34328"}],"wp:featuredmedia":[{"embeddable":true,"href":"https:\/\/progettotouring.it\/radiotouring104\/wp-json\/wp\/v2\/media\/16851"}],"wp:attachment":[{"href":"https:\/\/progettotouring.it\/radiotouring104\/wp-json\/wp\/v2\/media?parent=34326"}],"wp:term":[{"taxonomy":"category","embeddable":true,"href":"https:\/\/progettotouring.it\/radiotouring104\/wp-json\/wp\/v2\/categories?post=34326"},{"taxonomy":"post_tag","embeddable":true,"href":"https:\/\/progettotouring.it\/radiotouring104\/wp-json\/wp\/v2\/tags?post=34326"}],"curies":[{"name":"wp","href":"https:\/\/api.w.org\/{rel}","templated":true}]}}