{"id":34340,"date":"2023-09-15T11:17:03","date_gmt":"2023-09-15T09:17:03","guid":{"rendered":"https:\/\/progettotouring.it\/radiotouring104\/?p=34340"},"modified":"2023-09-15T11:17:03","modified_gmt":"2023-09-15T09:17:03","slug":"marrc-omaggia-yves-bonnefoy-per-il-centenario-dalla-nascita","status":"publish","type":"post","link":"https:\/\/progettotouring.it\/radiotouring104\/2023\/09\/15\/marrc-omaggia-yves-bonnefoy-per-il-centenario-dalla-nascita\/","title":{"rendered":"MArRC omaggia Yves Bonnefoy per il centenario dalla nascita"},"content":{"rendered":"<p style=\"text-align: justify\"><strong>Si \u00e8 chiusa con grande successo la programmazione estiva delle Notti d\u2019Estate<\/strong> sulla magnifica terrazza del Museo Archeologico Nazionale di Reggio Calabria. Un ricco calendario di eventi affiancato alla visita del Museo nella suggestiva atmosfera notturna, tra i capolavori pi\u00f9 o meno noti delle collezioni esposte e le numerose mostre temporanee.<\/p>\n<p style=\"text-align: justify\"><em>\u00abAnche quest\u2019anno il MArRC ha proposto un ricco programma estivo<\/em> \u2013<strong> dichiara il direttore del Museo, Carmelo Malacrino<\/strong> \u2013<em>, tra musica, presentazioni di libri, osservazioni astronomiche, approfondimenti culturali e laboratori per bambini e famiglie. Un\u2019edizione che ha chiuso con clamore le celebrazioni per il Cinquantesimo anniversario della scoperta dei Bronzi di Riace. Tanti gli eventi promossi insieme alla comunit\u00e0 del territorio e a tante associazioni, con le quali abbiamo condiviso un importante percorso di collaborazione. Le ringrazio tutte, hanno permesso al Museo di confermare il suo carattere di luogo dinamico e inclusivo\u00bb.<\/em><\/p>\n<p style=\"text-align: justify\"><strong>Ma gli eventi al Museo continuano,<\/strong> e senza soluzione di continuit\u00e0, si riparte con la programmazione nella sala conferenze dell\u2019istituto.<\/p>\n<p style=\"text-align: justify\"><strong>Venerd\u00ec 15 settembre, alle ore 16:45,<\/strong> il Museo Archeologico Nazionale di Reggio Calabria e il Centro Internazionale Scrittori della Calabria, con il patrocinio morale della Citt\u00e0 Metropolitana di Reggio Calabria, del Comune di Reggio Calabria e dell\u2019Universit\u00e0 Mediterranea di Reggio Calabria, <strong>promuovono l\u2019evento \u201cOmaggio a Yves Bonnefoy nel centenario della nascita (1923 \u2013 2023): su alcune traduzioni italiane di sue opere recenti\u201d.<\/strong> L\u2019evento \u00e8 inserito nell\u2019ambito della \u201cCattedra di Poesia del Centro Internazionale Scrittori della Calabria, intestata a due grandi poeti del Novecento: Maria Luisa Spaziani (1922 \u2013 2014) e Yves Bonnefoy (1923 \u2013 2016). Aprono la manifestazione gli interventi di <strong>Carmelo Malacrino<\/strong>, direttore del MArRC; di Irene Calabr\u00f2, assessore alla Cultura della Citt\u00e0 di Reggio Calabria; di <strong>Filippo Quartuccio,<\/strong> delegato alla Cultura della Citt\u00e0 Metropolitana di Reggio Calabria; di Daniele Cananzi, direttore del Dipartimento DiGiES, Universit\u00e0 Mediterranea di Reggio Calabria. Introduce la manifestazione Loreley Rosita Borruto, presidente del Cis della Calabria. Relaziona Fabio Scotto, professore ordinario di Letteratura Francese all\u2019Universit\u00e0 degli Studi di Bergamo (Dipartimento di Lingue, Letterature e Culture Straniere) dove \u00e8 Direttore del CISAM &#8211; Centro Internazionale per gli Studi sulle Avanguardie e la Modernit\u00e0, componente del Comitato Scientifico del CIS, presidente della Cattedra di Poesia intestata al poeta Yves Bonnefoy. Modera e conduce l\u2019avvenimento Paola Radici Colace, gi\u00e0 ordinario di Filologia classica all\u2019Universit\u00e0 di Messina, Presidente onorario e Direttore Scientifico del CIS della Calabria, presidente della Cattedra di Poesia intestata alla poetessa Maria Luisa Spaziani. Intervento programmato di Ottavio Amaro, Prof. di Composizione Architettonica &#8211; Dipartimento dArTe \u2013 Universit\u00e0 Mediterranea di Reggio Calabria. Scrittore, poeta e critico d\u2019arte francese, Yves Bonnefoy \u00e8 unanimemente ritenuto il massimo poeta francese contemporaneo e una delle pi\u00f9 alte figure della poesia mondiale del Secondo Novecento. Pi\u00f9 volte candidato al Premio Nobel per la letteratura, Yves Bonnefoy svolse anche una intensa attivit\u00e0 di traduttore, in particolare di grandi autori della letteratura e del teatro anglosassoni, tra cui William Shakespeare e John Keats. Fu docente di Studi comparati della funzione poetica al Coll\u00e8ge de France. Ha ricevuto numerosi premi di poesia, come i prestigiosi Balzan, Grinzane Cavour e Franz Kafka. Nel 2010 <em>I<\/em> <em>Meridiani Mondadori<\/em> hanno pubblicato tutta l\u2019opera poetica di Bonnefoy a cura di<strong> Fabio Scotto.<\/strong><\/p>\n<p style=\"text-align: justify\">\n<p style=\"text-align: justify\"><strong>Il MArRC e\u0300 aperto dal marted\u00ec alla domenica<\/strong> (luned\u00ec chiuso), con orario continuato dalle ore 9:00 alle 20:00, ultimo ingresso ore 19:30. Fino ai 18 anni l\u2019ingresso e\u0300 sempre gratuito; per i giovani dai 18 ai 25 anni il biglietto costa solo 2 euro, maggiorato di 1 euro a favore del patrimonio culturale danneggiato dall\u2019alluvione in Emilia Romagna (art. 14, DL 61\/2023 prorogato fino al 15 dicembre).<\/p>\n<p style=\"text-align: justify\">\n","protected":false},"excerpt":{"rendered":"<p>Si \u00e8 chiusa con grande successo la programmazione estiva delle Notti d\u2019Estate sulla magnifica terrazza del Museo Archeologico Nazionale di Reggio Calabria. Un ricco calendario di eventi affiancato alla visita&hellip;<\/p>\n","protected":false},"author":12,"featured_media":3330,"comment_status":"closed","ping_status":"open","sticky":false,"template":"","format":"standard","meta":{"_jetpack_memberships_contains_paid_content":false,"footnotes":"","jetpack_publicize_message":"","jetpack_publicize_feature_enabled":true,"jetpack_social_post_already_shared":false,"jetpack_social_options":{"image_generator_settings":{"template":"highway","default_image_id":0,"font":"","enabled":false},"version":2}},"categories":[921,196,140],"tags":[488,21499,21501,479,3614,21500],"class_list":["post-34340","post","type-post","status-publish","format-standard","has-post-thumbnail","hentry","category-home","category-news","category-reggio-calabria","tag-carmelo-malacrino","tag-conclusa-programmazione-estiva","tag-fabio-scotto","tag-marrc","tag-notti-destate","tag-omaggio-a-yves-bonnefoy"],"yoast_head":"<!-- This site is optimized with the Yoast SEO plugin v27.2 - https:\/\/yoast.com\/product\/yoast-seo-wordpress\/ -->\n<title>MArRC omaggia Yves Bonnefoy per il centenario dalla nascita<\/title>\n<meta name=\"description\" content=\"Si svolger\u00e0 oggi, alle 16:45 l&#039;incontro promosso da MArRC e CIS della Calabria, in omaggio a Yves Bonnefoy, nel centenario della nascita\" \/>\n<meta name=\"robots\" content=\"index, follow, max-snippet:-1, max-image-preview:large, max-video-preview:-1\" \/>\n<link rel=\"canonical\" href=\"https:\/\/progettotouring.it\/radiotouring104\/2023\/09\/15\/marrc-omaggia-yves-bonnefoy-per-il-centenario-dalla-nascita\/\" \/>\n<meta property=\"og:locale\" content=\"it_IT\" \/>\n<meta property=\"og:type\" content=\"article\" \/>\n<meta property=\"og:title\" content=\"MArRC omaggia Yves Bonnefoy per il centenario dalla nascita\" \/>\n<meta property=\"og:description\" content=\"Si svolger\u00e0 oggi, alle 16:45 l&#039;incontro promosso da MArRC e CIS della Calabria, in omaggio a Yves Bonnefoy, nel centenario della nascita\" \/>\n<meta property=\"og:url\" content=\"https:\/\/progettotouring.it\/radiotouring104\/2023\/09\/15\/marrc-omaggia-yves-bonnefoy-per-il-centenario-dalla-nascita\/\" \/>\n<meta property=\"og:site_name\" content=\"Radio Touring 104\" \/>\n<meta property=\"article:published_time\" content=\"2023-09-15T09:17:03+00:00\" \/>\n<meta property=\"og:image\" content=\"https:\/\/progettotouring.it\/radiotouring104\/wp-content\/uploads\/sites\/6\/2022\/03\/MARRC.jpg\" \/>\n\t<meta property=\"og:image:width\" content=\"460\" \/>\n\t<meta property=\"og:image:height\" content=\"250\" \/>\n\t<meta property=\"og:image:type\" content=\"image\/jpeg\" \/>\n<meta name=\"author\" content=\"Sebastiano Plutino\" \/>\n<meta name=\"twitter:card\" content=\"summary_large_image\" \/>\n<meta name=\"twitter:label1\" content=\"Scritto da\" \/>\n\t<meta name=\"twitter:data1\" content=\"Sebastiano Plutino\" \/>\n\t<meta name=\"twitter:label2\" content=\"Tempo di lettura stimato\" \/>\n\t<meta name=\"twitter:data2\" content=\"3 minuti\" \/>\n<script type=\"application\/ld+json\" class=\"yoast-schema-graph\">{\"@context\":\"https:\/\/schema.org\",\"@graph\":[{\"@type\":\"Article\",\"@id\":\"https:\/\/progettotouring.it\/radiotouring104\/2023\/09\/15\/marrc-omaggia-yves-bonnefoy-per-il-centenario-dalla-nascita\/#article\",\"isPartOf\":{\"@id\":\"https:\/\/progettotouring.it\/radiotouring104\/2023\/09\/15\/marrc-omaggia-yves-bonnefoy-per-il-centenario-dalla-nascita\/\"},\"author\":{\"name\":\"Sebastiano Plutino\",\"@id\":\"https:\/\/progettotouring.it\/radiotouring104\/#\/schema\/person\/78613917f1851f041f7483f5af1d422e\"},\"headline\":\"MArRC omaggia Yves Bonnefoy per il centenario dalla nascita\",\"datePublished\":\"2023-09-15T09:17:03+00:00\",\"mainEntityOfPage\":{\"@id\":\"https:\/\/progettotouring.it\/radiotouring104\/2023\/09\/15\/marrc-omaggia-yves-bonnefoy-per-il-centenario-dalla-nascita\/\"},\"wordCount\":590,\"publisher\":{\"@id\":\"https:\/\/progettotouring.it\/radiotouring104\/#organization\"},\"image\":{\"@id\":\"https:\/\/progettotouring.it\/radiotouring104\/2023\/09\/15\/marrc-omaggia-yves-bonnefoy-per-il-centenario-dalla-nascita\/#primaryimage\"},\"thumbnailUrl\":\"https:\/\/progettotouring.it\/radiotouring104\/wp-content\/uploads\/sites\/6\/2022\/03\/MARRC.jpg\",\"keywords\":[\"Carmelo Malacrino\",\"conclusa programmazione estiva\",\"Fabio Scotto.\",\"MArRC\",\"Notti d'estate\",\"Omaggio a Yves Bonnefoy\"],\"articleSection\":[\"Home\",\"News\",\"Reggio Calabria\"],\"inLanguage\":\"it-IT\"},{\"@type\":\"WebPage\",\"@id\":\"https:\/\/progettotouring.it\/radiotouring104\/2023\/09\/15\/marrc-omaggia-yves-bonnefoy-per-il-centenario-dalla-nascita\/\",\"url\":\"https:\/\/progettotouring.it\/radiotouring104\/2023\/09\/15\/marrc-omaggia-yves-bonnefoy-per-il-centenario-dalla-nascita\/\",\"name\":\"MArRC omaggia Yves Bonnefoy per il centenario dalla nascita\",\"isPartOf\":{\"@id\":\"https:\/\/progettotouring.it\/radiotouring104\/#website\"},\"primaryImageOfPage\":{\"@id\":\"https:\/\/progettotouring.it\/radiotouring104\/2023\/09\/15\/marrc-omaggia-yves-bonnefoy-per-il-centenario-dalla-nascita\/#primaryimage\"},\"image\":{\"@id\":\"https:\/\/progettotouring.it\/radiotouring104\/2023\/09\/15\/marrc-omaggia-yves-bonnefoy-per-il-centenario-dalla-nascita\/#primaryimage\"},\"thumbnailUrl\":\"https:\/\/progettotouring.it\/radiotouring104\/wp-content\/uploads\/sites\/6\/2022\/03\/MARRC.jpg\",\"datePublished\":\"2023-09-15T09:17:03+00:00\",\"description\":\"Si svolger\u00e0 oggi, alle 16:45 l'incontro promosso da MArRC e CIS della Calabria, in omaggio a Yves Bonnefoy, nel centenario della nascita\",\"breadcrumb\":{\"@id\":\"https:\/\/progettotouring.it\/radiotouring104\/2023\/09\/15\/marrc-omaggia-yves-bonnefoy-per-il-centenario-dalla-nascita\/#breadcrumb\"},\"inLanguage\":\"it-IT\",\"potentialAction\":[{\"@type\":\"ReadAction\",\"target\":[\"https:\/\/progettotouring.it\/radiotouring104\/2023\/09\/15\/marrc-omaggia-yves-bonnefoy-per-il-centenario-dalla-nascita\/\"]}]},{\"@type\":\"ImageObject\",\"inLanguage\":\"it-IT\",\"@id\":\"https:\/\/progettotouring.it\/radiotouring104\/2023\/09\/15\/marrc-omaggia-yves-bonnefoy-per-il-centenario-dalla-nascita\/#primaryimage\",\"url\":\"https:\/\/progettotouring.it\/radiotouring104\/wp-content\/uploads\/sites\/6\/2022\/03\/MARRC.jpg\",\"contentUrl\":\"https:\/\/progettotouring.it\/radiotouring104\/wp-content\/uploads\/sites\/6\/2022\/03\/MARRC.jpg\",\"width\":460,\"height\":250,\"caption\":\"museo Reggio\"},{\"@type\":\"BreadcrumbList\",\"@id\":\"https:\/\/progettotouring.it\/radiotouring104\/2023\/09\/15\/marrc-omaggia-yves-bonnefoy-per-il-centenario-dalla-nascita\/#breadcrumb\",\"itemListElement\":[{\"@type\":\"ListItem\",\"position\":1,\"name\":\"Home\",\"item\":\"https:\/\/progettotouring.it\/radiotouring104\/\"},{\"@type\":\"ListItem\",\"position\":2,\"name\":\"MArRC omaggia Yves Bonnefoy per il centenario dalla nascita\"}]},{\"@type\":\"WebSite\",\"@id\":\"https:\/\/progettotouring.it\/radiotouring104\/#website\",\"url\":\"https:\/\/progettotouring.it\/radiotouring104\/\",\"name\":\"Radio Touring 104\",\"description\":\"La prima radio Reggina\",\"publisher\":{\"@id\":\"https:\/\/progettotouring.it\/radiotouring104\/#organization\"},\"potentialAction\":[{\"@type\":\"SearchAction\",\"target\":{\"@type\":\"EntryPoint\",\"urlTemplate\":\"https:\/\/progettotouring.it\/radiotouring104\/?s={search_term_string}\"},\"query-input\":{\"@type\":\"PropertyValueSpecification\",\"valueRequired\":true,\"valueName\":\"search_term_string\"}}],\"inLanguage\":\"it-IT\"},{\"@type\":\"Organization\",\"@id\":\"https:\/\/progettotouring.it\/radiotouring104\/#organization\",\"name\":\"Radio Touring 104\",\"url\":\"https:\/\/progettotouring.it\/radiotouring104\/\",\"logo\":{\"@type\":\"ImageObject\",\"inLanguage\":\"it-IT\",\"@id\":\"https:\/\/progettotouring.it\/radiotouring104\/#\/schema\/logo\/image\/\",\"url\":\"https:\/\/progettotouring.it\/radiotouring104\/wp-content\/uploads\/sites\/6\/2022\/02\/cropped-logo-radio-touring-104.png\",\"contentUrl\":\"https:\/\/progettotouring.it\/radiotouring104\/wp-content\/uploads\/sites\/6\/2022\/02\/cropped-logo-radio-touring-104.png\",\"width\":377,\"height\":182,\"caption\":\"Radio Touring 104\"},\"image\":{\"@id\":\"https:\/\/progettotouring.it\/radiotouring104\/#\/schema\/logo\/image\/\"}},{\"@type\":\"Person\",\"@id\":\"https:\/\/progettotouring.it\/radiotouring104\/#\/schema\/person\/78613917f1851f041f7483f5af1d422e\",\"name\":\"Sebastiano Plutino\",\"image\":{\"@type\":\"ImageObject\",\"inLanguage\":\"it-IT\",\"@id\":\"https:\/\/secure.gravatar.com\/avatar\/0546ffaa9b79224faf9f2a156b67a529ae861d3287c66c1d8ccfdf909bcba78d?s=96&d=mm&r=g\",\"url\":\"https:\/\/secure.gravatar.com\/avatar\/0546ffaa9b79224faf9f2a156b67a529ae861d3287c66c1d8ccfdf909bcba78d?s=96&d=mm&r=g\",\"contentUrl\":\"https:\/\/secure.gravatar.com\/avatar\/0546ffaa9b79224faf9f2a156b67a529ae861d3287c66c1d8ccfdf909bcba78d?s=96&d=mm&r=g\",\"caption\":\"Sebastiano Plutino\"},\"url\":\"https:\/\/progettotouring.it\/radiotouring104\/author\/sebastiano\/\"}]}<\/script>\n<!-- \/ Yoast SEO plugin. -->","yoast_head_json":{"title":"MArRC omaggia Yves Bonnefoy per il centenario dalla nascita","description":"Si svolger\u00e0 oggi, alle 16:45 l'incontro promosso da MArRC e CIS della Calabria, in omaggio a Yves Bonnefoy, nel centenario della nascita","robots":{"index":"index","follow":"follow","max-snippet":"max-snippet:-1","max-image-preview":"max-image-preview:large","max-video-preview":"max-video-preview:-1"},"canonical":"https:\/\/progettotouring.it\/radiotouring104\/2023\/09\/15\/marrc-omaggia-yves-bonnefoy-per-il-centenario-dalla-nascita\/","og_locale":"it_IT","og_type":"article","og_title":"MArRC omaggia Yves Bonnefoy per il centenario dalla nascita","og_description":"Si svolger\u00e0 oggi, alle 16:45 l'incontro promosso da MArRC e CIS della Calabria, in omaggio a Yves Bonnefoy, nel centenario della nascita","og_url":"https:\/\/progettotouring.it\/radiotouring104\/2023\/09\/15\/marrc-omaggia-yves-bonnefoy-per-il-centenario-dalla-nascita\/","og_site_name":"Radio Touring 104","article_published_time":"2023-09-15T09:17:03+00:00","og_image":[{"width":460,"height":250,"url":"https:\/\/progettotouring.it\/radiotouring104\/wp-content\/uploads\/sites\/6\/2022\/03\/MARRC.jpg","type":"image\/jpeg"}],"author":"Sebastiano Plutino","twitter_card":"summary_large_image","twitter_misc":{"Scritto da":"Sebastiano Plutino","Tempo di lettura stimato":"3 minuti"},"schema":{"@context":"https:\/\/schema.org","@graph":[{"@type":"Article","@id":"https:\/\/progettotouring.it\/radiotouring104\/2023\/09\/15\/marrc-omaggia-yves-bonnefoy-per-il-centenario-dalla-nascita\/#article","isPartOf":{"@id":"https:\/\/progettotouring.it\/radiotouring104\/2023\/09\/15\/marrc-omaggia-yves-bonnefoy-per-il-centenario-dalla-nascita\/"},"author":{"name":"Sebastiano Plutino","@id":"https:\/\/progettotouring.it\/radiotouring104\/#\/schema\/person\/78613917f1851f041f7483f5af1d422e"},"headline":"MArRC omaggia Yves Bonnefoy per il centenario dalla nascita","datePublished":"2023-09-15T09:17:03+00:00","mainEntityOfPage":{"@id":"https:\/\/progettotouring.it\/radiotouring104\/2023\/09\/15\/marrc-omaggia-yves-bonnefoy-per-il-centenario-dalla-nascita\/"},"wordCount":590,"publisher":{"@id":"https:\/\/progettotouring.it\/radiotouring104\/#organization"},"image":{"@id":"https:\/\/progettotouring.it\/radiotouring104\/2023\/09\/15\/marrc-omaggia-yves-bonnefoy-per-il-centenario-dalla-nascita\/#primaryimage"},"thumbnailUrl":"https:\/\/progettotouring.it\/radiotouring104\/wp-content\/uploads\/sites\/6\/2022\/03\/MARRC.jpg","keywords":["Carmelo Malacrino","conclusa programmazione estiva","Fabio Scotto.","MArRC","Notti d'estate","Omaggio a Yves Bonnefoy"],"articleSection":["Home","News","Reggio Calabria"],"inLanguage":"it-IT"},{"@type":"WebPage","@id":"https:\/\/progettotouring.it\/radiotouring104\/2023\/09\/15\/marrc-omaggia-yves-bonnefoy-per-il-centenario-dalla-nascita\/","url":"https:\/\/progettotouring.it\/radiotouring104\/2023\/09\/15\/marrc-omaggia-yves-bonnefoy-per-il-centenario-dalla-nascita\/","name":"MArRC omaggia Yves Bonnefoy per il centenario dalla nascita","isPartOf":{"@id":"https:\/\/progettotouring.it\/radiotouring104\/#website"},"primaryImageOfPage":{"@id":"https:\/\/progettotouring.it\/radiotouring104\/2023\/09\/15\/marrc-omaggia-yves-bonnefoy-per-il-centenario-dalla-nascita\/#primaryimage"},"image":{"@id":"https:\/\/progettotouring.it\/radiotouring104\/2023\/09\/15\/marrc-omaggia-yves-bonnefoy-per-il-centenario-dalla-nascita\/#primaryimage"},"thumbnailUrl":"https:\/\/progettotouring.it\/radiotouring104\/wp-content\/uploads\/sites\/6\/2022\/03\/MARRC.jpg","datePublished":"2023-09-15T09:17:03+00:00","description":"Si svolger\u00e0 oggi, alle 16:45 l'incontro promosso da MArRC e CIS della Calabria, in omaggio a Yves Bonnefoy, nel centenario della nascita","breadcrumb":{"@id":"https:\/\/progettotouring.it\/radiotouring104\/2023\/09\/15\/marrc-omaggia-yves-bonnefoy-per-il-centenario-dalla-nascita\/#breadcrumb"},"inLanguage":"it-IT","potentialAction":[{"@type":"ReadAction","target":["https:\/\/progettotouring.it\/radiotouring104\/2023\/09\/15\/marrc-omaggia-yves-bonnefoy-per-il-centenario-dalla-nascita\/"]}]},{"@type":"ImageObject","inLanguage":"it-IT","@id":"https:\/\/progettotouring.it\/radiotouring104\/2023\/09\/15\/marrc-omaggia-yves-bonnefoy-per-il-centenario-dalla-nascita\/#primaryimage","url":"https:\/\/progettotouring.it\/radiotouring104\/wp-content\/uploads\/sites\/6\/2022\/03\/MARRC.jpg","contentUrl":"https:\/\/progettotouring.it\/radiotouring104\/wp-content\/uploads\/sites\/6\/2022\/03\/MARRC.jpg","width":460,"height":250,"caption":"museo Reggio"},{"@type":"BreadcrumbList","@id":"https:\/\/progettotouring.it\/radiotouring104\/2023\/09\/15\/marrc-omaggia-yves-bonnefoy-per-il-centenario-dalla-nascita\/#breadcrumb","itemListElement":[{"@type":"ListItem","position":1,"name":"Home","item":"https:\/\/progettotouring.it\/radiotouring104\/"},{"@type":"ListItem","position":2,"name":"MArRC omaggia Yves Bonnefoy per il centenario dalla nascita"}]},{"@type":"WebSite","@id":"https:\/\/progettotouring.it\/radiotouring104\/#website","url":"https:\/\/progettotouring.it\/radiotouring104\/","name":"Radio Touring 104","description":"La prima radio Reggina","publisher":{"@id":"https:\/\/progettotouring.it\/radiotouring104\/#organization"},"potentialAction":[{"@type":"SearchAction","target":{"@type":"EntryPoint","urlTemplate":"https:\/\/progettotouring.it\/radiotouring104\/?s={search_term_string}"},"query-input":{"@type":"PropertyValueSpecification","valueRequired":true,"valueName":"search_term_string"}}],"inLanguage":"it-IT"},{"@type":"Organization","@id":"https:\/\/progettotouring.it\/radiotouring104\/#organization","name":"Radio Touring 104","url":"https:\/\/progettotouring.it\/radiotouring104\/","logo":{"@type":"ImageObject","inLanguage":"it-IT","@id":"https:\/\/progettotouring.it\/radiotouring104\/#\/schema\/logo\/image\/","url":"https:\/\/progettotouring.it\/radiotouring104\/wp-content\/uploads\/sites\/6\/2022\/02\/cropped-logo-radio-touring-104.png","contentUrl":"https:\/\/progettotouring.it\/radiotouring104\/wp-content\/uploads\/sites\/6\/2022\/02\/cropped-logo-radio-touring-104.png","width":377,"height":182,"caption":"Radio Touring 104"},"image":{"@id":"https:\/\/progettotouring.it\/radiotouring104\/#\/schema\/logo\/image\/"}},{"@type":"Person","@id":"https:\/\/progettotouring.it\/radiotouring104\/#\/schema\/person\/78613917f1851f041f7483f5af1d422e","name":"Sebastiano Plutino","image":{"@type":"ImageObject","inLanguage":"it-IT","@id":"https:\/\/secure.gravatar.com\/avatar\/0546ffaa9b79224faf9f2a156b67a529ae861d3287c66c1d8ccfdf909bcba78d?s=96&d=mm&r=g","url":"https:\/\/secure.gravatar.com\/avatar\/0546ffaa9b79224faf9f2a156b67a529ae861d3287c66c1d8ccfdf909bcba78d?s=96&d=mm&r=g","contentUrl":"https:\/\/secure.gravatar.com\/avatar\/0546ffaa9b79224faf9f2a156b67a529ae861d3287c66c1d8ccfdf909bcba78d?s=96&d=mm&r=g","caption":"Sebastiano Plutino"},"url":"https:\/\/progettotouring.it\/radiotouring104\/author\/sebastiano\/"}]}},"jetpack_publicize_connections":[],"jetpack_featured_media_url":"https:\/\/progettotouring.it\/radiotouring104\/wp-content\/uploads\/sites\/6\/2022\/03\/MARRC.jpg","jetpack_sharing_enabled":true,"_links":{"self":[{"href":"https:\/\/progettotouring.it\/radiotouring104\/wp-json\/wp\/v2\/posts\/34340","targetHints":{"allow":["GET"]}}],"collection":[{"href":"https:\/\/progettotouring.it\/radiotouring104\/wp-json\/wp\/v2\/posts"}],"about":[{"href":"https:\/\/progettotouring.it\/radiotouring104\/wp-json\/wp\/v2\/types\/post"}],"author":[{"embeddable":true,"href":"https:\/\/progettotouring.it\/radiotouring104\/wp-json\/wp\/v2\/users\/12"}],"replies":[{"embeddable":true,"href":"https:\/\/progettotouring.it\/radiotouring104\/wp-json\/wp\/v2\/comments?post=34340"}],"version-history":[{"count":1,"href":"https:\/\/progettotouring.it\/radiotouring104\/wp-json\/wp\/v2\/posts\/34340\/revisions"}],"predecessor-version":[{"id":34341,"href":"https:\/\/progettotouring.it\/radiotouring104\/wp-json\/wp\/v2\/posts\/34340\/revisions\/34341"}],"wp:featuredmedia":[{"embeddable":true,"href":"https:\/\/progettotouring.it\/radiotouring104\/wp-json\/wp\/v2\/media\/3330"}],"wp:attachment":[{"href":"https:\/\/progettotouring.it\/radiotouring104\/wp-json\/wp\/v2\/media?parent=34340"}],"wp:term":[{"taxonomy":"category","embeddable":true,"href":"https:\/\/progettotouring.it\/radiotouring104\/wp-json\/wp\/v2\/categories?post=34340"},{"taxonomy":"post_tag","embeddable":true,"href":"https:\/\/progettotouring.it\/radiotouring104\/wp-json\/wp\/v2\/tags?post=34340"}],"curies":[{"name":"wp","href":"https:\/\/api.w.org\/{rel}","templated":true}]}}