{"id":34343,"date":"2023-09-15T11:41:46","date_gmt":"2023-09-15T09:41:46","guid":{"rendered":"https:\/\/progettotouring.it\/radiotouring104\/?p=34343"},"modified":"2023-09-15T11:42:16","modified_gmt":"2023-09-15T09:42:16","slug":"museo-del-mare-in-via-di-ultimazione-il-progetto-esecutivo","status":"publish","type":"post","link":"https:\/\/progettotouring.it\/radiotouring104\/2023\/09\/15\/museo-del-mare-in-via-di-ultimazione-il-progetto-esecutivo\/","title":{"rendered":"Museo del Mare: in via di ultimazione il progetto esecutivo"},"content":{"rendered":"<p style=\"text-align: justify\"><strong>Proseguono<\/strong> gli incontri a Palazzo San Giorgio per l\u2019avvio delle <strong>attivit\u00e0 propedeutiche alla costruzione del Museo del Mare di Zaha Hadid.<\/strong> <strong>L\u2019opera pubblica<\/strong> sar\u00e0 realizzata all\u2019interno dell\u2019area portuale di Reggio Calabria e, secondo gli obiettivi dell\u2019Amministrazione comunale, <strong>punta a riqualificare e ridisegnare, completandolo, il nuovo fronte a mare cittadino.<\/strong><\/p>\n<p>Il museo di Zaha Hadid, rientra tra le opere dei 14 attrattori nazionali culturali italiani e finanziati con fondi del Pnrr. La delega alla sua realizzazione \u00e8 seguita dal consigliere comunale Carmelo Romeo, indicato dal sindaco Giuseppe Falcomat\u00e0 e poi confermato dall\u2019attuale sindaco facente funzioni Paolo Brunetti.<\/p>\n<p><em>&#8220;Le attivit\u00e0 per la realizzazione del Museo del Mare proseguono con grande intensit\u00e0<strong> &#8211;<\/strong><\/em><strong> afferma Carmelo Romeo &#8211;<\/strong><em> oggi abbiamo fatto un ulteriore step molto importante. A Palazzo San Giorgio, insieme al sindaco facente funzioni, Paolo Brunetti, al dirigente Francesco Barreca e agli altri nostri funzionari dell\u2019ufficio tecnico, abbiamo incontrato i tecnici della societ\u00e0 Ales del Ministero della Cultura e il direttore dello studio Zaha Hadid, Filippo Innocenti&#8221;.<\/em><\/p>\n<p><em>&#8220;Abbiamo fatto il punto sull\u2019andamento delle attivit\u00e0 preliminari svolte in questi ultimi mesi, ribadendo<\/em> \u2013<strong> ha aggiunto Romeo &#8211;<\/strong> <em>che questa opera per noi \u00e8 strategica, cofinanziata dal Pnrr con 53 milioni di euro e altre risorse esterne&#8221;. &#8220;Oggi \u2013<\/em> <strong>ha evidenziato &#8211;<\/strong> <em>abbiamo registrato un altro passo significativo rispetto alle attivit\u00e0 marine che gi\u00e0 erano partite nelle settimane precedenti nel mese di agosto, compiendo una seconda parte di indagini, sotto terra, entrando nel cantiere dove sorger\u00e0 gran parte della struttura del Museo del Mare. Si tratta di un\u2019area posta sotto sequestro giudiziario e abbiamo potuto avviare queste attivit\u00e0 grazie ad un\u2019autorizzazione dell\u2019autorit\u00e0 giudiziaria&#8221;. &#8220;Sono verifiche \u2013<\/em><strong> ha precisato Romeo <\/strong><em>&#8211; che si estenderanno nuovamente anche in mare e che sono propedeutiche al progetto definitivo\/esecutivo che ci verr\u00e0 consegnato in questi giorni&#8221;.<\/em><\/p>\n<p><strong>L\u2019iter finora portato avanti da Palazzo San Giorgio ha seguito un crono programma ben definito e dettagliato.<\/strong> &#8220;<em>Vorrei ricordare \u2013<\/em> ha detto il consigliere Carmelo Romeo &#8211;<em> che nel mese di agosto abbiamo anche iniziato una pre conferenza di servizi che si chiuder\u00e0 entro il mese di settembre, allo stesso tempo sar\u00e0 indetta la conferenza dei servizi decisoria relativa al Lotto Zero relativo alle aree dove verr\u00e0 realizzato il museo del mare&#8221;. Sui successivi passi Romeo ha ricordato che &#8220;puntiamo entro fine anno a riuscire a cantierizzare le aree, per far iniziare il primo step dei lavori. Parallelamente lo studio Zaha Hadid sta lavorando anche al definitivo-esecutivo del Lotto 1, relativo alla vera e propria realizzazione dell\u2019opera&#8221;<\/em> <em>&#8220;Anche in questo caso <strong>\u2013<\/strong><\/em><strong> ha concluso Romeo &#8211;<\/strong><em><strong> i<\/strong>ndiremo una pre conferenza dei servizi, tra fine mese e il mese di ottobre, puntando ad avere una conferenza dei servizi decisoria per far partire realmente la costruzione&#8221;.<\/em><\/p>\n","protected":false},"excerpt":{"rendered":"<p>Proseguono gli incontri a Palazzo San Giorgio per l\u2019avvio delle attivit\u00e0 propedeutiche alla costruzione del Museo del Mare di Zaha Hadid. L\u2019opera pubblica sar\u00e0 realizzata all\u2019interno dell\u2019area portuale di Reggio&hellip;<\/p>\n","protected":false},"author":12,"featured_media":34344,"comment_status":"closed","ping_status":"open","sticky":false,"template":"","format":"standard","meta":{"_jetpack_memberships_contains_paid_content":false,"footnotes":"","jetpack_publicize_message":"","jetpack_publicize_feature_enabled":true,"jetpack_social_post_already_shared":false,"jetpack_social_options":{"image_generator_settings":{"template":"highway","default_image_id":0,"font":"","enabled":false},"version":2}},"categories":[921,196,140],"tags":[21502,1765,19068,16720,10208],"class_list":["post-34343","post","type-post","status-publish","format-standard","has-post-thumbnail","hentry","category-home","category-news","category-reggio-calabria","tag-cantierizzazione-entro-anno","tag-carmelo-romeo","tag-museo-del-mare","tag-sopralluogo","tag-zaha-hadid"],"yoast_head":"<!-- This site is optimized with the Yoast SEO plugin v27.2 - https:\/\/yoast.com\/product\/yoast-seo-wordpress\/ -->\n<title>Museo del Mare: in via di ultimazione il progetto esecutivo<\/title>\n<meta name=\"description\" content=\"Sopralluogo del Consigliere Romeo, tecnici del Comune, societ\u00e0 Ales e Direttore studio Hadid. Si punta cantierizzare l&#039;opera entro fine anno\" \/>\n<meta name=\"robots\" content=\"index, follow, max-snippet:-1, max-image-preview:large, max-video-preview:-1\" \/>\n<link rel=\"canonical\" href=\"https:\/\/progettotouring.it\/radiotouring104\/2023\/09\/15\/museo-del-mare-in-via-di-ultimazione-il-progetto-esecutivo\/\" \/>\n<meta property=\"og:locale\" content=\"it_IT\" \/>\n<meta property=\"og:type\" content=\"article\" \/>\n<meta property=\"og:title\" content=\"Museo del Mare: in via di ultimazione il progetto esecutivo\" \/>\n<meta property=\"og:description\" content=\"Sopralluogo del Consigliere Romeo, tecnici del Comune, societ\u00e0 Ales e Direttore studio Hadid. Si punta cantierizzare l&#039;opera entro fine anno\" \/>\n<meta property=\"og:url\" content=\"https:\/\/progettotouring.it\/radiotouring104\/2023\/09\/15\/museo-del-mare-in-via-di-ultimazione-il-progetto-esecutivo\/\" \/>\n<meta property=\"og:site_name\" content=\"Radio Touring 104\" \/>\n<meta property=\"article:published_time\" content=\"2023-09-15T09:41:46+00:00\" \/>\n<meta property=\"article:modified_time\" content=\"2023-09-15T09:42:16+00:00\" \/>\n<meta property=\"og:image\" content=\"https:\/\/progettotouring.it\/radiotouring104\/wp-content\/uploads\/sites\/6\/2023\/09\/sopralluogo-museo-del-mare.jpeg\" \/>\n\t<meta property=\"og:image:width\" content=\"2016\" \/>\n\t<meta property=\"og:image:height\" content=\"1134\" \/>\n\t<meta property=\"og:image:type\" content=\"image\/jpeg\" \/>\n<meta name=\"author\" content=\"Sebastiano Plutino\" \/>\n<meta name=\"twitter:card\" content=\"summary_large_image\" \/>\n<meta name=\"twitter:label1\" content=\"Scritto da\" \/>\n\t<meta name=\"twitter:data1\" content=\"Sebastiano Plutino\" \/>\n\t<meta name=\"twitter:label2\" content=\"Tempo di lettura stimato\" \/>\n\t<meta name=\"twitter:data2\" content=\"2 minuti\" \/>\n<script type=\"application\/ld+json\" class=\"yoast-schema-graph\">{\"@context\":\"https:\/\/schema.org\",\"@graph\":[{\"@type\":\"Article\",\"@id\":\"https:\/\/progettotouring.it\/radiotouring104\/2023\/09\/15\/museo-del-mare-in-via-di-ultimazione-il-progetto-esecutivo\/#article\",\"isPartOf\":{\"@id\":\"https:\/\/progettotouring.it\/radiotouring104\/2023\/09\/15\/museo-del-mare-in-via-di-ultimazione-il-progetto-esecutivo\/\"},\"author\":{\"name\":\"Sebastiano Plutino\",\"@id\":\"https:\/\/progettotouring.it\/radiotouring104\/#\/schema\/person\/78613917f1851f041f7483f5af1d422e\"},\"headline\":\"Museo del Mare: in via di ultimazione il progetto esecutivo\",\"datePublished\":\"2023-09-15T09:41:46+00:00\",\"dateModified\":\"2023-09-15T09:42:16+00:00\",\"mainEntityOfPage\":{\"@id\":\"https:\/\/progettotouring.it\/radiotouring104\/2023\/09\/15\/museo-del-mare-in-via-di-ultimazione-il-progetto-esecutivo\/\"},\"wordCount\":464,\"publisher\":{\"@id\":\"https:\/\/progettotouring.it\/radiotouring104\/#organization\"},\"image\":{\"@id\":\"https:\/\/progettotouring.it\/radiotouring104\/2023\/09\/15\/museo-del-mare-in-via-di-ultimazione-il-progetto-esecutivo\/#primaryimage\"},\"thumbnailUrl\":\"https:\/\/progettotouring.it\/radiotouring104\/wp-content\/uploads\/sites\/6\/2023\/09\/sopralluogo-museo-del-mare.jpeg\",\"keywords\":[\"cantierizzazione entro anno\",\"Carmelo Romeo\",\"Museo del Mare\",\"sopralluogo\",\"Zaha Hadid\"],\"articleSection\":[\"Home\",\"News\",\"Reggio Calabria\"],\"inLanguage\":\"it-IT\"},{\"@type\":\"WebPage\",\"@id\":\"https:\/\/progettotouring.it\/radiotouring104\/2023\/09\/15\/museo-del-mare-in-via-di-ultimazione-il-progetto-esecutivo\/\",\"url\":\"https:\/\/progettotouring.it\/radiotouring104\/2023\/09\/15\/museo-del-mare-in-via-di-ultimazione-il-progetto-esecutivo\/\",\"name\":\"Museo del Mare: in via di ultimazione il progetto esecutivo\",\"isPartOf\":{\"@id\":\"https:\/\/progettotouring.it\/radiotouring104\/#website\"},\"primaryImageOfPage\":{\"@id\":\"https:\/\/progettotouring.it\/radiotouring104\/2023\/09\/15\/museo-del-mare-in-via-di-ultimazione-il-progetto-esecutivo\/#primaryimage\"},\"image\":{\"@id\":\"https:\/\/progettotouring.it\/radiotouring104\/2023\/09\/15\/museo-del-mare-in-via-di-ultimazione-il-progetto-esecutivo\/#primaryimage\"},\"thumbnailUrl\":\"https:\/\/progettotouring.it\/radiotouring104\/wp-content\/uploads\/sites\/6\/2023\/09\/sopralluogo-museo-del-mare.jpeg\",\"datePublished\":\"2023-09-15T09:41:46+00:00\",\"dateModified\":\"2023-09-15T09:42:16+00:00\",\"description\":\"Sopralluogo del Consigliere Romeo, tecnici del Comune, societ\u00e0 Ales e Direttore studio Hadid. Si punta cantierizzare l'opera entro fine anno\",\"breadcrumb\":{\"@id\":\"https:\/\/progettotouring.it\/radiotouring104\/2023\/09\/15\/museo-del-mare-in-via-di-ultimazione-il-progetto-esecutivo\/#breadcrumb\"},\"inLanguage\":\"it-IT\",\"potentialAction\":[{\"@type\":\"ReadAction\",\"target\":[\"https:\/\/progettotouring.it\/radiotouring104\/2023\/09\/15\/museo-del-mare-in-via-di-ultimazione-il-progetto-esecutivo\/\"]}]},{\"@type\":\"ImageObject\",\"inLanguage\":\"it-IT\",\"@id\":\"https:\/\/progettotouring.it\/radiotouring104\/2023\/09\/15\/museo-del-mare-in-via-di-ultimazione-il-progetto-esecutivo\/#primaryimage\",\"url\":\"https:\/\/progettotouring.it\/radiotouring104\/wp-content\/uploads\/sites\/6\/2023\/09\/sopralluogo-museo-del-mare.jpeg\",\"contentUrl\":\"https:\/\/progettotouring.it\/radiotouring104\/wp-content\/uploads\/sites\/6\/2023\/09\/sopralluogo-museo-del-mare.jpeg\",\"width\":2016,\"height\":1134},{\"@type\":\"BreadcrumbList\",\"@id\":\"https:\/\/progettotouring.it\/radiotouring104\/2023\/09\/15\/museo-del-mare-in-via-di-ultimazione-il-progetto-esecutivo\/#breadcrumb\",\"itemListElement\":[{\"@type\":\"ListItem\",\"position\":1,\"name\":\"Home\",\"item\":\"https:\/\/progettotouring.it\/radiotouring104\/\"},{\"@type\":\"ListItem\",\"position\":2,\"name\":\"Museo del Mare: in via di ultimazione il progetto esecutivo\"}]},{\"@type\":\"WebSite\",\"@id\":\"https:\/\/progettotouring.it\/radiotouring104\/#website\",\"url\":\"https:\/\/progettotouring.it\/radiotouring104\/\",\"name\":\"Radio Touring 104\",\"description\":\"La prima radio Reggina\",\"publisher\":{\"@id\":\"https:\/\/progettotouring.it\/radiotouring104\/#organization\"},\"potentialAction\":[{\"@type\":\"SearchAction\",\"target\":{\"@type\":\"EntryPoint\",\"urlTemplate\":\"https:\/\/progettotouring.it\/radiotouring104\/?s={search_term_string}\"},\"query-input\":{\"@type\":\"PropertyValueSpecification\",\"valueRequired\":true,\"valueName\":\"search_term_string\"}}],\"inLanguage\":\"it-IT\"},{\"@type\":\"Organization\",\"@id\":\"https:\/\/progettotouring.it\/radiotouring104\/#organization\",\"name\":\"Radio Touring 104\",\"url\":\"https:\/\/progettotouring.it\/radiotouring104\/\",\"logo\":{\"@type\":\"ImageObject\",\"inLanguage\":\"it-IT\",\"@id\":\"https:\/\/progettotouring.it\/radiotouring104\/#\/schema\/logo\/image\/\",\"url\":\"https:\/\/progettotouring.it\/radiotouring104\/wp-content\/uploads\/sites\/6\/2022\/02\/cropped-logo-radio-touring-104.png\",\"contentUrl\":\"https:\/\/progettotouring.it\/radiotouring104\/wp-content\/uploads\/sites\/6\/2022\/02\/cropped-logo-radio-touring-104.png\",\"width\":377,\"height\":182,\"caption\":\"Radio Touring 104\"},\"image\":{\"@id\":\"https:\/\/progettotouring.it\/radiotouring104\/#\/schema\/logo\/image\/\"}},{\"@type\":\"Person\",\"@id\":\"https:\/\/progettotouring.it\/radiotouring104\/#\/schema\/person\/78613917f1851f041f7483f5af1d422e\",\"name\":\"Sebastiano Plutino\",\"image\":{\"@type\":\"ImageObject\",\"inLanguage\":\"it-IT\",\"@id\":\"https:\/\/secure.gravatar.com\/avatar\/0546ffaa9b79224faf9f2a156b67a529ae861d3287c66c1d8ccfdf909bcba78d?s=96&d=mm&r=g\",\"url\":\"https:\/\/secure.gravatar.com\/avatar\/0546ffaa9b79224faf9f2a156b67a529ae861d3287c66c1d8ccfdf909bcba78d?s=96&d=mm&r=g\",\"contentUrl\":\"https:\/\/secure.gravatar.com\/avatar\/0546ffaa9b79224faf9f2a156b67a529ae861d3287c66c1d8ccfdf909bcba78d?s=96&d=mm&r=g\",\"caption\":\"Sebastiano Plutino\"},\"url\":\"https:\/\/progettotouring.it\/radiotouring104\/author\/sebastiano\/\"}]}<\/script>\n<!-- \/ Yoast SEO plugin. -->","yoast_head_json":{"title":"Museo del Mare: in via di ultimazione il progetto esecutivo","description":"Sopralluogo del Consigliere Romeo, tecnici del Comune, societ\u00e0 Ales e Direttore studio Hadid. Si punta cantierizzare l'opera entro fine anno","robots":{"index":"index","follow":"follow","max-snippet":"max-snippet:-1","max-image-preview":"max-image-preview:large","max-video-preview":"max-video-preview:-1"},"canonical":"https:\/\/progettotouring.it\/radiotouring104\/2023\/09\/15\/museo-del-mare-in-via-di-ultimazione-il-progetto-esecutivo\/","og_locale":"it_IT","og_type":"article","og_title":"Museo del Mare: in via di ultimazione il progetto esecutivo","og_description":"Sopralluogo del Consigliere Romeo, tecnici del Comune, societ\u00e0 Ales e Direttore studio Hadid. Si punta cantierizzare l'opera entro fine anno","og_url":"https:\/\/progettotouring.it\/radiotouring104\/2023\/09\/15\/museo-del-mare-in-via-di-ultimazione-il-progetto-esecutivo\/","og_site_name":"Radio Touring 104","article_published_time":"2023-09-15T09:41:46+00:00","article_modified_time":"2023-09-15T09:42:16+00:00","og_image":[{"width":2016,"height":1134,"url":"https:\/\/progettotouring.it\/radiotouring104\/wp-content\/uploads\/sites\/6\/2023\/09\/sopralluogo-museo-del-mare.jpeg","type":"image\/jpeg"}],"author":"Sebastiano Plutino","twitter_card":"summary_large_image","twitter_misc":{"Scritto da":"Sebastiano Plutino","Tempo di lettura stimato":"2 minuti"},"schema":{"@context":"https:\/\/schema.org","@graph":[{"@type":"Article","@id":"https:\/\/progettotouring.it\/radiotouring104\/2023\/09\/15\/museo-del-mare-in-via-di-ultimazione-il-progetto-esecutivo\/#article","isPartOf":{"@id":"https:\/\/progettotouring.it\/radiotouring104\/2023\/09\/15\/museo-del-mare-in-via-di-ultimazione-il-progetto-esecutivo\/"},"author":{"name":"Sebastiano Plutino","@id":"https:\/\/progettotouring.it\/radiotouring104\/#\/schema\/person\/78613917f1851f041f7483f5af1d422e"},"headline":"Museo del Mare: in via di ultimazione il progetto esecutivo","datePublished":"2023-09-15T09:41:46+00:00","dateModified":"2023-09-15T09:42:16+00:00","mainEntityOfPage":{"@id":"https:\/\/progettotouring.it\/radiotouring104\/2023\/09\/15\/museo-del-mare-in-via-di-ultimazione-il-progetto-esecutivo\/"},"wordCount":464,"publisher":{"@id":"https:\/\/progettotouring.it\/radiotouring104\/#organization"},"image":{"@id":"https:\/\/progettotouring.it\/radiotouring104\/2023\/09\/15\/museo-del-mare-in-via-di-ultimazione-il-progetto-esecutivo\/#primaryimage"},"thumbnailUrl":"https:\/\/progettotouring.it\/radiotouring104\/wp-content\/uploads\/sites\/6\/2023\/09\/sopralluogo-museo-del-mare.jpeg","keywords":["cantierizzazione entro anno","Carmelo Romeo","Museo del Mare","sopralluogo","Zaha Hadid"],"articleSection":["Home","News","Reggio Calabria"],"inLanguage":"it-IT"},{"@type":"WebPage","@id":"https:\/\/progettotouring.it\/radiotouring104\/2023\/09\/15\/museo-del-mare-in-via-di-ultimazione-il-progetto-esecutivo\/","url":"https:\/\/progettotouring.it\/radiotouring104\/2023\/09\/15\/museo-del-mare-in-via-di-ultimazione-il-progetto-esecutivo\/","name":"Museo del Mare: in via di ultimazione il progetto esecutivo","isPartOf":{"@id":"https:\/\/progettotouring.it\/radiotouring104\/#website"},"primaryImageOfPage":{"@id":"https:\/\/progettotouring.it\/radiotouring104\/2023\/09\/15\/museo-del-mare-in-via-di-ultimazione-il-progetto-esecutivo\/#primaryimage"},"image":{"@id":"https:\/\/progettotouring.it\/radiotouring104\/2023\/09\/15\/museo-del-mare-in-via-di-ultimazione-il-progetto-esecutivo\/#primaryimage"},"thumbnailUrl":"https:\/\/progettotouring.it\/radiotouring104\/wp-content\/uploads\/sites\/6\/2023\/09\/sopralluogo-museo-del-mare.jpeg","datePublished":"2023-09-15T09:41:46+00:00","dateModified":"2023-09-15T09:42:16+00:00","description":"Sopralluogo del Consigliere Romeo, tecnici del Comune, societ\u00e0 Ales e Direttore studio Hadid. Si punta cantierizzare l'opera entro fine anno","breadcrumb":{"@id":"https:\/\/progettotouring.it\/radiotouring104\/2023\/09\/15\/museo-del-mare-in-via-di-ultimazione-il-progetto-esecutivo\/#breadcrumb"},"inLanguage":"it-IT","potentialAction":[{"@type":"ReadAction","target":["https:\/\/progettotouring.it\/radiotouring104\/2023\/09\/15\/museo-del-mare-in-via-di-ultimazione-il-progetto-esecutivo\/"]}]},{"@type":"ImageObject","inLanguage":"it-IT","@id":"https:\/\/progettotouring.it\/radiotouring104\/2023\/09\/15\/museo-del-mare-in-via-di-ultimazione-il-progetto-esecutivo\/#primaryimage","url":"https:\/\/progettotouring.it\/radiotouring104\/wp-content\/uploads\/sites\/6\/2023\/09\/sopralluogo-museo-del-mare.jpeg","contentUrl":"https:\/\/progettotouring.it\/radiotouring104\/wp-content\/uploads\/sites\/6\/2023\/09\/sopralluogo-museo-del-mare.jpeg","width":2016,"height":1134},{"@type":"BreadcrumbList","@id":"https:\/\/progettotouring.it\/radiotouring104\/2023\/09\/15\/museo-del-mare-in-via-di-ultimazione-il-progetto-esecutivo\/#breadcrumb","itemListElement":[{"@type":"ListItem","position":1,"name":"Home","item":"https:\/\/progettotouring.it\/radiotouring104\/"},{"@type":"ListItem","position":2,"name":"Museo del Mare: in via di ultimazione il progetto esecutivo"}]},{"@type":"WebSite","@id":"https:\/\/progettotouring.it\/radiotouring104\/#website","url":"https:\/\/progettotouring.it\/radiotouring104\/","name":"Radio Touring 104","description":"La prima radio Reggina","publisher":{"@id":"https:\/\/progettotouring.it\/radiotouring104\/#organization"},"potentialAction":[{"@type":"SearchAction","target":{"@type":"EntryPoint","urlTemplate":"https:\/\/progettotouring.it\/radiotouring104\/?s={search_term_string}"},"query-input":{"@type":"PropertyValueSpecification","valueRequired":true,"valueName":"search_term_string"}}],"inLanguage":"it-IT"},{"@type":"Organization","@id":"https:\/\/progettotouring.it\/radiotouring104\/#organization","name":"Radio Touring 104","url":"https:\/\/progettotouring.it\/radiotouring104\/","logo":{"@type":"ImageObject","inLanguage":"it-IT","@id":"https:\/\/progettotouring.it\/radiotouring104\/#\/schema\/logo\/image\/","url":"https:\/\/progettotouring.it\/radiotouring104\/wp-content\/uploads\/sites\/6\/2022\/02\/cropped-logo-radio-touring-104.png","contentUrl":"https:\/\/progettotouring.it\/radiotouring104\/wp-content\/uploads\/sites\/6\/2022\/02\/cropped-logo-radio-touring-104.png","width":377,"height":182,"caption":"Radio Touring 104"},"image":{"@id":"https:\/\/progettotouring.it\/radiotouring104\/#\/schema\/logo\/image\/"}},{"@type":"Person","@id":"https:\/\/progettotouring.it\/radiotouring104\/#\/schema\/person\/78613917f1851f041f7483f5af1d422e","name":"Sebastiano Plutino","image":{"@type":"ImageObject","inLanguage":"it-IT","@id":"https:\/\/secure.gravatar.com\/avatar\/0546ffaa9b79224faf9f2a156b67a529ae861d3287c66c1d8ccfdf909bcba78d?s=96&d=mm&r=g","url":"https:\/\/secure.gravatar.com\/avatar\/0546ffaa9b79224faf9f2a156b67a529ae861d3287c66c1d8ccfdf909bcba78d?s=96&d=mm&r=g","contentUrl":"https:\/\/secure.gravatar.com\/avatar\/0546ffaa9b79224faf9f2a156b67a529ae861d3287c66c1d8ccfdf909bcba78d?s=96&d=mm&r=g","caption":"Sebastiano Plutino"},"url":"https:\/\/progettotouring.it\/radiotouring104\/author\/sebastiano\/"}]}},"jetpack_publicize_connections":[],"jetpack_featured_media_url":"https:\/\/progettotouring.it\/radiotouring104\/wp-content\/uploads\/sites\/6\/2023\/09\/sopralluogo-museo-del-mare.jpeg","jetpack_sharing_enabled":true,"_links":{"self":[{"href":"https:\/\/progettotouring.it\/radiotouring104\/wp-json\/wp\/v2\/posts\/34343","targetHints":{"allow":["GET"]}}],"collection":[{"href":"https:\/\/progettotouring.it\/radiotouring104\/wp-json\/wp\/v2\/posts"}],"about":[{"href":"https:\/\/progettotouring.it\/radiotouring104\/wp-json\/wp\/v2\/types\/post"}],"author":[{"embeddable":true,"href":"https:\/\/progettotouring.it\/radiotouring104\/wp-json\/wp\/v2\/users\/12"}],"replies":[{"embeddable":true,"href":"https:\/\/progettotouring.it\/radiotouring104\/wp-json\/wp\/v2\/comments?post=34343"}],"version-history":[{"count":2,"href":"https:\/\/progettotouring.it\/radiotouring104\/wp-json\/wp\/v2\/posts\/34343\/revisions"}],"predecessor-version":[{"id":34346,"href":"https:\/\/progettotouring.it\/radiotouring104\/wp-json\/wp\/v2\/posts\/34343\/revisions\/34346"}],"wp:featuredmedia":[{"embeddable":true,"href":"https:\/\/progettotouring.it\/radiotouring104\/wp-json\/wp\/v2\/media\/34344"}],"wp:attachment":[{"href":"https:\/\/progettotouring.it\/radiotouring104\/wp-json\/wp\/v2\/media?parent=34343"}],"wp:term":[{"taxonomy":"category","embeddable":true,"href":"https:\/\/progettotouring.it\/radiotouring104\/wp-json\/wp\/v2\/categories?post=34343"},{"taxonomy":"post_tag","embeddable":true,"href":"https:\/\/progettotouring.it\/radiotouring104\/wp-json\/wp\/v2\/tags?post=34343"}],"curies":[{"name":"wp","href":"https:\/\/api.w.org\/{rel}","templated":true}]}}