{"id":34347,"date":"2023-09-15T11:55:21","date_gmt":"2023-09-15T09:55:21","guid":{"rendered":"https:\/\/progettotouring.it\/radiotouring104\/?p=34347"},"modified":"2023-09-15T11:55:21","modified_gmt":"2023-09-15T09:55:21","slug":"gioia-tauro-vertice-in-prefettura-su-problematiche-quartiere-ciambra","status":"publish","type":"post","link":"https:\/\/progettotouring.it\/radiotouring104\/2023\/09\/15\/gioia-tauro-vertice-in-prefettura-su-problematiche-quartiere-ciambra\/","title":{"rendered":"Gioia Tauro: vertice in Prefettura su problematiche quartiere Ciambra"},"content":{"rendered":"<p style=\"text-align: justify\">Svolto ieri <strong>in Prefettura un incontro per fare il punto della situazione in merito agli interventi attivati per il superamento delle problematiche che interessano il quartiere \u201cCiambra\u201d di Gioia Tauro.<\/strong><\/p>\n<p style=\"text-align: justify\"><strong>Hanno partecipato<\/strong> <strong>alla riunione indetta dal Prefetto di Reggio<\/strong> Calabria l\u2019Assessore regionale alle Politiche Sociali, il Garante regionale della salute, il Sindaco di Gioia Tauro, il Dirigente del Dipartimento regionale Infrastrutture e LL.P., rappresentanti della Citt\u00e0 Metropolitana, delle Forze dell\u2019Ordine, dei Vigili del Fuoco, dell\u2019A.S.P., dell\u2019ARPACAL e dell\u2019ATERP nonch\u00e9 la CARITAS della Parrocchia di Sant\u2019Ippolito Martire di Gioia Tauro.<\/p>\n<p style=\"text-align: justify\">Nell\u2019occasione \u00e8 stato comunicato dal Sindaco di Gioia Tauro l\u2019imminente avvio di un intervento straordinario di pulizia e riqualificazione del sito, con rimozione e conferimento dei rifiuti, sistemazione di parte della rete stradale e ripristino\u00a0 del collettore fognario, grazie ad un finanziamento regionale a valere sui fondi PAC\u00a0 2007\/2013.<\/p>\n<p style=\"text-align: justify\">Illustrato dalla Citt\u00e0 Metropolitana lo stato della progettazione, attualmente in itinere, per la riqualificazione dell\u2019intera area, con demolizione, ricostruzione degli alloggi e realizzazione di aree e spazi comuni finalizzati a favorire la socializzazione e l\u2019inclusione, per la cui attuazione il Dipartimento regionale ai Lavori Pubblici\u00a0 verificher\u00e0 tutte le possibili fonti di finanziamento.<\/p>\n<p style=\"text-align: justify\">Preannunciata dalla <em>Garante regionale della salute<\/em> l\u2019intenzione di attivare, di concerto con il Dipartimento di Prevenzione dell\u2019ASP di Reggio Calabria, campagne di prevenzione e screening per monitorare la popolazione residente.<\/p>\n<p style=\"text-align: justify\">Approfonditi anche gli aspetti relativi alla frequenza scolastica, che non ha fatto emergere particolari criticit\u00e0, e sulla necessit\u00e0 di avviare progetti di inclusione nel tessuto sociale della comunit\u00e0 per i bambini e i ragazzi del quartiere.<\/p>\n<p style=\"text-align: justify\">A tal fine verranno organizzati a breve dal Sindaco di Gioia Tauro incontri con le realt\u00e0 religiose ed associative locali, anche sportive, per l\u2019individuazione di percorsi di integrazione.<\/p>\n<p style=\"text-align: justify\">Per monitorare l\u2019andamento delle attivit\u00e0 programmate, l\u2019incontro in Prefettura \u00e8 stato aggiornato al 24 ottobre p.v.<\/p>\n","protected":false},"excerpt":{"rendered":"<p>Svolto ieri in Prefettura un incontro per fare il punto della situazione in merito agli interventi attivati per il superamento delle problematiche che interessano il quartiere \u201cCiambra\u201d di Gioia Tauro.&hellip;<\/p>\n","protected":false},"author":12,"featured_media":34349,"comment_status":"closed","ping_status":"open","sticky":false,"template":"","format":"standard","meta":{"_jetpack_memberships_contains_paid_content":false,"footnotes":"","jetpack_publicize_message":"","jetpack_publicize_feature_enabled":true,"jetpack_social_post_already_shared":false,"jetpack_social_options":{"image_generator_settings":{"template":"highway","default_image_id":0,"font":"","enabled":false},"version":2}},"categories":[921,196,140],"tags":[21507,517,21503,21506,21504,21505,21508],"class_list":["post-34347","post","type-post","status-publish","format-standard","has-post-thumbnail","hentry","category-home","category-news","category-reggio-calabria","tag-garante-regionale-della-salute","tag-gioia-tauro","tag-incontro-prefettura","tag-lassessore-regionale-alle-politiche-sociali","tag-prefetto-reggio-calabria","tag-quartiere-ciambra","tag-sindaco-gioia-tauro"],"yoast_head":"<!-- This site is optimized with the Yoast SEO plugin v27.2 - https:\/\/yoast.com\/product\/yoast-seo-wordpress\/ -->\n<title>Gioia Tauro: vertice in Prefettura su problemi quartiere Ciambra<\/title>\n<meta name=\"description\" content=\"Tenuto in data odierna in Prefettura un incontro per il superamento problematiche che interessano il quartiere \u201cCiambra\u201d di Gioia Tauro\" \/>\n<meta name=\"robots\" content=\"index, follow, max-snippet:-1, max-image-preview:large, max-video-preview:-1\" \/>\n<link rel=\"canonical\" href=\"https:\/\/progettotouring.it\/radiotouring104\/2023\/09\/15\/gioia-tauro-vertice-in-prefettura-su-problematiche-quartiere-ciambra\/\" \/>\n<meta property=\"og:locale\" content=\"it_IT\" \/>\n<meta property=\"og:type\" content=\"article\" \/>\n<meta property=\"og:title\" content=\"Gioia Tauro: vertice in Prefettura su problemi quartiere Ciambra\" \/>\n<meta property=\"og:description\" content=\"Tenuto in data odierna in Prefettura un incontro per il superamento problematiche che interessano il quartiere \u201cCiambra\u201d di Gioia Tauro\" \/>\n<meta property=\"og:url\" content=\"https:\/\/progettotouring.it\/radiotouring104\/2023\/09\/15\/gioia-tauro-vertice-in-prefettura-su-problematiche-quartiere-ciambra\/\" \/>\n<meta property=\"og:site_name\" content=\"Radio Touring 104\" \/>\n<meta property=\"article:published_time\" content=\"2023-09-15T09:55:21+00:00\" \/>\n<meta property=\"og:image\" content=\"https:\/\/progettotouring.it\/radiotouring104\/wp-content\/uploads\/sites\/6\/2023\/09\/Quaratiere-Ciambra-Prefettura-Gioia-Tauro-Stanganelli-Mariani.jpg\" \/>\n\t<meta property=\"og:image:width\" content=\"1600\" \/>\n\t<meta property=\"og:image:height\" content=\"900\" \/>\n\t<meta property=\"og:image:type\" content=\"image\/jpeg\" \/>\n<meta name=\"author\" content=\"Sebastiano Plutino\" \/>\n<meta name=\"twitter:card\" content=\"summary_large_image\" \/>\n<meta name=\"twitter:label1\" content=\"Scritto da\" \/>\n\t<meta name=\"twitter:data1\" content=\"Sebastiano Plutino\" \/>\n\t<meta name=\"twitter:label2\" content=\"Tempo di lettura stimato\" \/>\n\t<meta name=\"twitter:data2\" content=\"2 minuti\" \/>\n<script type=\"application\/ld+json\" class=\"yoast-schema-graph\">{\"@context\":\"https:\/\/schema.org\",\"@graph\":[{\"@type\":\"Article\",\"@id\":\"https:\/\/progettotouring.it\/radiotouring104\/2023\/09\/15\/gioia-tauro-vertice-in-prefettura-su-problematiche-quartiere-ciambra\/#article\",\"isPartOf\":{\"@id\":\"https:\/\/progettotouring.it\/radiotouring104\/2023\/09\/15\/gioia-tauro-vertice-in-prefettura-su-problematiche-quartiere-ciambra\/\"},\"author\":{\"name\":\"Sebastiano Plutino\",\"@id\":\"https:\/\/progettotouring.it\/radiotouring104\/#\/schema\/person\/78613917f1851f041f7483f5af1d422e\"},\"headline\":\"Gioia Tauro: vertice in Prefettura su problematiche quartiere Ciambra\",\"datePublished\":\"2023-09-15T09:55:21+00:00\",\"mainEntityOfPage\":{\"@id\":\"https:\/\/progettotouring.it\/radiotouring104\/2023\/09\/15\/gioia-tauro-vertice-in-prefettura-su-problematiche-quartiere-ciambra\/\"},\"wordCount\":324,\"publisher\":{\"@id\":\"https:\/\/progettotouring.it\/radiotouring104\/#organization\"},\"image\":{\"@id\":\"https:\/\/progettotouring.it\/radiotouring104\/2023\/09\/15\/gioia-tauro-vertice-in-prefettura-su-problematiche-quartiere-ciambra\/#primaryimage\"},\"thumbnailUrl\":\"https:\/\/progettotouring.it\/radiotouring104\/wp-content\/uploads\/sites\/6\/2023\/09\/Quaratiere-Ciambra-Prefettura-Gioia-Tauro-Stanganelli-Mariani.jpg\",\"keywords\":[\"Garante regionale della salute\",\"Gioia Tauro\",\"incontro Prefettura\",\"l\u2019Assessore regionale alle Politiche Sociali\",\"Prefetto Reggio Calabria\",\"Quartiere Ciambra\",\"Sindaco Gioia Tauro\"],\"articleSection\":[\"Home\",\"News\",\"Reggio Calabria\"],\"inLanguage\":\"it-IT\"},{\"@type\":\"WebPage\",\"@id\":\"https:\/\/progettotouring.it\/radiotouring104\/2023\/09\/15\/gioia-tauro-vertice-in-prefettura-su-problematiche-quartiere-ciambra\/\",\"url\":\"https:\/\/progettotouring.it\/radiotouring104\/2023\/09\/15\/gioia-tauro-vertice-in-prefettura-su-problematiche-quartiere-ciambra\/\",\"name\":\"Gioia Tauro: vertice in Prefettura su problemi quartiere Ciambra\",\"isPartOf\":{\"@id\":\"https:\/\/progettotouring.it\/radiotouring104\/#website\"},\"primaryImageOfPage\":{\"@id\":\"https:\/\/progettotouring.it\/radiotouring104\/2023\/09\/15\/gioia-tauro-vertice-in-prefettura-su-problematiche-quartiere-ciambra\/#primaryimage\"},\"image\":{\"@id\":\"https:\/\/progettotouring.it\/radiotouring104\/2023\/09\/15\/gioia-tauro-vertice-in-prefettura-su-problematiche-quartiere-ciambra\/#primaryimage\"},\"thumbnailUrl\":\"https:\/\/progettotouring.it\/radiotouring104\/wp-content\/uploads\/sites\/6\/2023\/09\/Quaratiere-Ciambra-Prefettura-Gioia-Tauro-Stanganelli-Mariani.jpg\",\"datePublished\":\"2023-09-15T09:55:21+00:00\",\"description\":\"Tenuto in data odierna in Prefettura un incontro per il superamento problematiche che interessano il quartiere \u201cCiambra\u201d di Gioia Tauro\",\"breadcrumb\":{\"@id\":\"https:\/\/progettotouring.it\/radiotouring104\/2023\/09\/15\/gioia-tauro-vertice-in-prefettura-su-problematiche-quartiere-ciambra\/#breadcrumb\"},\"inLanguage\":\"it-IT\",\"potentialAction\":[{\"@type\":\"ReadAction\",\"target\":[\"https:\/\/progettotouring.it\/radiotouring104\/2023\/09\/15\/gioia-tauro-vertice-in-prefettura-su-problematiche-quartiere-ciambra\/\"]}]},{\"@type\":\"ImageObject\",\"inLanguage\":\"it-IT\",\"@id\":\"https:\/\/progettotouring.it\/radiotouring104\/2023\/09\/15\/gioia-tauro-vertice-in-prefettura-su-problematiche-quartiere-ciambra\/#primaryimage\",\"url\":\"https:\/\/progettotouring.it\/radiotouring104\/wp-content\/uploads\/sites\/6\/2023\/09\/Quaratiere-Ciambra-Prefettura-Gioia-Tauro-Stanganelli-Mariani.jpg\",\"contentUrl\":\"https:\/\/progettotouring.it\/radiotouring104\/wp-content\/uploads\/sites\/6\/2023\/09\/Quaratiere-Ciambra-Prefettura-Gioia-Tauro-Stanganelli-Mariani.jpg\",\"width\":1600,\"height\":900},{\"@type\":\"BreadcrumbList\",\"@id\":\"https:\/\/progettotouring.it\/radiotouring104\/2023\/09\/15\/gioia-tauro-vertice-in-prefettura-su-problematiche-quartiere-ciambra\/#breadcrumb\",\"itemListElement\":[{\"@type\":\"ListItem\",\"position\":1,\"name\":\"Home\",\"item\":\"https:\/\/progettotouring.it\/radiotouring104\/\"},{\"@type\":\"ListItem\",\"position\":2,\"name\":\"Gioia Tauro: vertice in Prefettura su problematiche quartiere Ciambra\"}]},{\"@type\":\"WebSite\",\"@id\":\"https:\/\/progettotouring.it\/radiotouring104\/#website\",\"url\":\"https:\/\/progettotouring.it\/radiotouring104\/\",\"name\":\"Radio Touring 104\",\"description\":\"La prima radio Reggina\",\"publisher\":{\"@id\":\"https:\/\/progettotouring.it\/radiotouring104\/#organization\"},\"potentialAction\":[{\"@type\":\"SearchAction\",\"target\":{\"@type\":\"EntryPoint\",\"urlTemplate\":\"https:\/\/progettotouring.it\/radiotouring104\/?s={search_term_string}\"},\"query-input\":{\"@type\":\"PropertyValueSpecification\",\"valueRequired\":true,\"valueName\":\"search_term_string\"}}],\"inLanguage\":\"it-IT\"},{\"@type\":\"Organization\",\"@id\":\"https:\/\/progettotouring.it\/radiotouring104\/#organization\",\"name\":\"Radio Touring 104\",\"url\":\"https:\/\/progettotouring.it\/radiotouring104\/\",\"logo\":{\"@type\":\"ImageObject\",\"inLanguage\":\"it-IT\",\"@id\":\"https:\/\/progettotouring.it\/radiotouring104\/#\/schema\/logo\/image\/\",\"url\":\"https:\/\/progettotouring.it\/radiotouring104\/wp-content\/uploads\/sites\/6\/2022\/02\/cropped-logo-radio-touring-104.png\",\"contentUrl\":\"https:\/\/progettotouring.it\/radiotouring104\/wp-content\/uploads\/sites\/6\/2022\/02\/cropped-logo-radio-touring-104.png\",\"width\":377,\"height\":182,\"caption\":\"Radio Touring 104\"},\"image\":{\"@id\":\"https:\/\/progettotouring.it\/radiotouring104\/#\/schema\/logo\/image\/\"}},{\"@type\":\"Person\",\"@id\":\"https:\/\/progettotouring.it\/radiotouring104\/#\/schema\/person\/78613917f1851f041f7483f5af1d422e\",\"name\":\"Sebastiano Plutino\",\"image\":{\"@type\":\"ImageObject\",\"inLanguage\":\"it-IT\",\"@id\":\"https:\/\/secure.gravatar.com\/avatar\/0546ffaa9b79224faf9f2a156b67a529ae861d3287c66c1d8ccfdf909bcba78d?s=96&d=mm&r=g\",\"url\":\"https:\/\/secure.gravatar.com\/avatar\/0546ffaa9b79224faf9f2a156b67a529ae861d3287c66c1d8ccfdf909bcba78d?s=96&d=mm&r=g\",\"contentUrl\":\"https:\/\/secure.gravatar.com\/avatar\/0546ffaa9b79224faf9f2a156b67a529ae861d3287c66c1d8ccfdf909bcba78d?s=96&d=mm&r=g\",\"caption\":\"Sebastiano Plutino\"},\"url\":\"https:\/\/progettotouring.it\/radiotouring104\/author\/sebastiano\/\"}]}<\/script>\n<!-- \/ Yoast SEO plugin. -->","yoast_head_json":{"title":"Gioia Tauro: vertice in Prefettura su problemi quartiere Ciambra","description":"Tenuto in data odierna in Prefettura un incontro per il superamento problematiche che interessano il quartiere \u201cCiambra\u201d di Gioia Tauro","robots":{"index":"index","follow":"follow","max-snippet":"max-snippet:-1","max-image-preview":"max-image-preview:large","max-video-preview":"max-video-preview:-1"},"canonical":"https:\/\/progettotouring.it\/radiotouring104\/2023\/09\/15\/gioia-tauro-vertice-in-prefettura-su-problematiche-quartiere-ciambra\/","og_locale":"it_IT","og_type":"article","og_title":"Gioia Tauro: vertice in Prefettura su problemi quartiere Ciambra","og_description":"Tenuto in data odierna in Prefettura un incontro per il superamento problematiche che interessano il quartiere \u201cCiambra\u201d di Gioia Tauro","og_url":"https:\/\/progettotouring.it\/radiotouring104\/2023\/09\/15\/gioia-tauro-vertice-in-prefettura-su-problematiche-quartiere-ciambra\/","og_site_name":"Radio Touring 104","article_published_time":"2023-09-15T09:55:21+00:00","og_image":[{"width":1600,"height":900,"url":"https:\/\/progettotouring.it\/radiotouring104\/wp-content\/uploads\/sites\/6\/2023\/09\/Quaratiere-Ciambra-Prefettura-Gioia-Tauro-Stanganelli-Mariani.jpg","type":"image\/jpeg"}],"author":"Sebastiano Plutino","twitter_card":"summary_large_image","twitter_misc":{"Scritto da":"Sebastiano Plutino","Tempo di lettura stimato":"2 minuti"},"schema":{"@context":"https:\/\/schema.org","@graph":[{"@type":"Article","@id":"https:\/\/progettotouring.it\/radiotouring104\/2023\/09\/15\/gioia-tauro-vertice-in-prefettura-su-problematiche-quartiere-ciambra\/#article","isPartOf":{"@id":"https:\/\/progettotouring.it\/radiotouring104\/2023\/09\/15\/gioia-tauro-vertice-in-prefettura-su-problematiche-quartiere-ciambra\/"},"author":{"name":"Sebastiano Plutino","@id":"https:\/\/progettotouring.it\/radiotouring104\/#\/schema\/person\/78613917f1851f041f7483f5af1d422e"},"headline":"Gioia Tauro: vertice in Prefettura su problematiche quartiere Ciambra","datePublished":"2023-09-15T09:55:21+00:00","mainEntityOfPage":{"@id":"https:\/\/progettotouring.it\/radiotouring104\/2023\/09\/15\/gioia-tauro-vertice-in-prefettura-su-problematiche-quartiere-ciambra\/"},"wordCount":324,"publisher":{"@id":"https:\/\/progettotouring.it\/radiotouring104\/#organization"},"image":{"@id":"https:\/\/progettotouring.it\/radiotouring104\/2023\/09\/15\/gioia-tauro-vertice-in-prefettura-su-problematiche-quartiere-ciambra\/#primaryimage"},"thumbnailUrl":"https:\/\/progettotouring.it\/radiotouring104\/wp-content\/uploads\/sites\/6\/2023\/09\/Quaratiere-Ciambra-Prefettura-Gioia-Tauro-Stanganelli-Mariani.jpg","keywords":["Garante regionale della salute","Gioia Tauro","incontro Prefettura","l\u2019Assessore regionale alle Politiche Sociali","Prefetto Reggio Calabria","Quartiere Ciambra","Sindaco Gioia Tauro"],"articleSection":["Home","News","Reggio Calabria"],"inLanguage":"it-IT"},{"@type":"WebPage","@id":"https:\/\/progettotouring.it\/radiotouring104\/2023\/09\/15\/gioia-tauro-vertice-in-prefettura-su-problematiche-quartiere-ciambra\/","url":"https:\/\/progettotouring.it\/radiotouring104\/2023\/09\/15\/gioia-tauro-vertice-in-prefettura-su-problematiche-quartiere-ciambra\/","name":"Gioia Tauro: vertice in Prefettura su problemi quartiere Ciambra","isPartOf":{"@id":"https:\/\/progettotouring.it\/radiotouring104\/#website"},"primaryImageOfPage":{"@id":"https:\/\/progettotouring.it\/radiotouring104\/2023\/09\/15\/gioia-tauro-vertice-in-prefettura-su-problematiche-quartiere-ciambra\/#primaryimage"},"image":{"@id":"https:\/\/progettotouring.it\/radiotouring104\/2023\/09\/15\/gioia-tauro-vertice-in-prefettura-su-problematiche-quartiere-ciambra\/#primaryimage"},"thumbnailUrl":"https:\/\/progettotouring.it\/radiotouring104\/wp-content\/uploads\/sites\/6\/2023\/09\/Quaratiere-Ciambra-Prefettura-Gioia-Tauro-Stanganelli-Mariani.jpg","datePublished":"2023-09-15T09:55:21+00:00","description":"Tenuto in data odierna in Prefettura un incontro per il superamento problematiche che interessano il quartiere \u201cCiambra\u201d di Gioia Tauro","breadcrumb":{"@id":"https:\/\/progettotouring.it\/radiotouring104\/2023\/09\/15\/gioia-tauro-vertice-in-prefettura-su-problematiche-quartiere-ciambra\/#breadcrumb"},"inLanguage":"it-IT","potentialAction":[{"@type":"ReadAction","target":["https:\/\/progettotouring.it\/radiotouring104\/2023\/09\/15\/gioia-tauro-vertice-in-prefettura-su-problematiche-quartiere-ciambra\/"]}]},{"@type":"ImageObject","inLanguage":"it-IT","@id":"https:\/\/progettotouring.it\/radiotouring104\/2023\/09\/15\/gioia-tauro-vertice-in-prefettura-su-problematiche-quartiere-ciambra\/#primaryimage","url":"https:\/\/progettotouring.it\/radiotouring104\/wp-content\/uploads\/sites\/6\/2023\/09\/Quaratiere-Ciambra-Prefettura-Gioia-Tauro-Stanganelli-Mariani.jpg","contentUrl":"https:\/\/progettotouring.it\/radiotouring104\/wp-content\/uploads\/sites\/6\/2023\/09\/Quaratiere-Ciambra-Prefettura-Gioia-Tauro-Stanganelli-Mariani.jpg","width":1600,"height":900},{"@type":"BreadcrumbList","@id":"https:\/\/progettotouring.it\/radiotouring104\/2023\/09\/15\/gioia-tauro-vertice-in-prefettura-su-problematiche-quartiere-ciambra\/#breadcrumb","itemListElement":[{"@type":"ListItem","position":1,"name":"Home","item":"https:\/\/progettotouring.it\/radiotouring104\/"},{"@type":"ListItem","position":2,"name":"Gioia Tauro: vertice in Prefettura su problematiche quartiere Ciambra"}]},{"@type":"WebSite","@id":"https:\/\/progettotouring.it\/radiotouring104\/#website","url":"https:\/\/progettotouring.it\/radiotouring104\/","name":"Radio Touring 104","description":"La prima radio Reggina","publisher":{"@id":"https:\/\/progettotouring.it\/radiotouring104\/#organization"},"potentialAction":[{"@type":"SearchAction","target":{"@type":"EntryPoint","urlTemplate":"https:\/\/progettotouring.it\/radiotouring104\/?s={search_term_string}"},"query-input":{"@type":"PropertyValueSpecification","valueRequired":true,"valueName":"search_term_string"}}],"inLanguage":"it-IT"},{"@type":"Organization","@id":"https:\/\/progettotouring.it\/radiotouring104\/#organization","name":"Radio Touring 104","url":"https:\/\/progettotouring.it\/radiotouring104\/","logo":{"@type":"ImageObject","inLanguage":"it-IT","@id":"https:\/\/progettotouring.it\/radiotouring104\/#\/schema\/logo\/image\/","url":"https:\/\/progettotouring.it\/radiotouring104\/wp-content\/uploads\/sites\/6\/2022\/02\/cropped-logo-radio-touring-104.png","contentUrl":"https:\/\/progettotouring.it\/radiotouring104\/wp-content\/uploads\/sites\/6\/2022\/02\/cropped-logo-radio-touring-104.png","width":377,"height":182,"caption":"Radio Touring 104"},"image":{"@id":"https:\/\/progettotouring.it\/radiotouring104\/#\/schema\/logo\/image\/"}},{"@type":"Person","@id":"https:\/\/progettotouring.it\/radiotouring104\/#\/schema\/person\/78613917f1851f041f7483f5af1d422e","name":"Sebastiano Plutino","image":{"@type":"ImageObject","inLanguage":"it-IT","@id":"https:\/\/secure.gravatar.com\/avatar\/0546ffaa9b79224faf9f2a156b67a529ae861d3287c66c1d8ccfdf909bcba78d?s=96&d=mm&r=g","url":"https:\/\/secure.gravatar.com\/avatar\/0546ffaa9b79224faf9f2a156b67a529ae861d3287c66c1d8ccfdf909bcba78d?s=96&d=mm&r=g","contentUrl":"https:\/\/secure.gravatar.com\/avatar\/0546ffaa9b79224faf9f2a156b67a529ae861d3287c66c1d8ccfdf909bcba78d?s=96&d=mm&r=g","caption":"Sebastiano Plutino"},"url":"https:\/\/progettotouring.it\/radiotouring104\/author\/sebastiano\/"}]}},"jetpack_publicize_connections":[],"jetpack_featured_media_url":"https:\/\/progettotouring.it\/radiotouring104\/wp-content\/uploads\/sites\/6\/2023\/09\/Quaratiere-Ciambra-Prefettura-Gioia-Tauro-Stanganelli-Mariani.jpg","jetpack_sharing_enabled":true,"_links":{"self":[{"href":"https:\/\/progettotouring.it\/radiotouring104\/wp-json\/wp\/v2\/posts\/34347","targetHints":{"allow":["GET"]}}],"collection":[{"href":"https:\/\/progettotouring.it\/radiotouring104\/wp-json\/wp\/v2\/posts"}],"about":[{"href":"https:\/\/progettotouring.it\/radiotouring104\/wp-json\/wp\/v2\/types\/post"}],"author":[{"embeddable":true,"href":"https:\/\/progettotouring.it\/radiotouring104\/wp-json\/wp\/v2\/users\/12"}],"replies":[{"embeddable":true,"href":"https:\/\/progettotouring.it\/radiotouring104\/wp-json\/wp\/v2\/comments?post=34347"}],"version-history":[{"count":1,"href":"https:\/\/progettotouring.it\/radiotouring104\/wp-json\/wp\/v2\/posts\/34347\/revisions"}],"predecessor-version":[{"id":34350,"href":"https:\/\/progettotouring.it\/radiotouring104\/wp-json\/wp\/v2\/posts\/34347\/revisions\/34350"}],"wp:featuredmedia":[{"embeddable":true,"href":"https:\/\/progettotouring.it\/radiotouring104\/wp-json\/wp\/v2\/media\/34349"}],"wp:attachment":[{"href":"https:\/\/progettotouring.it\/radiotouring104\/wp-json\/wp\/v2\/media?parent=34347"}],"wp:term":[{"taxonomy":"category","embeddable":true,"href":"https:\/\/progettotouring.it\/radiotouring104\/wp-json\/wp\/v2\/categories?post=34347"},{"taxonomy":"post_tag","embeddable":true,"href":"https:\/\/progettotouring.it\/radiotouring104\/wp-json\/wp\/v2\/tags?post=34347"}],"curies":[{"name":"wp","href":"https:\/\/api.w.org\/{rel}","templated":true}]}}