{"id":34359,"date":"2023-09-15T12:48:55","date_gmt":"2023-09-15T10:48:55","guid":{"rendered":"https:\/\/progettotouring.it\/radiotouring104\/?p=34359"},"modified":"2023-09-15T12:48:55","modified_gmt":"2023-09-15T10:48:55","slug":"migranti-saccomanno-lega-ministro-salvini-lungimirante-a-prevedere-il-collasso-per-sbarchi-incontrollati","status":"publish","type":"post","link":"https:\/\/progettotouring.it\/radiotouring104\/2023\/09\/15\/migranti-saccomanno-lega-ministro-salvini-lungimirante-a-prevedere-il-collasso-per-sbarchi-incontrollati\/","title":{"rendered":"Migranti, Saccomanno (Lega): &#8220;Ministro Salvini lungimirante a prevedere il collasso per sbarchi incontrollati&#8221;"},"content":{"rendered":"<div dir=\"auto\" style=\"text-align: justify\"><em>&#8220;Il vice premier Matteo Salvini \u00e8 stato un protagonista unico nella storia della Repubblica Italiana per la sua lotta contro il traffico di migranti. Tuttavia, \u00e8 anche l&#8217;unico ministro ad essere finito sotto processo per aver difeso i confini italiani. Questo paradossale scenario, come direbbe il Generale Vannacci, sembra indicare che il mondo stia andando al contrario. Il ministro Salvini ha dimostrato una notevole lungimiranza nel prevedere che gli sbarchi incontrollati avrebbero portato al caos nelle aree colpite. Ha riconosciuto che, per contrastare la denatalit\u00e0 e la migrazione dei giovani italiani all&#8217;estero, \u00e8 necessario promuovere l&#8217;integrazione fraterna dei migranti nella nostra popolazione. \u00c8 importante sottolineare che anche paesi come la Germania e la Francia hanno adottato politiche di chiusura delle frontiere, il che rende ancora pi\u00f9 cruciale una gestione oculata dei flussi migratori per favorire la nostra economia.\u00a0<\/em><\/div>\n<div dir=\"auto\" style=\"text-align: justify\"><\/div>\n<div dir=\"auto\" style=\"text-align: justify\"><em>Tuttavia, per migliorare ulteriormente la situazione, \u00e8 necessario un approccio equilibrato che tenga conto sia delle esigenze dei migranti che della societ\u00e0 italiana. \u00c8 fondamentale garantire un&#8217;adeguata integrazione sociale ed economica per i migranti, al fine di sfruttare appieno il loro potenziale contributivo. Allo stesso tempo, \u00e8 importante adottare politiche che promuovano la formazione e l&#8217;occupazione dei giovani italiani, al fine di ridurre la migrazione interna. Inoltre, \u00e8 essenziale collaborare con gli altri paesi europei per affrontare la questione migratoria in modo coordinato. L&#8217;Italia non pu\u00f2 affrontare da sola questa sfida, e quindi \u00e8 necessario un dialogo e una cooperazione internazionale per trovare soluzioni comuni.\u00a0<\/em><\/div>\n<div dir=\"auto\" style=\"text-align: justify\"><em>Solo attraverso un approccio multilaterale e solidale sar\u00e0 possibile gestire efficacemente i flussi migratori e garantire una convivenza pacifica e prospera per tutti. In conclusione, il vice premier Matteo Salvini ha svolto un ruolo unico nella lotta contro il traffico di migranti, ma \u00e8 importante adottare un approccio bilanciato che tenga conto delle esigenze di entrambe le parti coinvolte.\u00a0<\/em><\/div>\n<div dir=\"auto\" style=\"text-align: justify\"><em>Solo attraverso una gestione oculata dei flussi migratori e una collaborazione internazionale sar\u00e0 possibile favorire l&#8217;integrazione e promuovere lo sviluppo economico del nostro paese.&#8221;<\/em><\/div>\n","protected":false},"excerpt":{"rendered":"<p>&#8220;Il vice premier Matteo Salvini \u00e8 stato un protagonista unico nella storia della Repubblica Italiana per la sua lotta contro il traffico di migranti. Tuttavia, \u00e8 anche l&#8217;unico ministro ad&hellip;<\/p>\n","protected":false},"author":12,"featured_media":24140,"comment_status":"closed","ping_status":"open","sticky":false,"template":"","format":"standard","meta":{"_jetpack_memberships_contains_paid_content":false,"footnotes":"","jetpack_publicize_message":"","jetpack_publicize_feature_enabled":true,"jetpack_social_post_already_shared":false,"jetpack_social_options":{"image_generator_settings":{"template":"highway","default_image_id":0,"font":"","enabled":false},"version":2}},"categories":[142,921,196],"tags":[11021,21514,3953,21513],"class_list":["post-34359","post","type-post","status-publish","format-standard","has-post-thumbnail","hentry","category-calabria","category-home","category-news","tag-giacomo-francesco-saccomanno","tag-lungimiranza-salvini-su-sbarchi","tag-matteo-salvini","tag-sbarchi-incontrollati"],"yoast_head":"<!-- This site is optimized with the Yoast SEO plugin v27.2 - https:\/\/yoast.com\/product\/yoast-seo-wordpress\/ -->\n<title>Saccomanno marca lungimiranza Salvini su sbarchi incontrollati<\/title>\n<meta name=\"description\" content=\"Comunicato del Commissario Regionale della Lega, Saccomanno in cui sottolinea lungimiranza del Ministro nel prevedere sbarchi incontrollati\" \/>\n<meta name=\"robots\" content=\"index, follow, max-snippet:-1, max-image-preview:large, max-video-preview:-1\" \/>\n<link rel=\"canonical\" href=\"https:\/\/progettotouring.it\/radiotouring104\/2023\/09\/15\/migranti-saccomanno-lega-ministro-salvini-lungimirante-a-prevedere-il-collasso-per-sbarchi-incontrollati\/\" \/>\n<meta property=\"og:locale\" content=\"it_IT\" \/>\n<meta property=\"og:type\" content=\"article\" \/>\n<meta property=\"og:title\" content=\"Saccomanno marca lungimiranza Salvini su sbarchi incontrollati\" \/>\n<meta property=\"og:description\" content=\"Comunicato del Commissario Regionale della Lega, Saccomanno in cui sottolinea lungimiranza del Ministro nel prevedere sbarchi incontrollati\" \/>\n<meta property=\"og:url\" content=\"https:\/\/progettotouring.it\/radiotouring104\/2023\/09\/15\/migranti-saccomanno-lega-ministro-salvini-lungimirante-a-prevedere-il-collasso-per-sbarchi-incontrollati\/\" \/>\n<meta property=\"og:site_name\" content=\"Radio Touring 104\" \/>\n<meta property=\"article:published_time\" content=\"2023-09-15T10:48:55+00:00\" \/>\n<meta property=\"og:image\" content=\"https:\/\/progettotouring.it\/radiotouring104\/wp-content\/uploads\/sites\/6\/2023\/04\/Saccomanno.jpg\" \/>\n\t<meta property=\"og:image:width\" content=\"344\" \/>\n\t<meta property=\"og:image:height\" content=\"324\" \/>\n\t<meta property=\"og:image:type\" content=\"image\/jpeg\" \/>\n<meta name=\"author\" content=\"Sebastiano Plutino\" \/>\n<meta name=\"twitter:card\" content=\"summary_large_image\" \/>\n<meta name=\"twitter:label1\" content=\"Scritto da\" \/>\n\t<meta name=\"twitter:data1\" content=\"Sebastiano Plutino\" \/>\n\t<meta name=\"twitter:label2\" content=\"Tempo di lettura stimato\" \/>\n\t<meta name=\"twitter:data2\" content=\"2 minuti\" \/>\n<script type=\"application\/ld+json\" class=\"yoast-schema-graph\">{\"@context\":\"https:\/\/schema.org\",\"@graph\":[{\"@type\":\"Article\",\"@id\":\"https:\/\/progettotouring.it\/radiotouring104\/2023\/09\/15\/migranti-saccomanno-lega-ministro-salvini-lungimirante-a-prevedere-il-collasso-per-sbarchi-incontrollati\/#article\",\"isPartOf\":{\"@id\":\"https:\/\/progettotouring.it\/radiotouring104\/2023\/09\/15\/migranti-saccomanno-lega-ministro-salvini-lungimirante-a-prevedere-il-collasso-per-sbarchi-incontrollati\/\"},\"author\":{\"name\":\"Sebastiano Plutino\",\"@id\":\"https:\/\/progettotouring.it\/radiotouring104\/#\/schema\/person\/78613917f1851f041f7483f5af1d422e\"},\"headline\":\"Migranti, Saccomanno (Lega): &#8220;Ministro Salvini lungimirante a prevedere il collasso per sbarchi incontrollati&#8221;\",\"datePublished\":\"2023-09-15T10:48:55+00:00\",\"mainEntityOfPage\":{\"@id\":\"https:\/\/progettotouring.it\/radiotouring104\/2023\/09\/15\/migranti-saccomanno-lega-ministro-salvini-lungimirante-a-prevedere-il-collasso-per-sbarchi-incontrollati\/\"},\"wordCount\":329,\"publisher\":{\"@id\":\"https:\/\/progettotouring.it\/radiotouring104\/#organization\"},\"image\":{\"@id\":\"https:\/\/progettotouring.it\/radiotouring104\/2023\/09\/15\/migranti-saccomanno-lega-ministro-salvini-lungimirante-a-prevedere-il-collasso-per-sbarchi-incontrollati\/#primaryimage\"},\"thumbnailUrl\":\"https:\/\/progettotouring.it\/radiotouring104\/wp-content\/uploads\/sites\/6\/2023\/04\/Saccomanno.jpg\",\"keywords\":[\"Giacomo Francesco Saccomanno\",\"lungimiranza Salvini su sbarchi\",\"Matteo Salvini\",\"sbarchi incontrollati\"],\"articleSection\":[\"Calabria\",\"Home\",\"News\"],\"inLanguage\":\"it-IT\"},{\"@type\":\"WebPage\",\"@id\":\"https:\/\/progettotouring.it\/radiotouring104\/2023\/09\/15\/migranti-saccomanno-lega-ministro-salvini-lungimirante-a-prevedere-il-collasso-per-sbarchi-incontrollati\/\",\"url\":\"https:\/\/progettotouring.it\/radiotouring104\/2023\/09\/15\/migranti-saccomanno-lega-ministro-salvini-lungimirante-a-prevedere-il-collasso-per-sbarchi-incontrollati\/\",\"name\":\"Saccomanno marca lungimiranza Salvini su sbarchi incontrollati\",\"isPartOf\":{\"@id\":\"https:\/\/progettotouring.it\/radiotouring104\/#website\"},\"primaryImageOfPage\":{\"@id\":\"https:\/\/progettotouring.it\/radiotouring104\/2023\/09\/15\/migranti-saccomanno-lega-ministro-salvini-lungimirante-a-prevedere-il-collasso-per-sbarchi-incontrollati\/#primaryimage\"},\"image\":{\"@id\":\"https:\/\/progettotouring.it\/radiotouring104\/2023\/09\/15\/migranti-saccomanno-lega-ministro-salvini-lungimirante-a-prevedere-il-collasso-per-sbarchi-incontrollati\/#primaryimage\"},\"thumbnailUrl\":\"https:\/\/progettotouring.it\/radiotouring104\/wp-content\/uploads\/sites\/6\/2023\/04\/Saccomanno.jpg\",\"datePublished\":\"2023-09-15T10:48:55+00:00\",\"description\":\"Comunicato del Commissario Regionale della Lega, Saccomanno in cui sottolinea lungimiranza del Ministro nel prevedere sbarchi incontrollati\",\"breadcrumb\":{\"@id\":\"https:\/\/progettotouring.it\/radiotouring104\/2023\/09\/15\/migranti-saccomanno-lega-ministro-salvini-lungimirante-a-prevedere-il-collasso-per-sbarchi-incontrollati\/#breadcrumb\"},\"inLanguage\":\"it-IT\",\"potentialAction\":[{\"@type\":\"ReadAction\",\"target\":[\"https:\/\/progettotouring.it\/radiotouring104\/2023\/09\/15\/migranti-saccomanno-lega-ministro-salvini-lungimirante-a-prevedere-il-collasso-per-sbarchi-incontrollati\/\"]}]},{\"@type\":\"ImageObject\",\"inLanguage\":\"it-IT\",\"@id\":\"https:\/\/progettotouring.it\/radiotouring104\/2023\/09\/15\/migranti-saccomanno-lega-ministro-salvini-lungimirante-a-prevedere-il-collasso-per-sbarchi-incontrollati\/#primaryimage\",\"url\":\"https:\/\/progettotouring.it\/radiotouring104\/wp-content\/uploads\/sites\/6\/2023\/04\/Saccomanno.jpg\",\"contentUrl\":\"https:\/\/progettotouring.it\/radiotouring104\/wp-content\/uploads\/sites\/6\/2023\/04\/Saccomanno.jpg\",\"width\":344,\"height\":324},{\"@type\":\"BreadcrumbList\",\"@id\":\"https:\/\/progettotouring.it\/radiotouring104\/2023\/09\/15\/migranti-saccomanno-lega-ministro-salvini-lungimirante-a-prevedere-il-collasso-per-sbarchi-incontrollati\/#breadcrumb\",\"itemListElement\":[{\"@type\":\"ListItem\",\"position\":1,\"name\":\"Home\",\"item\":\"https:\/\/progettotouring.it\/radiotouring104\/\"},{\"@type\":\"ListItem\",\"position\":2,\"name\":\"Migranti, Saccomanno (Lega): &#8220;Ministro Salvini lungimirante a prevedere il collasso per sbarchi incontrollati&#8221;\"}]},{\"@type\":\"WebSite\",\"@id\":\"https:\/\/progettotouring.it\/radiotouring104\/#website\",\"url\":\"https:\/\/progettotouring.it\/radiotouring104\/\",\"name\":\"Radio Touring 104\",\"description\":\"La prima radio Reggina\",\"publisher\":{\"@id\":\"https:\/\/progettotouring.it\/radiotouring104\/#organization\"},\"potentialAction\":[{\"@type\":\"SearchAction\",\"target\":{\"@type\":\"EntryPoint\",\"urlTemplate\":\"https:\/\/progettotouring.it\/radiotouring104\/?s={search_term_string}\"},\"query-input\":{\"@type\":\"PropertyValueSpecification\",\"valueRequired\":true,\"valueName\":\"search_term_string\"}}],\"inLanguage\":\"it-IT\"},{\"@type\":\"Organization\",\"@id\":\"https:\/\/progettotouring.it\/radiotouring104\/#organization\",\"name\":\"Radio Touring 104\",\"url\":\"https:\/\/progettotouring.it\/radiotouring104\/\",\"logo\":{\"@type\":\"ImageObject\",\"inLanguage\":\"it-IT\",\"@id\":\"https:\/\/progettotouring.it\/radiotouring104\/#\/schema\/logo\/image\/\",\"url\":\"https:\/\/progettotouring.it\/radiotouring104\/wp-content\/uploads\/sites\/6\/2022\/02\/cropped-logo-radio-touring-104.png\",\"contentUrl\":\"https:\/\/progettotouring.it\/radiotouring104\/wp-content\/uploads\/sites\/6\/2022\/02\/cropped-logo-radio-touring-104.png\",\"width\":377,\"height\":182,\"caption\":\"Radio Touring 104\"},\"image\":{\"@id\":\"https:\/\/progettotouring.it\/radiotouring104\/#\/schema\/logo\/image\/\"}},{\"@type\":\"Person\",\"@id\":\"https:\/\/progettotouring.it\/radiotouring104\/#\/schema\/person\/78613917f1851f041f7483f5af1d422e\",\"name\":\"Sebastiano Plutino\",\"image\":{\"@type\":\"ImageObject\",\"inLanguage\":\"it-IT\",\"@id\":\"https:\/\/secure.gravatar.com\/avatar\/0546ffaa9b79224faf9f2a156b67a529ae861d3287c66c1d8ccfdf909bcba78d?s=96&d=mm&r=g\",\"url\":\"https:\/\/secure.gravatar.com\/avatar\/0546ffaa9b79224faf9f2a156b67a529ae861d3287c66c1d8ccfdf909bcba78d?s=96&d=mm&r=g\",\"contentUrl\":\"https:\/\/secure.gravatar.com\/avatar\/0546ffaa9b79224faf9f2a156b67a529ae861d3287c66c1d8ccfdf909bcba78d?s=96&d=mm&r=g\",\"caption\":\"Sebastiano Plutino\"},\"url\":\"https:\/\/progettotouring.it\/radiotouring104\/author\/sebastiano\/\"}]}<\/script>\n<!-- \/ Yoast SEO plugin. -->","yoast_head_json":{"title":"Saccomanno marca lungimiranza Salvini su sbarchi incontrollati","description":"Comunicato del Commissario Regionale della Lega, Saccomanno in cui sottolinea lungimiranza del Ministro nel prevedere sbarchi incontrollati","robots":{"index":"index","follow":"follow","max-snippet":"max-snippet:-1","max-image-preview":"max-image-preview:large","max-video-preview":"max-video-preview:-1"},"canonical":"https:\/\/progettotouring.it\/radiotouring104\/2023\/09\/15\/migranti-saccomanno-lega-ministro-salvini-lungimirante-a-prevedere-il-collasso-per-sbarchi-incontrollati\/","og_locale":"it_IT","og_type":"article","og_title":"Saccomanno marca lungimiranza Salvini su sbarchi incontrollati","og_description":"Comunicato del Commissario Regionale della Lega, Saccomanno in cui sottolinea lungimiranza del Ministro nel prevedere sbarchi incontrollati","og_url":"https:\/\/progettotouring.it\/radiotouring104\/2023\/09\/15\/migranti-saccomanno-lega-ministro-salvini-lungimirante-a-prevedere-il-collasso-per-sbarchi-incontrollati\/","og_site_name":"Radio Touring 104","article_published_time":"2023-09-15T10:48:55+00:00","og_image":[{"width":344,"height":324,"url":"https:\/\/progettotouring.it\/radiotouring104\/wp-content\/uploads\/sites\/6\/2023\/04\/Saccomanno.jpg","type":"image\/jpeg"}],"author":"Sebastiano Plutino","twitter_card":"summary_large_image","twitter_misc":{"Scritto da":"Sebastiano Plutino","Tempo di lettura stimato":"2 minuti"},"schema":{"@context":"https:\/\/schema.org","@graph":[{"@type":"Article","@id":"https:\/\/progettotouring.it\/radiotouring104\/2023\/09\/15\/migranti-saccomanno-lega-ministro-salvini-lungimirante-a-prevedere-il-collasso-per-sbarchi-incontrollati\/#article","isPartOf":{"@id":"https:\/\/progettotouring.it\/radiotouring104\/2023\/09\/15\/migranti-saccomanno-lega-ministro-salvini-lungimirante-a-prevedere-il-collasso-per-sbarchi-incontrollati\/"},"author":{"name":"Sebastiano Plutino","@id":"https:\/\/progettotouring.it\/radiotouring104\/#\/schema\/person\/78613917f1851f041f7483f5af1d422e"},"headline":"Migranti, Saccomanno (Lega): &#8220;Ministro Salvini lungimirante a prevedere il collasso per sbarchi incontrollati&#8221;","datePublished":"2023-09-15T10:48:55+00:00","mainEntityOfPage":{"@id":"https:\/\/progettotouring.it\/radiotouring104\/2023\/09\/15\/migranti-saccomanno-lega-ministro-salvini-lungimirante-a-prevedere-il-collasso-per-sbarchi-incontrollati\/"},"wordCount":329,"publisher":{"@id":"https:\/\/progettotouring.it\/radiotouring104\/#organization"},"image":{"@id":"https:\/\/progettotouring.it\/radiotouring104\/2023\/09\/15\/migranti-saccomanno-lega-ministro-salvini-lungimirante-a-prevedere-il-collasso-per-sbarchi-incontrollati\/#primaryimage"},"thumbnailUrl":"https:\/\/progettotouring.it\/radiotouring104\/wp-content\/uploads\/sites\/6\/2023\/04\/Saccomanno.jpg","keywords":["Giacomo Francesco Saccomanno","lungimiranza Salvini su sbarchi","Matteo Salvini","sbarchi incontrollati"],"articleSection":["Calabria","Home","News"],"inLanguage":"it-IT"},{"@type":"WebPage","@id":"https:\/\/progettotouring.it\/radiotouring104\/2023\/09\/15\/migranti-saccomanno-lega-ministro-salvini-lungimirante-a-prevedere-il-collasso-per-sbarchi-incontrollati\/","url":"https:\/\/progettotouring.it\/radiotouring104\/2023\/09\/15\/migranti-saccomanno-lega-ministro-salvini-lungimirante-a-prevedere-il-collasso-per-sbarchi-incontrollati\/","name":"Saccomanno marca lungimiranza Salvini su sbarchi incontrollati","isPartOf":{"@id":"https:\/\/progettotouring.it\/radiotouring104\/#website"},"primaryImageOfPage":{"@id":"https:\/\/progettotouring.it\/radiotouring104\/2023\/09\/15\/migranti-saccomanno-lega-ministro-salvini-lungimirante-a-prevedere-il-collasso-per-sbarchi-incontrollati\/#primaryimage"},"image":{"@id":"https:\/\/progettotouring.it\/radiotouring104\/2023\/09\/15\/migranti-saccomanno-lega-ministro-salvini-lungimirante-a-prevedere-il-collasso-per-sbarchi-incontrollati\/#primaryimage"},"thumbnailUrl":"https:\/\/progettotouring.it\/radiotouring104\/wp-content\/uploads\/sites\/6\/2023\/04\/Saccomanno.jpg","datePublished":"2023-09-15T10:48:55+00:00","description":"Comunicato del Commissario Regionale della Lega, Saccomanno in cui sottolinea lungimiranza del Ministro nel prevedere sbarchi incontrollati","breadcrumb":{"@id":"https:\/\/progettotouring.it\/radiotouring104\/2023\/09\/15\/migranti-saccomanno-lega-ministro-salvini-lungimirante-a-prevedere-il-collasso-per-sbarchi-incontrollati\/#breadcrumb"},"inLanguage":"it-IT","potentialAction":[{"@type":"ReadAction","target":["https:\/\/progettotouring.it\/radiotouring104\/2023\/09\/15\/migranti-saccomanno-lega-ministro-salvini-lungimirante-a-prevedere-il-collasso-per-sbarchi-incontrollati\/"]}]},{"@type":"ImageObject","inLanguage":"it-IT","@id":"https:\/\/progettotouring.it\/radiotouring104\/2023\/09\/15\/migranti-saccomanno-lega-ministro-salvini-lungimirante-a-prevedere-il-collasso-per-sbarchi-incontrollati\/#primaryimage","url":"https:\/\/progettotouring.it\/radiotouring104\/wp-content\/uploads\/sites\/6\/2023\/04\/Saccomanno.jpg","contentUrl":"https:\/\/progettotouring.it\/radiotouring104\/wp-content\/uploads\/sites\/6\/2023\/04\/Saccomanno.jpg","width":344,"height":324},{"@type":"BreadcrumbList","@id":"https:\/\/progettotouring.it\/radiotouring104\/2023\/09\/15\/migranti-saccomanno-lega-ministro-salvini-lungimirante-a-prevedere-il-collasso-per-sbarchi-incontrollati\/#breadcrumb","itemListElement":[{"@type":"ListItem","position":1,"name":"Home","item":"https:\/\/progettotouring.it\/radiotouring104\/"},{"@type":"ListItem","position":2,"name":"Migranti, Saccomanno (Lega): &#8220;Ministro Salvini lungimirante a prevedere il collasso per sbarchi incontrollati&#8221;"}]},{"@type":"WebSite","@id":"https:\/\/progettotouring.it\/radiotouring104\/#website","url":"https:\/\/progettotouring.it\/radiotouring104\/","name":"Radio Touring 104","description":"La prima radio Reggina","publisher":{"@id":"https:\/\/progettotouring.it\/radiotouring104\/#organization"},"potentialAction":[{"@type":"SearchAction","target":{"@type":"EntryPoint","urlTemplate":"https:\/\/progettotouring.it\/radiotouring104\/?s={search_term_string}"},"query-input":{"@type":"PropertyValueSpecification","valueRequired":true,"valueName":"search_term_string"}}],"inLanguage":"it-IT"},{"@type":"Organization","@id":"https:\/\/progettotouring.it\/radiotouring104\/#organization","name":"Radio Touring 104","url":"https:\/\/progettotouring.it\/radiotouring104\/","logo":{"@type":"ImageObject","inLanguage":"it-IT","@id":"https:\/\/progettotouring.it\/radiotouring104\/#\/schema\/logo\/image\/","url":"https:\/\/progettotouring.it\/radiotouring104\/wp-content\/uploads\/sites\/6\/2022\/02\/cropped-logo-radio-touring-104.png","contentUrl":"https:\/\/progettotouring.it\/radiotouring104\/wp-content\/uploads\/sites\/6\/2022\/02\/cropped-logo-radio-touring-104.png","width":377,"height":182,"caption":"Radio Touring 104"},"image":{"@id":"https:\/\/progettotouring.it\/radiotouring104\/#\/schema\/logo\/image\/"}},{"@type":"Person","@id":"https:\/\/progettotouring.it\/radiotouring104\/#\/schema\/person\/78613917f1851f041f7483f5af1d422e","name":"Sebastiano Plutino","image":{"@type":"ImageObject","inLanguage":"it-IT","@id":"https:\/\/secure.gravatar.com\/avatar\/0546ffaa9b79224faf9f2a156b67a529ae861d3287c66c1d8ccfdf909bcba78d?s=96&d=mm&r=g","url":"https:\/\/secure.gravatar.com\/avatar\/0546ffaa9b79224faf9f2a156b67a529ae861d3287c66c1d8ccfdf909bcba78d?s=96&d=mm&r=g","contentUrl":"https:\/\/secure.gravatar.com\/avatar\/0546ffaa9b79224faf9f2a156b67a529ae861d3287c66c1d8ccfdf909bcba78d?s=96&d=mm&r=g","caption":"Sebastiano Plutino"},"url":"https:\/\/progettotouring.it\/radiotouring104\/author\/sebastiano\/"}]}},"jetpack_publicize_connections":[],"jetpack_featured_media_url":"https:\/\/progettotouring.it\/radiotouring104\/wp-content\/uploads\/sites\/6\/2023\/04\/Saccomanno.jpg","jetpack_sharing_enabled":true,"_links":{"self":[{"href":"https:\/\/progettotouring.it\/radiotouring104\/wp-json\/wp\/v2\/posts\/34359","targetHints":{"allow":["GET"]}}],"collection":[{"href":"https:\/\/progettotouring.it\/radiotouring104\/wp-json\/wp\/v2\/posts"}],"about":[{"href":"https:\/\/progettotouring.it\/radiotouring104\/wp-json\/wp\/v2\/types\/post"}],"author":[{"embeddable":true,"href":"https:\/\/progettotouring.it\/radiotouring104\/wp-json\/wp\/v2\/users\/12"}],"replies":[{"embeddable":true,"href":"https:\/\/progettotouring.it\/radiotouring104\/wp-json\/wp\/v2\/comments?post=34359"}],"version-history":[{"count":1,"href":"https:\/\/progettotouring.it\/radiotouring104\/wp-json\/wp\/v2\/posts\/34359\/revisions"}],"predecessor-version":[{"id":34360,"href":"https:\/\/progettotouring.it\/radiotouring104\/wp-json\/wp\/v2\/posts\/34359\/revisions\/34360"}],"wp:featuredmedia":[{"embeddable":true,"href":"https:\/\/progettotouring.it\/radiotouring104\/wp-json\/wp\/v2\/media\/24140"}],"wp:attachment":[{"href":"https:\/\/progettotouring.it\/radiotouring104\/wp-json\/wp\/v2\/media?parent=34359"}],"wp:term":[{"taxonomy":"category","embeddable":true,"href":"https:\/\/progettotouring.it\/radiotouring104\/wp-json\/wp\/v2\/categories?post=34359"},{"taxonomy":"post_tag","embeddable":true,"href":"https:\/\/progettotouring.it\/radiotouring104\/wp-json\/wp\/v2\/tags?post=34359"}],"curies":[{"name":"wp","href":"https:\/\/api.w.org\/{rel}","templated":true}]}}