{"id":34597,"date":"2023-09-20T09:46:05","date_gmt":"2023-09-20T07:46:05","guid":{"rendered":"https:\/\/progettotouring.it\/radiotouring104\/?p=34597"},"modified":"2023-09-20T09:46:05","modified_gmt":"2023-09-20T07:46:05","slug":"al-bano-in-concerto-a-reggio-princi-grande-evento-per-grande-piazza-affamata-di-cultura-e-spettacolo","status":"publish","type":"post","link":"https:\/\/progettotouring.it\/radiotouring104\/2023\/09\/20\/al-bano-in-concerto-a-reggio-princi-grande-evento-per-grande-piazza-affamata-di-cultura-e-spettacolo\/","title":{"rendered":"Al Bano in concerto a Reggio, Princi: &#8220;Grande evento per grande piazza affamata di cultura e spettacolo&#8221;"},"content":{"rendered":"<p style=\"text-align: justify\"><em>\u201cSiamo entusiasti che ci sia grande fermento ed entusiasmo in attesa del grande concerto di Al Bano a Reggio Calabria. Un grande evento per una grande piazza, affamata di cultura e spettacolo. E non solo&#8230; perch\u00e9 ci aspettiamo migliaia di visitatori provenienti dalle altre citt\u00e0 calabresi ed anche da Messina. Quello di Piazza Indipendenza, nel cuore di Reggio, \u00e8 l\u2019unico concerto di Al Bano Carrisi previsto in tutto il Sud Italia nel 2023. Ed \u00e8 l\u2019unico gratuito!\u201d<\/em><\/p>\n<p style=\"text-align: justify\"><strong>A dirlo \u00e8 Giusi Princi, Vicepresidente della Giunta regionale della Calabria,<\/strong> rimarcando l\u2019importanza del grande evento, finanziato nell\u2019ambito di Bronzi50.<\/p>\n<p style=\"text-align: justify\"><strong>Ricordiamo che il concerto si terr\u00e0,<\/strong> d\u2019intesa con il Comune di Reggio Calabria, <strong>domenica 24 settembre alle ore 21:30 in Piazza Indipendenza.<\/strong> <strong>Lo stesso giorno, alle ore 18:00, presso il Museo<\/strong> archeologico nazionale di Reggio Calabria,\u00a0<strong>avr\u00e0 luogo una conferenza stampa con il Vicepresidente della Regione e l&#8217;artista di fama internazionale.<\/strong><\/p>\n<p style=\"text-align: justify\"><em>\u201cQuello di Al Bano \u00e8 uno spettacolo che non solo racchiude i successi della lunghissima carriera di uno dei pi\u00f9 grandi cantautori italiani, ma al contempo le tappe di quelli che sono stati i cambiamenti della musica italiana nel tempo. Saranno circa 2 ore di spettacolo <strong>\u2013 <\/strong><\/em><strong>aggiunge Giusi Princi<\/strong><em> \u2013 durante cui l\u2019eccezionale performer pugliese, famoso in tutto il mondo, dar\u00e0 sfoggio dei suoi pi\u00f9 grandi capolavori e delle sue incredibili doti vocali, con cui si \u00e8 aggiudicato nel tempo ben 26 dischi d\u2019oro e 8 di platino. <\/em><em>Una produzione notevole, che con il tour dei prossimi mesi attraverser\u00e0 i palcoscenici del mondo, per unire attraverso la musica italiana e portare alti i valori del nostro Sud. Pertanto, con il Presidente Roberto Occhiuto siamo felici di avere Al Bano in Calabria.\u201d<\/em><\/p>\n<p style=\"text-align: justify\">Lo spettacolo di Reggio Calabria racchiude i successi che costellano la lunga carriera di Al Bano: da\u00a0<em>Nel sole<\/em>\u00a0con un milione e trecentomila copie vendute a\u00a0<em>Sharazan<\/em>,\u00a0<em>Felicit\u00e0<\/em>,\u00a0<em>Nostaglia canaglia<\/em>,\u00a0<em>\u00c8 la mia vita<\/em>, fino\u00a0a quelli pi\u00f9 recenti.<\/p>\n<p style=\"text-align: justify\">Al Bano sar\u00e0 accompagnato da<strong>\u00a0Alterisio Paoletti<\/strong>\u00a0al pianoforte e tastiere,<strong>\u00a0Adriano Pratesi\u00a0<\/strong>alla chitarra,\u00a0<strong>Giulio Boniello\u00a0<\/strong>al basso,\u00a0<strong>Maurizio Dei Lazzaretti\u00a0<\/strong>alla batteria, <strong>Tiziana Giannelli\u00a0<\/strong>al violino\u00a0e dalle coriste\u00a0<strong>Alessandra Puglisi\u00a0e\u00a0Luana Heredia.<\/strong><\/p>\n<p style=\"text-align: justify\"><strong>A precedere il concerto, una serie di letture a tema Magna Graecia<\/strong>, a cura di <strong>Luigi Parisi,<\/strong> noto regista, film director e content creator.<\/p>\n","protected":false},"excerpt":{"rendered":"<p>\u201cSiamo entusiasti che ci sia grande fermento ed entusiasmo in attesa del grande concerto di Al Bano a Reggio Calabria. Un grande evento per una grande piazza, affamata di cultura&hellip;<\/p>\n","protected":false},"author":12,"featured_media":34336,"comment_status":"closed","ping_status":"open","sticky":false,"template":"","format":"standard","meta":{"_jetpack_memberships_contains_paid_content":false,"footnotes":"","jetpack_publicize_message":"","jetpack_publicize_feature_enabled":true,"jetpack_social_post_already_shared":false,"jetpack_social_options":{"image_generator_settings":{"template":"highway","default_image_id":0,"font":"","enabled":false},"version":2}},"categories":[921,196,140],"tags":[21664,21662,21663,7385,587,236],"class_list":["post-34597","post","type-post","status-publish","format-standard","has-post-thumbnail","hentry","category-home","category-news","category-reggio-calabria","tag-adriano-pratesi","tag-albano-in-concerto-a-reggio","tag-alterisio-paoletti","tag-bronzi50","tag-giusi-princi","tag-reggio-calabria"],"yoast_head":"<!-- This site is optimized with the Yoast SEO plugin v27.2 - https:\/\/yoast.com\/product\/yoast-seo-wordpress\/ -->\n<title>Al Bano a Reggio, Princi: &quot;Grande evento per grande piazza&quot;<\/title>\n<meta name=\"description\" content=\"Cresce l&#039;attesa per il concertol&#039;artista di fama internazionale, previsto per domenica 24 settembre alle 21:30 a piazza Indipendenza\" \/>\n<meta name=\"robots\" content=\"index, follow, max-snippet:-1, max-image-preview:large, max-video-preview:-1\" \/>\n<link rel=\"canonical\" href=\"https:\/\/progettotouring.it\/radiotouring104\/2023\/09\/20\/al-bano-in-concerto-a-reggio-princi-grande-evento-per-grande-piazza-affamata-di-cultura-e-spettacolo\/\" \/>\n<meta property=\"og:locale\" content=\"it_IT\" \/>\n<meta property=\"og:type\" content=\"article\" \/>\n<meta property=\"og:title\" content=\"Al Bano a Reggio, Princi: &quot;Grande evento per grande piazza&quot;\" \/>\n<meta property=\"og:description\" content=\"Cresce l&#039;attesa per il concertol&#039;artista di fama internazionale, previsto per domenica 24 settembre alle 21:30 a piazza Indipendenza\" \/>\n<meta property=\"og:url\" content=\"https:\/\/progettotouring.it\/radiotouring104\/2023\/09\/20\/al-bano-in-concerto-a-reggio-princi-grande-evento-per-grande-piazza-affamata-di-cultura-e-spettacolo\/\" \/>\n<meta property=\"og:site_name\" content=\"Radio Touring 104\" \/>\n<meta property=\"article:published_time\" content=\"2023-09-20T07:46:05+00:00\" \/>\n<meta property=\"og:image\" content=\"https:\/\/progettotouring.it\/radiotouring104\/wp-content\/uploads\/sites\/6\/2023\/09\/Al-Bano-Carrisi.jpg\" \/>\n\t<meta property=\"og:image:width\" content=\"2048\" \/>\n\t<meta property=\"og:image:height\" content=\"1362\" \/>\n\t<meta property=\"og:image:type\" content=\"image\/jpeg\" \/>\n<meta name=\"author\" content=\"Sebastiano Plutino\" \/>\n<meta name=\"twitter:card\" content=\"summary_large_image\" \/>\n<meta name=\"twitter:label1\" content=\"Scritto da\" \/>\n\t<meta name=\"twitter:data1\" content=\"Sebastiano Plutino\" \/>\n\t<meta name=\"twitter:label2\" content=\"Tempo di lettura stimato\" \/>\n\t<meta name=\"twitter:data2\" content=\"2 minuti\" \/>\n<script type=\"application\/ld+json\" class=\"yoast-schema-graph\">{\"@context\":\"https:\/\/schema.org\",\"@graph\":[{\"@type\":\"Article\",\"@id\":\"https:\/\/progettotouring.it\/radiotouring104\/2023\/09\/20\/al-bano-in-concerto-a-reggio-princi-grande-evento-per-grande-piazza-affamata-di-cultura-e-spettacolo\/#article\",\"isPartOf\":{\"@id\":\"https:\/\/progettotouring.it\/radiotouring104\/2023\/09\/20\/al-bano-in-concerto-a-reggio-princi-grande-evento-per-grande-piazza-affamata-di-cultura-e-spettacolo\/\"},\"author\":{\"name\":\"Sebastiano Plutino\",\"@id\":\"https:\/\/progettotouring.it\/radiotouring104\/#\/schema\/person\/78613917f1851f041f7483f5af1d422e\"},\"headline\":\"Al Bano in concerto a Reggio, Princi: &#8220;Grande evento per grande piazza affamata di cultura e spettacolo&#8221;\",\"datePublished\":\"2023-09-20T07:46:05+00:00\",\"mainEntityOfPage\":{\"@id\":\"https:\/\/progettotouring.it\/radiotouring104\/2023\/09\/20\/al-bano-in-concerto-a-reggio-princi-grande-evento-per-grande-piazza-affamata-di-cultura-e-spettacolo\/\"},\"wordCount\":389,\"publisher\":{\"@id\":\"https:\/\/progettotouring.it\/radiotouring104\/#organization\"},\"image\":{\"@id\":\"https:\/\/progettotouring.it\/radiotouring104\/2023\/09\/20\/al-bano-in-concerto-a-reggio-princi-grande-evento-per-grande-piazza-affamata-di-cultura-e-spettacolo\/#primaryimage\"},\"thumbnailUrl\":\"https:\/\/progettotouring.it\/radiotouring104\/wp-content\/uploads\/sites\/6\/2023\/09\/Al-Bano-Carrisi.jpg\",\"keywords\":[\"Adriano Pratesi\",\"Albano in concerto a Reggio\",\"Alterisio Paoletti\",\"Bronzi50\",\"giusi princi\",\"reggio calabria\"],\"articleSection\":[\"Home\",\"News\",\"Reggio Calabria\"],\"inLanguage\":\"it-IT\"},{\"@type\":\"WebPage\",\"@id\":\"https:\/\/progettotouring.it\/radiotouring104\/2023\/09\/20\/al-bano-in-concerto-a-reggio-princi-grande-evento-per-grande-piazza-affamata-di-cultura-e-spettacolo\/\",\"url\":\"https:\/\/progettotouring.it\/radiotouring104\/2023\/09\/20\/al-bano-in-concerto-a-reggio-princi-grande-evento-per-grande-piazza-affamata-di-cultura-e-spettacolo\/\",\"name\":\"Al Bano a Reggio, Princi: \\\"Grande evento per grande piazza\\\"\",\"isPartOf\":{\"@id\":\"https:\/\/progettotouring.it\/radiotouring104\/#website\"},\"primaryImageOfPage\":{\"@id\":\"https:\/\/progettotouring.it\/radiotouring104\/2023\/09\/20\/al-bano-in-concerto-a-reggio-princi-grande-evento-per-grande-piazza-affamata-di-cultura-e-spettacolo\/#primaryimage\"},\"image\":{\"@id\":\"https:\/\/progettotouring.it\/radiotouring104\/2023\/09\/20\/al-bano-in-concerto-a-reggio-princi-grande-evento-per-grande-piazza-affamata-di-cultura-e-spettacolo\/#primaryimage\"},\"thumbnailUrl\":\"https:\/\/progettotouring.it\/radiotouring104\/wp-content\/uploads\/sites\/6\/2023\/09\/Al-Bano-Carrisi.jpg\",\"datePublished\":\"2023-09-20T07:46:05+00:00\",\"description\":\"Cresce l'attesa per il concertol'artista di fama internazionale, previsto per domenica 24 settembre alle 21:30 a piazza Indipendenza\",\"breadcrumb\":{\"@id\":\"https:\/\/progettotouring.it\/radiotouring104\/2023\/09\/20\/al-bano-in-concerto-a-reggio-princi-grande-evento-per-grande-piazza-affamata-di-cultura-e-spettacolo\/#breadcrumb\"},\"inLanguage\":\"it-IT\",\"potentialAction\":[{\"@type\":\"ReadAction\",\"target\":[\"https:\/\/progettotouring.it\/radiotouring104\/2023\/09\/20\/al-bano-in-concerto-a-reggio-princi-grande-evento-per-grande-piazza-affamata-di-cultura-e-spettacolo\/\"]}]},{\"@type\":\"ImageObject\",\"inLanguage\":\"it-IT\",\"@id\":\"https:\/\/progettotouring.it\/radiotouring104\/2023\/09\/20\/al-bano-in-concerto-a-reggio-princi-grande-evento-per-grande-piazza-affamata-di-cultura-e-spettacolo\/#primaryimage\",\"url\":\"https:\/\/progettotouring.it\/radiotouring104\/wp-content\/uploads\/sites\/6\/2023\/09\/Al-Bano-Carrisi.jpg\",\"contentUrl\":\"https:\/\/progettotouring.it\/radiotouring104\/wp-content\/uploads\/sites\/6\/2023\/09\/Al-Bano-Carrisi.jpg\",\"width\":2048,\"height\":1362},{\"@type\":\"BreadcrumbList\",\"@id\":\"https:\/\/progettotouring.it\/radiotouring104\/2023\/09\/20\/al-bano-in-concerto-a-reggio-princi-grande-evento-per-grande-piazza-affamata-di-cultura-e-spettacolo\/#breadcrumb\",\"itemListElement\":[{\"@type\":\"ListItem\",\"position\":1,\"name\":\"Home\",\"item\":\"https:\/\/progettotouring.it\/radiotouring104\/\"},{\"@type\":\"ListItem\",\"position\":2,\"name\":\"Al Bano in concerto a Reggio, Princi: &#8220;Grande evento per grande piazza affamata di cultura e spettacolo&#8221;\"}]},{\"@type\":\"WebSite\",\"@id\":\"https:\/\/progettotouring.it\/radiotouring104\/#website\",\"url\":\"https:\/\/progettotouring.it\/radiotouring104\/\",\"name\":\"Radio Touring 104\",\"description\":\"La prima radio Reggina\",\"publisher\":{\"@id\":\"https:\/\/progettotouring.it\/radiotouring104\/#organization\"},\"potentialAction\":[{\"@type\":\"SearchAction\",\"target\":{\"@type\":\"EntryPoint\",\"urlTemplate\":\"https:\/\/progettotouring.it\/radiotouring104\/?s={search_term_string}\"},\"query-input\":{\"@type\":\"PropertyValueSpecification\",\"valueRequired\":true,\"valueName\":\"search_term_string\"}}],\"inLanguage\":\"it-IT\"},{\"@type\":\"Organization\",\"@id\":\"https:\/\/progettotouring.it\/radiotouring104\/#organization\",\"name\":\"Radio Touring 104\",\"url\":\"https:\/\/progettotouring.it\/radiotouring104\/\",\"logo\":{\"@type\":\"ImageObject\",\"inLanguage\":\"it-IT\",\"@id\":\"https:\/\/progettotouring.it\/radiotouring104\/#\/schema\/logo\/image\/\",\"url\":\"https:\/\/progettotouring.it\/radiotouring104\/wp-content\/uploads\/sites\/6\/2022\/02\/cropped-logo-radio-touring-104.png\",\"contentUrl\":\"https:\/\/progettotouring.it\/radiotouring104\/wp-content\/uploads\/sites\/6\/2022\/02\/cropped-logo-radio-touring-104.png\",\"width\":377,\"height\":182,\"caption\":\"Radio Touring 104\"},\"image\":{\"@id\":\"https:\/\/progettotouring.it\/radiotouring104\/#\/schema\/logo\/image\/\"}},{\"@type\":\"Person\",\"@id\":\"https:\/\/progettotouring.it\/radiotouring104\/#\/schema\/person\/78613917f1851f041f7483f5af1d422e\",\"name\":\"Sebastiano Plutino\",\"image\":{\"@type\":\"ImageObject\",\"inLanguage\":\"it-IT\",\"@id\":\"https:\/\/secure.gravatar.com\/avatar\/0546ffaa9b79224faf9f2a156b67a529ae861d3287c66c1d8ccfdf909bcba78d?s=96&d=mm&r=g\",\"url\":\"https:\/\/secure.gravatar.com\/avatar\/0546ffaa9b79224faf9f2a156b67a529ae861d3287c66c1d8ccfdf909bcba78d?s=96&d=mm&r=g\",\"contentUrl\":\"https:\/\/secure.gravatar.com\/avatar\/0546ffaa9b79224faf9f2a156b67a529ae861d3287c66c1d8ccfdf909bcba78d?s=96&d=mm&r=g\",\"caption\":\"Sebastiano Plutino\"},\"url\":\"https:\/\/progettotouring.it\/radiotouring104\/author\/sebastiano\/\"}]}<\/script>\n<!-- \/ Yoast SEO plugin. -->","yoast_head_json":{"title":"Al Bano a Reggio, Princi: \"Grande evento per grande piazza\"","description":"Cresce l'attesa per il concertol'artista di fama internazionale, previsto per domenica 24 settembre alle 21:30 a piazza Indipendenza","robots":{"index":"index","follow":"follow","max-snippet":"max-snippet:-1","max-image-preview":"max-image-preview:large","max-video-preview":"max-video-preview:-1"},"canonical":"https:\/\/progettotouring.it\/radiotouring104\/2023\/09\/20\/al-bano-in-concerto-a-reggio-princi-grande-evento-per-grande-piazza-affamata-di-cultura-e-spettacolo\/","og_locale":"it_IT","og_type":"article","og_title":"Al Bano a Reggio, Princi: \"Grande evento per grande piazza\"","og_description":"Cresce l'attesa per il concertol'artista di fama internazionale, previsto per domenica 24 settembre alle 21:30 a piazza Indipendenza","og_url":"https:\/\/progettotouring.it\/radiotouring104\/2023\/09\/20\/al-bano-in-concerto-a-reggio-princi-grande-evento-per-grande-piazza-affamata-di-cultura-e-spettacolo\/","og_site_name":"Radio Touring 104","article_published_time":"2023-09-20T07:46:05+00:00","og_image":[{"width":2048,"height":1362,"url":"https:\/\/progettotouring.it\/radiotouring104\/wp-content\/uploads\/sites\/6\/2023\/09\/Al-Bano-Carrisi.jpg","type":"image\/jpeg"}],"author":"Sebastiano Plutino","twitter_card":"summary_large_image","twitter_misc":{"Scritto da":"Sebastiano Plutino","Tempo di lettura stimato":"2 minuti"},"schema":{"@context":"https:\/\/schema.org","@graph":[{"@type":"Article","@id":"https:\/\/progettotouring.it\/radiotouring104\/2023\/09\/20\/al-bano-in-concerto-a-reggio-princi-grande-evento-per-grande-piazza-affamata-di-cultura-e-spettacolo\/#article","isPartOf":{"@id":"https:\/\/progettotouring.it\/radiotouring104\/2023\/09\/20\/al-bano-in-concerto-a-reggio-princi-grande-evento-per-grande-piazza-affamata-di-cultura-e-spettacolo\/"},"author":{"name":"Sebastiano Plutino","@id":"https:\/\/progettotouring.it\/radiotouring104\/#\/schema\/person\/78613917f1851f041f7483f5af1d422e"},"headline":"Al Bano in concerto a Reggio, Princi: &#8220;Grande evento per grande piazza affamata di cultura e spettacolo&#8221;","datePublished":"2023-09-20T07:46:05+00:00","mainEntityOfPage":{"@id":"https:\/\/progettotouring.it\/radiotouring104\/2023\/09\/20\/al-bano-in-concerto-a-reggio-princi-grande-evento-per-grande-piazza-affamata-di-cultura-e-spettacolo\/"},"wordCount":389,"publisher":{"@id":"https:\/\/progettotouring.it\/radiotouring104\/#organization"},"image":{"@id":"https:\/\/progettotouring.it\/radiotouring104\/2023\/09\/20\/al-bano-in-concerto-a-reggio-princi-grande-evento-per-grande-piazza-affamata-di-cultura-e-spettacolo\/#primaryimage"},"thumbnailUrl":"https:\/\/progettotouring.it\/radiotouring104\/wp-content\/uploads\/sites\/6\/2023\/09\/Al-Bano-Carrisi.jpg","keywords":["Adriano Pratesi","Albano in concerto a Reggio","Alterisio Paoletti","Bronzi50","giusi princi","reggio calabria"],"articleSection":["Home","News","Reggio Calabria"],"inLanguage":"it-IT"},{"@type":"WebPage","@id":"https:\/\/progettotouring.it\/radiotouring104\/2023\/09\/20\/al-bano-in-concerto-a-reggio-princi-grande-evento-per-grande-piazza-affamata-di-cultura-e-spettacolo\/","url":"https:\/\/progettotouring.it\/radiotouring104\/2023\/09\/20\/al-bano-in-concerto-a-reggio-princi-grande-evento-per-grande-piazza-affamata-di-cultura-e-spettacolo\/","name":"Al Bano a Reggio, Princi: \"Grande evento per grande piazza\"","isPartOf":{"@id":"https:\/\/progettotouring.it\/radiotouring104\/#website"},"primaryImageOfPage":{"@id":"https:\/\/progettotouring.it\/radiotouring104\/2023\/09\/20\/al-bano-in-concerto-a-reggio-princi-grande-evento-per-grande-piazza-affamata-di-cultura-e-spettacolo\/#primaryimage"},"image":{"@id":"https:\/\/progettotouring.it\/radiotouring104\/2023\/09\/20\/al-bano-in-concerto-a-reggio-princi-grande-evento-per-grande-piazza-affamata-di-cultura-e-spettacolo\/#primaryimage"},"thumbnailUrl":"https:\/\/progettotouring.it\/radiotouring104\/wp-content\/uploads\/sites\/6\/2023\/09\/Al-Bano-Carrisi.jpg","datePublished":"2023-09-20T07:46:05+00:00","description":"Cresce l'attesa per il concertol'artista di fama internazionale, previsto per domenica 24 settembre alle 21:30 a piazza Indipendenza","breadcrumb":{"@id":"https:\/\/progettotouring.it\/radiotouring104\/2023\/09\/20\/al-bano-in-concerto-a-reggio-princi-grande-evento-per-grande-piazza-affamata-di-cultura-e-spettacolo\/#breadcrumb"},"inLanguage":"it-IT","potentialAction":[{"@type":"ReadAction","target":["https:\/\/progettotouring.it\/radiotouring104\/2023\/09\/20\/al-bano-in-concerto-a-reggio-princi-grande-evento-per-grande-piazza-affamata-di-cultura-e-spettacolo\/"]}]},{"@type":"ImageObject","inLanguage":"it-IT","@id":"https:\/\/progettotouring.it\/radiotouring104\/2023\/09\/20\/al-bano-in-concerto-a-reggio-princi-grande-evento-per-grande-piazza-affamata-di-cultura-e-spettacolo\/#primaryimage","url":"https:\/\/progettotouring.it\/radiotouring104\/wp-content\/uploads\/sites\/6\/2023\/09\/Al-Bano-Carrisi.jpg","contentUrl":"https:\/\/progettotouring.it\/radiotouring104\/wp-content\/uploads\/sites\/6\/2023\/09\/Al-Bano-Carrisi.jpg","width":2048,"height":1362},{"@type":"BreadcrumbList","@id":"https:\/\/progettotouring.it\/radiotouring104\/2023\/09\/20\/al-bano-in-concerto-a-reggio-princi-grande-evento-per-grande-piazza-affamata-di-cultura-e-spettacolo\/#breadcrumb","itemListElement":[{"@type":"ListItem","position":1,"name":"Home","item":"https:\/\/progettotouring.it\/radiotouring104\/"},{"@type":"ListItem","position":2,"name":"Al Bano in concerto a Reggio, Princi: &#8220;Grande evento per grande piazza affamata di cultura e spettacolo&#8221;"}]},{"@type":"WebSite","@id":"https:\/\/progettotouring.it\/radiotouring104\/#website","url":"https:\/\/progettotouring.it\/radiotouring104\/","name":"Radio Touring 104","description":"La prima radio Reggina","publisher":{"@id":"https:\/\/progettotouring.it\/radiotouring104\/#organization"},"potentialAction":[{"@type":"SearchAction","target":{"@type":"EntryPoint","urlTemplate":"https:\/\/progettotouring.it\/radiotouring104\/?s={search_term_string}"},"query-input":{"@type":"PropertyValueSpecification","valueRequired":true,"valueName":"search_term_string"}}],"inLanguage":"it-IT"},{"@type":"Organization","@id":"https:\/\/progettotouring.it\/radiotouring104\/#organization","name":"Radio Touring 104","url":"https:\/\/progettotouring.it\/radiotouring104\/","logo":{"@type":"ImageObject","inLanguage":"it-IT","@id":"https:\/\/progettotouring.it\/radiotouring104\/#\/schema\/logo\/image\/","url":"https:\/\/progettotouring.it\/radiotouring104\/wp-content\/uploads\/sites\/6\/2022\/02\/cropped-logo-radio-touring-104.png","contentUrl":"https:\/\/progettotouring.it\/radiotouring104\/wp-content\/uploads\/sites\/6\/2022\/02\/cropped-logo-radio-touring-104.png","width":377,"height":182,"caption":"Radio Touring 104"},"image":{"@id":"https:\/\/progettotouring.it\/radiotouring104\/#\/schema\/logo\/image\/"}},{"@type":"Person","@id":"https:\/\/progettotouring.it\/radiotouring104\/#\/schema\/person\/78613917f1851f041f7483f5af1d422e","name":"Sebastiano Plutino","image":{"@type":"ImageObject","inLanguage":"it-IT","@id":"https:\/\/secure.gravatar.com\/avatar\/0546ffaa9b79224faf9f2a156b67a529ae861d3287c66c1d8ccfdf909bcba78d?s=96&d=mm&r=g","url":"https:\/\/secure.gravatar.com\/avatar\/0546ffaa9b79224faf9f2a156b67a529ae861d3287c66c1d8ccfdf909bcba78d?s=96&d=mm&r=g","contentUrl":"https:\/\/secure.gravatar.com\/avatar\/0546ffaa9b79224faf9f2a156b67a529ae861d3287c66c1d8ccfdf909bcba78d?s=96&d=mm&r=g","caption":"Sebastiano Plutino"},"url":"https:\/\/progettotouring.it\/radiotouring104\/author\/sebastiano\/"}]}},"jetpack_publicize_connections":[],"jetpack_featured_media_url":"https:\/\/progettotouring.it\/radiotouring104\/wp-content\/uploads\/sites\/6\/2023\/09\/Al-Bano-Carrisi.jpg","jetpack_sharing_enabled":true,"_links":{"self":[{"href":"https:\/\/progettotouring.it\/radiotouring104\/wp-json\/wp\/v2\/posts\/34597","targetHints":{"allow":["GET"]}}],"collection":[{"href":"https:\/\/progettotouring.it\/radiotouring104\/wp-json\/wp\/v2\/posts"}],"about":[{"href":"https:\/\/progettotouring.it\/radiotouring104\/wp-json\/wp\/v2\/types\/post"}],"author":[{"embeddable":true,"href":"https:\/\/progettotouring.it\/radiotouring104\/wp-json\/wp\/v2\/users\/12"}],"replies":[{"embeddable":true,"href":"https:\/\/progettotouring.it\/radiotouring104\/wp-json\/wp\/v2\/comments?post=34597"}],"version-history":[{"count":1,"href":"https:\/\/progettotouring.it\/radiotouring104\/wp-json\/wp\/v2\/posts\/34597\/revisions"}],"predecessor-version":[{"id":34599,"href":"https:\/\/progettotouring.it\/radiotouring104\/wp-json\/wp\/v2\/posts\/34597\/revisions\/34599"}],"wp:featuredmedia":[{"embeddable":true,"href":"https:\/\/progettotouring.it\/radiotouring104\/wp-json\/wp\/v2\/media\/34336"}],"wp:attachment":[{"href":"https:\/\/progettotouring.it\/radiotouring104\/wp-json\/wp\/v2\/media?parent=34597"}],"wp:term":[{"taxonomy":"category","embeddable":true,"href":"https:\/\/progettotouring.it\/radiotouring104\/wp-json\/wp\/v2\/categories?post=34597"},{"taxonomy":"post_tag","embeddable":true,"href":"https:\/\/progettotouring.it\/radiotouring104\/wp-json\/wp\/v2\/tags?post=34597"}],"curies":[{"name":"wp","href":"https:\/\/api.w.org\/{rel}","templated":true}]}}