{"id":34600,"date":"2023-09-20T11:00:25","date_gmt":"2023-09-20T09:00:25","guid":{"rendered":"https:\/\/progettotouring.it\/radiotouring104\/?p=34600"},"modified":"2023-09-20T11:02:45","modified_gmt":"2023-09-20T09:02:45","slug":"reggio-finanza-sequestra-beni-per-18-milioni-a-imprenditore-legato-a-cosche","status":"publish","type":"post","link":"https:\/\/progettotouring.it\/radiotouring104\/2023\/09\/20\/reggio-finanza-sequestra-beni-per-18-milioni-a-imprenditore-legato-a-cosche\/","title":{"rendered":"Reggio: Finanza sequestra beni per 18 milioni a imprenditore legato a cosche"},"content":{"rendered":"<p style=\"text-align: justify\">Militari del Comando Provinciale della <strong>Guardia di Finanza di Reggio Calabria <\/strong>e dello<strong> S.C.I.C.O.<\/strong>, personale della<strong> Direzione Investigativa Antimafia<\/strong>, con il coordinamento della<strong> Procura Nazionale Antimafia<\/strong> <strong>e Antiterrorismo <\/strong>diretta dal<strong> Procuratore Dott. Giovanni Melillo<\/strong> e della locale <strong>Procura della Repubblica &#8211; Direzione Distrettuale Antimafia<\/strong>, diretta dal <strong>Procuratore Dott. Giovanni Bombardieri<\/strong>, stanno dando esecuzione ad un provvedimento, emesso dalla <strong>Sezione Misure di Prevenzione del Tribunale di Reggio Calabria<\/strong>, che dispone l\u2019applicazione della misura di prevenzione patrimoniale della <strong>confisca di beni<\/strong> &#8211; per un valore complessivo stimato in oltre <strong>18<\/strong><strong> milioni di euro<\/strong> &#8211; riconducibili ad un imprenditore reggino, ritenuto essere \u201c<em>espressione della \u2018ndrangheta<\/em>\u201d nel settore della distribuzione commerciale.<\/p>\n<p style=\"text-align: justify\">\n<p style=\"text-align: justify\">La figura dell\u2019imprenditore era emersa nell\u2019ambito dell\u2019operazione denominata <em>\u201c<strong>MARTINGALA<\/strong>\u201d,<\/em> condotta dalla <strong>DIA<\/strong> e dal <strong>Nucleo di Polizia Economico Finanziaria di Reggio Calabria<\/strong>, sotto il coordinamento della locale <strong>Direzione Distrettuale Antimafia<\/strong>, conclusasi nel mese di febbraio 2018, nel cui ambito il predetto &#8211; allo stato del procedimento e fatte salve successive valutazioni in merito all\u2019effettivo e definitivo accertamento della responsabilit\u00e0 \u2013 \u00e8 stato rinviato a giudizio per diverse ipotesi di reato, tra cui associazione di stampo mafioso, trasferimento fraudolento di valori, estorsione, bancarotta, usura e reimpiego di denaro di provenienza illecita in attivit\u00e0 economiche e finanziarie, fattispecie in diversi casi aggravate dall\u2019aver agevolato gli interessi della \u2018ndrangheta.<\/p>\n<p style=\"text-align: justify\">Le indagini &#8211; allo stato del procedimento e fatte salve successive valutazioni in merito all\u2019effettivo e definitivo accertamento della responsabilit\u00e0 \u2013 avrebbero permesso di delineare la figura di un imprenditore al servizio della &#8216;<em>ndrangheta<\/em> nonch\u00e9 punto di riferimento sistemico per gli interessi economici e finanziari dell&#8217;organizzazione, con la quale operava in rapporto sinallagmatico.<\/p>\n<p style=\"text-align: justify\">Il proposto avrebbe gestito, di fatto, plurime imprese impegnate nel settore della distribuzione commerciale di svariate tipologie merceologiche, formalmente intestate &#8211; al fine di evitare l&#8217;applicazione di misure giudiziarie a carattere patrimoniale &#8211; a compiacenti fiduciari, nelle quali sarebbero confluiti notevoli volumi finanziari di origine illecita.<\/p>\n<p style=\"text-align: justify\">Nel luglio 2022 l\u2019imprenditore \u00e8 stato altres\u00ec attinto da ordinanza di custodia cautelare nell\u2019ambito dell\u2019operazione \u201c<strong>Planning\u201d<\/strong>, anch\u2019essa originata da indagini svolte dalla <strong>DIA<\/strong> e dal <strong>Nucleo di Polizia Economico Finanziaria di Reggio Calabria<\/strong>, coordinate dalla Procura Distrettuale reggina, in quanto indiziato dei reati di intestazione fittizia e reimpiego di capitali illeciti.<\/p>\n<p style=\"text-align: justify\">In relazione alle risultanze dell\u2019attivit\u00e0 di cui sopra, la Direzione Nazionale Antimafia e Antiterrorismo e la locale Direzione Distrettuale Antimafia \u2013 sempre pi\u00f9 interessate agli aspetti economico-imprenditoriali legati alla criminalit\u00e0 organizzata \u2013 hanno delegato al <strong>Gruppo Investigazione Criminalit\u00e0 Organizzata<\/strong> (<strong>G.I.C.O.<\/strong>) della Guardia di Finanza di Reggio Calabria, allo <strong>S.C.I.C.O.<\/strong> ed al locale Centro Operativo <strong>D.I.A.<\/strong>, apposita indagine a carattere economico\/patrimoniale finalizzata all\u2019applicazione, nei confronti del citato imprenditore, di misure di prevenzione personali e patrimoniali.<\/p>\n<p style=\"text-align: justify\">Al riguardo, dopo aver delineato il profilo di pericolosit\u00e0 sociale del proposto, l\u2019attivit\u00e0 investigativa \u00e8 stata indirizzata alla ricostruzione delle acquisizioni patrimoniali &#8211; dirette o indirette &#8211; effettuate nell\u2019<strong>ultimo trentennio<\/strong>, accertando, attraverso una complessa e articolata attivit\u00e0 di verifica e riscontro documentale, i <strong>patrimoni <\/strong>dei quali il medesimo risultava comunque disporre, <strong>il cui valore \u00e8 risultato sproporzionato<\/strong> rispetto alla capacit\u00e0 reddituale dichiarata ai fini delle imposte sui redditi nonch\u00e9 in quanto frutto o reimpiego, in buona parte, di attivit\u00e0 illecite.<\/p>\n<p style=\"text-align: justify\">Alla luce di tali risultanze, la <strong>Sezione Misure di Prevenzione<\/strong> del <strong>Tribunale di Reggio Calabria<\/strong>, riconoscendo la validit\u00e0 dell\u2019impianto indiziario, con il provvedimento in esecuzione ha decretato \u2013 allo stato del procedimento ed impregiudicata ogni diversa successiva valutazione \u2013 l\u2019applicazione della misura di prevenzione patrimoniale della <strong>confisca<\/strong> dell\u2019intero compendio aziendale di <strong>5 imprese<\/strong> operanti nei settori del commercio di elettrodomestici ed immobiliare, <strong>7 <\/strong>immobili, <strong>2 <\/strong>autovetture, <strong>28 <\/strong>orologi di lusso, preziosi, <strong>147.000 <\/strong>euro in contanti nonch\u00e9 disponibilit\u00e0 finanziarie, per un valore complessivo stimato in oltre <strong>18<\/strong><strong> milioni di euro<\/strong>.<\/p>\n<p style=\"text-align: justify\">Con il medesimo provvedimento, il locale Tribunale ha sottoposto l\u2019imprenditore alla misura di prevenzione personale della <strong>sorveglianza speciale di pubblica sicurezza, per anni 3<\/strong>, con obbligo di soggiorno nel comune di residenza o dimora abituale.<\/p>\n<p style=\"text-align: justify\">L\u2019attivit\u00e0 di servizio in rassegna, frutto di una sinergica collaborazione tra Forze di Polizia, efficacemente coordinate dalla Procura Nazionale Antimafia e Antiterrorismo e dalla Procura Distrettuale reggina, testimonia l\u2019elevata attenzione rivolta all\u2019individuazione e alla conseguente aggressione dei patrimoni e delle disponibilit\u00e0 finanziarie illecitamente accumulati dalle consorterie criminali di stampo mafioso, restituendo competitivit\u00e0 e legalit\u00e0 al mercato, alimentando gli investimenti ed il conseguente sviluppo imprenditoriale ed economico che la criminalit\u00e0 mira a controllare e rallentare.<\/p>\n","protected":false},"excerpt":{"rendered":"<p>Militari del Comando Provinciale della Guardia di Finanza di Reggio Calabria e dello S.C.I.C.O., personale della Direzione Investigativa Antimafia, con il coordinamento della Procura Nazionale Antimafia e Antiterrorismo diretta dal&hellip;<\/p>\n","protected":false},"author":12,"featured_media":33476,"comment_status":"closed","ping_status":"open","sticky":false,"template":"","format":"standard","meta":{"_jetpack_memberships_contains_paid_content":false,"footnotes":"","jetpack_publicize_message":"","jetpack_publicize_feature_enabled":true,"jetpack_social_post_already_shared":false,"jetpack_social_options":{"image_generator_settings":{"template":"highway","default_image_id":0,"font":"","enabled":false},"version":2}},"categories":[921,150,196,140],"tags":[18065,21672,21669,3420,21667,21666,21665,21670,21671,21668],"class_list":["post-34600","post","type-post","status-publish","format-standard","has-post-thumbnail","hentry","category-home","category-in-primo-piano","category-news","category-reggio-calabria","tag-guardia-di-finanza-di-reggio-calabria","tag-imprenditore-legato-a-cosche","tag-nucleo-di-polizia-economico-finanziaria-di-reggio-calabria","tag-procura-nazionale-antimafia-e-antiterrorismo","tag-procuratore-dott-giovanni-bombardieri","tag-procuratore-dott-giovanni-melillo","tag-s-c-i-c-o","tag-sequestrati-18-milioni-di-beni","tag-sequestro-a-ninello-morda","tag-sezione-misure-di-prevenzione-del-tribunale-di-reggio-calabria"],"yoast_head":"<!-- This site is optimized with the Yoast SEO plugin v27.2 - https:\/\/yoast.com\/product\/yoast-seo-wordpress\/ -->\n<title>Sequestrati beni per 18 milioni a imprenditore legato a cosche<\/title>\n<meta name=\"description\" content=\"Beni per circa 18 milioni di euro sono stati sequestrati, a Ninello Mord\u00e0, ritenuto dagli inquirenti al servizio della &#039;ndrangheta\" \/>\n<meta name=\"robots\" content=\"index, follow, max-snippet:-1, max-image-preview:large, max-video-preview:-1\" \/>\n<link rel=\"canonical\" href=\"https:\/\/progettotouring.it\/radiotouring104\/2023\/09\/20\/reggio-finanza-sequestra-beni-per-18-milioni-a-imprenditore-legato-a-cosche\/\" \/>\n<meta property=\"og:locale\" content=\"it_IT\" \/>\n<meta property=\"og:type\" content=\"article\" \/>\n<meta property=\"og:title\" content=\"Sequestrati beni per 18 milioni a imprenditore legato a cosche\" \/>\n<meta property=\"og:description\" content=\"Beni per circa 18 milioni di euro sono stati sequestrati, a Ninello Mord\u00e0, ritenuto dagli inquirenti al servizio della &#039;ndrangheta\" \/>\n<meta property=\"og:url\" content=\"https:\/\/progettotouring.it\/radiotouring104\/2023\/09\/20\/reggio-finanza-sequestra-beni-per-18-milioni-a-imprenditore-legato-a-cosche\/\" \/>\n<meta property=\"og:site_name\" content=\"Radio Touring 104\" \/>\n<meta property=\"article:published_time\" content=\"2023-09-20T09:00:25+00:00\" \/>\n<meta property=\"article:modified_time\" content=\"2023-09-20T09:02:45+00:00\" \/>\n<meta property=\"og:image\" content=\"https:\/\/progettotouring.it\/radiotouring104\/wp-content\/uploads\/sites\/6\/2023\/08\/Via-Marina-Finanza-Truffa.jpg\" \/>\n\t<meta property=\"og:image:width\" content=\"774\" \/>\n\t<meta property=\"og:image:height\" content=\"516\" \/>\n\t<meta property=\"og:image:type\" content=\"image\/jpeg\" \/>\n<meta name=\"author\" content=\"Sebastiano Plutino\" \/>\n<meta name=\"twitter:card\" content=\"summary_large_image\" \/>\n<meta name=\"twitter:label1\" content=\"Scritto da\" \/>\n\t<meta name=\"twitter:data1\" content=\"Sebastiano Plutino\" \/>\n\t<meta name=\"twitter:label2\" content=\"Tempo di lettura stimato\" \/>\n\t<meta name=\"twitter:data2\" content=\"4 minuti\" \/>\n<script type=\"application\/ld+json\" class=\"yoast-schema-graph\">{\"@context\":\"https:\/\/schema.org\",\"@graph\":[{\"@type\":\"Article\",\"@id\":\"https:\/\/progettotouring.it\/radiotouring104\/2023\/09\/20\/reggio-finanza-sequestra-beni-per-18-milioni-a-imprenditore-legato-a-cosche\/#article\",\"isPartOf\":{\"@id\":\"https:\/\/progettotouring.it\/radiotouring104\/2023\/09\/20\/reggio-finanza-sequestra-beni-per-18-milioni-a-imprenditore-legato-a-cosche\/\"},\"author\":{\"name\":\"Sebastiano Plutino\",\"@id\":\"https:\/\/progettotouring.it\/radiotouring104\/#\/schema\/person\/78613917f1851f041f7483f5af1d422e\"},\"headline\":\"Reggio: Finanza sequestra beni per 18 milioni a imprenditore legato a cosche\",\"datePublished\":\"2023-09-20T09:00:25+00:00\",\"dateModified\":\"2023-09-20T09:02:45+00:00\",\"mainEntityOfPage\":{\"@id\":\"https:\/\/progettotouring.it\/radiotouring104\/2023\/09\/20\/reggio-finanza-sequestra-beni-per-18-milioni-a-imprenditore-legato-a-cosche\/\"},\"wordCount\":742,\"publisher\":{\"@id\":\"https:\/\/progettotouring.it\/radiotouring104\/#organization\"},\"image\":{\"@id\":\"https:\/\/progettotouring.it\/radiotouring104\/2023\/09\/20\/reggio-finanza-sequestra-beni-per-18-milioni-a-imprenditore-legato-a-cosche\/#primaryimage\"},\"thumbnailUrl\":\"https:\/\/progettotouring.it\/radiotouring104\/wp-content\/uploads\/sites\/6\/2023\/08\/Via-Marina-Finanza-Truffa.jpg\",\"keywords\":[\"Guardia di finanza di Reggio Calabria\",\"Imprenditore legato a cosche\",\"Nucleo di Polizia Economico Finanziaria di Reggio Calabria\",\"procura nazionale antimafia e antiterrorismo\",\"Procuratore Dott. Giovanni Bombardieri\",\"Procuratore Dott. Giovanni Melillo\",\"S.C.I.C.O.\",\"sequestrati 18 milioni di beni\",\"sequestro a Ninello Mord\u00e0\",\"Sezione Misure di Prevenzione del Tribunale di Reggio Calabria\"],\"articleSection\":[\"Home\",\"In primo piano\",\"News\",\"Reggio Calabria\"],\"inLanguage\":\"it-IT\"},{\"@type\":\"WebPage\",\"@id\":\"https:\/\/progettotouring.it\/radiotouring104\/2023\/09\/20\/reggio-finanza-sequestra-beni-per-18-milioni-a-imprenditore-legato-a-cosche\/\",\"url\":\"https:\/\/progettotouring.it\/radiotouring104\/2023\/09\/20\/reggio-finanza-sequestra-beni-per-18-milioni-a-imprenditore-legato-a-cosche\/\",\"name\":\"Sequestrati beni per 18 milioni a imprenditore legato a cosche\",\"isPartOf\":{\"@id\":\"https:\/\/progettotouring.it\/radiotouring104\/#website\"},\"primaryImageOfPage\":{\"@id\":\"https:\/\/progettotouring.it\/radiotouring104\/2023\/09\/20\/reggio-finanza-sequestra-beni-per-18-milioni-a-imprenditore-legato-a-cosche\/#primaryimage\"},\"image\":{\"@id\":\"https:\/\/progettotouring.it\/radiotouring104\/2023\/09\/20\/reggio-finanza-sequestra-beni-per-18-milioni-a-imprenditore-legato-a-cosche\/#primaryimage\"},\"thumbnailUrl\":\"https:\/\/progettotouring.it\/radiotouring104\/wp-content\/uploads\/sites\/6\/2023\/08\/Via-Marina-Finanza-Truffa.jpg\",\"datePublished\":\"2023-09-20T09:00:25+00:00\",\"dateModified\":\"2023-09-20T09:02:45+00:00\",\"description\":\"Beni per circa 18 milioni di euro sono stati sequestrati, a Ninello Mord\u00e0, ritenuto dagli inquirenti al servizio della 'ndrangheta\",\"breadcrumb\":{\"@id\":\"https:\/\/progettotouring.it\/radiotouring104\/2023\/09\/20\/reggio-finanza-sequestra-beni-per-18-milioni-a-imprenditore-legato-a-cosche\/#breadcrumb\"},\"inLanguage\":\"it-IT\",\"potentialAction\":[{\"@type\":\"ReadAction\",\"target\":[\"https:\/\/progettotouring.it\/radiotouring104\/2023\/09\/20\/reggio-finanza-sequestra-beni-per-18-milioni-a-imprenditore-legato-a-cosche\/\"]}]},{\"@type\":\"ImageObject\",\"inLanguage\":\"it-IT\",\"@id\":\"https:\/\/progettotouring.it\/radiotouring104\/2023\/09\/20\/reggio-finanza-sequestra-beni-per-18-milioni-a-imprenditore-legato-a-cosche\/#primaryimage\",\"url\":\"https:\/\/progettotouring.it\/radiotouring104\/wp-content\/uploads\/sites\/6\/2023\/08\/Via-Marina-Finanza-Truffa.jpg\",\"contentUrl\":\"https:\/\/progettotouring.it\/radiotouring104\/wp-content\/uploads\/sites\/6\/2023\/08\/Via-Marina-Finanza-Truffa.jpg\",\"width\":774,\"height\":516},{\"@type\":\"BreadcrumbList\",\"@id\":\"https:\/\/progettotouring.it\/radiotouring104\/2023\/09\/20\/reggio-finanza-sequestra-beni-per-18-milioni-a-imprenditore-legato-a-cosche\/#breadcrumb\",\"itemListElement\":[{\"@type\":\"ListItem\",\"position\":1,\"name\":\"Home\",\"item\":\"https:\/\/progettotouring.it\/radiotouring104\/\"},{\"@type\":\"ListItem\",\"position\":2,\"name\":\"Reggio: Finanza sequestra beni per 18 milioni a imprenditore legato a cosche\"}]},{\"@type\":\"WebSite\",\"@id\":\"https:\/\/progettotouring.it\/radiotouring104\/#website\",\"url\":\"https:\/\/progettotouring.it\/radiotouring104\/\",\"name\":\"Radio Touring 104\",\"description\":\"La prima radio Reggina\",\"publisher\":{\"@id\":\"https:\/\/progettotouring.it\/radiotouring104\/#organization\"},\"potentialAction\":[{\"@type\":\"SearchAction\",\"target\":{\"@type\":\"EntryPoint\",\"urlTemplate\":\"https:\/\/progettotouring.it\/radiotouring104\/?s={search_term_string}\"},\"query-input\":{\"@type\":\"PropertyValueSpecification\",\"valueRequired\":true,\"valueName\":\"search_term_string\"}}],\"inLanguage\":\"it-IT\"},{\"@type\":\"Organization\",\"@id\":\"https:\/\/progettotouring.it\/radiotouring104\/#organization\",\"name\":\"Radio Touring 104\",\"url\":\"https:\/\/progettotouring.it\/radiotouring104\/\",\"logo\":{\"@type\":\"ImageObject\",\"inLanguage\":\"it-IT\",\"@id\":\"https:\/\/progettotouring.it\/radiotouring104\/#\/schema\/logo\/image\/\",\"url\":\"https:\/\/progettotouring.it\/radiotouring104\/wp-content\/uploads\/sites\/6\/2022\/02\/cropped-logo-radio-touring-104.png\",\"contentUrl\":\"https:\/\/progettotouring.it\/radiotouring104\/wp-content\/uploads\/sites\/6\/2022\/02\/cropped-logo-radio-touring-104.png\",\"width\":377,\"height\":182,\"caption\":\"Radio Touring 104\"},\"image\":{\"@id\":\"https:\/\/progettotouring.it\/radiotouring104\/#\/schema\/logo\/image\/\"}},{\"@type\":\"Person\",\"@id\":\"https:\/\/progettotouring.it\/radiotouring104\/#\/schema\/person\/78613917f1851f041f7483f5af1d422e\",\"name\":\"Sebastiano Plutino\",\"image\":{\"@type\":\"ImageObject\",\"inLanguage\":\"it-IT\",\"@id\":\"https:\/\/secure.gravatar.com\/avatar\/0546ffaa9b79224faf9f2a156b67a529ae861d3287c66c1d8ccfdf909bcba78d?s=96&d=mm&r=g\",\"url\":\"https:\/\/secure.gravatar.com\/avatar\/0546ffaa9b79224faf9f2a156b67a529ae861d3287c66c1d8ccfdf909bcba78d?s=96&d=mm&r=g\",\"contentUrl\":\"https:\/\/secure.gravatar.com\/avatar\/0546ffaa9b79224faf9f2a156b67a529ae861d3287c66c1d8ccfdf909bcba78d?s=96&d=mm&r=g\",\"caption\":\"Sebastiano Plutino\"},\"url\":\"https:\/\/progettotouring.it\/radiotouring104\/author\/sebastiano\/\"}]}<\/script>\n<!-- \/ Yoast SEO plugin. -->","yoast_head_json":{"title":"Sequestrati beni per 18 milioni a imprenditore legato a cosche","description":"Beni per circa 18 milioni di euro sono stati sequestrati, a Ninello Mord\u00e0, ritenuto dagli inquirenti al servizio della 'ndrangheta","robots":{"index":"index","follow":"follow","max-snippet":"max-snippet:-1","max-image-preview":"max-image-preview:large","max-video-preview":"max-video-preview:-1"},"canonical":"https:\/\/progettotouring.it\/radiotouring104\/2023\/09\/20\/reggio-finanza-sequestra-beni-per-18-milioni-a-imprenditore-legato-a-cosche\/","og_locale":"it_IT","og_type":"article","og_title":"Sequestrati beni per 18 milioni a imprenditore legato a cosche","og_description":"Beni per circa 18 milioni di euro sono stati sequestrati, a Ninello Mord\u00e0, ritenuto dagli inquirenti al servizio della 'ndrangheta","og_url":"https:\/\/progettotouring.it\/radiotouring104\/2023\/09\/20\/reggio-finanza-sequestra-beni-per-18-milioni-a-imprenditore-legato-a-cosche\/","og_site_name":"Radio Touring 104","article_published_time":"2023-09-20T09:00:25+00:00","article_modified_time":"2023-09-20T09:02:45+00:00","og_image":[{"width":774,"height":516,"url":"https:\/\/progettotouring.it\/radiotouring104\/wp-content\/uploads\/sites\/6\/2023\/08\/Via-Marina-Finanza-Truffa.jpg","type":"image\/jpeg"}],"author":"Sebastiano Plutino","twitter_card":"summary_large_image","twitter_misc":{"Scritto da":"Sebastiano Plutino","Tempo di lettura stimato":"4 minuti"},"schema":{"@context":"https:\/\/schema.org","@graph":[{"@type":"Article","@id":"https:\/\/progettotouring.it\/radiotouring104\/2023\/09\/20\/reggio-finanza-sequestra-beni-per-18-milioni-a-imprenditore-legato-a-cosche\/#article","isPartOf":{"@id":"https:\/\/progettotouring.it\/radiotouring104\/2023\/09\/20\/reggio-finanza-sequestra-beni-per-18-milioni-a-imprenditore-legato-a-cosche\/"},"author":{"name":"Sebastiano Plutino","@id":"https:\/\/progettotouring.it\/radiotouring104\/#\/schema\/person\/78613917f1851f041f7483f5af1d422e"},"headline":"Reggio: Finanza sequestra beni per 18 milioni a imprenditore legato a cosche","datePublished":"2023-09-20T09:00:25+00:00","dateModified":"2023-09-20T09:02:45+00:00","mainEntityOfPage":{"@id":"https:\/\/progettotouring.it\/radiotouring104\/2023\/09\/20\/reggio-finanza-sequestra-beni-per-18-milioni-a-imprenditore-legato-a-cosche\/"},"wordCount":742,"publisher":{"@id":"https:\/\/progettotouring.it\/radiotouring104\/#organization"},"image":{"@id":"https:\/\/progettotouring.it\/radiotouring104\/2023\/09\/20\/reggio-finanza-sequestra-beni-per-18-milioni-a-imprenditore-legato-a-cosche\/#primaryimage"},"thumbnailUrl":"https:\/\/progettotouring.it\/radiotouring104\/wp-content\/uploads\/sites\/6\/2023\/08\/Via-Marina-Finanza-Truffa.jpg","keywords":["Guardia di finanza di Reggio Calabria","Imprenditore legato a cosche","Nucleo di Polizia Economico Finanziaria di Reggio Calabria","procura nazionale antimafia e antiterrorismo","Procuratore Dott. Giovanni Bombardieri","Procuratore Dott. Giovanni Melillo","S.C.I.C.O.","sequestrati 18 milioni di beni","sequestro a Ninello Mord\u00e0","Sezione Misure di Prevenzione del Tribunale di Reggio Calabria"],"articleSection":["Home","In primo piano","News","Reggio Calabria"],"inLanguage":"it-IT"},{"@type":"WebPage","@id":"https:\/\/progettotouring.it\/radiotouring104\/2023\/09\/20\/reggio-finanza-sequestra-beni-per-18-milioni-a-imprenditore-legato-a-cosche\/","url":"https:\/\/progettotouring.it\/radiotouring104\/2023\/09\/20\/reggio-finanza-sequestra-beni-per-18-milioni-a-imprenditore-legato-a-cosche\/","name":"Sequestrati beni per 18 milioni a imprenditore legato a cosche","isPartOf":{"@id":"https:\/\/progettotouring.it\/radiotouring104\/#website"},"primaryImageOfPage":{"@id":"https:\/\/progettotouring.it\/radiotouring104\/2023\/09\/20\/reggio-finanza-sequestra-beni-per-18-milioni-a-imprenditore-legato-a-cosche\/#primaryimage"},"image":{"@id":"https:\/\/progettotouring.it\/radiotouring104\/2023\/09\/20\/reggio-finanza-sequestra-beni-per-18-milioni-a-imprenditore-legato-a-cosche\/#primaryimage"},"thumbnailUrl":"https:\/\/progettotouring.it\/radiotouring104\/wp-content\/uploads\/sites\/6\/2023\/08\/Via-Marina-Finanza-Truffa.jpg","datePublished":"2023-09-20T09:00:25+00:00","dateModified":"2023-09-20T09:02:45+00:00","description":"Beni per circa 18 milioni di euro sono stati sequestrati, a Ninello Mord\u00e0, ritenuto dagli inquirenti al servizio della 'ndrangheta","breadcrumb":{"@id":"https:\/\/progettotouring.it\/radiotouring104\/2023\/09\/20\/reggio-finanza-sequestra-beni-per-18-milioni-a-imprenditore-legato-a-cosche\/#breadcrumb"},"inLanguage":"it-IT","potentialAction":[{"@type":"ReadAction","target":["https:\/\/progettotouring.it\/radiotouring104\/2023\/09\/20\/reggio-finanza-sequestra-beni-per-18-milioni-a-imprenditore-legato-a-cosche\/"]}]},{"@type":"ImageObject","inLanguage":"it-IT","@id":"https:\/\/progettotouring.it\/radiotouring104\/2023\/09\/20\/reggio-finanza-sequestra-beni-per-18-milioni-a-imprenditore-legato-a-cosche\/#primaryimage","url":"https:\/\/progettotouring.it\/radiotouring104\/wp-content\/uploads\/sites\/6\/2023\/08\/Via-Marina-Finanza-Truffa.jpg","contentUrl":"https:\/\/progettotouring.it\/radiotouring104\/wp-content\/uploads\/sites\/6\/2023\/08\/Via-Marina-Finanza-Truffa.jpg","width":774,"height":516},{"@type":"BreadcrumbList","@id":"https:\/\/progettotouring.it\/radiotouring104\/2023\/09\/20\/reggio-finanza-sequestra-beni-per-18-milioni-a-imprenditore-legato-a-cosche\/#breadcrumb","itemListElement":[{"@type":"ListItem","position":1,"name":"Home","item":"https:\/\/progettotouring.it\/radiotouring104\/"},{"@type":"ListItem","position":2,"name":"Reggio: Finanza sequestra beni per 18 milioni a imprenditore legato a cosche"}]},{"@type":"WebSite","@id":"https:\/\/progettotouring.it\/radiotouring104\/#website","url":"https:\/\/progettotouring.it\/radiotouring104\/","name":"Radio Touring 104","description":"La prima radio Reggina","publisher":{"@id":"https:\/\/progettotouring.it\/radiotouring104\/#organization"},"potentialAction":[{"@type":"SearchAction","target":{"@type":"EntryPoint","urlTemplate":"https:\/\/progettotouring.it\/radiotouring104\/?s={search_term_string}"},"query-input":{"@type":"PropertyValueSpecification","valueRequired":true,"valueName":"search_term_string"}}],"inLanguage":"it-IT"},{"@type":"Organization","@id":"https:\/\/progettotouring.it\/radiotouring104\/#organization","name":"Radio Touring 104","url":"https:\/\/progettotouring.it\/radiotouring104\/","logo":{"@type":"ImageObject","inLanguage":"it-IT","@id":"https:\/\/progettotouring.it\/radiotouring104\/#\/schema\/logo\/image\/","url":"https:\/\/progettotouring.it\/radiotouring104\/wp-content\/uploads\/sites\/6\/2022\/02\/cropped-logo-radio-touring-104.png","contentUrl":"https:\/\/progettotouring.it\/radiotouring104\/wp-content\/uploads\/sites\/6\/2022\/02\/cropped-logo-radio-touring-104.png","width":377,"height":182,"caption":"Radio Touring 104"},"image":{"@id":"https:\/\/progettotouring.it\/radiotouring104\/#\/schema\/logo\/image\/"}},{"@type":"Person","@id":"https:\/\/progettotouring.it\/radiotouring104\/#\/schema\/person\/78613917f1851f041f7483f5af1d422e","name":"Sebastiano Plutino","image":{"@type":"ImageObject","inLanguage":"it-IT","@id":"https:\/\/secure.gravatar.com\/avatar\/0546ffaa9b79224faf9f2a156b67a529ae861d3287c66c1d8ccfdf909bcba78d?s=96&d=mm&r=g","url":"https:\/\/secure.gravatar.com\/avatar\/0546ffaa9b79224faf9f2a156b67a529ae861d3287c66c1d8ccfdf909bcba78d?s=96&d=mm&r=g","contentUrl":"https:\/\/secure.gravatar.com\/avatar\/0546ffaa9b79224faf9f2a156b67a529ae861d3287c66c1d8ccfdf909bcba78d?s=96&d=mm&r=g","caption":"Sebastiano Plutino"},"url":"https:\/\/progettotouring.it\/radiotouring104\/author\/sebastiano\/"}]}},"jetpack_publicize_connections":[],"jetpack_featured_media_url":"https:\/\/progettotouring.it\/radiotouring104\/wp-content\/uploads\/sites\/6\/2023\/08\/Via-Marina-Finanza-Truffa.jpg","jetpack_sharing_enabled":true,"_links":{"self":[{"href":"https:\/\/progettotouring.it\/radiotouring104\/wp-json\/wp\/v2\/posts\/34600","targetHints":{"allow":["GET"]}}],"collection":[{"href":"https:\/\/progettotouring.it\/radiotouring104\/wp-json\/wp\/v2\/posts"}],"about":[{"href":"https:\/\/progettotouring.it\/radiotouring104\/wp-json\/wp\/v2\/types\/post"}],"author":[{"embeddable":true,"href":"https:\/\/progettotouring.it\/radiotouring104\/wp-json\/wp\/v2\/users\/12"}],"replies":[{"embeddable":true,"href":"https:\/\/progettotouring.it\/radiotouring104\/wp-json\/wp\/v2\/comments?post=34600"}],"version-history":[{"count":2,"href":"https:\/\/progettotouring.it\/radiotouring104\/wp-json\/wp\/v2\/posts\/34600\/revisions"}],"predecessor-version":[{"id":34602,"href":"https:\/\/progettotouring.it\/radiotouring104\/wp-json\/wp\/v2\/posts\/34600\/revisions\/34602"}],"wp:featuredmedia":[{"embeddable":true,"href":"https:\/\/progettotouring.it\/radiotouring104\/wp-json\/wp\/v2\/media\/33476"}],"wp:attachment":[{"href":"https:\/\/progettotouring.it\/radiotouring104\/wp-json\/wp\/v2\/media?parent=34600"}],"wp:term":[{"taxonomy":"category","embeddable":true,"href":"https:\/\/progettotouring.it\/radiotouring104\/wp-json\/wp\/v2\/categories?post=34600"},{"taxonomy":"post_tag","embeddable":true,"href":"https:\/\/progettotouring.it\/radiotouring104\/wp-json\/wp\/v2\/tags?post=34600"}],"curies":[{"name":"wp","href":"https:\/\/api.w.org\/{rel}","templated":true}]}}