{"id":3466,"date":"2022-03-25T12:29:00","date_gmt":"2022-03-25T11:29:00","guid":{"rendered":"https:\/\/progettotouring.it\/radiotouring104\/?p=3466"},"modified":"2022-03-25T16:54:24","modified_gmt":"2022-03-25T15:54:24","slug":"palazzo-san-giorgio-presentazione-del-documento-strategico-per-infrastrutture-e-mobilita-per-il-rilancio-di-reggio-calabria","status":"publish","type":"post","link":"https:\/\/progettotouring.it\/radiotouring104\/2022\/03\/25\/palazzo-san-giorgio-presentazione-del-documento-strategico-per-infrastrutture-e-mobilita-per-il-rilancio-di-reggio-calabria\/","title":{"rendered":"Palazzo San Giorgio, presentazione del Documento strategico per infrastrutture e mobilit\u00e0 per il rilancio di Reggio Calabria"},"content":{"rendered":"<p style=\"text-align: justify;\">Si terr\u00e0 questo pomeriggio, alle ore 16.30, nella sala dei Lampadari Italo Falcomat\u00e0 di Palazzo San Giorgio, sede del Comune di Reggio Calabria, la presentazione del <strong>Documento strategico relativo alle infrastrutture ed alla mobilit\u00e0 per il rilancio della citt\u00e0 di Reggio Calabria e dell\u2019area metropolitana<\/strong>, alla presenza della Presidente della Commissione Trasporti della Camera dei Deputati <strong>On. Raffaella Paita<\/strong>.<\/p>\n<p style=\"text-align: justify;\">Interverranno all&#8217;incontro il sindaco f.f. del Comune di Reggio Calabria <strong>Paolo Brunetti<\/strong> e il sindaco f.f. della Citt\u00e0 Metropolitana <strong>Carmelo Versace<\/strong>, oltre a diversi amministratori locali, regionali e nazionali.<\/p>\n<p style=\"text-align: justify;\">Riguardo il Documento strategico, si \u00e8 discusso lo scorso mercoled\u00ec 23 marzo in sede di Consiglio Comunale, convocato con urgenza per volont\u00e0 di tutte le componenti politiche. Il Documento ha rappresentato l&#8217;unico punto all&#8217;ordine del giorno: la seduta straordinaria del Consiglio Comunale aveva come obiettivo la consegna di un documento unitario da consegnare alla Presidente della Commissione Trasporti della Camera dei Deputati, ospite a Reggio Calabria nella giornata odierna.<\/p>\n<p style=\"text-align: justify;\">Scrive a riguardo, in una nota, <strong>Filomena Iat\u00ec<\/strong>, Consigliere Comunale e socio fondatore <strong>Movimento Impegno e Identit\u00e0<\/strong>: &#8220;<em>Proposito lodevole e condiviso non solo perch\u00e9 il tema della infrastrutturazione del territorio reggino \u00e8 fondamentale per lo sviluppo generale della nostra citt\u00e0 e di tutta l\u2019area metropolitana, ma anche perch\u00e9 solo attraverso il confronto e la partecipazione democratica per una vera condivisione di idee e progetti, la nostra citt\u00e0 e l\u2019intero territorio metropolitano potranno guardare al futuro con speranza<\/em>&#8220;.<\/p>\n<p style=\"text-align: justify;\">Dopo preventiva discussione tra i capigruppo e successivamente con approvazione di tutti i consiglieri, si \u00e8 scelto di incentrare il &#8220;Documento strategico relativo alle infrastrutture ed alla mobilit\u00e0 per il rilancio della citt\u00e0 di Reggio Calabria e dell\u2019intera area metropolitana&#8221; su temi quali: la necessit\u00e0 di accelerare i tempi per realizzare l\u2019alta velocit\u00e0, il rilancio dell\u2019aeroporto dello Stretto, lo sviluppo del porto di Gioia Tauro ed il finanziamento per il completamento dell\u2019ammodernamento e la messa in sicurezza della SS 106.<\/p>\n<p style=\"text-align: justify;\"><strong>Rigettata dal Consiglio<\/strong>, invece, fa sapere la Iat\u00ec, la proposta di integrazione al documento da parte del Movimento Impegno e identit\u00e0, presieduto da Angela Marcian\u00f2,\u00a0relativamente al rilancio dell\u2019Aeroporto dello Stretto, e nello specifico: &#8220;<em>Ripensare il modello di gestione unica degli aeroporti calabresi, consentendo, con l\u2019impulso determinante della Regione Calabria che oggi detiene la maggioranza delle quote Sacal, previo confronto con ENAC, di proporre una societ\u00e0 di gestione per il solo aeroporto di Reggio Calabria al fine di poter meglio indirizzare interventi per l\u2019attrazione di nuovi vettori con destinazioni che guardino al bacino euro mediterraneo unitamente all\u2019incremento del traffico dei voli domestici, in un\u2019ottica di ampliamento all\u2019offerta volativa degli aeroporti calabresi<\/em>&#8220;.<\/p>\n<p><a href=\"https:\/\/progettotouring.it\/radiotouring104\/wp-content\/uploads\/sites\/6\/2022\/03\/invito-commissione.jpeg\" data-rel=\"penci-gallery-image-content\" ><img fetchpriority=\"high\" decoding=\"async\" class=\"aligncenter wp-image-3467 size-large\" src=\"https:\/\/progettotouring.it\/radiotouring104\/wp-content\/uploads\/sites\/6\/2022\/03\/invito-commissione-1024x682.jpeg\" alt=\"\" width=\"1024\" height=\"682\" srcset=\"https:\/\/progettotouring.it\/radiotouring104\/wp-content\/uploads\/sites\/6\/2022\/03\/invito-commissione-1024x682.jpeg 1024w, https:\/\/progettotouring.it\/radiotouring104\/wp-content\/uploads\/sites\/6\/2022\/03\/invito-commissione-300x200.jpeg 300w, https:\/\/progettotouring.it\/radiotouring104\/wp-content\/uploads\/sites\/6\/2022\/03\/invito-commissione-768x512.jpeg 768w, https:\/\/progettotouring.it\/radiotouring104\/wp-content\/uploads\/sites\/6\/2022\/03\/invito-commissione-1536x1023.jpeg 1536w, https:\/\/progettotouring.it\/radiotouring104\/wp-content\/uploads\/sites\/6\/2022\/03\/invito-commissione-1170x780.jpeg 1170w, https:\/\/progettotouring.it\/radiotouring104\/wp-content\/uploads\/sites\/6\/2022\/03\/invito-commissione-585x390.jpeg 585w, https:\/\/progettotouring.it\/radiotouring104\/wp-content\/uploads\/sites\/6\/2022\/03\/invito-commissione-263x175.jpeg 263w, https:\/\/progettotouring.it\/radiotouring104\/wp-content\/uploads\/sites\/6\/2022\/03\/invito-commissione.jpeg 1600w\" sizes=\"(max-width: 1024px) 100vw, 1024px\" \/><\/a><\/p>\n","protected":false},"excerpt":{"rendered":"<p>Si terr\u00e0 questo pomeriggio, alle ore 16.30, nella sala dei Lampadari Italo Falcomat\u00e0 di Palazzo San Giorgio, sede del Comune di Reggio Calabria, la presentazione del Documento strategico relativo alle&hellip;<\/p>\n","protected":false},"author":1,"featured_media":3468,"comment_status":"open","ping_status":"open","sticky":false,"template":"","format":"standard","meta":{"_jetpack_memberships_contains_paid_content":false,"footnotes":"","jetpack_publicize_message":"","jetpack_publicize_feature_enabled":true,"jetpack_social_post_already_shared":false,"jetpack_social_options":{"image_generator_settings":{"template":"highway","default_image_id":0,"font":"","enabled":false},"version":2}},"categories":[196,195,140],"tags":[662,239,660,663,659,495,661,236],"class_list":["post-3466","post","type-post","status-publish","format-standard","has-post-thumbnail","hentry","category-news","category-politica","category-reggio-calabria","tag-camera-dei-deputati","tag-carmelo-versace","tag-comune","tag-documento-strategico","tag-palazzo-san-giorgio","tag-paolo-brunetti","tag-raffaella-paita","tag-reggio-calabria"],"yoast_head":"<!-- This site is optimized with the Yoast SEO plugin v27.2 - https:\/\/yoast.com\/product\/yoast-seo-wordpress\/ -->\n<title>Comune RC, presentazione Documento strategico per il rilancio della citt\u00e0<\/title>\n<meta name=\"description\" content=\"L&#039;incontro si terr\u00e0 alle 16:30 nella sala dei Lampadari del Comune, alla presenza della Presidente dell&#039; On. Raffaella Paita\" \/>\n<meta name=\"robots\" content=\"index, follow, max-snippet:-1, max-image-preview:large, max-video-preview:-1\" \/>\n<link rel=\"canonical\" href=\"https:\/\/progettotouring.it\/radiotouring104\/2022\/03\/25\/palazzo-san-giorgio-presentazione-del-documento-strategico-per-infrastrutture-e-mobilita-per-il-rilancio-di-reggio-calabria\/\" \/>\n<meta property=\"og:locale\" content=\"it_IT\" \/>\n<meta property=\"og:type\" content=\"article\" \/>\n<meta property=\"og:title\" content=\"Comune RC, presentazione Documento strategico per il rilancio della citt\u00e0\" \/>\n<meta property=\"og:description\" content=\"L&#039;incontro si terr\u00e0 alle 16:30 nella sala dei Lampadari del Comune, alla presenza della Presidente dell&#039; On. Raffaella Paita\" \/>\n<meta property=\"og:url\" content=\"https:\/\/progettotouring.it\/radiotouring104\/2022\/03\/25\/palazzo-san-giorgio-presentazione-del-documento-strategico-per-infrastrutture-e-mobilita-per-il-rilancio-di-reggio-calabria\/\" \/>\n<meta property=\"og:site_name\" content=\"Radio Touring 104\" \/>\n<meta property=\"article:published_time\" content=\"2022-03-25T11:29:00+00:00\" \/>\n<meta property=\"article:modified_time\" content=\"2022-03-25T15:54:24+00:00\" \/>\n<meta property=\"og:image\" content=\"https:\/\/progettotouring.it\/radiotouring104\/wp-content\/uploads\/sites\/6\/2022\/03\/Palazzo-san-giorgio.jpg\" \/>\n\t<meta property=\"og:image:width\" content=\"644\" \/>\n\t<meta property=\"og:image:height\" content=\"398\" \/>\n\t<meta property=\"og:image:type\" content=\"image\/jpeg\" \/>\n<meta name=\"author\" content=\"Chiara Cucinotta\" \/>\n<meta name=\"twitter:card\" content=\"summary_large_image\" \/>\n<meta name=\"twitter:label1\" content=\"Scritto da\" \/>\n\t<meta name=\"twitter:data1\" content=\"Chiara Cucinotta\" \/>\n\t<meta name=\"twitter:label2\" content=\"Tempo di lettura stimato\" \/>\n\t<meta name=\"twitter:data2\" content=\"2 minuti\" \/>\n<script type=\"application\/ld+json\" class=\"yoast-schema-graph\">{\"@context\":\"https:\/\/schema.org\",\"@graph\":[{\"@type\":\"Article\",\"@id\":\"https:\/\/progettotouring.it\/radiotouring104\/2022\/03\/25\/palazzo-san-giorgio-presentazione-del-documento-strategico-per-infrastrutture-e-mobilita-per-il-rilancio-di-reggio-calabria\/#article\",\"isPartOf\":{\"@id\":\"https:\/\/progettotouring.it\/radiotouring104\/2022\/03\/25\/palazzo-san-giorgio-presentazione-del-documento-strategico-per-infrastrutture-e-mobilita-per-il-rilancio-di-reggio-calabria\/\"},\"author\":{\"name\":\"Chiara Cucinotta\",\"@id\":\"https:\/\/progettotouring.it\/radiotouring104\/#\/schema\/person\/f01f189b71df20dcfc0890eea7e67a0e\"},\"headline\":\"Palazzo San Giorgio, presentazione del Documento strategico per infrastrutture e mobilit\u00e0 per il rilancio di Reggio Calabria\",\"datePublished\":\"2022-03-25T11:29:00+00:00\",\"dateModified\":\"2022-03-25T15:54:24+00:00\",\"mainEntityOfPage\":{\"@id\":\"https:\/\/progettotouring.it\/radiotouring104\/2022\/03\/25\/palazzo-san-giorgio-presentazione-del-documento-strategico-per-infrastrutture-e-mobilita-per-il-rilancio-di-reggio-calabria\/\"},\"wordCount\":451,\"commentCount\":0,\"publisher\":{\"@id\":\"https:\/\/progettotouring.it\/radiotouring104\/#organization\"},\"image\":{\"@id\":\"https:\/\/progettotouring.it\/radiotouring104\/2022\/03\/25\/palazzo-san-giorgio-presentazione-del-documento-strategico-per-infrastrutture-e-mobilita-per-il-rilancio-di-reggio-calabria\/#primaryimage\"},\"thumbnailUrl\":\"https:\/\/progettotouring.it\/radiotouring104\/wp-content\/uploads\/sites\/6\/2022\/03\/Palazzo-san-giorgio.jpg\",\"keywords\":[\"camera dei deputati\",\"carmelo versace\",\"comune\",\"documento strategico\",\"palazzo san giorgio\",\"Paolo Brunetti\",\"Raffaella Paita\",\"reggio calabria\"],\"articleSection\":[\"News\",\"Politica\",\"Reggio Calabria\"],\"inLanguage\":\"it-IT\",\"potentialAction\":[{\"@type\":\"CommentAction\",\"name\":\"Comment\",\"target\":[\"https:\/\/progettotouring.it\/radiotouring104\/2022\/03\/25\/palazzo-san-giorgio-presentazione-del-documento-strategico-per-infrastrutture-e-mobilita-per-il-rilancio-di-reggio-calabria\/#respond\"]}]},{\"@type\":\"WebPage\",\"@id\":\"https:\/\/progettotouring.it\/radiotouring104\/2022\/03\/25\/palazzo-san-giorgio-presentazione-del-documento-strategico-per-infrastrutture-e-mobilita-per-il-rilancio-di-reggio-calabria\/\",\"url\":\"https:\/\/progettotouring.it\/radiotouring104\/2022\/03\/25\/palazzo-san-giorgio-presentazione-del-documento-strategico-per-infrastrutture-e-mobilita-per-il-rilancio-di-reggio-calabria\/\",\"name\":\"Comune RC, presentazione Documento strategico per il rilancio della citt\u00e0\",\"isPartOf\":{\"@id\":\"https:\/\/progettotouring.it\/radiotouring104\/#website\"},\"primaryImageOfPage\":{\"@id\":\"https:\/\/progettotouring.it\/radiotouring104\/2022\/03\/25\/palazzo-san-giorgio-presentazione-del-documento-strategico-per-infrastrutture-e-mobilita-per-il-rilancio-di-reggio-calabria\/#primaryimage\"},\"image\":{\"@id\":\"https:\/\/progettotouring.it\/radiotouring104\/2022\/03\/25\/palazzo-san-giorgio-presentazione-del-documento-strategico-per-infrastrutture-e-mobilita-per-il-rilancio-di-reggio-calabria\/#primaryimage\"},\"thumbnailUrl\":\"https:\/\/progettotouring.it\/radiotouring104\/wp-content\/uploads\/sites\/6\/2022\/03\/Palazzo-san-giorgio.jpg\",\"datePublished\":\"2022-03-25T11:29:00+00:00\",\"dateModified\":\"2022-03-25T15:54:24+00:00\",\"description\":\"L'incontro si terr\u00e0 alle 16:30 nella sala dei Lampadari del Comune, alla presenza della Presidente dell' On. Raffaella Paita\",\"breadcrumb\":{\"@id\":\"https:\/\/progettotouring.it\/radiotouring104\/2022\/03\/25\/palazzo-san-giorgio-presentazione-del-documento-strategico-per-infrastrutture-e-mobilita-per-il-rilancio-di-reggio-calabria\/#breadcrumb\"},\"inLanguage\":\"it-IT\",\"potentialAction\":[{\"@type\":\"ReadAction\",\"target\":[\"https:\/\/progettotouring.it\/radiotouring104\/2022\/03\/25\/palazzo-san-giorgio-presentazione-del-documento-strategico-per-infrastrutture-e-mobilita-per-il-rilancio-di-reggio-calabria\/\"]}]},{\"@type\":\"ImageObject\",\"inLanguage\":\"it-IT\",\"@id\":\"https:\/\/progettotouring.it\/radiotouring104\/2022\/03\/25\/palazzo-san-giorgio-presentazione-del-documento-strategico-per-infrastrutture-e-mobilita-per-il-rilancio-di-reggio-calabria\/#primaryimage\",\"url\":\"https:\/\/progettotouring.it\/radiotouring104\/wp-content\/uploads\/sites\/6\/2022\/03\/Palazzo-san-giorgio.jpg\",\"contentUrl\":\"https:\/\/progettotouring.it\/radiotouring104\/wp-content\/uploads\/sites\/6\/2022\/03\/Palazzo-san-giorgio.jpg\",\"width\":644,\"height\":398},{\"@type\":\"BreadcrumbList\",\"@id\":\"https:\/\/progettotouring.it\/radiotouring104\/2022\/03\/25\/palazzo-san-giorgio-presentazione-del-documento-strategico-per-infrastrutture-e-mobilita-per-il-rilancio-di-reggio-calabria\/#breadcrumb\",\"itemListElement\":[{\"@type\":\"ListItem\",\"position\":1,\"name\":\"Home\",\"item\":\"https:\/\/progettotouring.it\/radiotouring104\/\"},{\"@type\":\"ListItem\",\"position\":2,\"name\":\"Palazzo San Giorgio, presentazione del Documento strategico per infrastrutture e mobilit\u00e0 per il rilancio di Reggio Calabria\"}]},{\"@type\":\"WebSite\",\"@id\":\"https:\/\/progettotouring.it\/radiotouring104\/#website\",\"url\":\"https:\/\/progettotouring.it\/radiotouring104\/\",\"name\":\"Radio Touring 104\",\"description\":\"La prima radio Reggina\",\"publisher\":{\"@id\":\"https:\/\/progettotouring.it\/radiotouring104\/#organization\"},\"potentialAction\":[{\"@type\":\"SearchAction\",\"target\":{\"@type\":\"EntryPoint\",\"urlTemplate\":\"https:\/\/progettotouring.it\/radiotouring104\/?s={search_term_string}\"},\"query-input\":{\"@type\":\"PropertyValueSpecification\",\"valueRequired\":true,\"valueName\":\"search_term_string\"}}],\"inLanguage\":\"it-IT\"},{\"@type\":\"Organization\",\"@id\":\"https:\/\/progettotouring.it\/radiotouring104\/#organization\",\"name\":\"Radio Touring 104\",\"url\":\"https:\/\/progettotouring.it\/radiotouring104\/\",\"logo\":{\"@type\":\"ImageObject\",\"inLanguage\":\"it-IT\",\"@id\":\"https:\/\/progettotouring.it\/radiotouring104\/#\/schema\/logo\/image\/\",\"url\":\"https:\/\/progettotouring.it\/radiotouring104\/wp-content\/uploads\/sites\/6\/2022\/02\/cropped-logo-radio-touring-104.png\",\"contentUrl\":\"https:\/\/progettotouring.it\/radiotouring104\/wp-content\/uploads\/sites\/6\/2022\/02\/cropped-logo-radio-touring-104.png\",\"width\":377,\"height\":182,\"caption\":\"Radio Touring 104\"},\"image\":{\"@id\":\"https:\/\/progettotouring.it\/radiotouring104\/#\/schema\/logo\/image\/\"}},{\"@type\":\"Person\",\"@id\":\"https:\/\/progettotouring.it\/radiotouring104\/#\/schema\/person\/f01f189b71df20dcfc0890eea7e67a0e\",\"name\":\"Chiara Cucinotta\",\"image\":{\"@type\":\"ImageObject\",\"inLanguage\":\"it-IT\",\"@id\":\"https:\/\/secure.gravatar.com\/avatar\/efe17e5613fdef9b05741a23cd4ef4e9b1c39955d8fe11176cb1da3641c96104?s=96&d=mm&r=g\",\"url\":\"https:\/\/secure.gravatar.com\/avatar\/efe17e5613fdef9b05741a23cd4ef4e9b1c39955d8fe11176cb1da3641c96104?s=96&d=mm&r=g\",\"contentUrl\":\"https:\/\/secure.gravatar.com\/avatar\/efe17e5613fdef9b05741a23cd4ef4e9b1c39955d8fe11176cb1da3641c96104?s=96&d=mm&r=g\",\"caption\":\"Chiara Cucinotta\"},\"sameAs\":[\"https:\/\/progettotouring.it\"],\"url\":\"https:\/\/progettotouring.it\/radiotouring104\/author\/auranex\/\"}]}<\/script>\n<!-- \/ Yoast SEO plugin. -->","yoast_head_json":{"title":"Comune RC, presentazione Documento strategico per il rilancio della citt\u00e0","description":"L'incontro si terr\u00e0 alle 16:30 nella sala dei Lampadari del Comune, alla presenza della Presidente dell' On. Raffaella Paita","robots":{"index":"index","follow":"follow","max-snippet":"max-snippet:-1","max-image-preview":"max-image-preview:large","max-video-preview":"max-video-preview:-1"},"canonical":"https:\/\/progettotouring.it\/radiotouring104\/2022\/03\/25\/palazzo-san-giorgio-presentazione-del-documento-strategico-per-infrastrutture-e-mobilita-per-il-rilancio-di-reggio-calabria\/","og_locale":"it_IT","og_type":"article","og_title":"Comune RC, presentazione Documento strategico per il rilancio della citt\u00e0","og_description":"L'incontro si terr\u00e0 alle 16:30 nella sala dei Lampadari del Comune, alla presenza della Presidente dell' On. Raffaella Paita","og_url":"https:\/\/progettotouring.it\/radiotouring104\/2022\/03\/25\/palazzo-san-giorgio-presentazione-del-documento-strategico-per-infrastrutture-e-mobilita-per-il-rilancio-di-reggio-calabria\/","og_site_name":"Radio Touring 104","article_published_time":"2022-03-25T11:29:00+00:00","article_modified_time":"2022-03-25T15:54:24+00:00","og_image":[{"width":644,"height":398,"url":"https:\/\/progettotouring.it\/radiotouring104\/wp-content\/uploads\/sites\/6\/2022\/03\/Palazzo-san-giorgio.jpg","type":"image\/jpeg"}],"author":"Chiara Cucinotta","twitter_card":"summary_large_image","twitter_misc":{"Scritto da":"Chiara Cucinotta","Tempo di lettura stimato":"2 minuti"},"schema":{"@context":"https:\/\/schema.org","@graph":[{"@type":"Article","@id":"https:\/\/progettotouring.it\/radiotouring104\/2022\/03\/25\/palazzo-san-giorgio-presentazione-del-documento-strategico-per-infrastrutture-e-mobilita-per-il-rilancio-di-reggio-calabria\/#article","isPartOf":{"@id":"https:\/\/progettotouring.it\/radiotouring104\/2022\/03\/25\/palazzo-san-giorgio-presentazione-del-documento-strategico-per-infrastrutture-e-mobilita-per-il-rilancio-di-reggio-calabria\/"},"author":{"name":"Chiara Cucinotta","@id":"https:\/\/progettotouring.it\/radiotouring104\/#\/schema\/person\/f01f189b71df20dcfc0890eea7e67a0e"},"headline":"Palazzo San Giorgio, presentazione del Documento strategico per infrastrutture e mobilit\u00e0 per il rilancio di Reggio Calabria","datePublished":"2022-03-25T11:29:00+00:00","dateModified":"2022-03-25T15:54:24+00:00","mainEntityOfPage":{"@id":"https:\/\/progettotouring.it\/radiotouring104\/2022\/03\/25\/palazzo-san-giorgio-presentazione-del-documento-strategico-per-infrastrutture-e-mobilita-per-il-rilancio-di-reggio-calabria\/"},"wordCount":451,"commentCount":0,"publisher":{"@id":"https:\/\/progettotouring.it\/radiotouring104\/#organization"},"image":{"@id":"https:\/\/progettotouring.it\/radiotouring104\/2022\/03\/25\/palazzo-san-giorgio-presentazione-del-documento-strategico-per-infrastrutture-e-mobilita-per-il-rilancio-di-reggio-calabria\/#primaryimage"},"thumbnailUrl":"https:\/\/progettotouring.it\/radiotouring104\/wp-content\/uploads\/sites\/6\/2022\/03\/Palazzo-san-giorgio.jpg","keywords":["camera dei deputati","carmelo versace","comune","documento strategico","palazzo san giorgio","Paolo Brunetti","Raffaella Paita","reggio calabria"],"articleSection":["News","Politica","Reggio Calabria"],"inLanguage":"it-IT","potentialAction":[{"@type":"CommentAction","name":"Comment","target":["https:\/\/progettotouring.it\/radiotouring104\/2022\/03\/25\/palazzo-san-giorgio-presentazione-del-documento-strategico-per-infrastrutture-e-mobilita-per-il-rilancio-di-reggio-calabria\/#respond"]}]},{"@type":"WebPage","@id":"https:\/\/progettotouring.it\/radiotouring104\/2022\/03\/25\/palazzo-san-giorgio-presentazione-del-documento-strategico-per-infrastrutture-e-mobilita-per-il-rilancio-di-reggio-calabria\/","url":"https:\/\/progettotouring.it\/radiotouring104\/2022\/03\/25\/palazzo-san-giorgio-presentazione-del-documento-strategico-per-infrastrutture-e-mobilita-per-il-rilancio-di-reggio-calabria\/","name":"Comune RC, presentazione Documento strategico per il rilancio della citt\u00e0","isPartOf":{"@id":"https:\/\/progettotouring.it\/radiotouring104\/#website"},"primaryImageOfPage":{"@id":"https:\/\/progettotouring.it\/radiotouring104\/2022\/03\/25\/palazzo-san-giorgio-presentazione-del-documento-strategico-per-infrastrutture-e-mobilita-per-il-rilancio-di-reggio-calabria\/#primaryimage"},"image":{"@id":"https:\/\/progettotouring.it\/radiotouring104\/2022\/03\/25\/palazzo-san-giorgio-presentazione-del-documento-strategico-per-infrastrutture-e-mobilita-per-il-rilancio-di-reggio-calabria\/#primaryimage"},"thumbnailUrl":"https:\/\/progettotouring.it\/radiotouring104\/wp-content\/uploads\/sites\/6\/2022\/03\/Palazzo-san-giorgio.jpg","datePublished":"2022-03-25T11:29:00+00:00","dateModified":"2022-03-25T15:54:24+00:00","description":"L'incontro si terr\u00e0 alle 16:30 nella sala dei Lampadari del Comune, alla presenza della Presidente dell' On. Raffaella Paita","breadcrumb":{"@id":"https:\/\/progettotouring.it\/radiotouring104\/2022\/03\/25\/palazzo-san-giorgio-presentazione-del-documento-strategico-per-infrastrutture-e-mobilita-per-il-rilancio-di-reggio-calabria\/#breadcrumb"},"inLanguage":"it-IT","potentialAction":[{"@type":"ReadAction","target":["https:\/\/progettotouring.it\/radiotouring104\/2022\/03\/25\/palazzo-san-giorgio-presentazione-del-documento-strategico-per-infrastrutture-e-mobilita-per-il-rilancio-di-reggio-calabria\/"]}]},{"@type":"ImageObject","inLanguage":"it-IT","@id":"https:\/\/progettotouring.it\/radiotouring104\/2022\/03\/25\/palazzo-san-giorgio-presentazione-del-documento-strategico-per-infrastrutture-e-mobilita-per-il-rilancio-di-reggio-calabria\/#primaryimage","url":"https:\/\/progettotouring.it\/radiotouring104\/wp-content\/uploads\/sites\/6\/2022\/03\/Palazzo-san-giorgio.jpg","contentUrl":"https:\/\/progettotouring.it\/radiotouring104\/wp-content\/uploads\/sites\/6\/2022\/03\/Palazzo-san-giorgio.jpg","width":644,"height":398},{"@type":"BreadcrumbList","@id":"https:\/\/progettotouring.it\/radiotouring104\/2022\/03\/25\/palazzo-san-giorgio-presentazione-del-documento-strategico-per-infrastrutture-e-mobilita-per-il-rilancio-di-reggio-calabria\/#breadcrumb","itemListElement":[{"@type":"ListItem","position":1,"name":"Home","item":"https:\/\/progettotouring.it\/radiotouring104\/"},{"@type":"ListItem","position":2,"name":"Palazzo San Giorgio, presentazione del Documento strategico per infrastrutture e mobilit\u00e0 per il rilancio di Reggio Calabria"}]},{"@type":"WebSite","@id":"https:\/\/progettotouring.it\/radiotouring104\/#website","url":"https:\/\/progettotouring.it\/radiotouring104\/","name":"Radio Touring 104","description":"La prima radio Reggina","publisher":{"@id":"https:\/\/progettotouring.it\/radiotouring104\/#organization"},"potentialAction":[{"@type":"SearchAction","target":{"@type":"EntryPoint","urlTemplate":"https:\/\/progettotouring.it\/radiotouring104\/?s={search_term_string}"},"query-input":{"@type":"PropertyValueSpecification","valueRequired":true,"valueName":"search_term_string"}}],"inLanguage":"it-IT"},{"@type":"Organization","@id":"https:\/\/progettotouring.it\/radiotouring104\/#organization","name":"Radio Touring 104","url":"https:\/\/progettotouring.it\/radiotouring104\/","logo":{"@type":"ImageObject","inLanguage":"it-IT","@id":"https:\/\/progettotouring.it\/radiotouring104\/#\/schema\/logo\/image\/","url":"https:\/\/progettotouring.it\/radiotouring104\/wp-content\/uploads\/sites\/6\/2022\/02\/cropped-logo-radio-touring-104.png","contentUrl":"https:\/\/progettotouring.it\/radiotouring104\/wp-content\/uploads\/sites\/6\/2022\/02\/cropped-logo-radio-touring-104.png","width":377,"height":182,"caption":"Radio Touring 104"},"image":{"@id":"https:\/\/progettotouring.it\/radiotouring104\/#\/schema\/logo\/image\/"}},{"@type":"Person","@id":"https:\/\/progettotouring.it\/radiotouring104\/#\/schema\/person\/f01f189b71df20dcfc0890eea7e67a0e","name":"Chiara Cucinotta","image":{"@type":"ImageObject","inLanguage":"it-IT","@id":"https:\/\/secure.gravatar.com\/avatar\/efe17e5613fdef9b05741a23cd4ef4e9b1c39955d8fe11176cb1da3641c96104?s=96&d=mm&r=g","url":"https:\/\/secure.gravatar.com\/avatar\/efe17e5613fdef9b05741a23cd4ef4e9b1c39955d8fe11176cb1da3641c96104?s=96&d=mm&r=g","contentUrl":"https:\/\/secure.gravatar.com\/avatar\/efe17e5613fdef9b05741a23cd4ef4e9b1c39955d8fe11176cb1da3641c96104?s=96&d=mm&r=g","caption":"Chiara Cucinotta"},"sameAs":["https:\/\/progettotouring.it"],"url":"https:\/\/progettotouring.it\/radiotouring104\/author\/auranex\/"}]}},"jetpack_publicize_connections":[],"jetpack_featured_media_url":"https:\/\/progettotouring.it\/radiotouring104\/wp-content\/uploads\/sites\/6\/2022\/03\/Palazzo-san-giorgio.jpg","jetpack_sharing_enabled":true,"_links":{"self":[{"href":"https:\/\/progettotouring.it\/radiotouring104\/wp-json\/wp\/v2\/posts\/3466","targetHints":{"allow":["GET"]}}],"collection":[{"href":"https:\/\/progettotouring.it\/radiotouring104\/wp-json\/wp\/v2\/posts"}],"about":[{"href":"https:\/\/progettotouring.it\/radiotouring104\/wp-json\/wp\/v2\/types\/post"}],"author":[{"embeddable":true,"href":"https:\/\/progettotouring.it\/radiotouring104\/wp-json\/wp\/v2\/users\/1"}],"replies":[{"embeddable":true,"href":"https:\/\/progettotouring.it\/radiotouring104\/wp-json\/wp\/v2\/comments?post=3466"}],"version-history":[{"count":1,"href":"https:\/\/progettotouring.it\/radiotouring104\/wp-json\/wp\/v2\/posts\/3466\/revisions"}],"predecessor-version":[{"id":3469,"href":"https:\/\/progettotouring.it\/radiotouring104\/wp-json\/wp\/v2\/posts\/3466\/revisions\/3469"}],"wp:featuredmedia":[{"embeddable":true,"href":"https:\/\/progettotouring.it\/radiotouring104\/wp-json\/wp\/v2\/media\/3468"}],"wp:attachment":[{"href":"https:\/\/progettotouring.it\/radiotouring104\/wp-json\/wp\/v2\/media?parent=3466"}],"wp:term":[{"taxonomy":"category","embeddable":true,"href":"https:\/\/progettotouring.it\/radiotouring104\/wp-json\/wp\/v2\/categories?post=3466"},{"taxonomy":"post_tag","embeddable":true,"href":"https:\/\/progettotouring.it\/radiotouring104\/wp-json\/wp\/v2\/tags?post=3466"}],"curies":[{"name":"wp","href":"https:\/\/api.w.org\/{rel}","templated":true}]}}