{"id":3470,"date":"2022-03-25T13:12:39","date_gmt":"2022-03-25T12:12:39","guid":{"rendered":"https:\/\/progettotouring.it\/radiotouring104\/?p=3470"},"modified":"2022-03-25T13:16:20","modified_gmt":"2022-03-25T12:16:20","slug":"teatro-cilea-il-ritorno-della-compagnia-mana-chuma-con-f-aida-opera-sullamore-e-la-vendetta","status":"publish","type":"post","link":"https:\/\/progettotouring.it\/radiotouring104\/2022\/03\/25\/teatro-cilea-il-ritorno-della-compagnia-mana-chuma-con-f-aida-opera-sullamore-e-la-vendetta\/","title":{"rendered":"Teatro Cilea: il ritorno della Compagnia Mana Chuma con &#8220;f-A\u00ecda&#8221;, opera sull\u2019amore e la vendetta"},"content":{"rendered":"<p style=\"text-align: justify;\">Torna al Teatro Cilea di Reggio Calabria la compagnia &#8220;Mana Chuma&#8221; che porter\u00e0 in scena il prossimo 25 aprile un&#8217;opera molto particolare: &#8220;f-A\u00ecda&#8221;, sui temi dell&#8217;amore e della vendetta, con la regia di Massimo Barilla. A interpretarla, il solo attore Salvatore Arena, che vestir\u00e0 i panni di personaggi molto diversi: un figlio, un padre, una madre.<\/p>\n<p style=\"text-align: justify;\">Il tema, come suggerito dal titolo, \u00e8 quello della faida, che va ad intrecciarsi con altri delicati aspetti. Scrive la compagnia sulla trama: &#8220;<em>Come in ogni vendetta trasversale tra due gruppi rivali o due nuclei familiari, l\u2019odio si scatena per un motivo banale: un\u2019offesa che assume significati abnormi e genera sangue, sangue e dolore da una parte e dall\u2019altra in un susseguirsi di uccisioni, di stragi, di lutti. Finir\u00e0, come in una tragedia greca, senza vincitori n\u00e9 vinti. Tutti, infatti, perdono qualcuno o qualcosa<\/em>&#8220;.<br \/>\nUna delle delicate tematiche all&#8217;interno del quadro generale della faida, \u00e8 quella dell&#8217;omosessualit\u00e0: &#8220;<em>Quella che potrebbe essere, per quanto drammatica e attuale, una semplice storia di odio e di ferocia nasconde al suo interno un risvolto inedito: l\u2019amore tra Rocco e Alfredo, due ragazzi che hanno la sfortuna di nascere non solo in un contesto di arretratezza culturale, ma anche in seno a due famiglie che si detestano. Un amore omosessuale che viene vissuto come un\u2019onta dal padre di Rocco che per trent\u2019anni lo rinchiude in una cantina buia e umida. Non per proteggerlo dalla faida, come ci si potrebbe aspettare da un padre amorevole che teme di perdere il proprio figlio, ma per vergogna. Per nascondere agli occhi del mondo quel figlio degenere che mette a repentaglio il buon nome della casata&#8221;<\/em>.<\/p>\n<p style=\"text-align: justify;\">Poi, la rivelazione del sentimento, supportata e spinta fuori dall&#8217;inattesa scoperta di una passione per la musica di Giuseppe Verdi, conforto nei momenti pi\u00f9 bui: &#8220;<em>Proprio l\u00ec, in quello spazio angusto, in quella prigione familiare, Rocco svela innanzitutto a s\u00e9 stesso i propri sentimenti e la propria sessualit\u00e0. Lo fa attraverso l\u2019amore per la musica e per un\u2019opera in particolare, l\u2019\u00abAida\u00bb di Giuseppe Verdi. In cantina Rocco trova un vecchio giradischi e dei vinili di musica lirica che suona in continuazione per evitare di impazzire, per aver compagnia, per far librare l\u2019immaginazione, per pensare a un futuro diverso rispetto a quelle mura in cui \u00e8 rinchiuso da chi gli ha donato la vita. <\/em><em>Grazie alla musica inizia un percorso di trasformazione e viene alimentato l\u2019amore attraverso il ricordo di un unico bacio consumato sulla riva del fiume con Alfredo. Una vita racchiusa dentro quel bacio nel quale rivive l\u2019emozione di un momento, dell\u2019unico momento di felicit\u00e0 di Rocco&#8221;.<\/em><\/p>\n<p style=\"text-align: justify;\">Una storia delicata, coinvolgente, ambientata nella Calabria degli anni Ottanta, che diventa paradigma storico di situazioni che potrebbero rivivere tranquillamente in epoche molto differenti. La compagnia Mana Chuma ha portato spesso sul palco temi forti e pagine di storia drammatiche, come la Rivolta di Reggio Calabria, la strage del treno di Gioia Tauro nel 1970 o il caso di malagiustizia che ha coinvolto la vittima innocente Giuseppe Gulotta.<br \/>\nLa prima \u00e8 attesa per il 25 aprile al Teatro &#8220;Francesco Cilea&#8221; di Reggio Calabria, alla quale seguiranno altre date in tutta Italia. L&#8217;incasso della tourn\u00e9e verr\u00e0 devoluto all&#8217;associazione Medici Senza Frontiere per l&#8217;emergenza Ucraina.<\/p>\n<p style=\"text-align: justify;\">Di seguito, le altre opere prodotte e messe in scena dalla Compagnia Mana Chuma:<\/p>\n<ul>\n<li style=\"text-align: justify;\"><strong>F-A\u00ecda (2022)<\/strong> di Salvatore Arena e Massimo Barilla &#8211; Finalista Premio Tuttoteatro.com Dante Cappelletti 2019<\/li>\n<li style=\"text-align: justify;\"><strong>Biancopiombo (2022, in fase di allestimento)<\/strong> di Salvatore Arena<\/li>\n<li style=\"text-align: justify;\"><strong>U saluni (2022)<\/strong> di Massimo Barilla<\/li>\n<li style=\"text-align: justify;\"><strong>Aspromobile (2022)<\/strong> di Giovanna Vadal\u00e0<\/li>\n<li style=\"text-align: justify;\"><strong>Il Futuro Anteriore (2022)<\/strong> di Vincenzo Marras<\/li>\n<li style=\"text-align: justify;\"><strong>Contro il metodo (2022)<\/strong> di e con Marco Cavalvoli<\/li>\n<li style=\"text-align: justify;\"><strong>Spine (2021)<\/strong> di Salvatore Arena e Massimo Barilla<\/li>\n<li style=\"text-align: justify;\"><strong>Ossa di crita (2020)<\/strong> di e con Massimo Barilla<\/li>\n<li style=\"text-align: justify;\"><strong>Quanto resta della notte (2019)<\/strong> di e con Salvatore Arena<\/li>\n<li style=\"text-align: justify;\"><strong>Come un granello di sabbia<\/strong> \u2013 Giuseppe Gulotta, storia di un innocente (2016) di Salvatore Arena e Massimo Barilla<\/li>\n<li style=\"text-align: justify;\"><strong>Longa \u00e8 a jurnata (2015)<\/strong> di Salvatore Arena<\/li>\n<li style=\"text-align: justify;\"><strong>L\u2019ultimo inganno \/ Un\u2019altra Iliade (2010)<\/strong> di Salvatore Arena e Massimo Barilla<\/li>\n<li style=\"text-align: justify;\"><strong>\u201870voltesud (2007)<\/strong> di Salvatore Arena e Massimo Barilla<\/li>\n<li style=\"text-align: justify;\"><strong>Di terra e di sangue (2005)<\/strong> di Salvatore Arena e Massimo Barilla, regia Maria Maglietta<\/li>\n<li style=\"text-align: justify;\"><strong>Lunga notte di Medea (2004)<\/strong> di Corrado Alvaro. Regia di Maria Maglietta<\/li>\n<li style=\"text-align: justify;\"><strong>Spine (2003)<\/strong> di Massimo Barilla e Salvatore Arena. Regia di Salvatore Arena &#8211; Finalista premio Ustica per il teatro \u201803<\/li>\n<li style=\"text-align: justify;\"><strong>Historia du surdatu (2003)<\/strong> di Massimo Barilla. Regia di Luciano Nattino<\/li>\n<li style=\"text-align: justify;\"><strong>Il mondo offeso (2002)<\/strong> tratto da \u201cConversazione in Sicilia\u201d di Elio Vittorini. Regia di Maria Maglietta<\/li>\n<li style=\"text-align: justify;\"><strong>Terrib\u00eclio di mare (2001)<\/strong> ispirato a \u201cHorcynus Orca\u201d di Stefano D\u2019Arrigo. Regia di Maria Maglietta<\/li>\n<li style=\"text-align: justify;\"><strong>I giorni della fera (1999)<\/strong> di e con Massimo Barilla<\/li>\n<li style=\"text-align: justify;\"><strong>Lu cumbattimentu di Orlando e Rinaldo (1998)<\/strong> di Nino Martoglio. Regia: Massimo Barilla<\/li>\n<li style=\"text-align: justify;\"><strong>Vita e morte di Ruggieri di Risa (1998)<\/strong> ispirato a &#8220;La canzone d&#8217;Aspromonte&#8221;. Regia di Massimo Barilla<\/li>\n<\/ul>\n","protected":false},"excerpt":{"rendered":"<p>Torna al Teatro Cilea di Reggio Calabria la compagnia &#8220;Mana Chuma&#8221; che porter\u00e0 in scena il prossimo 25 aprile un&#8217;opera molto particolare: &#8220;f-A\u00ecda&#8221;, sui temi dell&#8217;amore e della vendetta, con&hellip;<\/p>\n","protected":false},"author":1,"featured_media":3473,"comment_status":"open","ping_status":"open","sticky":false,"template":"","format":"standard","meta":{"_jetpack_memberships_contains_paid_content":false,"footnotes":"","jetpack_publicize_message":"","jetpack_publicize_feature_enabled":true,"jetpack_social_post_already_shared":false,"jetpack_social_options":{"image_generator_settings":{"template":"highway","default_image_id":0,"font":"","enabled":false},"version":2}},"categories":[145,196,140],"tags":[658,653,651,650,655,657,654,236,656,273,652],"class_list":["post-3470","post","type-post","status-publish","format-standard","has-post-thumbnail","hentry","category-cultura","category-news","category-reggio-calabria","tag-beneficenza","tag-cilea","tag-f-aida","tag-mana-chuma","tag-massimo-barilla","tag-medici-senza-frontiere","tag-opera","tag-reggio-calabria","tag-salvatore-arena","tag-teatro-cilea","tag-teatro-francesco-cilea"],"yoast_head":"<!-- This site is optimized with the Yoast SEO plugin v27.2 - https:\/\/yoast.com\/product\/yoast-seo-wordpress\/ -->\n<title>Cilea: torna Mana Chuma con &quot;f-A\u00ecda&quot;, opera sull&#039;amore e la vendetta<\/title>\n<meta name=\"description\" content=\"Mana Chuma racconta il tema della faida con Salvatore Arena. L&#039;incasso verr\u00e0 devoluto a Medici senza frontiere a sostegno dell&#039;Ucraina\" \/>\n<meta name=\"robots\" content=\"index, follow, max-snippet:-1, max-image-preview:large, max-video-preview:-1\" \/>\n<link rel=\"canonical\" href=\"https:\/\/progettotouring.it\/radiotouring104\/2022\/03\/25\/teatro-cilea-il-ritorno-della-compagnia-mana-chuma-con-f-aida-opera-sullamore-e-la-vendetta\/\" \/>\n<meta property=\"og:locale\" content=\"it_IT\" \/>\n<meta property=\"og:type\" content=\"article\" \/>\n<meta property=\"og:title\" content=\"Cilea: torna Mana Chuma con &quot;f-A\u00ecda&quot;, opera sull&#039;amore e la vendetta\" \/>\n<meta property=\"og:description\" content=\"Mana Chuma racconta il tema della faida con Salvatore Arena. L&#039;incasso verr\u00e0 devoluto a Medici senza frontiere a sostegno dell&#039;Ucraina\" \/>\n<meta property=\"og:url\" content=\"https:\/\/progettotouring.it\/radiotouring104\/2022\/03\/25\/teatro-cilea-il-ritorno-della-compagnia-mana-chuma-con-f-aida-opera-sullamore-e-la-vendetta\/\" \/>\n<meta property=\"og:site_name\" content=\"Radio Touring 104\" \/>\n<meta property=\"article:published_time\" content=\"2022-03-25T12:12:39+00:00\" \/>\n<meta property=\"article:modified_time\" content=\"2022-03-25T12:16:20+00:00\" \/>\n<meta property=\"og:image\" content=\"https:\/\/progettotouring.it\/radiotouring104\/wp-content\/uploads\/sites\/6\/2022\/03\/faida-salvatore-arena.jpeg\" \/>\n\t<meta property=\"og:image:width\" content=\"1600\" \/>\n\t<meta property=\"og:image:height\" content=\"1067\" \/>\n\t<meta property=\"og:image:type\" content=\"image\/jpeg\" \/>\n<meta name=\"author\" content=\"Chiara Cucinotta\" \/>\n<meta name=\"twitter:card\" content=\"summary_large_image\" \/>\n<meta name=\"twitter:label1\" content=\"Scritto da\" \/>\n\t<meta name=\"twitter:data1\" content=\"Chiara Cucinotta\" \/>\n\t<meta name=\"twitter:label2\" content=\"Tempo di lettura stimato\" \/>\n\t<meta name=\"twitter:data2\" content=\"5 minuti\" \/>\n<script type=\"application\/ld+json\" class=\"yoast-schema-graph\">{\"@context\":\"https:\/\/schema.org\",\"@graph\":[{\"@type\":\"Article\",\"@id\":\"https:\/\/progettotouring.it\/radiotouring104\/2022\/03\/25\/teatro-cilea-il-ritorno-della-compagnia-mana-chuma-con-f-aida-opera-sullamore-e-la-vendetta\/#article\",\"isPartOf\":{\"@id\":\"https:\/\/progettotouring.it\/radiotouring104\/2022\/03\/25\/teatro-cilea-il-ritorno-della-compagnia-mana-chuma-con-f-aida-opera-sullamore-e-la-vendetta\/\"},\"author\":{\"name\":\"Chiara Cucinotta\",\"@id\":\"https:\/\/progettotouring.it\/radiotouring104\/#\/schema\/person\/f01f189b71df20dcfc0890eea7e67a0e\"},\"headline\":\"Teatro Cilea: il ritorno della Compagnia Mana Chuma con &#8220;f-A\u00ecda&#8221;, opera sull\u2019amore e la vendetta\",\"datePublished\":\"2022-03-25T12:12:39+00:00\",\"dateModified\":\"2022-03-25T12:16:20+00:00\",\"mainEntityOfPage\":{\"@id\":\"https:\/\/progettotouring.it\/radiotouring104\/2022\/03\/25\/teatro-cilea-il-ritorno-della-compagnia-mana-chuma-con-f-aida-opera-sullamore-e-la-vendetta\/\"},\"wordCount\":806,\"commentCount\":0,\"publisher\":{\"@id\":\"https:\/\/progettotouring.it\/radiotouring104\/#organization\"},\"image\":{\"@id\":\"https:\/\/progettotouring.it\/radiotouring104\/2022\/03\/25\/teatro-cilea-il-ritorno-della-compagnia-mana-chuma-con-f-aida-opera-sullamore-e-la-vendetta\/#primaryimage\"},\"thumbnailUrl\":\"https:\/\/progettotouring.it\/radiotouring104\/wp-content\/uploads\/sites\/6\/2022\/03\/faida-salvatore-arena.jpeg\",\"keywords\":[\"beneficenza\",\"Cilea\",\"f-A\u00ecda\",\"Mana Chuma\",\"Massimo Barilla\",\"Medici Senza Frontiere\",\"opera\",\"reggio calabria\",\"Salvatore Arena\",\"Teatro Cilea\",\"Teatro Francesco Cilea\"],\"articleSection\":[\"Cultura\",\"News\",\"Reggio Calabria\"],\"inLanguage\":\"it-IT\",\"potentialAction\":[{\"@type\":\"CommentAction\",\"name\":\"Comment\",\"target\":[\"https:\/\/progettotouring.it\/radiotouring104\/2022\/03\/25\/teatro-cilea-il-ritorno-della-compagnia-mana-chuma-con-f-aida-opera-sullamore-e-la-vendetta\/#respond\"]}]},{\"@type\":\"WebPage\",\"@id\":\"https:\/\/progettotouring.it\/radiotouring104\/2022\/03\/25\/teatro-cilea-il-ritorno-della-compagnia-mana-chuma-con-f-aida-opera-sullamore-e-la-vendetta\/\",\"url\":\"https:\/\/progettotouring.it\/radiotouring104\/2022\/03\/25\/teatro-cilea-il-ritorno-della-compagnia-mana-chuma-con-f-aida-opera-sullamore-e-la-vendetta\/\",\"name\":\"Cilea: torna Mana Chuma con \\\"f-A\u00ecda\\\", opera sull'amore e la vendetta\",\"isPartOf\":{\"@id\":\"https:\/\/progettotouring.it\/radiotouring104\/#website\"},\"primaryImageOfPage\":{\"@id\":\"https:\/\/progettotouring.it\/radiotouring104\/2022\/03\/25\/teatro-cilea-il-ritorno-della-compagnia-mana-chuma-con-f-aida-opera-sullamore-e-la-vendetta\/#primaryimage\"},\"image\":{\"@id\":\"https:\/\/progettotouring.it\/radiotouring104\/2022\/03\/25\/teatro-cilea-il-ritorno-della-compagnia-mana-chuma-con-f-aida-opera-sullamore-e-la-vendetta\/#primaryimage\"},\"thumbnailUrl\":\"https:\/\/progettotouring.it\/radiotouring104\/wp-content\/uploads\/sites\/6\/2022\/03\/faida-salvatore-arena.jpeg\",\"datePublished\":\"2022-03-25T12:12:39+00:00\",\"dateModified\":\"2022-03-25T12:16:20+00:00\",\"description\":\"Mana Chuma racconta il tema della faida con Salvatore Arena. L'incasso verr\u00e0 devoluto a Medici senza frontiere a sostegno dell'Ucraina\",\"breadcrumb\":{\"@id\":\"https:\/\/progettotouring.it\/radiotouring104\/2022\/03\/25\/teatro-cilea-il-ritorno-della-compagnia-mana-chuma-con-f-aida-opera-sullamore-e-la-vendetta\/#breadcrumb\"},\"inLanguage\":\"it-IT\",\"potentialAction\":[{\"@type\":\"ReadAction\",\"target\":[\"https:\/\/progettotouring.it\/radiotouring104\/2022\/03\/25\/teatro-cilea-il-ritorno-della-compagnia-mana-chuma-con-f-aida-opera-sullamore-e-la-vendetta\/\"]}]},{\"@type\":\"ImageObject\",\"inLanguage\":\"it-IT\",\"@id\":\"https:\/\/progettotouring.it\/radiotouring104\/2022\/03\/25\/teatro-cilea-il-ritorno-della-compagnia-mana-chuma-con-f-aida-opera-sullamore-e-la-vendetta\/#primaryimage\",\"url\":\"https:\/\/progettotouring.it\/radiotouring104\/wp-content\/uploads\/sites\/6\/2022\/03\/faida-salvatore-arena.jpeg\",\"contentUrl\":\"https:\/\/progettotouring.it\/radiotouring104\/wp-content\/uploads\/sites\/6\/2022\/03\/faida-salvatore-arena.jpeg\",\"width\":1600,\"height\":1067},{\"@type\":\"BreadcrumbList\",\"@id\":\"https:\/\/progettotouring.it\/radiotouring104\/2022\/03\/25\/teatro-cilea-il-ritorno-della-compagnia-mana-chuma-con-f-aida-opera-sullamore-e-la-vendetta\/#breadcrumb\",\"itemListElement\":[{\"@type\":\"ListItem\",\"position\":1,\"name\":\"Home\",\"item\":\"https:\/\/progettotouring.it\/radiotouring104\/\"},{\"@type\":\"ListItem\",\"position\":2,\"name\":\"Teatro Cilea: il ritorno della Compagnia Mana Chuma con &#8220;f-A\u00ecda&#8221;, opera sull\u2019amore e la vendetta\"}]},{\"@type\":\"WebSite\",\"@id\":\"https:\/\/progettotouring.it\/radiotouring104\/#website\",\"url\":\"https:\/\/progettotouring.it\/radiotouring104\/\",\"name\":\"Radio Touring 104\",\"description\":\"La prima radio Reggina\",\"publisher\":{\"@id\":\"https:\/\/progettotouring.it\/radiotouring104\/#organization\"},\"potentialAction\":[{\"@type\":\"SearchAction\",\"target\":{\"@type\":\"EntryPoint\",\"urlTemplate\":\"https:\/\/progettotouring.it\/radiotouring104\/?s={search_term_string}\"},\"query-input\":{\"@type\":\"PropertyValueSpecification\",\"valueRequired\":true,\"valueName\":\"search_term_string\"}}],\"inLanguage\":\"it-IT\"},{\"@type\":\"Organization\",\"@id\":\"https:\/\/progettotouring.it\/radiotouring104\/#organization\",\"name\":\"Radio Touring 104\",\"url\":\"https:\/\/progettotouring.it\/radiotouring104\/\",\"logo\":{\"@type\":\"ImageObject\",\"inLanguage\":\"it-IT\",\"@id\":\"https:\/\/progettotouring.it\/radiotouring104\/#\/schema\/logo\/image\/\",\"url\":\"https:\/\/progettotouring.it\/radiotouring104\/wp-content\/uploads\/sites\/6\/2022\/02\/cropped-logo-radio-touring-104.png\",\"contentUrl\":\"https:\/\/progettotouring.it\/radiotouring104\/wp-content\/uploads\/sites\/6\/2022\/02\/cropped-logo-radio-touring-104.png\",\"width\":377,\"height\":182,\"caption\":\"Radio Touring 104\"},\"image\":{\"@id\":\"https:\/\/progettotouring.it\/radiotouring104\/#\/schema\/logo\/image\/\"}},{\"@type\":\"Person\",\"@id\":\"https:\/\/progettotouring.it\/radiotouring104\/#\/schema\/person\/f01f189b71df20dcfc0890eea7e67a0e\",\"name\":\"Chiara Cucinotta\",\"image\":{\"@type\":\"ImageObject\",\"inLanguage\":\"it-IT\",\"@id\":\"https:\/\/secure.gravatar.com\/avatar\/efe17e5613fdef9b05741a23cd4ef4e9b1c39955d8fe11176cb1da3641c96104?s=96&d=mm&r=g\",\"url\":\"https:\/\/secure.gravatar.com\/avatar\/efe17e5613fdef9b05741a23cd4ef4e9b1c39955d8fe11176cb1da3641c96104?s=96&d=mm&r=g\",\"contentUrl\":\"https:\/\/secure.gravatar.com\/avatar\/efe17e5613fdef9b05741a23cd4ef4e9b1c39955d8fe11176cb1da3641c96104?s=96&d=mm&r=g\",\"caption\":\"Chiara Cucinotta\"},\"sameAs\":[\"https:\/\/progettotouring.it\"],\"url\":\"https:\/\/progettotouring.it\/radiotouring104\/author\/auranex\/\"}]}<\/script>\n<!-- \/ Yoast SEO plugin. -->","yoast_head_json":{"title":"Cilea: torna Mana Chuma con \"f-A\u00ecda\", opera sull'amore e la vendetta","description":"Mana Chuma racconta il tema della faida con Salvatore Arena. L'incasso verr\u00e0 devoluto a Medici senza frontiere a sostegno dell'Ucraina","robots":{"index":"index","follow":"follow","max-snippet":"max-snippet:-1","max-image-preview":"max-image-preview:large","max-video-preview":"max-video-preview:-1"},"canonical":"https:\/\/progettotouring.it\/radiotouring104\/2022\/03\/25\/teatro-cilea-il-ritorno-della-compagnia-mana-chuma-con-f-aida-opera-sullamore-e-la-vendetta\/","og_locale":"it_IT","og_type":"article","og_title":"Cilea: torna Mana Chuma con \"f-A\u00ecda\", opera sull'amore e la vendetta","og_description":"Mana Chuma racconta il tema della faida con Salvatore Arena. L'incasso verr\u00e0 devoluto a Medici senza frontiere a sostegno dell'Ucraina","og_url":"https:\/\/progettotouring.it\/radiotouring104\/2022\/03\/25\/teatro-cilea-il-ritorno-della-compagnia-mana-chuma-con-f-aida-opera-sullamore-e-la-vendetta\/","og_site_name":"Radio Touring 104","article_published_time":"2022-03-25T12:12:39+00:00","article_modified_time":"2022-03-25T12:16:20+00:00","og_image":[{"width":1600,"height":1067,"url":"https:\/\/progettotouring.it\/radiotouring104\/wp-content\/uploads\/sites\/6\/2022\/03\/faida-salvatore-arena.jpeg","type":"image\/jpeg"}],"author":"Chiara Cucinotta","twitter_card":"summary_large_image","twitter_misc":{"Scritto da":"Chiara Cucinotta","Tempo di lettura stimato":"5 minuti"},"schema":{"@context":"https:\/\/schema.org","@graph":[{"@type":"Article","@id":"https:\/\/progettotouring.it\/radiotouring104\/2022\/03\/25\/teatro-cilea-il-ritorno-della-compagnia-mana-chuma-con-f-aida-opera-sullamore-e-la-vendetta\/#article","isPartOf":{"@id":"https:\/\/progettotouring.it\/radiotouring104\/2022\/03\/25\/teatro-cilea-il-ritorno-della-compagnia-mana-chuma-con-f-aida-opera-sullamore-e-la-vendetta\/"},"author":{"name":"Chiara Cucinotta","@id":"https:\/\/progettotouring.it\/radiotouring104\/#\/schema\/person\/f01f189b71df20dcfc0890eea7e67a0e"},"headline":"Teatro Cilea: il ritorno della Compagnia Mana Chuma con &#8220;f-A\u00ecda&#8221;, opera sull\u2019amore e la vendetta","datePublished":"2022-03-25T12:12:39+00:00","dateModified":"2022-03-25T12:16:20+00:00","mainEntityOfPage":{"@id":"https:\/\/progettotouring.it\/radiotouring104\/2022\/03\/25\/teatro-cilea-il-ritorno-della-compagnia-mana-chuma-con-f-aida-opera-sullamore-e-la-vendetta\/"},"wordCount":806,"commentCount":0,"publisher":{"@id":"https:\/\/progettotouring.it\/radiotouring104\/#organization"},"image":{"@id":"https:\/\/progettotouring.it\/radiotouring104\/2022\/03\/25\/teatro-cilea-il-ritorno-della-compagnia-mana-chuma-con-f-aida-opera-sullamore-e-la-vendetta\/#primaryimage"},"thumbnailUrl":"https:\/\/progettotouring.it\/radiotouring104\/wp-content\/uploads\/sites\/6\/2022\/03\/faida-salvatore-arena.jpeg","keywords":["beneficenza","Cilea","f-A\u00ecda","Mana Chuma","Massimo Barilla","Medici Senza Frontiere","opera","reggio calabria","Salvatore Arena","Teatro Cilea","Teatro Francesco Cilea"],"articleSection":["Cultura","News","Reggio Calabria"],"inLanguage":"it-IT","potentialAction":[{"@type":"CommentAction","name":"Comment","target":["https:\/\/progettotouring.it\/radiotouring104\/2022\/03\/25\/teatro-cilea-il-ritorno-della-compagnia-mana-chuma-con-f-aida-opera-sullamore-e-la-vendetta\/#respond"]}]},{"@type":"WebPage","@id":"https:\/\/progettotouring.it\/radiotouring104\/2022\/03\/25\/teatro-cilea-il-ritorno-della-compagnia-mana-chuma-con-f-aida-opera-sullamore-e-la-vendetta\/","url":"https:\/\/progettotouring.it\/radiotouring104\/2022\/03\/25\/teatro-cilea-il-ritorno-della-compagnia-mana-chuma-con-f-aida-opera-sullamore-e-la-vendetta\/","name":"Cilea: torna Mana Chuma con \"f-A\u00ecda\", opera sull'amore e la vendetta","isPartOf":{"@id":"https:\/\/progettotouring.it\/radiotouring104\/#website"},"primaryImageOfPage":{"@id":"https:\/\/progettotouring.it\/radiotouring104\/2022\/03\/25\/teatro-cilea-il-ritorno-della-compagnia-mana-chuma-con-f-aida-opera-sullamore-e-la-vendetta\/#primaryimage"},"image":{"@id":"https:\/\/progettotouring.it\/radiotouring104\/2022\/03\/25\/teatro-cilea-il-ritorno-della-compagnia-mana-chuma-con-f-aida-opera-sullamore-e-la-vendetta\/#primaryimage"},"thumbnailUrl":"https:\/\/progettotouring.it\/radiotouring104\/wp-content\/uploads\/sites\/6\/2022\/03\/faida-salvatore-arena.jpeg","datePublished":"2022-03-25T12:12:39+00:00","dateModified":"2022-03-25T12:16:20+00:00","description":"Mana Chuma racconta il tema della faida con Salvatore Arena. L'incasso verr\u00e0 devoluto a Medici senza frontiere a sostegno dell'Ucraina","breadcrumb":{"@id":"https:\/\/progettotouring.it\/radiotouring104\/2022\/03\/25\/teatro-cilea-il-ritorno-della-compagnia-mana-chuma-con-f-aida-opera-sullamore-e-la-vendetta\/#breadcrumb"},"inLanguage":"it-IT","potentialAction":[{"@type":"ReadAction","target":["https:\/\/progettotouring.it\/radiotouring104\/2022\/03\/25\/teatro-cilea-il-ritorno-della-compagnia-mana-chuma-con-f-aida-opera-sullamore-e-la-vendetta\/"]}]},{"@type":"ImageObject","inLanguage":"it-IT","@id":"https:\/\/progettotouring.it\/radiotouring104\/2022\/03\/25\/teatro-cilea-il-ritorno-della-compagnia-mana-chuma-con-f-aida-opera-sullamore-e-la-vendetta\/#primaryimage","url":"https:\/\/progettotouring.it\/radiotouring104\/wp-content\/uploads\/sites\/6\/2022\/03\/faida-salvatore-arena.jpeg","contentUrl":"https:\/\/progettotouring.it\/radiotouring104\/wp-content\/uploads\/sites\/6\/2022\/03\/faida-salvatore-arena.jpeg","width":1600,"height":1067},{"@type":"BreadcrumbList","@id":"https:\/\/progettotouring.it\/radiotouring104\/2022\/03\/25\/teatro-cilea-il-ritorno-della-compagnia-mana-chuma-con-f-aida-opera-sullamore-e-la-vendetta\/#breadcrumb","itemListElement":[{"@type":"ListItem","position":1,"name":"Home","item":"https:\/\/progettotouring.it\/radiotouring104\/"},{"@type":"ListItem","position":2,"name":"Teatro Cilea: il ritorno della Compagnia Mana Chuma con &#8220;f-A\u00ecda&#8221;, opera sull\u2019amore e la vendetta"}]},{"@type":"WebSite","@id":"https:\/\/progettotouring.it\/radiotouring104\/#website","url":"https:\/\/progettotouring.it\/radiotouring104\/","name":"Radio Touring 104","description":"La prima radio Reggina","publisher":{"@id":"https:\/\/progettotouring.it\/radiotouring104\/#organization"},"potentialAction":[{"@type":"SearchAction","target":{"@type":"EntryPoint","urlTemplate":"https:\/\/progettotouring.it\/radiotouring104\/?s={search_term_string}"},"query-input":{"@type":"PropertyValueSpecification","valueRequired":true,"valueName":"search_term_string"}}],"inLanguage":"it-IT"},{"@type":"Organization","@id":"https:\/\/progettotouring.it\/radiotouring104\/#organization","name":"Radio Touring 104","url":"https:\/\/progettotouring.it\/radiotouring104\/","logo":{"@type":"ImageObject","inLanguage":"it-IT","@id":"https:\/\/progettotouring.it\/radiotouring104\/#\/schema\/logo\/image\/","url":"https:\/\/progettotouring.it\/radiotouring104\/wp-content\/uploads\/sites\/6\/2022\/02\/cropped-logo-radio-touring-104.png","contentUrl":"https:\/\/progettotouring.it\/radiotouring104\/wp-content\/uploads\/sites\/6\/2022\/02\/cropped-logo-radio-touring-104.png","width":377,"height":182,"caption":"Radio Touring 104"},"image":{"@id":"https:\/\/progettotouring.it\/radiotouring104\/#\/schema\/logo\/image\/"}},{"@type":"Person","@id":"https:\/\/progettotouring.it\/radiotouring104\/#\/schema\/person\/f01f189b71df20dcfc0890eea7e67a0e","name":"Chiara Cucinotta","image":{"@type":"ImageObject","inLanguage":"it-IT","@id":"https:\/\/secure.gravatar.com\/avatar\/efe17e5613fdef9b05741a23cd4ef4e9b1c39955d8fe11176cb1da3641c96104?s=96&d=mm&r=g","url":"https:\/\/secure.gravatar.com\/avatar\/efe17e5613fdef9b05741a23cd4ef4e9b1c39955d8fe11176cb1da3641c96104?s=96&d=mm&r=g","contentUrl":"https:\/\/secure.gravatar.com\/avatar\/efe17e5613fdef9b05741a23cd4ef4e9b1c39955d8fe11176cb1da3641c96104?s=96&d=mm&r=g","caption":"Chiara Cucinotta"},"sameAs":["https:\/\/progettotouring.it"],"url":"https:\/\/progettotouring.it\/radiotouring104\/author\/auranex\/"}]}},"jetpack_publicize_connections":[],"jetpack_featured_media_url":"https:\/\/progettotouring.it\/radiotouring104\/wp-content\/uploads\/sites\/6\/2022\/03\/faida-salvatore-arena.jpeg","jetpack_sharing_enabled":true,"_links":{"self":[{"href":"https:\/\/progettotouring.it\/radiotouring104\/wp-json\/wp\/v2\/posts\/3470","targetHints":{"allow":["GET"]}}],"collection":[{"href":"https:\/\/progettotouring.it\/radiotouring104\/wp-json\/wp\/v2\/posts"}],"about":[{"href":"https:\/\/progettotouring.it\/radiotouring104\/wp-json\/wp\/v2\/types\/post"}],"author":[{"embeddable":true,"href":"https:\/\/progettotouring.it\/radiotouring104\/wp-json\/wp\/v2\/users\/1"}],"replies":[{"embeddable":true,"href":"https:\/\/progettotouring.it\/radiotouring104\/wp-json\/wp\/v2\/comments?post=3470"}],"version-history":[{"count":2,"href":"https:\/\/progettotouring.it\/radiotouring104\/wp-json\/wp\/v2\/posts\/3470\/revisions"}],"predecessor-version":[{"id":3472,"href":"https:\/\/progettotouring.it\/radiotouring104\/wp-json\/wp\/v2\/posts\/3470\/revisions\/3472"}],"wp:featuredmedia":[{"embeddable":true,"href":"https:\/\/progettotouring.it\/radiotouring104\/wp-json\/wp\/v2\/media\/3473"}],"wp:attachment":[{"href":"https:\/\/progettotouring.it\/radiotouring104\/wp-json\/wp\/v2\/media?parent=3470"}],"wp:term":[{"taxonomy":"category","embeddable":true,"href":"https:\/\/progettotouring.it\/radiotouring104\/wp-json\/wp\/v2\/categories?post=3470"},{"taxonomy":"post_tag","embeddable":true,"href":"https:\/\/progettotouring.it\/radiotouring104\/wp-json\/wp\/v2\/tags?post=3470"}],"curies":[{"name":"wp","href":"https:\/\/api.w.org\/{rel}","templated":true}]}}