{"id":3517,"date":"2022-03-27T19:43:28","date_gmt":"2022-03-27T17:43:28","guid":{"rendered":"https:\/\/progettotouring.it\/radiotouring104\/?p=3517"},"modified":"2022-03-27T19:48:03","modified_gmt":"2022-03-27T17:48:03","slug":"trasporti-illustrato-il-piano-di-rilancio-per-reggio-calabria-alla-presenza-dellon-raffaella-paita","status":"publish","type":"post","link":"https:\/\/progettotouring.it\/radiotouring104\/2022\/03\/27\/trasporti-illustrato-il-piano-di-rilancio-per-reggio-calabria-alla-presenza-dellon-raffaella-paita\/","title":{"rendered":"Trasporti, illustrato il piano di rilancio per Reggio Calabria alla presenza dell&#8217;On. Raffaella Paita [SERVIZIO]"},"content":{"rendered":"<p><iframe title=\"Reggio C.: visita del Presidente della Commissione Trasporti, On. Raffaela Paita\" width=\"1170\" height=\"658\" src=\"https:\/\/www.youtube.com\/embed\/AVMh-BED_zM?feature=oembed\" frameborder=\"0\" allow=\"accelerometer; autoplay; clipboard-write; encrypted-media; gyroscope; picture-in-picture\" allowfullscreen><\/iframe><\/p>\n<p style=\"text-align: justify;\">Nel pomeriggio del 25 marzo, Palazzo San Giorgio, sede del Comune di Reggio Calabria, ha ospitato l&#8217;Onorevole Raffaella Paita, Presidente della Commissione Trasporti, Poste e Telecomunicazioni della Camera dei Deputati.<br \/>\nAd accoglierla, in rappresentanza della citt\u00e0 di Reggio, il sindaco f.f. Paolo Brunetti e il sindaco f.f. della Citt\u00e0 Metropolitana Carmelo Versace, oltre a numerosi amministratori locali, regionali e nazionali.<br \/>\nScopo dell&#8217;incontro, la presentazione del documento integrato, approvato nell&#8217;ultima seduta del Consiglio comunale, riguardante gli interventi necessari per lo sviluppo del settore trasporti e infrastrutture del territorio metropolitano reggino, nel contesto della pi\u00f9 ampia Area integrata dello Stretto,\u00a0quale &#8220;<em>realt\u00e0 dotata di enormi potenzialit\u00e0 e dunque in grado di giocare un ruolo chiave nello scacchiere intermodale dei trasporti, a livello nazionale ed europeo<\/em>&#8220;.<\/p>\n<p style=\"text-align: justify;\">Punti fondamentali, la realizzazione dell&#8217;Alta Velocit\u00e0 che consentir\u00e0 di percorrere la tratta Reggio Calabria-Roma in non pi\u00f9 di tre ore, nonch\u00e9 la questione aeroportuale, con relativo rilancio dello scalo reggino, e i collegamenti via mare, sia per quanto riguarda le tratte Reggio-Messina, che per quanto riguarda lo sviluppo dell&#8217;aera portuale di Gioia Tauro e annesse aree industriali.<br \/>\nA questo riguardo, ha dichiarato il sindaco f.f. Paolo Brunetti:\u00a0&#8220;<em>Sarebbe bello e molto significativo se l&#8217;intera commissione Trasporti venisse a Reggio Calabria per toccare con mano le difficolt\u00e0 che il nostro territorio vive quotidianamente, semplicemente per spostarsi verso la Capitale. \u00c8 tempo di superare gli ostacoli e le divisioni politiche per far uscire dalla marginalit\u00e0 in cui si trova questa realt\u00e0 territoriale<\/em>&#8220;. Poi, in riferimento all&#8217;aeroporto &#8220;Tito Minniti&#8221;: &#8220;<em>Sacal deve rispettare il piano industriale con il quale ha acquisito la gestione degli aeroporti regionali. E lo ribadiamo, Reggio non \u00e8 in competizione con Lamezia. La nostra citt\u00e0 vuole investire sulle proprie peculiarit\u00e0 e mettere a sistema il bacino d&#8217;utenza del territorio e dell&#8217;intera area dello Stretto<\/em>&#8220;.<\/p>\n<p style=\"text-align: justify;\">Queste, invece, le parole del sindaco f.f. della Citt\u00e0 Metropolitana Carmelo Versace:\u00a0&#8220;<em>\u00c8 la seconda visita istituzionale di rilievo nel giro di poco tempo dopo l&#8217;incontro con il ministro Cartabia e di questo siamo contenti perch\u00e9 significa che questo territorio sta dialogando con efficacia con i centri decisionali romani. Stiamo cercando di affermare un metodo di lavoro nuovo rispetto al passato, senza piangerci addosso ma avanzando proposte concrete sui temi fondamentali. Pensiamo all&#8217;esigenza, non pi\u00f9 rinviabile, di percorrere Reggio-Roma in treno in tre ore. E naturalmente anche al rilancio del nostro aeroporto nel quadro di una strategia di sviluppo di lungo respiro e che preveda anche una nostra precisa assunzione di responsabilit\u00e0 mediante una subconcessione o una capacit\u00e0 gestionale diretta da parte del territorio<\/em>&#8220;.<\/p>\n<p style=\"text-align: justify;\">L&#8217;onorevole Paita ha espresso ampia condivisione sul metodo di lavoro, focalizzando l&#8217;attenzione sul tema della semplificazione delle procedure e riduzione delle tempistiche legate alle grandi opere: &#8220;<em>Il codice degli appalti fondamentale sul fronte della corruzione deve essere alleggerito sul versante delle procedure. Terminare progetti in tempi brevi e canalizzare le risorse che non vengono dal Pnrr tutto orientato sul settore ferroviario. Naturalmente i fondi statali risparmiati andranno sulle strade. E poi rigido monitoraggio sull&#8217;andamento dei progetti, a breve ci ritroveremo qua per fare il punto della situazione, a cominciare dalla Statale 106&#8243;. <\/em>E su Alta velocit\u00e0 occorre ripensare ai nuovi assetti del sistema Paese,<em> &#8220;perch\u00e9 la politica trasportistica nazionale non \u00e8 qualcosa di immobile e immodificabile. Questo \u00e8 un territorio isolato ma \u00e8 anche quello che ha avuto gli stanziamenti maggiori, sulla tratta Salerno-Reggio. Collegamento che pu\u00f2 essere concepito in modo da renderlo rispondente alle esigenze del territorio, nel quadro delle tempistiche previste ovvero il 2026, sotto il profilo della riduzione dei tempi. Sono qui <\/em>&#8211; ha concluso Paita &#8211;<em> per mettere a disposizione le mie competenze e il mio lavoro. In Parlamento abbiamo ancora un anno di lavoro davanti e credo ci siano le condizioni per portare le istanze oggi ricevute sul tavolo del confronto, chiedendo al Governo interventi incisivi in tal senso<\/em>&#8220;.<\/p>\n","protected":false},"excerpt":{"rendered":"<p>Nel pomeriggio del 25 marzo, Palazzo San Giorgio, sede del Comune di Reggio Calabria, ha ospitato l&#8217;Onorevole Raffaella Paita, Presidente della Commissione Trasporti, Poste e Telecomunicazioni della Camera dei Deputati.&hellip;<\/p>\n","protected":false},"author":1,"featured_media":3519,"comment_status":"open","ping_status":"open","sticky":false,"template":"","format":"standard","meta":{"_jetpack_memberships_contains_paid_content":false,"footnotes":"","jetpack_publicize_message":"","jetpack_publicize_feature_enabled":true,"jetpack_social_post_already_shared":false,"jetpack_social_options":{"image_generator_settings":{"template":"highway","default_image_id":0,"font":"","enabled":false},"version":2}},"categories":[196,195,140],"tags":[577,734,239,737,517,495,738,661,236,736,735,733],"class_list":["post-3517","post","type-post","status-publish","format-standard","has-post-thumbnail","hentry","category-news","category-politica","category-reggio-calabria","tag-aeroporto-tito-minniti","tag-alta-velocita","tag-carmelo-versace","tag-caronte","tag-gioia-tauro","tag-paolo-brunetti","tag-porto","tag-raffaella-paita","tag-reggio-calabria","tag-reggio-messina","tag-reggio-roma","tag-rilancio-trasporti"],"yoast_head":"<!-- This site is optimized with the Yoast SEO plugin v27.2 - https:\/\/yoast.com\/product\/yoast-seo-wordpress\/ -->\n<title>Trasporti, illustrato il piano di rilancio reggino alla presenza dell&#039;On. Paita<\/title>\n<meta name=\"description\" content=\"I Sindaci f.f. Brunetti e Versace hanno consegnato all\u2019On. Paita il documento strategico su mobilit\u00e0 e rilancio infrastrutturale\" \/>\n<meta name=\"robots\" content=\"index, follow, max-snippet:-1, max-image-preview:large, max-video-preview:-1\" \/>\n<link rel=\"canonical\" href=\"https:\/\/progettotouring.it\/radiotouring104\/2022\/03\/27\/trasporti-illustrato-il-piano-di-rilancio-per-reggio-calabria-alla-presenza-dellon-raffaella-paita\/\" \/>\n<meta property=\"og:locale\" content=\"it_IT\" \/>\n<meta property=\"og:type\" content=\"article\" \/>\n<meta property=\"og:title\" content=\"Trasporti, illustrato il piano di rilancio reggino alla presenza dell&#039;On. Paita\" \/>\n<meta property=\"og:description\" content=\"I Sindaci f.f. Brunetti e Versace hanno consegnato all\u2019On. Paita il documento strategico su mobilit\u00e0 e rilancio infrastrutturale\" \/>\n<meta property=\"og:url\" content=\"https:\/\/progettotouring.it\/radiotouring104\/2022\/03\/27\/trasporti-illustrato-il-piano-di-rilancio-per-reggio-calabria-alla-presenza-dellon-raffaella-paita\/\" \/>\n<meta property=\"og:site_name\" content=\"Radio Touring 104\" \/>\n<meta property=\"article:published_time\" content=\"2022-03-27T17:43:28+00:00\" \/>\n<meta property=\"article:modified_time\" content=\"2022-03-27T17:48:03+00:00\" \/>\n<meta property=\"og:image\" content=\"https:\/\/progettotouring.it\/radiotouring104\/wp-content\/uploads\/sites\/6\/2022\/03\/paita.jpeg\" \/>\n\t<meta property=\"og:image:width\" content=\"697\" \/>\n\t<meta property=\"og:image:height\" content=\"392\" \/>\n\t<meta property=\"og:image:type\" content=\"image\/jpeg\" \/>\n<meta name=\"author\" content=\"Chiara Cucinotta\" \/>\n<meta name=\"twitter:card\" content=\"summary_large_image\" \/>\n<meta name=\"twitter:label1\" content=\"Scritto da\" \/>\n\t<meta name=\"twitter:data1\" content=\"Chiara Cucinotta\" \/>\n\t<meta name=\"twitter:label2\" content=\"Tempo di lettura stimato\" \/>\n\t<meta name=\"twitter:data2\" content=\"4 minuti\" \/>\n<script type=\"application\/ld+json\" class=\"yoast-schema-graph\">{\"@context\":\"https:\/\/schema.org\",\"@graph\":[{\"@type\":\"Article\",\"@id\":\"https:\/\/progettotouring.it\/radiotouring104\/2022\/03\/27\/trasporti-illustrato-il-piano-di-rilancio-per-reggio-calabria-alla-presenza-dellon-raffaella-paita\/#article\",\"isPartOf\":{\"@id\":\"https:\/\/progettotouring.it\/radiotouring104\/2022\/03\/27\/trasporti-illustrato-il-piano-di-rilancio-per-reggio-calabria-alla-presenza-dellon-raffaella-paita\/\"},\"author\":{\"name\":\"Chiara Cucinotta\",\"@id\":\"https:\/\/progettotouring.it\/radiotouring104\/#\/schema\/person\/f01f189b71df20dcfc0890eea7e67a0e\"},\"headline\":\"Trasporti, illustrato il piano di rilancio per Reggio Calabria alla presenza dell&#8217;On. Raffaella Paita [SERVIZIO]\",\"datePublished\":\"2022-03-27T17:43:28+00:00\",\"dateModified\":\"2022-03-27T17:48:03+00:00\",\"mainEntityOfPage\":{\"@id\":\"https:\/\/progettotouring.it\/radiotouring104\/2022\/03\/27\/trasporti-illustrato-il-piano-di-rilancio-per-reggio-calabria-alla-presenza-dellon-raffaella-paita\/\"},\"wordCount\":655,\"commentCount\":0,\"publisher\":{\"@id\":\"https:\/\/progettotouring.it\/radiotouring104\/#organization\"},\"image\":{\"@id\":\"https:\/\/progettotouring.it\/radiotouring104\/2022\/03\/27\/trasporti-illustrato-il-piano-di-rilancio-per-reggio-calabria-alla-presenza-dellon-raffaella-paita\/#primaryimage\"},\"thumbnailUrl\":\"https:\/\/progettotouring.it\/radiotouring104\/wp-content\/uploads\/sites\/6\/2022\/03\/paita.jpeg\",\"keywords\":[\"aeroporto tito minniti\",\"alta velocit\u00e0\",\"carmelo versace\",\"caronte\",\"Gioia Tauro\",\"Paolo Brunetti\",\"porto\",\"Raffaella Paita\",\"reggio calabria\",\"reggio messina\",\"reggio roma\",\"rilancio trasporti\"],\"articleSection\":[\"News\",\"Politica\",\"Reggio Calabria\"],\"inLanguage\":\"it-IT\",\"potentialAction\":[{\"@type\":\"CommentAction\",\"name\":\"Comment\",\"target\":[\"https:\/\/progettotouring.it\/radiotouring104\/2022\/03\/27\/trasporti-illustrato-il-piano-di-rilancio-per-reggio-calabria-alla-presenza-dellon-raffaella-paita\/#respond\"]}]},{\"@type\":\"WebPage\",\"@id\":\"https:\/\/progettotouring.it\/radiotouring104\/2022\/03\/27\/trasporti-illustrato-il-piano-di-rilancio-per-reggio-calabria-alla-presenza-dellon-raffaella-paita\/\",\"url\":\"https:\/\/progettotouring.it\/radiotouring104\/2022\/03\/27\/trasporti-illustrato-il-piano-di-rilancio-per-reggio-calabria-alla-presenza-dellon-raffaella-paita\/\",\"name\":\"Trasporti, illustrato il piano di rilancio reggino alla presenza dell'On. Paita\",\"isPartOf\":{\"@id\":\"https:\/\/progettotouring.it\/radiotouring104\/#website\"},\"primaryImageOfPage\":{\"@id\":\"https:\/\/progettotouring.it\/radiotouring104\/2022\/03\/27\/trasporti-illustrato-il-piano-di-rilancio-per-reggio-calabria-alla-presenza-dellon-raffaella-paita\/#primaryimage\"},\"image\":{\"@id\":\"https:\/\/progettotouring.it\/radiotouring104\/2022\/03\/27\/trasporti-illustrato-il-piano-di-rilancio-per-reggio-calabria-alla-presenza-dellon-raffaella-paita\/#primaryimage\"},\"thumbnailUrl\":\"https:\/\/progettotouring.it\/radiotouring104\/wp-content\/uploads\/sites\/6\/2022\/03\/paita.jpeg\",\"datePublished\":\"2022-03-27T17:43:28+00:00\",\"dateModified\":\"2022-03-27T17:48:03+00:00\",\"description\":\"I Sindaci f.f. Brunetti e Versace hanno consegnato all\u2019On. Paita il documento strategico su mobilit\u00e0 e rilancio infrastrutturale\",\"breadcrumb\":{\"@id\":\"https:\/\/progettotouring.it\/radiotouring104\/2022\/03\/27\/trasporti-illustrato-il-piano-di-rilancio-per-reggio-calabria-alla-presenza-dellon-raffaella-paita\/#breadcrumb\"},\"inLanguage\":\"it-IT\",\"potentialAction\":[{\"@type\":\"ReadAction\",\"target\":[\"https:\/\/progettotouring.it\/radiotouring104\/2022\/03\/27\/trasporti-illustrato-il-piano-di-rilancio-per-reggio-calabria-alla-presenza-dellon-raffaella-paita\/\"]}]},{\"@type\":\"ImageObject\",\"inLanguage\":\"it-IT\",\"@id\":\"https:\/\/progettotouring.it\/radiotouring104\/2022\/03\/27\/trasporti-illustrato-il-piano-di-rilancio-per-reggio-calabria-alla-presenza-dellon-raffaella-paita\/#primaryimage\",\"url\":\"https:\/\/progettotouring.it\/radiotouring104\/wp-content\/uploads\/sites\/6\/2022\/03\/paita.jpeg\",\"contentUrl\":\"https:\/\/progettotouring.it\/radiotouring104\/wp-content\/uploads\/sites\/6\/2022\/03\/paita.jpeg\",\"width\":697,\"height\":392},{\"@type\":\"BreadcrumbList\",\"@id\":\"https:\/\/progettotouring.it\/radiotouring104\/2022\/03\/27\/trasporti-illustrato-il-piano-di-rilancio-per-reggio-calabria-alla-presenza-dellon-raffaella-paita\/#breadcrumb\",\"itemListElement\":[{\"@type\":\"ListItem\",\"position\":1,\"name\":\"Home\",\"item\":\"https:\/\/progettotouring.it\/radiotouring104\/\"},{\"@type\":\"ListItem\",\"position\":2,\"name\":\"Trasporti, illustrato il piano di rilancio per Reggio Calabria alla presenza dell&#8217;On. Raffaella Paita [SERVIZIO]\"}]},{\"@type\":\"WebSite\",\"@id\":\"https:\/\/progettotouring.it\/radiotouring104\/#website\",\"url\":\"https:\/\/progettotouring.it\/radiotouring104\/\",\"name\":\"Radio Touring 104\",\"description\":\"La prima radio Reggina\",\"publisher\":{\"@id\":\"https:\/\/progettotouring.it\/radiotouring104\/#organization\"},\"potentialAction\":[{\"@type\":\"SearchAction\",\"target\":{\"@type\":\"EntryPoint\",\"urlTemplate\":\"https:\/\/progettotouring.it\/radiotouring104\/?s={search_term_string}\"},\"query-input\":{\"@type\":\"PropertyValueSpecification\",\"valueRequired\":true,\"valueName\":\"search_term_string\"}}],\"inLanguage\":\"it-IT\"},{\"@type\":\"Organization\",\"@id\":\"https:\/\/progettotouring.it\/radiotouring104\/#organization\",\"name\":\"Radio Touring 104\",\"url\":\"https:\/\/progettotouring.it\/radiotouring104\/\",\"logo\":{\"@type\":\"ImageObject\",\"inLanguage\":\"it-IT\",\"@id\":\"https:\/\/progettotouring.it\/radiotouring104\/#\/schema\/logo\/image\/\",\"url\":\"https:\/\/progettotouring.it\/radiotouring104\/wp-content\/uploads\/sites\/6\/2022\/02\/cropped-logo-radio-touring-104.png\",\"contentUrl\":\"https:\/\/progettotouring.it\/radiotouring104\/wp-content\/uploads\/sites\/6\/2022\/02\/cropped-logo-radio-touring-104.png\",\"width\":377,\"height\":182,\"caption\":\"Radio Touring 104\"},\"image\":{\"@id\":\"https:\/\/progettotouring.it\/radiotouring104\/#\/schema\/logo\/image\/\"}},{\"@type\":\"Person\",\"@id\":\"https:\/\/progettotouring.it\/radiotouring104\/#\/schema\/person\/f01f189b71df20dcfc0890eea7e67a0e\",\"name\":\"Chiara Cucinotta\",\"image\":{\"@type\":\"ImageObject\",\"inLanguage\":\"it-IT\",\"@id\":\"https:\/\/secure.gravatar.com\/avatar\/efe17e5613fdef9b05741a23cd4ef4e9b1c39955d8fe11176cb1da3641c96104?s=96&d=mm&r=g\",\"url\":\"https:\/\/secure.gravatar.com\/avatar\/efe17e5613fdef9b05741a23cd4ef4e9b1c39955d8fe11176cb1da3641c96104?s=96&d=mm&r=g\",\"contentUrl\":\"https:\/\/secure.gravatar.com\/avatar\/efe17e5613fdef9b05741a23cd4ef4e9b1c39955d8fe11176cb1da3641c96104?s=96&d=mm&r=g\",\"caption\":\"Chiara Cucinotta\"},\"sameAs\":[\"https:\/\/progettotouring.it\"],\"url\":\"https:\/\/progettotouring.it\/radiotouring104\/author\/auranex\/\"}]}<\/script>\n<!-- \/ Yoast SEO plugin. -->","yoast_head_json":{"title":"Trasporti, illustrato il piano di rilancio reggino alla presenza dell'On. Paita","description":"I Sindaci f.f. Brunetti e Versace hanno consegnato all\u2019On. Paita il documento strategico su mobilit\u00e0 e rilancio infrastrutturale","robots":{"index":"index","follow":"follow","max-snippet":"max-snippet:-1","max-image-preview":"max-image-preview:large","max-video-preview":"max-video-preview:-1"},"canonical":"https:\/\/progettotouring.it\/radiotouring104\/2022\/03\/27\/trasporti-illustrato-il-piano-di-rilancio-per-reggio-calabria-alla-presenza-dellon-raffaella-paita\/","og_locale":"it_IT","og_type":"article","og_title":"Trasporti, illustrato il piano di rilancio reggino alla presenza dell'On. Paita","og_description":"I Sindaci f.f. Brunetti e Versace hanno consegnato all\u2019On. Paita il documento strategico su mobilit\u00e0 e rilancio infrastrutturale","og_url":"https:\/\/progettotouring.it\/radiotouring104\/2022\/03\/27\/trasporti-illustrato-il-piano-di-rilancio-per-reggio-calabria-alla-presenza-dellon-raffaella-paita\/","og_site_name":"Radio Touring 104","article_published_time":"2022-03-27T17:43:28+00:00","article_modified_time":"2022-03-27T17:48:03+00:00","og_image":[{"width":697,"height":392,"url":"https:\/\/progettotouring.it\/radiotouring104\/wp-content\/uploads\/sites\/6\/2022\/03\/paita.jpeg","type":"image\/jpeg"}],"author":"Chiara Cucinotta","twitter_card":"summary_large_image","twitter_misc":{"Scritto da":"Chiara Cucinotta","Tempo di lettura stimato":"4 minuti"},"schema":{"@context":"https:\/\/schema.org","@graph":[{"@type":"Article","@id":"https:\/\/progettotouring.it\/radiotouring104\/2022\/03\/27\/trasporti-illustrato-il-piano-di-rilancio-per-reggio-calabria-alla-presenza-dellon-raffaella-paita\/#article","isPartOf":{"@id":"https:\/\/progettotouring.it\/radiotouring104\/2022\/03\/27\/trasporti-illustrato-il-piano-di-rilancio-per-reggio-calabria-alla-presenza-dellon-raffaella-paita\/"},"author":{"name":"Chiara Cucinotta","@id":"https:\/\/progettotouring.it\/radiotouring104\/#\/schema\/person\/f01f189b71df20dcfc0890eea7e67a0e"},"headline":"Trasporti, illustrato il piano di rilancio per Reggio Calabria alla presenza dell&#8217;On. Raffaella Paita [SERVIZIO]","datePublished":"2022-03-27T17:43:28+00:00","dateModified":"2022-03-27T17:48:03+00:00","mainEntityOfPage":{"@id":"https:\/\/progettotouring.it\/radiotouring104\/2022\/03\/27\/trasporti-illustrato-il-piano-di-rilancio-per-reggio-calabria-alla-presenza-dellon-raffaella-paita\/"},"wordCount":655,"commentCount":0,"publisher":{"@id":"https:\/\/progettotouring.it\/radiotouring104\/#organization"},"image":{"@id":"https:\/\/progettotouring.it\/radiotouring104\/2022\/03\/27\/trasporti-illustrato-il-piano-di-rilancio-per-reggio-calabria-alla-presenza-dellon-raffaella-paita\/#primaryimage"},"thumbnailUrl":"https:\/\/progettotouring.it\/radiotouring104\/wp-content\/uploads\/sites\/6\/2022\/03\/paita.jpeg","keywords":["aeroporto tito minniti","alta velocit\u00e0","carmelo versace","caronte","Gioia Tauro","Paolo Brunetti","porto","Raffaella Paita","reggio calabria","reggio messina","reggio roma","rilancio trasporti"],"articleSection":["News","Politica","Reggio Calabria"],"inLanguage":"it-IT","potentialAction":[{"@type":"CommentAction","name":"Comment","target":["https:\/\/progettotouring.it\/radiotouring104\/2022\/03\/27\/trasporti-illustrato-il-piano-di-rilancio-per-reggio-calabria-alla-presenza-dellon-raffaella-paita\/#respond"]}]},{"@type":"WebPage","@id":"https:\/\/progettotouring.it\/radiotouring104\/2022\/03\/27\/trasporti-illustrato-il-piano-di-rilancio-per-reggio-calabria-alla-presenza-dellon-raffaella-paita\/","url":"https:\/\/progettotouring.it\/radiotouring104\/2022\/03\/27\/trasporti-illustrato-il-piano-di-rilancio-per-reggio-calabria-alla-presenza-dellon-raffaella-paita\/","name":"Trasporti, illustrato il piano di rilancio reggino alla presenza dell'On. Paita","isPartOf":{"@id":"https:\/\/progettotouring.it\/radiotouring104\/#website"},"primaryImageOfPage":{"@id":"https:\/\/progettotouring.it\/radiotouring104\/2022\/03\/27\/trasporti-illustrato-il-piano-di-rilancio-per-reggio-calabria-alla-presenza-dellon-raffaella-paita\/#primaryimage"},"image":{"@id":"https:\/\/progettotouring.it\/radiotouring104\/2022\/03\/27\/trasporti-illustrato-il-piano-di-rilancio-per-reggio-calabria-alla-presenza-dellon-raffaella-paita\/#primaryimage"},"thumbnailUrl":"https:\/\/progettotouring.it\/radiotouring104\/wp-content\/uploads\/sites\/6\/2022\/03\/paita.jpeg","datePublished":"2022-03-27T17:43:28+00:00","dateModified":"2022-03-27T17:48:03+00:00","description":"I Sindaci f.f. Brunetti e Versace hanno consegnato all\u2019On. Paita il documento strategico su mobilit\u00e0 e rilancio infrastrutturale","breadcrumb":{"@id":"https:\/\/progettotouring.it\/radiotouring104\/2022\/03\/27\/trasporti-illustrato-il-piano-di-rilancio-per-reggio-calabria-alla-presenza-dellon-raffaella-paita\/#breadcrumb"},"inLanguage":"it-IT","potentialAction":[{"@type":"ReadAction","target":["https:\/\/progettotouring.it\/radiotouring104\/2022\/03\/27\/trasporti-illustrato-il-piano-di-rilancio-per-reggio-calabria-alla-presenza-dellon-raffaella-paita\/"]}]},{"@type":"ImageObject","inLanguage":"it-IT","@id":"https:\/\/progettotouring.it\/radiotouring104\/2022\/03\/27\/trasporti-illustrato-il-piano-di-rilancio-per-reggio-calabria-alla-presenza-dellon-raffaella-paita\/#primaryimage","url":"https:\/\/progettotouring.it\/radiotouring104\/wp-content\/uploads\/sites\/6\/2022\/03\/paita.jpeg","contentUrl":"https:\/\/progettotouring.it\/radiotouring104\/wp-content\/uploads\/sites\/6\/2022\/03\/paita.jpeg","width":697,"height":392},{"@type":"BreadcrumbList","@id":"https:\/\/progettotouring.it\/radiotouring104\/2022\/03\/27\/trasporti-illustrato-il-piano-di-rilancio-per-reggio-calabria-alla-presenza-dellon-raffaella-paita\/#breadcrumb","itemListElement":[{"@type":"ListItem","position":1,"name":"Home","item":"https:\/\/progettotouring.it\/radiotouring104\/"},{"@type":"ListItem","position":2,"name":"Trasporti, illustrato il piano di rilancio per Reggio Calabria alla presenza dell&#8217;On. Raffaella Paita [SERVIZIO]"}]},{"@type":"WebSite","@id":"https:\/\/progettotouring.it\/radiotouring104\/#website","url":"https:\/\/progettotouring.it\/radiotouring104\/","name":"Radio Touring 104","description":"La prima radio Reggina","publisher":{"@id":"https:\/\/progettotouring.it\/radiotouring104\/#organization"},"potentialAction":[{"@type":"SearchAction","target":{"@type":"EntryPoint","urlTemplate":"https:\/\/progettotouring.it\/radiotouring104\/?s={search_term_string}"},"query-input":{"@type":"PropertyValueSpecification","valueRequired":true,"valueName":"search_term_string"}}],"inLanguage":"it-IT"},{"@type":"Organization","@id":"https:\/\/progettotouring.it\/radiotouring104\/#organization","name":"Radio Touring 104","url":"https:\/\/progettotouring.it\/radiotouring104\/","logo":{"@type":"ImageObject","inLanguage":"it-IT","@id":"https:\/\/progettotouring.it\/radiotouring104\/#\/schema\/logo\/image\/","url":"https:\/\/progettotouring.it\/radiotouring104\/wp-content\/uploads\/sites\/6\/2022\/02\/cropped-logo-radio-touring-104.png","contentUrl":"https:\/\/progettotouring.it\/radiotouring104\/wp-content\/uploads\/sites\/6\/2022\/02\/cropped-logo-radio-touring-104.png","width":377,"height":182,"caption":"Radio Touring 104"},"image":{"@id":"https:\/\/progettotouring.it\/radiotouring104\/#\/schema\/logo\/image\/"}},{"@type":"Person","@id":"https:\/\/progettotouring.it\/radiotouring104\/#\/schema\/person\/f01f189b71df20dcfc0890eea7e67a0e","name":"Chiara Cucinotta","image":{"@type":"ImageObject","inLanguage":"it-IT","@id":"https:\/\/secure.gravatar.com\/avatar\/efe17e5613fdef9b05741a23cd4ef4e9b1c39955d8fe11176cb1da3641c96104?s=96&d=mm&r=g","url":"https:\/\/secure.gravatar.com\/avatar\/efe17e5613fdef9b05741a23cd4ef4e9b1c39955d8fe11176cb1da3641c96104?s=96&d=mm&r=g","contentUrl":"https:\/\/secure.gravatar.com\/avatar\/efe17e5613fdef9b05741a23cd4ef4e9b1c39955d8fe11176cb1da3641c96104?s=96&d=mm&r=g","caption":"Chiara Cucinotta"},"sameAs":["https:\/\/progettotouring.it"],"url":"https:\/\/progettotouring.it\/radiotouring104\/author\/auranex\/"}]}},"jetpack_publicize_connections":[],"jetpack_featured_media_url":"https:\/\/progettotouring.it\/radiotouring104\/wp-content\/uploads\/sites\/6\/2022\/03\/paita.jpeg","jetpack_sharing_enabled":true,"_links":{"self":[{"href":"https:\/\/progettotouring.it\/radiotouring104\/wp-json\/wp\/v2\/posts\/3517","targetHints":{"allow":["GET"]}}],"collection":[{"href":"https:\/\/progettotouring.it\/radiotouring104\/wp-json\/wp\/v2\/posts"}],"about":[{"href":"https:\/\/progettotouring.it\/radiotouring104\/wp-json\/wp\/v2\/types\/post"}],"author":[{"embeddable":true,"href":"https:\/\/progettotouring.it\/radiotouring104\/wp-json\/wp\/v2\/users\/1"}],"replies":[{"embeddable":true,"href":"https:\/\/progettotouring.it\/radiotouring104\/wp-json\/wp\/v2\/comments?post=3517"}],"version-history":[{"count":3,"href":"https:\/\/progettotouring.it\/radiotouring104\/wp-json\/wp\/v2\/posts\/3517\/revisions"}],"predecessor-version":[{"id":3521,"href":"https:\/\/progettotouring.it\/radiotouring104\/wp-json\/wp\/v2\/posts\/3517\/revisions\/3521"}],"wp:featuredmedia":[{"embeddable":true,"href":"https:\/\/progettotouring.it\/radiotouring104\/wp-json\/wp\/v2\/media\/3519"}],"wp:attachment":[{"href":"https:\/\/progettotouring.it\/radiotouring104\/wp-json\/wp\/v2\/media?parent=3517"}],"wp:term":[{"taxonomy":"category","embeddable":true,"href":"https:\/\/progettotouring.it\/radiotouring104\/wp-json\/wp\/v2\/categories?post=3517"},{"taxonomy":"post_tag","embeddable":true,"href":"https:\/\/progettotouring.it\/radiotouring104\/wp-json\/wp\/v2\/tags?post=3517"}],"curies":[{"name":"wp","href":"https:\/\/api.w.org\/{rel}","templated":true}]}}