{"id":35311,"date":"2023-09-29T09:28:35","date_gmt":"2023-09-29T07:28:35","guid":{"rendered":"https:\/\/progettotouring.it\/radiotouring104\/?p=35311"},"modified":"2023-09-29T09:37:58","modified_gmt":"2023-09-29T07:37:58","slug":"reggio-siglato-protocollo-tra-il-comune-e-lasp-per-interventi-socio-sanitari-integrati","status":"publish","type":"post","link":"https:\/\/progettotouring.it\/radiotouring104\/2023\/09\/29\/reggio-siglato-protocollo-tra-il-comune-e-lasp-per-interventi-socio-sanitari-integrati\/","title":{"rendered":"Reggio: siglato Protocollo tra il Comune e l\u2019ASP per interventi socio-sanitari integrati"},"content":{"rendered":"<p style=\"text-align: justify\">\u00c8 una importante quella del <strong>18 settembre 2023<\/strong>, perch\u00e9 dentro un quadro regionale storicamente critico di programmazione degli interventi sociali e socio-sanitari integrati, <strong>ha trovato la luce il primo protocollo operativo tra il Comune e l\u2019ASP per attuare le politiche e le strategie operative socio-sanitarie,<\/strong> attraverso un approccio unitario ed organico per la gestione della presa in carico della popolazione maggiormente a rischio socio sanitario, dei nuclei in condizioni di fragilit\u00e0 sociale e sanitaria, nonch\u00e9 delle persone con disabilit\u00e0 complesse.<\/p>\n<p style=\"text-align: justify\"><em>\u201cIl Protocollo di Intesa \u2013<\/em><strong> spiega l\u2019Assessore al Welfare Demetrio Delfino &#8211;<\/strong> <em>si inserisce all\u2019interno della cornice istituzionale descritta nell\u2019Accordo di Programma quale atto di adozione del Piano di Zona 2021-2023 e la sua adozione \u00e8 volta a sperimentare e strutturare la metodologia operativa in ambito sociale e socio-sanitario basata sulla realizzazione dei progetti personalizzati sulla base di quanto definito dall\u2019art. 14 della Legge 328\/2000\u201d.<\/em><\/p>\n<p style=\"text-align: justify\">Sono diversi gli interventi che richiedono l\u2019approccio integrato in ambito socio-sanitario e che afferiscono a finanziamenti regionali, nazionali ed europei, orientati a promuovere attivamente i pieni e completi diritti di cittadinanza ed integrit\u00e0 della persona.<\/p>\n<p style=\"text-align: justify\"><em>\u201cDentro la carenza normativa e tecnica operativa che si \u00e8 registrata nell\u2019ultimo ventennio in Calabria in materia di integrazione socio sanitaria \u2013<\/em><strong> continua l\u2019Assessore \u2013<\/strong> <em>abbiamo sentito forte l\u2019esigenza di formalizzare l\u2019intensa e proficua collaborazione gi\u00e0 in essere con gli operatori e con gli Uffici preposti dell\u2019ASP, attraverso la condivisione del percorso con il Direttore Generale, Lucia Di Furia, con la quale abbiamo tradotto, nello strumento operativo del Protocollo, un pezzo di visione del welfare che deve prendere sempre pi\u00f9 forma nel nostro territorio\u201d.<\/em><\/p>\n<p style=\"text-align: justify\"><strong>La Regione<\/strong> Calabria con Decreto del Commissario ad Acta del Dipartimento Tutela della Salute e Servizi Socio Sanitari della Regione Calabria <strong>ha istituito il Tavolo tecnico per l\u2019integrazione socio-sanitaria con il compito di potenziare<\/strong> e coordinare <strong>le attivit\u00e0 essenziali alla realizzazione del sistema integrato<\/strong> degli interventi di natura sociale e sanitaria. Tuttavia i lavori del tavolo sono ancora in itinere e in attesa di esiti concreti sulla definizione dell\u2019assetto organizzativo centrale e territoriale, la complessit\u00e0 dei bisogni, delle nuove fragilit\u00e0 e della crescente vulnerabilit\u00e0 correlata a tutte le aree di intervento spinge in maniera inesorabilmente a definire strategie per pianificare e programmare in maniera integrata gli interventi socio-sanitari.<\/p>\n<p style=\"text-align: justify\"><em>\u201cL\u2019attenzione \u00e8 massima <strong>\u2013<\/strong><\/em><strong> conclude l\u2019Assessore \u2013<\/strong><em> nei riguardi della metodologia operativa disciplinata per i Progetti personalizzati e incontrare questa disponibilit\u00e0 e competenza del Direttore Generale dell\u2019ASP, ci ha permesso di concretizzare questo Protocollo inteso come primo strumento operativo del pi\u00f9 generale Accordo di Programma, volto all\u2019approvazione del Piano di Zona, a favore dei cittadini e delle persone pi\u00f9 deboli che presentano bisogni sociali e sanitari complessi, privilegiando, appunto, la definizione di piani individuali integrati, volti anche ad evitare e\/o ritardarne anche l\u2019eventuale istituzionalizzazione\u201d.<\/em><\/p>\n","protected":false},"excerpt":{"rendered":"<p>\u00c8 una importante quella del 18 settembre 2023, perch\u00e9 dentro un quadro regionale storicamente critico di programmazione degli interventi sociali e socio-sanitari integrati, ha trovato la luce il primo protocollo&hellip;<\/p>\n","protected":false},"author":12,"featured_media":35313,"comment_status":"closed","ping_status":"open","sticky":false,"template":"","format":"standard","meta":{"_jetpack_memberships_contains_paid_content":false,"footnotes":"","jetpack_publicize_message":"","jetpack_publicize_feature_enabled":true,"jetpack_social_post_already_shared":false,"jetpack_social_options":{"image_generator_settings":{"template":"highway","default_image_id":0,"font":"","enabled":false},"version":2}},"categories":[921,196,140],"tags":[12998,399,1857,22138,2303,22137],"class_list":["post-35311","post","type-post","status-publish","format-standard","has-post-thumbnail","hentry","category-home","category-news","category-reggio-calabria","tag-asp-reggio-calabria","tag-comune-reggio-calabria","tag-demetrio-delfino","tag-interventi-sociali-socio-sanitari-integrati","tag-lucia-di-furia","tag-siglato-protocollo-tra-comune-e-asp"],"yoast_head":"<!-- This site is optimized with the Yoast SEO plugin v27.2 - https:\/\/yoast.com\/product\/yoast-seo-wordpress\/ -->\n<title>Reggio: siglato Protocollo tra il Comune e l\u2019ASP<\/title>\n<meta name=\"description\" content=\"Il 18 settembre siglato !\u00b0 protocollo operativo tra il Comune e l\u2019ASP per attuare le politiche e le strategie operative socio-sanitarie\" \/>\n<meta name=\"robots\" content=\"index, follow, max-snippet:-1, max-image-preview:large, max-video-preview:-1\" \/>\n<link rel=\"canonical\" href=\"https:\/\/progettotouring.it\/radiotouring104\/2023\/09\/29\/reggio-siglato-protocollo-tra-il-comune-e-lasp-per-interventi-socio-sanitari-integrati\/\" \/>\n<meta property=\"og:locale\" content=\"it_IT\" \/>\n<meta property=\"og:type\" content=\"article\" \/>\n<meta property=\"og:title\" content=\"Reggio: siglato Protocollo tra il Comune e l\u2019ASP\" \/>\n<meta property=\"og:description\" content=\"Il 18 settembre siglato !\u00b0 protocollo operativo tra il Comune e l\u2019ASP per attuare le politiche e le strategie operative socio-sanitarie\" \/>\n<meta property=\"og:url\" content=\"https:\/\/progettotouring.it\/radiotouring104\/2023\/09\/29\/reggio-siglato-protocollo-tra-il-comune-e-lasp-per-interventi-socio-sanitari-integrati\/\" \/>\n<meta property=\"og:site_name\" content=\"Radio Touring 104\" \/>\n<meta property=\"article:published_time\" content=\"2023-09-29T07:28:35+00:00\" \/>\n<meta property=\"article:modified_time\" content=\"2023-09-29T07:37:58+00:00\" \/>\n<meta property=\"og:image\" content=\"https:\/\/progettotouring.it\/radiotouring104\/wp-content\/uploads\/sites\/6\/2023\/09\/Demetrio-Delfino-Lucia-Di-Furia.jpeg\" \/>\n\t<meta property=\"og:image:width\" content=\"890\" \/>\n\t<meta property=\"og:image:height\" content=\"701\" \/>\n\t<meta property=\"og:image:type\" content=\"image\/jpeg\" \/>\n<meta name=\"author\" content=\"Sebastiano Plutino\" \/>\n<meta name=\"twitter:card\" content=\"summary_large_image\" \/>\n<meta name=\"twitter:label1\" content=\"Scritto da\" \/>\n\t<meta name=\"twitter:data1\" content=\"Sebastiano Plutino\" \/>\n\t<meta name=\"twitter:label2\" content=\"Tempo di lettura stimato\" \/>\n\t<meta name=\"twitter:data2\" content=\"2 minuti\" \/>\n<script type=\"application\/ld+json\" class=\"yoast-schema-graph\">{\"@context\":\"https:\/\/schema.org\",\"@graph\":[{\"@type\":\"Article\",\"@id\":\"https:\/\/progettotouring.it\/radiotouring104\/2023\/09\/29\/reggio-siglato-protocollo-tra-il-comune-e-lasp-per-interventi-socio-sanitari-integrati\/#article\",\"isPartOf\":{\"@id\":\"https:\/\/progettotouring.it\/radiotouring104\/2023\/09\/29\/reggio-siglato-protocollo-tra-il-comune-e-lasp-per-interventi-socio-sanitari-integrati\/\"},\"author\":{\"name\":\"Sebastiano Plutino\",\"@id\":\"https:\/\/progettotouring.it\/radiotouring104\/#\/schema\/person\/78613917f1851f041f7483f5af1d422e\"},\"headline\":\"Reggio: siglato Protocollo tra il Comune e l\u2019ASP per interventi socio-sanitari integrati\",\"datePublished\":\"2023-09-29T07:28:35+00:00\",\"dateModified\":\"2023-09-29T07:37:58+00:00\",\"mainEntityOfPage\":{\"@id\":\"https:\/\/progettotouring.it\/radiotouring104\/2023\/09\/29\/reggio-siglato-protocollo-tra-il-comune-e-lasp-per-interventi-socio-sanitari-integrati\/\"},\"wordCount\":475,\"publisher\":{\"@id\":\"https:\/\/progettotouring.it\/radiotouring104\/#organization\"},\"image\":{\"@id\":\"https:\/\/progettotouring.it\/radiotouring104\/2023\/09\/29\/reggio-siglato-protocollo-tra-il-comune-e-lasp-per-interventi-socio-sanitari-integrati\/#primaryimage\"},\"thumbnailUrl\":\"https:\/\/progettotouring.it\/radiotouring104\/wp-content\/uploads\/sites\/6\/2023\/09\/Demetrio-Delfino-Lucia-Di-Furia.jpeg\",\"keywords\":[\"Asp Reggio Calabria\",\"comune reggio calabria\",\"Demetrio Delfino\",\"interventi sociali socio-sanitari integrati\",\"lucia di furia\",\"siglato Protocollo tra Comune e ASP\"],\"articleSection\":[\"Home\",\"News\",\"Reggio Calabria\"],\"inLanguage\":\"it-IT\"},{\"@type\":\"WebPage\",\"@id\":\"https:\/\/progettotouring.it\/radiotouring104\/2023\/09\/29\/reggio-siglato-protocollo-tra-il-comune-e-lasp-per-interventi-socio-sanitari-integrati\/\",\"url\":\"https:\/\/progettotouring.it\/radiotouring104\/2023\/09\/29\/reggio-siglato-protocollo-tra-il-comune-e-lasp-per-interventi-socio-sanitari-integrati\/\",\"name\":\"Reggio: siglato Protocollo tra il Comune e l\u2019ASP\",\"isPartOf\":{\"@id\":\"https:\/\/progettotouring.it\/radiotouring104\/#website\"},\"primaryImageOfPage\":{\"@id\":\"https:\/\/progettotouring.it\/radiotouring104\/2023\/09\/29\/reggio-siglato-protocollo-tra-il-comune-e-lasp-per-interventi-socio-sanitari-integrati\/#primaryimage\"},\"image\":{\"@id\":\"https:\/\/progettotouring.it\/radiotouring104\/2023\/09\/29\/reggio-siglato-protocollo-tra-il-comune-e-lasp-per-interventi-socio-sanitari-integrati\/#primaryimage\"},\"thumbnailUrl\":\"https:\/\/progettotouring.it\/radiotouring104\/wp-content\/uploads\/sites\/6\/2023\/09\/Demetrio-Delfino-Lucia-Di-Furia.jpeg\",\"datePublished\":\"2023-09-29T07:28:35+00:00\",\"dateModified\":\"2023-09-29T07:37:58+00:00\",\"description\":\"Il 18 settembre siglato !\u00b0 protocollo operativo tra il Comune e l\u2019ASP per attuare le politiche e le strategie operative socio-sanitarie\",\"breadcrumb\":{\"@id\":\"https:\/\/progettotouring.it\/radiotouring104\/2023\/09\/29\/reggio-siglato-protocollo-tra-il-comune-e-lasp-per-interventi-socio-sanitari-integrati\/#breadcrumb\"},\"inLanguage\":\"it-IT\",\"potentialAction\":[{\"@type\":\"ReadAction\",\"target\":[\"https:\/\/progettotouring.it\/radiotouring104\/2023\/09\/29\/reggio-siglato-protocollo-tra-il-comune-e-lasp-per-interventi-socio-sanitari-integrati\/\"]}]},{\"@type\":\"ImageObject\",\"inLanguage\":\"it-IT\",\"@id\":\"https:\/\/progettotouring.it\/radiotouring104\/2023\/09\/29\/reggio-siglato-protocollo-tra-il-comune-e-lasp-per-interventi-socio-sanitari-integrati\/#primaryimage\",\"url\":\"https:\/\/progettotouring.it\/radiotouring104\/wp-content\/uploads\/sites\/6\/2023\/09\/Demetrio-Delfino-Lucia-Di-Furia.jpeg\",\"contentUrl\":\"https:\/\/progettotouring.it\/radiotouring104\/wp-content\/uploads\/sites\/6\/2023\/09\/Demetrio-Delfino-Lucia-Di-Furia.jpeg\",\"width\":890,\"height\":701},{\"@type\":\"BreadcrumbList\",\"@id\":\"https:\/\/progettotouring.it\/radiotouring104\/2023\/09\/29\/reggio-siglato-protocollo-tra-il-comune-e-lasp-per-interventi-socio-sanitari-integrati\/#breadcrumb\",\"itemListElement\":[{\"@type\":\"ListItem\",\"position\":1,\"name\":\"Home\",\"item\":\"https:\/\/progettotouring.it\/radiotouring104\/\"},{\"@type\":\"ListItem\",\"position\":2,\"name\":\"Reggio: siglato Protocollo tra il Comune e l\u2019ASP per interventi socio-sanitari integrati\"}]},{\"@type\":\"WebSite\",\"@id\":\"https:\/\/progettotouring.it\/radiotouring104\/#website\",\"url\":\"https:\/\/progettotouring.it\/radiotouring104\/\",\"name\":\"Radio Touring 104\",\"description\":\"La prima radio Reggina\",\"publisher\":{\"@id\":\"https:\/\/progettotouring.it\/radiotouring104\/#organization\"},\"potentialAction\":[{\"@type\":\"SearchAction\",\"target\":{\"@type\":\"EntryPoint\",\"urlTemplate\":\"https:\/\/progettotouring.it\/radiotouring104\/?s={search_term_string}\"},\"query-input\":{\"@type\":\"PropertyValueSpecification\",\"valueRequired\":true,\"valueName\":\"search_term_string\"}}],\"inLanguage\":\"it-IT\"},{\"@type\":\"Organization\",\"@id\":\"https:\/\/progettotouring.it\/radiotouring104\/#organization\",\"name\":\"Radio Touring 104\",\"url\":\"https:\/\/progettotouring.it\/radiotouring104\/\",\"logo\":{\"@type\":\"ImageObject\",\"inLanguage\":\"it-IT\",\"@id\":\"https:\/\/progettotouring.it\/radiotouring104\/#\/schema\/logo\/image\/\",\"url\":\"https:\/\/progettotouring.it\/radiotouring104\/wp-content\/uploads\/sites\/6\/2022\/02\/cropped-logo-radio-touring-104.png\",\"contentUrl\":\"https:\/\/progettotouring.it\/radiotouring104\/wp-content\/uploads\/sites\/6\/2022\/02\/cropped-logo-radio-touring-104.png\",\"width\":377,\"height\":182,\"caption\":\"Radio Touring 104\"},\"image\":{\"@id\":\"https:\/\/progettotouring.it\/radiotouring104\/#\/schema\/logo\/image\/\"}},{\"@type\":\"Person\",\"@id\":\"https:\/\/progettotouring.it\/radiotouring104\/#\/schema\/person\/78613917f1851f041f7483f5af1d422e\",\"name\":\"Sebastiano Plutino\",\"image\":{\"@type\":\"ImageObject\",\"inLanguage\":\"it-IT\",\"@id\":\"https:\/\/secure.gravatar.com\/avatar\/0546ffaa9b79224faf9f2a156b67a529ae861d3287c66c1d8ccfdf909bcba78d?s=96&d=mm&r=g\",\"url\":\"https:\/\/secure.gravatar.com\/avatar\/0546ffaa9b79224faf9f2a156b67a529ae861d3287c66c1d8ccfdf909bcba78d?s=96&d=mm&r=g\",\"contentUrl\":\"https:\/\/secure.gravatar.com\/avatar\/0546ffaa9b79224faf9f2a156b67a529ae861d3287c66c1d8ccfdf909bcba78d?s=96&d=mm&r=g\",\"caption\":\"Sebastiano Plutino\"},\"url\":\"https:\/\/progettotouring.it\/radiotouring104\/author\/sebastiano\/\"}]}<\/script>\n<!-- \/ Yoast SEO plugin. -->","yoast_head_json":{"title":"Reggio: siglato Protocollo tra il Comune e l\u2019ASP","description":"Il 18 settembre siglato !\u00b0 protocollo operativo tra il Comune e l\u2019ASP per attuare le politiche e le strategie operative socio-sanitarie","robots":{"index":"index","follow":"follow","max-snippet":"max-snippet:-1","max-image-preview":"max-image-preview:large","max-video-preview":"max-video-preview:-1"},"canonical":"https:\/\/progettotouring.it\/radiotouring104\/2023\/09\/29\/reggio-siglato-protocollo-tra-il-comune-e-lasp-per-interventi-socio-sanitari-integrati\/","og_locale":"it_IT","og_type":"article","og_title":"Reggio: siglato Protocollo tra il Comune e l\u2019ASP","og_description":"Il 18 settembre siglato !\u00b0 protocollo operativo tra il Comune e l\u2019ASP per attuare le politiche e le strategie operative socio-sanitarie","og_url":"https:\/\/progettotouring.it\/radiotouring104\/2023\/09\/29\/reggio-siglato-protocollo-tra-il-comune-e-lasp-per-interventi-socio-sanitari-integrati\/","og_site_name":"Radio Touring 104","article_published_time":"2023-09-29T07:28:35+00:00","article_modified_time":"2023-09-29T07:37:58+00:00","og_image":[{"width":890,"height":701,"url":"https:\/\/progettotouring.it\/radiotouring104\/wp-content\/uploads\/sites\/6\/2023\/09\/Demetrio-Delfino-Lucia-Di-Furia.jpeg","type":"image\/jpeg"}],"author":"Sebastiano Plutino","twitter_card":"summary_large_image","twitter_misc":{"Scritto da":"Sebastiano Plutino","Tempo di lettura stimato":"2 minuti"},"schema":{"@context":"https:\/\/schema.org","@graph":[{"@type":"Article","@id":"https:\/\/progettotouring.it\/radiotouring104\/2023\/09\/29\/reggio-siglato-protocollo-tra-il-comune-e-lasp-per-interventi-socio-sanitari-integrati\/#article","isPartOf":{"@id":"https:\/\/progettotouring.it\/radiotouring104\/2023\/09\/29\/reggio-siglato-protocollo-tra-il-comune-e-lasp-per-interventi-socio-sanitari-integrati\/"},"author":{"name":"Sebastiano Plutino","@id":"https:\/\/progettotouring.it\/radiotouring104\/#\/schema\/person\/78613917f1851f041f7483f5af1d422e"},"headline":"Reggio: siglato Protocollo tra il Comune e l\u2019ASP per interventi socio-sanitari integrati","datePublished":"2023-09-29T07:28:35+00:00","dateModified":"2023-09-29T07:37:58+00:00","mainEntityOfPage":{"@id":"https:\/\/progettotouring.it\/radiotouring104\/2023\/09\/29\/reggio-siglato-protocollo-tra-il-comune-e-lasp-per-interventi-socio-sanitari-integrati\/"},"wordCount":475,"publisher":{"@id":"https:\/\/progettotouring.it\/radiotouring104\/#organization"},"image":{"@id":"https:\/\/progettotouring.it\/radiotouring104\/2023\/09\/29\/reggio-siglato-protocollo-tra-il-comune-e-lasp-per-interventi-socio-sanitari-integrati\/#primaryimage"},"thumbnailUrl":"https:\/\/progettotouring.it\/radiotouring104\/wp-content\/uploads\/sites\/6\/2023\/09\/Demetrio-Delfino-Lucia-Di-Furia.jpeg","keywords":["Asp Reggio Calabria","comune reggio calabria","Demetrio Delfino","interventi sociali socio-sanitari integrati","lucia di furia","siglato Protocollo tra Comune e ASP"],"articleSection":["Home","News","Reggio Calabria"],"inLanguage":"it-IT"},{"@type":"WebPage","@id":"https:\/\/progettotouring.it\/radiotouring104\/2023\/09\/29\/reggio-siglato-protocollo-tra-il-comune-e-lasp-per-interventi-socio-sanitari-integrati\/","url":"https:\/\/progettotouring.it\/radiotouring104\/2023\/09\/29\/reggio-siglato-protocollo-tra-il-comune-e-lasp-per-interventi-socio-sanitari-integrati\/","name":"Reggio: siglato Protocollo tra il Comune e l\u2019ASP","isPartOf":{"@id":"https:\/\/progettotouring.it\/radiotouring104\/#website"},"primaryImageOfPage":{"@id":"https:\/\/progettotouring.it\/radiotouring104\/2023\/09\/29\/reggio-siglato-protocollo-tra-il-comune-e-lasp-per-interventi-socio-sanitari-integrati\/#primaryimage"},"image":{"@id":"https:\/\/progettotouring.it\/radiotouring104\/2023\/09\/29\/reggio-siglato-protocollo-tra-il-comune-e-lasp-per-interventi-socio-sanitari-integrati\/#primaryimage"},"thumbnailUrl":"https:\/\/progettotouring.it\/radiotouring104\/wp-content\/uploads\/sites\/6\/2023\/09\/Demetrio-Delfino-Lucia-Di-Furia.jpeg","datePublished":"2023-09-29T07:28:35+00:00","dateModified":"2023-09-29T07:37:58+00:00","description":"Il 18 settembre siglato !\u00b0 protocollo operativo tra il Comune e l\u2019ASP per attuare le politiche e le strategie operative socio-sanitarie","breadcrumb":{"@id":"https:\/\/progettotouring.it\/radiotouring104\/2023\/09\/29\/reggio-siglato-protocollo-tra-il-comune-e-lasp-per-interventi-socio-sanitari-integrati\/#breadcrumb"},"inLanguage":"it-IT","potentialAction":[{"@type":"ReadAction","target":["https:\/\/progettotouring.it\/radiotouring104\/2023\/09\/29\/reggio-siglato-protocollo-tra-il-comune-e-lasp-per-interventi-socio-sanitari-integrati\/"]}]},{"@type":"ImageObject","inLanguage":"it-IT","@id":"https:\/\/progettotouring.it\/radiotouring104\/2023\/09\/29\/reggio-siglato-protocollo-tra-il-comune-e-lasp-per-interventi-socio-sanitari-integrati\/#primaryimage","url":"https:\/\/progettotouring.it\/radiotouring104\/wp-content\/uploads\/sites\/6\/2023\/09\/Demetrio-Delfino-Lucia-Di-Furia.jpeg","contentUrl":"https:\/\/progettotouring.it\/radiotouring104\/wp-content\/uploads\/sites\/6\/2023\/09\/Demetrio-Delfino-Lucia-Di-Furia.jpeg","width":890,"height":701},{"@type":"BreadcrumbList","@id":"https:\/\/progettotouring.it\/radiotouring104\/2023\/09\/29\/reggio-siglato-protocollo-tra-il-comune-e-lasp-per-interventi-socio-sanitari-integrati\/#breadcrumb","itemListElement":[{"@type":"ListItem","position":1,"name":"Home","item":"https:\/\/progettotouring.it\/radiotouring104\/"},{"@type":"ListItem","position":2,"name":"Reggio: siglato Protocollo tra il Comune e l\u2019ASP per interventi socio-sanitari integrati"}]},{"@type":"WebSite","@id":"https:\/\/progettotouring.it\/radiotouring104\/#website","url":"https:\/\/progettotouring.it\/radiotouring104\/","name":"Radio Touring 104","description":"La prima radio Reggina","publisher":{"@id":"https:\/\/progettotouring.it\/radiotouring104\/#organization"},"potentialAction":[{"@type":"SearchAction","target":{"@type":"EntryPoint","urlTemplate":"https:\/\/progettotouring.it\/radiotouring104\/?s={search_term_string}"},"query-input":{"@type":"PropertyValueSpecification","valueRequired":true,"valueName":"search_term_string"}}],"inLanguage":"it-IT"},{"@type":"Organization","@id":"https:\/\/progettotouring.it\/radiotouring104\/#organization","name":"Radio Touring 104","url":"https:\/\/progettotouring.it\/radiotouring104\/","logo":{"@type":"ImageObject","inLanguage":"it-IT","@id":"https:\/\/progettotouring.it\/radiotouring104\/#\/schema\/logo\/image\/","url":"https:\/\/progettotouring.it\/radiotouring104\/wp-content\/uploads\/sites\/6\/2022\/02\/cropped-logo-radio-touring-104.png","contentUrl":"https:\/\/progettotouring.it\/radiotouring104\/wp-content\/uploads\/sites\/6\/2022\/02\/cropped-logo-radio-touring-104.png","width":377,"height":182,"caption":"Radio Touring 104"},"image":{"@id":"https:\/\/progettotouring.it\/radiotouring104\/#\/schema\/logo\/image\/"}},{"@type":"Person","@id":"https:\/\/progettotouring.it\/radiotouring104\/#\/schema\/person\/78613917f1851f041f7483f5af1d422e","name":"Sebastiano Plutino","image":{"@type":"ImageObject","inLanguage":"it-IT","@id":"https:\/\/secure.gravatar.com\/avatar\/0546ffaa9b79224faf9f2a156b67a529ae861d3287c66c1d8ccfdf909bcba78d?s=96&d=mm&r=g","url":"https:\/\/secure.gravatar.com\/avatar\/0546ffaa9b79224faf9f2a156b67a529ae861d3287c66c1d8ccfdf909bcba78d?s=96&d=mm&r=g","contentUrl":"https:\/\/secure.gravatar.com\/avatar\/0546ffaa9b79224faf9f2a156b67a529ae861d3287c66c1d8ccfdf909bcba78d?s=96&d=mm&r=g","caption":"Sebastiano Plutino"},"url":"https:\/\/progettotouring.it\/radiotouring104\/author\/sebastiano\/"}]}},"jetpack_publicize_connections":[],"jetpack_featured_media_url":"https:\/\/progettotouring.it\/radiotouring104\/wp-content\/uploads\/sites\/6\/2023\/09\/Demetrio-Delfino-Lucia-Di-Furia.jpeg","jetpack_sharing_enabled":true,"_links":{"self":[{"href":"https:\/\/progettotouring.it\/radiotouring104\/wp-json\/wp\/v2\/posts\/35311","targetHints":{"allow":["GET"]}}],"collection":[{"href":"https:\/\/progettotouring.it\/radiotouring104\/wp-json\/wp\/v2\/posts"}],"about":[{"href":"https:\/\/progettotouring.it\/radiotouring104\/wp-json\/wp\/v2\/types\/post"}],"author":[{"embeddable":true,"href":"https:\/\/progettotouring.it\/radiotouring104\/wp-json\/wp\/v2\/users\/12"}],"replies":[{"embeddable":true,"href":"https:\/\/progettotouring.it\/radiotouring104\/wp-json\/wp\/v2\/comments?post=35311"}],"version-history":[{"count":2,"href":"https:\/\/progettotouring.it\/radiotouring104\/wp-json\/wp\/v2\/posts\/35311\/revisions"}],"predecessor-version":[{"id":35317,"href":"https:\/\/progettotouring.it\/radiotouring104\/wp-json\/wp\/v2\/posts\/35311\/revisions\/35317"}],"wp:featuredmedia":[{"embeddable":true,"href":"https:\/\/progettotouring.it\/radiotouring104\/wp-json\/wp\/v2\/media\/35313"}],"wp:attachment":[{"href":"https:\/\/progettotouring.it\/radiotouring104\/wp-json\/wp\/v2\/media?parent=35311"}],"wp:term":[{"taxonomy":"category","embeddable":true,"href":"https:\/\/progettotouring.it\/radiotouring104\/wp-json\/wp\/v2\/categories?post=35311"},{"taxonomy":"post_tag","embeddable":true,"href":"https:\/\/progettotouring.it\/radiotouring104\/wp-json\/wp\/v2\/tags?post=35311"}],"curies":[{"name":"wp","href":"https:\/\/api.w.org\/{rel}","templated":true}]}}