{"id":35936,"date":"2023-10-06T11:16:25","date_gmt":"2023-10-06T09:16:25","guid":{"rendered":"https:\/\/progettotouring.it\/radiotouring104\/?p=35936"},"modified":"2023-10-06T11:16:25","modified_gmt":"2023-10-06T09:16:25","slug":"anpi-e-por-cuba-presentano-storia-di-un-rivoluzionario-a-56-anni-dal-criminale-assassinio-del-comandante-che-guevara","status":"publish","type":"post","link":"https:\/\/progettotouring.it\/radiotouring104\/2023\/10\/06\/anpi-e-por-cuba-presentano-storia-di-un-rivoluzionario-a-56-anni-dal-criminale-assassinio-del-comandante-che-guevara\/","title":{"rendered":"ANPI E Por Cuba presentano \u201cStoria di un rivoluzionario. A 56 anni dal criminale assassinio del Comandante Che Guevara\u201d."},"content":{"rendered":"<p dir=\"ltr\" style=\"text-align: justify\"><em>\u201cStoria di un rivoluzionario. A 56 anni dal criminale assassinio del Comandante Che Guevara\u201d.<\/em><strong> Questo il titolo dell\u2019evento che si svolger\u00e0 il 9 ottobre, data dell\u2019uccisione del grande rivoluzionario.<\/strong><\/p>\n<p dir=\"ltr\" style=\"text-align: justify\"><strong> L\u2019iniziativa, promossa dall\u2019associazione Por Cuba e dall\u2019 ANPI sezione \u201cCond\u00f2\u201d si\u00a0 svolger\u00e0 al ristorante \u201cCiroma\u201d a partire dalle ore 18<\/strong> e si aprir\u00e0 con una proiezione del discorso del Che all\u2019ONU dell\u201911 Dicembre 1964.<\/p>\n<p dir=\"ltr\" style=\"text-align: justify\"><strong>L\u2019evento che vedr\u00e0 la partecipazione dei medici cubani presenti in citt\u00e0,<\/strong> si contraddistinguer\u00e0 per una lezione dello storico Pasquale Amato e una degustazione di sigari e rum.<\/p>\n<p dir=\"ltr\" style=\"text-align: justify\"><em>\u00abQuello di Ernesto Che Guevara \u00e8 uno straordinario percorso di vita. Ha lasciato una traccia indelebile nel suo breve, ma intenso, passaggio sulla terra, lasciandoci un messaggio di rara coerenza tra valori universali enunciati e attuati\u00bb<\/em><strong> \u00e8 il modo nel quale il docente reggino presenta i temi<\/strong> dell\u2019evento che avr\u00e0 luogo nel locale di via Aschenez.<\/p>\n<p dir=\"ltr\" style=\"text-align: justify\">Infatti, il Che, lasciando ogni interesse personale, spinto dal suo marxismo internazionalista, ha passato la sua esistenza lottando per libert\u00e0 ed uguaglianza dentro e fuori la sua America Latina, finendo per questo ucciso dall\u2019imperialismo capitalista statunitense mentre combatteva in Bolivia.\u00a0 Una figura, quella dell\u2019eroe argentino di nascita e cubano d\u2019adozione, immortale, la cui attualit\u00e0 oggi \u00e8 sempre pi\u00f9 divulgare, visto il dilagare di diseguaglianze, ingiustizie, intolleranza, violenze e guerre di un liberismo e di un conservatorismo che mettono in discussione il benessere e l\u2019esistenza di persone, popoli e dell\u2019ambiente. E\u2019 proprio questo il fine dell\u2019iniziativa promossa dall\u2019associazione Por Cuba e dalla sezione \u201cCond\u00f2\u201d dell&#8217;ANPI: parlare di Ernesto Guevara non solo per riconoscergli il giusto tributo, ma anche e, soprattutto, per declinare il suo esempio e i suoi valori al giorno d\u2019oggi.<\/p>\n","protected":false},"excerpt":{"rendered":"<p>\u201cStoria di un rivoluzionario. A 56 anni dal criminale assassinio del Comandante Che Guevara\u201d. Questo il titolo dell\u2019evento che si svolger\u00e0 il 9 ottobre, data dell\u2019uccisione del grande rivoluzionario. L\u2019iniziativa,&hellip;<\/p>\n","protected":false},"author":12,"featured_media":35937,"comment_status":"closed","ping_status":"open","sticky":false,"template":"","format":"standard","meta":{"_jetpack_memberships_contains_paid_content":false,"footnotes":"","jetpack_publicize_message":"","jetpack_publicize_feature_enabled":true,"jetpack_social_post_already_shared":false,"jetpack_social_options":{"image_generator_settings":{"template":"highway","default_image_id":0,"font":"","enabled":false},"version":2}},"categories":[196],"tags":[22481,8813,22480,4244,22482],"class_list":["post-35936","post","type-post","status-publish","format-standard","has-post-thumbnail","hentry","category-news","tag-storia-di-un-rivoluzionario-a-56-anni-dal-criminale-assassinio-del-comandante-che-guevara","tag-anpi-condo","tag-ciroma","tag-medici-cubani","tag-por-cuba"],"yoast_head":"<!-- This site is optimized with the Yoast SEO plugin v27.2 - https:\/\/yoast.com\/product\/yoast-seo-wordpress\/ -->\n<title>Anpi e Por Cuba presentano evento per anniversario morte del Che<\/title>\n<meta name=\"description\" content=\"\u201cStoria di un rivoluzionario. A 56 anni dal criminale assassinio del Comandante Che Guevara&quot;, titolo evento, il 9 ottobre al Ciroma\" \/>\n<meta name=\"robots\" content=\"index, follow, max-snippet:-1, max-image-preview:large, max-video-preview:-1\" \/>\n<link rel=\"canonical\" href=\"https:\/\/progettotouring.it\/radiotouring104\/2023\/10\/06\/anpi-e-por-cuba-presentano-storia-di-un-rivoluzionario-a-56-anni-dal-criminale-assassinio-del-comandante-che-guevara\/\" \/>\n<meta property=\"og:locale\" content=\"it_IT\" \/>\n<meta property=\"og:type\" content=\"article\" \/>\n<meta property=\"og:title\" content=\"Anpi e Por Cuba presentano evento per anniversario morte del Che\" \/>\n<meta property=\"og:description\" content=\"\u201cStoria di un rivoluzionario. A 56 anni dal criminale assassinio del Comandante Che Guevara&quot;, titolo evento, il 9 ottobre al Ciroma\" \/>\n<meta property=\"og:url\" content=\"https:\/\/progettotouring.it\/radiotouring104\/2023\/10\/06\/anpi-e-por-cuba-presentano-storia-di-un-rivoluzionario-a-56-anni-dal-criminale-assassinio-del-comandante-che-guevara\/\" \/>\n<meta property=\"og:site_name\" content=\"Radio Touring 104\" \/>\n<meta property=\"article:published_time\" content=\"2023-10-06T09:16:25+00:00\" \/>\n<meta property=\"og:image\" content=\"https:\/\/progettotouring.it\/radiotouring104\/wp-content\/uploads\/sites\/6\/2023\/10\/Anpi-Condo-Por-Cuba-Che-Guevara.jpeg\" \/>\n\t<meta property=\"og:image:width\" content=\"1236\" \/>\n\t<meta property=\"og:image:height\" content=\"1600\" \/>\n\t<meta property=\"og:image:type\" content=\"image\/jpeg\" \/>\n<meta name=\"author\" content=\"Sebastiano Plutino\" \/>\n<meta name=\"twitter:card\" content=\"summary_large_image\" \/>\n<meta name=\"twitter:label1\" content=\"Scritto da\" \/>\n\t<meta name=\"twitter:data1\" content=\"Sebastiano Plutino\" \/>\n\t<meta name=\"twitter:label2\" content=\"Tempo di lettura stimato\" \/>\n\t<meta name=\"twitter:data2\" content=\"1 minuto\" \/>\n<script type=\"application\/ld+json\" class=\"yoast-schema-graph\">{\"@context\":\"https:\/\/schema.org\",\"@graph\":[{\"@type\":\"Article\",\"@id\":\"https:\/\/progettotouring.it\/radiotouring104\/2023\/10\/06\/anpi-e-por-cuba-presentano-storia-di-un-rivoluzionario-a-56-anni-dal-criminale-assassinio-del-comandante-che-guevara\/#article\",\"isPartOf\":{\"@id\":\"https:\/\/progettotouring.it\/radiotouring104\/2023\/10\/06\/anpi-e-por-cuba-presentano-storia-di-un-rivoluzionario-a-56-anni-dal-criminale-assassinio-del-comandante-che-guevara\/\"},\"author\":{\"name\":\"Sebastiano Plutino\",\"@id\":\"https:\/\/progettotouring.it\/radiotouring104\/#\/schema\/person\/78613917f1851f041f7483f5af1d422e\"},\"headline\":\"ANPI E Por Cuba presentano \u201cStoria di un rivoluzionario. A 56 anni dal criminale assassinio del Comandante Che Guevara\u201d.\",\"datePublished\":\"2023-10-06T09:16:25+00:00\",\"mainEntityOfPage\":{\"@id\":\"https:\/\/progettotouring.it\/radiotouring104\/2023\/10\/06\/anpi-e-por-cuba-presentano-storia-di-un-rivoluzionario-a-56-anni-dal-criminale-assassinio-del-comandante-che-guevara\/\"},\"wordCount\":303,\"publisher\":{\"@id\":\"https:\/\/progettotouring.it\/radiotouring104\/#organization\"},\"image\":{\"@id\":\"https:\/\/progettotouring.it\/radiotouring104\/2023\/10\/06\/anpi-e-por-cuba-presentano-storia-di-un-rivoluzionario-a-56-anni-dal-criminale-assassinio-del-comandante-che-guevara\/#primaryimage\"},\"thumbnailUrl\":\"https:\/\/progettotouring.it\/radiotouring104\/wp-content\/uploads\/sites\/6\/2023\/10\/Anpi-Condo-Por-Cuba-Che-Guevara.jpeg\",\"keywords\":[\"\u201cStoria di un rivoluzionario. A 56 anni dal criminale assassinio del Comandante Che Guevara\\\"\",\"ANPI Cond\u00f2\",\"Ciroma\",\"medici cubani\",\"Por Cuba\"],\"articleSection\":[\"News\"],\"inLanguage\":\"it-IT\"},{\"@type\":\"WebPage\",\"@id\":\"https:\/\/progettotouring.it\/radiotouring104\/2023\/10\/06\/anpi-e-por-cuba-presentano-storia-di-un-rivoluzionario-a-56-anni-dal-criminale-assassinio-del-comandante-che-guevara\/\",\"url\":\"https:\/\/progettotouring.it\/radiotouring104\/2023\/10\/06\/anpi-e-por-cuba-presentano-storia-di-un-rivoluzionario-a-56-anni-dal-criminale-assassinio-del-comandante-che-guevara\/\",\"name\":\"Anpi e Por Cuba presentano evento per anniversario morte del Che\",\"isPartOf\":{\"@id\":\"https:\/\/progettotouring.it\/radiotouring104\/#website\"},\"primaryImageOfPage\":{\"@id\":\"https:\/\/progettotouring.it\/radiotouring104\/2023\/10\/06\/anpi-e-por-cuba-presentano-storia-di-un-rivoluzionario-a-56-anni-dal-criminale-assassinio-del-comandante-che-guevara\/#primaryimage\"},\"image\":{\"@id\":\"https:\/\/progettotouring.it\/radiotouring104\/2023\/10\/06\/anpi-e-por-cuba-presentano-storia-di-un-rivoluzionario-a-56-anni-dal-criminale-assassinio-del-comandante-che-guevara\/#primaryimage\"},\"thumbnailUrl\":\"https:\/\/progettotouring.it\/radiotouring104\/wp-content\/uploads\/sites\/6\/2023\/10\/Anpi-Condo-Por-Cuba-Che-Guevara.jpeg\",\"datePublished\":\"2023-10-06T09:16:25+00:00\",\"description\":\"\u201cStoria di un rivoluzionario. A 56 anni dal criminale assassinio del Comandante Che Guevara\\\", titolo evento, il 9 ottobre al Ciroma\",\"breadcrumb\":{\"@id\":\"https:\/\/progettotouring.it\/radiotouring104\/2023\/10\/06\/anpi-e-por-cuba-presentano-storia-di-un-rivoluzionario-a-56-anni-dal-criminale-assassinio-del-comandante-che-guevara\/#breadcrumb\"},\"inLanguage\":\"it-IT\",\"potentialAction\":[{\"@type\":\"ReadAction\",\"target\":[\"https:\/\/progettotouring.it\/radiotouring104\/2023\/10\/06\/anpi-e-por-cuba-presentano-storia-di-un-rivoluzionario-a-56-anni-dal-criminale-assassinio-del-comandante-che-guevara\/\"]}]},{\"@type\":\"ImageObject\",\"inLanguage\":\"it-IT\",\"@id\":\"https:\/\/progettotouring.it\/radiotouring104\/2023\/10\/06\/anpi-e-por-cuba-presentano-storia-di-un-rivoluzionario-a-56-anni-dal-criminale-assassinio-del-comandante-che-guevara\/#primaryimage\",\"url\":\"https:\/\/progettotouring.it\/radiotouring104\/wp-content\/uploads\/sites\/6\/2023\/10\/Anpi-Condo-Por-Cuba-Che-Guevara.jpeg\",\"contentUrl\":\"https:\/\/progettotouring.it\/radiotouring104\/wp-content\/uploads\/sites\/6\/2023\/10\/Anpi-Condo-Por-Cuba-Che-Guevara.jpeg\",\"width\":1236,\"height\":1600},{\"@type\":\"BreadcrumbList\",\"@id\":\"https:\/\/progettotouring.it\/radiotouring104\/2023\/10\/06\/anpi-e-por-cuba-presentano-storia-di-un-rivoluzionario-a-56-anni-dal-criminale-assassinio-del-comandante-che-guevara\/#breadcrumb\",\"itemListElement\":[{\"@type\":\"ListItem\",\"position\":1,\"name\":\"Home\",\"item\":\"https:\/\/progettotouring.it\/radiotouring104\/\"},{\"@type\":\"ListItem\",\"position\":2,\"name\":\"ANPI E Por Cuba presentano \u201cStoria di un rivoluzionario. A 56 anni dal criminale assassinio del Comandante Che Guevara\u201d.\"}]},{\"@type\":\"WebSite\",\"@id\":\"https:\/\/progettotouring.it\/radiotouring104\/#website\",\"url\":\"https:\/\/progettotouring.it\/radiotouring104\/\",\"name\":\"Radio Touring 104\",\"description\":\"La prima radio Reggina\",\"publisher\":{\"@id\":\"https:\/\/progettotouring.it\/radiotouring104\/#organization\"},\"potentialAction\":[{\"@type\":\"SearchAction\",\"target\":{\"@type\":\"EntryPoint\",\"urlTemplate\":\"https:\/\/progettotouring.it\/radiotouring104\/?s={search_term_string}\"},\"query-input\":{\"@type\":\"PropertyValueSpecification\",\"valueRequired\":true,\"valueName\":\"search_term_string\"}}],\"inLanguage\":\"it-IT\"},{\"@type\":\"Organization\",\"@id\":\"https:\/\/progettotouring.it\/radiotouring104\/#organization\",\"name\":\"Radio Touring 104\",\"url\":\"https:\/\/progettotouring.it\/radiotouring104\/\",\"logo\":{\"@type\":\"ImageObject\",\"inLanguage\":\"it-IT\",\"@id\":\"https:\/\/progettotouring.it\/radiotouring104\/#\/schema\/logo\/image\/\",\"url\":\"https:\/\/progettotouring.it\/radiotouring104\/wp-content\/uploads\/sites\/6\/2022\/02\/cropped-logo-radio-touring-104.png\",\"contentUrl\":\"https:\/\/progettotouring.it\/radiotouring104\/wp-content\/uploads\/sites\/6\/2022\/02\/cropped-logo-radio-touring-104.png\",\"width\":377,\"height\":182,\"caption\":\"Radio Touring 104\"},\"image\":{\"@id\":\"https:\/\/progettotouring.it\/radiotouring104\/#\/schema\/logo\/image\/\"}},{\"@type\":\"Person\",\"@id\":\"https:\/\/progettotouring.it\/radiotouring104\/#\/schema\/person\/78613917f1851f041f7483f5af1d422e\",\"name\":\"Sebastiano Plutino\",\"image\":{\"@type\":\"ImageObject\",\"inLanguage\":\"it-IT\",\"@id\":\"https:\/\/secure.gravatar.com\/avatar\/0546ffaa9b79224faf9f2a156b67a529ae861d3287c66c1d8ccfdf909bcba78d?s=96&d=mm&r=g\",\"url\":\"https:\/\/secure.gravatar.com\/avatar\/0546ffaa9b79224faf9f2a156b67a529ae861d3287c66c1d8ccfdf909bcba78d?s=96&d=mm&r=g\",\"contentUrl\":\"https:\/\/secure.gravatar.com\/avatar\/0546ffaa9b79224faf9f2a156b67a529ae861d3287c66c1d8ccfdf909bcba78d?s=96&d=mm&r=g\",\"caption\":\"Sebastiano Plutino\"},\"url\":\"https:\/\/progettotouring.it\/radiotouring104\/author\/sebastiano\/\"}]}<\/script>\n<!-- \/ Yoast SEO plugin. -->","yoast_head_json":{"title":"Anpi e Por Cuba presentano evento per anniversario morte del Che","description":"\u201cStoria di un rivoluzionario. A 56 anni dal criminale assassinio del Comandante Che Guevara\", titolo evento, il 9 ottobre al Ciroma","robots":{"index":"index","follow":"follow","max-snippet":"max-snippet:-1","max-image-preview":"max-image-preview:large","max-video-preview":"max-video-preview:-1"},"canonical":"https:\/\/progettotouring.it\/radiotouring104\/2023\/10\/06\/anpi-e-por-cuba-presentano-storia-di-un-rivoluzionario-a-56-anni-dal-criminale-assassinio-del-comandante-che-guevara\/","og_locale":"it_IT","og_type":"article","og_title":"Anpi e Por Cuba presentano evento per anniversario morte del Che","og_description":"\u201cStoria di un rivoluzionario. A 56 anni dal criminale assassinio del Comandante Che Guevara\", titolo evento, il 9 ottobre al Ciroma","og_url":"https:\/\/progettotouring.it\/radiotouring104\/2023\/10\/06\/anpi-e-por-cuba-presentano-storia-di-un-rivoluzionario-a-56-anni-dal-criminale-assassinio-del-comandante-che-guevara\/","og_site_name":"Radio Touring 104","article_published_time":"2023-10-06T09:16:25+00:00","og_image":[{"width":1236,"height":1600,"url":"https:\/\/progettotouring.it\/radiotouring104\/wp-content\/uploads\/sites\/6\/2023\/10\/Anpi-Condo-Por-Cuba-Che-Guevara.jpeg","type":"image\/jpeg"}],"author":"Sebastiano Plutino","twitter_card":"summary_large_image","twitter_misc":{"Scritto da":"Sebastiano Plutino","Tempo di lettura stimato":"1 minuto"},"schema":{"@context":"https:\/\/schema.org","@graph":[{"@type":"Article","@id":"https:\/\/progettotouring.it\/radiotouring104\/2023\/10\/06\/anpi-e-por-cuba-presentano-storia-di-un-rivoluzionario-a-56-anni-dal-criminale-assassinio-del-comandante-che-guevara\/#article","isPartOf":{"@id":"https:\/\/progettotouring.it\/radiotouring104\/2023\/10\/06\/anpi-e-por-cuba-presentano-storia-di-un-rivoluzionario-a-56-anni-dal-criminale-assassinio-del-comandante-che-guevara\/"},"author":{"name":"Sebastiano Plutino","@id":"https:\/\/progettotouring.it\/radiotouring104\/#\/schema\/person\/78613917f1851f041f7483f5af1d422e"},"headline":"ANPI E Por Cuba presentano \u201cStoria di un rivoluzionario. A 56 anni dal criminale assassinio del Comandante Che Guevara\u201d.","datePublished":"2023-10-06T09:16:25+00:00","mainEntityOfPage":{"@id":"https:\/\/progettotouring.it\/radiotouring104\/2023\/10\/06\/anpi-e-por-cuba-presentano-storia-di-un-rivoluzionario-a-56-anni-dal-criminale-assassinio-del-comandante-che-guevara\/"},"wordCount":303,"publisher":{"@id":"https:\/\/progettotouring.it\/radiotouring104\/#organization"},"image":{"@id":"https:\/\/progettotouring.it\/radiotouring104\/2023\/10\/06\/anpi-e-por-cuba-presentano-storia-di-un-rivoluzionario-a-56-anni-dal-criminale-assassinio-del-comandante-che-guevara\/#primaryimage"},"thumbnailUrl":"https:\/\/progettotouring.it\/radiotouring104\/wp-content\/uploads\/sites\/6\/2023\/10\/Anpi-Condo-Por-Cuba-Che-Guevara.jpeg","keywords":["\u201cStoria di un rivoluzionario. A 56 anni dal criminale assassinio del Comandante Che Guevara\"","ANPI Cond\u00f2","Ciroma","medici cubani","Por Cuba"],"articleSection":["News"],"inLanguage":"it-IT"},{"@type":"WebPage","@id":"https:\/\/progettotouring.it\/radiotouring104\/2023\/10\/06\/anpi-e-por-cuba-presentano-storia-di-un-rivoluzionario-a-56-anni-dal-criminale-assassinio-del-comandante-che-guevara\/","url":"https:\/\/progettotouring.it\/radiotouring104\/2023\/10\/06\/anpi-e-por-cuba-presentano-storia-di-un-rivoluzionario-a-56-anni-dal-criminale-assassinio-del-comandante-che-guevara\/","name":"Anpi e Por Cuba presentano evento per anniversario morte del Che","isPartOf":{"@id":"https:\/\/progettotouring.it\/radiotouring104\/#website"},"primaryImageOfPage":{"@id":"https:\/\/progettotouring.it\/radiotouring104\/2023\/10\/06\/anpi-e-por-cuba-presentano-storia-di-un-rivoluzionario-a-56-anni-dal-criminale-assassinio-del-comandante-che-guevara\/#primaryimage"},"image":{"@id":"https:\/\/progettotouring.it\/radiotouring104\/2023\/10\/06\/anpi-e-por-cuba-presentano-storia-di-un-rivoluzionario-a-56-anni-dal-criminale-assassinio-del-comandante-che-guevara\/#primaryimage"},"thumbnailUrl":"https:\/\/progettotouring.it\/radiotouring104\/wp-content\/uploads\/sites\/6\/2023\/10\/Anpi-Condo-Por-Cuba-Che-Guevara.jpeg","datePublished":"2023-10-06T09:16:25+00:00","description":"\u201cStoria di un rivoluzionario. A 56 anni dal criminale assassinio del Comandante Che Guevara\", titolo evento, il 9 ottobre al Ciroma","breadcrumb":{"@id":"https:\/\/progettotouring.it\/radiotouring104\/2023\/10\/06\/anpi-e-por-cuba-presentano-storia-di-un-rivoluzionario-a-56-anni-dal-criminale-assassinio-del-comandante-che-guevara\/#breadcrumb"},"inLanguage":"it-IT","potentialAction":[{"@type":"ReadAction","target":["https:\/\/progettotouring.it\/radiotouring104\/2023\/10\/06\/anpi-e-por-cuba-presentano-storia-di-un-rivoluzionario-a-56-anni-dal-criminale-assassinio-del-comandante-che-guevara\/"]}]},{"@type":"ImageObject","inLanguage":"it-IT","@id":"https:\/\/progettotouring.it\/radiotouring104\/2023\/10\/06\/anpi-e-por-cuba-presentano-storia-di-un-rivoluzionario-a-56-anni-dal-criminale-assassinio-del-comandante-che-guevara\/#primaryimage","url":"https:\/\/progettotouring.it\/radiotouring104\/wp-content\/uploads\/sites\/6\/2023\/10\/Anpi-Condo-Por-Cuba-Che-Guevara.jpeg","contentUrl":"https:\/\/progettotouring.it\/radiotouring104\/wp-content\/uploads\/sites\/6\/2023\/10\/Anpi-Condo-Por-Cuba-Che-Guevara.jpeg","width":1236,"height":1600},{"@type":"BreadcrumbList","@id":"https:\/\/progettotouring.it\/radiotouring104\/2023\/10\/06\/anpi-e-por-cuba-presentano-storia-di-un-rivoluzionario-a-56-anni-dal-criminale-assassinio-del-comandante-che-guevara\/#breadcrumb","itemListElement":[{"@type":"ListItem","position":1,"name":"Home","item":"https:\/\/progettotouring.it\/radiotouring104\/"},{"@type":"ListItem","position":2,"name":"ANPI E Por Cuba presentano \u201cStoria di un rivoluzionario. A 56 anni dal criminale assassinio del Comandante Che Guevara\u201d."}]},{"@type":"WebSite","@id":"https:\/\/progettotouring.it\/radiotouring104\/#website","url":"https:\/\/progettotouring.it\/radiotouring104\/","name":"Radio Touring 104","description":"La prima radio Reggina","publisher":{"@id":"https:\/\/progettotouring.it\/radiotouring104\/#organization"},"potentialAction":[{"@type":"SearchAction","target":{"@type":"EntryPoint","urlTemplate":"https:\/\/progettotouring.it\/radiotouring104\/?s={search_term_string}"},"query-input":{"@type":"PropertyValueSpecification","valueRequired":true,"valueName":"search_term_string"}}],"inLanguage":"it-IT"},{"@type":"Organization","@id":"https:\/\/progettotouring.it\/radiotouring104\/#organization","name":"Radio Touring 104","url":"https:\/\/progettotouring.it\/radiotouring104\/","logo":{"@type":"ImageObject","inLanguage":"it-IT","@id":"https:\/\/progettotouring.it\/radiotouring104\/#\/schema\/logo\/image\/","url":"https:\/\/progettotouring.it\/radiotouring104\/wp-content\/uploads\/sites\/6\/2022\/02\/cropped-logo-radio-touring-104.png","contentUrl":"https:\/\/progettotouring.it\/radiotouring104\/wp-content\/uploads\/sites\/6\/2022\/02\/cropped-logo-radio-touring-104.png","width":377,"height":182,"caption":"Radio Touring 104"},"image":{"@id":"https:\/\/progettotouring.it\/radiotouring104\/#\/schema\/logo\/image\/"}},{"@type":"Person","@id":"https:\/\/progettotouring.it\/radiotouring104\/#\/schema\/person\/78613917f1851f041f7483f5af1d422e","name":"Sebastiano Plutino","image":{"@type":"ImageObject","inLanguage":"it-IT","@id":"https:\/\/secure.gravatar.com\/avatar\/0546ffaa9b79224faf9f2a156b67a529ae861d3287c66c1d8ccfdf909bcba78d?s=96&d=mm&r=g","url":"https:\/\/secure.gravatar.com\/avatar\/0546ffaa9b79224faf9f2a156b67a529ae861d3287c66c1d8ccfdf909bcba78d?s=96&d=mm&r=g","contentUrl":"https:\/\/secure.gravatar.com\/avatar\/0546ffaa9b79224faf9f2a156b67a529ae861d3287c66c1d8ccfdf909bcba78d?s=96&d=mm&r=g","caption":"Sebastiano Plutino"},"url":"https:\/\/progettotouring.it\/radiotouring104\/author\/sebastiano\/"}]}},"jetpack_publicize_connections":[],"jetpack_featured_media_url":"https:\/\/progettotouring.it\/radiotouring104\/wp-content\/uploads\/sites\/6\/2023\/10\/Anpi-Condo-Por-Cuba-Che-Guevara.jpeg","jetpack_sharing_enabled":true,"_links":{"self":[{"href":"https:\/\/progettotouring.it\/radiotouring104\/wp-json\/wp\/v2\/posts\/35936","targetHints":{"allow":["GET"]}}],"collection":[{"href":"https:\/\/progettotouring.it\/radiotouring104\/wp-json\/wp\/v2\/posts"}],"about":[{"href":"https:\/\/progettotouring.it\/radiotouring104\/wp-json\/wp\/v2\/types\/post"}],"author":[{"embeddable":true,"href":"https:\/\/progettotouring.it\/radiotouring104\/wp-json\/wp\/v2\/users\/12"}],"replies":[{"embeddable":true,"href":"https:\/\/progettotouring.it\/radiotouring104\/wp-json\/wp\/v2\/comments?post=35936"}],"version-history":[{"count":1,"href":"https:\/\/progettotouring.it\/radiotouring104\/wp-json\/wp\/v2\/posts\/35936\/revisions"}],"predecessor-version":[{"id":35938,"href":"https:\/\/progettotouring.it\/radiotouring104\/wp-json\/wp\/v2\/posts\/35936\/revisions\/35938"}],"wp:featuredmedia":[{"embeddable":true,"href":"https:\/\/progettotouring.it\/radiotouring104\/wp-json\/wp\/v2\/media\/35937"}],"wp:attachment":[{"href":"https:\/\/progettotouring.it\/radiotouring104\/wp-json\/wp\/v2\/media?parent=35936"}],"wp:term":[{"taxonomy":"category","embeddable":true,"href":"https:\/\/progettotouring.it\/radiotouring104\/wp-json\/wp\/v2\/categories?post=35936"},{"taxonomy":"post_tag","embeddable":true,"href":"https:\/\/progettotouring.it\/radiotouring104\/wp-json\/wp\/v2\/tags?post=35936"}],"curies":[{"name":"wp","href":"https:\/\/api.w.org\/{rel}","templated":true}]}}