{"id":38930,"date":"2023-11-15T09:27:19","date_gmt":"2023-11-15T08:27:19","guid":{"rendered":"https:\/\/progettotouring.it\/radiotouring104\/?p=38930"},"modified":"2023-11-15T09:27:45","modified_gmt":"2023-11-15T08:27:45","slug":"corte-contiin-sanita-alcune-criticita-ma-anche-passi-avanti","status":"publish","type":"post","link":"https:\/\/progettotouring.it\/radiotouring104\/2023\/11\/15\/corte-contiin-sanita-alcune-criticita-ma-anche-passi-avanti\/","title":{"rendered":"Corte conti,in sanit\u00e0 alcune criticit\u00e0 ma anche passi avanti"},"content":{"rendered":"<p style=\"text-align: justify\"><strong>Criticit\u00e0 ma anche passi avanti.<\/strong><\/p>\n<p style=\"text-align: justify\">\u00a0\u00a0\u00a0 E&#8217; in sintesi il<strong> giudizio della Corte dei Conti sezione di controllo per la Calabria, sul rendiconto della Regione 2022 riguardo alla sanit\u00e0.<\/strong><\/p>\n<p style=\"text-align: justify\">Nell&#8217;<strong>analisi dei Bilanci<\/strong> la Sezione di Controllo <strong>ha riscontrato una violazione del principio di contabilit\u00e0.<\/strong> <em>&#8220;Talune<\/em> &#8211;<strong> \u00e8 scritto nella relazione &#8211;<\/strong><em> da diversi esercizi, quasi per consuetudine, dopo aver adottato e pubblicato i bilanci consuntivi li riaprono asseritamente dopo che la Regione provvede al riparto del fondo sanitario regionale indistinto. Anche per l&#8217;esercizio 2022 s\u00ec \u00e8 riproposta la medesima situazione con riferimento alle Asp di Catanzaro, Vibo Valentia e Crotone&#8221;.<\/em><br \/>\n<strong>\u00a0\u00a0 <\/strong><\/p>\n<p style=\"text-align: justify\"><strong>Sulla gestione commissariale, secondo la relazione,<\/strong> &#8220;<em>le iniziative assunte sono significative della inversione di tendenza rispetto alle precedenti gestioni commissariali&#8221;.<\/em><\/p>\n<p style=\"text-align: justify\">La relazione del <strong>procuratore Romeo Ermenegildo Palma,<\/strong> <strong>evidenzia la mancata approvazione dei bilanci aziendali anteriori al 2022 c<\/strong>he non risultano formalizzati per due ragioni:<em> &#8220;la riapertura dei bilanci previa revoca del bilancio stesso, l&#8217;assenza del bilancio consolidato che non risulta formalizzato e i cui valori risultano non definitivi, quantomeno per due ragioni: la prima attiene alla paradossale situazione che ha connotato le Asp di Reggio e Cosenza che non hanno adottato bilanci e consuntivi fino al 2021 e che per il 2022 hanno provveduto solo in forza dell&#8217;insediamento del commissario nominato dalla gestione commissariale, la seconda \u00e8 correlata alla definizione della procedura di circolarizzazione\/ricognizione del debito previa verifica delle posizioni creditorie esistenti, ad oggi ancora in corso, e in forza della quale risulta comunicata una differenza per maggior debito pari a 104,497 milioni&#8221;.<\/em><br \/>\n<strong>\u00a0\u00a0\u00a0 <\/strong><\/p>\n<p style=\"text-align: justify\"><strong>La Procura contabile parla anche di criticit\u00e0 relative<\/strong><em> &#8220;all&#8217;assenza di bilanci della Gsa (gestione sanitaria accentrata), che in considerazione delle ingenti somme ad oggi in disponibilit\u00e0 (486 milioni, +35% rispetto al 31 dicembre 2021) sottrae la gestione ad ogni analisi ed approfondimento. E ci\u00f2 peraltro a fronte dell&#8217;ulteriore constatazione che il passaggio di funzioni\/responsabilit\u00e0 da Gsa ad Azienda Zero non \u00e8 ancora avvenuto&#8221;.<\/em><\/p>\n<p style=\"text-align: justify\"><strong>\u00a0 \u00a0Per quanto venga evidenziato un avanzo, per la Procura contabile:<\/strong> <em>&#8220;il relativo ammontare consegue al ritardo degli interventi che avrebbero dovuto essere messi in atto per l&#8217;erogazione dell&#8217;assistenza sanitaria attraverso il<\/em><br \/>\n<em>potenziamento dei Lea e all&#8217;iscrizione dei contributi dello Stato a sostegno del piano di rientro della Regione Calabria. In definitiva un avanzo non frutto dell&#8217;adozione di percorsi gestionali virtuosi ma di particolari condizioni occasionali e quindi contingente. Circostanza che rende il dato inserito nel Ce al IV trimestre inidoneo a dare una rappresentazione&#8221;.<\/em><\/p>\n<p style=\"text-align: justify\"><strong>\u00a0 \u00a0Ancora, una criticit\u00e0 \u00e8<\/strong> <em>&#8220;il mancato rispetto di termini di pagamento evidenziato dall&#8217;indicatore Tempestivit\u00e0 pagamenti (Itp), al quale conseguono consistenti oneri finanziari: per l&#8217;esercizio finanziario 2022 si registrano pagamenti effettuati oltre i termini fissati per 667,9 milioni, in aumento rispetto all&#8217;importo dell&#8217;esercizio finanziario 2021 determinato in 589,3 milioni&#8221;.<\/em><br \/>\n<strong> \u00a0Per la Procura della Corte dei Conti<\/strong> <em>&#8220;l&#8217;elevato onere relativo agli interessi sulle anticipazioni di cassa e agli oneri finanziari che per il 2022 hanno determinato l&#8217;ingente importo di 19 milioni, la gestione non regolare della obera professione intramuraria&#8221;.<\/em><br \/>\nLa Corte dei Conti poi rileva <em>&#8220;il raggiungimento parziale degli obiettivi correlati alle ingenti assegnazioni straordinarie relative all&#8217;emergenza sanitaria da Covid 19: a fronte del mancato trasferimento per il 2022 di risorse relative agli anni 2020\/21 al 31 dicembre 2022 risulta attivata solo una percentuale poco significativa del numero complessivo dei posti letto individuati come necessari. Dall&#8217;esito dell&#8217;istruttoria poi emerge il ritardo nella definitiva messa a regime del sistema informativo a supporto del Ssr&#8221;.<\/em><br \/>\n<strong>\u00a0 \u00a0La Procura della Corte dei conti riconosce anche le azioni positive del commissario della sanit\u00e0 Roberto Occhiuto,<\/strong> che si legge <em>&#8220;ha promosso percorsi di rifunzionalizzazione della gestione per la normalizzazione della erogazione dei Lea, ulteriori iniziative funzionali a dotare il sistema sanitario di risorse umane e strumentali idonee a ad assicurare il rispetto del diritto costituzionale alla salute, il deciso impegno del commissario straordinario\/presidente della Regione a rendere la rete ospedaliera idonea a far fronte alla domanda della popolazione in un territorio regionale fortemente caratterizzato da una peculiare orografia e inversione di tendenza rispetto alle precedenti gestioni commissariali&#8221;.<\/em><br \/>\nPer quel che riguarda l&#8217;indebitamento delle scritture contabili risulta che al 31 dicembre 2022 <strong>i debiti da finanziamento ammontano a 1 miliardo e 313 milioni di euro,<\/strong> 183 milioni in meno rispetto allo scorso anno.<\/p>\n<p style=\"text-align: justify\"><strong>Il Procuratore<\/strong> evidenzia ancora luci e ombre nella gestione della spesa regionale e<strong> nella sua requisitoria parla di<\/strong> <em>&#8220;investimenti operati a seguito della programmazione nei settori strategici hanno scarsamente inciso sulla riconfigurazione dei servizi pubblici utili alla crescita del benessere reale. Anche per l&#8217;anno 2022 \u00e8 evidente la persistenza lentezza delle procedure di realizzazione delle infrastrutture e delle iniziative funzionali a fare uscire la Calabria dal novero delle cosiddette aree svantaggiate&#8221;.<\/em><br \/>\n<strong>\u00a0 \u00a0<\/strong><\/p>\n<p style=\"text-align: justify\"><strong>Per il Procuratore poi vi sono irregolarit\u00e0 nella gestione della libera professione<\/strong> e si registra solo il parziale raggiungimento degli obiettivi finanziati con fondi Covid.<\/p>\n","protected":false},"excerpt":{"rendered":"<p>Criticit\u00e0 ma anche passi avanti. \u00a0\u00a0\u00a0 E&#8217; in sintesi il giudizio della Corte dei Conti sezione di controllo per la Calabria, sul rendiconto della Regione 2022 riguardo alla sanit\u00e0. Nell&#8217;analisi&hellip;<\/p>\n","protected":false},"author":12,"featured_media":38931,"comment_status":"closed","ping_status":"open","sticky":false,"template":"","format":"standard","meta":{"_jetpack_memberships_contains_paid_content":false,"footnotes":"","jetpack_publicize_message":"","jetpack_publicize_feature_enabled":true,"jetpack_social_post_already_shared":false,"jetpack_social_options":{"image_generator_settings":{"template":"highway","default_image_id":0,"font":"","enabled":false},"version":2}},"categories":[921,150,196,140],"tags":[217,24166,24165,14379,24167],"class_list":["post-38930","post","type-post","status-publish","format-standard","has-post-thumbnail","hentry","category-home","category-in-primo-piano","category-news","category-reggio-calabria","tag-corte-dei-conti","tag-criticita-ma-anche-passi-avanti","tag-rendiconto-della-regione-2022-riguardo-alla-sanita","tag-sanita-calabria","tag-sezione-di-controllo-corte-dei-conti"],"yoast_head":"<!-- This site is optimized with the Yoast SEO plugin v27.2 - https:\/\/yoast.com\/product\/yoast-seo-wordpress\/ -->\n<title>Corte conti,in sanit\u00e0 alcune criticit\u00e0 ma anche passi avanti - Radio Touring 104<\/title>\n<meta name=\"description\" content=\"Criticit\u00e0 ma anche passi avanti. in sintesi il giudizio della Corte dei Conti sul rendiconto della Regione 2022 riguardo alla sanit\u00e0\" \/>\n<meta name=\"robots\" content=\"index, follow, max-snippet:-1, max-image-preview:large, max-video-preview:-1\" \/>\n<link rel=\"canonical\" href=\"https:\/\/progettotouring.it\/radiotouring104\/2023\/11\/15\/corte-contiin-sanita-alcune-criticita-ma-anche-passi-avanti\/\" \/>\n<meta property=\"og:locale\" content=\"it_IT\" \/>\n<meta property=\"og:type\" content=\"article\" \/>\n<meta property=\"og:title\" content=\"Corte conti,in sanit\u00e0 alcune criticit\u00e0 ma anche passi avanti - Radio Touring 104\" \/>\n<meta property=\"og:description\" content=\"Criticit\u00e0 ma anche passi avanti. in sintesi il giudizio della Corte dei Conti sul rendiconto della Regione 2022 riguardo alla sanit\u00e0\" \/>\n<meta property=\"og:url\" content=\"https:\/\/progettotouring.it\/radiotouring104\/2023\/11\/15\/corte-contiin-sanita-alcune-criticita-ma-anche-passi-avanti\/\" \/>\n<meta property=\"og:site_name\" content=\"Radio Touring 104\" \/>\n<meta property=\"article:published_time\" content=\"2023-11-15T08:27:19+00:00\" \/>\n<meta property=\"article:modified_time\" content=\"2023-11-15T08:27:45+00:00\" \/>\n<meta property=\"og:image\" content=\"https:\/\/progettotouring.it\/radiotouring104\/wp-content\/uploads\/sites\/6\/2023\/11\/Corte_dei_Conti.jpg\" \/>\n\t<meta property=\"og:image:width\" content=\"1024\" \/>\n\t<meta property=\"og:image:height\" content=\"673\" \/>\n\t<meta property=\"og:image:type\" content=\"image\/jpeg\" \/>\n<meta name=\"author\" content=\"Sebastiano Plutino\" \/>\n<meta name=\"twitter:card\" content=\"summary_large_image\" \/>\n<meta name=\"twitter:label1\" content=\"Scritto da\" \/>\n\t<meta name=\"twitter:data1\" content=\"Sebastiano Plutino\" \/>\n\t<meta name=\"twitter:label2\" content=\"Tempo di lettura stimato\" \/>\n\t<meta name=\"twitter:data2\" content=\"4 minuti\" \/>\n<script type=\"application\/ld+json\" class=\"yoast-schema-graph\">{\"@context\":\"https:\/\/schema.org\",\"@graph\":[{\"@type\":\"Article\",\"@id\":\"https:\/\/progettotouring.it\/radiotouring104\/2023\/11\/15\/corte-contiin-sanita-alcune-criticita-ma-anche-passi-avanti\/#article\",\"isPartOf\":{\"@id\":\"https:\/\/progettotouring.it\/radiotouring104\/2023\/11\/15\/corte-contiin-sanita-alcune-criticita-ma-anche-passi-avanti\/\"},\"author\":{\"name\":\"Sebastiano Plutino\",\"@id\":\"https:\/\/progettotouring.it\/radiotouring104\/#\/schema\/person\/78613917f1851f041f7483f5af1d422e\"},\"headline\":\"Corte conti,in sanit\u00e0 alcune criticit\u00e0 ma anche passi avanti\",\"datePublished\":\"2023-11-15T08:27:19+00:00\",\"dateModified\":\"2023-11-15T08:27:45+00:00\",\"mainEntityOfPage\":{\"@id\":\"https:\/\/progettotouring.it\/radiotouring104\/2023\/11\/15\/corte-contiin-sanita-alcune-criticita-ma-anche-passi-avanti\/\"},\"wordCount\":769,\"publisher\":{\"@id\":\"https:\/\/progettotouring.it\/radiotouring104\/#organization\"},\"image\":{\"@id\":\"https:\/\/progettotouring.it\/radiotouring104\/2023\/11\/15\/corte-contiin-sanita-alcune-criticita-ma-anche-passi-avanti\/#primaryimage\"},\"thumbnailUrl\":\"https:\/\/progettotouring.it\/radiotouring104\/wp-content\/uploads\/sites\/6\/2023\/11\/Corte_dei_Conti.jpg\",\"keywords\":[\"Corte dei conti\",\"criticit\u00e0 ma anche passi avanti\",\"rendiconto della Regione 2022 riguardo alla sanit\u00e0.\",\"Sanit\u00e0 Calabria\",\"Sezione di Controllo Corte dei Conti\"],\"articleSection\":[\"Home\",\"In primo piano\",\"News\",\"Reggio Calabria\"],\"inLanguage\":\"it-IT\"},{\"@type\":\"WebPage\",\"@id\":\"https:\/\/progettotouring.it\/radiotouring104\/2023\/11\/15\/corte-contiin-sanita-alcune-criticita-ma-anche-passi-avanti\/\",\"url\":\"https:\/\/progettotouring.it\/radiotouring104\/2023\/11\/15\/corte-contiin-sanita-alcune-criticita-ma-anche-passi-avanti\/\",\"name\":\"Corte conti,in sanit\u00e0 alcune criticit\u00e0 ma anche passi avanti - Radio Touring 104\",\"isPartOf\":{\"@id\":\"https:\/\/progettotouring.it\/radiotouring104\/#website\"},\"primaryImageOfPage\":{\"@id\":\"https:\/\/progettotouring.it\/radiotouring104\/2023\/11\/15\/corte-contiin-sanita-alcune-criticita-ma-anche-passi-avanti\/#primaryimage\"},\"image\":{\"@id\":\"https:\/\/progettotouring.it\/radiotouring104\/2023\/11\/15\/corte-contiin-sanita-alcune-criticita-ma-anche-passi-avanti\/#primaryimage\"},\"thumbnailUrl\":\"https:\/\/progettotouring.it\/radiotouring104\/wp-content\/uploads\/sites\/6\/2023\/11\/Corte_dei_Conti.jpg\",\"datePublished\":\"2023-11-15T08:27:19+00:00\",\"dateModified\":\"2023-11-15T08:27:45+00:00\",\"description\":\"Criticit\u00e0 ma anche passi avanti. in sintesi il giudizio della Corte dei Conti sul rendiconto della Regione 2022 riguardo alla sanit\u00e0\",\"breadcrumb\":{\"@id\":\"https:\/\/progettotouring.it\/radiotouring104\/2023\/11\/15\/corte-contiin-sanita-alcune-criticita-ma-anche-passi-avanti\/#breadcrumb\"},\"inLanguage\":\"it-IT\",\"potentialAction\":[{\"@type\":\"ReadAction\",\"target\":[\"https:\/\/progettotouring.it\/radiotouring104\/2023\/11\/15\/corte-contiin-sanita-alcune-criticita-ma-anche-passi-avanti\/\"]}]},{\"@type\":\"ImageObject\",\"inLanguage\":\"it-IT\",\"@id\":\"https:\/\/progettotouring.it\/radiotouring104\/2023\/11\/15\/corte-contiin-sanita-alcune-criticita-ma-anche-passi-avanti\/#primaryimage\",\"url\":\"https:\/\/progettotouring.it\/radiotouring104\/wp-content\/uploads\/sites\/6\/2023\/11\/Corte_dei_Conti.jpg\",\"contentUrl\":\"https:\/\/progettotouring.it\/radiotouring104\/wp-content\/uploads\/sites\/6\/2023\/11\/Corte_dei_Conti.jpg\",\"width\":1024,\"height\":673},{\"@type\":\"BreadcrumbList\",\"@id\":\"https:\/\/progettotouring.it\/radiotouring104\/2023\/11\/15\/corte-contiin-sanita-alcune-criticita-ma-anche-passi-avanti\/#breadcrumb\",\"itemListElement\":[{\"@type\":\"ListItem\",\"position\":1,\"name\":\"Home\",\"item\":\"https:\/\/progettotouring.it\/radiotouring104\/\"},{\"@type\":\"ListItem\",\"position\":2,\"name\":\"Corte conti,in sanit\u00e0 alcune criticit\u00e0 ma anche passi avanti\"}]},{\"@type\":\"WebSite\",\"@id\":\"https:\/\/progettotouring.it\/radiotouring104\/#website\",\"url\":\"https:\/\/progettotouring.it\/radiotouring104\/\",\"name\":\"Radio Touring 104\",\"description\":\"La prima radio Reggina\",\"publisher\":{\"@id\":\"https:\/\/progettotouring.it\/radiotouring104\/#organization\"},\"potentialAction\":[{\"@type\":\"SearchAction\",\"target\":{\"@type\":\"EntryPoint\",\"urlTemplate\":\"https:\/\/progettotouring.it\/radiotouring104\/?s={search_term_string}\"},\"query-input\":{\"@type\":\"PropertyValueSpecification\",\"valueRequired\":true,\"valueName\":\"search_term_string\"}}],\"inLanguage\":\"it-IT\"},{\"@type\":\"Organization\",\"@id\":\"https:\/\/progettotouring.it\/radiotouring104\/#organization\",\"name\":\"Radio Touring 104\",\"url\":\"https:\/\/progettotouring.it\/radiotouring104\/\",\"logo\":{\"@type\":\"ImageObject\",\"inLanguage\":\"it-IT\",\"@id\":\"https:\/\/progettotouring.it\/radiotouring104\/#\/schema\/logo\/image\/\",\"url\":\"https:\/\/progettotouring.it\/radiotouring104\/wp-content\/uploads\/sites\/6\/2022\/02\/cropped-logo-radio-touring-104.png\",\"contentUrl\":\"https:\/\/progettotouring.it\/radiotouring104\/wp-content\/uploads\/sites\/6\/2022\/02\/cropped-logo-radio-touring-104.png\",\"width\":377,\"height\":182,\"caption\":\"Radio Touring 104\"},\"image\":{\"@id\":\"https:\/\/progettotouring.it\/radiotouring104\/#\/schema\/logo\/image\/\"}},{\"@type\":\"Person\",\"@id\":\"https:\/\/progettotouring.it\/radiotouring104\/#\/schema\/person\/78613917f1851f041f7483f5af1d422e\",\"name\":\"Sebastiano Plutino\",\"image\":{\"@type\":\"ImageObject\",\"inLanguage\":\"it-IT\",\"@id\":\"https:\/\/secure.gravatar.com\/avatar\/0546ffaa9b79224faf9f2a156b67a529ae861d3287c66c1d8ccfdf909bcba78d?s=96&d=mm&r=g\",\"url\":\"https:\/\/secure.gravatar.com\/avatar\/0546ffaa9b79224faf9f2a156b67a529ae861d3287c66c1d8ccfdf909bcba78d?s=96&d=mm&r=g\",\"contentUrl\":\"https:\/\/secure.gravatar.com\/avatar\/0546ffaa9b79224faf9f2a156b67a529ae861d3287c66c1d8ccfdf909bcba78d?s=96&d=mm&r=g\",\"caption\":\"Sebastiano Plutino\"},\"url\":\"https:\/\/progettotouring.it\/radiotouring104\/author\/sebastiano\/\"}]}<\/script>\n<!-- \/ Yoast SEO plugin. -->","yoast_head_json":{"title":"Corte conti,in sanit\u00e0 alcune criticit\u00e0 ma anche passi avanti - Radio Touring 104","description":"Criticit\u00e0 ma anche passi avanti. in sintesi il giudizio della Corte dei Conti sul rendiconto della Regione 2022 riguardo alla sanit\u00e0","robots":{"index":"index","follow":"follow","max-snippet":"max-snippet:-1","max-image-preview":"max-image-preview:large","max-video-preview":"max-video-preview:-1"},"canonical":"https:\/\/progettotouring.it\/radiotouring104\/2023\/11\/15\/corte-contiin-sanita-alcune-criticita-ma-anche-passi-avanti\/","og_locale":"it_IT","og_type":"article","og_title":"Corte conti,in sanit\u00e0 alcune criticit\u00e0 ma anche passi avanti - Radio Touring 104","og_description":"Criticit\u00e0 ma anche passi avanti. in sintesi il giudizio della Corte dei Conti sul rendiconto della Regione 2022 riguardo alla sanit\u00e0","og_url":"https:\/\/progettotouring.it\/radiotouring104\/2023\/11\/15\/corte-contiin-sanita-alcune-criticita-ma-anche-passi-avanti\/","og_site_name":"Radio Touring 104","article_published_time":"2023-11-15T08:27:19+00:00","article_modified_time":"2023-11-15T08:27:45+00:00","og_image":[{"width":1024,"height":673,"url":"https:\/\/progettotouring.it\/radiotouring104\/wp-content\/uploads\/sites\/6\/2023\/11\/Corte_dei_Conti.jpg","type":"image\/jpeg"}],"author":"Sebastiano Plutino","twitter_card":"summary_large_image","twitter_misc":{"Scritto da":"Sebastiano Plutino","Tempo di lettura stimato":"4 minuti"},"schema":{"@context":"https:\/\/schema.org","@graph":[{"@type":"Article","@id":"https:\/\/progettotouring.it\/radiotouring104\/2023\/11\/15\/corte-contiin-sanita-alcune-criticita-ma-anche-passi-avanti\/#article","isPartOf":{"@id":"https:\/\/progettotouring.it\/radiotouring104\/2023\/11\/15\/corte-contiin-sanita-alcune-criticita-ma-anche-passi-avanti\/"},"author":{"name":"Sebastiano Plutino","@id":"https:\/\/progettotouring.it\/radiotouring104\/#\/schema\/person\/78613917f1851f041f7483f5af1d422e"},"headline":"Corte conti,in sanit\u00e0 alcune criticit\u00e0 ma anche passi avanti","datePublished":"2023-11-15T08:27:19+00:00","dateModified":"2023-11-15T08:27:45+00:00","mainEntityOfPage":{"@id":"https:\/\/progettotouring.it\/radiotouring104\/2023\/11\/15\/corte-contiin-sanita-alcune-criticita-ma-anche-passi-avanti\/"},"wordCount":769,"publisher":{"@id":"https:\/\/progettotouring.it\/radiotouring104\/#organization"},"image":{"@id":"https:\/\/progettotouring.it\/radiotouring104\/2023\/11\/15\/corte-contiin-sanita-alcune-criticita-ma-anche-passi-avanti\/#primaryimage"},"thumbnailUrl":"https:\/\/progettotouring.it\/radiotouring104\/wp-content\/uploads\/sites\/6\/2023\/11\/Corte_dei_Conti.jpg","keywords":["Corte dei conti","criticit\u00e0 ma anche passi avanti","rendiconto della Regione 2022 riguardo alla sanit\u00e0.","Sanit\u00e0 Calabria","Sezione di Controllo Corte dei Conti"],"articleSection":["Home","In primo piano","News","Reggio Calabria"],"inLanguage":"it-IT"},{"@type":"WebPage","@id":"https:\/\/progettotouring.it\/radiotouring104\/2023\/11\/15\/corte-contiin-sanita-alcune-criticita-ma-anche-passi-avanti\/","url":"https:\/\/progettotouring.it\/radiotouring104\/2023\/11\/15\/corte-contiin-sanita-alcune-criticita-ma-anche-passi-avanti\/","name":"Corte conti,in sanit\u00e0 alcune criticit\u00e0 ma anche passi avanti - Radio Touring 104","isPartOf":{"@id":"https:\/\/progettotouring.it\/radiotouring104\/#website"},"primaryImageOfPage":{"@id":"https:\/\/progettotouring.it\/radiotouring104\/2023\/11\/15\/corte-contiin-sanita-alcune-criticita-ma-anche-passi-avanti\/#primaryimage"},"image":{"@id":"https:\/\/progettotouring.it\/radiotouring104\/2023\/11\/15\/corte-contiin-sanita-alcune-criticita-ma-anche-passi-avanti\/#primaryimage"},"thumbnailUrl":"https:\/\/progettotouring.it\/radiotouring104\/wp-content\/uploads\/sites\/6\/2023\/11\/Corte_dei_Conti.jpg","datePublished":"2023-11-15T08:27:19+00:00","dateModified":"2023-11-15T08:27:45+00:00","description":"Criticit\u00e0 ma anche passi avanti. in sintesi il giudizio della Corte dei Conti sul rendiconto della Regione 2022 riguardo alla sanit\u00e0","breadcrumb":{"@id":"https:\/\/progettotouring.it\/radiotouring104\/2023\/11\/15\/corte-contiin-sanita-alcune-criticita-ma-anche-passi-avanti\/#breadcrumb"},"inLanguage":"it-IT","potentialAction":[{"@type":"ReadAction","target":["https:\/\/progettotouring.it\/radiotouring104\/2023\/11\/15\/corte-contiin-sanita-alcune-criticita-ma-anche-passi-avanti\/"]}]},{"@type":"ImageObject","inLanguage":"it-IT","@id":"https:\/\/progettotouring.it\/radiotouring104\/2023\/11\/15\/corte-contiin-sanita-alcune-criticita-ma-anche-passi-avanti\/#primaryimage","url":"https:\/\/progettotouring.it\/radiotouring104\/wp-content\/uploads\/sites\/6\/2023\/11\/Corte_dei_Conti.jpg","contentUrl":"https:\/\/progettotouring.it\/radiotouring104\/wp-content\/uploads\/sites\/6\/2023\/11\/Corte_dei_Conti.jpg","width":1024,"height":673},{"@type":"BreadcrumbList","@id":"https:\/\/progettotouring.it\/radiotouring104\/2023\/11\/15\/corte-contiin-sanita-alcune-criticita-ma-anche-passi-avanti\/#breadcrumb","itemListElement":[{"@type":"ListItem","position":1,"name":"Home","item":"https:\/\/progettotouring.it\/radiotouring104\/"},{"@type":"ListItem","position":2,"name":"Corte conti,in sanit\u00e0 alcune criticit\u00e0 ma anche passi avanti"}]},{"@type":"WebSite","@id":"https:\/\/progettotouring.it\/radiotouring104\/#website","url":"https:\/\/progettotouring.it\/radiotouring104\/","name":"Radio Touring 104","description":"La prima radio Reggina","publisher":{"@id":"https:\/\/progettotouring.it\/radiotouring104\/#organization"},"potentialAction":[{"@type":"SearchAction","target":{"@type":"EntryPoint","urlTemplate":"https:\/\/progettotouring.it\/radiotouring104\/?s={search_term_string}"},"query-input":{"@type":"PropertyValueSpecification","valueRequired":true,"valueName":"search_term_string"}}],"inLanguage":"it-IT"},{"@type":"Organization","@id":"https:\/\/progettotouring.it\/radiotouring104\/#organization","name":"Radio Touring 104","url":"https:\/\/progettotouring.it\/radiotouring104\/","logo":{"@type":"ImageObject","inLanguage":"it-IT","@id":"https:\/\/progettotouring.it\/radiotouring104\/#\/schema\/logo\/image\/","url":"https:\/\/progettotouring.it\/radiotouring104\/wp-content\/uploads\/sites\/6\/2022\/02\/cropped-logo-radio-touring-104.png","contentUrl":"https:\/\/progettotouring.it\/radiotouring104\/wp-content\/uploads\/sites\/6\/2022\/02\/cropped-logo-radio-touring-104.png","width":377,"height":182,"caption":"Radio Touring 104"},"image":{"@id":"https:\/\/progettotouring.it\/radiotouring104\/#\/schema\/logo\/image\/"}},{"@type":"Person","@id":"https:\/\/progettotouring.it\/radiotouring104\/#\/schema\/person\/78613917f1851f041f7483f5af1d422e","name":"Sebastiano Plutino","image":{"@type":"ImageObject","inLanguage":"it-IT","@id":"https:\/\/secure.gravatar.com\/avatar\/0546ffaa9b79224faf9f2a156b67a529ae861d3287c66c1d8ccfdf909bcba78d?s=96&d=mm&r=g","url":"https:\/\/secure.gravatar.com\/avatar\/0546ffaa9b79224faf9f2a156b67a529ae861d3287c66c1d8ccfdf909bcba78d?s=96&d=mm&r=g","contentUrl":"https:\/\/secure.gravatar.com\/avatar\/0546ffaa9b79224faf9f2a156b67a529ae861d3287c66c1d8ccfdf909bcba78d?s=96&d=mm&r=g","caption":"Sebastiano Plutino"},"url":"https:\/\/progettotouring.it\/radiotouring104\/author\/sebastiano\/"}]}},"jetpack_publicize_connections":[],"jetpack_featured_media_url":"https:\/\/progettotouring.it\/radiotouring104\/wp-content\/uploads\/sites\/6\/2023\/11\/Corte_dei_Conti.jpg","jetpack_sharing_enabled":true,"_links":{"self":[{"href":"https:\/\/progettotouring.it\/radiotouring104\/wp-json\/wp\/v2\/posts\/38930","targetHints":{"allow":["GET"]}}],"collection":[{"href":"https:\/\/progettotouring.it\/radiotouring104\/wp-json\/wp\/v2\/posts"}],"about":[{"href":"https:\/\/progettotouring.it\/radiotouring104\/wp-json\/wp\/v2\/types\/post"}],"author":[{"embeddable":true,"href":"https:\/\/progettotouring.it\/radiotouring104\/wp-json\/wp\/v2\/users\/12"}],"replies":[{"embeddable":true,"href":"https:\/\/progettotouring.it\/radiotouring104\/wp-json\/wp\/v2\/comments?post=38930"}],"version-history":[{"count":2,"href":"https:\/\/progettotouring.it\/radiotouring104\/wp-json\/wp\/v2\/posts\/38930\/revisions"}],"predecessor-version":[{"id":38933,"href":"https:\/\/progettotouring.it\/radiotouring104\/wp-json\/wp\/v2\/posts\/38930\/revisions\/38933"}],"wp:featuredmedia":[{"embeddable":true,"href":"https:\/\/progettotouring.it\/radiotouring104\/wp-json\/wp\/v2\/media\/38931"}],"wp:attachment":[{"href":"https:\/\/progettotouring.it\/radiotouring104\/wp-json\/wp\/v2\/media?parent=38930"}],"wp:term":[{"taxonomy":"category","embeddable":true,"href":"https:\/\/progettotouring.it\/radiotouring104\/wp-json\/wp\/v2\/categories?post=38930"},{"taxonomy":"post_tag","embeddable":true,"href":"https:\/\/progettotouring.it\/radiotouring104\/wp-json\/wp\/v2\/tags?post=38930"}],"curies":[{"name":"wp","href":"https:\/\/api.w.org\/{rel}","templated":true}]}}