{"id":38934,"date":"2023-11-15T09:38:32","date_gmt":"2023-11-15T08:38:32","guid":{"rendered":"https:\/\/progettotouring.it\/radiotouring104\/?p=38934"},"modified":"2023-11-15T09:38:32","modified_gmt":"2023-11-15T08:38:32","slug":"occhiuto-felice-che-corte-conti-rilevi-anche-tante-luci","status":"publish","type":"post","link":"https:\/\/progettotouring.it\/radiotouring104\/2023\/11\/15\/occhiuto-felice-che-corte-conti-rilevi-anche-tante-luci\/","title":{"rendered":"Occhiuto: &#8220;Felice che Corte conti rilevi anche tante luci&#8221;"},"content":{"rendered":"<p style=\"text-align: justify\"><em>&#8220;Il giorno della parifica non \u00e8 mai il miglior giorno dell&#8217;anno per i presidenti di Regione. In ogni regione la Corte dei conti, giustamente, evidenzia le criticit\u00e0 che ci sono. Figurarsi in Calabria. Invece oggi sono felice perch\u00e9 rispetto all&#8217;anno scorso la Corte ha evidenziato le tante criticit\u00e0 ma ha detto anche che ci sono tante luci&#8221;.<\/em> <strong>Lo ha detto il presidente della Regione Roberto Occhiuto commentando il giudizio di parifica della Corte dei Conti c<\/strong>on i giornalisti.\n<\/p>\n<p style=\"text-align: justify\"><em>&#8220;Questo<\/em> &#8211;<strong> ha aggiunto &#8211;<\/strong><em> mi conforta nell&#8217;ordine del fatto che probabilmente l&#8217;azione amministrativa che stiamo ponendo in essere sta conducendo a restituire pian piano normalit\u00e0 all&#8217;amministrazione di una regione che ha tanti problemi incancreniti da tanti anni di malagestione&#8221;.<\/em><br \/>\n<strong>\u00a0 Occhiuto ha anche commentato le parti riguardanti la sanit\u00e0 della relazione del procuratore. <em>&#8220;<\/em><\/strong><em>Quando mi sono insediato<\/em><strong> &#8211; ha detto &#8211;<\/strong><em> c&#8217;era una contabilit\u00e0 omerica, orale in alcune aziende sanitarie provinciali. Oggi abbiamo ricostruito la contabilit\u00e0, abbiamo chiuso i bilanci, abbiamo accertato il debito: in due anni abbiamo fatto molto di pi\u00f9 di quello che \u00e8 stato fatto in 12 anni di commissariamento. Ora che si stanno mettendo in ordine i conti, bisogna intervenire sulla qualit\u00e0 delle prestazione dei livelli di assistenza. Se la sanit\u00e0 calabrese fosse un paziente dovremmo dire che \u00e8 stato condotto in coma da 12 anni di commissariamento&#8221;.<\/em><br \/>\n<strong>\u00a0 Per ci\u00f2 che concerne invece la spesa dei fondi europei Occhiuto ha detto che<\/strong> <em>&#8220;sul ciclo di programmazione 2014-2020 sono molto ottimista. La Corte ha gi\u00e0 evidenziato che c&#8217;\u00e8 una progressione della spesa dei fondi europei. Io sto incontrando ogni 10 giorni tutti i Direttori generali che saranno valutati in ordine alla velocizzazione della spesa e confido nel fatto che a fine anno avremo speso tutto o quasi il miliardo di Por che ho trovato non speso quando mi sono insediato&#8221;.<\/em><\/p>\n","protected":false},"excerpt":{"rendered":"<p>&#8220;Il giorno della parifica non \u00e8 mai il miglior giorno dell&#8217;anno per i presidenti di Regione. In ogni regione la Corte dei conti, giustamente, evidenzia le criticit\u00e0 che ci sono.&hellip;<\/p>\n","protected":false},"author":12,"featured_media":33505,"comment_status":"closed","ping_status":"open","sticky":false,"template":"","format":"standard","meta":{"_jetpack_memberships_contains_paid_content":false,"footnotes":"","jetpack_publicize_message":"","jetpack_publicize_feature_enabled":true,"jetpack_social_post_already_shared":false,"jetpack_social_options":{"image_generator_settings":{"template":"highway","default_image_id":0,"font":"","enabled":false},"version":2}},"categories":[142,921,196],"tags":[24168,24169,217,18340,14379],"class_list":["post-38934","post","type-post","status-publish","format-standard","has-post-thumbnail","hentry","category-calabria","category-home","category-news","tag-felice-che-corte-conti-rilevi-anche-tante-luci","tag-bilanci-calabria","tag-corte-dei-conti","tag-occhiuto-roberto","tag-sanita-calabria"],"yoast_head":"<!-- This site is optimized with the Yoast SEO plugin v27.2 - https:\/\/yoast.com\/product\/yoast-seo-wordpress\/ -->\n<title>Occhiuto: &quot;Felice che Corte conti rilevi anche tante luci&quot; - Radio Touring 104<\/title>\n<meta name=\"description\" content=\"&quot;Sono felice perch\u00e9 rispetto all&#039;anno scorso, la Corte ha evidenziato le tante criticit\u00e0 ma anche che ci sono tante luci&quot;, commenta Occhiuto\" \/>\n<meta name=\"robots\" content=\"index, follow, max-snippet:-1, max-image-preview:large, max-video-preview:-1\" \/>\n<link rel=\"canonical\" href=\"https:\/\/progettotouring.it\/radiotouring104\/2023\/11\/15\/occhiuto-felice-che-corte-conti-rilevi-anche-tante-luci\/\" \/>\n<meta property=\"og:locale\" content=\"it_IT\" \/>\n<meta property=\"og:type\" content=\"article\" \/>\n<meta property=\"og:title\" content=\"Occhiuto: &quot;Felice che Corte conti rilevi anche tante luci&quot; - Radio Touring 104\" \/>\n<meta property=\"og:description\" content=\"&quot;Sono felice perch\u00e9 rispetto all&#039;anno scorso, la Corte ha evidenziato le tante criticit\u00e0 ma anche che ci sono tante luci&quot;, commenta Occhiuto\" \/>\n<meta property=\"og:url\" content=\"https:\/\/progettotouring.it\/radiotouring104\/2023\/11\/15\/occhiuto-felice-che-corte-conti-rilevi-anche-tante-luci\/\" \/>\n<meta property=\"og:site_name\" content=\"Radio Touring 104\" \/>\n<meta property=\"article:published_time\" content=\"2023-11-15T08:38:32+00:00\" \/>\n<meta property=\"og:image\" content=\"https:\/\/progettotouring.it\/radiotouring104\/wp-content\/uploads\/sites\/6\/2023\/08\/Occhiuto-Cup.jpg\" \/>\n\t<meta property=\"og:image:width\" content=\"774\" \/>\n\t<meta property=\"og:image:height\" content=\"516\" \/>\n\t<meta property=\"og:image:type\" content=\"image\/jpeg\" \/>\n<meta name=\"author\" content=\"Sebastiano Plutino\" \/>\n<meta name=\"twitter:card\" content=\"summary_large_image\" \/>\n<meta name=\"twitter:label1\" content=\"Scritto da\" \/>\n\t<meta name=\"twitter:data1\" content=\"Sebastiano Plutino\" \/>\n\t<meta name=\"twitter:label2\" content=\"Tempo di lettura stimato\" \/>\n\t<meta name=\"twitter:data2\" content=\"1 minuto\" \/>\n<script type=\"application\/ld+json\" class=\"yoast-schema-graph\">{\"@context\":\"https:\/\/schema.org\",\"@graph\":[{\"@type\":\"Article\",\"@id\":\"https:\/\/progettotouring.it\/radiotouring104\/2023\/11\/15\/occhiuto-felice-che-corte-conti-rilevi-anche-tante-luci\/#article\",\"isPartOf\":{\"@id\":\"https:\/\/progettotouring.it\/radiotouring104\/2023\/11\/15\/occhiuto-felice-che-corte-conti-rilevi-anche-tante-luci\/\"},\"author\":{\"name\":\"Sebastiano Plutino\",\"@id\":\"https:\/\/progettotouring.it\/radiotouring104\/#\/schema\/person\/78613917f1851f041f7483f5af1d422e\"},\"headline\":\"Occhiuto: &#8220;Felice che Corte conti rilevi anche tante luci&#8221;\",\"datePublished\":\"2023-11-15T08:38:32+00:00\",\"mainEntityOfPage\":{\"@id\":\"https:\/\/progettotouring.it\/radiotouring104\/2023\/11\/15\/occhiuto-felice-che-corte-conti-rilevi-anche-tante-luci\/\"},\"wordCount\":304,\"publisher\":{\"@id\":\"https:\/\/progettotouring.it\/radiotouring104\/#organization\"},\"image\":{\"@id\":\"https:\/\/progettotouring.it\/radiotouring104\/2023\/11\/15\/occhiuto-felice-che-corte-conti-rilevi-anche-tante-luci\/#primaryimage\"},\"thumbnailUrl\":\"https:\/\/progettotouring.it\/radiotouring104\/wp-content\/uploads\/sites\/6\/2023\/08\/Occhiuto-Cup.jpg\",\"keywords\":[\"\\\"Felice che Corte conti rilevi anche tante luci\\\"\",\"bilanci calabria\",\"Corte dei conti\",\"Occhiuto Roberto\",\"Sanit\u00e0 Calabria\"],\"articleSection\":[\"Calabria\",\"Home\",\"News\"],\"inLanguage\":\"it-IT\"},{\"@type\":\"WebPage\",\"@id\":\"https:\/\/progettotouring.it\/radiotouring104\/2023\/11\/15\/occhiuto-felice-che-corte-conti-rilevi-anche-tante-luci\/\",\"url\":\"https:\/\/progettotouring.it\/radiotouring104\/2023\/11\/15\/occhiuto-felice-che-corte-conti-rilevi-anche-tante-luci\/\",\"name\":\"Occhiuto: \\\"Felice che Corte conti rilevi anche tante luci\\\" - Radio Touring 104\",\"isPartOf\":{\"@id\":\"https:\/\/progettotouring.it\/radiotouring104\/#website\"},\"primaryImageOfPage\":{\"@id\":\"https:\/\/progettotouring.it\/radiotouring104\/2023\/11\/15\/occhiuto-felice-che-corte-conti-rilevi-anche-tante-luci\/#primaryimage\"},\"image\":{\"@id\":\"https:\/\/progettotouring.it\/radiotouring104\/2023\/11\/15\/occhiuto-felice-che-corte-conti-rilevi-anche-tante-luci\/#primaryimage\"},\"thumbnailUrl\":\"https:\/\/progettotouring.it\/radiotouring104\/wp-content\/uploads\/sites\/6\/2023\/08\/Occhiuto-Cup.jpg\",\"datePublished\":\"2023-11-15T08:38:32+00:00\",\"description\":\"\\\"Sono felice perch\u00e9 rispetto all'anno scorso, la Corte ha evidenziato le tante criticit\u00e0 ma anche che ci sono tante luci\\\", commenta Occhiuto\",\"breadcrumb\":{\"@id\":\"https:\/\/progettotouring.it\/radiotouring104\/2023\/11\/15\/occhiuto-felice-che-corte-conti-rilevi-anche-tante-luci\/#breadcrumb\"},\"inLanguage\":\"it-IT\",\"potentialAction\":[{\"@type\":\"ReadAction\",\"target\":[\"https:\/\/progettotouring.it\/radiotouring104\/2023\/11\/15\/occhiuto-felice-che-corte-conti-rilevi-anche-tante-luci\/\"]}]},{\"@type\":\"ImageObject\",\"inLanguage\":\"it-IT\",\"@id\":\"https:\/\/progettotouring.it\/radiotouring104\/2023\/11\/15\/occhiuto-felice-che-corte-conti-rilevi-anche-tante-luci\/#primaryimage\",\"url\":\"https:\/\/progettotouring.it\/radiotouring104\/wp-content\/uploads\/sites\/6\/2023\/08\/Occhiuto-Cup.jpg\",\"contentUrl\":\"https:\/\/progettotouring.it\/radiotouring104\/wp-content\/uploads\/sites\/6\/2023\/08\/Occhiuto-Cup.jpg\",\"width\":774,\"height\":516},{\"@type\":\"BreadcrumbList\",\"@id\":\"https:\/\/progettotouring.it\/radiotouring104\/2023\/11\/15\/occhiuto-felice-che-corte-conti-rilevi-anche-tante-luci\/#breadcrumb\",\"itemListElement\":[{\"@type\":\"ListItem\",\"position\":1,\"name\":\"Home\",\"item\":\"https:\/\/progettotouring.it\/radiotouring104\/\"},{\"@type\":\"ListItem\",\"position\":2,\"name\":\"Occhiuto: &#8220;Felice che Corte conti rilevi anche tante luci&#8221;\"}]},{\"@type\":\"WebSite\",\"@id\":\"https:\/\/progettotouring.it\/radiotouring104\/#website\",\"url\":\"https:\/\/progettotouring.it\/radiotouring104\/\",\"name\":\"Radio Touring 104\",\"description\":\"La prima radio Reggina\",\"publisher\":{\"@id\":\"https:\/\/progettotouring.it\/radiotouring104\/#organization\"},\"potentialAction\":[{\"@type\":\"SearchAction\",\"target\":{\"@type\":\"EntryPoint\",\"urlTemplate\":\"https:\/\/progettotouring.it\/radiotouring104\/?s={search_term_string}\"},\"query-input\":{\"@type\":\"PropertyValueSpecification\",\"valueRequired\":true,\"valueName\":\"search_term_string\"}}],\"inLanguage\":\"it-IT\"},{\"@type\":\"Organization\",\"@id\":\"https:\/\/progettotouring.it\/radiotouring104\/#organization\",\"name\":\"Radio Touring 104\",\"url\":\"https:\/\/progettotouring.it\/radiotouring104\/\",\"logo\":{\"@type\":\"ImageObject\",\"inLanguage\":\"it-IT\",\"@id\":\"https:\/\/progettotouring.it\/radiotouring104\/#\/schema\/logo\/image\/\",\"url\":\"https:\/\/progettotouring.it\/radiotouring104\/wp-content\/uploads\/sites\/6\/2022\/02\/cropped-logo-radio-touring-104.png\",\"contentUrl\":\"https:\/\/progettotouring.it\/radiotouring104\/wp-content\/uploads\/sites\/6\/2022\/02\/cropped-logo-radio-touring-104.png\",\"width\":377,\"height\":182,\"caption\":\"Radio Touring 104\"},\"image\":{\"@id\":\"https:\/\/progettotouring.it\/radiotouring104\/#\/schema\/logo\/image\/\"}},{\"@type\":\"Person\",\"@id\":\"https:\/\/progettotouring.it\/radiotouring104\/#\/schema\/person\/78613917f1851f041f7483f5af1d422e\",\"name\":\"Sebastiano Plutino\",\"image\":{\"@type\":\"ImageObject\",\"inLanguage\":\"it-IT\",\"@id\":\"https:\/\/secure.gravatar.com\/avatar\/0546ffaa9b79224faf9f2a156b67a529ae861d3287c66c1d8ccfdf909bcba78d?s=96&d=mm&r=g\",\"url\":\"https:\/\/secure.gravatar.com\/avatar\/0546ffaa9b79224faf9f2a156b67a529ae861d3287c66c1d8ccfdf909bcba78d?s=96&d=mm&r=g\",\"contentUrl\":\"https:\/\/secure.gravatar.com\/avatar\/0546ffaa9b79224faf9f2a156b67a529ae861d3287c66c1d8ccfdf909bcba78d?s=96&d=mm&r=g\",\"caption\":\"Sebastiano Plutino\"},\"url\":\"https:\/\/progettotouring.it\/radiotouring104\/author\/sebastiano\/\"}]}<\/script>\n<!-- \/ Yoast SEO plugin. -->","yoast_head_json":{"title":"Occhiuto: \"Felice che Corte conti rilevi anche tante luci\" - Radio Touring 104","description":"\"Sono felice perch\u00e9 rispetto all'anno scorso, la Corte ha evidenziato le tante criticit\u00e0 ma anche che ci sono tante luci\", commenta Occhiuto","robots":{"index":"index","follow":"follow","max-snippet":"max-snippet:-1","max-image-preview":"max-image-preview:large","max-video-preview":"max-video-preview:-1"},"canonical":"https:\/\/progettotouring.it\/radiotouring104\/2023\/11\/15\/occhiuto-felice-che-corte-conti-rilevi-anche-tante-luci\/","og_locale":"it_IT","og_type":"article","og_title":"Occhiuto: \"Felice che Corte conti rilevi anche tante luci\" - Radio Touring 104","og_description":"\"Sono felice perch\u00e9 rispetto all'anno scorso, la Corte ha evidenziato le tante criticit\u00e0 ma anche che ci sono tante luci\", commenta Occhiuto","og_url":"https:\/\/progettotouring.it\/radiotouring104\/2023\/11\/15\/occhiuto-felice-che-corte-conti-rilevi-anche-tante-luci\/","og_site_name":"Radio Touring 104","article_published_time":"2023-11-15T08:38:32+00:00","og_image":[{"width":774,"height":516,"url":"https:\/\/progettotouring.it\/radiotouring104\/wp-content\/uploads\/sites\/6\/2023\/08\/Occhiuto-Cup.jpg","type":"image\/jpeg"}],"author":"Sebastiano Plutino","twitter_card":"summary_large_image","twitter_misc":{"Scritto da":"Sebastiano Plutino","Tempo di lettura stimato":"1 minuto"},"schema":{"@context":"https:\/\/schema.org","@graph":[{"@type":"Article","@id":"https:\/\/progettotouring.it\/radiotouring104\/2023\/11\/15\/occhiuto-felice-che-corte-conti-rilevi-anche-tante-luci\/#article","isPartOf":{"@id":"https:\/\/progettotouring.it\/radiotouring104\/2023\/11\/15\/occhiuto-felice-che-corte-conti-rilevi-anche-tante-luci\/"},"author":{"name":"Sebastiano Plutino","@id":"https:\/\/progettotouring.it\/radiotouring104\/#\/schema\/person\/78613917f1851f041f7483f5af1d422e"},"headline":"Occhiuto: &#8220;Felice che Corte conti rilevi anche tante luci&#8221;","datePublished":"2023-11-15T08:38:32+00:00","mainEntityOfPage":{"@id":"https:\/\/progettotouring.it\/radiotouring104\/2023\/11\/15\/occhiuto-felice-che-corte-conti-rilevi-anche-tante-luci\/"},"wordCount":304,"publisher":{"@id":"https:\/\/progettotouring.it\/radiotouring104\/#organization"},"image":{"@id":"https:\/\/progettotouring.it\/radiotouring104\/2023\/11\/15\/occhiuto-felice-che-corte-conti-rilevi-anche-tante-luci\/#primaryimage"},"thumbnailUrl":"https:\/\/progettotouring.it\/radiotouring104\/wp-content\/uploads\/sites\/6\/2023\/08\/Occhiuto-Cup.jpg","keywords":["\"Felice che Corte conti rilevi anche tante luci\"","bilanci calabria","Corte dei conti","Occhiuto Roberto","Sanit\u00e0 Calabria"],"articleSection":["Calabria","Home","News"],"inLanguage":"it-IT"},{"@type":"WebPage","@id":"https:\/\/progettotouring.it\/radiotouring104\/2023\/11\/15\/occhiuto-felice-che-corte-conti-rilevi-anche-tante-luci\/","url":"https:\/\/progettotouring.it\/radiotouring104\/2023\/11\/15\/occhiuto-felice-che-corte-conti-rilevi-anche-tante-luci\/","name":"Occhiuto: \"Felice che Corte conti rilevi anche tante luci\" - Radio Touring 104","isPartOf":{"@id":"https:\/\/progettotouring.it\/radiotouring104\/#website"},"primaryImageOfPage":{"@id":"https:\/\/progettotouring.it\/radiotouring104\/2023\/11\/15\/occhiuto-felice-che-corte-conti-rilevi-anche-tante-luci\/#primaryimage"},"image":{"@id":"https:\/\/progettotouring.it\/radiotouring104\/2023\/11\/15\/occhiuto-felice-che-corte-conti-rilevi-anche-tante-luci\/#primaryimage"},"thumbnailUrl":"https:\/\/progettotouring.it\/radiotouring104\/wp-content\/uploads\/sites\/6\/2023\/08\/Occhiuto-Cup.jpg","datePublished":"2023-11-15T08:38:32+00:00","description":"\"Sono felice perch\u00e9 rispetto all'anno scorso, la Corte ha evidenziato le tante criticit\u00e0 ma anche che ci sono tante luci\", commenta Occhiuto","breadcrumb":{"@id":"https:\/\/progettotouring.it\/radiotouring104\/2023\/11\/15\/occhiuto-felice-che-corte-conti-rilevi-anche-tante-luci\/#breadcrumb"},"inLanguage":"it-IT","potentialAction":[{"@type":"ReadAction","target":["https:\/\/progettotouring.it\/radiotouring104\/2023\/11\/15\/occhiuto-felice-che-corte-conti-rilevi-anche-tante-luci\/"]}]},{"@type":"ImageObject","inLanguage":"it-IT","@id":"https:\/\/progettotouring.it\/radiotouring104\/2023\/11\/15\/occhiuto-felice-che-corte-conti-rilevi-anche-tante-luci\/#primaryimage","url":"https:\/\/progettotouring.it\/radiotouring104\/wp-content\/uploads\/sites\/6\/2023\/08\/Occhiuto-Cup.jpg","contentUrl":"https:\/\/progettotouring.it\/radiotouring104\/wp-content\/uploads\/sites\/6\/2023\/08\/Occhiuto-Cup.jpg","width":774,"height":516},{"@type":"BreadcrumbList","@id":"https:\/\/progettotouring.it\/radiotouring104\/2023\/11\/15\/occhiuto-felice-che-corte-conti-rilevi-anche-tante-luci\/#breadcrumb","itemListElement":[{"@type":"ListItem","position":1,"name":"Home","item":"https:\/\/progettotouring.it\/radiotouring104\/"},{"@type":"ListItem","position":2,"name":"Occhiuto: &#8220;Felice che Corte conti rilevi anche tante luci&#8221;"}]},{"@type":"WebSite","@id":"https:\/\/progettotouring.it\/radiotouring104\/#website","url":"https:\/\/progettotouring.it\/radiotouring104\/","name":"Radio Touring 104","description":"La prima radio Reggina","publisher":{"@id":"https:\/\/progettotouring.it\/radiotouring104\/#organization"},"potentialAction":[{"@type":"SearchAction","target":{"@type":"EntryPoint","urlTemplate":"https:\/\/progettotouring.it\/radiotouring104\/?s={search_term_string}"},"query-input":{"@type":"PropertyValueSpecification","valueRequired":true,"valueName":"search_term_string"}}],"inLanguage":"it-IT"},{"@type":"Organization","@id":"https:\/\/progettotouring.it\/radiotouring104\/#organization","name":"Radio Touring 104","url":"https:\/\/progettotouring.it\/radiotouring104\/","logo":{"@type":"ImageObject","inLanguage":"it-IT","@id":"https:\/\/progettotouring.it\/radiotouring104\/#\/schema\/logo\/image\/","url":"https:\/\/progettotouring.it\/radiotouring104\/wp-content\/uploads\/sites\/6\/2022\/02\/cropped-logo-radio-touring-104.png","contentUrl":"https:\/\/progettotouring.it\/radiotouring104\/wp-content\/uploads\/sites\/6\/2022\/02\/cropped-logo-radio-touring-104.png","width":377,"height":182,"caption":"Radio Touring 104"},"image":{"@id":"https:\/\/progettotouring.it\/radiotouring104\/#\/schema\/logo\/image\/"}},{"@type":"Person","@id":"https:\/\/progettotouring.it\/radiotouring104\/#\/schema\/person\/78613917f1851f041f7483f5af1d422e","name":"Sebastiano Plutino","image":{"@type":"ImageObject","inLanguage":"it-IT","@id":"https:\/\/secure.gravatar.com\/avatar\/0546ffaa9b79224faf9f2a156b67a529ae861d3287c66c1d8ccfdf909bcba78d?s=96&d=mm&r=g","url":"https:\/\/secure.gravatar.com\/avatar\/0546ffaa9b79224faf9f2a156b67a529ae861d3287c66c1d8ccfdf909bcba78d?s=96&d=mm&r=g","contentUrl":"https:\/\/secure.gravatar.com\/avatar\/0546ffaa9b79224faf9f2a156b67a529ae861d3287c66c1d8ccfdf909bcba78d?s=96&d=mm&r=g","caption":"Sebastiano Plutino"},"url":"https:\/\/progettotouring.it\/radiotouring104\/author\/sebastiano\/"}]}},"jetpack_publicize_connections":[],"jetpack_featured_media_url":"https:\/\/progettotouring.it\/radiotouring104\/wp-content\/uploads\/sites\/6\/2023\/08\/Occhiuto-Cup.jpg","jetpack_sharing_enabled":true,"_links":{"self":[{"href":"https:\/\/progettotouring.it\/radiotouring104\/wp-json\/wp\/v2\/posts\/38934","targetHints":{"allow":["GET"]}}],"collection":[{"href":"https:\/\/progettotouring.it\/radiotouring104\/wp-json\/wp\/v2\/posts"}],"about":[{"href":"https:\/\/progettotouring.it\/radiotouring104\/wp-json\/wp\/v2\/types\/post"}],"author":[{"embeddable":true,"href":"https:\/\/progettotouring.it\/radiotouring104\/wp-json\/wp\/v2\/users\/12"}],"replies":[{"embeddable":true,"href":"https:\/\/progettotouring.it\/radiotouring104\/wp-json\/wp\/v2\/comments?post=38934"}],"version-history":[{"count":1,"href":"https:\/\/progettotouring.it\/radiotouring104\/wp-json\/wp\/v2\/posts\/38934\/revisions"}],"predecessor-version":[{"id":38935,"href":"https:\/\/progettotouring.it\/radiotouring104\/wp-json\/wp\/v2\/posts\/38934\/revisions\/38935"}],"wp:featuredmedia":[{"embeddable":true,"href":"https:\/\/progettotouring.it\/radiotouring104\/wp-json\/wp\/v2\/media\/33505"}],"wp:attachment":[{"href":"https:\/\/progettotouring.it\/radiotouring104\/wp-json\/wp\/v2\/media?parent=38934"}],"wp:term":[{"taxonomy":"category","embeddable":true,"href":"https:\/\/progettotouring.it\/radiotouring104\/wp-json\/wp\/v2\/categories?post=38934"},{"taxonomy":"post_tag","embeddable":true,"href":"https:\/\/progettotouring.it\/radiotouring104\/wp-json\/wp\/v2\/tags?post=38934"}],"curies":[{"name":"wp","href":"https:\/\/api.w.org\/{rel}","templated":true}]}}