{"id":38939,"date":"2023-11-15T09:56:21","date_gmt":"2023-11-15T08:56:21","guid":{"rendered":"https:\/\/progettotouring.it\/radiotouring104\/?p=38939"},"modified":"2023-11-15T09:56:55","modified_gmt":"2023-11-15T08:56:55","slug":"i-walk-the-line-torna-nella-piana-contro-il-bullismo-usate-la-gentilezza-con-i-vostri-coetanei-siate-grati","status":"publish","type":"post","link":"https:\/\/progettotouring.it\/radiotouring104\/2023\/11\/15\/i-walk-the-line-torna-nella-piana-contro-il-bullismo-usate-la-gentilezza-con-i-vostri-coetanei-siate-grati\/","title":{"rendered":"I Walk the Line torna nella Piana: &#8220;Contro il bullismo usate la gentilezza. Con i vostri coetanei siate grati&#8221;"},"content":{"rendered":"<p style=\"text-align: justify\">Sconfiggere il bullismo con la gentilezza. All\u2019indomani della giornata mondiale sul garbo, cortesia e rispetto<strong>, \u2018I Walk The Line\u2019 incontra gli studenti dell\u2019istituto scolastico<\/strong><em> \u2018Piria\u2019<\/em> <strong>di Rosarno<\/strong>, in occasione del secondo ciclo di incontri sul bullismo.<\/p>\n<p><em>\u201cAbbiamo trattato negli ultimi anni il tema del bullismo attraverso una task force pedagogica che ha lavorato tanto affinch\u00e9 gli studenti si aprissero ad una alternativa virtuosa al bullismo e al cyberbullismo &#8211;<strong> spiega il dirigente scolastico prof.ssa Maria Rosaria Russo<\/strong> &#8211; Sono entrambi temi scottanti e i rischi della rete sono enormi. Come difendersi? Insegnando ai ragazzi i valori della gentilezza perch\u00e9 delinquere e prevaricare non conviene, al contrario conviene intraprendere il cammino della legalit\u00e1\u201d.<\/em><\/p>\n<p>Ad evidenziare il corretto utilizzo delle parole la responsabile dell\u2019organismo di mediazione<em> \u2018Ismed Group\u2019<\/em><strong> Francesca Chirico<\/strong> che ha raccontato, non senza emozione, la storia di Michele, suicida per bullismo a 17 anni.<\/p>\n<p><em>\u201cSei gay, devi solo morire, non puoi dare niente alla societ\u00e0\u201d.<\/em><strong> A Michele sono state dette queste parole sul web<\/strong>.<strong> \u00c8 morto gettandosi da un ponte proprio a causa di questi vocaboli &#8211; spiega la dottoressa Chirico<\/strong> &#8211;<em> E allora vi dico \u2018E se invece&#8230;\u2019 e se invece chi ha scritto quelle frasi avessero usato parole di gentilezza. A voi la riflessione&#8230;\u201d.<\/em><\/p>\n<p><strong>Bullismo, cyberbullismo, violenza di genere e body shaming. Le quattro tematiche sono state rappresentate<\/strong> attraverso video interviste e corti di animazione <strong>sapientemente realizzati da Daniele Melara<\/strong> e dal 2D Cartoon Animator <strong>Onofrio Maccarone.<\/strong><\/p>\n<p><em>\u201cTutti noi possiamo realizzare il nostro sogno anche qui nella nostra terra. Dopo l\u2019esperienza di cinque anni a Londra ho deciso di tornare e di aprire il mio studio di animazione<\/em> &#8211; <strong>spiega agli studenti Onofrio Maccarone<\/strong> &#8211;<em> Abbiamo realizzato due corti, uno sul bullismo e sul body shaming e l\u2019altro sul cyberbullismo sfruttando l\u2019immagine delle sneakers. Perch\u00e9 le scarpe? Perch\u00e9 sono il simbolo del movimento, perch\u00e9 sono espressione di individualit\u00e0 e perch\u00e9 cos\u00ec il linguaggio diventa fresco e giovanile. Il protagonista \u2018Giordan con la G\u2019, in un video, utilizza proprio l\u2019arma della gentilezza e della generosit\u00e0 d\u2019animo contro il bullismo. Vi invito a guardarli con attenzione, a dire la vostra e a condividerli dalla pagina FB e dai canali social\u00a0<a href=\"http:\/\/svi.pro.re\/\" target=\"_blank\" rel=\"noopener noreferrer\">Svi.Pro.Re<\/a>\u201d.<\/em><\/p>\n<p><strong>L\u2019incontro,<\/strong> impreziosito anche oggi dall\u2019opera dell<strong>\u2019artista Krish<\/strong>, e <strong>che ha visto la partecipazione<\/strong> del presidente del CSI Reggio Calabria<strong> Paolo Ciucci\u00fa<\/strong>, della prof.ssa <strong>Angela Busacca<\/strong> e della <strong>dott.ssa Sofia Ciappina,<\/strong> \u00e8 stato moderato dal capo progetto<strong> avv. Alessandra Callea.<\/strong><\/p>\n<p><em>\u201cLa seconda parte di \u2018I Walk The Line\u2019 intende trattare tematiche delicate attraverso diversi spunti di riflessione ed in modo interattivo. Abbiamo focalizzato l\u2019attenzione sull\u2019utilizzo corretto e consapevole della parola. Abbiamo evidenziato il rischio di commettere un reato a seguito dell\u2019utilizzo improprio ed inconsapevole del cellulare e dei social. I ragazzi hanno risposto finora positivamente partecipando attivamente alle iniziative proposte\u201d.<\/em><\/p>\n<p>Utilizzare dunque anche l\u2019arma pi\u00f9 romantica della gentilezza pu\u00f2 aiutare a contrastare il bullismo perch\u00e9 spesso l\u2019utilizzo di parole e frasi gentili placa la rabbia di chi vuole prevaricare e rende l\u2019antagonista consapevole dei propri errori.<\/p>\n<p><strong>Il ciclo di incontri dedicati al bullismo di \u2018I Walk The Line\u2019 si chiuder\u00e0 oggi<\/strong> sul versante della jonica<strong>, a Locri,<\/strong> all\u2019interno delle aule dell\u2019istituto scolastico IPSIA.<\/p>\n<p><strong>A chiudere l\u2019incontro,<\/strong> tra l\u2019applauso dei ragazzi, <strong>una frase della nota canzone<\/strong> <em>\u2018Parole in circolo\u2019<\/em><strong> di Marco Mengoni.<\/strong><\/p>\n<p><em>\u201cIo l\u2019ho vista sai la vita degli illusi. Con le loro dosi di avidit\u00e0 e superbia, che per combatterli ti giuro basta poco, devi interdirli con un po\u2019 di gentilezza\u201d.<\/em><strong> Parole in circolo di Marco Mengoni.<\/strong><\/p>\n","protected":false},"excerpt":{"rendered":"<p>Sconfiggere il bullismo con la gentilezza. All\u2019indomani della giornata mondiale sul garbo, cortesia e rispetto, \u2018I Walk The Line\u2019 incontra gli studenti dell\u2019istituto scolastico \u2018Piria\u2019 di Rosarno, in occasione del&hellip;<\/p>\n","protected":false},"author":12,"featured_media":38940,"comment_status":"closed","ping_status":"open","sticky":false,"template":"","format":"standard","meta":{"_jetpack_memberships_contains_paid_content":false,"footnotes":"","jetpack_publicize_message":"","jetpack_publicize_feature_enabled":true,"jetpack_social_post_already_shared":false,"jetpack_social_options":{"image_generator_settings":{"template":"highway","default_image_id":0,"font":"","enabled":false},"version":2}},"categories":[196,140],"tags":[24173,24172,24177,24176,1157,24175,24178,24174,1314,24171],"class_list":["post-38939","post","type-post","status-publish","format-standard","has-post-thumbnail","hentry","category-news","category-reggio-calabria","tag-istituto-scolastico-piria-di-rosarno","tag-contro-il-bullismo-usate-la-gentilezza","tag-avv-alessandra-callea","tag-dott-ssa-sofia-ciappina","tag-francesca-chirico","tag-onofrio-maccarone","tag-paolo-cicciu","tag-prof-ssa-maria-rosaria-russo","tag-rosarno","tag-walk-the-line"],"yoast_head":"<!-- This site is optimized with the Yoast SEO plugin v27.2 - https:\/\/yoast.com\/product\/yoast-seo-wordpress\/ -->\n<title>&quot;Walk the Line&quot; nella Piana: &quot;Contro il bullismo usate la gentilezza&quot;<\/title>\n<meta name=\"description\" content=\"\u2018I Walk The Line\u2019 incontra gli studenti dell\u2019istituto scolastico \u2018Piria\u2019 di Rosarno, in occasione del secondo ciclo di incontri sul bullismo\" \/>\n<meta name=\"robots\" content=\"index, follow, max-snippet:-1, max-image-preview:large, max-video-preview:-1\" \/>\n<link rel=\"canonical\" href=\"https:\/\/progettotouring.it\/radiotouring104\/2023\/11\/15\/i-walk-the-line-torna-nella-piana-contro-il-bullismo-usate-la-gentilezza-con-i-vostri-coetanei-siate-grati\/\" \/>\n<meta property=\"og:locale\" content=\"it_IT\" \/>\n<meta property=\"og:type\" content=\"article\" \/>\n<meta property=\"og:title\" content=\"&quot;Walk the Line&quot; nella Piana: &quot;Contro il bullismo usate la gentilezza&quot;\" \/>\n<meta property=\"og:description\" content=\"\u2018I Walk The Line\u2019 incontra gli studenti dell\u2019istituto scolastico \u2018Piria\u2019 di Rosarno, in occasione del secondo ciclo di incontri sul bullismo\" \/>\n<meta property=\"og:url\" content=\"https:\/\/progettotouring.it\/radiotouring104\/2023\/11\/15\/i-walk-the-line-torna-nella-piana-contro-il-bullismo-usate-la-gentilezza-con-i-vostri-coetanei-siate-grati\/\" \/>\n<meta property=\"og:site_name\" content=\"Radio Touring 104\" \/>\n<meta property=\"article:published_time\" content=\"2023-11-15T08:56:21+00:00\" \/>\n<meta property=\"article:modified_time\" content=\"2023-11-15T08:56:55+00:00\" \/>\n<meta property=\"og:image\" content=\"https:\/\/progettotouring.it\/radiotouring104\/wp-content\/uploads\/sites\/6\/2023\/11\/i-walk-the-line-rosarno-1.jpeg\" \/>\n\t<meta property=\"og:image:width\" content=\"1600\" \/>\n\t<meta property=\"og:image:height\" content=\"720\" \/>\n\t<meta property=\"og:image:type\" content=\"image\/jpeg\" \/>\n<meta name=\"author\" content=\"Sebastiano Plutino\" \/>\n<meta name=\"twitter:card\" content=\"summary_large_image\" \/>\n<meta name=\"twitter:label1\" content=\"Scritto da\" \/>\n\t<meta name=\"twitter:data1\" content=\"Sebastiano Plutino\" \/>\n\t<meta name=\"twitter:label2\" content=\"Tempo di lettura stimato\" \/>\n\t<meta name=\"twitter:data2\" content=\"3 minuti\" \/>\n<script type=\"application\/ld+json\" class=\"yoast-schema-graph\">{\"@context\":\"https:\/\/schema.org\",\"@graph\":[{\"@type\":\"Article\",\"@id\":\"https:\/\/progettotouring.it\/radiotouring104\/2023\/11\/15\/i-walk-the-line-torna-nella-piana-contro-il-bullismo-usate-la-gentilezza-con-i-vostri-coetanei-siate-grati\/#article\",\"isPartOf\":{\"@id\":\"https:\/\/progettotouring.it\/radiotouring104\/2023\/11\/15\/i-walk-the-line-torna-nella-piana-contro-il-bullismo-usate-la-gentilezza-con-i-vostri-coetanei-siate-grati\/\"},\"author\":{\"name\":\"Sebastiano Plutino\",\"@id\":\"https:\/\/progettotouring.it\/radiotouring104\/#\/schema\/person\/78613917f1851f041f7483f5af1d422e\"},\"headline\":\"I Walk the Line torna nella Piana: &#8220;Contro il bullismo usate la gentilezza. Con i vostri coetanei siate grati&#8221;\",\"datePublished\":\"2023-11-15T08:56:21+00:00\",\"dateModified\":\"2023-11-15T08:56:55+00:00\",\"mainEntityOfPage\":{\"@id\":\"https:\/\/progettotouring.it\/radiotouring104\/2023\/11\/15\/i-walk-the-line-torna-nella-piana-contro-il-bullismo-usate-la-gentilezza-con-i-vostri-coetanei-siate-grati\/\"},\"wordCount\":620,\"publisher\":{\"@id\":\"https:\/\/progettotouring.it\/radiotouring104\/#organization\"},\"image\":{\"@id\":\"https:\/\/progettotouring.it\/radiotouring104\/2023\/11\/15\/i-walk-the-line-torna-nella-piana-contro-il-bullismo-usate-la-gentilezza-con-i-vostri-coetanei-siate-grati\/#primaryimage\"},\"thumbnailUrl\":\"https:\/\/progettotouring.it\/radiotouring104\/wp-content\/uploads\/sites\/6\/2023\/11\/i-walk-the-line-rosarno-1.jpeg\",\"keywords\":[\"\u2019istituto scolastico \u2018Piria\u2019 di Rosarno\",\"\\\"Contro il bullismo usate la gentilezza.\",\"avv. Alessandra Callea.\",\"dott.ssa Sofia Ciappina\",\"Francesca Chirico\",\"Onofrio Maccarone\",\"Paolo Cicci\u00f9\",\"prof.ssa Maria Rosaria Russo\",\"rosarno\",\"Walk the Line\"],\"articleSection\":[\"News\",\"Reggio Calabria\"],\"inLanguage\":\"it-IT\"},{\"@type\":\"WebPage\",\"@id\":\"https:\/\/progettotouring.it\/radiotouring104\/2023\/11\/15\/i-walk-the-line-torna-nella-piana-contro-il-bullismo-usate-la-gentilezza-con-i-vostri-coetanei-siate-grati\/\",\"url\":\"https:\/\/progettotouring.it\/radiotouring104\/2023\/11\/15\/i-walk-the-line-torna-nella-piana-contro-il-bullismo-usate-la-gentilezza-con-i-vostri-coetanei-siate-grati\/\",\"name\":\"\\\"Walk the Line\\\" nella Piana: \\\"Contro il bullismo usate la gentilezza\\\"\",\"isPartOf\":{\"@id\":\"https:\/\/progettotouring.it\/radiotouring104\/#website\"},\"primaryImageOfPage\":{\"@id\":\"https:\/\/progettotouring.it\/radiotouring104\/2023\/11\/15\/i-walk-the-line-torna-nella-piana-contro-il-bullismo-usate-la-gentilezza-con-i-vostri-coetanei-siate-grati\/#primaryimage\"},\"image\":{\"@id\":\"https:\/\/progettotouring.it\/radiotouring104\/2023\/11\/15\/i-walk-the-line-torna-nella-piana-contro-il-bullismo-usate-la-gentilezza-con-i-vostri-coetanei-siate-grati\/#primaryimage\"},\"thumbnailUrl\":\"https:\/\/progettotouring.it\/radiotouring104\/wp-content\/uploads\/sites\/6\/2023\/11\/i-walk-the-line-rosarno-1.jpeg\",\"datePublished\":\"2023-11-15T08:56:21+00:00\",\"dateModified\":\"2023-11-15T08:56:55+00:00\",\"description\":\"\u2018I Walk The Line\u2019 incontra gli studenti dell\u2019istituto scolastico \u2018Piria\u2019 di Rosarno, in occasione del secondo ciclo di incontri sul bullismo\",\"breadcrumb\":{\"@id\":\"https:\/\/progettotouring.it\/radiotouring104\/2023\/11\/15\/i-walk-the-line-torna-nella-piana-contro-il-bullismo-usate-la-gentilezza-con-i-vostri-coetanei-siate-grati\/#breadcrumb\"},\"inLanguage\":\"it-IT\",\"potentialAction\":[{\"@type\":\"ReadAction\",\"target\":[\"https:\/\/progettotouring.it\/radiotouring104\/2023\/11\/15\/i-walk-the-line-torna-nella-piana-contro-il-bullismo-usate-la-gentilezza-con-i-vostri-coetanei-siate-grati\/\"]}]},{\"@type\":\"ImageObject\",\"inLanguage\":\"it-IT\",\"@id\":\"https:\/\/progettotouring.it\/radiotouring104\/2023\/11\/15\/i-walk-the-line-torna-nella-piana-contro-il-bullismo-usate-la-gentilezza-con-i-vostri-coetanei-siate-grati\/#primaryimage\",\"url\":\"https:\/\/progettotouring.it\/radiotouring104\/wp-content\/uploads\/sites\/6\/2023\/11\/i-walk-the-line-rosarno-1.jpeg\",\"contentUrl\":\"https:\/\/progettotouring.it\/radiotouring104\/wp-content\/uploads\/sites\/6\/2023\/11\/i-walk-the-line-rosarno-1.jpeg\",\"width\":1600,\"height\":720},{\"@type\":\"BreadcrumbList\",\"@id\":\"https:\/\/progettotouring.it\/radiotouring104\/2023\/11\/15\/i-walk-the-line-torna-nella-piana-contro-il-bullismo-usate-la-gentilezza-con-i-vostri-coetanei-siate-grati\/#breadcrumb\",\"itemListElement\":[{\"@type\":\"ListItem\",\"position\":1,\"name\":\"Home\",\"item\":\"https:\/\/progettotouring.it\/radiotouring104\/\"},{\"@type\":\"ListItem\",\"position\":2,\"name\":\"I Walk the Line torna nella Piana: &#8220;Contro il bullismo usate la gentilezza. Con i vostri coetanei siate grati&#8221;\"}]},{\"@type\":\"WebSite\",\"@id\":\"https:\/\/progettotouring.it\/radiotouring104\/#website\",\"url\":\"https:\/\/progettotouring.it\/radiotouring104\/\",\"name\":\"Radio Touring 104\",\"description\":\"La prima radio Reggina\",\"publisher\":{\"@id\":\"https:\/\/progettotouring.it\/radiotouring104\/#organization\"},\"potentialAction\":[{\"@type\":\"SearchAction\",\"target\":{\"@type\":\"EntryPoint\",\"urlTemplate\":\"https:\/\/progettotouring.it\/radiotouring104\/?s={search_term_string}\"},\"query-input\":{\"@type\":\"PropertyValueSpecification\",\"valueRequired\":true,\"valueName\":\"search_term_string\"}}],\"inLanguage\":\"it-IT\"},{\"@type\":\"Organization\",\"@id\":\"https:\/\/progettotouring.it\/radiotouring104\/#organization\",\"name\":\"Radio Touring 104\",\"url\":\"https:\/\/progettotouring.it\/radiotouring104\/\",\"logo\":{\"@type\":\"ImageObject\",\"inLanguage\":\"it-IT\",\"@id\":\"https:\/\/progettotouring.it\/radiotouring104\/#\/schema\/logo\/image\/\",\"url\":\"https:\/\/progettotouring.it\/radiotouring104\/wp-content\/uploads\/sites\/6\/2022\/02\/cropped-logo-radio-touring-104.png\",\"contentUrl\":\"https:\/\/progettotouring.it\/radiotouring104\/wp-content\/uploads\/sites\/6\/2022\/02\/cropped-logo-radio-touring-104.png\",\"width\":377,\"height\":182,\"caption\":\"Radio Touring 104\"},\"image\":{\"@id\":\"https:\/\/progettotouring.it\/radiotouring104\/#\/schema\/logo\/image\/\"}},{\"@type\":\"Person\",\"@id\":\"https:\/\/progettotouring.it\/radiotouring104\/#\/schema\/person\/78613917f1851f041f7483f5af1d422e\",\"name\":\"Sebastiano Plutino\",\"image\":{\"@type\":\"ImageObject\",\"inLanguage\":\"it-IT\",\"@id\":\"https:\/\/secure.gravatar.com\/avatar\/0546ffaa9b79224faf9f2a156b67a529ae861d3287c66c1d8ccfdf909bcba78d?s=96&d=mm&r=g\",\"url\":\"https:\/\/secure.gravatar.com\/avatar\/0546ffaa9b79224faf9f2a156b67a529ae861d3287c66c1d8ccfdf909bcba78d?s=96&d=mm&r=g\",\"contentUrl\":\"https:\/\/secure.gravatar.com\/avatar\/0546ffaa9b79224faf9f2a156b67a529ae861d3287c66c1d8ccfdf909bcba78d?s=96&d=mm&r=g\",\"caption\":\"Sebastiano Plutino\"},\"url\":\"https:\/\/progettotouring.it\/radiotouring104\/author\/sebastiano\/\"}]}<\/script>\n<!-- \/ Yoast SEO plugin. -->","yoast_head_json":{"title":"\"Walk the Line\" nella Piana: \"Contro il bullismo usate la gentilezza\"","description":"\u2018I Walk The Line\u2019 incontra gli studenti dell\u2019istituto scolastico \u2018Piria\u2019 di Rosarno, in occasione del secondo ciclo di incontri sul bullismo","robots":{"index":"index","follow":"follow","max-snippet":"max-snippet:-1","max-image-preview":"max-image-preview:large","max-video-preview":"max-video-preview:-1"},"canonical":"https:\/\/progettotouring.it\/radiotouring104\/2023\/11\/15\/i-walk-the-line-torna-nella-piana-contro-il-bullismo-usate-la-gentilezza-con-i-vostri-coetanei-siate-grati\/","og_locale":"it_IT","og_type":"article","og_title":"\"Walk the Line\" nella Piana: \"Contro il bullismo usate la gentilezza\"","og_description":"\u2018I Walk The Line\u2019 incontra gli studenti dell\u2019istituto scolastico \u2018Piria\u2019 di Rosarno, in occasione del secondo ciclo di incontri sul bullismo","og_url":"https:\/\/progettotouring.it\/radiotouring104\/2023\/11\/15\/i-walk-the-line-torna-nella-piana-contro-il-bullismo-usate-la-gentilezza-con-i-vostri-coetanei-siate-grati\/","og_site_name":"Radio Touring 104","article_published_time":"2023-11-15T08:56:21+00:00","article_modified_time":"2023-11-15T08:56:55+00:00","og_image":[{"width":1600,"height":720,"url":"https:\/\/progettotouring.it\/radiotouring104\/wp-content\/uploads\/sites\/6\/2023\/11\/i-walk-the-line-rosarno-1.jpeg","type":"image\/jpeg"}],"author":"Sebastiano Plutino","twitter_card":"summary_large_image","twitter_misc":{"Scritto da":"Sebastiano Plutino","Tempo di lettura stimato":"3 minuti"},"schema":{"@context":"https:\/\/schema.org","@graph":[{"@type":"Article","@id":"https:\/\/progettotouring.it\/radiotouring104\/2023\/11\/15\/i-walk-the-line-torna-nella-piana-contro-il-bullismo-usate-la-gentilezza-con-i-vostri-coetanei-siate-grati\/#article","isPartOf":{"@id":"https:\/\/progettotouring.it\/radiotouring104\/2023\/11\/15\/i-walk-the-line-torna-nella-piana-contro-il-bullismo-usate-la-gentilezza-con-i-vostri-coetanei-siate-grati\/"},"author":{"name":"Sebastiano Plutino","@id":"https:\/\/progettotouring.it\/radiotouring104\/#\/schema\/person\/78613917f1851f041f7483f5af1d422e"},"headline":"I Walk the Line torna nella Piana: &#8220;Contro il bullismo usate la gentilezza. Con i vostri coetanei siate grati&#8221;","datePublished":"2023-11-15T08:56:21+00:00","dateModified":"2023-11-15T08:56:55+00:00","mainEntityOfPage":{"@id":"https:\/\/progettotouring.it\/radiotouring104\/2023\/11\/15\/i-walk-the-line-torna-nella-piana-contro-il-bullismo-usate-la-gentilezza-con-i-vostri-coetanei-siate-grati\/"},"wordCount":620,"publisher":{"@id":"https:\/\/progettotouring.it\/radiotouring104\/#organization"},"image":{"@id":"https:\/\/progettotouring.it\/radiotouring104\/2023\/11\/15\/i-walk-the-line-torna-nella-piana-contro-il-bullismo-usate-la-gentilezza-con-i-vostri-coetanei-siate-grati\/#primaryimage"},"thumbnailUrl":"https:\/\/progettotouring.it\/radiotouring104\/wp-content\/uploads\/sites\/6\/2023\/11\/i-walk-the-line-rosarno-1.jpeg","keywords":["\u2019istituto scolastico \u2018Piria\u2019 di Rosarno","\"Contro il bullismo usate la gentilezza.","avv. Alessandra Callea.","dott.ssa Sofia Ciappina","Francesca Chirico","Onofrio Maccarone","Paolo Cicci\u00f9","prof.ssa Maria Rosaria Russo","rosarno","Walk the Line"],"articleSection":["News","Reggio Calabria"],"inLanguage":"it-IT"},{"@type":"WebPage","@id":"https:\/\/progettotouring.it\/radiotouring104\/2023\/11\/15\/i-walk-the-line-torna-nella-piana-contro-il-bullismo-usate-la-gentilezza-con-i-vostri-coetanei-siate-grati\/","url":"https:\/\/progettotouring.it\/radiotouring104\/2023\/11\/15\/i-walk-the-line-torna-nella-piana-contro-il-bullismo-usate-la-gentilezza-con-i-vostri-coetanei-siate-grati\/","name":"\"Walk the Line\" nella Piana: \"Contro il bullismo usate la gentilezza\"","isPartOf":{"@id":"https:\/\/progettotouring.it\/radiotouring104\/#website"},"primaryImageOfPage":{"@id":"https:\/\/progettotouring.it\/radiotouring104\/2023\/11\/15\/i-walk-the-line-torna-nella-piana-contro-il-bullismo-usate-la-gentilezza-con-i-vostri-coetanei-siate-grati\/#primaryimage"},"image":{"@id":"https:\/\/progettotouring.it\/radiotouring104\/2023\/11\/15\/i-walk-the-line-torna-nella-piana-contro-il-bullismo-usate-la-gentilezza-con-i-vostri-coetanei-siate-grati\/#primaryimage"},"thumbnailUrl":"https:\/\/progettotouring.it\/radiotouring104\/wp-content\/uploads\/sites\/6\/2023\/11\/i-walk-the-line-rosarno-1.jpeg","datePublished":"2023-11-15T08:56:21+00:00","dateModified":"2023-11-15T08:56:55+00:00","description":"\u2018I Walk The Line\u2019 incontra gli studenti dell\u2019istituto scolastico \u2018Piria\u2019 di Rosarno, in occasione del secondo ciclo di incontri sul bullismo","breadcrumb":{"@id":"https:\/\/progettotouring.it\/radiotouring104\/2023\/11\/15\/i-walk-the-line-torna-nella-piana-contro-il-bullismo-usate-la-gentilezza-con-i-vostri-coetanei-siate-grati\/#breadcrumb"},"inLanguage":"it-IT","potentialAction":[{"@type":"ReadAction","target":["https:\/\/progettotouring.it\/radiotouring104\/2023\/11\/15\/i-walk-the-line-torna-nella-piana-contro-il-bullismo-usate-la-gentilezza-con-i-vostri-coetanei-siate-grati\/"]}]},{"@type":"ImageObject","inLanguage":"it-IT","@id":"https:\/\/progettotouring.it\/radiotouring104\/2023\/11\/15\/i-walk-the-line-torna-nella-piana-contro-il-bullismo-usate-la-gentilezza-con-i-vostri-coetanei-siate-grati\/#primaryimage","url":"https:\/\/progettotouring.it\/radiotouring104\/wp-content\/uploads\/sites\/6\/2023\/11\/i-walk-the-line-rosarno-1.jpeg","contentUrl":"https:\/\/progettotouring.it\/radiotouring104\/wp-content\/uploads\/sites\/6\/2023\/11\/i-walk-the-line-rosarno-1.jpeg","width":1600,"height":720},{"@type":"BreadcrumbList","@id":"https:\/\/progettotouring.it\/radiotouring104\/2023\/11\/15\/i-walk-the-line-torna-nella-piana-contro-il-bullismo-usate-la-gentilezza-con-i-vostri-coetanei-siate-grati\/#breadcrumb","itemListElement":[{"@type":"ListItem","position":1,"name":"Home","item":"https:\/\/progettotouring.it\/radiotouring104\/"},{"@type":"ListItem","position":2,"name":"I Walk the Line torna nella Piana: &#8220;Contro il bullismo usate la gentilezza. Con i vostri coetanei siate grati&#8221;"}]},{"@type":"WebSite","@id":"https:\/\/progettotouring.it\/radiotouring104\/#website","url":"https:\/\/progettotouring.it\/radiotouring104\/","name":"Radio Touring 104","description":"La prima radio Reggina","publisher":{"@id":"https:\/\/progettotouring.it\/radiotouring104\/#organization"},"potentialAction":[{"@type":"SearchAction","target":{"@type":"EntryPoint","urlTemplate":"https:\/\/progettotouring.it\/radiotouring104\/?s={search_term_string}"},"query-input":{"@type":"PropertyValueSpecification","valueRequired":true,"valueName":"search_term_string"}}],"inLanguage":"it-IT"},{"@type":"Organization","@id":"https:\/\/progettotouring.it\/radiotouring104\/#organization","name":"Radio Touring 104","url":"https:\/\/progettotouring.it\/radiotouring104\/","logo":{"@type":"ImageObject","inLanguage":"it-IT","@id":"https:\/\/progettotouring.it\/radiotouring104\/#\/schema\/logo\/image\/","url":"https:\/\/progettotouring.it\/radiotouring104\/wp-content\/uploads\/sites\/6\/2022\/02\/cropped-logo-radio-touring-104.png","contentUrl":"https:\/\/progettotouring.it\/radiotouring104\/wp-content\/uploads\/sites\/6\/2022\/02\/cropped-logo-radio-touring-104.png","width":377,"height":182,"caption":"Radio Touring 104"},"image":{"@id":"https:\/\/progettotouring.it\/radiotouring104\/#\/schema\/logo\/image\/"}},{"@type":"Person","@id":"https:\/\/progettotouring.it\/radiotouring104\/#\/schema\/person\/78613917f1851f041f7483f5af1d422e","name":"Sebastiano Plutino","image":{"@type":"ImageObject","inLanguage":"it-IT","@id":"https:\/\/secure.gravatar.com\/avatar\/0546ffaa9b79224faf9f2a156b67a529ae861d3287c66c1d8ccfdf909bcba78d?s=96&d=mm&r=g","url":"https:\/\/secure.gravatar.com\/avatar\/0546ffaa9b79224faf9f2a156b67a529ae861d3287c66c1d8ccfdf909bcba78d?s=96&d=mm&r=g","contentUrl":"https:\/\/secure.gravatar.com\/avatar\/0546ffaa9b79224faf9f2a156b67a529ae861d3287c66c1d8ccfdf909bcba78d?s=96&d=mm&r=g","caption":"Sebastiano Plutino"},"url":"https:\/\/progettotouring.it\/radiotouring104\/author\/sebastiano\/"}]}},"jetpack_publicize_connections":[],"jetpack_featured_media_url":"https:\/\/progettotouring.it\/radiotouring104\/wp-content\/uploads\/sites\/6\/2023\/11\/i-walk-the-line-rosarno-1.jpeg","jetpack_sharing_enabled":true,"_links":{"self":[{"href":"https:\/\/progettotouring.it\/radiotouring104\/wp-json\/wp\/v2\/posts\/38939","targetHints":{"allow":["GET"]}}],"collection":[{"href":"https:\/\/progettotouring.it\/radiotouring104\/wp-json\/wp\/v2\/posts"}],"about":[{"href":"https:\/\/progettotouring.it\/radiotouring104\/wp-json\/wp\/v2\/types\/post"}],"author":[{"embeddable":true,"href":"https:\/\/progettotouring.it\/radiotouring104\/wp-json\/wp\/v2\/users\/12"}],"replies":[{"embeddable":true,"href":"https:\/\/progettotouring.it\/radiotouring104\/wp-json\/wp\/v2\/comments?post=38939"}],"version-history":[{"count":2,"href":"https:\/\/progettotouring.it\/radiotouring104\/wp-json\/wp\/v2\/posts\/38939\/revisions"}],"predecessor-version":[{"id":38942,"href":"https:\/\/progettotouring.it\/radiotouring104\/wp-json\/wp\/v2\/posts\/38939\/revisions\/38942"}],"wp:featuredmedia":[{"embeddable":true,"href":"https:\/\/progettotouring.it\/radiotouring104\/wp-json\/wp\/v2\/media\/38940"}],"wp:attachment":[{"href":"https:\/\/progettotouring.it\/radiotouring104\/wp-json\/wp\/v2\/media?parent=38939"}],"wp:term":[{"taxonomy":"category","embeddable":true,"href":"https:\/\/progettotouring.it\/radiotouring104\/wp-json\/wp\/v2\/categories?post=38939"},{"taxonomy":"post_tag","embeddable":true,"href":"https:\/\/progettotouring.it\/radiotouring104\/wp-json\/wp\/v2\/tags?post=38939"}],"curies":[{"name":"wp","href":"https:\/\/api.w.org\/{rel}","templated":true}]}}