{"id":3960,"date":"2022-04-07T19:18:45","date_gmt":"2022-04-07T17:18:45","guid":{"rendered":"https:\/\/progettotouring.it\/radiotouring104\/?p=3960"},"modified":"2022-04-12T11:27:59","modified_gmt":"2022-04-12T09:27:59","slug":"marrc-e-universita-di-roma-tre-insieme-in-un-ciclo-di-incontri-sui-bronzi-di-riace","status":"publish","type":"post","link":"https:\/\/progettotouring.it\/radiotouring104\/2022\/04\/07\/marrc-e-universita-di-roma-tre-insieme-in-un-ciclo-di-incontri-sui-bronzi-di-riace\/","title":{"rendered":"MArRC e Universit\u00e0 di Roma Tre insieme in un ciclo di incontri sui Bronzi di Riace"},"content":{"rendered":"<p style=\"text-align: justify;\">Si parler\u00e0 de &#8220;I Bronzi di Riace tra restauro e metallurgia della grande statuaria in bronzo&#8221; nella conferenza tenuta dal professor Mario Micheli del Dipartimento di Studi Umanistici dell\u2019Universit\u00e0 di Roma Tre, domani pomeriggio dalle ore 17.00 alle 18.30.<\/p>\n<p style=\"text-align: justify;\">L\u2019incontro si svolger\u00e0 in modalit\u00e0 digitale sulla piattaforma Microsoft Teams (link di collegamento gi\u00e0 disponibile sulla pagina Facebook del Museo Archeologico Nazionale di Reggio Calabria).<\/p>\n<p style=\"text-align: justify;\">\u00ab\u00c8 il primo appuntamento del ciclo di incontri organizzato dall\u2019Ateneo romano in collaborazione con il Museo Archeologico Nazionale \u2013 commenta il Direttore Carmelo Malacrino \u2013 nell\u2019ambito delle celebrazioni per il Cinquantesimo anniversario della scoperta dei Bronzi di Riace. Il professor Micheli, docente di storia e tecnica di restauro nei corsi magistrali di Archeologia e di Storia dell\u2019Arte, ci condurr\u00e0 alla scoperta delle tecniche metallurgiche antiche che, proprio in occasione dei restauri effettuati sui Bronzi, si \u00e8 arricchita di nuovi elementi. Attraverso le parole di uno dei protagonisti degli interventi eseguiti dall\u2019Istituto Centrale per il Restauro e la visione di filmati d\u2019epoca, il pubblico sar\u00e0 condotto alla scoperta delle tecniche di creazione dei grandi capolavori dell\u2019arte greca. Sar\u00e0 un\u2019occasione straordinaria per continuare quel percorso di approfondimento e di offerta culturale al grande pubblico che rientra nella nostra mission. Un obiettivo &#8211; conclude Malacrino &#8211; al quale non intendiamo venire meno, nonostante la drammatica carenza di personale negli uffici e negli spazi espositivi, che ci ha visti costretti a sospendere le attivit\u00e0 in presenza per tutto il mese di aprile. Ringrazio\u00a0la professoressa Giuliana Calcani, componente del Consiglio di Amministrazione del MArRC per essersi fatta promotrice di questo ciclo di incontri altamente scientifici\u00bb.<\/p>\n<p style=\"text-align: justify;\">\u00abAlle celebrazioni per i Cinquant\u2019anni della scoperta dei Bronzi di Riace parteciperanno anche Universit\u00e0 ed enti culturali del centro e del nord d\u2019Italia: dall\u2019Universit\u00e0 degli Studi Roma Tre, agli Atenei di Padova e di Udine, al Museo Nazionale Etrusco di Villa Giulia, a dimostrazione dell\u2019interesse esteso ad ampio raggio sui due capolavori dell\u2019arte greca, esposti al MArRC \u2013 afferma Giuliana Calcani, dell\u2019Universit\u00e0 Roma Tre e membro del Comitato organizzativo delle celebrazioni.\u00a0 Avere la possibilit\u00e0 di riflettere su opere cos\u00ec complesse dal punto di vista tecnico, formale, attributivo, \u00e8 un\u2019occasione preziosa non solo per approfondire la conoscenza dell\u2019arte antica, ma anche per valutarne il potenziale di relazione che hanno con la societ\u00e0 attuale\u00bb.<\/p>\n<p style=\"text-align: justify;\">Per il professor Mario Micheli: \u00abIl recupero dei Bronzi nel mare di Riace il 16 agosto 1972 ha aperto una fase straordinaria di ricerca sulle procedure della fusione artistica greca. Era necessario avere due capolavori che potessero fare da cassa di risonanza per una tipologia numericamente poco attestata, rispetto alla statuaria in marmo, per concentrare risorse conoscitive a tutto campo anche sulla metallurgia antica\u00bb.<\/p>\n","protected":false},"excerpt":{"rendered":"<p>Si parler\u00e0 de &#8220;I Bronzi di Riace tra restauro e metallurgia della grande statuaria in bronzo&#8221; nella conferenza tenuta dal professor Mario Micheli del Dipartimento di Studi Umanistici dell\u2019Universit\u00e0 di&hellip;<\/p>\n","protected":false},"author":1,"featured_media":3961,"comment_status":"open","ping_status":"open","sticky":false,"template":"","format":"standard","meta":{"_jetpack_memberships_contains_paid_content":false,"footnotes":"","jetpack_publicize_message":"","jetpack_publicize_feature_enabled":true,"jetpack_social_post_already_shared":false,"jetpack_social_options":{"image_generator_settings":{"template":"highway","default_image_id":0,"font":"","enabled":false},"version":2}},"categories":[142,145,921,196,140],"tags":[853,388,271,856,236,855,854],"class_list":["post-3960","post","type-post","status-publish","format-standard","has-post-thumbnail","hentry","category-calabria","category-cultura","category-home","category-news","category-reggio-calabria","tag-bronzi","tag-bronzi-di-riace","tag-conferenza","tag-mario-micheli","tag-reggio-calabria","tag-roma-tre","tag-universita-roma-tre"],"yoast_head":"<!-- This site is optimized with the Yoast SEO plugin v27.2 - https:\/\/yoast.com\/product\/yoast-seo-wordpress\/ -->\n<title>MArRC e Universit\u00e0 di Roma Tre insieme in un ciclo di incontri sui Bronzi<\/title>\n<meta name=\"description\" content=\"Al via domani alle 17:00 gli incontri dedicati ai Bronzi con la conferenza del professor Mario Micheli, in modalit\u00e0 digitale\" \/>\n<meta name=\"robots\" content=\"index, follow, max-snippet:-1, max-image-preview:large, max-video-preview:-1\" \/>\n<link rel=\"canonical\" href=\"https:\/\/progettotouring.it\/radiotouring104\/2022\/04\/07\/marrc-e-universita-di-roma-tre-insieme-in-un-ciclo-di-incontri-sui-bronzi-di-riace\/\" \/>\n<meta property=\"og:locale\" content=\"it_IT\" \/>\n<meta property=\"og:type\" content=\"article\" \/>\n<meta property=\"og:title\" content=\"MArRC e Universit\u00e0 di Roma Tre insieme in un ciclo di incontri sui Bronzi\" \/>\n<meta property=\"og:description\" content=\"Al via domani alle 17:00 gli incontri dedicati ai Bronzi con la conferenza del professor Mario Micheli, in modalit\u00e0 digitale\" \/>\n<meta property=\"og:url\" content=\"https:\/\/progettotouring.it\/radiotouring104\/2022\/04\/07\/marrc-e-universita-di-roma-tre-insieme-in-un-ciclo-di-incontri-sui-bronzi-di-riace\/\" \/>\n<meta property=\"og:site_name\" content=\"Radio Touring 104\" \/>\n<meta property=\"article:published_time\" content=\"2022-04-07T17:18:45+00:00\" \/>\n<meta property=\"article:modified_time\" content=\"2022-04-12T09:27:59+00:00\" \/>\n<meta property=\"og:image\" content=\"https:\/\/progettotouring.it\/radiotouring104\/wp-content\/uploads\/sites\/6\/2022\/04\/bronzi-di-riace.jpg\" \/>\n\t<meta property=\"og:image:width\" content=\"1920\" \/>\n\t<meta property=\"og:image:height\" content=\"1080\" \/>\n\t<meta property=\"og:image:type\" content=\"image\/jpeg\" \/>\n<meta name=\"author\" content=\"Chiara Cucinotta\" \/>\n<meta name=\"twitter:card\" content=\"summary_large_image\" \/>\n<meta name=\"twitter:label1\" content=\"Scritto da\" \/>\n\t<meta name=\"twitter:data1\" content=\"Chiara Cucinotta\" \/>\n\t<meta name=\"twitter:label2\" content=\"Tempo di lettura stimato\" \/>\n\t<meta name=\"twitter:data2\" content=\"2 minuti\" \/>\n<script type=\"application\/ld+json\" class=\"yoast-schema-graph\">{\"@context\":\"https:\/\/schema.org\",\"@graph\":[{\"@type\":\"Article\",\"@id\":\"https:\/\/progettotouring.it\/radiotouring104\/2022\/04\/07\/marrc-e-universita-di-roma-tre-insieme-in-un-ciclo-di-incontri-sui-bronzi-di-riace\/#article\",\"isPartOf\":{\"@id\":\"https:\/\/progettotouring.it\/radiotouring104\/2022\/04\/07\/marrc-e-universita-di-roma-tre-insieme-in-un-ciclo-di-incontri-sui-bronzi-di-riace\/\"},\"author\":{\"name\":\"Chiara Cucinotta\",\"@id\":\"https:\/\/progettotouring.it\/radiotouring104\/#\/schema\/person\/f01f189b71df20dcfc0890eea7e67a0e\"},\"headline\":\"MArRC e Universit\u00e0 di Roma Tre insieme in un ciclo di incontri sui Bronzi di Riace\",\"datePublished\":\"2022-04-07T17:18:45+00:00\",\"dateModified\":\"2022-04-12T09:27:59+00:00\",\"mainEntityOfPage\":{\"@id\":\"https:\/\/progettotouring.it\/radiotouring104\/2022\/04\/07\/marrc-e-universita-di-roma-tre-insieme-in-un-ciclo-di-incontri-sui-bronzi-di-riace\/\"},\"wordCount\":464,\"commentCount\":0,\"publisher\":{\"@id\":\"https:\/\/progettotouring.it\/radiotouring104\/#organization\"},\"image\":{\"@id\":\"https:\/\/progettotouring.it\/radiotouring104\/2022\/04\/07\/marrc-e-universita-di-roma-tre-insieme-in-un-ciclo-di-incontri-sui-bronzi-di-riace\/#primaryimage\"},\"thumbnailUrl\":\"https:\/\/progettotouring.it\/radiotouring104\/wp-content\/uploads\/sites\/6\/2022\/04\/bronzi-di-riace.jpg\",\"keywords\":[\"bronzi\",\"Bronzi di Riace\",\"conferenza\",\"mario micheli\",\"reggio calabria\",\"roma tre\",\"universit\u00e0 roma tre\"],\"articleSection\":[\"Calabria\",\"Cultura\",\"Home\",\"News\",\"Reggio Calabria\"],\"inLanguage\":\"it-IT\",\"potentialAction\":[{\"@type\":\"CommentAction\",\"name\":\"Comment\",\"target\":[\"https:\/\/progettotouring.it\/radiotouring104\/2022\/04\/07\/marrc-e-universita-di-roma-tre-insieme-in-un-ciclo-di-incontri-sui-bronzi-di-riace\/#respond\"]}]},{\"@type\":\"WebPage\",\"@id\":\"https:\/\/progettotouring.it\/radiotouring104\/2022\/04\/07\/marrc-e-universita-di-roma-tre-insieme-in-un-ciclo-di-incontri-sui-bronzi-di-riace\/\",\"url\":\"https:\/\/progettotouring.it\/radiotouring104\/2022\/04\/07\/marrc-e-universita-di-roma-tre-insieme-in-un-ciclo-di-incontri-sui-bronzi-di-riace\/\",\"name\":\"MArRC e Universit\u00e0 di Roma Tre insieme in un ciclo di incontri sui Bronzi\",\"isPartOf\":{\"@id\":\"https:\/\/progettotouring.it\/radiotouring104\/#website\"},\"primaryImageOfPage\":{\"@id\":\"https:\/\/progettotouring.it\/radiotouring104\/2022\/04\/07\/marrc-e-universita-di-roma-tre-insieme-in-un-ciclo-di-incontri-sui-bronzi-di-riace\/#primaryimage\"},\"image\":{\"@id\":\"https:\/\/progettotouring.it\/radiotouring104\/2022\/04\/07\/marrc-e-universita-di-roma-tre-insieme-in-un-ciclo-di-incontri-sui-bronzi-di-riace\/#primaryimage\"},\"thumbnailUrl\":\"https:\/\/progettotouring.it\/radiotouring104\/wp-content\/uploads\/sites\/6\/2022\/04\/bronzi-di-riace.jpg\",\"datePublished\":\"2022-04-07T17:18:45+00:00\",\"dateModified\":\"2022-04-12T09:27:59+00:00\",\"description\":\"Al via domani alle 17:00 gli incontri dedicati ai Bronzi con la conferenza del professor Mario Micheli, in modalit\u00e0 digitale\",\"breadcrumb\":{\"@id\":\"https:\/\/progettotouring.it\/radiotouring104\/2022\/04\/07\/marrc-e-universita-di-roma-tre-insieme-in-un-ciclo-di-incontri-sui-bronzi-di-riace\/#breadcrumb\"},\"inLanguage\":\"it-IT\",\"potentialAction\":[{\"@type\":\"ReadAction\",\"target\":[\"https:\/\/progettotouring.it\/radiotouring104\/2022\/04\/07\/marrc-e-universita-di-roma-tre-insieme-in-un-ciclo-di-incontri-sui-bronzi-di-riace\/\"]}]},{\"@type\":\"ImageObject\",\"inLanguage\":\"it-IT\",\"@id\":\"https:\/\/progettotouring.it\/radiotouring104\/2022\/04\/07\/marrc-e-universita-di-roma-tre-insieme-in-un-ciclo-di-incontri-sui-bronzi-di-riace\/#primaryimage\",\"url\":\"https:\/\/progettotouring.it\/radiotouring104\/wp-content\/uploads\/sites\/6\/2022\/04\/bronzi-di-riace.jpg\",\"contentUrl\":\"https:\/\/progettotouring.it\/radiotouring104\/wp-content\/uploads\/sites\/6\/2022\/04\/bronzi-di-riace.jpg\",\"width\":1920,\"height\":1080},{\"@type\":\"BreadcrumbList\",\"@id\":\"https:\/\/progettotouring.it\/radiotouring104\/2022\/04\/07\/marrc-e-universita-di-roma-tre-insieme-in-un-ciclo-di-incontri-sui-bronzi-di-riace\/#breadcrumb\",\"itemListElement\":[{\"@type\":\"ListItem\",\"position\":1,\"name\":\"Home\",\"item\":\"https:\/\/progettotouring.it\/radiotouring104\/\"},{\"@type\":\"ListItem\",\"position\":2,\"name\":\"MArRC e Universit\u00e0 di Roma Tre insieme in un ciclo di incontri sui Bronzi di Riace\"}]},{\"@type\":\"WebSite\",\"@id\":\"https:\/\/progettotouring.it\/radiotouring104\/#website\",\"url\":\"https:\/\/progettotouring.it\/radiotouring104\/\",\"name\":\"Radio Touring 104\",\"description\":\"La prima radio Reggina\",\"publisher\":{\"@id\":\"https:\/\/progettotouring.it\/radiotouring104\/#organization\"},\"potentialAction\":[{\"@type\":\"SearchAction\",\"target\":{\"@type\":\"EntryPoint\",\"urlTemplate\":\"https:\/\/progettotouring.it\/radiotouring104\/?s={search_term_string}\"},\"query-input\":{\"@type\":\"PropertyValueSpecification\",\"valueRequired\":true,\"valueName\":\"search_term_string\"}}],\"inLanguage\":\"it-IT\"},{\"@type\":\"Organization\",\"@id\":\"https:\/\/progettotouring.it\/radiotouring104\/#organization\",\"name\":\"Radio Touring 104\",\"url\":\"https:\/\/progettotouring.it\/radiotouring104\/\",\"logo\":{\"@type\":\"ImageObject\",\"inLanguage\":\"it-IT\",\"@id\":\"https:\/\/progettotouring.it\/radiotouring104\/#\/schema\/logo\/image\/\",\"url\":\"https:\/\/progettotouring.it\/radiotouring104\/wp-content\/uploads\/sites\/6\/2022\/02\/cropped-logo-radio-touring-104.png\",\"contentUrl\":\"https:\/\/progettotouring.it\/radiotouring104\/wp-content\/uploads\/sites\/6\/2022\/02\/cropped-logo-radio-touring-104.png\",\"width\":377,\"height\":182,\"caption\":\"Radio Touring 104\"},\"image\":{\"@id\":\"https:\/\/progettotouring.it\/radiotouring104\/#\/schema\/logo\/image\/\"}},{\"@type\":\"Person\",\"@id\":\"https:\/\/progettotouring.it\/radiotouring104\/#\/schema\/person\/f01f189b71df20dcfc0890eea7e67a0e\",\"name\":\"Chiara Cucinotta\",\"image\":{\"@type\":\"ImageObject\",\"inLanguage\":\"it-IT\",\"@id\":\"https:\/\/secure.gravatar.com\/avatar\/efe17e5613fdef9b05741a23cd4ef4e9b1c39955d8fe11176cb1da3641c96104?s=96&d=mm&r=g\",\"url\":\"https:\/\/secure.gravatar.com\/avatar\/efe17e5613fdef9b05741a23cd4ef4e9b1c39955d8fe11176cb1da3641c96104?s=96&d=mm&r=g\",\"contentUrl\":\"https:\/\/secure.gravatar.com\/avatar\/efe17e5613fdef9b05741a23cd4ef4e9b1c39955d8fe11176cb1da3641c96104?s=96&d=mm&r=g\",\"caption\":\"Chiara Cucinotta\"},\"sameAs\":[\"https:\/\/progettotouring.it\"],\"url\":\"https:\/\/progettotouring.it\/radiotouring104\/author\/auranex\/\"}]}<\/script>\n<!-- \/ Yoast SEO plugin. -->","yoast_head_json":{"title":"MArRC e Universit\u00e0 di Roma Tre insieme in un ciclo di incontri sui Bronzi","description":"Al via domani alle 17:00 gli incontri dedicati ai Bronzi con la conferenza del professor Mario Micheli, in modalit\u00e0 digitale","robots":{"index":"index","follow":"follow","max-snippet":"max-snippet:-1","max-image-preview":"max-image-preview:large","max-video-preview":"max-video-preview:-1"},"canonical":"https:\/\/progettotouring.it\/radiotouring104\/2022\/04\/07\/marrc-e-universita-di-roma-tre-insieme-in-un-ciclo-di-incontri-sui-bronzi-di-riace\/","og_locale":"it_IT","og_type":"article","og_title":"MArRC e Universit\u00e0 di Roma Tre insieme in un ciclo di incontri sui Bronzi","og_description":"Al via domani alle 17:00 gli incontri dedicati ai Bronzi con la conferenza del professor Mario Micheli, in modalit\u00e0 digitale","og_url":"https:\/\/progettotouring.it\/radiotouring104\/2022\/04\/07\/marrc-e-universita-di-roma-tre-insieme-in-un-ciclo-di-incontri-sui-bronzi-di-riace\/","og_site_name":"Radio Touring 104","article_published_time":"2022-04-07T17:18:45+00:00","article_modified_time":"2022-04-12T09:27:59+00:00","og_image":[{"width":1920,"height":1080,"url":"https:\/\/progettotouring.it\/radiotouring104\/wp-content\/uploads\/sites\/6\/2022\/04\/bronzi-di-riace.jpg","type":"image\/jpeg"}],"author":"Chiara Cucinotta","twitter_card":"summary_large_image","twitter_misc":{"Scritto da":"Chiara Cucinotta","Tempo di lettura stimato":"2 minuti"},"schema":{"@context":"https:\/\/schema.org","@graph":[{"@type":"Article","@id":"https:\/\/progettotouring.it\/radiotouring104\/2022\/04\/07\/marrc-e-universita-di-roma-tre-insieme-in-un-ciclo-di-incontri-sui-bronzi-di-riace\/#article","isPartOf":{"@id":"https:\/\/progettotouring.it\/radiotouring104\/2022\/04\/07\/marrc-e-universita-di-roma-tre-insieme-in-un-ciclo-di-incontri-sui-bronzi-di-riace\/"},"author":{"name":"Chiara Cucinotta","@id":"https:\/\/progettotouring.it\/radiotouring104\/#\/schema\/person\/f01f189b71df20dcfc0890eea7e67a0e"},"headline":"MArRC e Universit\u00e0 di Roma Tre insieme in un ciclo di incontri sui Bronzi di Riace","datePublished":"2022-04-07T17:18:45+00:00","dateModified":"2022-04-12T09:27:59+00:00","mainEntityOfPage":{"@id":"https:\/\/progettotouring.it\/radiotouring104\/2022\/04\/07\/marrc-e-universita-di-roma-tre-insieme-in-un-ciclo-di-incontri-sui-bronzi-di-riace\/"},"wordCount":464,"commentCount":0,"publisher":{"@id":"https:\/\/progettotouring.it\/radiotouring104\/#organization"},"image":{"@id":"https:\/\/progettotouring.it\/radiotouring104\/2022\/04\/07\/marrc-e-universita-di-roma-tre-insieme-in-un-ciclo-di-incontri-sui-bronzi-di-riace\/#primaryimage"},"thumbnailUrl":"https:\/\/progettotouring.it\/radiotouring104\/wp-content\/uploads\/sites\/6\/2022\/04\/bronzi-di-riace.jpg","keywords":["bronzi","Bronzi di Riace","conferenza","mario micheli","reggio calabria","roma tre","universit\u00e0 roma tre"],"articleSection":["Calabria","Cultura","Home","News","Reggio Calabria"],"inLanguage":"it-IT","potentialAction":[{"@type":"CommentAction","name":"Comment","target":["https:\/\/progettotouring.it\/radiotouring104\/2022\/04\/07\/marrc-e-universita-di-roma-tre-insieme-in-un-ciclo-di-incontri-sui-bronzi-di-riace\/#respond"]}]},{"@type":"WebPage","@id":"https:\/\/progettotouring.it\/radiotouring104\/2022\/04\/07\/marrc-e-universita-di-roma-tre-insieme-in-un-ciclo-di-incontri-sui-bronzi-di-riace\/","url":"https:\/\/progettotouring.it\/radiotouring104\/2022\/04\/07\/marrc-e-universita-di-roma-tre-insieme-in-un-ciclo-di-incontri-sui-bronzi-di-riace\/","name":"MArRC e Universit\u00e0 di Roma Tre insieme in un ciclo di incontri sui Bronzi","isPartOf":{"@id":"https:\/\/progettotouring.it\/radiotouring104\/#website"},"primaryImageOfPage":{"@id":"https:\/\/progettotouring.it\/radiotouring104\/2022\/04\/07\/marrc-e-universita-di-roma-tre-insieme-in-un-ciclo-di-incontri-sui-bronzi-di-riace\/#primaryimage"},"image":{"@id":"https:\/\/progettotouring.it\/radiotouring104\/2022\/04\/07\/marrc-e-universita-di-roma-tre-insieme-in-un-ciclo-di-incontri-sui-bronzi-di-riace\/#primaryimage"},"thumbnailUrl":"https:\/\/progettotouring.it\/radiotouring104\/wp-content\/uploads\/sites\/6\/2022\/04\/bronzi-di-riace.jpg","datePublished":"2022-04-07T17:18:45+00:00","dateModified":"2022-04-12T09:27:59+00:00","description":"Al via domani alle 17:00 gli incontri dedicati ai Bronzi con la conferenza del professor Mario Micheli, in modalit\u00e0 digitale","breadcrumb":{"@id":"https:\/\/progettotouring.it\/radiotouring104\/2022\/04\/07\/marrc-e-universita-di-roma-tre-insieme-in-un-ciclo-di-incontri-sui-bronzi-di-riace\/#breadcrumb"},"inLanguage":"it-IT","potentialAction":[{"@type":"ReadAction","target":["https:\/\/progettotouring.it\/radiotouring104\/2022\/04\/07\/marrc-e-universita-di-roma-tre-insieme-in-un-ciclo-di-incontri-sui-bronzi-di-riace\/"]}]},{"@type":"ImageObject","inLanguage":"it-IT","@id":"https:\/\/progettotouring.it\/radiotouring104\/2022\/04\/07\/marrc-e-universita-di-roma-tre-insieme-in-un-ciclo-di-incontri-sui-bronzi-di-riace\/#primaryimage","url":"https:\/\/progettotouring.it\/radiotouring104\/wp-content\/uploads\/sites\/6\/2022\/04\/bronzi-di-riace.jpg","contentUrl":"https:\/\/progettotouring.it\/radiotouring104\/wp-content\/uploads\/sites\/6\/2022\/04\/bronzi-di-riace.jpg","width":1920,"height":1080},{"@type":"BreadcrumbList","@id":"https:\/\/progettotouring.it\/radiotouring104\/2022\/04\/07\/marrc-e-universita-di-roma-tre-insieme-in-un-ciclo-di-incontri-sui-bronzi-di-riace\/#breadcrumb","itemListElement":[{"@type":"ListItem","position":1,"name":"Home","item":"https:\/\/progettotouring.it\/radiotouring104\/"},{"@type":"ListItem","position":2,"name":"MArRC e Universit\u00e0 di Roma Tre insieme in un ciclo di incontri sui Bronzi di Riace"}]},{"@type":"WebSite","@id":"https:\/\/progettotouring.it\/radiotouring104\/#website","url":"https:\/\/progettotouring.it\/radiotouring104\/","name":"Radio Touring 104","description":"La prima radio Reggina","publisher":{"@id":"https:\/\/progettotouring.it\/radiotouring104\/#organization"},"potentialAction":[{"@type":"SearchAction","target":{"@type":"EntryPoint","urlTemplate":"https:\/\/progettotouring.it\/radiotouring104\/?s={search_term_string}"},"query-input":{"@type":"PropertyValueSpecification","valueRequired":true,"valueName":"search_term_string"}}],"inLanguage":"it-IT"},{"@type":"Organization","@id":"https:\/\/progettotouring.it\/radiotouring104\/#organization","name":"Radio Touring 104","url":"https:\/\/progettotouring.it\/radiotouring104\/","logo":{"@type":"ImageObject","inLanguage":"it-IT","@id":"https:\/\/progettotouring.it\/radiotouring104\/#\/schema\/logo\/image\/","url":"https:\/\/progettotouring.it\/radiotouring104\/wp-content\/uploads\/sites\/6\/2022\/02\/cropped-logo-radio-touring-104.png","contentUrl":"https:\/\/progettotouring.it\/radiotouring104\/wp-content\/uploads\/sites\/6\/2022\/02\/cropped-logo-radio-touring-104.png","width":377,"height":182,"caption":"Radio Touring 104"},"image":{"@id":"https:\/\/progettotouring.it\/radiotouring104\/#\/schema\/logo\/image\/"}},{"@type":"Person","@id":"https:\/\/progettotouring.it\/radiotouring104\/#\/schema\/person\/f01f189b71df20dcfc0890eea7e67a0e","name":"Chiara Cucinotta","image":{"@type":"ImageObject","inLanguage":"it-IT","@id":"https:\/\/secure.gravatar.com\/avatar\/efe17e5613fdef9b05741a23cd4ef4e9b1c39955d8fe11176cb1da3641c96104?s=96&d=mm&r=g","url":"https:\/\/secure.gravatar.com\/avatar\/efe17e5613fdef9b05741a23cd4ef4e9b1c39955d8fe11176cb1da3641c96104?s=96&d=mm&r=g","contentUrl":"https:\/\/secure.gravatar.com\/avatar\/efe17e5613fdef9b05741a23cd4ef4e9b1c39955d8fe11176cb1da3641c96104?s=96&d=mm&r=g","caption":"Chiara Cucinotta"},"sameAs":["https:\/\/progettotouring.it"],"url":"https:\/\/progettotouring.it\/radiotouring104\/author\/auranex\/"}]}},"jetpack_publicize_connections":[],"jetpack_featured_media_url":"https:\/\/progettotouring.it\/radiotouring104\/wp-content\/uploads\/sites\/6\/2022\/04\/bronzi-di-riace.jpg","jetpack_sharing_enabled":true,"_links":{"self":[{"href":"https:\/\/progettotouring.it\/radiotouring104\/wp-json\/wp\/v2\/posts\/3960","targetHints":{"allow":["GET"]}}],"collection":[{"href":"https:\/\/progettotouring.it\/radiotouring104\/wp-json\/wp\/v2\/posts"}],"about":[{"href":"https:\/\/progettotouring.it\/radiotouring104\/wp-json\/wp\/v2\/types\/post"}],"author":[{"embeddable":true,"href":"https:\/\/progettotouring.it\/radiotouring104\/wp-json\/wp\/v2\/users\/1"}],"replies":[{"embeddable":true,"href":"https:\/\/progettotouring.it\/radiotouring104\/wp-json\/wp\/v2\/comments?post=3960"}],"version-history":[{"count":1,"href":"https:\/\/progettotouring.it\/radiotouring104\/wp-json\/wp\/v2\/posts\/3960\/revisions"}],"predecessor-version":[{"id":3962,"href":"https:\/\/progettotouring.it\/radiotouring104\/wp-json\/wp\/v2\/posts\/3960\/revisions\/3962"}],"wp:featuredmedia":[{"embeddable":true,"href":"https:\/\/progettotouring.it\/radiotouring104\/wp-json\/wp\/v2\/media\/3961"}],"wp:attachment":[{"href":"https:\/\/progettotouring.it\/radiotouring104\/wp-json\/wp\/v2\/media?parent=3960"}],"wp:term":[{"taxonomy":"category","embeddable":true,"href":"https:\/\/progettotouring.it\/radiotouring104\/wp-json\/wp\/v2\/categories?post=3960"},{"taxonomy":"post_tag","embeddable":true,"href":"https:\/\/progettotouring.it\/radiotouring104\/wp-json\/wp\/v2\/tags?post=3960"}],"curies":[{"name":"wp","href":"https:\/\/api.w.org\/{rel}","templated":true}]}}