{"id":3982,"date":"2022-04-08T20:29:16","date_gmt":"2022-04-08T18:29:16","guid":{"rendered":"https:\/\/progettotouring.it\/radiotouring104\/?p=3982"},"modified":"2022-04-08T20:42:01","modified_gmt":"2022-04-08T18:42:01","slug":"collisioni-bianca-atzei-su-radio-touring-104-oggi-e-il-mio-giorno-sono-molto-soddisfatta","status":"publish","type":"post","link":"https:\/\/progettotouring.it\/radiotouring104\/2022\/04\/08\/collisioni-bianca-atzei-su-radio-touring-104-oggi-e-il-mio-giorno-sono-molto-soddisfatta\/","title":{"rendered":"&#8220;Collisioni&#8221;, Bianca Atzei su Radio Touring 104: &#8220;Oggi \u00e8 il mio giorno, sono molto soddisfatta&#8221;"},"content":{"rendered":"<p style=\"text-align: justify;\">Casa Lopresti ha aperto le sue porte, questo pomeriggio, a un&#8217;altra celebre artista del panorama musicale: la bella e dolcissima Bianca Atzei, che ha presentato, proprio nel giorno d&#8217;uscita, il suo nuovo singolo &#8220;Collisioni&#8221;: un brano molto intimo che racconta di un amore appena nato ma gi\u00e0 destinato a finire.<\/p>\n<p style=\"text-align: justify;\">Il singolo \u00e8 preludio dell&#8217;album &#8220;Veronica&#8221;, la cui uscita \u00e8 prevista per il prossimo 29 aprile. Bianca Atzei, durante l&#8217;intervista, si \u00e8 detta molto felice del lavoro svolto:\u00a0&#8220;<em>Oggi \u00e8 il mio giorno si pu\u00f2 dire, sono molto soddisfatta di questa uscita<\/em>&#8220;, nonch\u00e9 del team che ha realizzato il brano:\u00a0&#8220;<em>Ci sono quattro autori per il brano (<\/em>Diego Calvetti, Fabio Dal\u00e8, Carlo Frigerio e Walter Ferrari, ndr<em>). \u00a0Sono tanti, ma evidentemente era un brano che richiedeva il lavoro di tante persone. Io per il disco ho scritto tanti pezzi, ma questo brano me l&#8217;hanno fatto sentire gi\u00e0 finito e non voluto cambiare una virgola, l&#8217;ho subito sentito mio<\/em>&#8220;.<\/p>\n<p style=\"text-align: justify;\">Bianca Atzei \u00e8 diventata famosa grazie alla sua voce potente e dal timbro inconfondibile, ma ha partecipato anche a diverse trasmissioni e talent televisivi: &#8220;<em>Ho fatto tante cose, ricevuto tante soddisfazioni e gratificazioni. Ho fatto due Sanremo, ma anche delle esperienze televisive importanti come Tale e Quale, L&#8217;Isola dei famosi&#8230;<\/em>&#8220;. Indimenticate le sue imitazioni di cantanti altrettanto grandiose come ad esempio Noemi o Amy Winehouse.<br \/>\nA tal proposito, la cantante spiega come &#8220;Veronica&#8221; sia un album che rispecchia appieno questa sua poliedricit\u00e0: &#8220;<em>A me piace spaziare, sperimentare, mettermi in gioco&#8230; Sono proprio fatta cos\u00ec, mi piace. Come in questo album: sentirete che prevale la canzone, non esiste un genere musicale. Ci sono tanti artisti che hanno collaborato e sono voci e generi che si intrecciano, e questa cosa mi fa impazzire, mi piace tantissimo<\/em>&#8220;.<\/p>\n<p style=\"text-align: justify;\">L&#8217;album \u00e8 stato annunciato come una raccolta di duetti dall&#8217;animo molto intimo, a rispecchiare la natura di Bianca, da cui prende il (vero) nome: appunto, &#8220;Veronica&#8221;.\u00a0In particolare, due artisti molto importanti saranno presenti con la propria voce all&#8217;interno del disco: &#8220;<em>Nel nuovo album ci sono diverse collaborazioni importanti. Per citarne un paio, una \u00e8 un ritorno molto bello e importante: quello con J-Ax; un&#8217;altra voce importante \u00e8 quella di Arisa che mi ha emozionata immediatamente, \u00e8 qualcosa di magico&#8221;<\/em>. Vale la pena ricordare che la collaborazione con J-Ax arriva a qualche anno di distanza dal brano &#8220;<em>Intro<\/em>&#8220;, in cui era proprio la Atzei a prestare la propria voce ad Ax, come tassello finale di un brano che ha saputo lasciare il segno.<br \/>\nGrande intesa, inoltre, sembra essersi instaurata con il cantante Virginio, vincitore nel 2011 della X edizione del talent &#8220;Amici di Maria De Filippi&#8221;, suo featuring per il singolo &#8220;Collisioni&#8221;. Dice Bianca:\u00a0&#8220;<em>Virginio \u00e8 veramente bravo, una persona stupenda, mi diverto un sacco con lui ogni volta che ci vediamo, c&#8217;\u00e8 veramente tanta complicit\u00e0 tra di noi, affinit\u00e0<\/em>&#8220;.<\/p>\n<p style=\"text-align: justify;\">E sempre in tema di collaborazioni, Bianca Atzei ha presentato alcuni suoi compagni di viaggio che la accompagneranno nel prossimo tour: &#8220;<em>Insieme a me nel Tour, ci saranno due ragazze molto brave: Camilla e Diletta, con cui abbiamo fatto delle prove ad Arezzo in questi giorni, e poi c&#8217;\u00e8 il mio bassista che si chiama Ronny Aglietti: il mio braccio destro, un pilastro importante. Faremo un po&#8217; di casino in giro<\/em>&#8220;. Ancora, per\u00f2, nessuno sbilanciamento per quanto riguarda date e location: &#8220;<em>Nei prossimi giorni usciranno delle date, adesso mi sto concentrando pi\u00f9 sull&#8217;album, sul singolo, per\u00f2 non vedo l&#8217;ora di tornare al live, perch\u00e9 manca tantissimo. Il palco \u00e8 la cosa che pi\u00f9 mi rende felice in assoluto: cantare e stare in contatto con le persone<\/em>&#8220;.<br \/>\nE in effetti \u00e8 proprio cos\u00ec: Bianca Atzei fa sicuramente parte di quella ristretta cerchia di artisti pi\u00f9 presenti e vicini al proprio pubblico. Non manca di interagire con i fan attraverso commenti, messaggi, e tutti gli strumenti che i social mettono a disposizione per abbattere le distanze nel mondo digitale. Lei stessa ammette: &#8220;<em>Io durante la giornata dedico veramente tanto tempo ai social, mi piace proprio stare vicino alle persone che mi seguono&#8221;<\/em>.<\/p>\n","protected":false},"excerpt":{"rendered":"<p>Casa Lopresti ha aperto le sue porte, questo pomeriggio, a un&#8217;altra celebre artista del panorama musicale: la bella e dolcissima Bianca Atzei, che ha presentato, proprio nel giorno d&#8217;uscita, il&hellip;<\/p>\n","protected":false},"author":1,"featured_media":3983,"comment_status":"open","ping_status":"open","sticky":false,"template":"","format":"standard","meta":{"_jetpack_memberships_contains_paid_content":false,"footnotes":"","jetpack_publicize_message":"","jetpack_publicize_feature_enabled":true,"jetpack_social_post_already_shared":false,"jetpack_social_options":{"image_generator_settings":{"template":"highway","default_image_id":0,"font":"","enabled":false},"version":2}},"categories":[150,149,146,196],"tags":[884,887,890,603,888,889,886,885],"class_list":["post-3982","post","type-post","status-publish","format-standard","has-post-thumbnail","hentry","category-in-primo-piano","category-interviste","category-musica","category-news","tag-bianca-atzei","tag-collisioni","tag-concerto","tag-intervista","tag-ronny-aglietti","tag-tour","tag-veronica","tag-virginio"],"yoast_head":"<!-- This site is optimized with the Yoast SEO plugin v27.2 - https:\/\/yoast.com\/product\/yoast-seo-wordpress\/ -->\n<title>&quot;Collisioni&quot;, Bianca Atzei su Radio Touring 104: &quot;Oggi \u00e8 il mio giorno&quot;<\/title>\n<meta name=\"description\" content=\"Il brano anticipa il prossimo album di Bianca Atzei &quot;Veronica&quot; in uscita il 29 aprile: sar\u00e0 un album di duetti, coinvolti anche J-Ax e Arisa\" \/>\n<meta name=\"robots\" content=\"index, follow, max-snippet:-1, max-image-preview:large, max-video-preview:-1\" \/>\n<link rel=\"canonical\" href=\"https:\/\/progettotouring.it\/radiotouring104\/2022\/04\/08\/collisioni-bianca-atzei-su-radio-touring-104-oggi-e-il-mio-giorno-sono-molto-soddisfatta\/\" \/>\n<meta property=\"og:locale\" content=\"it_IT\" \/>\n<meta property=\"og:type\" content=\"article\" \/>\n<meta property=\"og:title\" content=\"&quot;Collisioni&quot;, Bianca Atzei su Radio Touring 104: &quot;Oggi \u00e8 il mio giorno&quot;\" \/>\n<meta property=\"og:description\" content=\"Il brano anticipa il prossimo album di Bianca Atzei &quot;Veronica&quot; in uscita il 29 aprile: sar\u00e0 un album di duetti, coinvolti anche J-Ax e Arisa\" \/>\n<meta property=\"og:url\" content=\"https:\/\/progettotouring.it\/radiotouring104\/2022\/04\/08\/collisioni-bianca-atzei-su-radio-touring-104-oggi-e-il-mio-giorno-sono-molto-soddisfatta\/\" \/>\n<meta property=\"og:site_name\" content=\"Radio Touring 104\" \/>\n<meta property=\"article:published_time\" content=\"2022-04-08T18:29:16+00:00\" \/>\n<meta property=\"article:modified_time\" content=\"2022-04-08T18:42:01+00:00\" \/>\n<meta property=\"og:image\" content=\"https:\/\/progettotouring.it\/radiotouring104\/wp-content\/uploads\/sites\/6\/2022\/04\/Bianca-Atzei-collisioni.png\" \/>\n\t<meta property=\"og:image:width\" content=\"797\" \/>\n\t<meta property=\"og:image:height\" content=\"380\" \/>\n\t<meta property=\"og:image:type\" content=\"image\/png\" \/>\n<meta name=\"author\" content=\"Chiara Cucinotta\" \/>\n<meta name=\"twitter:card\" content=\"summary_large_image\" \/>\n<meta name=\"twitter:label1\" content=\"Scritto da\" \/>\n\t<meta name=\"twitter:data1\" content=\"Chiara Cucinotta\" \/>\n\t<meta name=\"twitter:label2\" content=\"Tempo di lettura stimato\" \/>\n\t<meta name=\"twitter:data2\" content=\"4 minuti\" \/>\n<script type=\"application\/ld+json\" class=\"yoast-schema-graph\">{\"@context\":\"https:\/\/schema.org\",\"@graph\":[{\"@type\":\"Article\",\"@id\":\"https:\/\/progettotouring.it\/radiotouring104\/2022\/04\/08\/collisioni-bianca-atzei-su-radio-touring-104-oggi-e-il-mio-giorno-sono-molto-soddisfatta\/#article\",\"isPartOf\":{\"@id\":\"https:\/\/progettotouring.it\/radiotouring104\/2022\/04\/08\/collisioni-bianca-atzei-su-radio-touring-104-oggi-e-il-mio-giorno-sono-molto-soddisfatta\/\"},\"author\":{\"name\":\"Chiara Cucinotta\",\"@id\":\"https:\/\/progettotouring.it\/radiotouring104\/#\/schema\/person\/f01f189b71df20dcfc0890eea7e67a0e\"},\"headline\":\"&#8220;Collisioni&#8221;, Bianca Atzei su Radio Touring 104: &#8220;Oggi \u00e8 il mio giorno, sono molto soddisfatta&#8221;\",\"datePublished\":\"2022-04-08T18:29:16+00:00\",\"dateModified\":\"2022-04-08T18:42:01+00:00\",\"mainEntityOfPage\":{\"@id\":\"https:\/\/progettotouring.it\/radiotouring104\/2022\/04\/08\/collisioni-bianca-atzei-su-radio-touring-104-oggi-e-il-mio-giorno-sono-molto-soddisfatta\/\"},\"wordCount\":671,\"commentCount\":0,\"publisher\":{\"@id\":\"https:\/\/progettotouring.it\/radiotouring104\/#organization\"},\"image\":{\"@id\":\"https:\/\/progettotouring.it\/radiotouring104\/2022\/04\/08\/collisioni-bianca-atzei-su-radio-touring-104-oggi-e-il-mio-giorno-sono-molto-soddisfatta\/#primaryimage\"},\"thumbnailUrl\":\"https:\/\/progettotouring.it\/radiotouring104\/wp-content\/uploads\/sites\/6\/2022\/04\/Bianca-Atzei-collisioni.png\",\"keywords\":[\"Bianca Atzei\",\"Collisioni\",\"concerto\",\"intervista\",\"Ronny Aglietti\",\"tour\",\"Veronica\",\"Virginio\"],\"articleSection\":[\"In primo piano\",\"Interviste\",\"Musica\",\"News\"],\"inLanguage\":\"it-IT\",\"potentialAction\":[{\"@type\":\"CommentAction\",\"name\":\"Comment\",\"target\":[\"https:\/\/progettotouring.it\/radiotouring104\/2022\/04\/08\/collisioni-bianca-atzei-su-radio-touring-104-oggi-e-il-mio-giorno-sono-molto-soddisfatta\/#respond\"]}]},{\"@type\":\"WebPage\",\"@id\":\"https:\/\/progettotouring.it\/radiotouring104\/2022\/04\/08\/collisioni-bianca-atzei-su-radio-touring-104-oggi-e-il-mio-giorno-sono-molto-soddisfatta\/\",\"url\":\"https:\/\/progettotouring.it\/radiotouring104\/2022\/04\/08\/collisioni-bianca-atzei-su-radio-touring-104-oggi-e-il-mio-giorno-sono-molto-soddisfatta\/\",\"name\":\"\\\"Collisioni\\\", Bianca Atzei su Radio Touring 104: \\\"Oggi \u00e8 il mio giorno\\\"\",\"isPartOf\":{\"@id\":\"https:\/\/progettotouring.it\/radiotouring104\/#website\"},\"primaryImageOfPage\":{\"@id\":\"https:\/\/progettotouring.it\/radiotouring104\/2022\/04\/08\/collisioni-bianca-atzei-su-radio-touring-104-oggi-e-il-mio-giorno-sono-molto-soddisfatta\/#primaryimage\"},\"image\":{\"@id\":\"https:\/\/progettotouring.it\/radiotouring104\/2022\/04\/08\/collisioni-bianca-atzei-su-radio-touring-104-oggi-e-il-mio-giorno-sono-molto-soddisfatta\/#primaryimage\"},\"thumbnailUrl\":\"https:\/\/progettotouring.it\/radiotouring104\/wp-content\/uploads\/sites\/6\/2022\/04\/Bianca-Atzei-collisioni.png\",\"datePublished\":\"2022-04-08T18:29:16+00:00\",\"dateModified\":\"2022-04-08T18:42:01+00:00\",\"description\":\"Il brano anticipa il prossimo album di Bianca Atzei \\\"Veronica\\\" in uscita il 29 aprile: sar\u00e0 un album di duetti, coinvolti anche J-Ax e Arisa\",\"breadcrumb\":{\"@id\":\"https:\/\/progettotouring.it\/radiotouring104\/2022\/04\/08\/collisioni-bianca-atzei-su-radio-touring-104-oggi-e-il-mio-giorno-sono-molto-soddisfatta\/#breadcrumb\"},\"inLanguage\":\"it-IT\",\"potentialAction\":[{\"@type\":\"ReadAction\",\"target\":[\"https:\/\/progettotouring.it\/radiotouring104\/2022\/04\/08\/collisioni-bianca-atzei-su-radio-touring-104-oggi-e-il-mio-giorno-sono-molto-soddisfatta\/\"]}]},{\"@type\":\"ImageObject\",\"inLanguage\":\"it-IT\",\"@id\":\"https:\/\/progettotouring.it\/radiotouring104\/2022\/04\/08\/collisioni-bianca-atzei-su-radio-touring-104-oggi-e-il-mio-giorno-sono-molto-soddisfatta\/#primaryimage\",\"url\":\"https:\/\/progettotouring.it\/radiotouring104\/wp-content\/uploads\/sites\/6\/2022\/04\/Bianca-Atzei-collisioni.png\",\"contentUrl\":\"https:\/\/progettotouring.it\/radiotouring104\/wp-content\/uploads\/sites\/6\/2022\/04\/Bianca-Atzei-collisioni.png\",\"width\":797,\"height\":380,\"caption\":\"Bianca Atzei collisioni\"},{\"@type\":\"BreadcrumbList\",\"@id\":\"https:\/\/progettotouring.it\/radiotouring104\/2022\/04\/08\/collisioni-bianca-atzei-su-radio-touring-104-oggi-e-il-mio-giorno-sono-molto-soddisfatta\/#breadcrumb\",\"itemListElement\":[{\"@type\":\"ListItem\",\"position\":1,\"name\":\"Home\",\"item\":\"https:\/\/progettotouring.it\/radiotouring104\/\"},{\"@type\":\"ListItem\",\"position\":2,\"name\":\"&#8220;Collisioni&#8221;, Bianca Atzei su Radio Touring 104: &#8220;Oggi \u00e8 il mio giorno, sono molto soddisfatta&#8221;\"}]},{\"@type\":\"WebSite\",\"@id\":\"https:\/\/progettotouring.it\/radiotouring104\/#website\",\"url\":\"https:\/\/progettotouring.it\/radiotouring104\/\",\"name\":\"Radio Touring 104\",\"description\":\"La prima radio Reggina\",\"publisher\":{\"@id\":\"https:\/\/progettotouring.it\/radiotouring104\/#organization\"},\"potentialAction\":[{\"@type\":\"SearchAction\",\"target\":{\"@type\":\"EntryPoint\",\"urlTemplate\":\"https:\/\/progettotouring.it\/radiotouring104\/?s={search_term_string}\"},\"query-input\":{\"@type\":\"PropertyValueSpecification\",\"valueRequired\":true,\"valueName\":\"search_term_string\"}}],\"inLanguage\":\"it-IT\"},{\"@type\":\"Organization\",\"@id\":\"https:\/\/progettotouring.it\/radiotouring104\/#organization\",\"name\":\"Radio Touring 104\",\"url\":\"https:\/\/progettotouring.it\/radiotouring104\/\",\"logo\":{\"@type\":\"ImageObject\",\"inLanguage\":\"it-IT\",\"@id\":\"https:\/\/progettotouring.it\/radiotouring104\/#\/schema\/logo\/image\/\",\"url\":\"https:\/\/progettotouring.it\/radiotouring104\/wp-content\/uploads\/sites\/6\/2022\/02\/cropped-logo-radio-touring-104.png\",\"contentUrl\":\"https:\/\/progettotouring.it\/radiotouring104\/wp-content\/uploads\/sites\/6\/2022\/02\/cropped-logo-radio-touring-104.png\",\"width\":377,\"height\":182,\"caption\":\"Radio Touring 104\"},\"image\":{\"@id\":\"https:\/\/progettotouring.it\/radiotouring104\/#\/schema\/logo\/image\/\"}},{\"@type\":\"Person\",\"@id\":\"https:\/\/progettotouring.it\/radiotouring104\/#\/schema\/person\/f01f189b71df20dcfc0890eea7e67a0e\",\"name\":\"Chiara Cucinotta\",\"image\":{\"@type\":\"ImageObject\",\"inLanguage\":\"it-IT\",\"@id\":\"https:\/\/secure.gravatar.com\/avatar\/efe17e5613fdef9b05741a23cd4ef4e9b1c39955d8fe11176cb1da3641c96104?s=96&d=mm&r=g\",\"url\":\"https:\/\/secure.gravatar.com\/avatar\/efe17e5613fdef9b05741a23cd4ef4e9b1c39955d8fe11176cb1da3641c96104?s=96&d=mm&r=g\",\"contentUrl\":\"https:\/\/secure.gravatar.com\/avatar\/efe17e5613fdef9b05741a23cd4ef4e9b1c39955d8fe11176cb1da3641c96104?s=96&d=mm&r=g\",\"caption\":\"Chiara Cucinotta\"},\"sameAs\":[\"https:\/\/progettotouring.it\"],\"url\":\"https:\/\/progettotouring.it\/radiotouring104\/author\/auranex\/\"}]}<\/script>\n<!-- \/ Yoast SEO plugin. -->","yoast_head_json":{"title":"\"Collisioni\", Bianca Atzei su Radio Touring 104: \"Oggi \u00e8 il mio giorno\"","description":"Il brano anticipa il prossimo album di Bianca Atzei \"Veronica\" in uscita il 29 aprile: sar\u00e0 un album di duetti, coinvolti anche J-Ax e Arisa","robots":{"index":"index","follow":"follow","max-snippet":"max-snippet:-1","max-image-preview":"max-image-preview:large","max-video-preview":"max-video-preview:-1"},"canonical":"https:\/\/progettotouring.it\/radiotouring104\/2022\/04\/08\/collisioni-bianca-atzei-su-radio-touring-104-oggi-e-il-mio-giorno-sono-molto-soddisfatta\/","og_locale":"it_IT","og_type":"article","og_title":"\"Collisioni\", Bianca Atzei su Radio Touring 104: \"Oggi \u00e8 il mio giorno\"","og_description":"Il brano anticipa il prossimo album di Bianca Atzei \"Veronica\" in uscita il 29 aprile: sar\u00e0 un album di duetti, coinvolti anche J-Ax e Arisa","og_url":"https:\/\/progettotouring.it\/radiotouring104\/2022\/04\/08\/collisioni-bianca-atzei-su-radio-touring-104-oggi-e-il-mio-giorno-sono-molto-soddisfatta\/","og_site_name":"Radio Touring 104","article_published_time":"2022-04-08T18:29:16+00:00","article_modified_time":"2022-04-08T18:42:01+00:00","og_image":[{"width":797,"height":380,"url":"https:\/\/progettotouring.it\/radiotouring104\/wp-content\/uploads\/sites\/6\/2022\/04\/Bianca-Atzei-collisioni.png","type":"image\/png"}],"author":"Chiara Cucinotta","twitter_card":"summary_large_image","twitter_misc":{"Scritto da":"Chiara Cucinotta","Tempo di lettura stimato":"4 minuti"},"schema":{"@context":"https:\/\/schema.org","@graph":[{"@type":"Article","@id":"https:\/\/progettotouring.it\/radiotouring104\/2022\/04\/08\/collisioni-bianca-atzei-su-radio-touring-104-oggi-e-il-mio-giorno-sono-molto-soddisfatta\/#article","isPartOf":{"@id":"https:\/\/progettotouring.it\/radiotouring104\/2022\/04\/08\/collisioni-bianca-atzei-su-radio-touring-104-oggi-e-il-mio-giorno-sono-molto-soddisfatta\/"},"author":{"name":"Chiara Cucinotta","@id":"https:\/\/progettotouring.it\/radiotouring104\/#\/schema\/person\/f01f189b71df20dcfc0890eea7e67a0e"},"headline":"&#8220;Collisioni&#8221;, Bianca Atzei su Radio Touring 104: &#8220;Oggi \u00e8 il mio giorno, sono molto soddisfatta&#8221;","datePublished":"2022-04-08T18:29:16+00:00","dateModified":"2022-04-08T18:42:01+00:00","mainEntityOfPage":{"@id":"https:\/\/progettotouring.it\/radiotouring104\/2022\/04\/08\/collisioni-bianca-atzei-su-radio-touring-104-oggi-e-il-mio-giorno-sono-molto-soddisfatta\/"},"wordCount":671,"commentCount":0,"publisher":{"@id":"https:\/\/progettotouring.it\/radiotouring104\/#organization"},"image":{"@id":"https:\/\/progettotouring.it\/radiotouring104\/2022\/04\/08\/collisioni-bianca-atzei-su-radio-touring-104-oggi-e-il-mio-giorno-sono-molto-soddisfatta\/#primaryimage"},"thumbnailUrl":"https:\/\/progettotouring.it\/radiotouring104\/wp-content\/uploads\/sites\/6\/2022\/04\/Bianca-Atzei-collisioni.png","keywords":["Bianca Atzei","Collisioni","concerto","intervista","Ronny Aglietti","tour","Veronica","Virginio"],"articleSection":["In primo piano","Interviste","Musica","News"],"inLanguage":"it-IT","potentialAction":[{"@type":"CommentAction","name":"Comment","target":["https:\/\/progettotouring.it\/radiotouring104\/2022\/04\/08\/collisioni-bianca-atzei-su-radio-touring-104-oggi-e-il-mio-giorno-sono-molto-soddisfatta\/#respond"]}]},{"@type":"WebPage","@id":"https:\/\/progettotouring.it\/radiotouring104\/2022\/04\/08\/collisioni-bianca-atzei-su-radio-touring-104-oggi-e-il-mio-giorno-sono-molto-soddisfatta\/","url":"https:\/\/progettotouring.it\/radiotouring104\/2022\/04\/08\/collisioni-bianca-atzei-su-radio-touring-104-oggi-e-il-mio-giorno-sono-molto-soddisfatta\/","name":"\"Collisioni\", Bianca Atzei su Radio Touring 104: \"Oggi \u00e8 il mio giorno\"","isPartOf":{"@id":"https:\/\/progettotouring.it\/radiotouring104\/#website"},"primaryImageOfPage":{"@id":"https:\/\/progettotouring.it\/radiotouring104\/2022\/04\/08\/collisioni-bianca-atzei-su-radio-touring-104-oggi-e-il-mio-giorno-sono-molto-soddisfatta\/#primaryimage"},"image":{"@id":"https:\/\/progettotouring.it\/radiotouring104\/2022\/04\/08\/collisioni-bianca-atzei-su-radio-touring-104-oggi-e-il-mio-giorno-sono-molto-soddisfatta\/#primaryimage"},"thumbnailUrl":"https:\/\/progettotouring.it\/radiotouring104\/wp-content\/uploads\/sites\/6\/2022\/04\/Bianca-Atzei-collisioni.png","datePublished":"2022-04-08T18:29:16+00:00","dateModified":"2022-04-08T18:42:01+00:00","description":"Il brano anticipa il prossimo album di Bianca Atzei \"Veronica\" in uscita il 29 aprile: sar\u00e0 un album di duetti, coinvolti anche J-Ax e Arisa","breadcrumb":{"@id":"https:\/\/progettotouring.it\/radiotouring104\/2022\/04\/08\/collisioni-bianca-atzei-su-radio-touring-104-oggi-e-il-mio-giorno-sono-molto-soddisfatta\/#breadcrumb"},"inLanguage":"it-IT","potentialAction":[{"@type":"ReadAction","target":["https:\/\/progettotouring.it\/radiotouring104\/2022\/04\/08\/collisioni-bianca-atzei-su-radio-touring-104-oggi-e-il-mio-giorno-sono-molto-soddisfatta\/"]}]},{"@type":"ImageObject","inLanguage":"it-IT","@id":"https:\/\/progettotouring.it\/radiotouring104\/2022\/04\/08\/collisioni-bianca-atzei-su-radio-touring-104-oggi-e-il-mio-giorno-sono-molto-soddisfatta\/#primaryimage","url":"https:\/\/progettotouring.it\/radiotouring104\/wp-content\/uploads\/sites\/6\/2022\/04\/Bianca-Atzei-collisioni.png","contentUrl":"https:\/\/progettotouring.it\/radiotouring104\/wp-content\/uploads\/sites\/6\/2022\/04\/Bianca-Atzei-collisioni.png","width":797,"height":380,"caption":"Bianca Atzei collisioni"},{"@type":"BreadcrumbList","@id":"https:\/\/progettotouring.it\/radiotouring104\/2022\/04\/08\/collisioni-bianca-atzei-su-radio-touring-104-oggi-e-il-mio-giorno-sono-molto-soddisfatta\/#breadcrumb","itemListElement":[{"@type":"ListItem","position":1,"name":"Home","item":"https:\/\/progettotouring.it\/radiotouring104\/"},{"@type":"ListItem","position":2,"name":"&#8220;Collisioni&#8221;, Bianca Atzei su Radio Touring 104: &#8220;Oggi \u00e8 il mio giorno, sono molto soddisfatta&#8221;"}]},{"@type":"WebSite","@id":"https:\/\/progettotouring.it\/radiotouring104\/#website","url":"https:\/\/progettotouring.it\/radiotouring104\/","name":"Radio Touring 104","description":"La prima radio Reggina","publisher":{"@id":"https:\/\/progettotouring.it\/radiotouring104\/#organization"},"potentialAction":[{"@type":"SearchAction","target":{"@type":"EntryPoint","urlTemplate":"https:\/\/progettotouring.it\/radiotouring104\/?s={search_term_string}"},"query-input":{"@type":"PropertyValueSpecification","valueRequired":true,"valueName":"search_term_string"}}],"inLanguage":"it-IT"},{"@type":"Organization","@id":"https:\/\/progettotouring.it\/radiotouring104\/#organization","name":"Radio Touring 104","url":"https:\/\/progettotouring.it\/radiotouring104\/","logo":{"@type":"ImageObject","inLanguage":"it-IT","@id":"https:\/\/progettotouring.it\/radiotouring104\/#\/schema\/logo\/image\/","url":"https:\/\/progettotouring.it\/radiotouring104\/wp-content\/uploads\/sites\/6\/2022\/02\/cropped-logo-radio-touring-104.png","contentUrl":"https:\/\/progettotouring.it\/radiotouring104\/wp-content\/uploads\/sites\/6\/2022\/02\/cropped-logo-radio-touring-104.png","width":377,"height":182,"caption":"Radio Touring 104"},"image":{"@id":"https:\/\/progettotouring.it\/radiotouring104\/#\/schema\/logo\/image\/"}},{"@type":"Person","@id":"https:\/\/progettotouring.it\/radiotouring104\/#\/schema\/person\/f01f189b71df20dcfc0890eea7e67a0e","name":"Chiara Cucinotta","image":{"@type":"ImageObject","inLanguage":"it-IT","@id":"https:\/\/secure.gravatar.com\/avatar\/efe17e5613fdef9b05741a23cd4ef4e9b1c39955d8fe11176cb1da3641c96104?s=96&d=mm&r=g","url":"https:\/\/secure.gravatar.com\/avatar\/efe17e5613fdef9b05741a23cd4ef4e9b1c39955d8fe11176cb1da3641c96104?s=96&d=mm&r=g","contentUrl":"https:\/\/secure.gravatar.com\/avatar\/efe17e5613fdef9b05741a23cd4ef4e9b1c39955d8fe11176cb1da3641c96104?s=96&d=mm&r=g","caption":"Chiara Cucinotta"},"sameAs":["https:\/\/progettotouring.it"],"url":"https:\/\/progettotouring.it\/radiotouring104\/author\/auranex\/"}]}},"jetpack_publicize_connections":[],"jetpack_featured_media_url":"https:\/\/progettotouring.it\/radiotouring104\/wp-content\/uploads\/sites\/6\/2022\/04\/Bianca-Atzei-collisioni.png","jetpack_sharing_enabled":true,"_links":{"self":[{"href":"https:\/\/progettotouring.it\/radiotouring104\/wp-json\/wp\/v2\/posts\/3982","targetHints":{"allow":["GET"]}}],"collection":[{"href":"https:\/\/progettotouring.it\/radiotouring104\/wp-json\/wp\/v2\/posts"}],"about":[{"href":"https:\/\/progettotouring.it\/radiotouring104\/wp-json\/wp\/v2\/types\/post"}],"author":[{"embeddable":true,"href":"https:\/\/progettotouring.it\/radiotouring104\/wp-json\/wp\/v2\/users\/1"}],"replies":[{"embeddable":true,"href":"https:\/\/progettotouring.it\/radiotouring104\/wp-json\/wp\/v2\/comments?post=3982"}],"version-history":[{"count":5,"href":"https:\/\/progettotouring.it\/radiotouring104\/wp-json\/wp\/v2\/posts\/3982\/revisions"}],"predecessor-version":[{"id":3988,"href":"https:\/\/progettotouring.it\/radiotouring104\/wp-json\/wp\/v2\/posts\/3982\/revisions\/3988"}],"wp:featuredmedia":[{"embeddable":true,"href":"https:\/\/progettotouring.it\/radiotouring104\/wp-json\/wp\/v2\/media\/3983"}],"wp:attachment":[{"href":"https:\/\/progettotouring.it\/radiotouring104\/wp-json\/wp\/v2\/media?parent=3982"}],"wp:term":[{"taxonomy":"category","embeddable":true,"href":"https:\/\/progettotouring.it\/radiotouring104\/wp-json\/wp\/v2\/categories?post=3982"},{"taxonomy":"post_tag","embeddable":true,"href":"https:\/\/progettotouring.it\/radiotouring104\/wp-json\/wp\/v2\/tags?post=3982"}],"curies":[{"name":"wp","href":"https:\/\/api.w.org\/{rel}","templated":true}]}}