{"id":39934,"date":"2023-11-27T12:19:47","date_gmt":"2023-11-27T11:19:47","guid":{"rendered":"https:\/\/progettotouring.it\/radiotouring104\/?p=39934"},"modified":"2023-11-27T12:19:47","modified_gmt":"2023-11-27T11:19:47","slug":"torino-film-festival-calabria-film-commission-presenta-3-opere","status":"publish","type":"post","link":"https:\/\/progettotouring.it\/radiotouring104\/2023\/11\/27\/torino-film-festival-calabria-film-commission-presenta-3-opere\/","title":{"rendered":"&#8220;Torino Film Festival&#8221;: &#8220;Calabria film Commission&#8221; presenta 3 opere"},"content":{"rendered":"<p style=\"text-align: justify\"><strong>Sono tre le opere che la &#8220;Calabria film commission&#8221; presenta alla quarantunesima edizione del &#8220;Torino Film Festival&#8221;.<\/strong><br \/>\nPrimo appuntamento, ieri, con la presentazione del docufilm &#8220;Gianni Versace, l&#8217;Imperatore dei sogni&#8221;.<\/p>\n<p style=\"text-align: justify\">Fuori concorso ed inserito nella sezione &#8220;Ritratti e paesaggi&#8221;, il film, diretto da Mimmo Calopresti, che lo ha anche scritto insieme a Monica Zapelli, e prodotto da &#8220;Qualityfilm&#8221;, \u00e8 stato girato quasi interamente a Reggio Calabria.<\/p>\n<p style=\"text-align: justify\">&#8220;Nell&#8217;opera, che presenta materiali d&#8217;archivio &#8211; \u00e8 detto in un comunicato della Calabria film commission &#8211; spicca un&#8217;intervista a Carla Bruni.<br \/>\n<strong> Molti gli elementi che raccontano la storia di Versace,<\/strong> fondatore nel 1978 della casa di moda che porta il suo nome ed uno dei pi\u00f9 amati e straordinari stilisti italiani,<strong> nato a Reggio Calabria e scomparso nel 1997<\/strong> a Miami Beach. Nel cast figurano, tra gli altri, Leonardo Maltese e Vera Dragone&#8221;.<br \/>\n<em>\u00a0\u00a0 &#8220;\u00c9 targato Calabria Film Commission &#8211;<\/em><strong> prosegue la nota<\/strong> &#8211;<em> anche il cortometraggio &#8216;L&#8217;Ultimo asino&#8217;, per la regia di Angelo Urbano, prodotto dalla Magda Film. L&#8217;opera, la cui prima visione \u00e9 in programma il 27 novembre, \u00e8 in concorso per Cortometraggi italiani. Urbano narra un viaggio nell&#8217;Alto Jonio cosentino, in un mondo arcaico e rurale che sembra ormai scomparso ma che rimane nella memoria, nei gesti e nella ritualit\u00e0 di un vecchio contadino e del suo inseparabile compagno, ormai &#8216;l&#8217;ultimo asino&#8217; di questo piccolo villaggio. Infine &#8216;Lux Santa&#8217;, documentario di Matteo Russo, prodotto da Naffintusi Film e Rai Cinema ed in concorso in &#8216;Documentari italiani. Sar\u00e0 presentato il 28 novembre ed ha come protagonista un gruppo di quindicenni di un quartiere particolare di Crotone. Un obiettivo comune li rende uniti: realizzare la piramide pi\u00f9 alta e imponente della citt\u00e0 in occasione del rito dei Fuochi di Santa Lucia, ogni 13 dicembre, molto pi\u00f9 di una tradizione. La maestosa piramide che arde ha infatti l&#8217;intento di restituire, attraverso il fuoco, la luce a Santa Lucia nel suo giorno e cos\u00ec anche le vite dei ragazzi del quartiere&#8221;.<\/em><\/p>\n<p id=\"ob\">\n<div id=\"inArticle\">\n<aside>\n<div class=\"ob-smartfeed-wrapper feedIdx-0\">\n<div id=\"outbrain_widget_0\" class=\"OUTBRAIN\" data-src=\"DROP_PERMALINK_HERE\" data-widget-id=\"AR_4\" data-ob-mark=\"true\" data-browser=\"chrome\" data-os=\"win32\" data-dynload=\"\" data-idx=\"0\">\n<div class=\"ob-widget ob-feed-layout CR_7\">\n<div class=\"ob-widget-header\"><span class=\"ob-widget-text\">\u00a0<\/span><\/div>\n<\/div>\n<\/div>\n<\/div>\n<\/aside>\n<\/div>\n","protected":false},"excerpt":{"rendered":"<p>Sono tre le opere che la &#8220;Calabria film commission&#8221; presenta alla quarantunesima edizione del &#8220;Torino Film Festival&#8221;. Primo appuntamento, ieri, con la presentazione del docufilm &#8220;Gianni Versace, l&#8217;Imperatore dei sogni&#8221;.&hellip;<\/p>\n","protected":false},"author":12,"featured_media":12590,"comment_status":"closed","ping_status":"open","sticky":false,"template":"","format":"standard","meta":{"_jetpack_memberships_contains_paid_content":false,"footnotes":"","jetpack_publicize_message":"","jetpack_publicize_feature_enabled":true,"jetpack_social_post_already_shared":false,"jetpack_social_options":{"image_generator_settings":{"template":"highway","default_image_id":0,"font":"","enabled":false},"version":2}},"categories":[142,921,196],"tags":[24786,3211,6457,24787,24785],"class_list":["post-39934","post","type-post","status-publish","format-standard","has-post-thumbnail","hentry","category-calabria","category-home","category-news","tag-torino-film-festival","tag-calabria-film-commission","tag-gianni-versace","tag-limperatore-dei-sogni","tag-presentate-3-opere"],"yoast_head":"<!-- This site is optimized with the Yoast SEO plugin v27.2 - https:\/\/yoast.com\/product\/yoast-seo-wordpress\/ -->\n<title>&quot;Torino Film Festival&quot;: &quot;Calabria film Commission&quot; presenta 3 opere<\/title>\n<meta name=\"description\" content=\"Ieri la presentazione della 1\u00b0 delle 3 opere della Calabria Film Commission: &quot;Gianni Versace, l&#039;Imperatore dei sogni&quot;\" \/>\n<meta name=\"robots\" content=\"index, follow, max-snippet:-1, max-image-preview:large, max-video-preview:-1\" \/>\n<link rel=\"canonical\" href=\"https:\/\/progettotouring.it\/radiotouring104\/2023\/11\/27\/torino-film-festival-calabria-film-commission-presenta-3-opere\/\" \/>\n<meta property=\"og:locale\" content=\"it_IT\" \/>\n<meta property=\"og:type\" content=\"article\" \/>\n<meta property=\"og:title\" content=\"&quot;Torino Film Festival&quot;: &quot;Calabria film Commission&quot; presenta 3 opere\" \/>\n<meta property=\"og:description\" content=\"Ieri la presentazione della 1\u00b0 delle 3 opere della Calabria Film Commission: &quot;Gianni Versace, l&#039;Imperatore dei sogni&quot;\" \/>\n<meta property=\"og:url\" content=\"https:\/\/progettotouring.it\/radiotouring104\/2023\/11\/27\/torino-film-festival-calabria-film-commission-presenta-3-opere\/\" \/>\n<meta property=\"og:site_name\" content=\"Radio Touring 104\" \/>\n<meta property=\"article:published_time\" content=\"2023-11-27T11:19:47+00:00\" \/>\n<meta property=\"og:image\" content=\"https:\/\/progettotouring.it\/radiotouring104\/wp-content\/uploads\/sites\/6\/2022\/11\/Gianni-Versace.jpg\" \/>\n\t<meta property=\"og:image:width\" content=\"355\" \/>\n\t<meta property=\"og:image:height\" content=\"293\" \/>\n\t<meta property=\"og:image:type\" content=\"image\/jpeg\" \/>\n<meta name=\"author\" content=\"Sebastiano Plutino\" \/>\n<meta name=\"twitter:card\" content=\"summary_large_image\" \/>\n<meta name=\"twitter:label1\" content=\"Scritto da\" \/>\n\t<meta name=\"twitter:data1\" content=\"Sebastiano Plutino\" \/>\n\t<meta name=\"twitter:label2\" content=\"Tempo di lettura stimato\" \/>\n\t<meta name=\"twitter:data2\" content=\"2 minuti\" \/>\n<script type=\"application\/ld+json\" class=\"yoast-schema-graph\">{\"@context\":\"https:\/\/schema.org\",\"@graph\":[{\"@type\":\"Article\",\"@id\":\"https:\/\/progettotouring.it\/radiotouring104\/2023\/11\/27\/torino-film-festival-calabria-film-commission-presenta-3-opere\/#article\",\"isPartOf\":{\"@id\":\"https:\/\/progettotouring.it\/radiotouring104\/2023\/11\/27\/torino-film-festival-calabria-film-commission-presenta-3-opere\/\"},\"author\":{\"name\":\"Sebastiano Plutino\",\"@id\":\"https:\/\/progettotouring.it\/radiotouring104\/#\/schema\/person\/78613917f1851f041f7483f5af1d422e\"},\"headline\":\"&#8220;Torino Film Festival&#8221;: &#8220;Calabria film Commission&#8221; presenta 3 opere\",\"datePublished\":\"2023-11-27T11:19:47+00:00\",\"mainEntityOfPage\":{\"@id\":\"https:\/\/progettotouring.it\/radiotouring104\/2023\/11\/27\/torino-film-festival-calabria-film-commission-presenta-3-opere\/\"},\"wordCount\":323,\"publisher\":{\"@id\":\"https:\/\/progettotouring.it\/radiotouring104\/#organization\"},\"image\":{\"@id\":\"https:\/\/progettotouring.it\/radiotouring104\/2023\/11\/27\/torino-film-festival-calabria-film-commission-presenta-3-opere\/#primaryimage\"},\"thumbnailUrl\":\"https:\/\/progettotouring.it\/radiotouring104\/wp-content\/uploads\/sites\/6\/2022\/11\/Gianni-Versace.jpg\",\"keywords\":[\"\\\"Torino Film Festival\\\":\",\"calabria film commission\",\"gianni versace\",\"l'Imperatore dei sogni\\\".\",\"presentate 3 opere\"],\"articleSection\":[\"Calabria\",\"Home\",\"News\"],\"inLanguage\":\"it-IT\"},{\"@type\":\"WebPage\",\"@id\":\"https:\/\/progettotouring.it\/radiotouring104\/2023\/11\/27\/torino-film-festival-calabria-film-commission-presenta-3-opere\/\",\"url\":\"https:\/\/progettotouring.it\/radiotouring104\/2023\/11\/27\/torino-film-festival-calabria-film-commission-presenta-3-opere\/\",\"name\":\"\\\"Torino Film Festival\\\": \\\"Calabria film Commission\\\" presenta 3 opere\",\"isPartOf\":{\"@id\":\"https:\/\/progettotouring.it\/radiotouring104\/#website\"},\"primaryImageOfPage\":{\"@id\":\"https:\/\/progettotouring.it\/radiotouring104\/2023\/11\/27\/torino-film-festival-calabria-film-commission-presenta-3-opere\/#primaryimage\"},\"image\":{\"@id\":\"https:\/\/progettotouring.it\/radiotouring104\/2023\/11\/27\/torino-film-festival-calabria-film-commission-presenta-3-opere\/#primaryimage\"},\"thumbnailUrl\":\"https:\/\/progettotouring.it\/radiotouring104\/wp-content\/uploads\/sites\/6\/2022\/11\/Gianni-Versace.jpg\",\"datePublished\":\"2023-11-27T11:19:47+00:00\",\"description\":\"Ieri la presentazione della 1\u00b0 delle 3 opere della Calabria Film Commission: \\\"Gianni Versace, l'Imperatore dei sogni\\\"\",\"breadcrumb\":{\"@id\":\"https:\/\/progettotouring.it\/radiotouring104\/2023\/11\/27\/torino-film-festival-calabria-film-commission-presenta-3-opere\/#breadcrumb\"},\"inLanguage\":\"it-IT\",\"potentialAction\":[{\"@type\":\"ReadAction\",\"target\":[\"https:\/\/progettotouring.it\/radiotouring104\/2023\/11\/27\/torino-film-festival-calabria-film-commission-presenta-3-opere\/\"]}]},{\"@type\":\"ImageObject\",\"inLanguage\":\"it-IT\",\"@id\":\"https:\/\/progettotouring.it\/radiotouring104\/2023\/11\/27\/torino-film-festival-calabria-film-commission-presenta-3-opere\/#primaryimage\",\"url\":\"https:\/\/progettotouring.it\/radiotouring104\/wp-content\/uploads\/sites\/6\/2022\/11\/Gianni-Versace.jpg\",\"contentUrl\":\"https:\/\/progettotouring.it\/radiotouring104\/wp-content\/uploads\/sites\/6\/2022\/11\/Gianni-Versace.jpg\",\"width\":355,\"height\":293},{\"@type\":\"BreadcrumbList\",\"@id\":\"https:\/\/progettotouring.it\/radiotouring104\/2023\/11\/27\/torino-film-festival-calabria-film-commission-presenta-3-opere\/#breadcrumb\",\"itemListElement\":[{\"@type\":\"ListItem\",\"position\":1,\"name\":\"Home\",\"item\":\"https:\/\/progettotouring.it\/radiotouring104\/\"},{\"@type\":\"ListItem\",\"position\":2,\"name\":\"&#8220;Torino Film Festival&#8221;: &#8220;Calabria film Commission&#8221; presenta 3 opere\"}]},{\"@type\":\"WebSite\",\"@id\":\"https:\/\/progettotouring.it\/radiotouring104\/#website\",\"url\":\"https:\/\/progettotouring.it\/radiotouring104\/\",\"name\":\"Radio Touring 104\",\"description\":\"La prima radio Reggina\",\"publisher\":{\"@id\":\"https:\/\/progettotouring.it\/radiotouring104\/#organization\"},\"potentialAction\":[{\"@type\":\"SearchAction\",\"target\":{\"@type\":\"EntryPoint\",\"urlTemplate\":\"https:\/\/progettotouring.it\/radiotouring104\/?s={search_term_string}\"},\"query-input\":{\"@type\":\"PropertyValueSpecification\",\"valueRequired\":true,\"valueName\":\"search_term_string\"}}],\"inLanguage\":\"it-IT\"},{\"@type\":\"Organization\",\"@id\":\"https:\/\/progettotouring.it\/radiotouring104\/#organization\",\"name\":\"Radio Touring 104\",\"url\":\"https:\/\/progettotouring.it\/radiotouring104\/\",\"logo\":{\"@type\":\"ImageObject\",\"inLanguage\":\"it-IT\",\"@id\":\"https:\/\/progettotouring.it\/radiotouring104\/#\/schema\/logo\/image\/\",\"url\":\"https:\/\/progettotouring.it\/radiotouring104\/wp-content\/uploads\/sites\/6\/2022\/02\/cropped-logo-radio-touring-104.png\",\"contentUrl\":\"https:\/\/progettotouring.it\/radiotouring104\/wp-content\/uploads\/sites\/6\/2022\/02\/cropped-logo-radio-touring-104.png\",\"width\":377,\"height\":182,\"caption\":\"Radio Touring 104\"},\"image\":{\"@id\":\"https:\/\/progettotouring.it\/radiotouring104\/#\/schema\/logo\/image\/\"}},{\"@type\":\"Person\",\"@id\":\"https:\/\/progettotouring.it\/radiotouring104\/#\/schema\/person\/78613917f1851f041f7483f5af1d422e\",\"name\":\"Sebastiano Plutino\",\"image\":{\"@type\":\"ImageObject\",\"inLanguage\":\"it-IT\",\"@id\":\"https:\/\/secure.gravatar.com\/avatar\/0546ffaa9b79224faf9f2a156b67a529ae861d3287c66c1d8ccfdf909bcba78d?s=96&d=mm&r=g\",\"url\":\"https:\/\/secure.gravatar.com\/avatar\/0546ffaa9b79224faf9f2a156b67a529ae861d3287c66c1d8ccfdf909bcba78d?s=96&d=mm&r=g\",\"contentUrl\":\"https:\/\/secure.gravatar.com\/avatar\/0546ffaa9b79224faf9f2a156b67a529ae861d3287c66c1d8ccfdf909bcba78d?s=96&d=mm&r=g\",\"caption\":\"Sebastiano Plutino\"},\"url\":\"https:\/\/progettotouring.it\/radiotouring104\/author\/sebastiano\/\"}]}<\/script>\n<!-- \/ Yoast SEO plugin. -->","yoast_head_json":{"title":"\"Torino Film Festival\": \"Calabria film Commission\" presenta 3 opere","description":"Ieri la presentazione della 1\u00b0 delle 3 opere della Calabria Film Commission: \"Gianni Versace, l'Imperatore dei sogni\"","robots":{"index":"index","follow":"follow","max-snippet":"max-snippet:-1","max-image-preview":"max-image-preview:large","max-video-preview":"max-video-preview:-1"},"canonical":"https:\/\/progettotouring.it\/radiotouring104\/2023\/11\/27\/torino-film-festival-calabria-film-commission-presenta-3-opere\/","og_locale":"it_IT","og_type":"article","og_title":"\"Torino Film Festival\": \"Calabria film Commission\" presenta 3 opere","og_description":"Ieri la presentazione della 1\u00b0 delle 3 opere della Calabria Film Commission: \"Gianni Versace, l'Imperatore dei sogni\"","og_url":"https:\/\/progettotouring.it\/radiotouring104\/2023\/11\/27\/torino-film-festival-calabria-film-commission-presenta-3-opere\/","og_site_name":"Radio Touring 104","article_published_time":"2023-11-27T11:19:47+00:00","og_image":[{"width":355,"height":293,"url":"https:\/\/progettotouring.it\/radiotouring104\/wp-content\/uploads\/sites\/6\/2022\/11\/Gianni-Versace.jpg","type":"image\/jpeg"}],"author":"Sebastiano Plutino","twitter_card":"summary_large_image","twitter_misc":{"Scritto da":"Sebastiano Plutino","Tempo di lettura stimato":"2 minuti"},"schema":{"@context":"https:\/\/schema.org","@graph":[{"@type":"Article","@id":"https:\/\/progettotouring.it\/radiotouring104\/2023\/11\/27\/torino-film-festival-calabria-film-commission-presenta-3-opere\/#article","isPartOf":{"@id":"https:\/\/progettotouring.it\/radiotouring104\/2023\/11\/27\/torino-film-festival-calabria-film-commission-presenta-3-opere\/"},"author":{"name":"Sebastiano Plutino","@id":"https:\/\/progettotouring.it\/radiotouring104\/#\/schema\/person\/78613917f1851f041f7483f5af1d422e"},"headline":"&#8220;Torino Film Festival&#8221;: &#8220;Calabria film Commission&#8221; presenta 3 opere","datePublished":"2023-11-27T11:19:47+00:00","mainEntityOfPage":{"@id":"https:\/\/progettotouring.it\/radiotouring104\/2023\/11\/27\/torino-film-festival-calabria-film-commission-presenta-3-opere\/"},"wordCount":323,"publisher":{"@id":"https:\/\/progettotouring.it\/radiotouring104\/#organization"},"image":{"@id":"https:\/\/progettotouring.it\/radiotouring104\/2023\/11\/27\/torino-film-festival-calabria-film-commission-presenta-3-opere\/#primaryimage"},"thumbnailUrl":"https:\/\/progettotouring.it\/radiotouring104\/wp-content\/uploads\/sites\/6\/2022\/11\/Gianni-Versace.jpg","keywords":["\"Torino Film Festival\":","calabria film commission","gianni versace","l'Imperatore dei sogni\".","presentate 3 opere"],"articleSection":["Calabria","Home","News"],"inLanguage":"it-IT"},{"@type":"WebPage","@id":"https:\/\/progettotouring.it\/radiotouring104\/2023\/11\/27\/torino-film-festival-calabria-film-commission-presenta-3-opere\/","url":"https:\/\/progettotouring.it\/radiotouring104\/2023\/11\/27\/torino-film-festival-calabria-film-commission-presenta-3-opere\/","name":"\"Torino Film Festival\": \"Calabria film Commission\" presenta 3 opere","isPartOf":{"@id":"https:\/\/progettotouring.it\/radiotouring104\/#website"},"primaryImageOfPage":{"@id":"https:\/\/progettotouring.it\/radiotouring104\/2023\/11\/27\/torino-film-festival-calabria-film-commission-presenta-3-opere\/#primaryimage"},"image":{"@id":"https:\/\/progettotouring.it\/radiotouring104\/2023\/11\/27\/torino-film-festival-calabria-film-commission-presenta-3-opere\/#primaryimage"},"thumbnailUrl":"https:\/\/progettotouring.it\/radiotouring104\/wp-content\/uploads\/sites\/6\/2022\/11\/Gianni-Versace.jpg","datePublished":"2023-11-27T11:19:47+00:00","description":"Ieri la presentazione della 1\u00b0 delle 3 opere della Calabria Film Commission: \"Gianni Versace, l'Imperatore dei sogni\"","breadcrumb":{"@id":"https:\/\/progettotouring.it\/radiotouring104\/2023\/11\/27\/torino-film-festival-calabria-film-commission-presenta-3-opere\/#breadcrumb"},"inLanguage":"it-IT","potentialAction":[{"@type":"ReadAction","target":["https:\/\/progettotouring.it\/radiotouring104\/2023\/11\/27\/torino-film-festival-calabria-film-commission-presenta-3-opere\/"]}]},{"@type":"ImageObject","inLanguage":"it-IT","@id":"https:\/\/progettotouring.it\/radiotouring104\/2023\/11\/27\/torino-film-festival-calabria-film-commission-presenta-3-opere\/#primaryimage","url":"https:\/\/progettotouring.it\/radiotouring104\/wp-content\/uploads\/sites\/6\/2022\/11\/Gianni-Versace.jpg","contentUrl":"https:\/\/progettotouring.it\/radiotouring104\/wp-content\/uploads\/sites\/6\/2022\/11\/Gianni-Versace.jpg","width":355,"height":293},{"@type":"BreadcrumbList","@id":"https:\/\/progettotouring.it\/radiotouring104\/2023\/11\/27\/torino-film-festival-calabria-film-commission-presenta-3-opere\/#breadcrumb","itemListElement":[{"@type":"ListItem","position":1,"name":"Home","item":"https:\/\/progettotouring.it\/radiotouring104\/"},{"@type":"ListItem","position":2,"name":"&#8220;Torino Film Festival&#8221;: &#8220;Calabria film Commission&#8221; presenta 3 opere"}]},{"@type":"WebSite","@id":"https:\/\/progettotouring.it\/radiotouring104\/#website","url":"https:\/\/progettotouring.it\/radiotouring104\/","name":"Radio Touring 104","description":"La prima radio Reggina","publisher":{"@id":"https:\/\/progettotouring.it\/radiotouring104\/#organization"},"potentialAction":[{"@type":"SearchAction","target":{"@type":"EntryPoint","urlTemplate":"https:\/\/progettotouring.it\/radiotouring104\/?s={search_term_string}"},"query-input":{"@type":"PropertyValueSpecification","valueRequired":true,"valueName":"search_term_string"}}],"inLanguage":"it-IT"},{"@type":"Organization","@id":"https:\/\/progettotouring.it\/radiotouring104\/#organization","name":"Radio Touring 104","url":"https:\/\/progettotouring.it\/radiotouring104\/","logo":{"@type":"ImageObject","inLanguage":"it-IT","@id":"https:\/\/progettotouring.it\/radiotouring104\/#\/schema\/logo\/image\/","url":"https:\/\/progettotouring.it\/radiotouring104\/wp-content\/uploads\/sites\/6\/2022\/02\/cropped-logo-radio-touring-104.png","contentUrl":"https:\/\/progettotouring.it\/radiotouring104\/wp-content\/uploads\/sites\/6\/2022\/02\/cropped-logo-radio-touring-104.png","width":377,"height":182,"caption":"Radio Touring 104"},"image":{"@id":"https:\/\/progettotouring.it\/radiotouring104\/#\/schema\/logo\/image\/"}},{"@type":"Person","@id":"https:\/\/progettotouring.it\/radiotouring104\/#\/schema\/person\/78613917f1851f041f7483f5af1d422e","name":"Sebastiano Plutino","image":{"@type":"ImageObject","inLanguage":"it-IT","@id":"https:\/\/secure.gravatar.com\/avatar\/0546ffaa9b79224faf9f2a156b67a529ae861d3287c66c1d8ccfdf909bcba78d?s=96&d=mm&r=g","url":"https:\/\/secure.gravatar.com\/avatar\/0546ffaa9b79224faf9f2a156b67a529ae861d3287c66c1d8ccfdf909bcba78d?s=96&d=mm&r=g","contentUrl":"https:\/\/secure.gravatar.com\/avatar\/0546ffaa9b79224faf9f2a156b67a529ae861d3287c66c1d8ccfdf909bcba78d?s=96&d=mm&r=g","caption":"Sebastiano Plutino"},"url":"https:\/\/progettotouring.it\/radiotouring104\/author\/sebastiano\/"}]}},"jetpack_publicize_connections":[],"jetpack_featured_media_url":"https:\/\/progettotouring.it\/radiotouring104\/wp-content\/uploads\/sites\/6\/2022\/11\/Gianni-Versace.jpg","jetpack_sharing_enabled":true,"_links":{"self":[{"href":"https:\/\/progettotouring.it\/radiotouring104\/wp-json\/wp\/v2\/posts\/39934","targetHints":{"allow":["GET"]}}],"collection":[{"href":"https:\/\/progettotouring.it\/radiotouring104\/wp-json\/wp\/v2\/posts"}],"about":[{"href":"https:\/\/progettotouring.it\/radiotouring104\/wp-json\/wp\/v2\/types\/post"}],"author":[{"embeddable":true,"href":"https:\/\/progettotouring.it\/radiotouring104\/wp-json\/wp\/v2\/users\/12"}],"replies":[{"embeddable":true,"href":"https:\/\/progettotouring.it\/radiotouring104\/wp-json\/wp\/v2\/comments?post=39934"}],"version-history":[{"count":1,"href":"https:\/\/progettotouring.it\/radiotouring104\/wp-json\/wp\/v2\/posts\/39934\/revisions"}],"predecessor-version":[{"id":39935,"href":"https:\/\/progettotouring.it\/radiotouring104\/wp-json\/wp\/v2\/posts\/39934\/revisions\/39935"}],"wp:featuredmedia":[{"embeddable":true,"href":"https:\/\/progettotouring.it\/radiotouring104\/wp-json\/wp\/v2\/media\/12590"}],"wp:attachment":[{"href":"https:\/\/progettotouring.it\/radiotouring104\/wp-json\/wp\/v2\/media?parent=39934"}],"wp:term":[{"taxonomy":"category","embeddable":true,"href":"https:\/\/progettotouring.it\/radiotouring104\/wp-json\/wp\/v2\/categories?post=39934"},{"taxonomy":"post_tag","embeddable":true,"href":"https:\/\/progettotouring.it\/radiotouring104\/wp-json\/wp\/v2\/tags?post=39934"}],"curies":[{"name":"wp","href":"https:\/\/api.w.org\/{rel}","templated":true}]}}