{"id":39944,"date":"2023-11-27T12:58:30","date_gmt":"2023-11-27T11:58:30","guid":{"rendered":"https:\/\/progettotouring.it\/radiotouring104\/?p=39944"},"modified":"2023-11-27T12:58:30","modified_gmt":"2023-11-27T11:58:30","slug":"villa-san-giovanni-domani-il-seminario-di-studi-25-novembre-sempre-contro-la-violenza-sulle-donne-sotto-tutti-gli-aspetti","status":"publish","type":"post","link":"https:\/\/progettotouring.it\/radiotouring104\/2023\/11\/27\/villa-san-giovanni-domani-il-seminario-di-studi-25-novembre-sempre-contro-la-violenza-sulle-donne-sotto-tutti-gli-aspetti\/","title":{"rendered":"Villa San Giovanni: domani il Seminario di studi &#8220;25 Novembre sempre&#8221; contro la Violenza sulle Donne sotto tutti gli aspetti"},"content":{"rendered":"<div dir=\"auto\" style=\"text-align: justify\"><strong>Domani, alle 16:00, nell&#8217;Aula Magna della scuola elementare &#8220;GIOVANNI XXIII&#8221;,<\/strong> nell&#8217;ambito della <em>&#8220;Giornata Internazionale contro la Violenza sulle Donne&#8221;,<\/em> <strong>avr\u00e0 luogo il Seminario di studi &#8220;25 Novembre sempre&#8221;, riguardante le problematiche femminili della Violenza subita, sotto tutti i suoi aspetti.<\/strong><\/div>\n<div dir=\"auto\" style=\"text-align: justify\"><\/div>\n<div dir=\"auto\" style=\"text-align: justify\">Dopo i saluti iniziali &#8211; <strong>interverranno Giusy Caminiti,<\/strong> Sindaco di Villa San Giovanni, <strong>Giovanni Bombardieri,<\/strong> Procuratore della Repubblica di Reggio Calabria, <strong>Rosario Infantino,<\/strong> Presidente dell\u2019Ordine degli avvocati della Provincia di Reggio Calabria, <strong>Ana Navarro Ortega<\/strong>, Direttore Istituto Cervantes Napoli<strong>, Rosa Fontana,<\/strong> Presidente associazione Calabria-Spagna,<strong> Renata Melissari,<\/strong> Presidente associazione C.I.F. comunale Reggio Calabria &#8211; il seminario registrer\u00e0 le relazioni di un parterre illustre: <strong>Sara Amerio<\/strong>, magistrato D.D.A. di Reggio Calabria (\u201cLa prostituzione forzata come uso supremo della donna\u201d); <strong>Angelo Gaglioti<\/strong>, sostituto procuratore della Repubblica del Tribunale dei Minorenni di Reggio Calabria (&#8220;LA violenza domestica alla madre, in presenza dei figli minori&#8221;); <strong>Cristina Segura Garc\u00eda,<\/strong> psichiatra, docente UniCZ, console di Spagna per la Calabria (&#8220;Aspetti psicologici della violenza di genere&#8221;); <strong>Ottavio Sferlazza,<\/strong> gi\u00e0 Procuratore della Repubblica di Palmi (\u201cDalla Violenza alla persona al Femminicidio: un Modello Culturale alle origini della Violenza di genere\u201d).<\/div>\n<div dir=\"auto\" style=\"text-align: justify\"><\/div>\n<div dir=\"auto\" style=\"text-align: justify\"><em>\u201cSi conclude con questo interessantissimo seminario organizzato dall\u2019associazione Calabria-Spagna, grazie al preziosissimo lavoro della presidente Rosa Fontana<\/em> \u2013 <strong>dichiara Giusy Caminiti, sindaco della Citt\u00e0<\/strong> &#8211; <em>una settimana ricca di eventi, durante la quale la Comunit\u00e0 ha dimostrato grande sensibilit\u00e0: le associazioni, gli istituti scolastici, la \u201cPanchina \u201cRossa\u201d in Piazza Valsesia hanno attenzionato questa giornata internazionale con le manifestazioni del 21, del 23 e del 25 novembre, perch\u00e9 il senso di questa giornata non si svilisca nel ricordo delle vittime ma sia un impegno da parte di tutti noi. L\u2019Amministrazione comunale, dal canto suo, ha votato all\u2019unanimit\u00e0 delibere di indirizzo ed ha sottoscritto convenzioni per rendere concreta la responsabilit\u00e0 istituzionale di fronte ad un fenomeno che scuote le coscienze e mina il vivere civile. \u2018Ricominciamo da noi\u2019 \u00e8 il monito che abbiamo inteso lanciare in questi giorni: da noi istituzioni, da noi famiglie, da noi comunit\u00e0 educanti. Villa San Giovanni con le sue parti sociali, tutte, sapr\u00e0 affermare il rispetto delle libert\u00e0 individuali, anche e soprattutto quelle delle donne\u201d.<\/em><\/div>\n<div dir=\"auto\" style=\"text-align: justify\"><\/div>\n<div dir=\"auto\" style=\"text-align: justify\">L\u2019evento \u00e8 stato accreditato dall\u2019Ordine degli avvocati della Provincia di Reggio Calabria, con il rilascio di un attestato valido ai fini di legge.<\/div>\n","protected":false},"excerpt":{"rendered":"<p>Domani, alle 16:00, nell&#8217;Aula Magna della scuola elementare &#8220;GIOVANNI XXIII&#8221;, nell&#8217;ambito della &#8220;Giornata Internazionale contro la Violenza sulle Donne&#8221;, avr\u00e0 luogo il Seminario di studi &#8220;25 Novembre sempre&#8221;, riguardante le&hellip;<\/p>\n","protected":false},"author":12,"featured_media":39945,"comment_status":"closed","ping_status":"open","sticky":false,"template":"","format":"standard","meta":{"_jetpack_memberships_contains_paid_content":false,"footnotes":"","jetpack_publicize_message":"","jetpack_publicize_feature_enabled":true,"jetpack_social_post_already_shared":false,"jetpack_social_options":{"image_generator_settings":{"template":"highway","default_image_id":0,"font":"","enabled":false},"version":2}},"categories":[921,196,140],"tags":[24795,23128,6249,452,2398,24796,24793,24794],"class_list":["post-39944","post","type-post","status-publish","format-standard","has-post-thumbnail","hentry","category-home","category-news","category-reggio-calabria","tag-angelo-gaglioti","tag-comune-villa-san-giovanni","tag-giornata-internazionale-contro-la-violenza-sulle-donne","tag-giovanni-bombardieri","tag-rosa-fontana","tag-sara-amerio","tag-scuola-elementare-giovanni-xxiii","tag-seminario-di-studi-25-novembre-sempre"],"yoast_head":"<!-- This site is optimized with the Yoast SEO plugin v27.2 - https:\/\/yoast.com\/product\/yoast-seo-wordpress\/ -->\n<title>Villa SG: domani il Seminario di studi &quot;25 Novembre sempre&quot;<\/title>\n<meta name=\"description\" content=\"Domani, alle 16:00, nell&#039;Aula Magna della scuola elementare &quot;GIOVANNI XXIII&quot;, il Seminario sulla violenza subita, sotto tutti i suoi aspetti\" \/>\n<meta name=\"robots\" content=\"index, follow, max-snippet:-1, max-image-preview:large, max-video-preview:-1\" \/>\n<link rel=\"canonical\" href=\"https:\/\/progettotouring.it\/radiotouring104\/2023\/11\/27\/villa-san-giovanni-domani-il-seminario-di-studi-25-novembre-sempre-contro-la-violenza-sulle-donne-sotto-tutti-gli-aspetti\/\" \/>\n<meta property=\"og:locale\" content=\"it_IT\" \/>\n<meta property=\"og:type\" content=\"article\" \/>\n<meta property=\"og:title\" content=\"Villa SG: domani il Seminario di studi &quot;25 Novembre sempre&quot;\" \/>\n<meta property=\"og:description\" content=\"Domani, alle 16:00, nell&#039;Aula Magna della scuola elementare &quot;GIOVANNI XXIII&quot;, il Seminario sulla violenza subita, sotto tutti i suoi aspetti\" \/>\n<meta property=\"og:url\" content=\"https:\/\/progettotouring.it\/radiotouring104\/2023\/11\/27\/villa-san-giovanni-domani-il-seminario-di-studi-25-novembre-sempre-contro-la-violenza-sulle-donne-sotto-tutti-gli-aspetti\/\" \/>\n<meta property=\"og:site_name\" content=\"Radio Touring 104\" \/>\n<meta property=\"article:published_time\" content=\"2023-11-27T11:58:30+00:00\" \/>\n<meta property=\"og:image\" content=\"https:\/\/progettotouring.it\/radiotouring104\/wp-content\/uploads\/sites\/6\/2023\/11\/25-novembre-sempre-Villa-San-Giovanni.jpg\" \/>\n\t<meta property=\"og:image:width\" content=\"1280\" \/>\n\t<meta property=\"og:image:height\" content=\"720\" \/>\n\t<meta property=\"og:image:type\" content=\"image\/jpeg\" \/>\n<meta name=\"author\" content=\"Sebastiano Plutino\" \/>\n<meta name=\"twitter:card\" content=\"summary_large_image\" \/>\n<meta name=\"twitter:label1\" content=\"Scritto da\" \/>\n\t<meta name=\"twitter:data1\" content=\"Sebastiano Plutino\" \/>\n\t<meta name=\"twitter:label2\" content=\"Tempo di lettura stimato\" \/>\n\t<meta name=\"twitter:data2\" content=\"2 minuti\" \/>\n<script type=\"application\/ld+json\" class=\"yoast-schema-graph\">{\"@context\":\"https:\/\/schema.org\",\"@graph\":[{\"@type\":\"Article\",\"@id\":\"https:\/\/progettotouring.it\/radiotouring104\/2023\/11\/27\/villa-san-giovanni-domani-il-seminario-di-studi-25-novembre-sempre-contro-la-violenza-sulle-donne-sotto-tutti-gli-aspetti\/#article\",\"isPartOf\":{\"@id\":\"https:\/\/progettotouring.it\/radiotouring104\/2023\/11\/27\/villa-san-giovanni-domani-il-seminario-di-studi-25-novembre-sempre-contro-la-violenza-sulle-donne-sotto-tutti-gli-aspetti\/\"},\"author\":{\"name\":\"Sebastiano Plutino\",\"@id\":\"https:\/\/progettotouring.it\/radiotouring104\/#\/schema\/person\/78613917f1851f041f7483f5af1d422e\"},\"headline\":\"Villa San Giovanni: domani il Seminario di studi &#8220;25 Novembre sempre&#8221; contro la Violenza sulle Donne sotto tutti gli aspetti\",\"datePublished\":\"2023-11-27T11:58:30+00:00\",\"mainEntityOfPage\":{\"@id\":\"https:\/\/progettotouring.it\/radiotouring104\/2023\/11\/27\/villa-san-giovanni-domani-il-seminario-di-studi-25-novembre-sempre-contro-la-violenza-sulle-donne-sotto-tutti-gli-aspetti\/\"},\"wordCount\":394,\"publisher\":{\"@id\":\"https:\/\/progettotouring.it\/radiotouring104\/#organization\"},\"image\":{\"@id\":\"https:\/\/progettotouring.it\/radiotouring104\/2023\/11\/27\/villa-san-giovanni-domani-il-seminario-di-studi-25-novembre-sempre-contro-la-violenza-sulle-donne-sotto-tutti-gli-aspetti\/#primaryimage\"},\"thumbnailUrl\":\"https:\/\/progettotouring.it\/radiotouring104\/wp-content\/uploads\/sites\/6\/2023\/11\/25-novembre-sempre-Villa-San-Giovanni.jpg\",\"keywords\":[\"Angelo Gaglioti\",\"Comune Villa San Giovanni\",\"Giornata Internazionale contro la Violenza sulle Donne\",\"Giovanni Bombardieri\",\"rosa fontana\",\"Sara Amerio\",\"scuola elementare \\\"GIOVANNI XXIII\\\"\",\"Seminario di studi \\\"25 Novembre sempre\\\"\"],\"articleSection\":[\"Home\",\"News\",\"Reggio Calabria\"],\"inLanguage\":\"it-IT\"},{\"@type\":\"WebPage\",\"@id\":\"https:\/\/progettotouring.it\/radiotouring104\/2023\/11\/27\/villa-san-giovanni-domani-il-seminario-di-studi-25-novembre-sempre-contro-la-violenza-sulle-donne-sotto-tutti-gli-aspetti\/\",\"url\":\"https:\/\/progettotouring.it\/radiotouring104\/2023\/11\/27\/villa-san-giovanni-domani-il-seminario-di-studi-25-novembre-sempre-contro-la-violenza-sulle-donne-sotto-tutti-gli-aspetti\/\",\"name\":\"Villa SG: domani il Seminario di studi \\\"25 Novembre sempre\\\"\",\"isPartOf\":{\"@id\":\"https:\/\/progettotouring.it\/radiotouring104\/#website\"},\"primaryImageOfPage\":{\"@id\":\"https:\/\/progettotouring.it\/radiotouring104\/2023\/11\/27\/villa-san-giovanni-domani-il-seminario-di-studi-25-novembre-sempre-contro-la-violenza-sulle-donne-sotto-tutti-gli-aspetti\/#primaryimage\"},\"image\":{\"@id\":\"https:\/\/progettotouring.it\/radiotouring104\/2023\/11\/27\/villa-san-giovanni-domani-il-seminario-di-studi-25-novembre-sempre-contro-la-violenza-sulle-donne-sotto-tutti-gli-aspetti\/#primaryimage\"},\"thumbnailUrl\":\"https:\/\/progettotouring.it\/radiotouring104\/wp-content\/uploads\/sites\/6\/2023\/11\/25-novembre-sempre-Villa-San-Giovanni.jpg\",\"datePublished\":\"2023-11-27T11:58:30+00:00\",\"description\":\"Domani, alle 16:00, nell'Aula Magna della scuola elementare \\\"GIOVANNI XXIII\\\", il Seminario sulla violenza subita, sotto tutti i suoi aspetti\",\"breadcrumb\":{\"@id\":\"https:\/\/progettotouring.it\/radiotouring104\/2023\/11\/27\/villa-san-giovanni-domani-il-seminario-di-studi-25-novembre-sempre-contro-la-violenza-sulle-donne-sotto-tutti-gli-aspetti\/#breadcrumb\"},\"inLanguage\":\"it-IT\",\"potentialAction\":[{\"@type\":\"ReadAction\",\"target\":[\"https:\/\/progettotouring.it\/radiotouring104\/2023\/11\/27\/villa-san-giovanni-domani-il-seminario-di-studi-25-novembre-sempre-contro-la-violenza-sulle-donne-sotto-tutti-gli-aspetti\/\"]}]},{\"@type\":\"ImageObject\",\"inLanguage\":\"it-IT\",\"@id\":\"https:\/\/progettotouring.it\/radiotouring104\/2023\/11\/27\/villa-san-giovanni-domani-il-seminario-di-studi-25-novembre-sempre-contro-la-violenza-sulle-donne-sotto-tutti-gli-aspetti\/#primaryimage\",\"url\":\"https:\/\/progettotouring.it\/radiotouring104\/wp-content\/uploads\/sites\/6\/2023\/11\/25-novembre-sempre-Villa-San-Giovanni.jpg\",\"contentUrl\":\"https:\/\/progettotouring.it\/radiotouring104\/wp-content\/uploads\/sites\/6\/2023\/11\/25-novembre-sempre-Villa-San-Giovanni.jpg\",\"width\":1280,\"height\":720},{\"@type\":\"BreadcrumbList\",\"@id\":\"https:\/\/progettotouring.it\/radiotouring104\/2023\/11\/27\/villa-san-giovanni-domani-il-seminario-di-studi-25-novembre-sempre-contro-la-violenza-sulle-donne-sotto-tutti-gli-aspetti\/#breadcrumb\",\"itemListElement\":[{\"@type\":\"ListItem\",\"position\":1,\"name\":\"Home\",\"item\":\"https:\/\/progettotouring.it\/radiotouring104\/\"},{\"@type\":\"ListItem\",\"position\":2,\"name\":\"Villa San Giovanni: domani il Seminario di studi &#8220;25 Novembre sempre&#8221; contro la Violenza sulle Donne sotto tutti gli aspetti\"}]},{\"@type\":\"WebSite\",\"@id\":\"https:\/\/progettotouring.it\/radiotouring104\/#website\",\"url\":\"https:\/\/progettotouring.it\/radiotouring104\/\",\"name\":\"Radio Touring 104\",\"description\":\"La prima radio Reggina\",\"publisher\":{\"@id\":\"https:\/\/progettotouring.it\/radiotouring104\/#organization\"},\"potentialAction\":[{\"@type\":\"SearchAction\",\"target\":{\"@type\":\"EntryPoint\",\"urlTemplate\":\"https:\/\/progettotouring.it\/radiotouring104\/?s={search_term_string}\"},\"query-input\":{\"@type\":\"PropertyValueSpecification\",\"valueRequired\":true,\"valueName\":\"search_term_string\"}}],\"inLanguage\":\"it-IT\"},{\"@type\":\"Organization\",\"@id\":\"https:\/\/progettotouring.it\/radiotouring104\/#organization\",\"name\":\"Radio Touring 104\",\"url\":\"https:\/\/progettotouring.it\/radiotouring104\/\",\"logo\":{\"@type\":\"ImageObject\",\"inLanguage\":\"it-IT\",\"@id\":\"https:\/\/progettotouring.it\/radiotouring104\/#\/schema\/logo\/image\/\",\"url\":\"https:\/\/progettotouring.it\/radiotouring104\/wp-content\/uploads\/sites\/6\/2022\/02\/cropped-logo-radio-touring-104.png\",\"contentUrl\":\"https:\/\/progettotouring.it\/radiotouring104\/wp-content\/uploads\/sites\/6\/2022\/02\/cropped-logo-radio-touring-104.png\",\"width\":377,\"height\":182,\"caption\":\"Radio Touring 104\"},\"image\":{\"@id\":\"https:\/\/progettotouring.it\/radiotouring104\/#\/schema\/logo\/image\/\"}},{\"@type\":\"Person\",\"@id\":\"https:\/\/progettotouring.it\/radiotouring104\/#\/schema\/person\/78613917f1851f041f7483f5af1d422e\",\"name\":\"Sebastiano Plutino\",\"image\":{\"@type\":\"ImageObject\",\"inLanguage\":\"it-IT\",\"@id\":\"https:\/\/secure.gravatar.com\/avatar\/0546ffaa9b79224faf9f2a156b67a529ae861d3287c66c1d8ccfdf909bcba78d?s=96&d=mm&r=g\",\"url\":\"https:\/\/secure.gravatar.com\/avatar\/0546ffaa9b79224faf9f2a156b67a529ae861d3287c66c1d8ccfdf909bcba78d?s=96&d=mm&r=g\",\"contentUrl\":\"https:\/\/secure.gravatar.com\/avatar\/0546ffaa9b79224faf9f2a156b67a529ae861d3287c66c1d8ccfdf909bcba78d?s=96&d=mm&r=g\",\"caption\":\"Sebastiano Plutino\"},\"url\":\"https:\/\/progettotouring.it\/radiotouring104\/author\/sebastiano\/\"}]}<\/script>\n<!-- \/ Yoast SEO plugin. -->","yoast_head_json":{"title":"Villa SG: domani il Seminario di studi \"25 Novembre sempre\"","description":"Domani, alle 16:00, nell'Aula Magna della scuola elementare \"GIOVANNI XXIII\", il Seminario sulla violenza subita, sotto tutti i suoi aspetti","robots":{"index":"index","follow":"follow","max-snippet":"max-snippet:-1","max-image-preview":"max-image-preview:large","max-video-preview":"max-video-preview:-1"},"canonical":"https:\/\/progettotouring.it\/radiotouring104\/2023\/11\/27\/villa-san-giovanni-domani-il-seminario-di-studi-25-novembre-sempre-contro-la-violenza-sulle-donne-sotto-tutti-gli-aspetti\/","og_locale":"it_IT","og_type":"article","og_title":"Villa SG: domani il Seminario di studi \"25 Novembre sempre\"","og_description":"Domani, alle 16:00, nell'Aula Magna della scuola elementare \"GIOVANNI XXIII\", il Seminario sulla violenza subita, sotto tutti i suoi aspetti","og_url":"https:\/\/progettotouring.it\/radiotouring104\/2023\/11\/27\/villa-san-giovanni-domani-il-seminario-di-studi-25-novembre-sempre-contro-la-violenza-sulle-donne-sotto-tutti-gli-aspetti\/","og_site_name":"Radio Touring 104","article_published_time":"2023-11-27T11:58:30+00:00","og_image":[{"width":1280,"height":720,"url":"https:\/\/progettotouring.it\/radiotouring104\/wp-content\/uploads\/sites\/6\/2023\/11\/25-novembre-sempre-Villa-San-Giovanni.jpg","type":"image\/jpeg"}],"author":"Sebastiano Plutino","twitter_card":"summary_large_image","twitter_misc":{"Scritto da":"Sebastiano Plutino","Tempo di lettura stimato":"2 minuti"},"schema":{"@context":"https:\/\/schema.org","@graph":[{"@type":"Article","@id":"https:\/\/progettotouring.it\/radiotouring104\/2023\/11\/27\/villa-san-giovanni-domani-il-seminario-di-studi-25-novembre-sempre-contro-la-violenza-sulle-donne-sotto-tutti-gli-aspetti\/#article","isPartOf":{"@id":"https:\/\/progettotouring.it\/radiotouring104\/2023\/11\/27\/villa-san-giovanni-domani-il-seminario-di-studi-25-novembre-sempre-contro-la-violenza-sulle-donne-sotto-tutti-gli-aspetti\/"},"author":{"name":"Sebastiano Plutino","@id":"https:\/\/progettotouring.it\/radiotouring104\/#\/schema\/person\/78613917f1851f041f7483f5af1d422e"},"headline":"Villa San Giovanni: domani il Seminario di studi &#8220;25 Novembre sempre&#8221; contro la Violenza sulle Donne sotto tutti gli aspetti","datePublished":"2023-11-27T11:58:30+00:00","mainEntityOfPage":{"@id":"https:\/\/progettotouring.it\/radiotouring104\/2023\/11\/27\/villa-san-giovanni-domani-il-seminario-di-studi-25-novembre-sempre-contro-la-violenza-sulle-donne-sotto-tutti-gli-aspetti\/"},"wordCount":394,"publisher":{"@id":"https:\/\/progettotouring.it\/radiotouring104\/#organization"},"image":{"@id":"https:\/\/progettotouring.it\/radiotouring104\/2023\/11\/27\/villa-san-giovanni-domani-il-seminario-di-studi-25-novembre-sempre-contro-la-violenza-sulle-donne-sotto-tutti-gli-aspetti\/#primaryimage"},"thumbnailUrl":"https:\/\/progettotouring.it\/radiotouring104\/wp-content\/uploads\/sites\/6\/2023\/11\/25-novembre-sempre-Villa-San-Giovanni.jpg","keywords":["Angelo Gaglioti","Comune Villa San Giovanni","Giornata Internazionale contro la Violenza sulle Donne","Giovanni Bombardieri","rosa fontana","Sara Amerio","scuola elementare \"GIOVANNI XXIII\"","Seminario di studi \"25 Novembre sempre\""],"articleSection":["Home","News","Reggio Calabria"],"inLanguage":"it-IT"},{"@type":"WebPage","@id":"https:\/\/progettotouring.it\/radiotouring104\/2023\/11\/27\/villa-san-giovanni-domani-il-seminario-di-studi-25-novembre-sempre-contro-la-violenza-sulle-donne-sotto-tutti-gli-aspetti\/","url":"https:\/\/progettotouring.it\/radiotouring104\/2023\/11\/27\/villa-san-giovanni-domani-il-seminario-di-studi-25-novembre-sempre-contro-la-violenza-sulle-donne-sotto-tutti-gli-aspetti\/","name":"Villa SG: domani il Seminario di studi \"25 Novembre sempre\"","isPartOf":{"@id":"https:\/\/progettotouring.it\/radiotouring104\/#website"},"primaryImageOfPage":{"@id":"https:\/\/progettotouring.it\/radiotouring104\/2023\/11\/27\/villa-san-giovanni-domani-il-seminario-di-studi-25-novembre-sempre-contro-la-violenza-sulle-donne-sotto-tutti-gli-aspetti\/#primaryimage"},"image":{"@id":"https:\/\/progettotouring.it\/radiotouring104\/2023\/11\/27\/villa-san-giovanni-domani-il-seminario-di-studi-25-novembre-sempre-contro-la-violenza-sulle-donne-sotto-tutti-gli-aspetti\/#primaryimage"},"thumbnailUrl":"https:\/\/progettotouring.it\/radiotouring104\/wp-content\/uploads\/sites\/6\/2023\/11\/25-novembre-sempre-Villa-San-Giovanni.jpg","datePublished":"2023-11-27T11:58:30+00:00","description":"Domani, alle 16:00, nell'Aula Magna della scuola elementare \"GIOVANNI XXIII\", il Seminario sulla violenza subita, sotto tutti i suoi aspetti","breadcrumb":{"@id":"https:\/\/progettotouring.it\/radiotouring104\/2023\/11\/27\/villa-san-giovanni-domani-il-seminario-di-studi-25-novembre-sempre-contro-la-violenza-sulle-donne-sotto-tutti-gli-aspetti\/#breadcrumb"},"inLanguage":"it-IT","potentialAction":[{"@type":"ReadAction","target":["https:\/\/progettotouring.it\/radiotouring104\/2023\/11\/27\/villa-san-giovanni-domani-il-seminario-di-studi-25-novembre-sempre-contro-la-violenza-sulle-donne-sotto-tutti-gli-aspetti\/"]}]},{"@type":"ImageObject","inLanguage":"it-IT","@id":"https:\/\/progettotouring.it\/radiotouring104\/2023\/11\/27\/villa-san-giovanni-domani-il-seminario-di-studi-25-novembre-sempre-contro-la-violenza-sulle-donne-sotto-tutti-gli-aspetti\/#primaryimage","url":"https:\/\/progettotouring.it\/radiotouring104\/wp-content\/uploads\/sites\/6\/2023\/11\/25-novembre-sempre-Villa-San-Giovanni.jpg","contentUrl":"https:\/\/progettotouring.it\/radiotouring104\/wp-content\/uploads\/sites\/6\/2023\/11\/25-novembre-sempre-Villa-San-Giovanni.jpg","width":1280,"height":720},{"@type":"BreadcrumbList","@id":"https:\/\/progettotouring.it\/radiotouring104\/2023\/11\/27\/villa-san-giovanni-domani-il-seminario-di-studi-25-novembre-sempre-contro-la-violenza-sulle-donne-sotto-tutti-gli-aspetti\/#breadcrumb","itemListElement":[{"@type":"ListItem","position":1,"name":"Home","item":"https:\/\/progettotouring.it\/radiotouring104\/"},{"@type":"ListItem","position":2,"name":"Villa San Giovanni: domani il Seminario di studi &#8220;25 Novembre sempre&#8221; contro la Violenza sulle Donne sotto tutti gli aspetti"}]},{"@type":"WebSite","@id":"https:\/\/progettotouring.it\/radiotouring104\/#website","url":"https:\/\/progettotouring.it\/radiotouring104\/","name":"Radio Touring 104","description":"La prima radio Reggina","publisher":{"@id":"https:\/\/progettotouring.it\/radiotouring104\/#organization"},"potentialAction":[{"@type":"SearchAction","target":{"@type":"EntryPoint","urlTemplate":"https:\/\/progettotouring.it\/radiotouring104\/?s={search_term_string}"},"query-input":{"@type":"PropertyValueSpecification","valueRequired":true,"valueName":"search_term_string"}}],"inLanguage":"it-IT"},{"@type":"Organization","@id":"https:\/\/progettotouring.it\/radiotouring104\/#organization","name":"Radio Touring 104","url":"https:\/\/progettotouring.it\/radiotouring104\/","logo":{"@type":"ImageObject","inLanguage":"it-IT","@id":"https:\/\/progettotouring.it\/radiotouring104\/#\/schema\/logo\/image\/","url":"https:\/\/progettotouring.it\/radiotouring104\/wp-content\/uploads\/sites\/6\/2022\/02\/cropped-logo-radio-touring-104.png","contentUrl":"https:\/\/progettotouring.it\/radiotouring104\/wp-content\/uploads\/sites\/6\/2022\/02\/cropped-logo-radio-touring-104.png","width":377,"height":182,"caption":"Radio Touring 104"},"image":{"@id":"https:\/\/progettotouring.it\/radiotouring104\/#\/schema\/logo\/image\/"}},{"@type":"Person","@id":"https:\/\/progettotouring.it\/radiotouring104\/#\/schema\/person\/78613917f1851f041f7483f5af1d422e","name":"Sebastiano Plutino","image":{"@type":"ImageObject","inLanguage":"it-IT","@id":"https:\/\/secure.gravatar.com\/avatar\/0546ffaa9b79224faf9f2a156b67a529ae861d3287c66c1d8ccfdf909bcba78d?s=96&d=mm&r=g","url":"https:\/\/secure.gravatar.com\/avatar\/0546ffaa9b79224faf9f2a156b67a529ae861d3287c66c1d8ccfdf909bcba78d?s=96&d=mm&r=g","contentUrl":"https:\/\/secure.gravatar.com\/avatar\/0546ffaa9b79224faf9f2a156b67a529ae861d3287c66c1d8ccfdf909bcba78d?s=96&d=mm&r=g","caption":"Sebastiano Plutino"},"url":"https:\/\/progettotouring.it\/radiotouring104\/author\/sebastiano\/"}]}},"jetpack_publicize_connections":[],"jetpack_featured_media_url":"https:\/\/progettotouring.it\/radiotouring104\/wp-content\/uploads\/sites\/6\/2023\/11\/25-novembre-sempre-Villa-San-Giovanni.jpg","jetpack_sharing_enabled":true,"_links":{"self":[{"href":"https:\/\/progettotouring.it\/radiotouring104\/wp-json\/wp\/v2\/posts\/39944","targetHints":{"allow":["GET"]}}],"collection":[{"href":"https:\/\/progettotouring.it\/radiotouring104\/wp-json\/wp\/v2\/posts"}],"about":[{"href":"https:\/\/progettotouring.it\/radiotouring104\/wp-json\/wp\/v2\/types\/post"}],"author":[{"embeddable":true,"href":"https:\/\/progettotouring.it\/radiotouring104\/wp-json\/wp\/v2\/users\/12"}],"replies":[{"embeddable":true,"href":"https:\/\/progettotouring.it\/radiotouring104\/wp-json\/wp\/v2\/comments?post=39944"}],"version-history":[{"count":1,"href":"https:\/\/progettotouring.it\/radiotouring104\/wp-json\/wp\/v2\/posts\/39944\/revisions"}],"predecessor-version":[{"id":39946,"href":"https:\/\/progettotouring.it\/radiotouring104\/wp-json\/wp\/v2\/posts\/39944\/revisions\/39946"}],"wp:featuredmedia":[{"embeddable":true,"href":"https:\/\/progettotouring.it\/radiotouring104\/wp-json\/wp\/v2\/media\/39945"}],"wp:attachment":[{"href":"https:\/\/progettotouring.it\/radiotouring104\/wp-json\/wp\/v2\/media?parent=39944"}],"wp:term":[{"taxonomy":"category","embeddable":true,"href":"https:\/\/progettotouring.it\/radiotouring104\/wp-json\/wp\/v2\/categories?post=39944"},{"taxonomy":"post_tag","embeddable":true,"href":"https:\/\/progettotouring.it\/radiotouring104\/wp-json\/wp\/v2\/tags?post=39944"}],"curies":[{"name":"wp","href":"https:\/\/api.w.org\/{rel}","templated":true}]}}