{"id":39947,"date":"2023-11-27T13:06:16","date_gmt":"2023-11-27T12:06:16","guid":{"rendered":"https:\/\/progettotouring.it\/radiotouring104\/?p=39947"},"modified":"2023-11-27T13:06:16","modified_gmt":"2023-11-27T12:06:16","slug":"museo-e-parco-archeologico-archeoderi-i-nuovi-orari-dal-1-dicembre","status":"publish","type":"post","link":"https:\/\/progettotouring.it\/radiotouring104\/2023\/11\/27\/museo-e-parco-archeologico-archeoderi-i-nuovi-orari-dal-1-dicembre\/","title":{"rendered":"Museo e Parco archeologico Archeoderi: i nuovi orari dal 1\u00b0 dicembre"},"content":{"rendered":"<p style=\"text-align: justify\">Grazie al progetto di miglioramento dei servizi resi all\u2019utenza, <strong>dal 1 dicembre <\/strong>pv e per i successivi tre mesi,<strong> il Museo e Parco archeologico Archeoderi di Bova Marina amplier\u00e0 gli orari di visita garantendo la fruizione del sito ogni domenica,<\/strong> nei consueti orari dalle ore 8.30 alle ore 14.00, con ingresso gratuito. Maggiori saranno quindi le opportunit\u00e0 per scoprire la seconda sinagoga pi\u00f9 antica in Occidente.<\/p>\n<p style=\"text-align: justify\"><em>\u00abLa notizia buona non \u00e8 solo l\u2019ampliamento degli orari di visita ma soprattutto l\u2019offerta di una migliore esperienza di visita. Nelle scorse settimane infatti il Parco \u00e8 stato interessato da alcuni importanti lavori di manutenzione straordinaria che presenteremo ufficialmente in una iniziativa dedicata. Tali attivit\u00e0 si inseriscono in un programma di investimenti del Ministero della Cultura che si tradurranno in interventi ben pi\u00f9 ampi da condursi per tutto il 2024. Abbiamo avviato un percorso lungo e complesso, frutto di un lavoro spesso silenzioso, ma da oggi possiamo iniziare a mostrare i primi segni tangibili dell\u2019impegno che stiamo investendo per il rilancio e la valorizzazione di Archeoderi<\/em>\u00bb <strong>ha commentato la direttrice Elena Trunfio.<\/strong><\/p>\n<p style=\"text-align: justify\">Si ricorda inoltre che il Parco offre anche una proposta didattica per le scuole primarie e secondarie, con visite guidate dedicate e laboratori gratuiti di scavo simulato, di rilievo e musealizzazione dei reperti. Per informazioni sulle attivit\u00e0 dedicate al pubblico in et\u00e0 scolare e, pi\u00f9 in generale, sui servizi di supporto alla visita, \u00e8 possibile richiedere informazioni ai seguenti recapiti: <a href=\"mailto:drm-cal.archeoderi@cultura.gov.it\">drm-cal.archeoderi@cultura.gov.it<\/a> \u2013 cell. 334.6561714.<\/p>\n","protected":false},"excerpt":{"rendered":"<p>Grazie al progetto di miglioramento dei servizi resi all\u2019utenza, dal 1 dicembre pv e per i successivi tre mesi, il Museo e Parco archeologico Archeoderi di Bova Marina amplier\u00e0 gli&hellip;<\/p>\n","protected":false},"author":12,"featured_media":39948,"comment_status":"closed","ping_status":"open","sticky":false,"template":"","format":"standard","meta":{"_jetpack_memberships_contains_paid_content":false,"footnotes":"","jetpack_publicize_message":"","jetpack_publicize_feature_enabled":true,"jetpack_social_post_already_shared":false,"jetpack_social_options":{"image_generator_settings":{"template":"highway","default_image_id":0,"font":"","enabled":false},"version":2}},"categories":[921,196,140],"tags":[2255,2997,12301,24797],"class_list":["post-39947","post","type-post","status-publish","format-standard","has-post-thumbnail","hentry","category-home","category-news","category-reggio-calabria","tag-bova-marina","tag-elena-trunfio","tag-museo-e-parco-archeologico-archeoderi","tag-nuovi-orari-dal-1-dicembre"],"yoast_head":"<!-- This site is optimized with the Yoast SEO plugin v27.2 - https:\/\/yoast.com\/product\/yoast-seo-wordpress\/ -->\n<title>Museo archeologico Archeoderi: nuovi orari dal 1\u00b0 dicembre<\/title>\n<meta name=\"description\" content=\"Il Museo amplier\u00e0 gli orari di visita garantendo la fruizione ogni domenica, negli orari dalle 8.30 alle ore 14.00, con ingresso gratuito\" \/>\n<meta name=\"robots\" content=\"index, follow, max-snippet:-1, max-image-preview:large, max-video-preview:-1\" \/>\n<link rel=\"canonical\" href=\"https:\/\/progettotouring.it\/radiotouring104\/2023\/11\/27\/museo-e-parco-archeologico-archeoderi-i-nuovi-orari-dal-1-dicembre\/\" \/>\n<meta property=\"og:locale\" content=\"it_IT\" \/>\n<meta property=\"og:type\" content=\"article\" \/>\n<meta property=\"og:title\" content=\"Museo archeologico Archeoderi: nuovi orari dal 1\u00b0 dicembre\" \/>\n<meta property=\"og:description\" content=\"Il Museo amplier\u00e0 gli orari di visita garantendo la fruizione ogni domenica, negli orari dalle 8.30 alle ore 14.00, con ingresso gratuito\" \/>\n<meta property=\"og:url\" content=\"https:\/\/progettotouring.it\/radiotouring104\/2023\/11\/27\/museo-e-parco-archeologico-archeoderi-i-nuovi-orari-dal-1-dicembre\/\" \/>\n<meta property=\"og:site_name\" content=\"Radio Touring 104\" \/>\n<meta property=\"article:published_time\" content=\"2023-11-27T12:06:16+00:00\" \/>\n<meta property=\"og:image\" content=\"https:\/\/progettotouring.it\/radiotouring104\/wp-content\/uploads\/sites\/6\/2023\/11\/Museo-Archeologico-Archeoderi.jpg\" \/>\n\t<meta property=\"og:image:width\" content=\"1080\" \/>\n\t<meta property=\"og:image:height\" content=\"1080\" \/>\n\t<meta property=\"og:image:type\" content=\"image\/jpeg\" \/>\n<meta name=\"author\" content=\"Sebastiano Plutino\" \/>\n<meta name=\"twitter:card\" content=\"summary_large_image\" \/>\n<meta name=\"twitter:label1\" content=\"Scritto da\" \/>\n\t<meta name=\"twitter:data1\" content=\"Sebastiano Plutino\" \/>\n\t<meta name=\"twitter:label2\" content=\"Tempo di lettura stimato\" \/>\n\t<meta name=\"twitter:data2\" content=\"1 minuto\" \/>\n<script type=\"application\/ld+json\" class=\"yoast-schema-graph\">{\"@context\":\"https:\/\/schema.org\",\"@graph\":[{\"@type\":\"Article\",\"@id\":\"https:\/\/progettotouring.it\/radiotouring104\/2023\/11\/27\/museo-e-parco-archeologico-archeoderi-i-nuovi-orari-dal-1-dicembre\/#article\",\"isPartOf\":{\"@id\":\"https:\/\/progettotouring.it\/radiotouring104\/2023\/11\/27\/museo-e-parco-archeologico-archeoderi-i-nuovi-orari-dal-1-dicembre\/\"},\"author\":{\"name\":\"Sebastiano Plutino\",\"@id\":\"https:\/\/progettotouring.it\/radiotouring104\/#\/schema\/person\/78613917f1851f041f7483f5af1d422e\"},\"headline\":\"Museo e Parco archeologico Archeoderi: i nuovi orari dal 1\u00b0 dicembre\",\"datePublished\":\"2023-11-27T12:06:16+00:00\",\"mainEntityOfPage\":{\"@id\":\"https:\/\/progettotouring.it\/radiotouring104\/2023\/11\/27\/museo-e-parco-archeologico-archeoderi-i-nuovi-orari-dal-1-dicembre\/\"},\"wordCount\":251,\"publisher\":{\"@id\":\"https:\/\/progettotouring.it\/radiotouring104\/#organization\"},\"image\":{\"@id\":\"https:\/\/progettotouring.it\/radiotouring104\/2023\/11\/27\/museo-e-parco-archeologico-archeoderi-i-nuovi-orari-dal-1-dicembre\/#primaryimage\"},\"thumbnailUrl\":\"https:\/\/progettotouring.it\/radiotouring104\/wp-content\/uploads\/sites\/6\/2023\/11\/Museo-Archeologico-Archeoderi.jpg\",\"keywords\":[\"bova marina\",\"Elena Trunfio\",\"Museo e Parco Archeologico Archeoderi\",\"nuovi orari dal 1\u00b0 dicembre\"],\"articleSection\":[\"Home\",\"News\",\"Reggio Calabria\"],\"inLanguage\":\"it-IT\"},{\"@type\":\"WebPage\",\"@id\":\"https:\/\/progettotouring.it\/radiotouring104\/2023\/11\/27\/museo-e-parco-archeologico-archeoderi-i-nuovi-orari-dal-1-dicembre\/\",\"url\":\"https:\/\/progettotouring.it\/radiotouring104\/2023\/11\/27\/museo-e-parco-archeologico-archeoderi-i-nuovi-orari-dal-1-dicembre\/\",\"name\":\"Museo archeologico Archeoderi: nuovi orari dal 1\u00b0 dicembre\",\"isPartOf\":{\"@id\":\"https:\/\/progettotouring.it\/radiotouring104\/#website\"},\"primaryImageOfPage\":{\"@id\":\"https:\/\/progettotouring.it\/radiotouring104\/2023\/11\/27\/museo-e-parco-archeologico-archeoderi-i-nuovi-orari-dal-1-dicembre\/#primaryimage\"},\"image\":{\"@id\":\"https:\/\/progettotouring.it\/radiotouring104\/2023\/11\/27\/museo-e-parco-archeologico-archeoderi-i-nuovi-orari-dal-1-dicembre\/#primaryimage\"},\"thumbnailUrl\":\"https:\/\/progettotouring.it\/radiotouring104\/wp-content\/uploads\/sites\/6\/2023\/11\/Museo-Archeologico-Archeoderi.jpg\",\"datePublished\":\"2023-11-27T12:06:16+00:00\",\"description\":\"Il Museo amplier\u00e0 gli orari di visita garantendo la fruizione ogni domenica, negli orari dalle 8.30 alle ore 14.00, con ingresso gratuito\",\"breadcrumb\":{\"@id\":\"https:\/\/progettotouring.it\/radiotouring104\/2023\/11\/27\/museo-e-parco-archeologico-archeoderi-i-nuovi-orari-dal-1-dicembre\/#breadcrumb\"},\"inLanguage\":\"it-IT\",\"potentialAction\":[{\"@type\":\"ReadAction\",\"target\":[\"https:\/\/progettotouring.it\/radiotouring104\/2023\/11\/27\/museo-e-parco-archeologico-archeoderi-i-nuovi-orari-dal-1-dicembre\/\"]}]},{\"@type\":\"ImageObject\",\"inLanguage\":\"it-IT\",\"@id\":\"https:\/\/progettotouring.it\/radiotouring104\/2023\/11\/27\/museo-e-parco-archeologico-archeoderi-i-nuovi-orari-dal-1-dicembre\/#primaryimage\",\"url\":\"https:\/\/progettotouring.it\/radiotouring104\/wp-content\/uploads\/sites\/6\/2023\/11\/Museo-Archeologico-Archeoderi.jpg\",\"contentUrl\":\"https:\/\/progettotouring.it\/radiotouring104\/wp-content\/uploads\/sites\/6\/2023\/11\/Museo-Archeologico-Archeoderi.jpg\",\"width\":1080,\"height\":1080},{\"@type\":\"BreadcrumbList\",\"@id\":\"https:\/\/progettotouring.it\/radiotouring104\/2023\/11\/27\/museo-e-parco-archeologico-archeoderi-i-nuovi-orari-dal-1-dicembre\/#breadcrumb\",\"itemListElement\":[{\"@type\":\"ListItem\",\"position\":1,\"name\":\"Home\",\"item\":\"https:\/\/progettotouring.it\/radiotouring104\/\"},{\"@type\":\"ListItem\",\"position\":2,\"name\":\"Museo e Parco archeologico Archeoderi: i nuovi orari dal 1\u00b0 dicembre\"}]},{\"@type\":\"WebSite\",\"@id\":\"https:\/\/progettotouring.it\/radiotouring104\/#website\",\"url\":\"https:\/\/progettotouring.it\/radiotouring104\/\",\"name\":\"Radio Touring 104\",\"description\":\"La prima radio Reggina\",\"publisher\":{\"@id\":\"https:\/\/progettotouring.it\/radiotouring104\/#organization\"},\"potentialAction\":[{\"@type\":\"SearchAction\",\"target\":{\"@type\":\"EntryPoint\",\"urlTemplate\":\"https:\/\/progettotouring.it\/radiotouring104\/?s={search_term_string}\"},\"query-input\":{\"@type\":\"PropertyValueSpecification\",\"valueRequired\":true,\"valueName\":\"search_term_string\"}}],\"inLanguage\":\"it-IT\"},{\"@type\":\"Organization\",\"@id\":\"https:\/\/progettotouring.it\/radiotouring104\/#organization\",\"name\":\"Radio Touring 104\",\"url\":\"https:\/\/progettotouring.it\/radiotouring104\/\",\"logo\":{\"@type\":\"ImageObject\",\"inLanguage\":\"it-IT\",\"@id\":\"https:\/\/progettotouring.it\/radiotouring104\/#\/schema\/logo\/image\/\",\"url\":\"https:\/\/progettotouring.it\/radiotouring104\/wp-content\/uploads\/sites\/6\/2022\/02\/cropped-logo-radio-touring-104.png\",\"contentUrl\":\"https:\/\/progettotouring.it\/radiotouring104\/wp-content\/uploads\/sites\/6\/2022\/02\/cropped-logo-radio-touring-104.png\",\"width\":377,\"height\":182,\"caption\":\"Radio Touring 104\"},\"image\":{\"@id\":\"https:\/\/progettotouring.it\/radiotouring104\/#\/schema\/logo\/image\/\"}},{\"@type\":\"Person\",\"@id\":\"https:\/\/progettotouring.it\/radiotouring104\/#\/schema\/person\/78613917f1851f041f7483f5af1d422e\",\"name\":\"Sebastiano Plutino\",\"image\":{\"@type\":\"ImageObject\",\"inLanguage\":\"it-IT\",\"@id\":\"https:\/\/secure.gravatar.com\/avatar\/0546ffaa9b79224faf9f2a156b67a529ae861d3287c66c1d8ccfdf909bcba78d?s=96&d=mm&r=g\",\"url\":\"https:\/\/secure.gravatar.com\/avatar\/0546ffaa9b79224faf9f2a156b67a529ae861d3287c66c1d8ccfdf909bcba78d?s=96&d=mm&r=g\",\"contentUrl\":\"https:\/\/secure.gravatar.com\/avatar\/0546ffaa9b79224faf9f2a156b67a529ae861d3287c66c1d8ccfdf909bcba78d?s=96&d=mm&r=g\",\"caption\":\"Sebastiano Plutino\"},\"url\":\"https:\/\/progettotouring.it\/radiotouring104\/author\/sebastiano\/\"}]}<\/script>\n<!-- \/ Yoast SEO plugin. -->","yoast_head_json":{"title":"Museo archeologico Archeoderi: nuovi orari dal 1\u00b0 dicembre","description":"Il Museo amplier\u00e0 gli orari di visita garantendo la fruizione ogni domenica, negli orari dalle 8.30 alle ore 14.00, con ingresso gratuito","robots":{"index":"index","follow":"follow","max-snippet":"max-snippet:-1","max-image-preview":"max-image-preview:large","max-video-preview":"max-video-preview:-1"},"canonical":"https:\/\/progettotouring.it\/radiotouring104\/2023\/11\/27\/museo-e-parco-archeologico-archeoderi-i-nuovi-orari-dal-1-dicembre\/","og_locale":"it_IT","og_type":"article","og_title":"Museo archeologico Archeoderi: nuovi orari dal 1\u00b0 dicembre","og_description":"Il Museo amplier\u00e0 gli orari di visita garantendo la fruizione ogni domenica, negli orari dalle 8.30 alle ore 14.00, con ingresso gratuito","og_url":"https:\/\/progettotouring.it\/radiotouring104\/2023\/11\/27\/museo-e-parco-archeologico-archeoderi-i-nuovi-orari-dal-1-dicembre\/","og_site_name":"Radio Touring 104","article_published_time":"2023-11-27T12:06:16+00:00","og_image":[{"width":1080,"height":1080,"url":"https:\/\/progettotouring.it\/radiotouring104\/wp-content\/uploads\/sites\/6\/2023\/11\/Museo-Archeologico-Archeoderi.jpg","type":"image\/jpeg"}],"author":"Sebastiano Plutino","twitter_card":"summary_large_image","twitter_misc":{"Scritto da":"Sebastiano Plutino","Tempo di lettura stimato":"1 minuto"},"schema":{"@context":"https:\/\/schema.org","@graph":[{"@type":"Article","@id":"https:\/\/progettotouring.it\/radiotouring104\/2023\/11\/27\/museo-e-parco-archeologico-archeoderi-i-nuovi-orari-dal-1-dicembre\/#article","isPartOf":{"@id":"https:\/\/progettotouring.it\/radiotouring104\/2023\/11\/27\/museo-e-parco-archeologico-archeoderi-i-nuovi-orari-dal-1-dicembre\/"},"author":{"name":"Sebastiano Plutino","@id":"https:\/\/progettotouring.it\/radiotouring104\/#\/schema\/person\/78613917f1851f041f7483f5af1d422e"},"headline":"Museo e Parco archeologico Archeoderi: i nuovi orari dal 1\u00b0 dicembre","datePublished":"2023-11-27T12:06:16+00:00","mainEntityOfPage":{"@id":"https:\/\/progettotouring.it\/radiotouring104\/2023\/11\/27\/museo-e-parco-archeologico-archeoderi-i-nuovi-orari-dal-1-dicembre\/"},"wordCount":251,"publisher":{"@id":"https:\/\/progettotouring.it\/radiotouring104\/#organization"},"image":{"@id":"https:\/\/progettotouring.it\/radiotouring104\/2023\/11\/27\/museo-e-parco-archeologico-archeoderi-i-nuovi-orari-dal-1-dicembre\/#primaryimage"},"thumbnailUrl":"https:\/\/progettotouring.it\/radiotouring104\/wp-content\/uploads\/sites\/6\/2023\/11\/Museo-Archeologico-Archeoderi.jpg","keywords":["bova marina","Elena Trunfio","Museo e Parco Archeologico Archeoderi","nuovi orari dal 1\u00b0 dicembre"],"articleSection":["Home","News","Reggio Calabria"],"inLanguage":"it-IT"},{"@type":"WebPage","@id":"https:\/\/progettotouring.it\/radiotouring104\/2023\/11\/27\/museo-e-parco-archeologico-archeoderi-i-nuovi-orari-dal-1-dicembre\/","url":"https:\/\/progettotouring.it\/radiotouring104\/2023\/11\/27\/museo-e-parco-archeologico-archeoderi-i-nuovi-orari-dal-1-dicembre\/","name":"Museo archeologico Archeoderi: nuovi orari dal 1\u00b0 dicembre","isPartOf":{"@id":"https:\/\/progettotouring.it\/radiotouring104\/#website"},"primaryImageOfPage":{"@id":"https:\/\/progettotouring.it\/radiotouring104\/2023\/11\/27\/museo-e-parco-archeologico-archeoderi-i-nuovi-orari-dal-1-dicembre\/#primaryimage"},"image":{"@id":"https:\/\/progettotouring.it\/radiotouring104\/2023\/11\/27\/museo-e-parco-archeologico-archeoderi-i-nuovi-orari-dal-1-dicembre\/#primaryimage"},"thumbnailUrl":"https:\/\/progettotouring.it\/radiotouring104\/wp-content\/uploads\/sites\/6\/2023\/11\/Museo-Archeologico-Archeoderi.jpg","datePublished":"2023-11-27T12:06:16+00:00","description":"Il Museo amplier\u00e0 gli orari di visita garantendo la fruizione ogni domenica, negli orari dalle 8.30 alle ore 14.00, con ingresso gratuito","breadcrumb":{"@id":"https:\/\/progettotouring.it\/radiotouring104\/2023\/11\/27\/museo-e-parco-archeologico-archeoderi-i-nuovi-orari-dal-1-dicembre\/#breadcrumb"},"inLanguage":"it-IT","potentialAction":[{"@type":"ReadAction","target":["https:\/\/progettotouring.it\/radiotouring104\/2023\/11\/27\/museo-e-parco-archeologico-archeoderi-i-nuovi-orari-dal-1-dicembre\/"]}]},{"@type":"ImageObject","inLanguage":"it-IT","@id":"https:\/\/progettotouring.it\/radiotouring104\/2023\/11\/27\/museo-e-parco-archeologico-archeoderi-i-nuovi-orari-dal-1-dicembre\/#primaryimage","url":"https:\/\/progettotouring.it\/radiotouring104\/wp-content\/uploads\/sites\/6\/2023\/11\/Museo-Archeologico-Archeoderi.jpg","contentUrl":"https:\/\/progettotouring.it\/radiotouring104\/wp-content\/uploads\/sites\/6\/2023\/11\/Museo-Archeologico-Archeoderi.jpg","width":1080,"height":1080},{"@type":"BreadcrumbList","@id":"https:\/\/progettotouring.it\/radiotouring104\/2023\/11\/27\/museo-e-parco-archeologico-archeoderi-i-nuovi-orari-dal-1-dicembre\/#breadcrumb","itemListElement":[{"@type":"ListItem","position":1,"name":"Home","item":"https:\/\/progettotouring.it\/radiotouring104\/"},{"@type":"ListItem","position":2,"name":"Museo e Parco archeologico Archeoderi: i nuovi orari dal 1\u00b0 dicembre"}]},{"@type":"WebSite","@id":"https:\/\/progettotouring.it\/radiotouring104\/#website","url":"https:\/\/progettotouring.it\/radiotouring104\/","name":"Radio Touring 104","description":"La prima radio Reggina","publisher":{"@id":"https:\/\/progettotouring.it\/radiotouring104\/#organization"},"potentialAction":[{"@type":"SearchAction","target":{"@type":"EntryPoint","urlTemplate":"https:\/\/progettotouring.it\/radiotouring104\/?s={search_term_string}"},"query-input":{"@type":"PropertyValueSpecification","valueRequired":true,"valueName":"search_term_string"}}],"inLanguage":"it-IT"},{"@type":"Organization","@id":"https:\/\/progettotouring.it\/radiotouring104\/#organization","name":"Radio Touring 104","url":"https:\/\/progettotouring.it\/radiotouring104\/","logo":{"@type":"ImageObject","inLanguage":"it-IT","@id":"https:\/\/progettotouring.it\/radiotouring104\/#\/schema\/logo\/image\/","url":"https:\/\/progettotouring.it\/radiotouring104\/wp-content\/uploads\/sites\/6\/2022\/02\/cropped-logo-radio-touring-104.png","contentUrl":"https:\/\/progettotouring.it\/radiotouring104\/wp-content\/uploads\/sites\/6\/2022\/02\/cropped-logo-radio-touring-104.png","width":377,"height":182,"caption":"Radio Touring 104"},"image":{"@id":"https:\/\/progettotouring.it\/radiotouring104\/#\/schema\/logo\/image\/"}},{"@type":"Person","@id":"https:\/\/progettotouring.it\/radiotouring104\/#\/schema\/person\/78613917f1851f041f7483f5af1d422e","name":"Sebastiano Plutino","image":{"@type":"ImageObject","inLanguage":"it-IT","@id":"https:\/\/secure.gravatar.com\/avatar\/0546ffaa9b79224faf9f2a156b67a529ae861d3287c66c1d8ccfdf909bcba78d?s=96&d=mm&r=g","url":"https:\/\/secure.gravatar.com\/avatar\/0546ffaa9b79224faf9f2a156b67a529ae861d3287c66c1d8ccfdf909bcba78d?s=96&d=mm&r=g","contentUrl":"https:\/\/secure.gravatar.com\/avatar\/0546ffaa9b79224faf9f2a156b67a529ae861d3287c66c1d8ccfdf909bcba78d?s=96&d=mm&r=g","caption":"Sebastiano Plutino"},"url":"https:\/\/progettotouring.it\/radiotouring104\/author\/sebastiano\/"}]}},"jetpack_publicize_connections":[],"jetpack_featured_media_url":"https:\/\/progettotouring.it\/radiotouring104\/wp-content\/uploads\/sites\/6\/2023\/11\/Museo-Archeologico-Archeoderi.jpg","jetpack_sharing_enabled":true,"_links":{"self":[{"href":"https:\/\/progettotouring.it\/radiotouring104\/wp-json\/wp\/v2\/posts\/39947","targetHints":{"allow":["GET"]}}],"collection":[{"href":"https:\/\/progettotouring.it\/radiotouring104\/wp-json\/wp\/v2\/posts"}],"about":[{"href":"https:\/\/progettotouring.it\/radiotouring104\/wp-json\/wp\/v2\/types\/post"}],"author":[{"embeddable":true,"href":"https:\/\/progettotouring.it\/radiotouring104\/wp-json\/wp\/v2\/users\/12"}],"replies":[{"embeddable":true,"href":"https:\/\/progettotouring.it\/radiotouring104\/wp-json\/wp\/v2\/comments?post=39947"}],"version-history":[{"count":1,"href":"https:\/\/progettotouring.it\/radiotouring104\/wp-json\/wp\/v2\/posts\/39947\/revisions"}],"predecessor-version":[{"id":39949,"href":"https:\/\/progettotouring.it\/radiotouring104\/wp-json\/wp\/v2\/posts\/39947\/revisions\/39949"}],"wp:featuredmedia":[{"embeddable":true,"href":"https:\/\/progettotouring.it\/radiotouring104\/wp-json\/wp\/v2\/media\/39948"}],"wp:attachment":[{"href":"https:\/\/progettotouring.it\/radiotouring104\/wp-json\/wp\/v2\/media?parent=39947"}],"wp:term":[{"taxonomy":"category","embeddable":true,"href":"https:\/\/progettotouring.it\/radiotouring104\/wp-json\/wp\/v2\/categories?post=39947"},{"taxonomy":"post_tag","embeddable":true,"href":"https:\/\/progettotouring.it\/radiotouring104\/wp-json\/wp\/v2\/tags?post=39947"}],"curies":[{"name":"wp","href":"https:\/\/api.w.org\/{rel}","templated":true}]}}