{"id":40359,"date":"2023-12-02T18:57:43","date_gmt":"2023-12-02T17:57:43","guid":{"rendered":"https:\/\/progettotouring.it\/radiotouring104\/?p=40359"},"modified":"2023-12-02T18:57:43","modified_gmt":"2023-12-02T17:57:43","slug":"ponte-sullo-stretto-i-dubbi-di-ciucci-non-comprendo-la-posizione-dellonorevole-bonelli","status":"publish","type":"post","link":"https:\/\/progettotouring.it\/radiotouring104\/2023\/12\/02\/ponte-sullo-stretto-i-dubbi-di-ciucci-non-comprendo-la-posizione-dellonorevole-bonelli\/","title":{"rendered":"Ponte sullo Stretto, i dubbi di Ciucci: &#8220;Non comprendo la posizione dell\u2019onorevole Bonelli&#8221;"},"content":{"rendered":"<p style=\"text-align: justify\"><em>&#8220;Non comprendo la posizione dell\u2019onorevole Bonelli<\/em> &#8211; ha dichiarato\u00a0<b>l\u2019Amministratore delegato di Stretto di Messina Pietro Ciucci<\/b>. <em>Ci ha chiesto di avere copia di un lavoro non ancora completato, la relazione del progettista di aggiornamento del progetto definitivo. Abbiamo spiegato quale sia il percorso previsto dalla legge. Gli ho personalmente confermato la disponibilit\u00e0 ad un incontro diretto per poter illustrare meglio le attivit\u00e0 in corso della Societ\u00e0, e per tutta risposta l\u2019onorevole Bonelli ha fatto ricorso alla Commissione per l\u2019Accesso.\u00a0 Da un lato afferma e si meraviglia nel dire che sono poche nove settimane per aggiornare un progetto e al contempo si sorprende se la Stretto di Messina precisa che stiamo ancora lavorando su quest\u2019aspetto. Ci terrei inoltre a precisare che il progetto definitivo del ponte rappresenta i massimi standard di ingegneria, tutti i ponti sospesi a grande luce si rifanno al <strong>Messina Style<\/strong>. E\u2019 stato oggetto di un complesso iter di verifica per il quale sono stati strutturati e sviluppati dalla societ\u00e0 Stretto di Messina processi di verifica, controllo, validazione, mai realizzati prima in Italia nell\u2019ambito della progettazione delle opere pubbliche che ha coinvolto i massimi esperti mondiali, con controlli indipendenti. La stessa procedura la stiamo adottando per l\u2019esame della Relazione del Progettista e del complesso di elaborati in aggiornamento. Non appena completato e verificato l\u2019aggiornamento, il progetto come fatto anche in passato, sar\u00e0 reso pubblico.<\/em><\/p>\n","protected":false},"excerpt":{"rendered":"<p>&#8220;Non comprendo la posizione dell\u2019onorevole Bonelli &#8211; ha dichiarato\u00a0l\u2019Amministratore delegato di Stretto di Messina Pietro Ciucci. Ci ha chiesto di avere copia di un lavoro non ancora completato, la relazione&hellip;<\/p>\n","protected":false},"author":8,"featured_media":16974,"comment_status":"closed","ping_status":"open","sticky":false,"template":"","format":"standard","meta":{"_jetpack_memberships_contains_paid_content":false,"footnotes":"","jetpack_publicize_message":"","jetpack_publicize_feature_enabled":true,"jetpack_social_post_already_shared":false,"jetpack_social_options":{"image_generator_settings":{"template":"highway","default_image_id":0,"font":"","enabled":false},"version":2}},"categories":[921,196,140],"tags":[22215,25057],"class_list":["post-40359","post","type-post","status-publish","format-standard","has-post-thumbnail","hentry","category-home","category-news","category-reggio-calabria","tag-pietro-ciucci","tag-ponte-stretto-messina"],"yoast_head":"<!-- This site is optimized with the Yoast SEO plugin v27.2 - https:\/\/yoast.com\/product\/yoast-seo-wordpress\/ -->\n<title>Ponte sullo Stretto, i dubbi di Ciucci: &quot;Non comprendo la posizione dell\u2019onorevole Bonelli&quot; - Radio Touring 104<\/title>\n<meta name=\"description\" content=\"L\u2019Amministratore delegato Pietro Ciucci ha posto dei quesiti all&#039;onorevole Bonelli riguardante il Ponte sullo Stretto\" \/>\n<meta name=\"robots\" content=\"index, follow, max-snippet:-1, max-image-preview:large, max-video-preview:-1\" \/>\n<link rel=\"canonical\" href=\"https:\/\/progettotouring.it\/radiotouring104\/2023\/12\/02\/ponte-sullo-stretto-i-dubbi-di-ciucci-non-comprendo-la-posizione-dellonorevole-bonelli\/\" \/>\n<meta property=\"og:locale\" content=\"it_IT\" \/>\n<meta property=\"og:type\" content=\"article\" \/>\n<meta property=\"og:title\" content=\"Ponte sullo Stretto, i dubbi di Ciucci: &quot;Non comprendo la posizione dell\u2019onorevole Bonelli&quot; - Radio Touring 104\" \/>\n<meta property=\"og:description\" content=\"L\u2019Amministratore delegato Pietro Ciucci ha posto dei quesiti all&#039;onorevole Bonelli riguardante il Ponte sullo Stretto\" \/>\n<meta property=\"og:url\" content=\"https:\/\/progettotouring.it\/radiotouring104\/2023\/12\/02\/ponte-sullo-stretto-i-dubbi-di-ciucci-non-comprendo-la-posizione-dellonorevole-bonelli\/\" \/>\n<meta property=\"og:site_name\" content=\"Radio Touring 104\" \/>\n<meta property=\"article:published_time\" content=\"2023-12-02T17:57:43+00:00\" \/>\n<meta property=\"og:image\" content=\"https:\/\/progettotouring.it\/radiotouring104\/wp-content\/uploads\/sites\/6\/2023\/01\/ponte-sullo-stretto.jpg\" \/>\n\t<meta property=\"og:image:width\" content=\"656\" \/>\n\t<meta property=\"og:image:height\" content=\"492\" \/>\n\t<meta property=\"og:image:type\" content=\"image\/jpeg\" \/>\n<meta name=\"author\" content=\"Filippo Francesco Idone\" \/>\n<meta name=\"twitter:card\" content=\"summary_large_image\" \/>\n<meta name=\"twitter:label1\" content=\"Scritto da\" \/>\n\t<meta name=\"twitter:data1\" content=\"Filippo Francesco Idone\" \/>\n\t<meta name=\"twitter:label2\" content=\"Tempo di lettura stimato\" \/>\n\t<meta name=\"twitter:data2\" content=\"1 minuto\" \/>\n<script type=\"application\/ld+json\" class=\"yoast-schema-graph\">{\"@context\":\"https:\/\/schema.org\",\"@graph\":[{\"@type\":\"Article\",\"@id\":\"https:\/\/progettotouring.it\/radiotouring104\/2023\/12\/02\/ponte-sullo-stretto-i-dubbi-di-ciucci-non-comprendo-la-posizione-dellonorevole-bonelli\/#article\",\"isPartOf\":{\"@id\":\"https:\/\/progettotouring.it\/radiotouring104\/2023\/12\/02\/ponte-sullo-stretto-i-dubbi-di-ciucci-non-comprendo-la-posizione-dellonorevole-bonelli\/\"},\"author\":{\"name\":\"Filippo Francesco Idone\",\"@id\":\"https:\/\/progettotouring.it\/radiotouring104\/#\/schema\/person\/4a82259ca52ac8702ad1a8f9e5a3120b\"},\"headline\":\"Ponte sullo Stretto, i dubbi di Ciucci: &#8220;Non comprendo la posizione dell\u2019onorevole Bonelli&#8221;\",\"datePublished\":\"2023-12-02T17:57:43+00:00\",\"mainEntityOfPage\":{\"@id\":\"https:\/\/progettotouring.it\/radiotouring104\/2023\/12\/02\/ponte-sullo-stretto-i-dubbi-di-ciucci-non-comprendo-la-posizione-dellonorevole-bonelli\/\"},\"wordCount\":249,\"publisher\":{\"@id\":\"https:\/\/progettotouring.it\/radiotouring104\/#organization\"},\"image\":{\"@id\":\"https:\/\/progettotouring.it\/radiotouring104\/2023\/12\/02\/ponte-sullo-stretto-i-dubbi-di-ciucci-non-comprendo-la-posizione-dellonorevole-bonelli\/#primaryimage\"},\"thumbnailUrl\":\"https:\/\/progettotouring.it\/radiotouring104\/wp-content\/uploads\/sites\/6\/2023\/01\/ponte-sullo-stretto.jpg\",\"keywords\":[\"Pietro Ciucci\",\"ponte stretto messina\"],\"articleSection\":[\"Home\",\"News\",\"Reggio Calabria\"],\"inLanguage\":\"it-IT\"},{\"@type\":\"WebPage\",\"@id\":\"https:\/\/progettotouring.it\/radiotouring104\/2023\/12\/02\/ponte-sullo-stretto-i-dubbi-di-ciucci-non-comprendo-la-posizione-dellonorevole-bonelli\/\",\"url\":\"https:\/\/progettotouring.it\/radiotouring104\/2023\/12\/02\/ponte-sullo-stretto-i-dubbi-di-ciucci-non-comprendo-la-posizione-dellonorevole-bonelli\/\",\"name\":\"Ponte sullo Stretto, i dubbi di Ciucci: \\\"Non comprendo la posizione dell\u2019onorevole Bonelli\\\" - Radio Touring 104\",\"isPartOf\":{\"@id\":\"https:\/\/progettotouring.it\/radiotouring104\/#website\"},\"primaryImageOfPage\":{\"@id\":\"https:\/\/progettotouring.it\/radiotouring104\/2023\/12\/02\/ponte-sullo-stretto-i-dubbi-di-ciucci-non-comprendo-la-posizione-dellonorevole-bonelli\/#primaryimage\"},\"image\":{\"@id\":\"https:\/\/progettotouring.it\/radiotouring104\/2023\/12\/02\/ponte-sullo-stretto-i-dubbi-di-ciucci-non-comprendo-la-posizione-dellonorevole-bonelli\/#primaryimage\"},\"thumbnailUrl\":\"https:\/\/progettotouring.it\/radiotouring104\/wp-content\/uploads\/sites\/6\/2023\/01\/ponte-sullo-stretto.jpg\",\"datePublished\":\"2023-12-02T17:57:43+00:00\",\"description\":\"L\u2019Amministratore delegato Pietro Ciucci ha posto dei quesiti all'onorevole Bonelli riguardante il Ponte sullo Stretto\",\"breadcrumb\":{\"@id\":\"https:\/\/progettotouring.it\/radiotouring104\/2023\/12\/02\/ponte-sullo-stretto-i-dubbi-di-ciucci-non-comprendo-la-posizione-dellonorevole-bonelli\/#breadcrumb\"},\"inLanguage\":\"it-IT\",\"potentialAction\":[{\"@type\":\"ReadAction\",\"target\":[\"https:\/\/progettotouring.it\/radiotouring104\/2023\/12\/02\/ponte-sullo-stretto-i-dubbi-di-ciucci-non-comprendo-la-posizione-dellonorevole-bonelli\/\"]}]},{\"@type\":\"ImageObject\",\"inLanguage\":\"it-IT\",\"@id\":\"https:\/\/progettotouring.it\/radiotouring104\/2023\/12\/02\/ponte-sullo-stretto-i-dubbi-di-ciucci-non-comprendo-la-posizione-dellonorevole-bonelli\/#primaryimage\",\"url\":\"https:\/\/progettotouring.it\/radiotouring104\/wp-content\/uploads\/sites\/6\/2023\/01\/ponte-sullo-stretto.jpg\",\"contentUrl\":\"https:\/\/progettotouring.it\/radiotouring104\/wp-content\/uploads\/sites\/6\/2023\/01\/ponte-sullo-stretto.jpg\",\"width\":656,\"height\":492},{\"@type\":\"BreadcrumbList\",\"@id\":\"https:\/\/progettotouring.it\/radiotouring104\/2023\/12\/02\/ponte-sullo-stretto-i-dubbi-di-ciucci-non-comprendo-la-posizione-dellonorevole-bonelli\/#breadcrumb\",\"itemListElement\":[{\"@type\":\"ListItem\",\"position\":1,\"name\":\"Home\",\"item\":\"https:\/\/progettotouring.it\/radiotouring104\/\"},{\"@type\":\"ListItem\",\"position\":2,\"name\":\"Ponte sullo Stretto, i dubbi di Ciucci: &#8220;Non comprendo la posizione dell\u2019onorevole Bonelli&#8221;\"}]},{\"@type\":\"WebSite\",\"@id\":\"https:\/\/progettotouring.it\/radiotouring104\/#website\",\"url\":\"https:\/\/progettotouring.it\/radiotouring104\/\",\"name\":\"Radio Touring 104\",\"description\":\"La prima radio Reggina\",\"publisher\":{\"@id\":\"https:\/\/progettotouring.it\/radiotouring104\/#organization\"},\"potentialAction\":[{\"@type\":\"SearchAction\",\"target\":{\"@type\":\"EntryPoint\",\"urlTemplate\":\"https:\/\/progettotouring.it\/radiotouring104\/?s={search_term_string}\"},\"query-input\":{\"@type\":\"PropertyValueSpecification\",\"valueRequired\":true,\"valueName\":\"search_term_string\"}}],\"inLanguage\":\"it-IT\"},{\"@type\":\"Organization\",\"@id\":\"https:\/\/progettotouring.it\/radiotouring104\/#organization\",\"name\":\"Radio Touring 104\",\"url\":\"https:\/\/progettotouring.it\/radiotouring104\/\",\"logo\":{\"@type\":\"ImageObject\",\"inLanguage\":\"it-IT\",\"@id\":\"https:\/\/progettotouring.it\/radiotouring104\/#\/schema\/logo\/image\/\",\"url\":\"https:\/\/progettotouring.it\/radiotouring104\/wp-content\/uploads\/sites\/6\/2022\/02\/cropped-logo-radio-touring-104.png\",\"contentUrl\":\"https:\/\/progettotouring.it\/radiotouring104\/wp-content\/uploads\/sites\/6\/2022\/02\/cropped-logo-radio-touring-104.png\",\"width\":377,\"height\":182,\"caption\":\"Radio Touring 104\"},\"image\":{\"@id\":\"https:\/\/progettotouring.it\/radiotouring104\/#\/schema\/logo\/image\/\"}},{\"@type\":\"Person\",\"@id\":\"https:\/\/progettotouring.it\/radiotouring104\/#\/schema\/person\/4a82259ca52ac8702ad1a8f9e5a3120b\",\"name\":\"Filippo Francesco Idone\",\"image\":{\"@type\":\"ImageObject\",\"inLanguage\":\"it-IT\",\"@id\":\"https:\/\/secure.gravatar.com\/avatar\/7268715d2366395c3dd314385670e6484117d44f5c442e61e230f7008b7b62d3?s=96&d=mm&r=g\",\"url\":\"https:\/\/secure.gravatar.com\/avatar\/7268715d2366395c3dd314385670e6484117d44f5c442e61e230f7008b7b62d3?s=96&d=mm&r=g\",\"contentUrl\":\"https:\/\/secure.gravatar.com\/avatar\/7268715d2366395c3dd314385670e6484117d44f5c442e61e230f7008b7b62d3?s=96&d=mm&r=g\",\"caption\":\"Filippo Francesco Idone\"},\"url\":\"https:\/\/progettotouring.it\/radiotouring104\/author\/filippoidone\/\"}]}<\/script>\n<!-- \/ Yoast SEO plugin. -->","yoast_head_json":{"title":"Ponte sullo Stretto, i dubbi di Ciucci: \"Non comprendo la posizione dell\u2019onorevole Bonelli\" - Radio Touring 104","description":"L\u2019Amministratore delegato Pietro Ciucci ha posto dei quesiti all'onorevole Bonelli riguardante il Ponte sullo Stretto","robots":{"index":"index","follow":"follow","max-snippet":"max-snippet:-1","max-image-preview":"max-image-preview:large","max-video-preview":"max-video-preview:-1"},"canonical":"https:\/\/progettotouring.it\/radiotouring104\/2023\/12\/02\/ponte-sullo-stretto-i-dubbi-di-ciucci-non-comprendo-la-posizione-dellonorevole-bonelli\/","og_locale":"it_IT","og_type":"article","og_title":"Ponte sullo Stretto, i dubbi di Ciucci: \"Non comprendo la posizione dell\u2019onorevole Bonelli\" - Radio Touring 104","og_description":"L\u2019Amministratore delegato Pietro Ciucci ha posto dei quesiti all'onorevole Bonelli riguardante il Ponte sullo Stretto","og_url":"https:\/\/progettotouring.it\/radiotouring104\/2023\/12\/02\/ponte-sullo-stretto-i-dubbi-di-ciucci-non-comprendo-la-posizione-dellonorevole-bonelli\/","og_site_name":"Radio Touring 104","article_published_time":"2023-12-02T17:57:43+00:00","og_image":[{"width":656,"height":492,"url":"https:\/\/progettotouring.it\/radiotouring104\/wp-content\/uploads\/sites\/6\/2023\/01\/ponte-sullo-stretto.jpg","type":"image\/jpeg"}],"author":"Filippo Francesco Idone","twitter_card":"summary_large_image","twitter_misc":{"Scritto da":"Filippo Francesco Idone","Tempo di lettura stimato":"1 minuto"},"schema":{"@context":"https:\/\/schema.org","@graph":[{"@type":"Article","@id":"https:\/\/progettotouring.it\/radiotouring104\/2023\/12\/02\/ponte-sullo-stretto-i-dubbi-di-ciucci-non-comprendo-la-posizione-dellonorevole-bonelli\/#article","isPartOf":{"@id":"https:\/\/progettotouring.it\/radiotouring104\/2023\/12\/02\/ponte-sullo-stretto-i-dubbi-di-ciucci-non-comprendo-la-posizione-dellonorevole-bonelli\/"},"author":{"name":"Filippo Francesco Idone","@id":"https:\/\/progettotouring.it\/radiotouring104\/#\/schema\/person\/4a82259ca52ac8702ad1a8f9e5a3120b"},"headline":"Ponte sullo Stretto, i dubbi di Ciucci: &#8220;Non comprendo la posizione dell\u2019onorevole Bonelli&#8221;","datePublished":"2023-12-02T17:57:43+00:00","mainEntityOfPage":{"@id":"https:\/\/progettotouring.it\/radiotouring104\/2023\/12\/02\/ponte-sullo-stretto-i-dubbi-di-ciucci-non-comprendo-la-posizione-dellonorevole-bonelli\/"},"wordCount":249,"publisher":{"@id":"https:\/\/progettotouring.it\/radiotouring104\/#organization"},"image":{"@id":"https:\/\/progettotouring.it\/radiotouring104\/2023\/12\/02\/ponte-sullo-stretto-i-dubbi-di-ciucci-non-comprendo-la-posizione-dellonorevole-bonelli\/#primaryimage"},"thumbnailUrl":"https:\/\/progettotouring.it\/radiotouring104\/wp-content\/uploads\/sites\/6\/2023\/01\/ponte-sullo-stretto.jpg","keywords":["Pietro Ciucci","ponte stretto messina"],"articleSection":["Home","News","Reggio Calabria"],"inLanguage":"it-IT"},{"@type":"WebPage","@id":"https:\/\/progettotouring.it\/radiotouring104\/2023\/12\/02\/ponte-sullo-stretto-i-dubbi-di-ciucci-non-comprendo-la-posizione-dellonorevole-bonelli\/","url":"https:\/\/progettotouring.it\/radiotouring104\/2023\/12\/02\/ponte-sullo-stretto-i-dubbi-di-ciucci-non-comprendo-la-posizione-dellonorevole-bonelli\/","name":"Ponte sullo Stretto, i dubbi di Ciucci: \"Non comprendo la posizione dell\u2019onorevole Bonelli\" - Radio Touring 104","isPartOf":{"@id":"https:\/\/progettotouring.it\/radiotouring104\/#website"},"primaryImageOfPage":{"@id":"https:\/\/progettotouring.it\/radiotouring104\/2023\/12\/02\/ponte-sullo-stretto-i-dubbi-di-ciucci-non-comprendo-la-posizione-dellonorevole-bonelli\/#primaryimage"},"image":{"@id":"https:\/\/progettotouring.it\/radiotouring104\/2023\/12\/02\/ponte-sullo-stretto-i-dubbi-di-ciucci-non-comprendo-la-posizione-dellonorevole-bonelli\/#primaryimage"},"thumbnailUrl":"https:\/\/progettotouring.it\/radiotouring104\/wp-content\/uploads\/sites\/6\/2023\/01\/ponte-sullo-stretto.jpg","datePublished":"2023-12-02T17:57:43+00:00","description":"L\u2019Amministratore delegato Pietro Ciucci ha posto dei quesiti all'onorevole Bonelli riguardante il Ponte sullo Stretto","breadcrumb":{"@id":"https:\/\/progettotouring.it\/radiotouring104\/2023\/12\/02\/ponte-sullo-stretto-i-dubbi-di-ciucci-non-comprendo-la-posizione-dellonorevole-bonelli\/#breadcrumb"},"inLanguage":"it-IT","potentialAction":[{"@type":"ReadAction","target":["https:\/\/progettotouring.it\/radiotouring104\/2023\/12\/02\/ponte-sullo-stretto-i-dubbi-di-ciucci-non-comprendo-la-posizione-dellonorevole-bonelli\/"]}]},{"@type":"ImageObject","inLanguage":"it-IT","@id":"https:\/\/progettotouring.it\/radiotouring104\/2023\/12\/02\/ponte-sullo-stretto-i-dubbi-di-ciucci-non-comprendo-la-posizione-dellonorevole-bonelli\/#primaryimage","url":"https:\/\/progettotouring.it\/radiotouring104\/wp-content\/uploads\/sites\/6\/2023\/01\/ponte-sullo-stretto.jpg","contentUrl":"https:\/\/progettotouring.it\/radiotouring104\/wp-content\/uploads\/sites\/6\/2023\/01\/ponte-sullo-stretto.jpg","width":656,"height":492},{"@type":"BreadcrumbList","@id":"https:\/\/progettotouring.it\/radiotouring104\/2023\/12\/02\/ponte-sullo-stretto-i-dubbi-di-ciucci-non-comprendo-la-posizione-dellonorevole-bonelli\/#breadcrumb","itemListElement":[{"@type":"ListItem","position":1,"name":"Home","item":"https:\/\/progettotouring.it\/radiotouring104\/"},{"@type":"ListItem","position":2,"name":"Ponte sullo Stretto, i dubbi di Ciucci: &#8220;Non comprendo la posizione dell\u2019onorevole Bonelli&#8221;"}]},{"@type":"WebSite","@id":"https:\/\/progettotouring.it\/radiotouring104\/#website","url":"https:\/\/progettotouring.it\/radiotouring104\/","name":"Radio Touring 104","description":"La prima radio Reggina","publisher":{"@id":"https:\/\/progettotouring.it\/radiotouring104\/#organization"},"potentialAction":[{"@type":"SearchAction","target":{"@type":"EntryPoint","urlTemplate":"https:\/\/progettotouring.it\/radiotouring104\/?s={search_term_string}"},"query-input":{"@type":"PropertyValueSpecification","valueRequired":true,"valueName":"search_term_string"}}],"inLanguage":"it-IT"},{"@type":"Organization","@id":"https:\/\/progettotouring.it\/radiotouring104\/#organization","name":"Radio Touring 104","url":"https:\/\/progettotouring.it\/radiotouring104\/","logo":{"@type":"ImageObject","inLanguage":"it-IT","@id":"https:\/\/progettotouring.it\/radiotouring104\/#\/schema\/logo\/image\/","url":"https:\/\/progettotouring.it\/radiotouring104\/wp-content\/uploads\/sites\/6\/2022\/02\/cropped-logo-radio-touring-104.png","contentUrl":"https:\/\/progettotouring.it\/radiotouring104\/wp-content\/uploads\/sites\/6\/2022\/02\/cropped-logo-radio-touring-104.png","width":377,"height":182,"caption":"Radio Touring 104"},"image":{"@id":"https:\/\/progettotouring.it\/radiotouring104\/#\/schema\/logo\/image\/"}},{"@type":"Person","@id":"https:\/\/progettotouring.it\/radiotouring104\/#\/schema\/person\/4a82259ca52ac8702ad1a8f9e5a3120b","name":"Filippo Francesco Idone","image":{"@type":"ImageObject","inLanguage":"it-IT","@id":"https:\/\/secure.gravatar.com\/avatar\/7268715d2366395c3dd314385670e6484117d44f5c442e61e230f7008b7b62d3?s=96&d=mm&r=g","url":"https:\/\/secure.gravatar.com\/avatar\/7268715d2366395c3dd314385670e6484117d44f5c442e61e230f7008b7b62d3?s=96&d=mm&r=g","contentUrl":"https:\/\/secure.gravatar.com\/avatar\/7268715d2366395c3dd314385670e6484117d44f5c442e61e230f7008b7b62d3?s=96&d=mm&r=g","caption":"Filippo Francesco Idone"},"url":"https:\/\/progettotouring.it\/radiotouring104\/author\/filippoidone\/"}]}},"jetpack_publicize_connections":[],"jetpack_featured_media_url":"https:\/\/progettotouring.it\/radiotouring104\/wp-content\/uploads\/sites\/6\/2023\/01\/ponte-sullo-stretto.jpg","jetpack_sharing_enabled":true,"_links":{"self":[{"href":"https:\/\/progettotouring.it\/radiotouring104\/wp-json\/wp\/v2\/posts\/40359","targetHints":{"allow":["GET"]}}],"collection":[{"href":"https:\/\/progettotouring.it\/radiotouring104\/wp-json\/wp\/v2\/posts"}],"about":[{"href":"https:\/\/progettotouring.it\/radiotouring104\/wp-json\/wp\/v2\/types\/post"}],"author":[{"embeddable":true,"href":"https:\/\/progettotouring.it\/radiotouring104\/wp-json\/wp\/v2\/users\/8"}],"replies":[{"embeddable":true,"href":"https:\/\/progettotouring.it\/radiotouring104\/wp-json\/wp\/v2\/comments?post=40359"}],"version-history":[{"count":1,"href":"https:\/\/progettotouring.it\/radiotouring104\/wp-json\/wp\/v2\/posts\/40359\/revisions"}],"predecessor-version":[{"id":40360,"href":"https:\/\/progettotouring.it\/radiotouring104\/wp-json\/wp\/v2\/posts\/40359\/revisions\/40360"}],"wp:featuredmedia":[{"embeddable":true,"href":"https:\/\/progettotouring.it\/radiotouring104\/wp-json\/wp\/v2\/media\/16974"}],"wp:attachment":[{"href":"https:\/\/progettotouring.it\/radiotouring104\/wp-json\/wp\/v2\/media?parent=40359"}],"wp:term":[{"taxonomy":"category","embeddable":true,"href":"https:\/\/progettotouring.it\/radiotouring104\/wp-json\/wp\/v2\/categories?post=40359"},{"taxonomy":"post_tag","embeddable":true,"href":"https:\/\/progettotouring.it\/radiotouring104\/wp-json\/wp\/v2\/tags?post=40359"}],"curies":[{"name":"wp","href":"https:\/\/api.w.org\/{rel}","templated":true}]}}