{"id":40387,"date":"2023-12-03T13:02:27","date_gmt":"2023-12-03T12:02:27","guid":{"rendered":"https:\/\/progettotouring.it\/radiotouring104\/?p=40387"},"modified":"2023-12-03T13:47:17","modified_gmt":"2023-12-03T12:47:17","slug":"reggio-calabria-grande-successo-per-la-mostra-millenovecentootto","status":"publish","type":"post","link":"https:\/\/progettotouring.it\/radiotouring104\/2023\/12\/03\/reggio-calabria-grande-successo-per-la-mostra-millenovecentootto\/","title":{"rendered":"Reggio Calabria: grande successo per la mostra Millenovecentootto"},"content":{"rendered":"<p style=\"text-align: justify\">Grande successo per la prima della mostra &#8220;<strong>Millenovecentootto<\/strong>&#8220;, il percorso espositivo sui reperti storici rinvenuti dopo il tragico sisma che colp\u00ec <strong>Reggio Calabria<\/strong> oltre un secolo fa, inaugurata al <strong>Castello Aragonese<\/strong> con la partecipazione di tanti cittadini, esperti, cultori dell\u2019arte e amanti della storia e della cultura. L\u2019expo, promossa dal settore Cultura e Turismo del Comune, nell&#8217;ambito del programma<strong> Pon React-Eu,<\/strong> \u00e8 stata curata dall&#8217;Accademia di Belle Arti e sostenuta dalla Banca d\u2019Italia attraverso il trasferimento, avvenuto lo scorso anno, dei beni recuperati dalle macerie del terribile evento che distrusse la citt\u00e0 di <strong>Reggio<\/strong>. A tagliare il nastro \u00e8 stato il sindaco <strong>Giuseppe<\/strong> <strong>Falcomat\u00e0<\/strong>, insieme all\u2019assesora alla Cultura, <strong>Irene Calabr\u00f2<\/strong>, al direttore ed al presidente dell\u2019Accademia delle Belle Arti, Pietro Sacchetti e Marilena Cerzoso. Presenti anche il vicesindaco Paolo Brunetti e numerosi assessori e consiglieri comunali.<\/p>\n<p style=\"text-align: justify\"><em>&#8220;Questa mostra <\/em>&#8211; ha detto il sindaco Giuseppe Falcomat\u00e0 &#8211; <em>ha gi\u00e0 lasciato un segno e continuer\u00e0 a lasciarlo nei visitatori che potranno riconoscere <strong>i graffi nel cuore e le ferite<\/strong> che quel terremoto ha marchiato, ancora ben visibili, nell\u2019anima della nostra comunit\u00e0. L\u2019expo credo sia, prima di tutto, una bella pagina di sinergia istituzionale, parola della quale troppo spesso si abusa, che ci fa capire quante cose buone e produttive possano nascere dal dialogo interistituzionale. Per questo, ringrazio l\u2019Accademia, la Banca d&#8217;Italia, il settore Cultura del Comune che \u00e8 stato proattivo nell\u2019allestire questa mostra grazie all\u2019operosit\u00e0 della dirigente Loredana Pace e dei funzionari <strong>Daniela Neri e Pasquale Borrello&#8221;.<\/strong><\/em><\/p>\n<p style=\"text-align: justify\"><em>&#8220;La mostra <\/em>&#8211; ha aggiunto &#8211;<em> racconta, attraverso gli oggetti esposti, quanto successo alla nostra gente in quel drammatico 28 dicembre, ma non soltanto per farne memoria. Spero, infatti, possa essere frequentata, vista e vissuta soprattutto dai ragazzi e dalle ragazze della nostra citt\u00e0 che non sentono pi\u00f9 parlare del terremoto del 1908. Perch\u00e9 non \u00e8 solo una mostra statica, ma uno spazio dinamico con una sala dove poter rivivere le emozioni di quella tragedia. Poi ci sono gli oggetti della nostra quotidianit\u00e0, ovvero tutto quanto \u00e8 stato tragicamente interrotto da quella catastrofe, vite spezzate ed una quotidianit\u00e0 distrutta&#8221;.<\/em><\/p>\n<p style=\"text-align: justify\">Tuttavia, per il sindaco Giuseppe Falcomat\u00e0 &#8220;millenovecentootto&#8221; non \u00e8 soltanto questo: <em>&#8220;E\u2019 anche monito per le istituzioni&#8221;. &#8220;Questo allestimento &#8211;<\/em> ha affermato &#8211;<em> ricorda quanto ancora debba essere fatto in tema di prevenzione sismica e politiche di messa in sicurezza del territorio. N<strong>oi viviamo in un territorio, ancora oggi,<\/strong> a forte rischio dissesto idrogeologico per colpa di politiche fallimentari e violenze continue perpetrate ai danni del nostro paesaggio e del nostro bellissimo ecosistema. Che questa mostra, quindi, funga da monito affinch\u00e9 ognuno, nel proprio ruolo, lavori per preservare dal pericolo di questo evento di ritorno come lo \u00e8 stato, purtroppo, il terremoto del 1908&#8243;.<\/em><\/p>\n<p style=\"text-align: justify\">L\u2019assesora Irene Calabr\u00f2 ha spiegato, poi, come &#8220;<em>il Comune abbia voluto dare un taglio diverso a questa esposizione museale, valorizzando i reperti riemersi dalle macerie del sisma e finora custoditi a Roma dalla Banca d\u2019Italia, di cui l\u2019amministrazione comunale \u00e8 ritornata in possesso soltanto lo scorso anno dopo un lungo iter burocratico che ha visto impegnati i <strong>Ministeri di<\/strong> <strong>Economia e Finanze e Cultura&#8221;.<\/strong><\/em><\/p>\n<p style=\"text-align: justify\"><em>&#8220;E\u2019 una mostra che \u00e8 un racconto <\/em>&#8211; ha proseguito <em><strong>&#8211; per mettere in evidenza gli oggetti di quel tempo<\/strong>, un expo che recupera le tradizioni e le usanze dell\u2019epoca di una comunit\u00e0, la nostra, vittima di quel doloroso evento. Allo stesso tempo, per\u00f2, ne segna una nuova lettura che guarda al futuro e alla speranza. Molti oggetti esposti accendono non soltanto un ricordo, ma anche un\u2019ispirazione futura&#8221;. &#8220;<\/em><em>I<strong>l punto da tenere in considerazione e che avr\u00e0 massimo rilievo<\/strong> &#8211;<\/em> ha concluso Calabr\u00f2 &#8211; <em><strong>\u00e8 quello del tempo,<\/strong> quello trascorso e segnato dagli orologi visibili nella torre sud. Un tempo che si \u00e8 fermato, ma che con la carica che ciascuno di noi potr\u00e0 dare all\u2019ingranaggio del presente durer\u00e0 e rianimer\u00e0, sicuramente, il nostro futuro&#8221;.<\/em><\/p>\n","protected":false},"excerpt":{"rendered":"<p>Grande successo per la prima della mostra &#8220;Millenovecentootto&#8220;, il percorso espositivo sui reperti storici rinvenuti dopo il tragico sisma che colp\u00ec Reggio Calabria oltre un secolo fa, inaugurata al Castello&hellip;<\/p>\n","protected":false},"author":8,"featured_media":40388,"comment_status":"closed","ping_status":"open","sticky":false,"template":"","format":"standard","meta":{"_jetpack_memberships_contains_paid_content":false,"footnotes":"","jetpack_publicize_message":"","jetpack_publicize_feature_enabled":true,"jetpack_social_post_already_shared":false,"jetpack_social_options":{"image_generator_settings":{"template":"highway","default_image_id":0,"font":"","enabled":false},"version":2}},"categories":[921,196,140],"tags":[1090,25062,25063,236],"class_list":["post-40387","post","type-post","status-publish","format-standard","has-post-thumbnail","hentry","category-home","category-news","category-reggio-calabria","tag-castello-aragonese","tag-millenovecentootto","tag-pon-react-eu","tag-reggio-calabria"],"yoast_head":"<!-- This site is optimized with the Yoast SEO plugin v27.2 - https:\/\/yoast.com\/product\/yoast-seo-wordpress\/ -->\n<title>Reggio Calabria: grande successo per la mostra Millenovecentootto - Radio Touring 104<\/title>\n<meta name=\"robots\" content=\"index, follow, max-snippet:-1, max-image-preview:large, max-video-preview:-1\" \/>\n<link rel=\"canonical\" href=\"https:\/\/progettotouring.it\/radiotouring104\/2023\/12\/03\/reggio-calabria-grande-successo-per-la-mostra-millenovecentootto\/\" \/>\n<meta property=\"og:locale\" content=\"it_IT\" \/>\n<meta property=\"og:type\" content=\"article\" \/>\n<meta property=\"og:title\" content=\"Reggio Calabria: grande successo per la mostra Millenovecentootto - Radio Touring 104\" \/>\n<meta property=\"og:description\" content=\"Grande successo per la prima della mostra &#8220;Millenovecentootto&#8220;, il percorso espositivo sui reperti storici rinvenuti dopo il tragico sisma che colp\u00ec Reggio Calabria oltre un secolo fa, inaugurata al Castello&hellip;\" \/>\n<meta property=\"og:url\" content=\"https:\/\/progettotouring.it\/radiotouring104\/2023\/12\/03\/reggio-calabria-grande-successo-per-la-mostra-millenovecentootto\/\" \/>\n<meta property=\"og:site_name\" content=\"Radio Touring 104\" \/>\n<meta property=\"article:published_time\" content=\"2023-12-03T12:02:27+00:00\" \/>\n<meta property=\"article:modified_time\" content=\"2023-12-03T12:47:17+00:00\" \/>\n<meta property=\"og:image\" content=\"https:\/\/progettotouring.it\/radiotouring104\/wp-content\/uploads\/sites\/6\/2023\/12\/Millenovecentootto.jpeg\" \/>\n\t<meta property=\"og:image:width\" content=\"1600\" \/>\n\t<meta property=\"og:image:height\" content=\"900\" \/>\n\t<meta property=\"og:image:type\" content=\"image\/jpeg\" \/>\n<meta name=\"author\" content=\"Filippo Francesco Idone\" \/>\n<meta name=\"twitter:card\" content=\"summary_large_image\" \/>\n<meta name=\"twitter:label1\" content=\"Scritto da\" \/>\n\t<meta name=\"twitter:data1\" content=\"Filippo Francesco Idone\" \/>\n\t<meta name=\"twitter:label2\" content=\"Tempo di lettura stimato\" \/>\n\t<meta name=\"twitter:data2\" content=\"3 minuti\" \/>\n<script type=\"application\/ld+json\" class=\"yoast-schema-graph\">{\"@context\":\"https:\/\/schema.org\",\"@graph\":[{\"@type\":\"Article\",\"@id\":\"https:\/\/progettotouring.it\/radiotouring104\/2023\/12\/03\/reggio-calabria-grande-successo-per-la-mostra-millenovecentootto\/#article\",\"isPartOf\":{\"@id\":\"https:\/\/progettotouring.it\/radiotouring104\/2023\/12\/03\/reggio-calabria-grande-successo-per-la-mostra-millenovecentootto\/\"},\"author\":{\"name\":\"Filippo Francesco Idone\",\"@id\":\"https:\/\/progettotouring.it\/radiotouring104\/#\/schema\/person\/4a82259ca52ac8702ad1a8f9e5a3120b\"},\"headline\":\"Reggio Calabria: grande successo per la mostra Millenovecentootto\",\"datePublished\":\"2023-12-03T12:02:27+00:00\",\"dateModified\":\"2023-12-03T12:47:17+00:00\",\"mainEntityOfPage\":{\"@id\":\"https:\/\/progettotouring.it\/radiotouring104\/2023\/12\/03\/reggio-calabria-grande-successo-per-la-mostra-millenovecentootto\/\"},\"wordCount\":647,\"publisher\":{\"@id\":\"https:\/\/progettotouring.it\/radiotouring104\/#organization\"},\"image\":{\"@id\":\"https:\/\/progettotouring.it\/radiotouring104\/2023\/12\/03\/reggio-calabria-grande-successo-per-la-mostra-millenovecentootto\/#primaryimage\"},\"thumbnailUrl\":\"https:\/\/progettotouring.it\/radiotouring104\/wp-content\/uploads\/sites\/6\/2023\/12\/Millenovecentootto.jpeg\",\"keywords\":[\"Castello Aragonese\",\"Millenovecentootto\",\"Pon React-Eu\",\"reggio calabria\"],\"articleSection\":[\"Home\",\"News\",\"Reggio Calabria\"],\"inLanguage\":\"it-IT\"},{\"@type\":\"WebPage\",\"@id\":\"https:\/\/progettotouring.it\/radiotouring104\/2023\/12\/03\/reggio-calabria-grande-successo-per-la-mostra-millenovecentootto\/\",\"url\":\"https:\/\/progettotouring.it\/radiotouring104\/2023\/12\/03\/reggio-calabria-grande-successo-per-la-mostra-millenovecentootto\/\",\"name\":\"Reggio Calabria: grande successo per la mostra Millenovecentootto - Radio Touring 104\",\"isPartOf\":{\"@id\":\"https:\/\/progettotouring.it\/radiotouring104\/#website\"},\"primaryImageOfPage\":{\"@id\":\"https:\/\/progettotouring.it\/radiotouring104\/2023\/12\/03\/reggio-calabria-grande-successo-per-la-mostra-millenovecentootto\/#primaryimage\"},\"image\":{\"@id\":\"https:\/\/progettotouring.it\/radiotouring104\/2023\/12\/03\/reggio-calabria-grande-successo-per-la-mostra-millenovecentootto\/#primaryimage\"},\"thumbnailUrl\":\"https:\/\/progettotouring.it\/radiotouring104\/wp-content\/uploads\/sites\/6\/2023\/12\/Millenovecentootto.jpeg\",\"datePublished\":\"2023-12-03T12:02:27+00:00\",\"dateModified\":\"2023-12-03T12:47:17+00:00\",\"breadcrumb\":{\"@id\":\"https:\/\/progettotouring.it\/radiotouring104\/2023\/12\/03\/reggio-calabria-grande-successo-per-la-mostra-millenovecentootto\/#breadcrumb\"},\"inLanguage\":\"it-IT\",\"potentialAction\":[{\"@type\":\"ReadAction\",\"target\":[\"https:\/\/progettotouring.it\/radiotouring104\/2023\/12\/03\/reggio-calabria-grande-successo-per-la-mostra-millenovecentootto\/\"]}]},{\"@type\":\"ImageObject\",\"inLanguage\":\"it-IT\",\"@id\":\"https:\/\/progettotouring.it\/radiotouring104\/2023\/12\/03\/reggio-calabria-grande-successo-per-la-mostra-millenovecentootto\/#primaryimage\",\"url\":\"https:\/\/progettotouring.it\/radiotouring104\/wp-content\/uploads\/sites\/6\/2023\/12\/Millenovecentootto.jpeg\",\"contentUrl\":\"https:\/\/progettotouring.it\/radiotouring104\/wp-content\/uploads\/sites\/6\/2023\/12\/Millenovecentootto.jpeg\",\"width\":1600,\"height\":900},{\"@type\":\"BreadcrumbList\",\"@id\":\"https:\/\/progettotouring.it\/radiotouring104\/2023\/12\/03\/reggio-calabria-grande-successo-per-la-mostra-millenovecentootto\/#breadcrumb\",\"itemListElement\":[{\"@type\":\"ListItem\",\"position\":1,\"name\":\"Home\",\"item\":\"https:\/\/progettotouring.it\/radiotouring104\/\"},{\"@type\":\"ListItem\",\"position\":2,\"name\":\"Reggio Calabria: grande successo per la mostra Millenovecentootto\"}]},{\"@type\":\"WebSite\",\"@id\":\"https:\/\/progettotouring.it\/radiotouring104\/#website\",\"url\":\"https:\/\/progettotouring.it\/radiotouring104\/\",\"name\":\"Radio Touring 104\",\"description\":\"La prima radio Reggina\",\"publisher\":{\"@id\":\"https:\/\/progettotouring.it\/radiotouring104\/#organization\"},\"potentialAction\":[{\"@type\":\"SearchAction\",\"target\":{\"@type\":\"EntryPoint\",\"urlTemplate\":\"https:\/\/progettotouring.it\/radiotouring104\/?s={search_term_string}\"},\"query-input\":{\"@type\":\"PropertyValueSpecification\",\"valueRequired\":true,\"valueName\":\"search_term_string\"}}],\"inLanguage\":\"it-IT\"},{\"@type\":\"Organization\",\"@id\":\"https:\/\/progettotouring.it\/radiotouring104\/#organization\",\"name\":\"Radio Touring 104\",\"url\":\"https:\/\/progettotouring.it\/radiotouring104\/\",\"logo\":{\"@type\":\"ImageObject\",\"inLanguage\":\"it-IT\",\"@id\":\"https:\/\/progettotouring.it\/radiotouring104\/#\/schema\/logo\/image\/\",\"url\":\"https:\/\/progettotouring.it\/radiotouring104\/wp-content\/uploads\/sites\/6\/2022\/02\/cropped-logo-radio-touring-104.png\",\"contentUrl\":\"https:\/\/progettotouring.it\/radiotouring104\/wp-content\/uploads\/sites\/6\/2022\/02\/cropped-logo-radio-touring-104.png\",\"width\":377,\"height\":182,\"caption\":\"Radio Touring 104\"},\"image\":{\"@id\":\"https:\/\/progettotouring.it\/radiotouring104\/#\/schema\/logo\/image\/\"}},{\"@type\":\"Person\",\"@id\":\"https:\/\/progettotouring.it\/radiotouring104\/#\/schema\/person\/4a82259ca52ac8702ad1a8f9e5a3120b\",\"name\":\"Filippo Francesco Idone\",\"image\":{\"@type\":\"ImageObject\",\"inLanguage\":\"it-IT\",\"@id\":\"https:\/\/secure.gravatar.com\/avatar\/7268715d2366395c3dd314385670e6484117d44f5c442e61e230f7008b7b62d3?s=96&d=mm&r=g\",\"url\":\"https:\/\/secure.gravatar.com\/avatar\/7268715d2366395c3dd314385670e6484117d44f5c442e61e230f7008b7b62d3?s=96&d=mm&r=g\",\"contentUrl\":\"https:\/\/secure.gravatar.com\/avatar\/7268715d2366395c3dd314385670e6484117d44f5c442e61e230f7008b7b62d3?s=96&d=mm&r=g\",\"caption\":\"Filippo Francesco Idone\"},\"url\":\"https:\/\/progettotouring.it\/radiotouring104\/author\/filippoidone\/\"}]}<\/script>\n<!-- \/ Yoast SEO plugin. -->","yoast_head_json":{"title":"Reggio Calabria: grande successo per la mostra Millenovecentootto - Radio Touring 104","robots":{"index":"index","follow":"follow","max-snippet":"max-snippet:-1","max-image-preview":"max-image-preview:large","max-video-preview":"max-video-preview:-1"},"canonical":"https:\/\/progettotouring.it\/radiotouring104\/2023\/12\/03\/reggio-calabria-grande-successo-per-la-mostra-millenovecentootto\/","og_locale":"it_IT","og_type":"article","og_title":"Reggio Calabria: grande successo per la mostra Millenovecentootto - Radio Touring 104","og_description":"Grande successo per la prima della mostra &#8220;Millenovecentootto&#8220;, il percorso espositivo sui reperti storici rinvenuti dopo il tragico sisma che colp\u00ec Reggio Calabria oltre un secolo fa, inaugurata al Castello&hellip;","og_url":"https:\/\/progettotouring.it\/radiotouring104\/2023\/12\/03\/reggio-calabria-grande-successo-per-la-mostra-millenovecentootto\/","og_site_name":"Radio Touring 104","article_published_time":"2023-12-03T12:02:27+00:00","article_modified_time":"2023-12-03T12:47:17+00:00","og_image":[{"width":1600,"height":900,"url":"https:\/\/progettotouring.it\/radiotouring104\/wp-content\/uploads\/sites\/6\/2023\/12\/Millenovecentootto.jpeg","type":"image\/jpeg"}],"author":"Filippo Francesco Idone","twitter_card":"summary_large_image","twitter_misc":{"Scritto da":"Filippo Francesco Idone","Tempo di lettura stimato":"3 minuti"},"schema":{"@context":"https:\/\/schema.org","@graph":[{"@type":"Article","@id":"https:\/\/progettotouring.it\/radiotouring104\/2023\/12\/03\/reggio-calabria-grande-successo-per-la-mostra-millenovecentootto\/#article","isPartOf":{"@id":"https:\/\/progettotouring.it\/radiotouring104\/2023\/12\/03\/reggio-calabria-grande-successo-per-la-mostra-millenovecentootto\/"},"author":{"name":"Filippo Francesco Idone","@id":"https:\/\/progettotouring.it\/radiotouring104\/#\/schema\/person\/4a82259ca52ac8702ad1a8f9e5a3120b"},"headline":"Reggio Calabria: grande successo per la mostra Millenovecentootto","datePublished":"2023-12-03T12:02:27+00:00","dateModified":"2023-12-03T12:47:17+00:00","mainEntityOfPage":{"@id":"https:\/\/progettotouring.it\/radiotouring104\/2023\/12\/03\/reggio-calabria-grande-successo-per-la-mostra-millenovecentootto\/"},"wordCount":647,"publisher":{"@id":"https:\/\/progettotouring.it\/radiotouring104\/#organization"},"image":{"@id":"https:\/\/progettotouring.it\/radiotouring104\/2023\/12\/03\/reggio-calabria-grande-successo-per-la-mostra-millenovecentootto\/#primaryimage"},"thumbnailUrl":"https:\/\/progettotouring.it\/radiotouring104\/wp-content\/uploads\/sites\/6\/2023\/12\/Millenovecentootto.jpeg","keywords":["Castello Aragonese","Millenovecentootto","Pon React-Eu","reggio calabria"],"articleSection":["Home","News","Reggio Calabria"],"inLanguage":"it-IT"},{"@type":"WebPage","@id":"https:\/\/progettotouring.it\/radiotouring104\/2023\/12\/03\/reggio-calabria-grande-successo-per-la-mostra-millenovecentootto\/","url":"https:\/\/progettotouring.it\/radiotouring104\/2023\/12\/03\/reggio-calabria-grande-successo-per-la-mostra-millenovecentootto\/","name":"Reggio Calabria: grande successo per la mostra Millenovecentootto - Radio Touring 104","isPartOf":{"@id":"https:\/\/progettotouring.it\/radiotouring104\/#website"},"primaryImageOfPage":{"@id":"https:\/\/progettotouring.it\/radiotouring104\/2023\/12\/03\/reggio-calabria-grande-successo-per-la-mostra-millenovecentootto\/#primaryimage"},"image":{"@id":"https:\/\/progettotouring.it\/radiotouring104\/2023\/12\/03\/reggio-calabria-grande-successo-per-la-mostra-millenovecentootto\/#primaryimage"},"thumbnailUrl":"https:\/\/progettotouring.it\/radiotouring104\/wp-content\/uploads\/sites\/6\/2023\/12\/Millenovecentootto.jpeg","datePublished":"2023-12-03T12:02:27+00:00","dateModified":"2023-12-03T12:47:17+00:00","breadcrumb":{"@id":"https:\/\/progettotouring.it\/radiotouring104\/2023\/12\/03\/reggio-calabria-grande-successo-per-la-mostra-millenovecentootto\/#breadcrumb"},"inLanguage":"it-IT","potentialAction":[{"@type":"ReadAction","target":["https:\/\/progettotouring.it\/radiotouring104\/2023\/12\/03\/reggio-calabria-grande-successo-per-la-mostra-millenovecentootto\/"]}]},{"@type":"ImageObject","inLanguage":"it-IT","@id":"https:\/\/progettotouring.it\/radiotouring104\/2023\/12\/03\/reggio-calabria-grande-successo-per-la-mostra-millenovecentootto\/#primaryimage","url":"https:\/\/progettotouring.it\/radiotouring104\/wp-content\/uploads\/sites\/6\/2023\/12\/Millenovecentootto.jpeg","contentUrl":"https:\/\/progettotouring.it\/radiotouring104\/wp-content\/uploads\/sites\/6\/2023\/12\/Millenovecentootto.jpeg","width":1600,"height":900},{"@type":"BreadcrumbList","@id":"https:\/\/progettotouring.it\/radiotouring104\/2023\/12\/03\/reggio-calabria-grande-successo-per-la-mostra-millenovecentootto\/#breadcrumb","itemListElement":[{"@type":"ListItem","position":1,"name":"Home","item":"https:\/\/progettotouring.it\/radiotouring104\/"},{"@type":"ListItem","position":2,"name":"Reggio Calabria: grande successo per la mostra Millenovecentootto"}]},{"@type":"WebSite","@id":"https:\/\/progettotouring.it\/radiotouring104\/#website","url":"https:\/\/progettotouring.it\/radiotouring104\/","name":"Radio Touring 104","description":"La prima radio Reggina","publisher":{"@id":"https:\/\/progettotouring.it\/radiotouring104\/#organization"},"potentialAction":[{"@type":"SearchAction","target":{"@type":"EntryPoint","urlTemplate":"https:\/\/progettotouring.it\/radiotouring104\/?s={search_term_string}"},"query-input":{"@type":"PropertyValueSpecification","valueRequired":true,"valueName":"search_term_string"}}],"inLanguage":"it-IT"},{"@type":"Organization","@id":"https:\/\/progettotouring.it\/radiotouring104\/#organization","name":"Radio Touring 104","url":"https:\/\/progettotouring.it\/radiotouring104\/","logo":{"@type":"ImageObject","inLanguage":"it-IT","@id":"https:\/\/progettotouring.it\/radiotouring104\/#\/schema\/logo\/image\/","url":"https:\/\/progettotouring.it\/radiotouring104\/wp-content\/uploads\/sites\/6\/2022\/02\/cropped-logo-radio-touring-104.png","contentUrl":"https:\/\/progettotouring.it\/radiotouring104\/wp-content\/uploads\/sites\/6\/2022\/02\/cropped-logo-radio-touring-104.png","width":377,"height":182,"caption":"Radio Touring 104"},"image":{"@id":"https:\/\/progettotouring.it\/radiotouring104\/#\/schema\/logo\/image\/"}},{"@type":"Person","@id":"https:\/\/progettotouring.it\/radiotouring104\/#\/schema\/person\/4a82259ca52ac8702ad1a8f9e5a3120b","name":"Filippo Francesco Idone","image":{"@type":"ImageObject","inLanguage":"it-IT","@id":"https:\/\/secure.gravatar.com\/avatar\/7268715d2366395c3dd314385670e6484117d44f5c442e61e230f7008b7b62d3?s=96&d=mm&r=g","url":"https:\/\/secure.gravatar.com\/avatar\/7268715d2366395c3dd314385670e6484117d44f5c442e61e230f7008b7b62d3?s=96&d=mm&r=g","contentUrl":"https:\/\/secure.gravatar.com\/avatar\/7268715d2366395c3dd314385670e6484117d44f5c442e61e230f7008b7b62d3?s=96&d=mm&r=g","caption":"Filippo Francesco Idone"},"url":"https:\/\/progettotouring.it\/radiotouring104\/author\/filippoidone\/"}]}},"jetpack_publicize_connections":[],"jetpack_featured_media_url":"https:\/\/progettotouring.it\/radiotouring104\/wp-content\/uploads\/sites\/6\/2023\/12\/Millenovecentootto.jpeg","jetpack_sharing_enabled":true,"_links":{"self":[{"href":"https:\/\/progettotouring.it\/radiotouring104\/wp-json\/wp\/v2\/posts\/40387","targetHints":{"allow":["GET"]}}],"collection":[{"href":"https:\/\/progettotouring.it\/radiotouring104\/wp-json\/wp\/v2\/posts"}],"about":[{"href":"https:\/\/progettotouring.it\/radiotouring104\/wp-json\/wp\/v2\/types\/post"}],"author":[{"embeddable":true,"href":"https:\/\/progettotouring.it\/radiotouring104\/wp-json\/wp\/v2\/users\/8"}],"replies":[{"embeddable":true,"href":"https:\/\/progettotouring.it\/radiotouring104\/wp-json\/wp\/v2\/comments?post=40387"}],"version-history":[{"count":1,"href":"https:\/\/progettotouring.it\/radiotouring104\/wp-json\/wp\/v2\/posts\/40387\/revisions"}],"predecessor-version":[{"id":40389,"href":"https:\/\/progettotouring.it\/radiotouring104\/wp-json\/wp\/v2\/posts\/40387\/revisions\/40389"}],"wp:featuredmedia":[{"embeddable":true,"href":"https:\/\/progettotouring.it\/radiotouring104\/wp-json\/wp\/v2\/media\/40388"}],"wp:attachment":[{"href":"https:\/\/progettotouring.it\/radiotouring104\/wp-json\/wp\/v2\/media?parent=40387"}],"wp:term":[{"taxonomy":"category","embeddable":true,"href":"https:\/\/progettotouring.it\/radiotouring104\/wp-json\/wp\/v2\/categories?post=40387"},{"taxonomy":"post_tag","embeddable":true,"href":"https:\/\/progettotouring.it\/radiotouring104\/wp-json\/wp\/v2\/tags?post=40387"}],"curies":[{"name":"wp","href":"https:\/\/api.w.org\/{rel}","templated":true}]}}