{"id":40629,"date":"2023-12-07T10:33:05","date_gmt":"2023-12-07T09:33:05","guid":{"rendered":"https:\/\/progettotouring.it\/radiotouring104\/?p=40629"},"modified":"2023-12-07T10:33:05","modified_gmt":"2023-12-07T09:33:05","slug":"g7-commercio-a-villa-s-g-il-plauso-di-giannetta-gruppo-fi-rc-e-milia","status":"publish","type":"post","link":"https:\/\/progettotouring.it\/radiotouring104\/2023\/12\/07\/g7-commercio-a-villa-s-g-il-plauso-di-giannetta-gruppo-fi-rc-e-milia\/","title":{"rendered":"G7 Commercio a Villa S.G.: il plauso di Giannetta, gruppo FI RC e Milia"},"content":{"rendered":"<p style=\"text-align: justify\"><em>\u201cI sette Stati pi\u00f9 industrializzati del mondo si ritroveranno a luglio in riva allo Stretto, sulla sponda calabra, nel punto in cui il Ponte unir\u00e0 l\u2019Italia e l\u2019Europa.<\/em><\/p>\n<p><em>Una notizia straordinaria<\/em> <strong>&#8211; dichiara Giannetta &#8211;<\/strong> a<em>nnunciata dal Ministro Tajani insieme al Presidente Roberto Occhiuto e al vice Capogruppo di Forza Italia alla Camera, Francesco Cannizzaro, con cui avevano gi\u00e0 imbastito quest\u2019idea, qualche mese fa, proprio all\u2019Altafiumara, il luogo dove i rappresentanti di Canada, Francia, Germania, Giappone, Italia, Regno Unito, Stati Uniti e Unione Europea si riuniranno per il vertice sulle politiche internazionali del commercio.<\/em><\/p>\n<p><em>Sempre pi\u00f9 la Calabria diventa centrale in questa visione interpretata da Forza Italia, che scommette sulla nostra Regione per eventi strategici di altissimo valore. Non \u00e8 il momento di fare campanilism<\/em>i &#8211; <strong>incalza il consigliere<\/strong> &#8211; <em>ma essere orgogliosi della pagina politica che stiamo vivendo.<\/em><\/p>\n<p><em>Ieri \u00e8 stata una data importante, che ha visto a Catanzaro la presenza del Presidente del Parlamento europeo <strong>Metsola,<\/strong> che, insieme al Ministro degli Esteri <strong>Tajani<\/strong> e al Ministro dell\u2019Interno<strong> Piantedosi,<\/strong> ha inaugurato la nuova Centrale Operativa dell\u2019112, il Numero Unico Europeo, tenacemente voluto dal presidente Occhiuto, che sta guidando velocemente tutti i processi di riforma e di innovazione della Calabria.<\/em><\/p>\n<p><em>In quest\u2019occasione Tajani ha dato l\u2019annuncio sul G7 Commercio in Calabria e non ci resta che prepararci per vivere l\u2019evento nel migliore dei modi. La Calabria &#8211;<\/em><strong> conclude Giannetta &#8211;<\/strong> <em>\u00e8 una terra straordinaria con enormi potenzialit\u00e0 e anche in questa occasione abbiamo il compito di dimostrarlo\u201d.<\/em><\/p>\n<p style=\"text-align: justify\"><strong>Reggio, il gruppo consiliare di FI si congratula con Cannizzaro ed Occhiuto \u201cIl G7 del commercio internazionale all\u2019 Altafiumara una grande occasione per la nostra terra\u201d<\/strong><\/p>\n<p style=\"text-align: justify\">\u201c<em>Accogliamo con grande entusiasmo la notizia annunciata ieri dal ministro degli Esteri e vicepremier Antonio Tajani di un G7 del commercio internazionale all\u2019 Altafiumara di Villa S. Giovanni: una proposta avanzata lo scorso luglio dall\u2019 On. Francesco Cannizzaro e dal presidente Occhiuto, nel corso di una convention sul Ponte tenutasi proprio all\u2019Altafiumara<\/em>\u201d.<\/p>\n<p style=\"text-align: justify\">\u00c8 quanto dichiarano in una nota i consiglieri di Forza Italia in consiglio comunale <strong>Federico Milia<\/strong>, <strong>Antonino Maiolino<\/strong> e <strong>Roberto Vizzari<\/strong>, dopo l\u2019annuncio del forum intergovernativo dei 7 Stati pi\u00f9 economicamente avanzati del pianeta che si terr\u00e0 a Villa San Giovanni a luglio 2024.<\/p>\n<p style=\"text-align: justify\">\u201c<em>Come il ministro Tajani stesso ha dichiarato, la scelta nasce dalla convinzione che questa terra sia importante e lo debba diventare da oggi anche agli occhi del mondo<\/em> &#8211; <strong>dichiarano i consiglieri<\/strong> &#8211;<em> perch\u00e9 il G7 sar\u00e0 una vetrina eccezionale per il nostro territorio, su scala globale\u201d.<\/em><\/p>\n<p style=\"text-align: justify\">\u201c<em>A luglio 2024, italiani, a<\/em><em>mericani, i<\/em><em>nglesi<\/em><em>, <\/em><em>francesi, tedeschi<\/em><em>, giapponesi e canadesi discuteranno di cosa fare del commercio internazionale e quale ruolo <\/em><em>svolger\u00e0 <\/em><em>nel prossimo futuro<\/em> &#8211;<strong> proseguono i consiglieri nella nota<\/strong>&#8211; <em>dalla Calabria, da Villa San Giovanni partir\u00e0 un messaggio potentissimo: far conoscere al mondo non solo le bellezze del nostro territorio, ma anche le potenzialit\u00e0 e le ricchezze che il Sud pu\u00f2 spendere nel disegno generale di un piano che andr\u00e0 a <\/em><em>rinforzare le esportazioni del nostro Paese in tutta l\u2019area del Mediterraneo\u201d<\/em><em>.<\/em><\/p>\n<p style=\"text-align: justify\">\u201c<em>Un grande plauso \u00e8 doveroso rivolgerlo al nostro coordinatore On. Francesco Cannizzaro, vice capogruppo di Forza Italia alla Camera dei deputati: il suo incessante impegno per Reggio e per la Calabria trova una prova concreta in questi risultati, che contribuiscono ad accendere i riflettori sulla nostra terra, con eventi di una tale portata da rendere la Calabria protagonista non solo in Italia, ma nel mondo\u201d <\/em><strong>concludono i consiglieri.<\/strong><\/p>\n<p style=\"text-align: justify\"><strong>Milia (<\/strong><strong>FI): <\/strong><strong>\u201cIl G7 a Reggio <\/strong><strong>\u00e8 una grande vetrina, orgoglioso del successo di Forza <\/strong><strong>Italia\u201d<\/strong><\/p>\n<p style=\"text-align: justify\">\u201c<em>Un altro successo targato Forza Italia: la notizia che il G7, il<\/em><em> forum intergovernativo, che verter\u00e0 sul commercio internazionale, si terr\u00e0<\/em><em> a Villa San Giovanni <\/em><em>nel luglio 2024<\/em><em> , a un anno di distanza dalla proposta avanzata dal nostro coordinatore On. Francesco Cannizzaro e il presidente Occhiuto proprio<\/em><em> sulle terrazze di Altafiumara<\/em><em>, che ospiteranno l\u2019evento,<\/em> <em>ci riempie di orgoglio\u201d.<\/em><\/p>\n<p style=\"text-align: justify\">In una nota stampa il coordinatore regionale di Forza Italia giovani Calabria,\u00a0<strong>Federico Milia<\/strong>, plaude al grande risultato ottenuto dal deputato e dal presidente di Regione.<\/p>\n<p style=\"text-align: justify\"><em>\u201cUn omaggio ai calabresi\u201d, come il ministro degli Esteri e vice Premier Antonio Tajani ha commentato, annunciando la notizia, ed \u00e8 davvero un grande regalo: il G7 in Calabria sar\u00e0 una vetrina eccezionale per la nostra terra, un\u2019occasione imperdibile per far conoscere al mondo la bellezza dei nostri territori\u201d<strong>\u00a0<\/strong><\/em><strong>dichiara Milia.<\/strong><\/p>\n<p style=\"text-align: justify\">\u201c<em>Sar\u00e0 un evento dal respiro internazionale: Reggio e la Calabria saranno il palcoscenico di un evento dalla portata mondiale. Sette potenze mondiali discuteranno sul futuro del commercio internazionale, un ruolo in cui il Sud non rivestir\u00e0 pi\u00f9 un ruolo marginale, ma finalmente da protagonista\u201d<\/em>\u00a0<strong>conclude Milia.<\/strong><\/p>\n","protected":false},"excerpt":{"rendered":"<p>\u201cI sette Stati pi\u00f9 industrializzati del mondo si ritroveranno a luglio in riva allo Stretto, sulla sponda calabra, nel punto in cui il Ponte unir\u00e0 l\u2019Italia e l\u2019Europa. Una notizia&hellip;<\/p>\n","protected":false},"author":12,"featured_media":40632,"comment_status":"closed","ping_status":"open","sticky":false,"template":"","format":"standard","meta":{"_jetpack_memberships_contains_paid_content":false,"footnotes":"","jetpack_publicize_message":"","jetpack_publicize_feature_enabled":true,"jetpack_social_post_already_shared":false,"jetpack_social_options":{"image_generator_settings":{"template":"highway","default_image_id":0,"font":"","enabled":false},"version":2}},"categories":[921,196,140],"tags":[2074,3231,25157,25230,364],"class_list":["post-40629","post","type-post","status-publish","format-standard","has-post-thumbnail","hentry","category-home","category-news","category-reggio-calabria","tag-domenico-giannetta","tag-federico-milia","tag-g7-commercio-in-calabria","tag-gruppo-fi-reggio-calabria","tag-villa-san-giovanni"],"yoast_head":"<!-- This site is optimized with the Yoast SEO plugin v27.2 - https:\/\/yoast.com\/product\/yoast-seo-wordpress\/ -->\n<title>G7 Commercio a Villa S.G.: il plauso di Giannetta, gruppo FI e Milia<\/title>\n<meta name=\"description\" content=\"Comunicati stampa dei Consiglieri Giannetta e Milia e del gruppo FI inerente all&#039;ufficializzazione del G7 Commercio a Villa S.G\" \/>\n<meta name=\"robots\" content=\"index, follow, max-snippet:-1, max-image-preview:large, max-video-preview:-1\" \/>\n<link rel=\"canonical\" href=\"https:\/\/progettotouring.it\/radiotouring104\/2023\/12\/07\/g7-commercio-a-villa-s-g-il-plauso-di-giannetta-gruppo-fi-rc-e-milia\/\" \/>\n<meta property=\"og:locale\" content=\"it_IT\" \/>\n<meta property=\"og:type\" content=\"article\" \/>\n<meta property=\"og:title\" content=\"G7 Commercio a Villa S.G.: il plauso di Giannetta, gruppo FI e Milia\" \/>\n<meta property=\"og:description\" content=\"Comunicati stampa dei Consiglieri Giannetta e Milia e del gruppo FI inerente all&#039;ufficializzazione del G7 Commercio a Villa S.G\" \/>\n<meta property=\"og:url\" content=\"https:\/\/progettotouring.it\/radiotouring104\/2023\/12\/07\/g7-commercio-a-villa-s-g-il-plauso-di-giannetta-gruppo-fi-rc-e-milia\/\" \/>\n<meta property=\"og:site_name\" content=\"Radio Touring 104\" \/>\n<meta property=\"article:published_time\" content=\"2023-12-07T09:33:05+00:00\" \/>\n<meta property=\"og:image\" content=\"https:\/\/progettotouring.it\/radiotouring104\/wp-content\/uploads\/sites\/6\/2023\/12\/tajani-cannizzaro.jpg\" \/>\n\t<meta property=\"og:image:width\" content=\"1169\" \/>\n\t<meta property=\"og:image:height\" content=\"890\" \/>\n\t<meta property=\"og:image:type\" content=\"image\/jpeg\" \/>\n<meta name=\"author\" content=\"Sebastiano Plutino\" \/>\n<meta name=\"twitter:card\" content=\"summary_large_image\" \/>\n<meta name=\"twitter:label1\" content=\"Scritto da\" \/>\n\t<meta name=\"twitter:data1\" content=\"Sebastiano Plutino\" \/>\n\t<meta name=\"twitter:label2\" content=\"Tempo di lettura stimato\" \/>\n\t<meta name=\"twitter:data2\" content=\"4 minuti\" \/>\n<script type=\"application\/ld+json\" class=\"yoast-schema-graph\">{\"@context\":\"https:\/\/schema.org\",\"@graph\":[{\"@type\":\"Article\",\"@id\":\"https:\/\/progettotouring.it\/radiotouring104\/2023\/12\/07\/g7-commercio-a-villa-s-g-il-plauso-di-giannetta-gruppo-fi-rc-e-milia\/#article\",\"isPartOf\":{\"@id\":\"https:\/\/progettotouring.it\/radiotouring104\/2023\/12\/07\/g7-commercio-a-villa-s-g-il-plauso-di-giannetta-gruppo-fi-rc-e-milia\/\"},\"author\":{\"name\":\"Sebastiano Plutino\",\"@id\":\"https:\/\/progettotouring.it\/radiotouring104\/#\/schema\/person\/78613917f1851f041f7483f5af1d422e\"},\"headline\":\"G7 Commercio a Villa S.G.: il plauso di Giannetta, gruppo FI RC e Milia\",\"datePublished\":\"2023-12-07T09:33:05+00:00\",\"mainEntityOfPage\":{\"@id\":\"https:\/\/progettotouring.it\/radiotouring104\/2023\/12\/07\/g7-commercio-a-villa-s-g-il-plauso-di-giannetta-gruppo-fi-rc-e-milia\/\"},\"wordCount\":784,\"publisher\":{\"@id\":\"https:\/\/progettotouring.it\/radiotouring104\/#organization\"},\"image\":{\"@id\":\"https:\/\/progettotouring.it\/radiotouring104\/2023\/12\/07\/g7-commercio-a-villa-s-g-il-plauso-di-giannetta-gruppo-fi-rc-e-milia\/#primaryimage\"},\"thumbnailUrl\":\"https:\/\/progettotouring.it\/radiotouring104\/wp-content\/uploads\/sites\/6\/2023\/12\/tajani-cannizzaro.jpg\",\"keywords\":[\"domenico giannetta\",\"Federico Milia\",\"G7 Commercio in Calabria\",\"gruppo FI Reggio Calabria\",\"villa san giovanni\"],\"articleSection\":[\"Home\",\"News\",\"Reggio Calabria\"],\"inLanguage\":\"it-IT\"},{\"@type\":\"WebPage\",\"@id\":\"https:\/\/progettotouring.it\/radiotouring104\/2023\/12\/07\/g7-commercio-a-villa-s-g-il-plauso-di-giannetta-gruppo-fi-rc-e-milia\/\",\"url\":\"https:\/\/progettotouring.it\/radiotouring104\/2023\/12\/07\/g7-commercio-a-villa-s-g-il-plauso-di-giannetta-gruppo-fi-rc-e-milia\/\",\"name\":\"G7 Commercio a Villa S.G.: il plauso di Giannetta, gruppo FI e Milia\",\"isPartOf\":{\"@id\":\"https:\/\/progettotouring.it\/radiotouring104\/#website\"},\"primaryImageOfPage\":{\"@id\":\"https:\/\/progettotouring.it\/radiotouring104\/2023\/12\/07\/g7-commercio-a-villa-s-g-il-plauso-di-giannetta-gruppo-fi-rc-e-milia\/#primaryimage\"},\"image\":{\"@id\":\"https:\/\/progettotouring.it\/radiotouring104\/2023\/12\/07\/g7-commercio-a-villa-s-g-il-plauso-di-giannetta-gruppo-fi-rc-e-milia\/#primaryimage\"},\"thumbnailUrl\":\"https:\/\/progettotouring.it\/radiotouring104\/wp-content\/uploads\/sites\/6\/2023\/12\/tajani-cannizzaro.jpg\",\"datePublished\":\"2023-12-07T09:33:05+00:00\",\"description\":\"Comunicati stampa dei Consiglieri Giannetta e Milia e del gruppo FI inerente all'ufficializzazione del G7 Commercio a Villa S.G\",\"breadcrumb\":{\"@id\":\"https:\/\/progettotouring.it\/radiotouring104\/2023\/12\/07\/g7-commercio-a-villa-s-g-il-plauso-di-giannetta-gruppo-fi-rc-e-milia\/#breadcrumb\"},\"inLanguage\":\"it-IT\",\"potentialAction\":[{\"@type\":\"ReadAction\",\"target\":[\"https:\/\/progettotouring.it\/radiotouring104\/2023\/12\/07\/g7-commercio-a-villa-s-g-il-plauso-di-giannetta-gruppo-fi-rc-e-milia\/\"]}]},{\"@type\":\"ImageObject\",\"inLanguage\":\"it-IT\",\"@id\":\"https:\/\/progettotouring.it\/radiotouring104\/2023\/12\/07\/g7-commercio-a-villa-s-g-il-plauso-di-giannetta-gruppo-fi-rc-e-milia\/#primaryimage\",\"url\":\"https:\/\/progettotouring.it\/radiotouring104\/wp-content\/uploads\/sites\/6\/2023\/12\/tajani-cannizzaro.jpg\",\"contentUrl\":\"https:\/\/progettotouring.it\/radiotouring104\/wp-content\/uploads\/sites\/6\/2023\/12\/tajani-cannizzaro.jpg\",\"width\":1169,\"height\":890},{\"@type\":\"BreadcrumbList\",\"@id\":\"https:\/\/progettotouring.it\/radiotouring104\/2023\/12\/07\/g7-commercio-a-villa-s-g-il-plauso-di-giannetta-gruppo-fi-rc-e-milia\/#breadcrumb\",\"itemListElement\":[{\"@type\":\"ListItem\",\"position\":1,\"name\":\"Home\",\"item\":\"https:\/\/progettotouring.it\/radiotouring104\/\"},{\"@type\":\"ListItem\",\"position\":2,\"name\":\"G7 Commercio a Villa S.G.: il plauso di Giannetta, gruppo FI RC e Milia\"}]},{\"@type\":\"WebSite\",\"@id\":\"https:\/\/progettotouring.it\/radiotouring104\/#website\",\"url\":\"https:\/\/progettotouring.it\/radiotouring104\/\",\"name\":\"Radio Touring 104\",\"description\":\"La prima radio Reggina\",\"publisher\":{\"@id\":\"https:\/\/progettotouring.it\/radiotouring104\/#organization\"},\"potentialAction\":[{\"@type\":\"SearchAction\",\"target\":{\"@type\":\"EntryPoint\",\"urlTemplate\":\"https:\/\/progettotouring.it\/radiotouring104\/?s={search_term_string}\"},\"query-input\":{\"@type\":\"PropertyValueSpecification\",\"valueRequired\":true,\"valueName\":\"search_term_string\"}}],\"inLanguage\":\"it-IT\"},{\"@type\":\"Organization\",\"@id\":\"https:\/\/progettotouring.it\/radiotouring104\/#organization\",\"name\":\"Radio Touring 104\",\"url\":\"https:\/\/progettotouring.it\/radiotouring104\/\",\"logo\":{\"@type\":\"ImageObject\",\"inLanguage\":\"it-IT\",\"@id\":\"https:\/\/progettotouring.it\/radiotouring104\/#\/schema\/logo\/image\/\",\"url\":\"https:\/\/progettotouring.it\/radiotouring104\/wp-content\/uploads\/sites\/6\/2022\/02\/cropped-logo-radio-touring-104.png\",\"contentUrl\":\"https:\/\/progettotouring.it\/radiotouring104\/wp-content\/uploads\/sites\/6\/2022\/02\/cropped-logo-radio-touring-104.png\",\"width\":377,\"height\":182,\"caption\":\"Radio Touring 104\"},\"image\":{\"@id\":\"https:\/\/progettotouring.it\/radiotouring104\/#\/schema\/logo\/image\/\"}},{\"@type\":\"Person\",\"@id\":\"https:\/\/progettotouring.it\/radiotouring104\/#\/schema\/person\/78613917f1851f041f7483f5af1d422e\",\"name\":\"Sebastiano Plutino\",\"image\":{\"@type\":\"ImageObject\",\"inLanguage\":\"it-IT\",\"@id\":\"https:\/\/secure.gravatar.com\/avatar\/0546ffaa9b79224faf9f2a156b67a529ae861d3287c66c1d8ccfdf909bcba78d?s=96&d=mm&r=g\",\"url\":\"https:\/\/secure.gravatar.com\/avatar\/0546ffaa9b79224faf9f2a156b67a529ae861d3287c66c1d8ccfdf909bcba78d?s=96&d=mm&r=g\",\"contentUrl\":\"https:\/\/secure.gravatar.com\/avatar\/0546ffaa9b79224faf9f2a156b67a529ae861d3287c66c1d8ccfdf909bcba78d?s=96&d=mm&r=g\",\"caption\":\"Sebastiano Plutino\"},\"url\":\"https:\/\/progettotouring.it\/radiotouring104\/author\/sebastiano\/\"}]}<\/script>\n<!-- \/ Yoast SEO plugin. -->","yoast_head_json":{"title":"G7 Commercio a Villa S.G.: il plauso di Giannetta, gruppo FI e Milia","description":"Comunicati stampa dei Consiglieri Giannetta e Milia e del gruppo FI inerente all'ufficializzazione del G7 Commercio a Villa S.G","robots":{"index":"index","follow":"follow","max-snippet":"max-snippet:-1","max-image-preview":"max-image-preview:large","max-video-preview":"max-video-preview:-1"},"canonical":"https:\/\/progettotouring.it\/radiotouring104\/2023\/12\/07\/g7-commercio-a-villa-s-g-il-plauso-di-giannetta-gruppo-fi-rc-e-milia\/","og_locale":"it_IT","og_type":"article","og_title":"G7 Commercio a Villa S.G.: il plauso di Giannetta, gruppo FI e Milia","og_description":"Comunicati stampa dei Consiglieri Giannetta e Milia e del gruppo FI inerente all'ufficializzazione del G7 Commercio a Villa S.G","og_url":"https:\/\/progettotouring.it\/radiotouring104\/2023\/12\/07\/g7-commercio-a-villa-s-g-il-plauso-di-giannetta-gruppo-fi-rc-e-milia\/","og_site_name":"Radio Touring 104","article_published_time":"2023-12-07T09:33:05+00:00","og_image":[{"width":1169,"height":890,"url":"https:\/\/progettotouring.it\/radiotouring104\/wp-content\/uploads\/sites\/6\/2023\/12\/tajani-cannizzaro.jpg","type":"image\/jpeg"}],"author":"Sebastiano Plutino","twitter_card":"summary_large_image","twitter_misc":{"Scritto da":"Sebastiano Plutino","Tempo di lettura stimato":"4 minuti"},"schema":{"@context":"https:\/\/schema.org","@graph":[{"@type":"Article","@id":"https:\/\/progettotouring.it\/radiotouring104\/2023\/12\/07\/g7-commercio-a-villa-s-g-il-plauso-di-giannetta-gruppo-fi-rc-e-milia\/#article","isPartOf":{"@id":"https:\/\/progettotouring.it\/radiotouring104\/2023\/12\/07\/g7-commercio-a-villa-s-g-il-plauso-di-giannetta-gruppo-fi-rc-e-milia\/"},"author":{"name":"Sebastiano Plutino","@id":"https:\/\/progettotouring.it\/radiotouring104\/#\/schema\/person\/78613917f1851f041f7483f5af1d422e"},"headline":"G7 Commercio a Villa S.G.: il plauso di Giannetta, gruppo FI RC e Milia","datePublished":"2023-12-07T09:33:05+00:00","mainEntityOfPage":{"@id":"https:\/\/progettotouring.it\/radiotouring104\/2023\/12\/07\/g7-commercio-a-villa-s-g-il-plauso-di-giannetta-gruppo-fi-rc-e-milia\/"},"wordCount":784,"publisher":{"@id":"https:\/\/progettotouring.it\/radiotouring104\/#organization"},"image":{"@id":"https:\/\/progettotouring.it\/radiotouring104\/2023\/12\/07\/g7-commercio-a-villa-s-g-il-plauso-di-giannetta-gruppo-fi-rc-e-milia\/#primaryimage"},"thumbnailUrl":"https:\/\/progettotouring.it\/radiotouring104\/wp-content\/uploads\/sites\/6\/2023\/12\/tajani-cannizzaro.jpg","keywords":["domenico giannetta","Federico Milia","G7 Commercio in Calabria","gruppo FI Reggio Calabria","villa san giovanni"],"articleSection":["Home","News","Reggio Calabria"],"inLanguage":"it-IT"},{"@type":"WebPage","@id":"https:\/\/progettotouring.it\/radiotouring104\/2023\/12\/07\/g7-commercio-a-villa-s-g-il-plauso-di-giannetta-gruppo-fi-rc-e-milia\/","url":"https:\/\/progettotouring.it\/radiotouring104\/2023\/12\/07\/g7-commercio-a-villa-s-g-il-plauso-di-giannetta-gruppo-fi-rc-e-milia\/","name":"G7 Commercio a Villa S.G.: il plauso di Giannetta, gruppo FI e Milia","isPartOf":{"@id":"https:\/\/progettotouring.it\/radiotouring104\/#website"},"primaryImageOfPage":{"@id":"https:\/\/progettotouring.it\/radiotouring104\/2023\/12\/07\/g7-commercio-a-villa-s-g-il-plauso-di-giannetta-gruppo-fi-rc-e-milia\/#primaryimage"},"image":{"@id":"https:\/\/progettotouring.it\/radiotouring104\/2023\/12\/07\/g7-commercio-a-villa-s-g-il-plauso-di-giannetta-gruppo-fi-rc-e-milia\/#primaryimage"},"thumbnailUrl":"https:\/\/progettotouring.it\/radiotouring104\/wp-content\/uploads\/sites\/6\/2023\/12\/tajani-cannizzaro.jpg","datePublished":"2023-12-07T09:33:05+00:00","description":"Comunicati stampa dei Consiglieri Giannetta e Milia e del gruppo FI inerente all'ufficializzazione del G7 Commercio a Villa S.G","breadcrumb":{"@id":"https:\/\/progettotouring.it\/radiotouring104\/2023\/12\/07\/g7-commercio-a-villa-s-g-il-plauso-di-giannetta-gruppo-fi-rc-e-milia\/#breadcrumb"},"inLanguage":"it-IT","potentialAction":[{"@type":"ReadAction","target":["https:\/\/progettotouring.it\/radiotouring104\/2023\/12\/07\/g7-commercio-a-villa-s-g-il-plauso-di-giannetta-gruppo-fi-rc-e-milia\/"]}]},{"@type":"ImageObject","inLanguage":"it-IT","@id":"https:\/\/progettotouring.it\/radiotouring104\/2023\/12\/07\/g7-commercio-a-villa-s-g-il-plauso-di-giannetta-gruppo-fi-rc-e-milia\/#primaryimage","url":"https:\/\/progettotouring.it\/radiotouring104\/wp-content\/uploads\/sites\/6\/2023\/12\/tajani-cannizzaro.jpg","contentUrl":"https:\/\/progettotouring.it\/radiotouring104\/wp-content\/uploads\/sites\/6\/2023\/12\/tajani-cannizzaro.jpg","width":1169,"height":890},{"@type":"BreadcrumbList","@id":"https:\/\/progettotouring.it\/radiotouring104\/2023\/12\/07\/g7-commercio-a-villa-s-g-il-plauso-di-giannetta-gruppo-fi-rc-e-milia\/#breadcrumb","itemListElement":[{"@type":"ListItem","position":1,"name":"Home","item":"https:\/\/progettotouring.it\/radiotouring104\/"},{"@type":"ListItem","position":2,"name":"G7 Commercio a Villa S.G.: il plauso di Giannetta, gruppo FI RC e Milia"}]},{"@type":"WebSite","@id":"https:\/\/progettotouring.it\/radiotouring104\/#website","url":"https:\/\/progettotouring.it\/radiotouring104\/","name":"Radio Touring 104","description":"La prima radio Reggina","publisher":{"@id":"https:\/\/progettotouring.it\/radiotouring104\/#organization"},"potentialAction":[{"@type":"SearchAction","target":{"@type":"EntryPoint","urlTemplate":"https:\/\/progettotouring.it\/radiotouring104\/?s={search_term_string}"},"query-input":{"@type":"PropertyValueSpecification","valueRequired":true,"valueName":"search_term_string"}}],"inLanguage":"it-IT"},{"@type":"Organization","@id":"https:\/\/progettotouring.it\/radiotouring104\/#organization","name":"Radio Touring 104","url":"https:\/\/progettotouring.it\/radiotouring104\/","logo":{"@type":"ImageObject","inLanguage":"it-IT","@id":"https:\/\/progettotouring.it\/radiotouring104\/#\/schema\/logo\/image\/","url":"https:\/\/progettotouring.it\/radiotouring104\/wp-content\/uploads\/sites\/6\/2022\/02\/cropped-logo-radio-touring-104.png","contentUrl":"https:\/\/progettotouring.it\/radiotouring104\/wp-content\/uploads\/sites\/6\/2022\/02\/cropped-logo-radio-touring-104.png","width":377,"height":182,"caption":"Radio Touring 104"},"image":{"@id":"https:\/\/progettotouring.it\/radiotouring104\/#\/schema\/logo\/image\/"}},{"@type":"Person","@id":"https:\/\/progettotouring.it\/radiotouring104\/#\/schema\/person\/78613917f1851f041f7483f5af1d422e","name":"Sebastiano Plutino","image":{"@type":"ImageObject","inLanguage":"it-IT","@id":"https:\/\/secure.gravatar.com\/avatar\/0546ffaa9b79224faf9f2a156b67a529ae861d3287c66c1d8ccfdf909bcba78d?s=96&d=mm&r=g","url":"https:\/\/secure.gravatar.com\/avatar\/0546ffaa9b79224faf9f2a156b67a529ae861d3287c66c1d8ccfdf909bcba78d?s=96&d=mm&r=g","contentUrl":"https:\/\/secure.gravatar.com\/avatar\/0546ffaa9b79224faf9f2a156b67a529ae861d3287c66c1d8ccfdf909bcba78d?s=96&d=mm&r=g","caption":"Sebastiano Plutino"},"url":"https:\/\/progettotouring.it\/radiotouring104\/author\/sebastiano\/"}]}},"jetpack_publicize_connections":[],"jetpack_featured_media_url":"https:\/\/progettotouring.it\/radiotouring104\/wp-content\/uploads\/sites\/6\/2023\/12\/tajani-cannizzaro.jpg","jetpack_sharing_enabled":true,"_links":{"self":[{"href":"https:\/\/progettotouring.it\/radiotouring104\/wp-json\/wp\/v2\/posts\/40629","targetHints":{"allow":["GET"]}}],"collection":[{"href":"https:\/\/progettotouring.it\/radiotouring104\/wp-json\/wp\/v2\/posts"}],"about":[{"href":"https:\/\/progettotouring.it\/radiotouring104\/wp-json\/wp\/v2\/types\/post"}],"author":[{"embeddable":true,"href":"https:\/\/progettotouring.it\/radiotouring104\/wp-json\/wp\/v2\/users\/12"}],"replies":[{"embeddable":true,"href":"https:\/\/progettotouring.it\/radiotouring104\/wp-json\/wp\/v2\/comments?post=40629"}],"version-history":[{"count":1,"href":"https:\/\/progettotouring.it\/radiotouring104\/wp-json\/wp\/v2\/posts\/40629\/revisions"}],"predecessor-version":[{"id":40633,"href":"https:\/\/progettotouring.it\/radiotouring104\/wp-json\/wp\/v2\/posts\/40629\/revisions\/40633"}],"wp:featuredmedia":[{"embeddable":true,"href":"https:\/\/progettotouring.it\/radiotouring104\/wp-json\/wp\/v2\/media\/40632"}],"wp:attachment":[{"href":"https:\/\/progettotouring.it\/radiotouring104\/wp-json\/wp\/v2\/media?parent=40629"}],"wp:term":[{"taxonomy":"category","embeddable":true,"href":"https:\/\/progettotouring.it\/radiotouring104\/wp-json\/wp\/v2\/categories?post=40629"},{"taxonomy":"post_tag","embeddable":true,"href":"https:\/\/progettotouring.it\/radiotouring104\/wp-json\/wp\/v2\/tags?post=40629"}],"curies":[{"name":"wp","href":"https:\/\/api.w.org\/{rel}","templated":true}]}}