{"id":40642,"date":"2023-12-07T10:54:06","date_gmt":"2023-12-07T09:54:06","guid":{"rendered":"https:\/\/progettotouring.it\/radiotouring104\/?p=40642"},"modified":"2023-12-07T10:54:06","modified_gmt":"2023-12-07T09:54:06","slug":"metrocity-avviso-pubblico-ai-comuni-per-progetti-di-utilita-sociale","status":"publish","type":"post","link":"https:\/\/progettotouring.it\/radiotouring104\/2023\/12\/07\/metrocity-avviso-pubblico-ai-comuni-per-progetti-di-utilita-sociale\/","title":{"rendered":"Metrocity: avviso pubblico ai Comuni per progetti di utilit\u00e0 sociale"},"content":{"rendered":"<p style=\"text-align: justify\">Il settore Politiche sociali della Citt\u00e0 Metropolitana ha pubblicato un avviso rivolto ai Comuni del comprensorio per la selezione di progetti di utilit\u00e0 sociale da realizzare sul territorio.<\/p>\n<p><em>\u00abOgni idea &#8211;<\/em><strong> ha spiegato il consigliere delegato al Welfare, Domenico Mantegna<\/strong> &#8211; <em>verr\u00e0 finanziata per dieci mila euro, con una quota di cofinanziamento, da parte dell&#8217;Ente, pari ad almeno il 25% del costo complessivo del progetto. L&#8217;obiettivo, in linea con il programma di mandato indicato dal sindaco Giuseppe Falcomat\u00e0, \u00e8 il raggiungimento di un pi\u00f9 alto livello di autonomia ed integrazione sociale, soprattutto per i soggetti economicamente e socialmente pi\u00f9 deboli. In questo senso, l&#8217;amministrazione vuole promuovere e coordinare nuove politiche di sostegno e assistenza a favore di bambini, disabili, persone e famiglie in difficolt\u00e0\u00bb.<\/em><\/p>\n<p><em>\u00abInfatti &#8211;<\/em> ha spiegato &#8211; <em>verranno sostenute iniziative, attivit\u00e0 di animazione sociale o trasporto solidale per minori, anziani, giovani e soggetti con difficolt\u00e0, al fine di favorirne lo sviluppo dell&#8217;autostima e della consapevolezza delle proprie potenzialit\u00e0. Ma anche proposte a sostegno della disabilit\u00e0 per promuovere l&#8217;inclusione e la partecipazione di sportelli di ascolto, attivit\u00e0 di supporto, sostegno psicologico, educativo per le famiglie, i giovani o le donne in difficolt\u00e0. Ovviamente, verranno considerate quelle attivit\u00e0 volte a favorire la socializzazione, l&#8217;aggregazione e l&#8217;interscambio tra gli anziani e i giovani, cos\u00ec come la realizzazione di spiagge aperte ed accessibili per l\u2019inclusione sociale e l\u2019abbattimento delle barriere architettoniche e delle difficolt\u00e0 d\u2019accesso ai servizi per le persone con disabilit\u00e0\u00bb.<\/em><\/p>\n<p><em>\u00abNell&#8217;occasione &#8211;<\/em><strong> ha concluso Mantegna<\/strong> &#8211; <em>mi preme ringraziare l&#8217;intero settore metropolitano per le Politiche sociali ed il sindaco Giuseppe Falcomat\u00e0 per aver promosso e sostenuto un programma che mira, profondamente, allo sviluppo sociale, umano, culturale e sostenibile verso il miglioramento della qualit\u00e0 della vita e delle persone. Simili iniziative, non vi \u00e8 dubbio, contribuiscono alla tutela dei diritti dei giovani, degli anziani, dei cittadini appartenenti alle fasce pi\u00f9 deboli e valorizzano il lavoro fondamentale dell&#8217;associazionismo e del terzo Settore cui non mi stancher\u00f2 mai di riservare la mia pi\u00f9 sincera gratitudine\u00bb.<\/em><\/p>\n","protected":false},"excerpt":{"rendered":"<p>Il settore Politiche sociali della Citt\u00e0 Metropolitana ha pubblicato un avviso rivolto ai Comuni del comprensorio per la selezione di progetti di utilit\u00e0 sociale da realizzare sul territorio. \u00abOgni idea&hellip;<\/p>\n","protected":false},"author":12,"featured_media":4299,"comment_status":"closed","ping_status":"open","sticky":false,"template":"","format":"standard","meta":{"_jetpack_memberships_contains_paid_content":false,"footnotes":"","jetpack_publicize_message":"","jetpack_publicize_feature_enabled":true,"jetpack_social_post_already_shared":false,"jetpack_social_options":{"image_generator_settings":{"template":"highway","default_image_id":0,"font":"","enabled":false},"version":2}},"categories":[921,196,140],"tags":[25234,2284,812,531,25235],"class_list":["post-40642","post","type-post","status-publish","format-standard","has-post-thumbnail","hentry","category-home","category-news","category-reggio-calabria","tag-avviso-pubblico-ai-comuni","tag-domenico-mantegna","tag-giuseppe-falcomata","tag-metrocity","tag-per-progetti-di-utilita-sociale"],"yoast_head":"<!-- This site is optimized with the Yoast SEO plugin v27.2 - https:\/\/yoast.com\/product\/yoast-seo-wordpress\/ -->\n<title>Metrocity: avviso pubblico ai Comuni per progetti di utilit\u00e0 sociale<\/title>\n<meta name=\"description\" content=\"La soddisfazione del Consigliere Mantegna: &quot;Iniziativa che punta alla tutela dei diritti delle fasce pi\u00f9 deboli&quot;\" \/>\n<meta name=\"robots\" content=\"index, follow, max-snippet:-1, max-image-preview:large, max-video-preview:-1\" \/>\n<link rel=\"canonical\" href=\"https:\/\/progettotouring.it\/radiotouring104\/2023\/12\/07\/metrocity-avviso-pubblico-ai-comuni-per-progetti-di-utilita-sociale\/\" \/>\n<meta property=\"og:locale\" content=\"it_IT\" \/>\n<meta property=\"og:type\" content=\"article\" \/>\n<meta property=\"og:title\" content=\"Metrocity: avviso pubblico ai Comuni per progetti di utilit\u00e0 sociale\" \/>\n<meta property=\"og:description\" content=\"La soddisfazione del Consigliere Mantegna: &quot;Iniziativa che punta alla tutela dei diritti delle fasce pi\u00f9 deboli&quot;\" \/>\n<meta property=\"og:url\" content=\"https:\/\/progettotouring.it\/radiotouring104\/2023\/12\/07\/metrocity-avviso-pubblico-ai-comuni-per-progetti-di-utilita-sociale\/\" \/>\n<meta property=\"og:site_name\" content=\"Radio Touring 104\" \/>\n<meta property=\"article:published_time\" content=\"2023-12-07T09:54:06+00:00\" \/>\n<meta property=\"og:image\" content=\"https:\/\/progettotouring.it\/radiotouring104\/wp-content\/uploads\/sites\/6\/2022\/04\/Citta-metropolitana-palazzo-alvaro.jpg\" \/>\n\t<meta property=\"og:image:width\" content=\"1920\" \/>\n\t<meta property=\"og:image:height\" content=\"1080\" \/>\n\t<meta property=\"og:image:type\" content=\"image\/jpeg\" \/>\n<meta name=\"author\" content=\"Sebastiano Plutino\" \/>\n<meta name=\"twitter:card\" content=\"summary_large_image\" \/>\n<meta name=\"twitter:label1\" content=\"Scritto da\" \/>\n\t<meta name=\"twitter:data1\" content=\"Sebastiano Plutino\" \/>\n\t<meta name=\"twitter:label2\" content=\"Tempo di lettura stimato\" \/>\n\t<meta name=\"twitter:data2\" content=\"2 minuti\" \/>\n<script type=\"application\/ld+json\" class=\"yoast-schema-graph\">{\"@context\":\"https:\/\/schema.org\",\"@graph\":[{\"@type\":\"Article\",\"@id\":\"https:\/\/progettotouring.it\/radiotouring104\/2023\/12\/07\/metrocity-avviso-pubblico-ai-comuni-per-progetti-di-utilita-sociale\/#article\",\"isPartOf\":{\"@id\":\"https:\/\/progettotouring.it\/radiotouring104\/2023\/12\/07\/metrocity-avviso-pubblico-ai-comuni-per-progetti-di-utilita-sociale\/\"},\"author\":{\"name\":\"Sebastiano Plutino\",\"@id\":\"https:\/\/progettotouring.it\/radiotouring104\/#\/schema\/person\/78613917f1851f041f7483f5af1d422e\"},\"headline\":\"Metrocity: avviso pubblico ai Comuni per progetti di utilit\u00e0 sociale\",\"datePublished\":\"2023-12-07T09:54:06+00:00\",\"mainEntityOfPage\":{\"@id\":\"https:\/\/progettotouring.it\/radiotouring104\/2023\/12\/07\/metrocity-avviso-pubblico-ai-comuni-per-progetti-di-utilita-sociale\/\"},\"wordCount\":342,\"publisher\":{\"@id\":\"https:\/\/progettotouring.it\/radiotouring104\/#organization\"},\"image\":{\"@id\":\"https:\/\/progettotouring.it\/radiotouring104\/2023\/12\/07\/metrocity-avviso-pubblico-ai-comuni-per-progetti-di-utilita-sociale\/#primaryimage\"},\"thumbnailUrl\":\"https:\/\/progettotouring.it\/radiotouring104\/wp-content\/uploads\/sites\/6\/2022\/04\/Citta-metropolitana-palazzo-alvaro.jpg\",\"keywords\":[\"avviso pubblico ai Comuni\",\"Domenico Mantegna\",\"Giuseppe Falcomat\u00e0\",\"Metrocity\",\"per progetti di utilit\u00e0 sociale\"],\"articleSection\":[\"Home\",\"News\",\"Reggio Calabria\"],\"inLanguage\":\"it-IT\"},{\"@type\":\"WebPage\",\"@id\":\"https:\/\/progettotouring.it\/radiotouring104\/2023\/12\/07\/metrocity-avviso-pubblico-ai-comuni-per-progetti-di-utilita-sociale\/\",\"url\":\"https:\/\/progettotouring.it\/radiotouring104\/2023\/12\/07\/metrocity-avviso-pubblico-ai-comuni-per-progetti-di-utilita-sociale\/\",\"name\":\"Metrocity: avviso pubblico ai Comuni per progetti di utilit\u00e0 sociale\",\"isPartOf\":{\"@id\":\"https:\/\/progettotouring.it\/radiotouring104\/#website\"},\"primaryImageOfPage\":{\"@id\":\"https:\/\/progettotouring.it\/radiotouring104\/2023\/12\/07\/metrocity-avviso-pubblico-ai-comuni-per-progetti-di-utilita-sociale\/#primaryimage\"},\"image\":{\"@id\":\"https:\/\/progettotouring.it\/radiotouring104\/2023\/12\/07\/metrocity-avviso-pubblico-ai-comuni-per-progetti-di-utilita-sociale\/#primaryimage\"},\"thumbnailUrl\":\"https:\/\/progettotouring.it\/radiotouring104\/wp-content\/uploads\/sites\/6\/2022\/04\/Citta-metropolitana-palazzo-alvaro.jpg\",\"datePublished\":\"2023-12-07T09:54:06+00:00\",\"description\":\"La soddisfazione del Consigliere Mantegna: \\\"Iniziativa che punta alla tutela dei diritti delle fasce pi\u00f9 deboli\\\"\",\"breadcrumb\":{\"@id\":\"https:\/\/progettotouring.it\/radiotouring104\/2023\/12\/07\/metrocity-avviso-pubblico-ai-comuni-per-progetti-di-utilita-sociale\/#breadcrumb\"},\"inLanguage\":\"it-IT\",\"potentialAction\":[{\"@type\":\"ReadAction\",\"target\":[\"https:\/\/progettotouring.it\/radiotouring104\/2023\/12\/07\/metrocity-avviso-pubblico-ai-comuni-per-progetti-di-utilita-sociale\/\"]}]},{\"@type\":\"ImageObject\",\"inLanguage\":\"it-IT\",\"@id\":\"https:\/\/progettotouring.it\/radiotouring104\/2023\/12\/07\/metrocity-avviso-pubblico-ai-comuni-per-progetti-di-utilita-sociale\/#primaryimage\",\"url\":\"https:\/\/progettotouring.it\/radiotouring104\/wp-content\/uploads\/sites\/6\/2022\/04\/Citta-metropolitana-palazzo-alvaro.jpg\",\"contentUrl\":\"https:\/\/progettotouring.it\/radiotouring104\/wp-content\/uploads\/sites\/6\/2022\/04\/Citta-metropolitana-palazzo-alvaro.jpg\",\"width\":1920,\"height\":1080,\"caption\":\"palazzo alvaro\"},{\"@type\":\"BreadcrumbList\",\"@id\":\"https:\/\/progettotouring.it\/radiotouring104\/2023\/12\/07\/metrocity-avviso-pubblico-ai-comuni-per-progetti-di-utilita-sociale\/#breadcrumb\",\"itemListElement\":[{\"@type\":\"ListItem\",\"position\":1,\"name\":\"Home\",\"item\":\"https:\/\/progettotouring.it\/radiotouring104\/\"},{\"@type\":\"ListItem\",\"position\":2,\"name\":\"Metrocity: avviso pubblico ai Comuni per progetti di utilit\u00e0 sociale\"}]},{\"@type\":\"WebSite\",\"@id\":\"https:\/\/progettotouring.it\/radiotouring104\/#website\",\"url\":\"https:\/\/progettotouring.it\/radiotouring104\/\",\"name\":\"Radio Touring 104\",\"description\":\"La prima radio Reggina\",\"publisher\":{\"@id\":\"https:\/\/progettotouring.it\/radiotouring104\/#organization\"},\"potentialAction\":[{\"@type\":\"SearchAction\",\"target\":{\"@type\":\"EntryPoint\",\"urlTemplate\":\"https:\/\/progettotouring.it\/radiotouring104\/?s={search_term_string}\"},\"query-input\":{\"@type\":\"PropertyValueSpecification\",\"valueRequired\":true,\"valueName\":\"search_term_string\"}}],\"inLanguage\":\"it-IT\"},{\"@type\":\"Organization\",\"@id\":\"https:\/\/progettotouring.it\/radiotouring104\/#organization\",\"name\":\"Radio Touring 104\",\"url\":\"https:\/\/progettotouring.it\/radiotouring104\/\",\"logo\":{\"@type\":\"ImageObject\",\"inLanguage\":\"it-IT\",\"@id\":\"https:\/\/progettotouring.it\/radiotouring104\/#\/schema\/logo\/image\/\",\"url\":\"https:\/\/progettotouring.it\/radiotouring104\/wp-content\/uploads\/sites\/6\/2022\/02\/cropped-logo-radio-touring-104.png\",\"contentUrl\":\"https:\/\/progettotouring.it\/radiotouring104\/wp-content\/uploads\/sites\/6\/2022\/02\/cropped-logo-radio-touring-104.png\",\"width\":377,\"height\":182,\"caption\":\"Radio Touring 104\"},\"image\":{\"@id\":\"https:\/\/progettotouring.it\/radiotouring104\/#\/schema\/logo\/image\/\"}},{\"@type\":\"Person\",\"@id\":\"https:\/\/progettotouring.it\/radiotouring104\/#\/schema\/person\/78613917f1851f041f7483f5af1d422e\",\"name\":\"Sebastiano Plutino\",\"image\":{\"@type\":\"ImageObject\",\"inLanguage\":\"it-IT\",\"@id\":\"https:\/\/secure.gravatar.com\/avatar\/0546ffaa9b79224faf9f2a156b67a529ae861d3287c66c1d8ccfdf909bcba78d?s=96&d=mm&r=g\",\"url\":\"https:\/\/secure.gravatar.com\/avatar\/0546ffaa9b79224faf9f2a156b67a529ae861d3287c66c1d8ccfdf909bcba78d?s=96&d=mm&r=g\",\"contentUrl\":\"https:\/\/secure.gravatar.com\/avatar\/0546ffaa9b79224faf9f2a156b67a529ae861d3287c66c1d8ccfdf909bcba78d?s=96&d=mm&r=g\",\"caption\":\"Sebastiano Plutino\"},\"url\":\"https:\/\/progettotouring.it\/radiotouring104\/author\/sebastiano\/\"}]}<\/script>\n<!-- \/ Yoast SEO plugin. -->","yoast_head_json":{"title":"Metrocity: avviso pubblico ai Comuni per progetti di utilit\u00e0 sociale","description":"La soddisfazione del Consigliere Mantegna: \"Iniziativa che punta alla tutela dei diritti delle fasce pi\u00f9 deboli\"","robots":{"index":"index","follow":"follow","max-snippet":"max-snippet:-1","max-image-preview":"max-image-preview:large","max-video-preview":"max-video-preview:-1"},"canonical":"https:\/\/progettotouring.it\/radiotouring104\/2023\/12\/07\/metrocity-avviso-pubblico-ai-comuni-per-progetti-di-utilita-sociale\/","og_locale":"it_IT","og_type":"article","og_title":"Metrocity: avviso pubblico ai Comuni per progetti di utilit\u00e0 sociale","og_description":"La soddisfazione del Consigliere Mantegna: \"Iniziativa che punta alla tutela dei diritti delle fasce pi\u00f9 deboli\"","og_url":"https:\/\/progettotouring.it\/radiotouring104\/2023\/12\/07\/metrocity-avviso-pubblico-ai-comuni-per-progetti-di-utilita-sociale\/","og_site_name":"Radio Touring 104","article_published_time":"2023-12-07T09:54:06+00:00","og_image":[{"width":1920,"height":1080,"url":"https:\/\/progettotouring.it\/radiotouring104\/wp-content\/uploads\/sites\/6\/2022\/04\/Citta-metropolitana-palazzo-alvaro.jpg","type":"image\/jpeg"}],"author":"Sebastiano Plutino","twitter_card":"summary_large_image","twitter_misc":{"Scritto da":"Sebastiano Plutino","Tempo di lettura stimato":"2 minuti"},"schema":{"@context":"https:\/\/schema.org","@graph":[{"@type":"Article","@id":"https:\/\/progettotouring.it\/radiotouring104\/2023\/12\/07\/metrocity-avviso-pubblico-ai-comuni-per-progetti-di-utilita-sociale\/#article","isPartOf":{"@id":"https:\/\/progettotouring.it\/radiotouring104\/2023\/12\/07\/metrocity-avviso-pubblico-ai-comuni-per-progetti-di-utilita-sociale\/"},"author":{"name":"Sebastiano Plutino","@id":"https:\/\/progettotouring.it\/radiotouring104\/#\/schema\/person\/78613917f1851f041f7483f5af1d422e"},"headline":"Metrocity: avviso pubblico ai Comuni per progetti di utilit\u00e0 sociale","datePublished":"2023-12-07T09:54:06+00:00","mainEntityOfPage":{"@id":"https:\/\/progettotouring.it\/radiotouring104\/2023\/12\/07\/metrocity-avviso-pubblico-ai-comuni-per-progetti-di-utilita-sociale\/"},"wordCount":342,"publisher":{"@id":"https:\/\/progettotouring.it\/radiotouring104\/#organization"},"image":{"@id":"https:\/\/progettotouring.it\/radiotouring104\/2023\/12\/07\/metrocity-avviso-pubblico-ai-comuni-per-progetti-di-utilita-sociale\/#primaryimage"},"thumbnailUrl":"https:\/\/progettotouring.it\/radiotouring104\/wp-content\/uploads\/sites\/6\/2022\/04\/Citta-metropolitana-palazzo-alvaro.jpg","keywords":["avviso pubblico ai Comuni","Domenico Mantegna","Giuseppe Falcomat\u00e0","Metrocity","per progetti di utilit\u00e0 sociale"],"articleSection":["Home","News","Reggio Calabria"],"inLanguage":"it-IT"},{"@type":"WebPage","@id":"https:\/\/progettotouring.it\/radiotouring104\/2023\/12\/07\/metrocity-avviso-pubblico-ai-comuni-per-progetti-di-utilita-sociale\/","url":"https:\/\/progettotouring.it\/radiotouring104\/2023\/12\/07\/metrocity-avviso-pubblico-ai-comuni-per-progetti-di-utilita-sociale\/","name":"Metrocity: avviso pubblico ai Comuni per progetti di utilit\u00e0 sociale","isPartOf":{"@id":"https:\/\/progettotouring.it\/radiotouring104\/#website"},"primaryImageOfPage":{"@id":"https:\/\/progettotouring.it\/radiotouring104\/2023\/12\/07\/metrocity-avviso-pubblico-ai-comuni-per-progetti-di-utilita-sociale\/#primaryimage"},"image":{"@id":"https:\/\/progettotouring.it\/radiotouring104\/2023\/12\/07\/metrocity-avviso-pubblico-ai-comuni-per-progetti-di-utilita-sociale\/#primaryimage"},"thumbnailUrl":"https:\/\/progettotouring.it\/radiotouring104\/wp-content\/uploads\/sites\/6\/2022\/04\/Citta-metropolitana-palazzo-alvaro.jpg","datePublished":"2023-12-07T09:54:06+00:00","description":"La soddisfazione del Consigliere Mantegna: \"Iniziativa che punta alla tutela dei diritti delle fasce pi\u00f9 deboli\"","breadcrumb":{"@id":"https:\/\/progettotouring.it\/radiotouring104\/2023\/12\/07\/metrocity-avviso-pubblico-ai-comuni-per-progetti-di-utilita-sociale\/#breadcrumb"},"inLanguage":"it-IT","potentialAction":[{"@type":"ReadAction","target":["https:\/\/progettotouring.it\/radiotouring104\/2023\/12\/07\/metrocity-avviso-pubblico-ai-comuni-per-progetti-di-utilita-sociale\/"]}]},{"@type":"ImageObject","inLanguage":"it-IT","@id":"https:\/\/progettotouring.it\/radiotouring104\/2023\/12\/07\/metrocity-avviso-pubblico-ai-comuni-per-progetti-di-utilita-sociale\/#primaryimage","url":"https:\/\/progettotouring.it\/radiotouring104\/wp-content\/uploads\/sites\/6\/2022\/04\/Citta-metropolitana-palazzo-alvaro.jpg","contentUrl":"https:\/\/progettotouring.it\/radiotouring104\/wp-content\/uploads\/sites\/6\/2022\/04\/Citta-metropolitana-palazzo-alvaro.jpg","width":1920,"height":1080,"caption":"palazzo alvaro"},{"@type":"BreadcrumbList","@id":"https:\/\/progettotouring.it\/radiotouring104\/2023\/12\/07\/metrocity-avviso-pubblico-ai-comuni-per-progetti-di-utilita-sociale\/#breadcrumb","itemListElement":[{"@type":"ListItem","position":1,"name":"Home","item":"https:\/\/progettotouring.it\/radiotouring104\/"},{"@type":"ListItem","position":2,"name":"Metrocity: avviso pubblico ai Comuni per progetti di utilit\u00e0 sociale"}]},{"@type":"WebSite","@id":"https:\/\/progettotouring.it\/radiotouring104\/#website","url":"https:\/\/progettotouring.it\/radiotouring104\/","name":"Radio Touring 104","description":"La prima radio Reggina","publisher":{"@id":"https:\/\/progettotouring.it\/radiotouring104\/#organization"},"potentialAction":[{"@type":"SearchAction","target":{"@type":"EntryPoint","urlTemplate":"https:\/\/progettotouring.it\/radiotouring104\/?s={search_term_string}"},"query-input":{"@type":"PropertyValueSpecification","valueRequired":true,"valueName":"search_term_string"}}],"inLanguage":"it-IT"},{"@type":"Organization","@id":"https:\/\/progettotouring.it\/radiotouring104\/#organization","name":"Radio Touring 104","url":"https:\/\/progettotouring.it\/radiotouring104\/","logo":{"@type":"ImageObject","inLanguage":"it-IT","@id":"https:\/\/progettotouring.it\/radiotouring104\/#\/schema\/logo\/image\/","url":"https:\/\/progettotouring.it\/radiotouring104\/wp-content\/uploads\/sites\/6\/2022\/02\/cropped-logo-radio-touring-104.png","contentUrl":"https:\/\/progettotouring.it\/radiotouring104\/wp-content\/uploads\/sites\/6\/2022\/02\/cropped-logo-radio-touring-104.png","width":377,"height":182,"caption":"Radio Touring 104"},"image":{"@id":"https:\/\/progettotouring.it\/radiotouring104\/#\/schema\/logo\/image\/"}},{"@type":"Person","@id":"https:\/\/progettotouring.it\/radiotouring104\/#\/schema\/person\/78613917f1851f041f7483f5af1d422e","name":"Sebastiano Plutino","image":{"@type":"ImageObject","inLanguage":"it-IT","@id":"https:\/\/secure.gravatar.com\/avatar\/0546ffaa9b79224faf9f2a156b67a529ae861d3287c66c1d8ccfdf909bcba78d?s=96&d=mm&r=g","url":"https:\/\/secure.gravatar.com\/avatar\/0546ffaa9b79224faf9f2a156b67a529ae861d3287c66c1d8ccfdf909bcba78d?s=96&d=mm&r=g","contentUrl":"https:\/\/secure.gravatar.com\/avatar\/0546ffaa9b79224faf9f2a156b67a529ae861d3287c66c1d8ccfdf909bcba78d?s=96&d=mm&r=g","caption":"Sebastiano Plutino"},"url":"https:\/\/progettotouring.it\/radiotouring104\/author\/sebastiano\/"}]}},"jetpack_publicize_connections":[],"jetpack_featured_media_url":"https:\/\/progettotouring.it\/radiotouring104\/wp-content\/uploads\/sites\/6\/2022\/04\/Citta-metropolitana-palazzo-alvaro.jpg","jetpack_sharing_enabled":true,"_links":{"self":[{"href":"https:\/\/progettotouring.it\/radiotouring104\/wp-json\/wp\/v2\/posts\/40642","targetHints":{"allow":["GET"]}}],"collection":[{"href":"https:\/\/progettotouring.it\/radiotouring104\/wp-json\/wp\/v2\/posts"}],"about":[{"href":"https:\/\/progettotouring.it\/radiotouring104\/wp-json\/wp\/v2\/types\/post"}],"author":[{"embeddable":true,"href":"https:\/\/progettotouring.it\/radiotouring104\/wp-json\/wp\/v2\/users\/12"}],"replies":[{"embeddable":true,"href":"https:\/\/progettotouring.it\/radiotouring104\/wp-json\/wp\/v2\/comments?post=40642"}],"version-history":[{"count":1,"href":"https:\/\/progettotouring.it\/radiotouring104\/wp-json\/wp\/v2\/posts\/40642\/revisions"}],"predecessor-version":[{"id":40643,"href":"https:\/\/progettotouring.it\/radiotouring104\/wp-json\/wp\/v2\/posts\/40642\/revisions\/40643"}],"wp:featuredmedia":[{"embeddable":true,"href":"https:\/\/progettotouring.it\/radiotouring104\/wp-json\/wp\/v2\/media\/4299"}],"wp:attachment":[{"href":"https:\/\/progettotouring.it\/radiotouring104\/wp-json\/wp\/v2\/media?parent=40642"}],"wp:term":[{"taxonomy":"category","embeddable":true,"href":"https:\/\/progettotouring.it\/radiotouring104\/wp-json\/wp\/v2\/categories?post=40642"},{"taxonomy":"post_tag","embeddable":true,"href":"https:\/\/progettotouring.it\/radiotouring104\/wp-json\/wp\/v2\/tags?post=40642"}],"curies":[{"name":"wp","href":"https:\/\/api.w.org\/{rel}","templated":true}]}}