{"id":40644,"date":"2023-12-07T11:05:18","date_gmt":"2023-12-07T10:05:18","guid":{"rendered":"https:\/\/progettotouring.it\/radiotouring104\/?p=40644"},"modified":"2023-12-07T11:05:18","modified_gmt":"2023-12-07T10:05:18","slug":"villa-s-g-risposta-alla-minoranza-su-attacco-a-presidente-commissione-territorio-idone","status":"publish","type":"post","link":"https:\/\/progettotouring.it\/radiotouring104\/2023\/12\/07\/villa-s-g-risposta-alla-minoranza-su-attacco-a-presidente-commissione-territorio-idone\/","title":{"rendered":"Villa S.G.: risposta alla Minoranza su attacco a Presidente Commissione Territorio, Idone"},"content":{"rendered":"<div dir=\"auto\" style=\"text-align: justify\"><strong>Non avremmo voluto rispondere al comunicato con il quale la minoranza consiliare taccia noi di<\/strong><em> \u201cstrumentalizzazione politica\u201d<\/em> <strong>attaccando il presidente della commissione territorio Pietro Idone<\/strong> che, invece, sta svolgendo egregiamente il suo ruolo.<\/div>\n<div dir=\"auto\" style=\"text-align: justify\"><strong>Rispediamo al mittente l\u2019accusa di un metodo<\/strong> \u201c<em>poco edificante dal punto di vista politico amministrativo\u201d<\/em> che a quanto pare \u00e8 da ascrivere invece ai consiglieri di minoranza, che non hanno mai inteso discutere in seno al consiglio comunale le questioni pi\u00f9 importanti per la citt\u00e0 (una per tutte, la mancata discussione del bilancio di previsione 2021\/2023, dal momento che per la prima volta la minoranza consiliare non ha inteso affrontare e discutere il documento economico finanziario).<\/div>\n<div dir=\"auto\"><\/div>\n<div dir=\"auto\" style=\"text-align: justify\"><strong>I consiglieri di minoranza non chiedono che siano correttamente svolti i lavori<\/strong> delle commissioni consiliari, <strong>ma pretendono di discutere in commissione scelte amministrative che esulano dalla competenza del consiglio comunale.<\/strong> Il ruolo delle commissioni consiliari \u00e8 fin troppo chiaro e la presidente Trecroci come il <strong>presidente Idone<\/strong> lo hanno perfettamente interpretato: passano dai lavori delle commissioni le discussioni e gli approfondimenti relativi a tutti i punti all\u2019ordine del giorno che devono essere esaminati discussi e votati dal civico consesso.<\/div>\n<div dir=\"auto\"><\/div>\n<div dir=\"auto\" style=\"text-align: justify\"><strong>Piuttosto i consiglieri di minoranza sembrano avere un unico problema, quello delle<\/strong> <em>\u201copere e infrastrutture di valenza internazionale\u201d:<\/em> eppure, continuando a rimanere ancorati alla proposta di istituzione di una commissione ponte che \u00e8 stata sonoramente bocciata dal consiglio comunale, non hanno inteso partecipare alla composizione della commissione di studio con professionisti di comprovata e specifica esperienza.<\/div>\n<div dir=\"auto\"><\/div>\n<div dir=\"auto\" style=\"text-align: justify\">Abbiamo chiesto ai consiglieri comunali di minoranza di partecipare alla scelta dei professionisti; abbiamo anche chiesto loro di offrire dei nominativi in maniera tale che con la nomina della commissione da parte del sindaco tutte le anime consiliari fossero in essa rappresentate: nulla di tutto ci\u00f2!<\/div>\n<div dir=\"auto\" style=\"text-align: justify\"><strong>E invece<\/strong> (e non \u00e8 la prima volta!), <strong>la minoranza consiliare non ha inteso affrontare nei contenuti la questione ponte trincerandosi dietro un metodo, il nostro, democratico, che dice di non condividere.<\/strong><\/div>\n<div dir=\"auto\"><\/div>\n<div dir=\"auto\" style=\"text-align: justify\"><strong>Se si pretendeva che il presidente della commissione territorio Pietro Idone<\/strong> fosse segretario della minoranza consiliare (cosa, peraltro, richiesta gi\u00e0 in passato al segretario dell\u2019ente e alla presidente del consiglio), <strong>ricordiamo ai consiglieri che l\u2019attivit\u00e0 di vigilanza<\/strong> e di controllo cui sono stati chiamati dal responso delle urne <strong>passa attraverso un attento esame di atti e documenti tutti pubblicati all\u2019albo pretorio.<\/strong><\/div>\n<div dir=\"auto\"><\/div>\n<div dir=\"auto\" style=\"text-align: justify\"><strong>Non ha bisogno certamente della difesa di questa maggioranza il presidente Idone,<\/strong> perch\u00e9 ha interpretato nel migliore dei modi il ruolo cui \u00e8 chiamato: l\u2019attivit\u00e0 della commissione territorio ha sempre preceduto i lavori consiliari per gli argomenti specifici.<\/div>\n<div dir=\"auto\"><\/div>\n<div dir=\"auto\" style=\"text-align: justify\"><strong>Ci sar\u00e0 tempo e modo per parlare di Ponte sullo Stretto ma nella modalit\u00e0 stabilita dal Consiglio comunale:<\/strong> la commissione territorio allargata ai capigruppo consiliari con la collaborazione della commissione di studio di prossima nomina.<\/div>\n<div dir=\"auto\" style=\"text-align: justify\">Tutto il resto s\u00ec \u00e8 strumentalizzazione politica ed impegnati, come siamo, nel ricostruire una Citt\u00e0 non abbiamo tempo, modo, voglia di correre dietro ai pettegolezzi da bar.<\/div>\n<div dir=\"auto\"><\/div>\n","protected":false},"excerpt":{"rendered":"<p>Non avremmo voluto rispondere al comunicato con il quale la minoranza consiliare taccia noi di \u201cstrumentalizzazione politica\u201d attaccando il presidente della commissione territorio Pietro Idone che, invece, sta svolgendo egregiamente&hellip;<\/p>\n","protected":false},"author":12,"featured_media":15591,"comment_status":"closed","ping_status":"open","sticky":false,"template":"","format":"standard","meta":{"_jetpack_memberships_contains_paid_content":false,"footnotes":"","jetpack_publicize_message":"","jetpack_publicize_feature_enabled":true,"jetpack_social_post_already_shared":false,"jetpack_social_options":{"image_generator_settings":{"template":"highway","default_image_id":0,"font":"","enabled":false},"version":2}},"categories":[921,196,140],"tags":[25237,25236,4355,25238],"class_list":["post-40644","post","type-post","status-publish","format-standard","has-post-thumbnail","hentry","category-home","category-news","category-reggio-calabria","tag-giunta-villa-san-giovanni","tag-pietro-idone","tag-ponte-sullo-stretto","tag-risposta-a-minoranza-villa"],"yoast_head":"<!-- This site is optimized with the Yoast SEO plugin v27.2 - https:\/\/yoast.com\/product\/yoast-seo-wordpress\/ -->\n<title>Villa S.G.: risposta alla Minoranza su attacco a Presidente Idone<\/title>\n<meta name=\"description\" content=\"La Giunta di Villa risponde alla Minoranza in merito all&#039;attacco del Presidente Commissione Territorio, Idone, sul Ponte sullo Stretto\" \/>\n<meta name=\"robots\" content=\"index, follow, max-snippet:-1, max-image-preview:large, max-video-preview:-1\" \/>\n<link rel=\"canonical\" href=\"https:\/\/progettotouring.it\/radiotouring104\/2023\/12\/07\/villa-s-g-risposta-alla-minoranza-su-attacco-a-presidente-commissione-territorio-idone\/\" \/>\n<meta property=\"og:locale\" content=\"it_IT\" \/>\n<meta property=\"og:type\" content=\"article\" \/>\n<meta property=\"og:title\" content=\"Villa S.G.: risposta alla Minoranza su attacco a Presidente Idone\" \/>\n<meta property=\"og:description\" content=\"La Giunta di Villa risponde alla Minoranza in merito all&#039;attacco del Presidente Commissione Territorio, Idone, sul Ponte sullo Stretto\" \/>\n<meta property=\"og:url\" content=\"https:\/\/progettotouring.it\/radiotouring104\/2023\/12\/07\/villa-s-g-risposta-alla-minoranza-su-attacco-a-presidente-commissione-territorio-idone\/\" \/>\n<meta property=\"og:site_name\" content=\"Radio Touring 104\" \/>\n<meta property=\"article:published_time\" content=\"2023-12-07T10:05:18+00:00\" \/>\n<meta property=\"og:image\" content=\"https:\/\/progettotouring.it\/radiotouring104\/wp-content\/uploads\/sites\/6\/2022\/12\/Comune-di-Villa-S.G.jpg\" \/>\n\t<meta property=\"og:image:width\" content=\"857\" \/>\n\t<meta property=\"og:image:height\" content=\"857\" \/>\n\t<meta property=\"og:image:type\" content=\"image\/jpeg\" \/>\n<meta name=\"author\" content=\"Sebastiano Plutino\" \/>\n<meta name=\"twitter:card\" content=\"summary_large_image\" \/>\n<meta name=\"twitter:label1\" content=\"Scritto da\" \/>\n\t<meta name=\"twitter:data1\" content=\"Sebastiano Plutino\" \/>\n\t<meta name=\"twitter:label2\" content=\"Tempo di lettura stimato\" \/>\n\t<meta name=\"twitter:data2\" content=\"2 minuti\" \/>\n<script type=\"application\/ld+json\" class=\"yoast-schema-graph\">{\"@context\":\"https:\/\/schema.org\",\"@graph\":[{\"@type\":\"Article\",\"@id\":\"https:\/\/progettotouring.it\/radiotouring104\/2023\/12\/07\/villa-s-g-risposta-alla-minoranza-su-attacco-a-presidente-commissione-territorio-idone\/#article\",\"isPartOf\":{\"@id\":\"https:\/\/progettotouring.it\/radiotouring104\/2023\/12\/07\/villa-s-g-risposta-alla-minoranza-su-attacco-a-presidente-commissione-territorio-idone\/\"},\"author\":{\"name\":\"Sebastiano Plutino\",\"@id\":\"https:\/\/progettotouring.it\/radiotouring104\/#\/schema\/person\/78613917f1851f041f7483f5af1d422e\"},\"headline\":\"Villa S.G.: risposta alla Minoranza su attacco a Presidente Commissione Territorio, Idone\",\"datePublished\":\"2023-12-07T10:05:18+00:00\",\"mainEntityOfPage\":{\"@id\":\"https:\/\/progettotouring.it\/radiotouring104\/2023\/12\/07\/villa-s-g-risposta-alla-minoranza-su-attacco-a-presidente-commissione-territorio-idone\/\"},\"wordCount\":495,\"publisher\":{\"@id\":\"https:\/\/progettotouring.it\/radiotouring104\/#organization\"},\"image\":{\"@id\":\"https:\/\/progettotouring.it\/radiotouring104\/2023\/12\/07\/villa-s-g-risposta-alla-minoranza-su-attacco-a-presidente-commissione-territorio-idone\/#primaryimage\"},\"thumbnailUrl\":\"https:\/\/progettotouring.it\/radiotouring104\/wp-content\/uploads\/sites\/6\/2022\/12\/Comune-di-Villa-S.G.jpg\",\"keywords\":[\"Giunta Villa San Giovanni\",\"Pietro Idone\",\"Ponte sullo stretto\",\"risposta a Minoranza Villa\"],\"articleSection\":[\"Home\",\"News\",\"Reggio Calabria\"],\"inLanguage\":\"it-IT\"},{\"@type\":\"WebPage\",\"@id\":\"https:\/\/progettotouring.it\/radiotouring104\/2023\/12\/07\/villa-s-g-risposta-alla-minoranza-su-attacco-a-presidente-commissione-territorio-idone\/\",\"url\":\"https:\/\/progettotouring.it\/radiotouring104\/2023\/12\/07\/villa-s-g-risposta-alla-minoranza-su-attacco-a-presidente-commissione-territorio-idone\/\",\"name\":\"Villa S.G.: risposta alla Minoranza su attacco a Presidente Idone\",\"isPartOf\":{\"@id\":\"https:\/\/progettotouring.it\/radiotouring104\/#website\"},\"primaryImageOfPage\":{\"@id\":\"https:\/\/progettotouring.it\/radiotouring104\/2023\/12\/07\/villa-s-g-risposta-alla-minoranza-su-attacco-a-presidente-commissione-territorio-idone\/#primaryimage\"},\"image\":{\"@id\":\"https:\/\/progettotouring.it\/radiotouring104\/2023\/12\/07\/villa-s-g-risposta-alla-minoranza-su-attacco-a-presidente-commissione-territorio-idone\/#primaryimage\"},\"thumbnailUrl\":\"https:\/\/progettotouring.it\/radiotouring104\/wp-content\/uploads\/sites\/6\/2022\/12\/Comune-di-Villa-S.G.jpg\",\"datePublished\":\"2023-12-07T10:05:18+00:00\",\"description\":\"La Giunta di Villa risponde alla Minoranza in merito all'attacco del Presidente Commissione Territorio, Idone, sul Ponte sullo Stretto\",\"breadcrumb\":{\"@id\":\"https:\/\/progettotouring.it\/radiotouring104\/2023\/12\/07\/villa-s-g-risposta-alla-minoranza-su-attacco-a-presidente-commissione-territorio-idone\/#breadcrumb\"},\"inLanguage\":\"it-IT\",\"potentialAction\":[{\"@type\":\"ReadAction\",\"target\":[\"https:\/\/progettotouring.it\/radiotouring104\/2023\/12\/07\/villa-s-g-risposta-alla-minoranza-su-attacco-a-presidente-commissione-territorio-idone\/\"]}]},{\"@type\":\"ImageObject\",\"inLanguage\":\"it-IT\",\"@id\":\"https:\/\/progettotouring.it\/radiotouring104\/2023\/12\/07\/villa-s-g-risposta-alla-minoranza-su-attacco-a-presidente-commissione-territorio-idone\/#primaryimage\",\"url\":\"https:\/\/progettotouring.it\/radiotouring104\/wp-content\/uploads\/sites\/6\/2022\/12\/Comune-di-Villa-S.G.jpg\",\"contentUrl\":\"https:\/\/progettotouring.it\/radiotouring104\/wp-content\/uploads\/sites\/6\/2022\/12\/Comune-di-Villa-S.G.jpg\",\"width\":857,\"height\":857},{\"@type\":\"BreadcrumbList\",\"@id\":\"https:\/\/progettotouring.it\/radiotouring104\/2023\/12\/07\/villa-s-g-risposta-alla-minoranza-su-attacco-a-presidente-commissione-territorio-idone\/#breadcrumb\",\"itemListElement\":[{\"@type\":\"ListItem\",\"position\":1,\"name\":\"Home\",\"item\":\"https:\/\/progettotouring.it\/radiotouring104\/\"},{\"@type\":\"ListItem\",\"position\":2,\"name\":\"Villa S.G.: risposta alla Minoranza su attacco a Presidente Commissione Territorio, Idone\"}]},{\"@type\":\"WebSite\",\"@id\":\"https:\/\/progettotouring.it\/radiotouring104\/#website\",\"url\":\"https:\/\/progettotouring.it\/radiotouring104\/\",\"name\":\"Radio Touring 104\",\"description\":\"La prima radio Reggina\",\"publisher\":{\"@id\":\"https:\/\/progettotouring.it\/radiotouring104\/#organization\"},\"potentialAction\":[{\"@type\":\"SearchAction\",\"target\":{\"@type\":\"EntryPoint\",\"urlTemplate\":\"https:\/\/progettotouring.it\/radiotouring104\/?s={search_term_string}\"},\"query-input\":{\"@type\":\"PropertyValueSpecification\",\"valueRequired\":true,\"valueName\":\"search_term_string\"}}],\"inLanguage\":\"it-IT\"},{\"@type\":\"Organization\",\"@id\":\"https:\/\/progettotouring.it\/radiotouring104\/#organization\",\"name\":\"Radio Touring 104\",\"url\":\"https:\/\/progettotouring.it\/radiotouring104\/\",\"logo\":{\"@type\":\"ImageObject\",\"inLanguage\":\"it-IT\",\"@id\":\"https:\/\/progettotouring.it\/radiotouring104\/#\/schema\/logo\/image\/\",\"url\":\"https:\/\/progettotouring.it\/radiotouring104\/wp-content\/uploads\/sites\/6\/2022\/02\/cropped-logo-radio-touring-104.png\",\"contentUrl\":\"https:\/\/progettotouring.it\/radiotouring104\/wp-content\/uploads\/sites\/6\/2022\/02\/cropped-logo-radio-touring-104.png\",\"width\":377,\"height\":182,\"caption\":\"Radio Touring 104\"},\"image\":{\"@id\":\"https:\/\/progettotouring.it\/radiotouring104\/#\/schema\/logo\/image\/\"}},{\"@type\":\"Person\",\"@id\":\"https:\/\/progettotouring.it\/radiotouring104\/#\/schema\/person\/78613917f1851f041f7483f5af1d422e\",\"name\":\"Sebastiano Plutino\",\"image\":{\"@type\":\"ImageObject\",\"inLanguage\":\"it-IT\",\"@id\":\"https:\/\/secure.gravatar.com\/avatar\/0546ffaa9b79224faf9f2a156b67a529ae861d3287c66c1d8ccfdf909bcba78d?s=96&d=mm&r=g\",\"url\":\"https:\/\/secure.gravatar.com\/avatar\/0546ffaa9b79224faf9f2a156b67a529ae861d3287c66c1d8ccfdf909bcba78d?s=96&d=mm&r=g\",\"contentUrl\":\"https:\/\/secure.gravatar.com\/avatar\/0546ffaa9b79224faf9f2a156b67a529ae861d3287c66c1d8ccfdf909bcba78d?s=96&d=mm&r=g\",\"caption\":\"Sebastiano Plutino\"},\"url\":\"https:\/\/progettotouring.it\/radiotouring104\/author\/sebastiano\/\"}]}<\/script>\n<!-- \/ Yoast SEO plugin. -->","yoast_head_json":{"title":"Villa S.G.: risposta alla Minoranza su attacco a Presidente Idone","description":"La Giunta di Villa risponde alla Minoranza in merito all'attacco del Presidente Commissione Territorio, Idone, sul Ponte sullo Stretto","robots":{"index":"index","follow":"follow","max-snippet":"max-snippet:-1","max-image-preview":"max-image-preview:large","max-video-preview":"max-video-preview:-1"},"canonical":"https:\/\/progettotouring.it\/radiotouring104\/2023\/12\/07\/villa-s-g-risposta-alla-minoranza-su-attacco-a-presidente-commissione-territorio-idone\/","og_locale":"it_IT","og_type":"article","og_title":"Villa S.G.: risposta alla Minoranza su attacco a Presidente Idone","og_description":"La Giunta di Villa risponde alla Minoranza in merito all'attacco del Presidente Commissione Territorio, Idone, sul Ponte sullo Stretto","og_url":"https:\/\/progettotouring.it\/radiotouring104\/2023\/12\/07\/villa-s-g-risposta-alla-minoranza-su-attacco-a-presidente-commissione-territorio-idone\/","og_site_name":"Radio Touring 104","article_published_time":"2023-12-07T10:05:18+00:00","og_image":[{"width":857,"height":857,"url":"https:\/\/progettotouring.it\/radiotouring104\/wp-content\/uploads\/sites\/6\/2022\/12\/Comune-di-Villa-S.G.jpg","type":"image\/jpeg"}],"author":"Sebastiano Plutino","twitter_card":"summary_large_image","twitter_misc":{"Scritto da":"Sebastiano Plutino","Tempo di lettura stimato":"2 minuti"},"schema":{"@context":"https:\/\/schema.org","@graph":[{"@type":"Article","@id":"https:\/\/progettotouring.it\/radiotouring104\/2023\/12\/07\/villa-s-g-risposta-alla-minoranza-su-attacco-a-presidente-commissione-territorio-idone\/#article","isPartOf":{"@id":"https:\/\/progettotouring.it\/radiotouring104\/2023\/12\/07\/villa-s-g-risposta-alla-minoranza-su-attacco-a-presidente-commissione-territorio-idone\/"},"author":{"name":"Sebastiano Plutino","@id":"https:\/\/progettotouring.it\/radiotouring104\/#\/schema\/person\/78613917f1851f041f7483f5af1d422e"},"headline":"Villa S.G.: risposta alla Minoranza su attacco a Presidente Commissione Territorio, Idone","datePublished":"2023-12-07T10:05:18+00:00","mainEntityOfPage":{"@id":"https:\/\/progettotouring.it\/radiotouring104\/2023\/12\/07\/villa-s-g-risposta-alla-minoranza-su-attacco-a-presidente-commissione-territorio-idone\/"},"wordCount":495,"publisher":{"@id":"https:\/\/progettotouring.it\/radiotouring104\/#organization"},"image":{"@id":"https:\/\/progettotouring.it\/radiotouring104\/2023\/12\/07\/villa-s-g-risposta-alla-minoranza-su-attacco-a-presidente-commissione-territorio-idone\/#primaryimage"},"thumbnailUrl":"https:\/\/progettotouring.it\/radiotouring104\/wp-content\/uploads\/sites\/6\/2022\/12\/Comune-di-Villa-S.G.jpg","keywords":["Giunta Villa San Giovanni","Pietro Idone","Ponte sullo stretto","risposta a Minoranza Villa"],"articleSection":["Home","News","Reggio Calabria"],"inLanguage":"it-IT"},{"@type":"WebPage","@id":"https:\/\/progettotouring.it\/radiotouring104\/2023\/12\/07\/villa-s-g-risposta-alla-minoranza-su-attacco-a-presidente-commissione-territorio-idone\/","url":"https:\/\/progettotouring.it\/radiotouring104\/2023\/12\/07\/villa-s-g-risposta-alla-minoranza-su-attacco-a-presidente-commissione-territorio-idone\/","name":"Villa S.G.: risposta alla Minoranza su attacco a Presidente Idone","isPartOf":{"@id":"https:\/\/progettotouring.it\/radiotouring104\/#website"},"primaryImageOfPage":{"@id":"https:\/\/progettotouring.it\/radiotouring104\/2023\/12\/07\/villa-s-g-risposta-alla-minoranza-su-attacco-a-presidente-commissione-territorio-idone\/#primaryimage"},"image":{"@id":"https:\/\/progettotouring.it\/radiotouring104\/2023\/12\/07\/villa-s-g-risposta-alla-minoranza-su-attacco-a-presidente-commissione-territorio-idone\/#primaryimage"},"thumbnailUrl":"https:\/\/progettotouring.it\/radiotouring104\/wp-content\/uploads\/sites\/6\/2022\/12\/Comune-di-Villa-S.G.jpg","datePublished":"2023-12-07T10:05:18+00:00","description":"La Giunta di Villa risponde alla Minoranza in merito all'attacco del Presidente Commissione Territorio, Idone, sul Ponte sullo Stretto","breadcrumb":{"@id":"https:\/\/progettotouring.it\/radiotouring104\/2023\/12\/07\/villa-s-g-risposta-alla-minoranza-su-attacco-a-presidente-commissione-territorio-idone\/#breadcrumb"},"inLanguage":"it-IT","potentialAction":[{"@type":"ReadAction","target":["https:\/\/progettotouring.it\/radiotouring104\/2023\/12\/07\/villa-s-g-risposta-alla-minoranza-su-attacco-a-presidente-commissione-territorio-idone\/"]}]},{"@type":"ImageObject","inLanguage":"it-IT","@id":"https:\/\/progettotouring.it\/radiotouring104\/2023\/12\/07\/villa-s-g-risposta-alla-minoranza-su-attacco-a-presidente-commissione-territorio-idone\/#primaryimage","url":"https:\/\/progettotouring.it\/radiotouring104\/wp-content\/uploads\/sites\/6\/2022\/12\/Comune-di-Villa-S.G.jpg","contentUrl":"https:\/\/progettotouring.it\/radiotouring104\/wp-content\/uploads\/sites\/6\/2022\/12\/Comune-di-Villa-S.G.jpg","width":857,"height":857},{"@type":"BreadcrumbList","@id":"https:\/\/progettotouring.it\/radiotouring104\/2023\/12\/07\/villa-s-g-risposta-alla-minoranza-su-attacco-a-presidente-commissione-territorio-idone\/#breadcrumb","itemListElement":[{"@type":"ListItem","position":1,"name":"Home","item":"https:\/\/progettotouring.it\/radiotouring104\/"},{"@type":"ListItem","position":2,"name":"Villa S.G.: risposta alla Minoranza su attacco a Presidente Commissione Territorio, Idone"}]},{"@type":"WebSite","@id":"https:\/\/progettotouring.it\/radiotouring104\/#website","url":"https:\/\/progettotouring.it\/radiotouring104\/","name":"Radio Touring 104","description":"La prima radio Reggina","publisher":{"@id":"https:\/\/progettotouring.it\/radiotouring104\/#organization"},"potentialAction":[{"@type":"SearchAction","target":{"@type":"EntryPoint","urlTemplate":"https:\/\/progettotouring.it\/radiotouring104\/?s={search_term_string}"},"query-input":{"@type":"PropertyValueSpecification","valueRequired":true,"valueName":"search_term_string"}}],"inLanguage":"it-IT"},{"@type":"Organization","@id":"https:\/\/progettotouring.it\/radiotouring104\/#organization","name":"Radio Touring 104","url":"https:\/\/progettotouring.it\/radiotouring104\/","logo":{"@type":"ImageObject","inLanguage":"it-IT","@id":"https:\/\/progettotouring.it\/radiotouring104\/#\/schema\/logo\/image\/","url":"https:\/\/progettotouring.it\/radiotouring104\/wp-content\/uploads\/sites\/6\/2022\/02\/cropped-logo-radio-touring-104.png","contentUrl":"https:\/\/progettotouring.it\/radiotouring104\/wp-content\/uploads\/sites\/6\/2022\/02\/cropped-logo-radio-touring-104.png","width":377,"height":182,"caption":"Radio Touring 104"},"image":{"@id":"https:\/\/progettotouring.it\/radiotouring104\/#\/schema\/logo\/image\/"}},{"@type":"Person","@id":"https:\/\/progettotouring.it\/radiotouring104\/#\/schema\/person\/78613917f1851f041f7483f5af1d422e","name":"Sebastiano Plutino","image":{"@type":"ImageObject","inLanguage":"it-IT","@id":"https:\/\/secure.gravatar.com\/avatar\/0546ffaa9b79224faf9f2a156b67a529ae861d3287c66c1d8ccfdf909bcba78d?s=96&d=mm&r=g","url":"https:\/\/secure.gravatar.com\/avatar\/0546ffaa9b79224faf9f2a156b67a529ae861d3287c66c1d8ccfdf909bcba78d?s=96&d=mm&r=g","contentUrl":"https:\/\/secure.gravatar.com\/avatar\/0546ffaa9b79224faf9f2a156b67a529ae861d3287c66c1d8ccfdf909bcba78d?s=96&d=mm&r=g","caption":"Sebastiano Plutino"},"url":"https:\/\/progettotouring.it\/radiotouring104\/author\/sebastiano\/"}]}},"jetpack_publicize_connections":[],"jetpack_featured_media_url":"https:\/\/progettotouring.it\/radiotouring104\/wp-content\/uploads\/sites\/6\/2022\/12\/Comune-di-Villa-S.G.jpg","jetpack_sharing_enabled":true,"_links":{"self":[{"href":"https:\/\/progettotouring.it\/radiotouring104\/wp-json\/wp\/v2\/posts\/40644","targetHints":{"allow":["GET"]}}],"collection":[{"href":"https:\/\/progettotouring.it\/radiotouring104\/wp-json\/wp\/v2\/posts"}],"about":[{"href":"https:\/\/progettotouring.it\/radiotouring104\/wp-json\/wp\/v2\/types\/post"}],"author":[{"embeddable":true,"href":"https:\/\/progettotouring.it\/radiotouring104\/wp-json\/wp\/v2\/users\/12"}],"replies":[{"embeddable":true,"href":"https:\/\/progettotouring.it\/radiotouring104\/wp-json\/wp\/v2\/comments?post=40644"}],"version-history":[{"count":1,"href":"https:\/\/progettotouring.it\/radiotouring104\/wp-json\/wp\/v2\/posts\/40644\/revisions"}],"predecessor-version":[{"id":40645,"href":"https:\/\/progettotouring.it\/radiotouring104\/wp-json\/wp\/v2\/posts\/40644\/revisions\/40645"}],"wp:featuredmedia":[{"embeddable":true,"href":"https:\/\/progettotouring.it\/radiotouring104\/wp-json\/wp\/v2\/media\/15591"}],"wp:attachment":[{"href":"https:\/\/progettotouring.it\/radiotouring104\/wp-json\/wp\/v2\/media?parent=40644"}],"wp:term":[{"taxonomy":"category","embeddable":true,"href":"https:\/\/progettotouring.it\/radiotouring104\/wp-json\/wp\/v2\/categories?post=40644"},{"taxonomy":"post_tag","embeddable":true,"href":"https:\/\/progettotouring.it\/radiotouring104\/wp-json\/wp\/v2\/tags?post=40644"}],"curies":[{"name":"wp","href":"https:\/\/api.w.org\/{rel}","templated":true}]}}