{"id":40646,"date":"2023-12-07T11:15:36","date_gmt":"2023-12-07T10:15:36","guid":{"rendered":"https:\/\/progettotouring.it\/radiotouring104\/?p=40646"},"modified":"2023-12-07T11:15:36","modified_gmt":"2023-12-07T10:15:36","slug":"cineteatro-metropolitano-stasera-in-scena-le-bureau-de-porc-per-il-balenando-in-burrasca","status":"publish","type":"post","link":"https:\/\/progettotouring.it\/radiotouring104\/2023\/12\/07\/cineteatro-metropolitano-stasera-in-scena-le-bureau-de-porc-per-il-balenando-in-burrasca\/","title":{"rendered":"Cineteatro Metropolitano: stasera in scena \u201cLe bureau de porc\u201d per il Balenando in Burrasca"},"content":{"rendered":"<p style=\"text-align: justify\">Partire dalle lotte contadine per arrivare a denunciare il fenomeno della violenza sulle donne. \u00c8 questa l\u2019escalation promessa da <strong>Le bureau de porc<\/strong> che<strong> stasera alle ore 21, andr\u00e0 in scena al Cine Teatro Metropolitano<\/strong> di Reggio Calabria. Protagonista di questa avvincente e \u201csupertecnologica\u201d pi\u00e8ce teatrale, scritta e diretta da <strong>Nat Filice,<\/strong> produzione Porta Cenere Teatro, \u00e8 l<strong>\u2019attore calabrese Mario Massaro.<\/strong><\/p>\n<p style=\"text-align: justify\">\n<p style=\"text-align: justify\">Tra i pochi coraggiosi che hanno scelto di tornare per restare, Massaro vanta una carriera lunghissima che lo ha portato da Cosenza a calcare i palcoscenici pi\u00f9 importanti fuori dalla propria terra, per poi rientrare e fondare nel 2003 la compagnia Porta Cenere e il teatro comunale di Mendicino.<\/p>\n<p style=\"text-align: justify\">Da allora, era il 2016, si occupa anche di divulgare il teatro tra i ragazzi perch\u00e9 \u00absono gli spettatori di domani\u00bb e, nel frattempo, si \u00e8 messo in tasca pure una laurea in economia che non gli serve certo per diventare commercialista per\u00f2, ammette, \u00ab\u00e8 utilissima per la gestione di una compagnia teatrale\u00bb.<\/p>\n<p style=\"text-align: justify\">Ma ce lo siamo fatti raccontare direttamente dalla sua voce in una piacevole chiacchierata nell\u2019attesa dello spettacolo.<\/p>\n<p style=\"text-align: justify\">\n<p style=\"text-align: justify\"><strong>Mario, partiamo con una domanda difficile, cos\u2019\u00e8 per te il teatro?<\/strong><\/p>\n<p style=\"text-align: justify\">\u00abTi posso rispondere con una citazione di Eugenio Barba che diceva che il teatro \u00e8 quel mezzo di comunicazione che tende un po&#8217; ad azzerare le distanze che ci sono tra le persone. E per me \u00e8 stato all\u2019inizio un modo per comunicare, adesso chiaramente \u00e8 un lavoro e cerco di farlo sempre con la passione che ho dal primo giorno\u00bb.<\/p>\n<p style=\"text-align: justify\">\n<p style=\"text-align: justify\"><strong>Anche tu come pochi altri \u201ccoraggiosi\u201d hai scelto di tornare e hai fondato la compagnia Porta Cenere nel 2003 e nel 2016 il teatro comunale di Mendicino. Cosa significa fare teatro in Calabria?<\/strong><\/p>\n<p style=\"text-align: justify\">\u00abHo deciso di tornare dopo aver lavorato molto tempo fuori perch\u00e9 volevo creare qualcosa che potesse dare un segnale alla Calabria (principalmente al territorio nel quale ho vissuto e vivo adesso), che si pu\u00f2 fare teatro e che il teatro, soprattutto, \u00e8 un elemento importantissimo per l\u2019educazione dei ragazzi\u00bb.<\/p>\n<p style=\"text-align: justify\">\n<p style=\"text-align: justify\"><strong>Sei molto attivo, infatti, nella divulgazione del teatro per ragazzi\u2026<\/strong><\/p>\n<p style=\"text-align: justify\">\u00abS\u00ec perch\u00e9 sono convinto che portando il teatro nelle scuole, portando il teatro ai ragazzi anche davanti ai genitori o ai docenti, stiamo creando gli spettatori del domani e questo, secondo me, \u00e8 molto significativo in una terra come la Calabria che \u00e8 ancora un po&#8217; una terra di teatro usa e getta, dove non c\u2019\u00e8 stata una realt\u00e0 che \u00e8 riuscita negli anni a creare un\u2019abitudine al teatro\u00bb.<\/p>\n<p style=\"text-align: justify\">\n<p style=\"text-align: justify\"><strong>E cosa si propone ai ragazzi teatro classico, fiabe, commedie?<\/strong><\/p>\n<p style=\"text-align: justify\">\u00abValutiamo tutti i generi. Ora iniziamo una rassegna di teatro classico che si chiama \u201cLa scuola dei classici\u201d cercando di portare i libri dal testo sulla scena. E lo abbiamo fatto coi vari Pirandello, Verga, per le scuole superiori. Per i bambini, invece, puntiamo tantissimo sulle fiabe e ci teniamo a raccontarle anche in un modo un po&#8217; diverso, utilizzando diverse tecniche: dal teatro artigianale, vero e puro, al videomapping per per creare una visione pi\u00f9 immersiva dello spettacolo\u00bb.<\/p>\n<p style=\"text-align: justify\"><strong>\u00a0<\/strong><\/p>\n<p style=\"text-align: justify\"><strong>Usciamo un attimo dal teatro \u2026 ho letto che hai in tasca una laurea in economia, che ci volevi fare?<\/strong><\/p>\n<p style=\"text-align: justify\">\u00ab(<em>ndr risate<\/em>) In realt\u00e0 durante il Covid, ho ripreso gli studi che avevo iniziato prima di diventare attore professionista, in economia, mi mancava solo un esame e la tesi. E cos\u00ec ho deciso di portare a termine il percorso. E poi in realt\u00e0 serve moltissimo. Ho fatto una tesi sulla gestione della compagnia teatrale, da un punto di vista sia burocratico che amministrativo, e alla fine \u00e8 utile proprio per quello che faccio, cio\u00e8 gestire una compagnia di teatro. Mi ha aiutato molto, devo dire la verit\u00e0\u00bb.<\/p>\n<p style=\"text-align: justify\">\n<p style=\"text-align: justify\"><strong>Hai fatto anche cortometraggi, film tv, tra cui Giuseppe Moscati con Beppe Fiorello e come regista il pluripremiato corto \u201cNon fa ridere\u201d. Queste esperienze cosa hanno rappresentato per te? Sei un attore prestato al cinema o nel tuo futuro vedi questa doppia veste?<\/strong><\/p>\n<p style=\"text-align: justify\">\u00abGuarda secondo me un attore deve provare un po&#8217; tutto e quindi ho cercato di fare pi\u00f9 cose. Sono molto contento del cortometraggio. Ne ho fatti due in realt\u00e0 come regista, \u201cNon fa ridere\u201d e un altro che si chiama \u201cUne seule chance\u201d. Entrambi affrontano un tema che a me sta molto a cuore che \u00e8 quello della migrazione, dell\u2019accoglienza, dell\u2019integrazione dei ragazzi che scappano dai loro paesi. Combinazione ha voluto che io tornassi a fare un cortometraggio dopo avere avuto una partecipazione in un altro corto che \u00e8 stato pluripremiato, \u201cCaff\u00e8 Capo\u201d, per la regia di Andrea Zaccariello, che parlava pure di migrazione ma quasi 15 anni fa\u00bb.<\/p>\n<p style=\"text-align: justify\"><strong>\u00a0<\/strong><\/p>\n<p style=\"text-align: justify\"><strong>Parliamo dello spettacolo di domani \u201cLe bureau de porc\u201d che \u00e8 una sorta di denuncia che parte dalle lotte contadine e arriva alla violenza sulle donne, il tutto contorniato dal videomapping. Cosa ci dobbiamo aspettare?<\/strong><\/p>\n<p style=\"text-align: justify\">\u00abQuesto \u00e8 stato il nostro primo spettacolo, si chiamava all\u2019epoca \u201cLa stanza dei maiali\u201d ed era realizzato con la tecnica che allora era pi\u00f9 in voga del teatro-racconto, senza scenografia, senza nulla. Dopo 20 anni abbiamo deciso di riprendere questo testo perch\u00e9 ci sembrava assolutamente moderno, purtroppo. Quindi si parte dalla lotta contadina per finire con la fiaba di Barbabl\u00f9 che uccideva le proprie mogli e si cerca di fare un po&#8217; un\u2019analisi, partendo un po&#8217; come un programma televisivo, uno stupido programma televisivo nel quale ognuno dice la sua. Se vogliamo, quindi, \u00e8 una denuncia anche sociale sul ruolo che oggi ha la televisione. E poi c\u2019\u00e8 il videomapping in cui ci stiamo specializzando che ci permette di avere tanti punti di vista perch\u00e9 anche le scene, il quadro pittorico raccontano delle cose. Vedrete un po&#8217; di scene realizzate da vari artisti e Natale Filice, il regista, ha messo poi insieme il tutto\u00bb.<\/p>\n<p>&nbsp;<\/p>\n","protected":false},"excerpt":{"rendered":"<p>Partire dalle lotte contadine per arrivare a denunciare il fenomeno della violenza sulle donne. \u00c8 questa l\u2019escalation promessa da Le bureau de porc che stasera alle ore 21, andr\u00e0 in&hellip;<\/p>\n","protected":false},"author":12,"featured_media":40647,"comment_status":"closed","ping_status":"open","sticky":false,"template":"","format":"standard","meta":{"_jetpack_memberships_contains_paid_content":false,"footnotes":"","jetpack_publicize_message":"","jetpack_publicize_feature_enabled":true,"jetpack_social_post_already_shared":false,"jetpack_social_options":{"image_generator_settings":{"template":"highway","default_image_id":0,"font":"","enabled":false},"version":2}},"categories":[921,196,140],"tags":[23022,2922,5349,24227,22188,25143],"class_list":["post-40646","post","type-post","status-publish","format-standard","has-post-thumbnail","hentry","category-home","category-news","category-reggio-calabria","tag-balenando-in-burrasca","tag-cineteatro-metropolitano","tag-katia-colica","tag-le-bureau-de-porc","tag-mario-massaro","tag-nat-filice"],"yoast_head":"<!-- This site is optimized with the Yoast SEO plugin v27.2 - https:\/\/yoast.com\/product\/yoast-seo-wordpress\/ -->\n<title>Cineteatro Metropolitano: stasera in scena \u201cLe bureau de porc\u201d<\/title>\n<meta name=\"description\" content=\"Stasera, alle 21, conversazione con l&#039;attore Mario Massaro al Cine Teatro Metropolitano ne \u201cLe bureau de porc\u201d,per il Balenando in Burrasca\" \/>\n<meta name=\"robots\" content=\"index, follow, max-snippet:-1, max-image-preview:large, max-video-preview:-1\" \/>\n<link rel=\"canonical\" href=\"https:\/\/progettotouring.it\/radiotouring104\/2023\/12\/07\/cineteatro-metropolitano-stasera-in-scena-le-bureau-de-porc-per-il-balenando-in-burrasca\/\" \/>\n<meta property=\"og:locale\" content=\"it_IT\" \/>\n<meta property=\"og:type\" content=\"article\" \/>\n<meta property=\"og:title\" content=\"Cineteatro Metropolitano: stasera in scena \u201cLe bureau de porc\u201d\" \/>\n<meta property=\"og:description\" content=\"Stasera, alle 21, conversazione con l&#039;attore Mario Massaro al Cine Teatro Metropolitano ne \u201cLe bureau de porc\u201d,per il Balenando in Burrasca\" \/>\n<meta property=\"og:url\" content=\"https:\/\/progettotouring.it\/radiotouring104\/2023\/12\/07\/cineteatro-metropolitano-stasera-in-scena-le-bureau-de-porc-per-il-balenando-in-burrasca\/\" \/>\n<meta property=\"og:site_name\" content=\"Radio Touring 104\" \/>\n<meta property=\"article:published_time\" content=\"2023-12-07T10:15:36+00:00\" \/>\n<meta property=\"og:image\" content=\"https:\/\/progettotouring.it\/radiotouring104\/wp-content\/uploads\/sites\/6\/2023\/12\/bureaudeporc3-Balenando-in-burrasca.jpeg\" \/>\n\t<meta property=\"og:image:width\" content=\"1600\" \/>\n\t<meta property=\"og:image:height\" content=\"1066\" \/>\n\t<meta property=\"og:image:type\" content=\"image\/jpeg\" \/>\n<meta name=\"author\" content=\"Sebastiano Plutino\" \/>\n<meta name=\"twitter:card\" content=\"summary_large_image\" \/>\n<meta name=\"twitter:label1\" content=\"Scritto da\" \/>\n\t<meta name=\"twitter:data1\" content=\"Sebastiano Plutino\" \/>\n\t<meta name=\"twitter:label2\" content=\"Tempo di lettura stimato\" \/>\n\t<meta name=\"twitter:data2\" content=\"5 minuti\" \/>\n<script type=\"application\/ld+json\" class=\"yoast-schema-graph\">{\"@context\":\"https:\/\/schema.org\",\"@graph\":[{\"@type\":\"Article\",\"@id\":\"https:\/\/progettotouring.it\/radiotouring104\/2023\/12\/07\/cineteatro-metropolitano-stasera-in-scena-le-bureau-de-porc-per-il-balenando-in-burrasca\/#article\",\"isPartOf\":{\"@id\":\"https:\/\/progettotouring.it\/radiotouring104\/2023\/12\/07\/cineteatro-metropolitano-stasera-in-scena-le-bureau-de-porc-per-il-balenando-in-burrasca\/\"},\"author\":{\"name\":\"Sebastiano Plutino\",\"@id\":\"https:\/\/progettotouring.it\/radiotouring104\/#\/schema\/person\/78613917f1851f041f7483f5af1d422e\"},\"headline\":\"Cineteatro Metropolitano: stasera in scena \u201cLe bureau de porc\u201d per il Balenando in Burrasca\",\"datePublished\":\"2023-12-07T10:15:36+00:00\",\"mainEntityOfPage\":{\"@id\":\"https:\/\/progettotouring.it\/radiotouring104\/2023\/12\/07\/cineteatro-metropolitano-stasera-in-scena-le-bureau-de-porc-per-il-balenando-in-burrasca\/\"},\"wordCount\":951,\"publisher\":{\"@id\":\"https:\/\/progettotouring.it\/radiotouring104\/#organization\"},\"image\":{\"@id\":\"https:\/\/progettotouring.it\/radiotouring104\/2023\/12\/07\/cineteatro-metropolitano-stasera-in-scena-le-bureau-de-porc-per-il-balenando-in-burrasca\/#primaryimage\"},\"thumbnailUrl\":\"https:\/\/progettotouring.it\/radiotouring104\/wp-content\/uploads\/sites\/6\/2023\/12\/bureaudeporc3-Balenando-in-burrasca.jpeg\",\"keywords\":[\"Balenando in Burrasca\",\"cineteatro metropolitano\",\"katia Colica\",\"Le Bureau de Porc\",\"Mario Massaro\",\"Nat Filice\"],\"articleSection\":[\"Home\",\"News\",\"Reggio Calabria\"],\"inLanguage\":\"it-IT\"},{\"@type\":\"WebPage\",\"@id\":\"https:\/\/progettotouring.it\/radiotouring104\/2023\/12\/07\/cineteatro-metropolitano-stasera-in-scena-le-bureau-de-porc-per-il-balenando-in-burrasca\/\",\"url\":\"https:\/\/progettotouring.it\/radiotouring104\/2023\/12\/07\/cineteatro-metropolitano-stasera-in-scena-le-bureau-de-porc-per-il-balenando-in-burrasca\/\",\"name\":\"Cineteatro Metropolitano: stasera in scena \u201cLe bureau de porc\u201d\",\"isPartOf\":{\"@id\":\"https:\/\/progettotouring.it\/radiotouring104\/#website\"},\"primaryImageOfPage\":{\"@id\":\"https:\/\/progettotouring.it\/radiotouring104\/2023\/12\/07\/cineteatro-metropolitano-stasera-in-scena-le-bureau-de-porc-per-il-balenando-in-burrasca\/#primaryimage\"},\"image\":{\"@id\":\"https:\/\/progettotouring.it\/radiotouring104\/2023\/12\/07\/cineteatro-metropolitano-stasera-in-scena-le-bureau-de-porc-per-il-balenando-in-burrasca\/#primaryimage\"},\"thumbnailUrl\":\"https:\/\/progettotouring.it\/radiotouring104\/wp-content\/uploads\/sites\/6\/2023\/12\/bureaudeporc3-Balenando-in-burrasca.jpeg\",\"datePublished\":\"2023-12-07T10:15:36+00:00\",\"description\":\"Stasera, alle 21, conversazione con l'attore Mario Massaro al Cine Teatro Metropolitano ne \u201cLe bureau de porc\u201d,per il Balenando in Burrasca\",\"breadcrumb\":{\"@id\":\"https:\/\/progettotouring.it\/radiotouring104\/2023\/12\/07\/cineteatro-metropolitano-stasera-in-scena-le-bureau-de-porc-per-il-balenando-in-burrasca\/#breadcrumb\"},\"inLanguage\":\"it-IT\",\"potentialAction\":[{\"@type\":\"ReadAction\",\"target\":[\"https:\/\/progettotouring.it\/radiotouring104\/2023\/12\/07\/cineteatro-metropolitano-stasera-in-scena-le-bureau-de-porc-per-il-balenando-in-burrasca\/\"]}]},{\"@type\":\"ImageObject\",\"inLanguage\":\"it-IT\",\"@id\":\"https:\/\/progettotouring.it\/radiotouring104\/2023\/12\/07\/cineteatro-metropolitano-stasera-in-scena-le-bureau-de-porc-per-il-balenando-in-burrasca\/#primaryimage\",\"url\":\"https:\/\/progettotouring.it\/radiotouring104\/wp-content\/uploads\/sites\/6\/2023\/12\/bureaudeporc3-Balenando-in-burrasca.jpeg\",\"contentUrl\":\"https:\/\/progettotouring.it\/radiotouring104\/wp-content\/uploads\/sites\/6\/2023\/12\/bureaudeporc3-Balenando-in-burrasca.jpeg\",\"width\":1600,\"height\":1066},{\"@type\":\"BreadcrumbList\",\"@id\":\"https:\/\/progettotouring.it\/radiotouring104\/2023\/12\/07\/cineteatro-metropolitano-stasera-in-scena-le-bureau-de-porc-per-il-balenando-in-burrasca\/#breadcrumb\",\"itemListElement\":[{\"@type\":\"ListItem\",\"position\":1,\"name\":\"Home\",\"item\":\"https:\/\/progettotouring.it\/radiotouring104\/\"},{\"@type\":\"ListItem\",\"position\":2,\"name\":\"Cineteatro Metropolitano: stasera in scena \u201cLe bureau de porc\u201d per il Balenando in Burrasca\"}]},{\"@type\":\"WebSite\",\"@id\":\"https:\/\/progettotouring.it\/radiotouring104\/#website\",\"url\":\"https:\/\/progettotouring.it\/radiotouring104\/\",\"name\":\"Radio Touring 104\",\"description\":\"La prima radio Reggina\",\"publisher\":{\"@id\":\"https:\/\/progettotouring.it\/radiotouring104\/#organization\"},\"potentialAction\":[{\"@type\":\"SearchAction\",\"target\":{\"@type\":\"EntryPoint\",\"urlTemplate\":\"https:\/\/progettotouring.it\/radiotouring104\/?s={search_term_string}\"},\"query-input\":{\"@type\":\"PropertyValueSpecification\",\"valueRequired\":true,\"valueName\":\"search_term_string\"}}],\"inLanguage\":\"it-IT\"},{\"@type\":\"Organization\",\"@id\":\"https:\/\/progettotouring.it\/radiotouring104\/#organization\",\"name\":\"Radio Touring 104\",\"url\":\"https:\/\/progettotouring.it\/radiotouring104\/\",\"logo\":{\"@type\":\"ImageObject\",\"inLanguage\":\"it-IT\",\"@id\":\"https:\/\/progettotouring.it\/radiotouring104\/#\/schema\/logo\/image\/\",\"url\":\"https:\/\/progettotouring.it\/radiotouring104\/wp-content\/uploads\/sites\/6\/2022\/02\/cropped-logo-radio-touring-104.png\",\"contentUrl\":\"https:\/\/progettotouring.it\/radiotouring104\/wp-content\/uploads\/sites\/6\/2022\/02\/cropped-logo-radio-touring-104.png\",\"width\":377,\"height\":182,\"caption\":\"Radio Touring 104\"},\"image\":{\"@id\":\"https:\/\/progettotouring.it\/radiotouring104\/#\/schema\/logo\/image\/\"}},{\"@type\":\"Person\",\"@id\":\"https:\/\/progettotouring.it\/radiotouring104\/#\/schema\/person\/78613917f1851f041f7483f5af1d422e\",\"name\":\"Sebastiano Plutino\",\"image\":{\"@type\":\"ImageObject\",\"inLanguage\":\"it-IT\",\"@id\":\"https:\/\/secure.gravatar.com\/avatar\/0546ffaa9b79224faf9f2a156b67a529ae861d3287c66c1d8ccfdf909bcba78d?s=96&d=mm&r=g\",\"url\":\"https:\/\/secure.gravatar.com\/avatar\/0546ffaa9b79224faf9f2a156b67a529ae861d3287c66c1d8ccfdf909bcba78d?s=96&d=mm&r=g\",\"contentUrl\":\"https:\/\/secure.gravatar.com\/avatar\/0546ffaa9b79224faf9f2a156b67a529ae861d3287c66c1d8ccfdf909bcba78d?s=96&d=mm&r=g\",\"caption\":\"Sebastiano Plutino\"},\"url\":\"https:\/\/progettotouring.it\/radiotouring104\/author\/sebastiano\/\"}]}<\/script>\n<!-- \/ Yoast SEO plugin. -->","yoast_head_json":{"title":"Cineteatro Metropolitano: stasera in scena \u201cLe bureau de porc\u201d","description":"Stasera, alle 21, conversazione con l'attore Mario Massaro al Cine Teatro Metropolitano ne \u201cLe bureau de porc\u201d,per il Balenando in Burrasca","robots":{"index":"index","follow":"follow","max-snippet":"max-snippet:-1","max-image-preview":"max-image-preview:large","max-video-preview":"max-video-preview:-1"},"canonical":"https:\/\/progettotouring.it\/radiotouring104\/2023\/12\/07\/cineteatro-metropolitano-stasera-in-scena-le-bureau-de-porc-per-il-balenando-in-burrasca\/","og_locale":"it_IT","og_type":"article","og_title":"Cineteatro Metropolitano: stasera in scena \u201cLe bureau de porc\u201d","og_description":"Stasera, alle 21, conversazione con l'attore Mario Massaro al Cine Teatro Metropolitano ne \u201cLe bureau de porc\u201d,per il Balenando in Burrasca","og_url":"https:\/\/progettotouring.it\/radiotouring104\/2023\/12\/07\/cineteatro-metropolitano-stasera-in-scena-le-bureau-de-porc-per-il-balenando-in-burrasca\/","og_site_name":"Radio Touring 104","article_published_time":"2023-12-07T10:15:36+00:00","og_image":[{"width":1600,"height":1066,"url":"https:\/\/progettotouring.it\/radiotouring104\/wp-content\/uploads\/sites\/6\/2023\/12\/bureaudeporc3-Balenando-in-burrasca.jpeg","type":"image\/jpeg"}],"author":"Sebastiano Plutino","twitter_card":"summary_large_image","twitter_misc":{"Scritto da":"Sebastiano Plutino","Tempo di lettura stimato":"5 minuti"},"schema":{"@context":"https:\/\/schema.org","@graph":[{"@type":"Article","@id":"https:\/\/progettotouring.it\/radiotouring104\/2023\/12\/07\/cineteatro-metropolitano-stasera-in-scena-le-bureau-de-porc-per-il-balenando-in-burrasca\/#article","isPartOf":{"@id":"https:\/\/progettotouring.it\/radiotouring104\/2023\/12\/07\/cineteatro-metropolitano-stasera-in-scena-le-bureau-de-porc-per-il-balenando-in-burrasca\/"},"author":{"name":"Sebastiano Plutino","@id":"https:\/\/progettotouring.it\/radiotouring104\/#\/schema\/person\/78613917f1851f041f7483f5af1d422e"},"headline":"Cineteatro Metropolitano: stasera in scena \u201cLe bureau de porc\u201d per il Balenando in Burrasca","datePublished":"2023-12-07T10:15:36+00:00","mainEntityOfPage":{"@id":"https:\/\/progettotouring.it\/radiotouring104\/2023\/12\/07\/cineteatro-metropolitano-stasera-in-scena-le-bureau-de-porc-per-il-balenando-in-burrasca\/"},"wordCount":951,"publisher":{"@id":"https:\/\/progettotouring.it\/radiotouring104\/#organization"},"image":{"@id":"https:\/\/progettotouring.it\/radiotouring104\/2023\/12\/07\/cineteatro-metropolitano-stasera-in-scena-le-bureau-de-porc-per-il-balenando-in-burrasca\/#primaryimage"},"thumbnailUrl":"https:\/\/progettotouring.it\/radiotouring104\/wp-content\/uploads\/sites\/6\/2023\/12\/bureaudeporc3-Balenando-in-burrasca.jpeg","keywords":["Balenando in Burrasca","cineteatro metropolitano","katia Colica","Le Bureau de Porc","Mario Massaro","Nat Filice"],"articleSection":["Home","News","Reggio Calabria"],"inLanguage":"it-IT"},{"@type":"WebPage","@id":"https:\/\/progettotouring.it\/radiotouring104\/2023\/12\/07\/cineteatro-metropolitano-stasera-in-scena-le-bureau-de-porc-per-il-balenando-in-burrasca\/","url":"https:\/\/progettotouring.it\/radiotouring104\/2023\/12\/07\/cineteatro-metropolitano-stasera-in-scena-le-bureau-de-porc-per-il-balenando-in-burrasca\/","name":"Cineteatro Metropolitano: stasera in scena \u201cLe bureau de porc\u201d","isPartOf":{"@id":"https:\/\/progettotouring.it\/radiotouring104\/#website"},"primaryImageOfPage":{"@id":"https:\/\/progettotouring.it\/radiotouring104\/2023\/12\/07\/cineteatro-metropolitano-stasera-in-scena-le-bureau-de-porc-per-il-balenando-in-burrasca\/#primaryimage"},"image":{"@id":"https:\/\/progettotouring.it\/radiotouring104\/2023\/12\/07\/cineteatro-metropolitano-stasera-in-scena-le-bureau-de-porc-per-il-balenando-in-burrasca\/#primaryimage"},"thumbnailUrl":"https:\/\/progettotouring.it\/radiotouring104\/wp-content\/uploads\/sites\/6\/2023\/12\/bureaudeporc3-Balenando-in-burrasca.jpeg","datePublished":"2023-12-07T10:15:36+00:00","description":"Stasera, alle 21, conversazione con l'attore Mario Massaro al Cine Teatro Metropolitano ne \u201cLe bureau de porc\u201d,per il Balenando in Burrasca","breadcrumb":{"@id":"https:\/\/progettotouring.it\/radiotouring104\/2023\/12\/07\/cineteatro-metropolitano-stasera-in-scena-le-bureau-de-porc-per-il-balenando-in-burrasca\/#breadcrumb"},"inLanguage":"it-IT","potentialAction":[{"@type":"ReadAction","target":["https:\/\/progettotouring.it\/radiotouring104\/2023\/12\/07\/cineteatro-metropolitano-stasera-in-scena-le-bureau-de-porc-per-il-balenando-in-burrasca\/"]}]},{"@type":"ImageObject","inLanguage":"it-IT","@id":"https:\/\/progettotouring.it\/radiotouring104\/2023\/12\/07\/cineteatro-metropolitano-stasera-in-scena-le-bureau-de-porc-per-il-balenando-in-burrasca\/#primaryimage","url":"https:\/\/progettotouring.it\/radiotouring104\/wp-content\/uploads\/sites\/6\/2023\/12\/bureaudeporc3-Balenando-in-burrasca.jpeg","contentUrl":"https:\/\/progettotouring.it\/radiotouring104\/wp-content\/uploads\/sites\/6\/2023\/12\/bureaudeporc3-Balenando-in-burrasca.jpeg","width":1600,"height":1066},{"@type":"BreadcrumbList","@id":"https:\/\/progettotouring.it\/radiotouring104\/2023\/12\/07\/cineteatro-metropolitano-stasera-in-scena-le-bureau-de-porc-per-il-balenando-in-burrasca\/#breadcrumb","itemListElement":[{"@type":"ListItem","position":1,"name":"Home","item":"https:\/\/progettotouring.it\/radiotouring104\/"},{"@type":"ListItem","position":2,"name":"Cineteatro Metropolitano: stasera in scena \u201cLe bureau de porc\u201d per il Balenando in Burrasca"}]},{"@type":"WebSite","@id":"https:\/\/progettotouring.it\/radiotouring104\/#website","url":"https:\/\/progettotouring.it\/radiotouring104\/","name":"Radio Touring 104","description":"La prima radio Reggina","publisher":{"@id":"https:\/\/progettotouring.it\/radiotouring104\/#organization"},"potentialAction":[{"@type":"SearchAction","target":{"@type":"EntryPoint","urlTemplate":"https:\/\/progettotouring.it\/radiotouring104\/?s={search_term_string}"},"query-input":{"@type":"PropertyValueSpecification","valueRequired":true,"valueName":"search_term_string"}}],"inLanguage":"it-IT"},{"@type":"Organization","@id":"https:\/\/progettotouring.it\/radiotouring104\/#organization","name":"Radio Touring 104","url":"https:\/\/progettotouring.it\/radiotouring104\/","logo":{"@type":"ImageObject","inLanguage":"it-IT","@id":"https:\/\/progettotouring.it\/radiotouring104\/#\/schema\/logo\/image\/","url":"https:\/\/progettotouring.it\/radiotouring104\/wp-content\/uploads\/sites\/6\/2022\/02\/cropped-logo-radio-touring-104.png","contentUrl":"https:\/\/progettotouring.it\/radiotouring104\/wp-content\/uploads\/sites\/6\/2022\/02\/cropped-logo-radio-touring-104.png","width":377,"height":182,"caption":"Radio Touring 104"},"image":{"@id":"https:\/\/progettotouring.it\/radiotouring104\/#\/schema\/logo\/image\/"}},{"@type":"Person","@id":"https:\/\/progettotouring.it\/radiotouring104\/#\/schema\/person\/78613917f1851f041f7483f5af1d422e","name":"Sebastiano Plutino","image":{"@type":"ImageObject","inLanguage":"it-IT","@id":"https:\/\/secure.gravatar.com\/avatar\/0546ffaa9b79224faf9f2a156b67a529ae861d3287c66c1d8ccfdf909bcba78d?s=96&d=mm&r=g","url":"https:\/\/secure.gravatar.com\/avatar\/0546ffaa9b79224faf9f2a156b67a529ae861d3287c66c1d8ccfdf909bcba78d?s=96&d=mm&r=g","contentUrl":"https:\/\/secure.gravatar.com\/avatar\/0546ffaa9b79224faf9f2a156b67a529ae861d3287c66c1d8ccfdf909bcba78d?s=96&d=mm&r=g","caption":"Sebastiano Plutino"},"url":"https:\/\/progettotouring.it\/radiotouring104\/author\/sebastiano\/"}]}},"jetpack_publicize_connections":[],"jetpack_featured_media_url":"https:\/\/progettotouring.it\/radiotouring104\/wp-content\/uploads\/sites\/6\/2023\/12\/bureaudeporc3-Balenando-in-burrasca.jpeg","jetpack_sharing_enabled":true,"_links":{"self":[{"href":"https:\/\/progettotouring.it\/radiotouring104\/wp-json\/wp\/v2\/posts\/40646","targetHints":{"allow":["GET"]}}],"collection":[{"href":"https:\/\/progettotouring.it\/radiotouring104\/wp-json\/wp\/v2\/posts"}],"about":[{"href":"https:\/\/progettotouring.it\/radiotouring104\/wp-json\/wp\/v2\/types\/post"}],"author":[{"embeddable":true,"href":"https:\/\/progettotouring.it\/radiotouring104\/wp-json\/wp\/v2\/users\/12"}],"replies":[{"embeddable":true,"href":"https:\/\/progettotouring.it\/radiotouring104\/wp-json\/wp\/v2\/comments?post=40646"}],"version-history":[{"count":1,"href":"https:\/\/progettotouring.it\/radiotouring104\/wp-json\/wp\/v2\/posts\/40646\/revisions"}],"predecessor-version":[{"id":40648,"href":"https:\/\/progettotouring.it\/radiotouring104\/wp-json\/wp\/v2\/posts\/40646\/revisions\/40648"}],"wp:featuredmedia":[{"embeddable":true,"href":"https:\/\/progettotouring.it\/radiotouring104\/wp-json\/wp\/v2\/media\/40647"}],"wp:attachment":[{"href":"https:\/\/progettotouring.it\/radiotouring104\/wp-json\/wp\/v2\/media?parent=40646"}],"wp:term":[{"taxonomy":"category","embeddable":true,"href":"https:\/\/progettotouring.it\/radiotouring104\/wp-json\/wp\/v2\/categories?post=40646"},{"taxonomy":"post_tag","embeddable":true,"href":"https:\/\/progettotouring.it\/radiotouring104\/wp-json\/wp\/v2\/tags?post=40646"}],"curies":[{"name":"wp","href":"https:\/\/api.w.org\/{rel}","templated":true}]}}