{"id":40663,"date":"2023-12-07T12:14:35","date_gmt":"2023-12-07T11:14:35","guid":{"rendered":"https:\/\/progettotouring.it\/radiotouring104\/?p=40663"},"modified":"2023-12-07T13:03:12","modified_gmt":"2023-12-07T12:03:12","slug":"ponte-stretto-sicilia-verso-riduzione-dello-stanziamento","status":"publish","type":"post","link":"https:\/\/progettotouring.it\/radiotouring104\/2023\/12\/07\/ponte-stretto-sicilia-verso-riduzione-dello-stanziamento\/","title":{"rendered":"Ponte Stretto: Sicilia verso riduzione dello stanziamento"},"content":{"rendered":"<p style=\"text-align: justify\"><strong>La giunta della Regione siciliana,<\/strong> riunita a palazzo d&#8217;Orl\u00e9ans,<strong> ha preso atto all&#8217;unanimit\u00e0 che nell&#8217;attivit\u00e0 di programmazione degli interventi del piano sviluppo e coesione<\/strong> (Psc) 2021-2027<strong> in Sicilia dovranno essere inserite alcune delle opere gi\u00e0 programmate dal precedente esecutivo regionale,<\/strong> nonch\u00e9 altri nuovi interventi di forte impatto economico e strategico.<\/p>\n<p style=\"text-align: justify\">&#8220;<em>Ci\u00f2 potrebbe comportare una ulteriore riflessione sulla determinazione, al ribasso, dell&#8217;ammontare del contributo che la Regione siciliana dovr\u00e0 destinare alla costruzione del ponte sullo Stretto di Messina<\/em>&#8220;,<strong> si legge in una nota della Presidenza.<\/strong><\/p>\n<div id=\"inArticle\">\n<aside>\n<div id=\"outbrain_widget_0\" class=\"OUTBRAIN\" data-src=\"DROP_PERMALINK_HERE\" data-widget-id=\"AR_4\" data-ob-mark=\"true\" data-browser=\"chrome\" data-os=\"win32\" data-dynload=\"\" data-idx=\"0\">\n<div class=\"ob-widget ob-grid-layout ob-multi-columns-layout AR_4\" data-dynamic-truncate=\"true\"><\/div>\n<\/div>\n<\/aside>\n<\/div>\n","protected":false},"excerpt":{"rendered":"<p>La giunta della Regione siciliana, riunita a palazzo d&#8217;Orl\u00e9ans, ha preso atto all&#8217;unanimit\u00e0 che nell&#8217;attivit\u00e0 di programmazione degli interventi del piano sviluppo e coesione (Psc) 2021-2027 in Sicilia dovranno essere&hellip;<\/p>\n","protected":false},"author":12,"featured_media":16974,"comment_status":"closed","ping_status":"open","sticky":false,"template":"","format":"standard","meta":{"_jetpack_memberships_contains_paid_content":false,"footnotes":"","jetpack_publicize_message":"","jetpack_publicize_feature_enabled":true,"jetpack_social_post_already_shared":false,"jetpack_social_options":{"image_generator_settings":{"template":"highway","default_image_id":0,"font":"","enabled":false},"version":2}},"categories":[921,150,196,140],"tags":[25254,4355,25253,25255],"class_list":["post-40663","post","type-post","status-publish","format-standard","has-post-thumbnail","hentry","category-home","category-in-primo-piano","category-news","category-reggio-calabria","tag-giunta-della-regione-siciliana","tag-ponte-sullo-stretto","tag-psc","tag-sicilia-verso-riduzione-dello-stanziamento"],"yoast_head":"<!-- This site is optimized with the Yoast SEO plugin v27.2 - https:\/\/yoast.com\/product\/yoast-seo-wordpress\/ -->\n<title>Ponte Stretto: Sicilia verso riduzione dello stanziamento<\/title>\n<meta name=\"description\" content=\"La giunta della Regione siciliana ha preso atto che nel Psc dovranno essere inserite alcune opere gi\u00e0 programmate dal precedente esecutivo\" \/>\n<meta name=\"robots\" content=\"index, follow, max-snippet:-1, max-image-preview:large, max-video-preview:-1\" \/>\n<link rel=\"canonical\" href=\"https:\/\/progettotouring.it\/radiotouring104\/2023\/12\/07\/ponte-stretto-sicilia-verso-riduzione-dello-stanziamento\/\" \/>\n<meta property=\"og:locale\" content=\"it_IT\" \/>\n<meta property=\"og:type\" content=\"article\" \/>\n<meta property=\"og:title\" content=\"Ponte Stretto: Sicilia verso riduzione dello stanziamento\" \/>\n<meta property=\"og:description\" content=\"La giunta della Regione siciliana ha preso atto che nel Psc dovranno essere inserite alcune opere gi\u00e0 programmate dal precedente esecutivo\" \/>\n<meta property=\"og:url\" content=\"https:\/\/progettotouring.it\/radiotouring104\/2023\/12\/07\/ponte-stretto-sicilia-verso-riduzione-dello-stanziamento\/\" \/>\n<meta property=\"og:site_name\" content=\"Radio Touring 104\" \/>\n<meta property=\"article:published_time\" content=\"2023-12-07T11:14:35+00:00\" \/>\n<meta property=\"article:modified_time\" content=\"2023-12-07T12:03:12+00:00\" \/>\n<meta property=\"og:image\" content=\"https:\/\/progettotouring.it\/radiotouring104\/wp-content\/uploads\/sites\/6\/2023\/01\/ponte-sullo-stretto.jpg\" \/>\n\t<meta property=\"og:image:width\" content=\"656\" \/>\n\t<meta property=\"og:image:height\" content=\"492\" \/>\n\t<meta property=\"og:image:type\" content=\"image\/jpeg\" \/>\n<meta name=\"author\" content=\"Sebastiano Plutino\" \/>\n<meta name=\"twitter:card\" content=\"summary_large_image\" \/>\n<meta name=\"twitter:label1\" content=\"Scritto da\" \/>\n\t<meta name=\"twitter:data1\" content=\"Sebastiano Plutino\" \/>\n<script type=\"application\/ld+json\" class=\"yoast-schema-graph\">{\"@context\":\"https:\/\/schema.org\",\"@graph\":[{\"@type\":\"Article\",\"@id\":\"https:\/\/progettotouring.it\/radiotouring104\/2023\/12\/07\/ponte-stretto-sicilia-verso-riduzione-dello-stanziamento\/#article\",\"isPartOf\":{\"@id\":\"https:\/\/progettotouring.it\/radiotouring104\/2023\/12\/07\/ponte-stretto-sicilia-verso-riduzione-dello-stanziamento\/\"},\"author\":{\"name\":\"Sebastiano Plutino\",\"@id\":\"https:\/\/progettotouring.it\/radiotouring104\/#\/schema\/person\/78613917f1851f041f7483f5af1d422e\"},\"headline\":\"Ponte Stretto: Sicilia verso riduzione dello stanziamento\",\"datePublished\":\"2023-12-07T11:14:35+00:00\",\"dateModified\":\"2023-12-07T12:03:12+00:00\",\"mainEntityOfPage\":{\"@id\":\"https:\/\/progettotouring.it\/radiotouring104\/2023\/12\/07\/ponte-stretto-sicilia-verso-riduzione-dello-stanziamento\/\"},\"wordCount\":92,\"publisher\":{\"@id\":\"https:\/\/progettotouring.it\/radiotouring104\/#organization\"},\"image\":{\"@id\":\"https:\/\/progettotouring.it\/radiotouring104\/2023\/12\/07\/ponte-stretto-sicilia-verso-riduzione-dello-stanziamento\/#primaryimage\"},\"thumbnailUrl\":\"https:\/\/progettotouring.it\/radiotouring104\/wp-content\/uploads\/sites\/6\/2023\/01\/ponte-sullo-stretto.jpg\",\"keywords\":[\"giunta della Regione siciliana\",\"Ponte sullo stretto\",\"Psc\",\"Sicilia verso riduzione dello stanziamento\"],\"articleSection\":[\"Home\",\"In primo piano\",\"News\",\"Reggio Calabria\"],\"inLanguage\":\"it-IT\"},{\"@type\":\"WebPage\",\"@id\":\"https:\/\/progettotouring.it\/radiotouring104\/2023\/12\/07\/ponte-stretto-sicilia-verso-riduzione-dello-stanziamento\/\",\"url\":\"https:\/\/progettotouring.it\/radiotouring104\/2023\/12\/07\/ponte-stretto-sicilia-verso-riduzione-dello-stanziamento\/\",\"name\":\"Ponte Stretto: Sicilia verso riduzione dello stanziamento\",\"isPartOf\":{\"@id\":\"https:\/\/progettotouring.it\/radiotouring104\/#website\"},\"primaryImageOfPage\":{\"@id\":\"https:\/\/progettotouring.it\/radiotouring104\/2023\/12\/07\/ponte-stretto-sicilia-verso-riduzione-dello-stanziamento\/#primaryimage\"},\"image\":{\"@id\":\"https:\/\/progettotouring.it\/radiotouring104\/2023\/12\/07\/ponte-stretto-sicilia-verso-riduzione-dello-stanziamento\/#primaryimage\"},\"thumbnailUrl\":\"https:\/\/progettotouring.it\/radiotouring104\/wp-content\/uploads\/sites\/6\/2023\/01\/ponte-sullo-stretto.jpg\",\"datePublished\":\"2023-12-07T11:14:35+00:00\",\"dateModified\":\"2023-12-07T12:03:12+00:00\",\"description\":\"La giunta della Regione siciliana ha preso atto che nel Psc dovranno essere inserite alcune opere gi\u00e0 programmate dal precedente esecutivo\",\"breadcrumb\":{\"@id\":\"https:\/\/progettotouring.it\/radiotouring104\/2023\/12\/07\/ponte-stretto-sicilia-verso-riduzione-dello-stanziamento\/#breadcrumb\"},\"inLanguage\":\"it-IT\",\"potentialAction\":[{\"@type\":\"ReadAction\",\"target\":[\"https:\/\/progettotouring.it\/radiotouring104\/2023\/12\/07\/ponte-stretto-sicilia-verso-riduzione-dello-stanziamento\/\"]}]},{\"@type\":\"ImageObject\",\"inLanguage\":\"it-IT\",\"@id\":\"https:\/\/progettotouring.it\/radiotouring104\/2023\/12\/07\/ponte-stretto-sicilia-verso-riduzione-dello-stanziamento\/#primaryimage\",\"url\":\"https:\/\/progettotouring.it\/radiotouring104\/wp-content\/uploads\/sites\/6\/2023\/01\/ponte-sullo-stretto.jpg\",\"contentUrl\":\"https:\/\/progettotouring.it\/radiotouring104\/wp-content\/uploads\/sites\/6\/2023\/01\/ponte-sullo-stretto.jpg\",\"width\":656,\"height\":492},{\"@type\":\"BreadcrumbList\",\"@id\":\"https:\/\/progettotouring.it\/radiotouring104\/2023\/12\/07\/ponte-stretto-sicilia-verso-riduzione-dello-stanziamento\/#breadcrumb\",\"itemListElement\":[{\"@type\":\"ListItem\",\"position\":1,\"name\":\"Home\",\"item\":\"https:\/\/progettotouring.it\/radiotouring104\/\"},{\"@type\":\"ListItem\",\"position\":2,\"name\":\"Ponte Stretto: Sicilia verso riduzione dello stanziamento\"}]},{\"@type\":\"WebSite\",\"@id\":\"https:\/\/progettotouring.it\/radiotouring104\/#website\",\"url\":\"https:\/\/progettotouring.it\/radiotouring104\/\",\"name\":\"Radio Touring 104\",\"description\":\"La prima radio Reggina\",\"publisher\":{\"@id\":\"https:\/\/progettotouring.it\/radiotouring104\/#organization\"},\"potentialAction\":[{\"@type\":\"SearchAction\",\"target\":{\"@type\":\"EntryPoint\",\"urlTemplate\":\"https:\/\/progettotouring.it\/radiotouring104\/?s={search_term_string}\"},\"query-input\":{\"@type\":\"PropertyValueSpecification\",\"valueRequired\":true,\"valueName\":\"search_term_string\"}}],\"inLanguage\":\"it-IT\"},{\"@type\":\"Organization\",\"@id\":\"https:\/\/progettotouring.it\/radiotouring104\/#organization\",\"name\":\"Radio Touring 104\",\"url\":\"https:\/\/progettotouring.it\/radiotouring104\/\",\"logo\":{\"@type\":\"ImageObject\",\"inLanguage\":\"it-IT\",\"@id\":\"https:\/\/progettotouring.it\/radiotouring104\/#\/schema\/logo\/image\/\",\"url\":\"https:\/\/progettotouring.it\/radiotouring104\/wp-content\/uploads\/sites\/6\/2022\/02\/cropped-logo-radio-touring-104.png\",\"contentUrl\":\"https:\/\/progettotouring.it\/radiotouring104\/wp-content\/uploads\/sites\/6\/2022\/02\/cropped-logo-radio-touring-104.png\",\"width\":377,\"height\":182,\"caption\":\"Radio Touring 104\"},\"image\":{\"@id\":\"https:\/\/progettotouring.it\/radiotouring104\/#\/schema\/logo\/image\/\"}},{\"@type\":\"Person\",\"@id\":\"https:\/\/progettotouring.it\/radiotouring104\/#\/schema\/person\/78613917f1851f041f7483f5af1d422e\",\"name\":\"Sebastiano Plutino\",\"image\":{\"@type\":\"ImageObject\",\"inLanguage\":\"it-IT\",\"@id\":\"https:\/\/secure.gravatar.com\/avatar\/0546ffaa9b79224faf9f2a156b67a529ae861d3287c66c1d8ccfdf909bcba78d?s=96&d=mm&r=g\",\"url\":\"https:\/\/secure.gravatar.com\/avatar\/0546ffaa9b79224faf9f2a156b67a529ae861d3287c66c1d8ccfdf909bcba78d?s=96&d=mm&r=g\",\"contentUrl\":\"https:\/\/secure.gravatar.com\/avatar\/0546ffaa9b79224faf9f2a156b67a529ae861d3287c66c1d8ccfdf909bcba78d?s=96&d=mm&r=g\",\"caption\":\"Sebastiano Plutino\"},\"url\":\"https:\/\/progettotouring.it\/radiotouring104\/author\/sebastiano\/\"}]}<\/script>\n<!-- \/ Yoast SEO plugin. -->","yoast_head_json":{"title":"Ponte Stretto: Sicilia verso riduzione dello stanziamento","description":"La giunta della Regione siciliana ha preso atto che nel Psc dovranno essere inserite alcune opere gi\u00e0 programmate dal precedente esecutivo","robots":{"index":"index","follow":"follow","max-snippet":"max-snippet:-1","max-image-preview":"max-image-preview:large","max-video-preview":"max-video-preview:-1"},"canonical":"https:\/\/progettotouring.it\/radiotouring104\/2023\/12\/07\/ponte-stretto-sicilia-verso-riduzione-dello-stanziamento\/","og_locale":"it_IT","og_type":"article","og_title":"Ponte Stretto: Sicilia verso riduzione dello stanziamento","og_description":"La giunta della Regione siciliana ha preso atto che nel Psc dovranno essere inserite alcune opere gi\u00e0 programmate dal precedente esecutivo","og_url":"https:\/\/progettotouring.it\/radiotouring104\/2023\/12\/07\/ponte-stretto-sicilia-verso-riduzione-dello-stanziamento\/","og_site_name":"Radio Touring 104","article_published_time":"2023-12-07T11:14:35+00:00","article_modified_time":"2023-12-07T12:03:12+00:00","og_image":[{"width":656,"height":492,"url":"https:\/\/progettotouring.it\/radiotouring104\/wp-content\/uploads\/sites\/6\/2023\/01\/ponte-sullo-stretto.jpg","type":"image\/jpeg"}],"author":"Sebastiano Plutino","twitter_card":"summary_large_image","twitter_misc":{"Scritto da":"Sebastiano Plutino"},"schema":{"@context":"https:\/\/schema.org","@graph":[{"@type":"Article","@id":"https:\/\/progettotouring.it\/radiotouring104\/2023\/12\/07\/ponte-stretto-sicilia-verso-riduzione-dello-stanziamento\/#article","isPartOf":{"@id":"https:\/\/progettotouring.it\/radiotouring104\/2023\/12\/07\/ponte-stretto-sicilia-verso-riduzione-dello-stanziamento\/"},"author":{"name":"Sebastiano Plutino","@id":"https:\/\/progettotouring.it\/radiotouring104\/#\/schema\/person\/78613917f1851f041f7483f5af1d422e"},"headline":"Ponte Stretto: Sicilia verso riduzione dello stanziamento","datePublished":"2023-12-07T11:14:35+00:00","dateModified":"2023-12-07T12:03:12+00:00","mainEntityOfPage":{"@id":"https:\/\/progettotouring.it\/radiotouring104\/2023\/12\/07\/ponte-stretto-sicilia-verso-riduzione-dello-stanziamento\/"},"wordCount":92,"publisher":{"@id":"https:\/\/progettotouring.it\/radiotouring104\/#organization"},"image":{"@id":"https:\/\/progettotouring.it\/radiotouring104\/2023\/12\/07\/ponte-stretto-sicilia-verso-riduzione-dello-stanziamento\/#primaryimage"},"thumbnailUrl":"https:\/\/progettotouring.it\/radiotouring104\/wp-content\/uploads\/sites\/6\/2023\/01\/ponte-sullo-stretto.jpg","keywords":["giunta della Regione siciliana","Ponte sullo stretto","Psc","Sicilia verso riduzione dello stanziamento"],"articleSection":["Home","In primo piano","News","Reggio Calabria"],"inLanguage":"it-IT"},{"@type":"WebPage","@id":"https:\/\/progettotouring.it\/radiotouring104\/2023\/12\/07\/ponte-stretto-sicilia-verso-riduzione-dello-stanziamento\/","url":"https:\/\/progettotouring.it\/radiotouring104\/2023\/12\/07\/ponte-stretto-sicilia-verso-riduzione-dello-stanziamento\/","name":"Ponte Stretto: Sicilia verso riduzione dello stanziamento","isPartOf":{"@id":"https:\/\/progettotouring.it\/radiotouring104\/#website"},"primaryImageOfPage":{"@id":"https:\/\/progettotouring.it\/radiotouring104\/2023\/12\/07\/ponte-stretto-sicilia-verso-riduzione-dello-stanziamento\/#primaryimage"},"image":{"@id":"https:\/\/progettotouring.it\/radiotouring104\/2023\/12\/07\/ponte-stretto-sicilia-verso-riduzione-dello-stanziamento\/#primaryimage"},"thumbnailUrl":"https:\/\/progettotouring.it\/radiotouring104\/wp-content\/uploads\/sites\/6\/2023\/01\/ponte-sullo-stretto.jpg","datePublished":"2023-12-07T11:14:35+00:00","dateModified":"2023-12-07T12:03:12+00:00","description":"La giunta della Regione siciliana ha preso atto che nel Psc dovranno essere inserite alcune opere gi\u00e0 programmate dal precedente esecutivo","breadcrumb":{"@id":"https:\/\/progettotouring.it\/radiotouring104\/2023\/12\/07\/ponte-stretto-sicilia-verso-riduzione-dello-stanziamento\/#breadcrumb"},"inLanguage":"it-IT","potentialAction":[{"@type":"ReadAction","target":["https:\/\/progettotouring.it\/radiotouring104\/2023\/12\/07\/ponte-stretto-sicilia-verso-riduzione-dello-stanziamento\/"]}]},{"@type":"ImageObject","inLanguage":"it-IT","@id":"https:\/\/progettotouring.it\/radiotouring104\/2023\/12\/07\/ponte-stretto-sicilia-verso-riduzione-dello-stanziamento\/#primaryimage","url":"https:\/\/progettotouring.it\/radiotouring104\/wp-content\/uploads\/sites\/6\/2023\/01\/ponte-sullo-stretto.jpg","contentUrl":"https:\/\/progettotouring.it\/radiotouring104\/wp-content\/uploads\/sites\/6\/2023\/01\/ponte-sullo-stretto.jpg","width":656,"height":492},{"@type":"BreadcrumbList","@id":"https:\/\/progettotouring.it\/radiotouring104\/2023\/12\/07\/ponte-stretto-sicilia-verso-riduzione-dello-stanziamento\/#breadcrumb","itemListElement":[{"@type":"ListItem","position":1,"name":"Home","item":"https:\/\/progettotouring.it\/radiotouring104\/"},{"@type":"ListItem","position":2,"name":"Ponte Stretto: Sicilia verso riduzione dello stanziamento"}]},{"@type":"WebSite","@id":"https:\/\/progettotouring.it\/radiotouring104\/#website","url":"https:\/\/progettotouring.it\/radiotouring104\/","name":"Radio Touring 104","description":"La prima radio Reggina","publisher":{"@id":"https:\/\/progettotouring.it\/radiotouring104\/#organization"},"potentialAction":[{"@type":"SearchAction","target":{"@type":"EntryPoint","urlTemplate":"https:\/\/progettotouring.it\/radiotouring104\/?s={search_term_string}"},"query-input":{"@type":"PropertyValueSpecification","valueRequired":true,"valueName":"search_term_string"}}],"inLanguage":"it-IT"},{"@type":"Organization","@id":"https:\/\/progettotouring.it\/radiotouring104\/#organization","name":"Radio Touring 104","url":"https:\/\/progettotouring.it\/radiotouring104\/","logo":{"@type":"ImageObject","inLanguage":"it-IT","@id":"https:\/\/progettotouring.it\/radiotouring104\/#\/schema\/logo\/image\/","url":"https:\/\/progettotouring.it\/radiotouring104\/wp-content\/uploads\/sites\/6\/2022\/02\/cropped-logo-radio-touring-104.png","contentUrl":"https:\/\/progettotouring.it\/radiotouring104\/wp-content\/uploads\/sites\/6\/2022\/02\/cropped-logo-radio-touring-104.png","width":377,"height":182,"caption":"Radio Touring 104"},"image":{"@id":"https:\/\/progettotouring.it\/radiotouring104\/#\/schema\/logo\/image\/"}},{"@type":"Person","@id":"https:\/\/progettotouring.it\/radiotouring104\/#\/schema\/person\/78613917f1851f041f7483f5af1d422e","name":"Sebastiano Plutino","image":{"@type":"ImageObject","inLanguage":"it-IT","@id":"https:\/\/secure.gravatar.com\/avatar\/0546ffaa9b79224faf9f2a156b67a529ae861d3287c66c1d8ccfdf909bcba78d?s=96&d=mm&r=g","url":"https:\/\/secure.gravatar.com\/avatar\/0546ffaa9b79224faf9f2a156b67a529ae861d3287c66c1d8ccfdf909bcba78d?s=96&d=mm&r=g","contentUrl":"https:\/\/secure.gravatar.com\/avatar\/0546ffaa9b79224faf9f2a156b67a529ae861d3287c66c1d8ccfdf909bcba78d?s=96&d=mm&r=g","caption":"Sebastiano Plutino"},"url":"https:\/\/progettotouring.it\/radiotouring104\/author\/sebastiano\/"}]}},"jetpack_publicize_connections":[],"jetpack_featured_media_url":"https:\/\/progettotouring.it\/radiotouring104\/wp-content\/uploads\/sites\/6\/2023\/01\/ponte-sullo-stretto.jpg","jetpack_sharing_enabled":true,"_links":{"self":[{"href":"https:\/\/progettotouring.it\/radiotouring104\/wp-json\/wp\/v2\/posts\/40663","targetHints":{"allow":["GET"]}}],"collection":[{"href":"https:\/\/progettotouring.it\/radiotouring104\/wp-json\/wp\/v2\/posts"}],"about":[{"href":"https:\/\/progettotouring.it\/radiotouring104\/wp-json\/wp\/v2\/types\/post"}],"author":[{"embeddable":true,"href":"https:\/\/progettotouring.it\/radiotouring104\/wp-json\/wp\/v2\/users\/12"}],"replies":[{"embeddable":true,"href":"https:\/\/progettotouring.it\/radiotouring104\/wp-json\/wp\/v2\/comments?post=40663"}],"version-history":[{"count":4,"href":"https:\/\/progettotouring.it\/radiotouring104\/wp-json\/wp\/v2\/posts\/40663\/revisions"}],"predecessor-version":[{"id":40677,"href":"https:\/\/progettotouring.it\/radiotouring104\/wp-json\/wp\/v2\/posts\/40663\/revisions\/40677"}],"wp:featuredmedia":[{"embeddable":true,"href":"https:\/\/progettotouring.it\/radiotouring104\/wp-json\/wp\/v2\/media\/16974"}],"wp:attachment":[{"href":"https:\/\/progettotouring.it\/radiotouring104\/wp-json\/wp\/v2\/media?parent=40663"}],"wp:term":[{"taxonomy":"category","embeddable":true,"href":"https:\/\/progettotouring.it\/radiotouring104\/wp-json\/wp\/v2\/categories?post=40663"},{"taxonomy":"post_tag","embeddable":true,"href":"https:\/\/progettotouring.it\/radiotouring104\/wp-json\/wp\/v2\/tags?post=40663"}],"curies":[{"name":"wp","href":"https:\/\/api.w.org\/{rel}","templated":true}]}}